{"id":6045,"date":"2026-05-11T16:07:49","date_gmt":"2026-05-11T19:07:49","guid":{"rendered":"https:\/\/ellotv.com.br\/site\/?p=6045"},"modified":"2026-05-11T16:07:49","modified_gmt":"2026-05-11T19:07:49","slug":"feira-do-empreendedor-do-sebrae-reune-inovacao-capacitacao-tendencias-de-mercado-e-inovacao-no-recife","status":"publish","type":"post","link":"https:\/\/ellotv.com.br\/site\/2026\/05\/11\/feira-do-empreendedor-do-sebrae-reune-inovacao-capacitacao-tendencias-de-mercado-e-inovacao-no-recife\/","title":{"rendered":"Feira do Empreendedor do Sebrae re\u00fane inova\u00e7\u00e3o, capacita\u00e7\u00e3o, tend\u00eancias de mercado e inova\u00e7\u00e3o no Recife"},"content":{"rendered":"<p data-start=\"77\" data-end=\"443\">O <span class=\"hover:entity-accent entity-underline inline cursor-pointer align-baseline\"><span class=\"whitespace-normal\">SEBRAE<\/span><\/span> realiza, entre os dias 4 e 6 de junho, a 13\u00aa edi\u00e7\u00e3o da Feira do Empreendedor, no <span class=\"hover:entity-accent entity-underline inline cursor-pointer align-baseline\"><span class=\"whitespace-normal\">Recife Expo Center<\/span><\/span>, em <span class=\"hover:entity-accent entity-underline inline cursor-pointer align-baseline\"><span class=\"whitespace-normal\">Recife<\/span><\/span>. O evento, com inscri\u00e7\u00f5es gratuitas, tem expectativa de atrair mais de 15 mil visitantes em tr\u00eas dias de programa\u00e7\u00e3o voltada ao fortalecimento dos pequenos neg\u00f3cios.<\/p>\n<h3 data-section-id=\"1fzev7o\" data-start=\"445\" data-end=\"476\">Conte\u00fado e grandes nomes<\/h3>\n<p data-start=\"477\" data-end=\"752\">A feira contar\u00e1 com palestras de especialistas reconhecidos nacionalmente, como <span class=\"hover:entity-accent entity-underline inline cursor-pointer align-baseline\"><span class=\"whitespace-normal\">Rafael Kiso<\/span><\/span>, <span class=\"hover:entity-accent entity-underline inline cursor-pointer align-baseline\"><span class=\"whitespace-normal\">Pedro Lins<\/span><\/span>, <span class=\"hover:entity-accent entity-underline inline cursor-pointer align-baseline\"><span class=\"whitespace-normal\">Rapha Falc\u00e3o<\/span><\/span>, <span class=\"hover:entity-accent entity-underline inline cursor-pointer align-baseline\"><span class=\"whitespace-normal\">Ana Fontes<\/span><\/span> e <span class=\"hover:entity-accent entity-underline inline cursor-pointer align-baseline\"><span class=\"whitespace-normal\">Thiago Careca<\/span><\/span>.<\/p>\n<p data-start=\"754\" data-end=\"1008\">Atualmente, Pernambuco possui mais de 684 mil micro e pequenas empresas ativas, representando mais de 94% dos neg\u00f3cios no estado. A proposta da feira \u00e9 justamente conectar esse p\u00fablico \u00e0s novas tend\u00eancias do mercado e estimular o crescimento sustent\u00e1vel.<\/p>\n<h3 data-section-id=\"yxy8fl\" data-start=\"1010\" data-end=\"1034\">Arenas tem\u00e1ticas<\/h3>\n<p data-start=\"1035\" data-end=\"1092\">A programa\u00e7\u00e3o foi organizada em quatro arenas principais:<\/p>\n<ul>\n<li><strong data-start=\"1096\" data-end=\"1114\">Arena Impacto:<\/strong> principal espa\u00e7o do evento, com palestras magnas e conte\u00fados sobre empreendedorismo, lideran\u00e7a, marketing digital e intelig\u00eancia artificial.<\/li>\n<li><strong data-start=\"1260\" data-end=\"1282\">Arena Descobertas:<\/strong> voltada para iniciantes, com foco em finan\u00e7as, gest\u00e3o, marketing e consultorias especializadas, al\u00e9m de suporte para MEIs.<\/li>\n<li><strong data-start=\"1410\" data-end=\"1434\">Arena Transforma\u00e7\u00e3o:<\/strong> dedicada a segmentos e tend\u00eancias, abordando economia criativa, sustentabilidade, inova\u00e7\u00e3o e setores como ind\u00fastria, com\u00e9rcio, servi\u00e7os e agro.<\/li>\n<li><strong data-start=\"1583\" data-end=\"1604\">Arena Inspira\u00e7\u00e3o:<\/strong> espa\u00e7o para debates sobre o futuro dos neg\u00f3cios, incluindo bioeconomia, mobilidade urbana, intelig\u00eancia artificial e startups, al\u00e9m da Rodada de Neg\u00f3cios Amplifica.<\/li>\n<\/ul>\n<h3 data-section-id=\"1jj3yem\" data-start=\"1771\" data-end=\"1807\">Participa\u00e7\u00e3o de todo o estado<\/h3>\n<p data-start=\"1808\" data-end=\"2140\">O evento tamb\u00e9m contar\u00e1 com caravanas de empreendedores de diversas regi\u00f5es de Pernambuco, organizadas pelo SEBRAE em cidades como <span class=\"hover:entity-accent entity-underline inline cursor-pointer align-baseline\"><span class=\"whitespace-normal\">Petrolina<\/span><\/span>, <span class=\"hover:entity-accent entity-underline inline cursor-pointer align-baseline\"><span class=\"whitespace-normal\">Araripina<\/span><\/span>, <span class=\"hover:entity-accent entity-underline inline cursor-pointer align-baseline\"><span class=\"whitespace-normal\">Serra Talhada<\/span><\/span>, <span class=\"hover:entity-accent entity-underline inline cursor-pointer align-baseline\"><span class=\"whitespace-normal\">Garanhuns<\/span><\/span> e <span class=\"hover:entity-accent entity-underline inline cursor-pointer align-baseline\"><span class=\"whitespace-normal\">Caruaru<\/span><\/span>.<\/p>\n<h3 data-section-id=\"1aejf51\" data-start=\"2142\" data-end=\"2156\">Servi\u00e7o &#8211; Feira do Empreendedor Sebrae<\/h3>\n<p data-start=\"2157\" data-end=\"2249\">\ud83d\udcc5 Data: 4 a 6 de junho de 2026<br data-start=\"2188\" data-end=\"2191\" \/>\ud83d\udccd Local: Recife Expo Center<br data-start=\"2219\" data-end=\"2222\" \/>\ud83c\udf9f\ufe0f Inscri\u00e7\u00f5es: <a href=\"https:\/\/feiradoempreendedorpe.com.br\/\">feiradoempreendedorpe.com<\/a><\/p>\n<p data-start=\"2157\" data-end=\"2249\"><img fetchpriority=\"high\" decoding=\"async\" class=\"aligncenter wp-image-6047 size-full\" src=\"https:\/\/ellotv.com.br\/site\/wp-content\/uploads\/2026\/05\/WhatsApp-Image-2026-05-11-at-15.52.36-1.jpeg\" alt=\"\" width=\"1600\" height=\"1066\" srcset=\"https:\/\/ellotv.com.br\/site\/wp-content\/uploads\/2026\/05\/WhatsApp-Image-2026-05-11-at-15.52.36-1.jpeg 1600w, https:\/\/ellotv.com.br\/site\/wp-content\/uploads\/2026\/05\/WhatsApp-Image-2026-05-11-at-15.52.36-1-300x200.jpeg 300w, https:\/\/ellotv.com.br\/site\/wp-content\/uploads\/2026\/05\/WhatsApp-Image-2026-05-11-at-15.52.36-1-1024x682.jpeg 1024w, https:\/\/ellotv.com.br\/site\/wp-content\/uploads\/2026\/05\/WhatsApp-Image-2026-05-11-at-15.52.36-1-768x512.jpeg 768w, https:\/\/ellotv.com.br\/site\/wp-content\/uploads\/2026\/05\/WhatsApp-Image-2026-05-11-at-15.52.36-1-1536x1023.jpeg 1536w\" sizes=\"(max-width: 1600px) 100vw, 1600px\" \/><\/p>\n","protected":false},"excerpt":{"rendered":"<p>O SEBRAE realiza, entre os dias 4 e 6 de junho, a 13\u00aa edi\u00e7\u00e3o da Feira do Empreendedor,<\/p>\n","protected":false},"author":2,"featured_media":6046,"comment_status":"open","ping_status":"open","sticky":false,"template":"","format":"standard","meta":{"footnotes":""},"categories":[12,9],"tags":[],"class_list":["post-6045","post","type-post","status-publish","format-standard","has-post-thumbnail","hentry","category-noticias","category-regional"],"yoast_head":"<!-- This site is optimized with the Yoast SEO plugin v28.3 - https:\/\/yoast.com\/product\/yoast-seo-wordpress\/ -->\n<title>Feira do Empreendedor do Sebrae re\u00fane inova\u00e7\u00e3o, capacita\u00e7\u00e3o, tend\u00eancias de mercado e inova\u00e7\u00e3o no Recife - Ello TV<\/title>\n<meta name=\"description\" content=\"Feira do Empreendedor 2026 do Sebrae acontece no Recife com expectativa de 15 mil visitantes, palestras e programa\u00e7\u00e3o voltada a pequenos neg\u00f3cios.\" \/>\n<meta name=\"robots\" content=\"index, follow, max-snippet:-1, max-image-preview:large, max-video-preview:-1\" \/>\n<link rel=\"canonical\" href=\"https:\/\/ellotv.com.br\/site\/2026\/05\/11\/feira-do-empreendedor-do-sebrae-reune-inovacao-capacitacao-tendencias-de-mercado-e-inovacao-no-recife\/\" \/>\n<meta property=\"og:locale\" content=\"pt_BR\" \/>\n<meta property=\"og:type\" content=\"article\" \/>\n<meta property=\"og:title\" content=\"Feira do Empreendedor do Sebrae re\u00fane inova\u00e7\u00e3o, capacita\u00e7\u00e3o, tend\u00eancias de mercado e inova\u00e7\u00e3o no Recife - Ello TV\" \/>\n<meta property=\"og:description\" content=\"Feira do Empreendedor 2026 do Sebrae acontece no Recife com expectativa de 15 mil visitantes, palestras e programa\u00e7\u00e3o voltada a pequenos neg\u00f3cios.\" \/>\n<meta property=\"og:url\" content=\"https:\/\/ellotv.com.br\/site\/2026\/05\/11\/feira-do-empreendedor-do-sebrae-reune-inovacao-capacitacao-tendencias-de-mercado-e-inovacao-no-recife\/\" \/>\n<meta property=\"og:site_name\" content=\"Ello TV\" \/>\n<meta property=\"article:published_time\" content=\"2026-05-11T19:07:49+00:00\" \/>\n<meta property=\"og:image\" content=\"https:\/\/ellotv.com.br\/site\/wp-content\/uploads\/2026\/05\/WhatsApp-Image-2026-05-11-at-15.52.36.jpeg\" \/>\n\t<meta property=\"og:image:width\" content=\"1600\" \/>\n\t<meta property=\"og:image:height\" content=\"1066\" \/>\n\t<meta property=\"og:image:type\" content=\"image\/jpeg\" \/>\n<meta name=\"author\" content=\"ELLO TV\" \/>\n<meta name=\"twitter:card\" content=\"summary_large_image\" \/>\n<meta name=\"twitter:label1\" content=\"Escrito por\" \/>\n\t<meta name=\"twitter:data1\" content=\"ELLO TV\" \/>\n\t<meta name=\"twitter:label2\" content=\"Est. tempo de leitura\" \/>\n\t<meta name=\"twitter:data2\" content=\"1 minuto\" \/>\n<script type=\"application\/ld+json\" class=\"yoast-schema-graph\">{\"@context\":\"https:\\\/\\\/schema.org\",\"@graph\":[{\"@type\":\"Article\",\"@id\":\"https:\\\/\\\/ellotv.com.br\\\/site\\\/2026\\\/05\\\/11\\\/feira-do-empreendedor-do-sebrae-reune-inovacao-capacitacao-tendencias-de-mercado-e-inovacao-no-recife\\\/#article\",\"isPartOf\":{\"@id\":\"https:\\\/\\\/ellotv.com.br\\\/site\\\/2026\\\/05\\\/11\\\/feira-do-empreendedor-do-sebrae-reune-inovacao-capacitacao-tendencias-de-mercado-e-inovacao-no-recife\\\/\"},\"author\":{\"name\":\"ELLO TV\",\"@id\":\"https:\\\/\\\/ellotv.com.br\\\/site\\\/#\\\/schema\\\/person\\\/2dbe3abaee38dcc7332fc8205cd2b15d\"},\"headline\":\"Feira do Empreendedor do Sebrae re\u00fane inova\u00e7\u00e3o, capacita\u00e7\u00e3o, tend\u00eancias de mercado e inova\u00e7\u00e3o no Recife\",\"datePublished\":\"2026-05-11T19:07:49+00:00\",\"mainEntityOfPage\":{\"@id\":\"https:\\\/\\\/ellotv.com.br\\\/site\\\/2026\\\/05\\\/11\\\/feira-do-empreendedor-do-sebrae-reune-inovacao-capacitacao-tendencias-de-mercado-e-inovacao-no-recife\\\/\"},\"wordCount\":304,\"commentCount\":0,\"publisher\":{\"@id\":\"https:\\\/\\\/ellotv.com.br\\\/site\\\/#organization\"},\"image\":{\"@id\":\"https:\\\/\\\/ellotv.com.br\\\/site\\\/2026\\\/05\\\/11\\\/feira-do-empreendedor-do-sebrae-reune-inovacao-capacitacao-tendencias-de-mercado-e-inovacao-no-recife\\\/#primaryimage\"},\"thumbnailUrl\":\"https:\\\/\\\/ellotv.com.br\\\/site\\\/wp-content\\\/uploads\\\/2026\\\/05\\\/WhatsApp-Image-2026-05-11-at-15.52.36.jpeg\",\"articleSection\":[\"Noticias\",\"Regional\"],\"inLanguage\":\"pt-BR\",\"potentialAction\":[{\"@type\":\"CommentAction\",\"name\":\"Comment\",\"target\":[\"https:\\\/\\\/ellotv.com.br\\\/site\\\/2026\\\/05\\\/11\\\/feira-do-empreendedor-do-sebrae-reune-inovacao-capacitacao-tendencias-de-mercado-e-inovacao-no-recife\\\/#respond\"]}]},{\"@type\":\"WebPage\",\"@id\":\"https:\\\/\\\/ellotv.com.br\\\/site\\\/2026\\\/05\\\/11\\\/feira-do-empreendedor-do-sebrae-reune-inovacao-capacitacao-tendencias-de-mercado-e-inovacao-no-recife\\\/\",\"url\":\"https:\\\/\\\/ellotv.com.br\\\/site\\\/2026\\\/05\\\/11\\\/feira-do-empreendedor-do-sebrae-reune-inovacao-capacitacao-tendencias-de-mercado-e-inovacao-no-recife\\\/\",\"name\":\"Feira do Empreendedor do Sebrae re\u00fane inova\u00e7\u00e3o, capacita\u00e7\u00e3o, tend\u00eancias de mercado e inova\u00e7\u00e3o no Recife - Ello TV\",\"isPartOf\":{\"@id\":\"https:\\\/\\\/ellotv.com.br\\\/site\\\/#website\"},\"primaryImageOfPage\":{\"@id\":\"https:\\\/\\\/ellotv.com.br\\\/site\\\/2026\\\/05\\\/11\\\/feira-do-empreendedor-do-sebrae-reune-inovacao-capacitacao-tendencias-de-mercado-e-inovacao-no-recife\\\/#primaryimage\"},\"image\":{\"@id\":\"https:\\\/\\\/ellotv.com.br\\\/site\\\/2026\\\/05\\\/11\\\/feira-do-empreendedor-do-sebrae-reune-inovacao-capacitacao-tendencias-de-mercado-e-inovacao-no-recife\\\/#primaryimage\"},\"thumbnailUrl\":\"https:\\\/\\\/ellotv.com.br\\\/site\\\/wp-content\\\/uploads\\\/2026\\\/05\\\/WhatsApp-Image-2026-05-11-at-15.52.36.jpeg\",\"datePublished\":\"2026-05-11T19:07:49+00:00\",\"description\":\"Feira do Empreendedor 2026 do Sebrae acontece no Recife com expectativa de 15 mil visitantes, palestras e programa\u00e7\u00e3o voltada a pequenos neg\u00f3cios.\",\"breadcrumb\":{\"@id\":\"https:\\\/\\\/ellotv.com.br\\\/site\\\/2026\\\/05\\\/11\\\/feira-do-empreendedor-do-sebrae-reune-inovacao-capacitacao-tendencias-de-mercado-e-inovacao-no-recife\\\/#breadcrumb\"},\"inLanguage\":\"pt-BR\",\"potentialAction\":[{\"@type\":\"ReadAction\",\"target\":[\"https:\\\/\\\/ellotv.com.br\\\/site\\\/2026\\\/05\\\/11\\\/feira-do-empreendedor-do-sebrae-reune-inovacao-capacitacao-tendencias-de-mercado-e-inovacao-no-recife\\\/\"]}]},{\"@type\":\"ImageObject\",\"inLanguage\":\"pt-BR\",\"@id\":\"https:\\\/\\\/ellotv.com.br\\\/site\\\/2026\\\/05\\\/11\\\/feira-do-empreendedor-do-sebrae-reune-inovacao-capacitacao-tendencias-de-mercado-e-inovacao-no-recife\\\/#primaryimage\",\"url\":\"https:\\\/\\\/ellotv.com.br\\\/site\\\/wp-content\\\/uploads\\\/2026\\\/05\\\/WhatsApp-Image-2026-05-11-at-15.52.36.jpeg\",\"contentUrl\":\"https:\\\/\\\/ellotv.com.br\\\/site\\\/wp-content\\\/uploads\\\/2026\\\/05\\\/WhatsApp-Image-2026-05-11-at-15.52.36.jpeg\",\"width\":1600,\"height\":1066},{\"@type\":\"BreadcrumbList\",\"@id\":\"https:\\\/\\\/ellotv.com.br\\\/site\\\/2026\\\/05\\\/11\\\/feira-do-empreendedor-do-sebrae-reune-inovacao-capacitacao-tendencias-de-mercado-e-inovacao-no-recife\\\/#breadcrumb\",\"itemListElement\":[{\"@type\":\"ListItem\",\"position\":1,\"name\":\"In\u00edcio\",\"item\":\"https:\\\/\\\/ellotv.com.br\\\/site\\\/\"},{\"@type\":\"ListItem\",\"position\":2,\"name\":\"Feira do Empreendedor do Sebrae re\u00fane inova\u00e7\u00e3o, capacita\u00e7\u00e3o, tend\u00eancias de mercado e inova\u00e7\u00e3o no Recife\"}]},{\"@type\":\"WebSite\",\"@id\":\"https:\\\/\\\/ellotv.com.br\\\/site\\\/#website\",\"url\":\"https:\\\/\\\/ellotv.com.br\\\/site\\\/\",\"name\":\"ELLO TV\",\"description\":\"\",\"publisher\":{\"@id\":\"https:\\\/\\\/ellotv.com.br\\\/site\\\/#organization\"},\"potentialAction\":[{\"@type\":\"SearchAction\",\"target\":{\"@type\":\"EntryPoint\",\"urlTemplate\":\"https:\\\/\\\/ellotv.com.br\\\/site\\\/?s={search_term_string}\"},\"query-input\":{\"@type\":\"PropertyValueSpecification\",\"valueRequired\":true,\"valueName\":\"search_term_string\"}}],\"inLanguage\":\"pt-BR\"},{\"@type\":\"Organization\",\"@id\":\"https:\\\/\\\/ellotv.com.br\\\/site\\\/#organization\",\"name\":\"ELLO TV\",\"url\":\"https:\\\/\\\/ellotv.com.br\\\/site\\\/\",\"logo\":{\"@type\":\"ImageObject\",\"inLanguage\":\"pt-BR\",\"@id\":\"https:\\\/\\\/ellotv.com.br\\\/site\\\/#\\\/schema\\\/logo\\\/image\\\/\",\"url\":\"https:\\\/\\\/ellotv.com.br\\\/site\\\/wp-content\\\/uploads\\\/2025\\\/11\\\/ello-logo-2.fw_.png\",\"contentUrl\":\"https:\\\/\\\/ellotv.com.br\\\/site\\\/wp-content\\\/uploads\\\/2025\\\/11\\\/ello-logo-2.fw_.png\",\"width\":400,\"height\":146,\"caption\":\"ELLO TV\"},\"image\":{\"@id\":\"https:\\\/\\\/ellotv.com.br\\\/site\\\/#\\\/schema\\\/logo\\\/image\\\/\"}},{\"@type\":\"Person\",\"@id\":\"https:\\\/\\\/ellotv.com.br\\\/site\\\/#\\\/schema\\\/person\\\/2dbe3abaee38dcc7332fc8205cd2b15d\",\"name\":\"ELLO TV\",\"image\":{\"@type\":\"ImageObject\",\"inLanguage\":\"pt-BR\",\"@id\":\"https:\\\/\\\/secure.gravatar.com\\\/avatar\\\/c38242b9da8ec217ac3f0aaee31a54f7d7befb11b2b47fdbc8fb0fad60afa1c6?s=96&d=mm&r=g\",\"url\":\"https:\\\/\\\/secure.gravatar.com\\\/avatar\\\/c38242b9da8ec217ac3f0aaee31a54f7d7befb11b2b47fdbc8fb0fad60afa1c6?s=96&d=mm&r=g\",\"contentUrl\":\"https:\\\/\\\/secure.gravatar.com\\\/avatar\\\/c38242b9da8ec217ac3f0aaee31a54f7d7befb11b2b47fdbc8fb0fad60afa1c6?s=96&d=mm&r=g\",\"caption\":\"ELLO TV\"},\"url\":\"https:\\\/\\\/ellotv.com.br\\\/site\\\/author\\\/elloagencia\\\/\"}]}<\/script>\n<!-- \/ Yoast SEO plugin. -->","yoast_head_json":{"title":"Feira do Empreendedor do Sebrae re\u00fane inova\u00e7\u00e3o, capacita\u00e7\u00e3o, tend\u00eancias de mercado e inova\u00e7\u00e3o no Recife - Ello TV","description":"Feira do Empreendedor 2026 do Sebrae acontece no Recife com expectativa de 15 mil visitantes, palestras e programa\u00e7\u00e3o voltada a pequenos neg\u00f3cios.","robots":{"index":"index","follow":"follow","max-snippet":"max-snippet:-1","max-image-preview":"max-image-preview:large","max-video-preview":"max-video-preview:-1"},"canonical":"https:\/\/ellotv.com.br\/site\/2026\/05\/11\/feira-do-empreendedor-do-sebrae-reune-inovacao-capacitacao-tendencias-de-mercado-e-inovacao-no-recife\/","og_locale":"pt_BR","og_type":"article","og_title":"Feira do Empreendedor do Sebrae re\u00fane inova\u00e7\u00e3o, capacita\u00e7\u00e3o, tend\u00eancias de mercado e inova\u00e7\u00e3o no Recife - Ello TV","og_description":"Feira do Empreendedor 2026 do Sebrae acontece no Recife com expectativa de 15 mil visitantes, palestras e programa\u00e7\u00e3o voltada a pequenos neg\u00f3cios.","og_url":"https:\/\/ellotv.com.br\/site\/2026\/05\/11\/feira-do-empreendedor-do-sebrae-reune-inovacao-capacitacao-tendencias-de-mercado-e-inovacao-no-recife\/","og_site_name":"Ello TV","article_published_time":"2026-05-11T19:07:49+00:00","og_image":[{"width":1600,"height":1066,"url":"https:\/\/ellotv.com.br\/site\/wp-content\/uploads\/2026\/05\/WhatsApp-Image-2026-05-11-at-15.52.36.jpeg","type":"image\/jpeg"}],"author":"ELLO TV","twitter_card":"summary_large_image","twitter_misc":{"Escrito por":"ELLO TV","Est. tempo de leitura":"1 minuto"},"schema":{"@context":"https:\/\/schema.org","@graph":[{"@type":"Article","@id":"https:\/\/ellotv.com.br\/site\/2026\/05\/11\/feira-do-empreendedor-do-sebrae-reune-inovacao-capacitacao-tendencias-de-mercado-e-inovacao-no-recife\/#article","isPartOf":{"@id":"https:\/\/ellotv.com.br\/site\/2026\/05\/11\/feira-do-empreendedor-do-sebrae-reune-inovacao-capacitacao-tendencias-de-mercado-e-inovacao-no-recife\/"},"author":{"name":"ELLO TV","@id":"https:\/\/ellotv.com.br\/site\/#\/schema\/person\/2dbe3abaee38dcc7332fc8205cd2b15d"},"headline":"Feira do Empreendedor do Sebrae re\u00fane inova\u00e7\u00e3o, capacita\u00e7\u00e3o, tend\u00eancias de mercado e inova\u00e7\u00e3o no Recife","datePublished":"2026-05-11T19:07:49+00:00","mainEntityOfPage":{"@id":"https:\/\/ellotv.com.br\/site\/2026\/05\/11\/feira-do-empreendedor-do-sebrae-reune-inovacao-capacitacao-tendencias-de-mercado-e-inovacao-no-recife\/"},"wordCount":304,"commentCount":0,"publisher":{"@id":"https:\/\/ellotv.com.br\/site\/#organization"},"image":{"@id":"https:\/\/ellotv.com.br\/site\/2026\/05\/11\/feira-do-empreendedor-do-sebrae-reune-inovacao-capacitacao-tendencias-de-mercado-e-inovacao-no-recife\/#primaryimage"},"thumbnailUrl":"https:\/\/ellotv.com.br\/site\/wp-content\/uploads\/2026\/05\/WhatsApp-Image-2026-05-11-at-15.52.36.jpeg","articleSection":["Noticias","Regional"],"inLanguage":"pt-BR","potentialAction":[{"@type":"CommentAction","name":"Comment","target":["https:\/\/ellotv.com.br\/site\/2026\/05\/11\/feira-do-empreendedor-do-sebrae-reune-inovacao-capacitacao-tendencias-de-mercado-e-inovacao-no-recife\/#respond"]}]},{"@type":"WebPage","@id":"https:\/\/ellotv.com.br\/site\/2026\/05\/11\/feira-do-empreendedor-do-sebrae-reune-inovacao-capacitacao-tendencias-de-mercado-e-inovacao-no-recife\/","url":"https:\/\/ellotv.com.br\/site\/2026\/05\/11\/feira-do-empreendedor-do-sebrae-reune-inovacao-capacitacao-tendencias-de-mercado-e-inovacao-no-recife\/","name":"Feira do Empreendedor do Sebrae re\u00fane inova\u00e7\u00e3o, capacita\u00e7\u00e3o, tend\u00eancias de mercado e inova\u00e7\u00e3o no Recife - Ello TV","isPartOf":{"@id":"https:\/\/ellotv.com.br\/site\/#website"},"primaryImageOfPage":{"@id":"https:\/\/ellotv.com.br\/site\/2026\/05\/11\/feira-do-empreendedor-do-sebrae-reune-inovacao-capacitacao-tendencias-de-mercado-e-inovacao-no-recife\/#primaryimage"},"image":{"@id":"https:\/\/ellotv.com.br\/site\/2026\/05\/11\/feira-do-empreendedor-do-sebrae-reune-inovacao-capacitacao-tendencias-de-mercado-e-inovacao-no-recife\/#primaryimage"},"thumbnailUrl":"https:\/\/ellotv.com.br\/site\/wp-content\/uploads\/2026\/05\/WhatsApp-Image-2026-05-11-at-15.52.36.jpeg","datePublished":"2026-05-11T19:07:49+00:00","description":"Feira do Empreendedor 2026 do Sebrae acontece no Recife com expectativa de 15 mil visitantes, palestras e programa\u00e7\u00e3o voltada a pequenos neg\u00f3cios.","breadcrumb":{"@id":"https:\/\/ellotv.com.br\/site\/2026\/05\/11\/feira-do-empreendedor-do-sebrae-reune-inovacao-capacitacao-tendencias-de-mercado-e-inovacao-no-recife\/#breadcrumb"},"inLanguage":"pt-BR","potentialAction":[{"@type":"ReadAction","target":["https:\/\/ellotv.com.br\/site\/2026\/05\/11\/feira-do-empreendedor-do-sebrae-reune-inovacao-capacitacao-tendencias-de-mercado-e-inovacao-no-recife\/"]}]},{"@type":"ImageObject","inLanguage":"pt-BR","@id":"https:\/\/ellotv.com.br\/site\/2026\/05\/11\/feira-do-empreendedor-do-sebrae-reune-inovacao-capacitacao-tendencias-de-mercado-e-inovacao-no-recife\/#primaryimage","url":"https:\/\/ellotv.com.br\/site\/wp-content\/uploads\/2026\/05\/WhatsApp-Image-2026-05-11-at-15.52.36.jpeg","contentUrl":"https:\/\/ellotv.com.br\/site\/wp-content\/uploads\/2026\/05\/WhatsApp-Image-2026-05-11-at-15.52.36.jpeg","width":1600,"height":1066},{"@type":"BreadcrumbList","@id":"https:\/\/ellotv.com.br\/site\/2026\/05\/11\/feira-do-empreendedor-do-sebrae-reune-inovacao-capacitacao-tendencias-de-mercado-e-inovacao-no-recife\/#breadcrumb","itemListElement":[{"@type":"ListItem","position":1,"name":"In\u00edcio","item":"https:\/\/ellotv.com.br\/site\/"},{"@type":"ListItem","position":2,"name":"Feira do Empreendedor do Sebrae re\u00fane inova\u00e7\u00e3o, capacita\u00e7\u00e3o, tend\u00eancias de mercado e inova\u00e7\u00e3o no Recife"}]},{"@type":"WebSite","@id":"https:\/\/ellotv.com.br\/site\/#website","url":"https:\/\/ellotv.com.br\/site\/","name":"ELLO TV","description":"","publisher":{"@id":"https:\/\/ellotv.com.br\/site\/#organization"},"potentialAction":[{"@type":"SearchAction","target":{"@type":"EntryPoint","urlTemplate":"https:\/\/ellotv.com.br\/site\/?s={search_term_string}"},"query-input":{"@type":"PropertyValueSpecification","valueRequired":true,"valueName":"search_term_string"}}],"inLanguage":"pt-BR"},{"@type":"Organization","@id":"https:\/\/ellotv.com.br\/site\/#organization","name":"ELLO TV","url":"https:\/\/ellotv.com.br\/site\/","logo":{"@type":"ImageObject","inLanguage":"pt-BR","@id":"https:\/\/ellotv.com.br\/site\/#\/schema\/logo\/image\/","url":"https:\/\/ellotv.com.br\/site\/wp-content\/uploads\/2025\/11\/ello-logo-2.fw_.png","contentUrl":"https:\/\/ellotv.com.br\/site\/wp-content\/uploads\/2025\/11\/ello-logo-2.fw_.png","width":400,"height":146,"caption":"ELLO TV"},"image":{"@id":"https:\/\/ellotv.com.br\/site\/#\/schema\/logo\/image\/"}},{"@type":"Person","@id":"https:\/\/ellotv.com.br\/site\/#\/schema\/person\/2dbe3abaee38dcc7332fc8205cd2b15d","name":"ELLO TV","image":{"@type":"ImageObject","inLanguage":"pt-BR","@id":"https:\/\/secure.gravatar.com\/avatar\/c38242b9da8ec217ac3f0aaee31a54f7d7befb11b2b47fdbc8fb0fad60afa1c6?s=96&d=mm&r=g","url":"https:\/\/secure.gravatar.com\/avatar\/c38242b9da8ec217ac3f0aaee31a54f7d7befb11b2b47fdbc8fb0fad60afa1c6?s=96&d=mm&r=g","contentUrl":"https:\/\/secure.gravatar.com\/avatar\/c38242b9da8ec217ac3f0aaee31a54f7d7befb11b2b47fdbc8fb0fad60afa1c6?s=96&d=mm&r=g","caption":"ELLO TV"},"url":"https:\/\/ellotv.com.br\/site\/author\/elloagencia\/"}]}},"featured_image_urls":{"full":["https:\/\/ellotv.com.br\/site\/wp-content\/uploads\/2026\/05\/WhatsApp-Image-2026-05-11-at-15.52.36.jpeg",1600,1066,false],"thumbnail":["https:\/\/ellotv.com.br\/site\/wp-content\/uploads\/2026\/05\/WhatsApp-Image-2026-05-11-at-15.52.36-150x150.jpeg",150,150,true],"medium":["https:\/\/ellotv.com.br\/site\/wp-content\/uploads\/2026\/05\/WhatsApp-Image-2026-05-11-at-15.52.36-300x200.jpeg",300,200,true],"medium_large":["https:\/\/ellotv.com.br\/site\/wp-content\/uploads\/2026\/05\/WhatsApp-Image-2026-05-11-at-15.52.36-768x512.jpeg",640,427,true],"large":["https:\/\/ellotv.com.br\/site\/wp-content\/uploads\/2026\/05\/WhatsApp-Image-2026-05-11-at-15.52.36-1024x682.jpeg",640,426,true],"1536x1536":["https:\/\/ellotv.com.br\/site\/wp-content\/uploads\/2026\/05\/WhatsApp-Image-2026-05-11-at-15.52.36-1536x1023.jpeg",1536,1023,true],"2048x2048":["https:\/\/ellotv.com.br\/site\/wp-content\/uploads\/2026\/05\/WhatsApp-Image-2026-05-11-at-15.52.36.jpeg",1600,1066,false],"darknews-slider-full":["https:\/\/ellotv.com.br\/site\/wp-content\/uploads\/2026\/05\/WhatsApp-Image-2026-05-11-at-15.52.36-1280x720.jpeg",1280,720,true],"darknews-featured":["https:\/\/ellotv.com.br\/site\/wp-content\/uploads\/2026\/05\/WhatsApp-Image-2026-05-11-at-15.52.36-1024x682.jpeg",1024,682,true],"darknews-medium":["https:\/\/ellotv.com.br\/site\/wp-content\/uploads\/2026\/05\/WhatsApp-Image-2026-05-11-at-15.52.36-720x530.jpeg",720,530,true],"darknews-medium-square":["https:\/\/ellotv.com.br\/site\/wp-content\/uploads\/2026\/05\/WhatsApp-Image-2026-05-11-at-15.52.36-350x350.jpeg",350,350,true]},"author_info":{"info":["ELLO TV"]},"category_info":"<a href=\"https:\/\/ellotv.com.br\/site\/category\/noticias\/\" rel=\"category tag\">Noticias<\/a> <a href=\"https:\/\/ellotv.com.br\/site\/category\/regional\/\" rel=\"category tag\">Regional<\/a>","tag_info":"Regional","comment_count":"0","_links":{"self":[{"href":"https:\/\/ellotv.com.br\/site\/wp-json\/wp\/v2\/posts\/6045","targetHints":{"allow":["GET"]}}],"collection":[{"href":"https:\/\/ellotv.com.br\/site\/wp-json\/wp\/v2\/posts"}],"about":[{"href":"https:\/\/ellotv.com.br\/site\/wp-json\/wp\/v2\/types\/post"}],"author":[{"embeddable":true,"href":"https:\/\/ellotv.com.br\/site\/wp-json\/wp\/v2\/users\/2"}],"replies":[{"embeddable":true,"href":"https:\/\/ellotv.com.br\/site\/wp-json\/wp\/v2\/comments?post=6045"}],"version-history":[{"count":3,"href":"https:\/\/ellotv.com.br\/site\/wp-json\/wp\/v2\/posts\/6045\/revisions"}],"predecessor-version":[{"id":6050,"href":"https:\/\/ellotv.com.br\/site\/wp-json\/wp\/v2\/posts\/6045\/revisions\/6050"}],"wp:featuredmedia":[{"embeddable":true,"href":"https:\/\/ellotv.com.br\/site\/wp-json\/wp\/v2\/media\/6046"}],"wp:attachment":[{"href":"https:\/\/ellotv.com.br\/site\/wp-json\/wp\/v2\/media?parent=6045"}],"wp:term":[{"taxonomy":"category","embeddable":true,"href":"https:\/\/ellotv.com.br\/site\/wp-json\/wp\/v2\/categories?post=6045"},{"taxonomy":"post_tag","embeddable":true,"href":"https:\/\/ellotv.com.br\/site\/wp-json\/wp\/v2\/tags?post=6045"}],"curies":[{"name":"wp","href":"https:\/\/api.w.org\/{rel}","templated":true}]}}