{"id":6058,"date":"2026-05-12T09:14:36","date_gmt":"2026-05-12T12:14:36","guid":{"rendered":"https:\/\/ellotv.com.br\/site\/?p=6058"},"modified":"2026-05-12T09:14:36","modified_gmt":"2026-05-12T12:14:36","slug":"sao-jose-do-egito-recebe-kit-da-casa-das-juventudes-das-maos-da-governadora-raquel-lyra","status":"publish","type":"post","link":"https:\/\/ellotv.com.br\/site\/2026\/05\/12\/sao-jose-do-egito-recebe-kit-da-casa-das-juventudes-das-maos-da-governadora-raquel-lyra\/","title":{"rendered":"S\u00e3o Jos\u00e9 do Egito recebe kit da Casa das Juventudes das m\u00e3os da governadora Raquel Lyra"},"content":{"rendered":"<p data-start=\"82\" data-end=\"348\">O munic\u00edpio de <span class=\"hover:entity-accent entity-underline inline cursor-pointer align-baseline\"><span class=\"whitespace-normal\">S\u00e3o Jos\u00e9 do Egito<\/span><\/span> foi contemplado, nesta segunda-feira (11), com kits de equipamentos e mobili\u00e1rios destinados \u00e0s Casas das Juventudes, iniciativa do <span class=\"hover:entity-accent entity-underline inline cursor-pointer align-baseline\"><span class=\"whitespace-normal\">Governo de Pernambuco<\/span><\/span> que beneficia mais de 60 cidades do estado.<\/p>\n<h3 data-section-id=\"1dqvbsv\" data-start=\"350\" data-end=\"381\">Entrega e representantes<\/h3>\n<p data-start=\"382\" data-end=\"700\">A entrega foi realizada pela governadora <span class=\"hover:entity-accent entity-underline inline cursor-pointer align-baseline\"><span class=\"whitespace-normal\">Raquel Lyra<\/span><\/span> e contou com a presen\u00e7a do secret\u00e1rio municipal de Cultura, Turismo, Esporte e Juventude, <span class=\"hover:entity-accent entity-underline inline cursor-pointer align-baseline\"><span class=\"whitespace-normal\">Cayke Nascimento<\/span><\/span>, al\u00e9m da diretora de Juventude, <span class=\"hover:entity-accent entity-underline inline cursor-pointer align-baseline\"><span class=\"whitespace-normal\">Dayane Nunes<\/span><\/span>, que representaram o munic\u00edpio no evento.<\/p>\n<h3 data-section-id=\"19vx1sc\" data-start=\"702\" data-end=\"749\">Fortalecimento das Casas das Juventudes<\/h3>\n<p data-start=\"750\" data-end=\"985\">A a\u00e7\u00e3o \u00e9 coordenada pela <span class=\"hover:entity-accent entity-underline inline cursor-pointer align-baseline\"><span class=\"whitespace-normal\">Secretaria da Crian\u00e7a e da Juventude de Pernambuco<\/span><\/span> e tem como objetivo fortalecer as pol\u00edticas p\u00fablicas voltadas para os jovens, garantindo mais estrutura e melhores condi\u00e7\u00f5es de funcionamento desses espa\u00e7os nos munic\u00edpios.<\/p>\n<h3 data-section-id=\"8fv756\" data-start=\"987\" data-end=\"1012\">Estrutura ampliada<\/h3>\n<p data-start=\"1013\" data-end=\"1222\">Os kits entregues incluem computadores, impressoras, smart TVs, mobili\u00e1rio e equipamentos de som, ampliando as possibilidades de desenvolvimento de projetos, atividades e a\u00e7\u00f5es voltadas \u00e0 juventude egipciense.<\/p>\n<h3 data-section-id=\"1fo1fx2\" data-start=\"1224\" data-end=\"1255\">Impacto para o munic\u00edpio<\/h3>\n<p data-start=\"1256\" data-end=\"1571\">De acordo com Cayke Nascimento, o investimento representa um avan\u00e7o significativo para o munic\u00edpio, ampliando oportunidades e incentivando a participa\u00e7\u00e3o dos jovens. A diretora Dayane Nunes tamb\u00e9m destacou a import\u00e2ncia da parceria com o Governo do Estado para fortalecer as pol\u00edticas p\u00fablicas voltadas \u00e0 juventude.<\/p>\n<h3 data-section-id=\"1fi4h94\" data-start=\"1573\" data-end=\"1600\">Protagonismo juvenil<\/h3>\n<p data-start=\"1601\" data-end=\"1827\">Durante o evento, Raquel Lyra ressaltou que o fortalecimento das Casas das Juventudes contribui diretamente para ampliar a participa\u00e7\u00e3o dos jovens na transforma\u00e7\u00e3o dos munic\u00edpios e na constru\u00e7\u00e3o de oportunidades para o futuro.<\/p>\n<p data-start=\"1829\" data-end=\"2007\">A iniciativa refor\u00e7a o compromisso do Governo de Pernambuco com o desenvolvimento social, investindo em a\u00e7\u00f5es que incentivam o protagonismo juvenil em todas as regi\u00f5es do estado.<\/p>\n","protected":false},"excerpt":{"rendered":"<p>O munic\u00edpio de S\u00e3o Jos\u00e9 do Egito foi contemplado, nesta segunda-feira (11), com kits de equipamentos e mobili\u00e1rios<\/p>\n","protected":false},"author":2,"featured_media":6059,"comment_status":"open","ping_status":"open","sticky":false,"template":"","format":"standard","meta":{"footnotes":""},"categories":[12,9],"tags":[],"class_list":["post-6058","post","type-post","status-publish","format-standard","has-post-thumbnail","hentry","category-noticias","category-regional"],"yoast_head":"<!-- This site is optimized with the Yoast SEO plugin v28.3 - https:\/\/yoast.com\/product\/yoast-seo-wordpress\/ -->\n<title>S\u00e3o Jos\u00e9 do Egito recebe kit da Casa das Juventudes das m\u00e3os da governadora Raquel Lyra - Ello TV<\/title>\n<meta name=\"description\" content=\"S\u00e3o Jos\u00e9 do Egito recebe kits para Casas das Juventudes em a\u00e7\u00e3o do Governo de Pernambuco que fortalece pol\u00edticas p\u00fablicas e amplia oportunidades para jovens.\" \/>\n<meta name=\"robots\" content=\"index, follow, max-snippet:-1, max-image-preview:large, max-video-preview:-1\" \/>\n<link rel=\"canonical\" href=\"https:\/\/ellotv.com.br\/site\/2026\/05\/12\/sao-jose-do-egito-recebe-kit-da-casa-das-juventudes-das-maos-da-governadora-raquel-lyra\/\" \/>\n<meta property=\"og:locale\" content=\"pt_BR\" \/>\n<meta property=\"og:type\" content=\"article\" \/>\n<meta property=\"og:title\" content=\"S\u00e3o Jos\u00e9 do Egito recebe kit da Casa das Juventudes das m\u00e3os da governadora Raquel Lyra - Ello TV\" \/>\n<meta property=\"og:description\" content=\"S\u00e3o Jos\u00e9 do Egito recebe kits para Casas das Juventudes em a\u00e7\u00e3o do Governo de Pernambuco que fortalece pol\u00edticas p\u00fablicas e amplia oportunidades para jovens.\" \/>\n<meta property=\"og:url\" content=\"https:\/\/ellotv.com.br\/site\/2026\/05\/12\/sao-jose-do-egito-recebe-kit-da-casa-das-juventudes-das-maos-da-governadora-raquel-lyra\/\" \/>\n<meta property=\"og:site_name\" content=\"Ello TV\" \/>\n<meta property=\"article:published_time\" content=\"2026-05-12T12:14:36+00:00\" \/>\n<meta property=\"og:image\" content=\"https:\/\/ellotv.com.br\/site\/wp-content\/uploads\/2026\/05\/WhatsApp-Image-2026-05-12-at-08.47.51.jpeg\" \/>\n\t<meta property=\"og:image:width\" content=\"1600\" \/>\n\t<meta property=\"og:image:height\" content=\"1600\" \/>\n\t<meta property=\"og:image:type\" content=\"image\/jpeg\" \/>\n<meta name=\"author\" content=\"ELLO TV\" \/>\n<meta name=\"twitter:card\" content=\"summary_large_image\" \/>\n<meta name=\"twitter:label1\" content=\"Escrito por\" \/>\n\t<meta name=\"twitter:data1\" content=\"ELLO TV\" \/>\n\t<meta name=\"twitter:label2\" content=\"Est. tempo de leitura\" \/>\n\t<meta name=\"twitter:data2\" content=\"1 minuto\" \/>\n<script type=\"application\/ld+json\" class=\"yoast-schema-graph\">{\"@context\":\"https:\\\/\\\/schema.org\",\"@graph\":[{\"@type\":\"Article\",\"@id\":\"https:\\\/\\\/ellotv.com.br\\\/site\\\/2026\\\/05\\\/12\\\/sao-jose-do-egito-recebe-kit-da-casa-das-juventudes-das-maos-da-governadora-raquel-lyra\\\/#article\",\"isPartOf\":{\"@id\":\"https:\\\/\\\/ellotv.com.br\\\/site\\\/2026\\\/05\\\/12\\\/sao-jose-do-egito-recebe-kit-da-casa-das-juventudes-das-maos-da-governadora-raquel-lyra\\\/\"},\"author\":{\"name\":\"ELLO TV\",\"@id\":\"https:\\\/\\\/ellotv.com.br\\\/site\\\/#\\\/schema\\\/person\\\/2dbe3abaee38dcc7332fc8205cd2b15d\"},\"headline\":\"S\u00e3o Jos\u00e9 do Egito recebe kit da Casa das Juventudes das m\u00e3os da governadora Raquel Lyra\",\"datePublished\":\"2026-05-12T12:14:36+00:00\",\"mainEntityOfPage\":{\"@id\":\"https:\\\/\\\/ellotv.com.br\\\/site\\\/2026\\\/05\\\/12\\\/sao-jose-do-egito-recebe-kit-da-casa-das-juventudes-das-maos-da-governadora-raquel-lyra\\\/\"},\"wordCount\":302,\"commentCount\":0,\"publisher\":{\"@id\":\"https:\\\/\\\/ellotv.com.br\\\/site\\\/#organization\"},\"image\":{\"@id\":\"https:\\\/\\\/ellotv.com.br\\\/site\\\/2026\\\/05\\\/12\\\/sao-jose-do-egito-recebe-kit-da-casa-das-juventudes-das-maos-da-governadora-raquel-lyra\\\/#primaryimage\"},\"thumbnailUrl\":\"https:\\\/\\\/ellotv.com.br\\\/site\\\/wp-content\\\/uploads\\\/2026\\\/05\\\/WhatsApp-Image-2026-05-12-at-08.47.51.jpeg\",\"articleSection\":[\"Noticias\",\"Regional\"],\"inLanguage\":\"pt-BR\",\"potentialAction\":[{\"@type\":\"CommentAction\",\"name\":\"Comment\",\"target\":[\"https:\\\/\\\/ellotv.com.br\\\/site\\\/2026\\\/05\\\/12\\\/sao-jose-do-egito-recebe-kit-da-casa-das-juventudes-das-maos-da-governadora-raquel-lyra\\\/#respond\"]}]},{\"@type\":\"WebPage\",\"@id\":\"https:\\\/\\\/ellotv.com.br\\\/site\\\/2026\\\/05\\\/12\\\/sao-jose-do-egito-recebe-kit-da-casa-das-juventudes-das-maos-da-governadora-raquel-lyra\\\/\",\"url\":\"https:\\\/\\\/ellotv.com.br\\\/site\\\/2026\\\/05\\\/12\\\/sao-jose-do-egito-recebe-kit-da-casa-das-juventudes-das-maos-da-governadora-raquel-lyra\\\/\",\"name\":\"S\u00e3o Jos\u00e9 do Egito recebe kit da Casa das Juventudes das m\u00e3os da governadora Raquel Lyra - Ello TV\",\"isPartOf\":{\"@id\":\"https:\\\/\\\/ellotv.com.br\\\/site\\\/#website\"},\"primaryImageOfPage\":{\"@id\":\"https:\\\/\\\/ellotv.com.br\\\/site\\\/2026\\\/05\\\/12\\\/sao-jose-do-egito-recebe-kit-da-casa-das-juventudes-das-maos-da-governadora-raquel-lyra\\\/#primaryimage\"},\"image\":{\"@id\":\"https:\\\/\\\/ellotv.com.br\\\/site\\\/2026\\\/05\\\/12\\\/sao-jose-do-egito-recebe-kit-da-casa-das-juventudes-das-maos-da-governadora-raquel-lyra\\\/#primaryimage\"},\"thumbnailUrl\":\"https:\\\/\\\/ellotv.com.br\\\/site\\\/wp-content\\\/uploads\\\/2026\\\/05\\\/WhatsApp-Image-2026-05-12-at-08.47.51.jpeg\",\"datePublished\":\"2026-05-12T12:14:36+00:00\",\"description\":\"S\u00e3o Jos\u00e9 do Egito recebe kits para Casas das Juventudes em a\u00e7\u00e3o do Governo de Pernambuco que fortalece pol\u00edticas p\u00fablicas e amplia oportunidades para jovens.\",\"breadcrumb\":{\"@id\":\"https:\\\/\\\/ellotv.com.br\\\/site\\\/2026\\\/05\\\/12\\\/sao-jose-do-egito-recebe-kit-da-casa-das-juventudes-das-maos-da-governadora-raquel-lyra\\\/#breadcrumb\"},\"inLanguage\":\"pt-BR\",\"potentialAction\":[{\"@type\":\"ReadAction\",\"target\":[\"https:\\\/\\\/ellotv.com.br\\\/site\\\/2026\\\/05\\\/12\\\/sao-jose-do-egito-recebe-kit-da-casa-das-juventudes-das-maos-da-governadora-raquel-lyra\\\/\"]}]},{\"@type\":\"ImageObject\",\"inLanguage\":\"pt-BR\",\"@id\":\"https:\\\/\\\/ellotv.com.br\\\/site\\\/2026\\\/05\\\/12\\\/sao-jose-do-egito-recebe-kit-da-casa-das-juventudes-das-maos-da-governadora-raquel-lyra\\\/#primaryimage\",\"url\":\"https:\\\/\\\/ellotv.com.br\\\/site\\\/wp-content\\\/uploads\\\/2026\\\/05\\\/WhatsApp-Image-2026-05-12-at-08.47.51.jpeg\",\"contentUrl\":\"https:\\\/\\\/ellotv.com.br\\\/site\\\/wp-content\\\/uploads\\\/2026\\\/05\\\/WhatsApp-Image-2026-05-12-at-08.47.51.jpeg\",\"width\":1600,\"height\":1600},{\"@type\":\"BreadcrumbList\",\"@id\":\"https:\\\/\\\/ellotv.com.br\\\/site\\\/2026\\\/05\\\/12\\\/sao-jose-do-egito-recebe-kit-da-casa-das-juventudes-das-maos-da-governadora-raquel-lyra\\\/#breadcrumb\",\"itemListElement\":[{\"@type\":\"ListItem\",\"position\":1,\"name\":\"In\u00edcio\",\"item\":\"https:\\\/\\\/ellotv.com.br\\\/site\\\/\"},{\"@type\":\"ListItem\",\"position\":2,\"name\":\"S\u00e3o Jos\u00e9 do Egito recebe kit da Casa das Juventudes das m\u00e3os da governadora Raquel Lyra\"}]},{\"@type\":\"WebSite\",\"@id\":\"https:\\\/\\\/ellotv.com.br\\\/site\\\/#website\",\"url\":\"https:\\\/\\\/ellotv.com.br\\\/site\\\/\",\"name\":\"ELLO TV\",\"description\":\"\",\"publisher\":{\"@id\":\"https:\\\/\\\/ellotv.com.br\\\/site\\\/#organization\"},\"potentialAction\":[{\"@type\":\"SearchAction\",\"target\":{\"@type\":\"EntryPoint\",\"urlTemplate\":\"https:\\\/\\\/ellotv.com.br\\\/site\\\/?s={search_term_string}\"},\"query-input\":{\"@type\":\"PropertyValueSpecification\",\"valueRequired\":true,\"valueName\":\"search_term_string\"}}],\"inLanguage\":\"pt-BR\"},{\"@type\":\"Organization\",\"@id\":\"https:\\\/\\\/ellotv.com.br\\\/site\\\/#organization\",\"name\":\"ELLO TV\",\"url\":\"https:\\\/\\\/ellotv.com.br\\\/site\\\/\",\"logo\":{\"@type\":\"ImageObject\",\"inLanguage\":\"pt-BR\",\"@id\":\"https:\\\/\\\/ellotv.com.br\\\/site\\\/#\\\/schema\\\/logo\\\/image\\\/\",\"url\":\"https:\\\/\\\/ellotv.com.br\\\/site\\\/wp-content\\\/uploads\\\/2025\\\/11\\\/ello-logo-2.fw_.png\",\"contentUrl\":\"https:\\\/\\\/ellotv.com.br\\\/site\\\/wp-content\\\/uploads\\\/2025\\\/11\\\/ello-logo-2.fw_.png\",\"width\":400,\"height\":146,\"caption\":\"ELLO TV\"},\"image\":{\"@id\":\"https:\\\/\\\/ellotv.com.br\\\/site\\\/#\\\/schema\\\/logo\\\/image\\\/\"}},{\"@type\":\"Person\",\"@id\":\"https:\\\/\\\/ellotv.com.br\\\/site\\\/#\\\/schema\\\/person\\\/2dbe3abaee38dcc7332fc8205cd2b15d\",\"name\":\"ELLO TV\",\"image\":{\"@type\":\"ImageObject\",\"inLanguage\":\"pt-BR\",\"@id\":\"https:\\\/\\\/secure.gravatar.com\\\/avatar\\\/c38242b9da8ec217ac3f0aaee31a54f7d7befb11b2b47fdbc8fb0fad60afa1c6?s=96&d=mm&r=g\",\"url\":\"https:\\\/\\\/secure.gravatar.com\\\/avatar\\\/c38242b9da8ec217ac3f0aaee31a54f7d7befb11b2b47fdbc8fb0fad60afa1c6?s=96&d=mm&r=g\",\"contentUrl\":\"https:\\\/\\\/secure.gravatar.com\\\/avatar\\\/c38242b9da8ec217ac3f0aaee31a54f7d7befb11b2b47fdbc8fb0fad60afa1c6?s=96&d=mm&r=g\",\"caption\":\"ELLO TV\"},\"url\":\"https:\\\/\\\/ellotv.com.br\\\/site\\\/author\\\/elloagencia\\\/\"}]}<\/script>\n<!-- \/ Yoast SEO plugin. -->","yoast_head_json":{"title":"S\u00e3o Jos\u00e9 do Egito recebe kit da Casa das Juventudes das m\u00e3os da governadora Raquel Lyra - Ello TV","description":"S\u00e3o Jos\u00e9 do Egito recebe kits para Casas das Juventudes em a\u00e7\u00e3o do Governo de Pernambuco que fortalece pol\u00edticas p\u00fablicas e amplia oportunidades para jovens.","robots":{"index":"index","follow":"follow","max-snippet":"max-snippet:-1","max-image-preview":"max-image-preview:large","max-video-preview":"max-video-preview:-1"},"canonical":"https:\/\/ellotv.com.br\/site\/2026\/05\/12\/sao-jose-do-egito-recebe-kit-da-casa-das-juventudes-das-maos-da-governadora-raquel-lyra\/","og_locale":"pt_BR","og_type":"article","og_title":"S\u00e3o Jos\u00e9 do Egito recebe kit da Casa das Juventudes das m\u00e3os da governadora Raquel Lyra - Ello TV","og_description":"S\u00e3o Jos\u00e9 do Egito recebe kits para Casas das Juventudes em a\u00e7\u00e3o do Governo de Pernambuco que fortalece pol\u00edticas p\u00fablicas e amplia oportunidades para jovens.","og_url":"https:\/\/ellotv.com.br\/site\/2026\/05\/12\/sao-jose-do-egito-recebe-kit-da-casa-das-juventudes-das-maos-da-governadora-raquel-lyra\/","og_site_name":"Ello TV","article_published_time":"2026-05-12T12:14:36+00:00","og_image":[{"width":1600,"height":1600,"url":"https:\/\/ellotv.com.br\/site\/wp-content\/uploads\/2026\/05\/WhatsApp-Image-2026-05-12-at-08.47.51.jpeg","type":"image\/jpeg"}],"author":"ELLO TV","twitter_card":"summary_large_image","twitter_misc":{"Escrito por":"ELLO TV","Est. tempo de leitura":"1 minuto"},"schema":{"@context":"https:\/\/schema.org","@graph":[{"@type":"Article","@id":"https:\/\/ellotv.com.br\/site\/2026\/05\/12\/sao-jose-do-egito-recebe-kit-da-casa-das-juventudes-das-maos-da-governadora-raquel-lyra\/#article","isPartOf":{"@id":"https:\/\/ellotv.com.br\/site\/2026\/05\/12\/sao-jose-do-egito-recebe-kit-da-casa-das-juventudes-das-maos-da-governadora-raquel-lyra\/"},"author":{"name":"ELLO TV","@id":"https:\/\/ellotv.com.br\/site\/#\/schema\/person\/2dbe3abaee38dcc7332fc8205cd2b15d"},"headline":"S\u00e3o Jos\u00e9 do Egito recebe kit da Casa das Juventudes das m\u00e3os da governadora Raquel Lyra","datePublished":"2026-05-12T12:14:36+00:00","mainEntityOfPage":{"@id":"https:\/\/ellotv.com.br\/site\/2026\/05\/12\/sao-jose-do-egito-recebe-kit-da-casa-das-juventudes-das-maos-da-governadora-raquel-lyra\/"},"wordCount":302,"commentCount":0,"publisher":{"@id":"https:\/\/ellotv.com.br\/site\/#organization"},"image":{"@id":"https:\/\/ellotv.com.br\/site\/2026\/05\/12\/sao-jose-do-egito-recebe-kit-da-casa-das-juventudes-das-maos-da-governadora-raquel-lyra\/#primaryimage"},"thumbnailUrl":"https:\/\/ellotv.com.br\/site\/wp-content\/uploads\/2026\/05\/WhatsApp-Image-2026-05-12-at-08.47.51.jpeg","articleSection":["Noticias","Regional"],"inLanguage":"pt-BR","potentialAction":[{"@type":"CommentAction","name":"Comment","target":["https:\/\/ellotv.com.br\/site\/2026\/05\/12\/sao-jose-do-egito-recebe-kit-da-casa-das-juventudes-das-maos-da-governadora-raquel-lyra\/#respond"]}]},{"@type":"WebPage","@id":"https:\/\/ellotv.com.br\/site\/2026\/05\/12\/sao-jose-do-egito-recebe-kit-da-casa-das-juventudes-das-maos-da-governadora-raquel-lyra\/","url":"https:\/\/ellotv.com.br\/site\/2026\/05\/12\/sao-jose-do-egito-recebe-kit-da-casa-das-juventudes-das-maos-da-governadora-raquel-lyra\/","name":"S\u00e3o Jos\u00e9 do Egito recebe kit da Casa das Juventudes das m\u00e3os da governadora Raquel Lyra - Ello TV","isPartOf":{"@id":"https:\/\/ellotv.com.br\/site\/#website"},"primaryImageOfPage":{"@id":"https:\/\/ellotv.com.br\/site\/2026\/05\/12\/sao-jose-do-egito-recebe-kit-da-casa-das-juventudes-das-maos-da-governadora-raquel-lyra\/#primaryimage"},"image":{"@id":"https:\/\/ellotv.com.br\/site\/2026\/05\/12\/sao-jose-do-egito-recebe-kit-da-casa-das-juventudes-das-maos-da-governadora-raquel-lyra\/#primaryimage"},"thumbnailUrl":"https:\/\/ellotv.com.br\/site\/wp-content\/uploads\/2026\/05\/WhatsApp-Image-2026-05-12-at-08.47.51.jpeg","datePublished":"2026-05-12T12:14:36+00:00","description":"S\u00e3o Jos\u00e9 do Egito recebe kits para Casas das Juventudes em a\u00e7\u00e3o do Governo de Pernambuco que fortalece pol\u00edticas p\u00fablicas e amplia oportunidades para jovens.","breadcrumb":{"@id":"https:\/\/ellotv.com.br\/site\/2026\/05\/12\/sao-jose-do-egito-recebe-kit-da-casa-das-juventudes-das-maos-da-governadora-raquel-lyra\/#breadcrumb"},"inLanguage":"pt-BR","potentialAction":[{"@type":"ReadAction","target":["https:\/\/ellotv.com.br\/site\/2026\/05\/12\/sao-jose-do-egito-recebe-kit-da-casa-das-juventudes-das-maos-da-governadora-raquel-lyra\/"]}]},{"@type":"ImageObject","inLanguage":"pt-BR","@id":"https:\/\/ellotv.com.br\/site\/2026\/05\/12\/sao-jose-do-egito-recebe-kit-da-casa-das-juventudes-das-maos-da-governadora-raquel-lyra\/#primaryimage","url":"https:\/\/ellotv.com.br\/site\/wp-content\/uploads\/2026\/05\/WhatsApp-Image-2026-05-12-at-08.47.51.jpeg","contentUrl":"https:\/\/ellotv.com.br\/site\/wp-content\/uploads\/2026\/05\/WhatsApp-Image-2026-05-12-at-08.47.51.jpeg","width":1600,"height":1600},{"@type":"BreadcrumbList","@id":"https:\/\/ellotv.com.br\/site\/2026\/05\/12\/sao-jose-do-egito-recebe-kit-da-casa-das-juventudes-das-maos-da-governadora-raquel-lyra\/#breadcrumb","itemListElement":[{"@type":"ListItem","position":1,"name":"In\u00edcio","item":"https:\/\/ellotv.com.br\/site\/"},{"@type":"ListItem","position":2,"name":"S\u00e3o Jos\u00e9 do Egito recebe kit da Casa das Juventudes das m\u00e3os da governadora Raquel Lyra"}]},{"@type":"WebSite","@id":"https:\/\/ellotv.com.br\/site\/#website","url":"https:\/\/ellotv.com.br\/site\/","name":"ELLO TV","description":"","publisher":{"@id":"https:\/\/ellotv.com.br\/site\/#organization"},"potentialAction":[{"@type":"SearchAction","target":{"@type":"EntryPoint","urlTemplate":"https:\/\/ellotv.com.br\/site\/?s={search_term_string}"},"query-input":{"@type":"PropertyValueSpecification","valueRequired":true,"valueName":"search_term_string"}}],"inLanguage":"pt-BR"},{"@type":"Organization","@id":"https:\/\/ellotv.com.br\/site\/#organization","name":"ELLO TV","url":"https:\/\/ellotv.com.br\/site\/","logo":{"@type":"ImageObject","inLanguage":"pt-BR","@id":"https:\/\/ellotv.com.br\/site\/#\/schema\/logo\/image\/","url":"https:\/\/ellotv.com.br\/site\/wp-content\/uploads\/2025\/11\/ello-logo-2.fw_.png","contentUrl":"https:\/\/ellotv.com.br\/site\/wp-content\/uploads\/2025\/11\/ello-logo-2.fw_.png","width":400,"height":146,"caption":"ELLO TV"},"image":{"@id":"https:\/\/ellotv.com.br\/site\/#\/schema\/logo\/image\/"}},{"@type":"Person","@id":"https:\/\/ellotv.com.br\/site\/#\/schema\/person\/2dbe3abaee38dcc7332fc8205cd2b15d","name":"ELLO TV","image":{"@type":"ImageObject","inLanguage":"pt-BR","@id":"https:\/\/secure.gravatar.com\/avatar\/c38242b9da8ec217ac3f0aaee31a54f7d7befb11b2b47fdbc8fb0fad60afa1c6?s=96&d=mm&r=g","url":"https:\/\/secure.gravatar.com\/avatar\/c38242b9da8ec217ac3f0aaee31a54f7d7befb11b2b47fdbc8fb0fad60afa1c6?s=96&d=mm&r=g","contentUrl":"https:\/\/secure.gravatar.com\/avatar\/c38242b9da8ec217ac3f0aaee31a54f7d7befb11b2b47fdbc8fb0fad60afa1c6?s=96&d=mm&r=g","caption":"ELLO TV"},"url":"https:\/\/ellotv.com.br\/site\/author\/elloagencia\/"}]}},"featured_image_urls":{"full":["https:\/\/ellotv.com.br\/site\/wp-content\/uploads\/2026\/05\/WhatsApp-Image-2026-05-12-at-08.47.51.jpeg",1600,1600,false],"thumbnail":["https:\/\/ellotv.com.br\/site\/wp-content\/uploads\/2026\/05\/WhatsApp-Image-2026-05-12-at-08.47.51-150x150.jpeg",150,150,true],"medium":["https:\/\/ellotv.com.br\/site\/wp-content\/uploads\/2026\/05\/WhatsApp-Image-2026-05-12-at-08.47.51-300x300.jpeg",300,300,true],"medium_large":["https:\/\/ellotv.com.br\/site\/wp-content\/uploads\/2026\/05\/WhatsApp-Image-2026-05-12-at-08.47.51-768x768.jpeg",640,640,true],"large":["https:\/\/ellotv.com.br\/site\/wp-content\/uploads\/2026\/05\/WhatsApp-Image-2026-05-12-at-08.47.51-1024x1024.jpeg",640,640,true],"1536x1536":["https:\/\/ellotv.com.br\/site\/wp-content\/uploads\/2026\/05\/WhatsApp-Image-2026-05-12-at-08.47.51-1536x1536.jpeg",1536,1536,true],"2048x2048":["https:\/\/ellotv.com.br\/site\/wp-content\/uploads\/2026\/05\/WhatsApp-Image-2026-05-12-at-08.47.51.jpeg",1600,1600,false],"darknews-slider-full":["https:\/\/ellotv.com.br\/site\/wp-content\/uploads\/2026\/05\/WhatsApp-Image-2026-05-12-at-08.47.51-1280x720.jpeg",1280,720,true],"darknews-featured":["https:\/\/ellotv.com.br\/site\/wp-content\/uploads\/2026\/05\/WhatsApp-Image-2026-05-12-at-08.47.51-1024x1024.jpeg",1024,1024,true],"darknews-medium":["https:\/\/ellotv.com.br\/site\/wp-content\/uploads\/2026\/05\/WhatsApp-Image-2026-05-12-at-08.47.51-720x530.jpeg",720,530,true],"darknews-medium-square":["https:\/\/ellotv.com.br\/site\/wp-content\/uploads\/2026\/05\/WhatsApp-Image-2026-05-12-at-08.47.51-350x350.jpeg",350,350,true]},"author_info":{"info":["ELLO TV"]},"category_info":"<a href=\"https:\/\/ellotv.com.br\/site\/category\/noticias\/\" rel=\"category tag\">Noticias<\/a> <a href=\"https:\/\/ellotv.com.br\/site\/category\/regional\/\" rel=\"category tag\">Regional<\/a>","tag_info":"Regional","comment_count":"0","_links":{"self":[{"href":"https:\/\/ellotv.com.br\/site\/wp-json\/wp\/v2\/posts\/6058","targetHints":{"allow":["GET"]}}],"collection":[{"href":"https:\/\/ellotv.com.br\/site\/wp-json\/wp\/v2\/posts"}],"about":[{"href":"https:\/\/ellotv.com.br\/site\/wp-json\/wp\/v2\/types\/post"}],"author":[{"embeddable":true,"href":"https:\/\/ellotv.com.br\/site\/wp-json\/wp\/v2\/users\/2"}],"replies":[{"embeddable":true,"href":"https:\/\/ellotv.com.br\/site\/wp-json\/wp\/v2\/comments?post=6058"}],"version-history":[{"count":1,"href":"https:\/\/ellotv.com.br\/site\/wp-json\/wp\/v2\/posts\/6058\/revisions"}],"predecessor-version":[{"id":6060,"href":"https:\/\/ellotv.com.br\/site\/wp-json\/wp\/v2\/posts\/6058\/revisions\/6060"}],"wp:featuredmedia":[{"embeddable":true,"href":"https:\/\/ellotv.com.br\/site\/wp-json\/wp\/v2\/media\/6059"}],"wp:attachment":[{"href":"https:\/\/ellotv.com.br\/site\/wp-json\/wp\/v2\/media?parent=6058"}],"wp:term":[{"taxonomy":"category","embeddable":true,"href":"https:\/\/ellotv.com.br\/site\/wp-json\/wp\/v2\/categories?post=6058"},{"taxonomy":"post_tag","embeddable":true,"href":"https:\/\/ellotv.com.br\/site\/wp-json\/wp\/v2\/tags?post=6058"}],"curies":[{"name":"wp","href":"https:\/\/api.w.org\/{rel}","templated":true}]}}