{"id":6061,"date":"2026-05-12T11:04:30","date_gmt":"2026-05-12T14:04:30","guid":{"rendered":"https:\/\/ellotv.com.br\/site\/?p=6061"},"modified":"2026-05-12T11:06:43","modified_gmt":"2026-05-12T14:06:43","slug":"dia-do-poeta-egipciense-teve-festa-cultural-com-encontro-de-artistas-e-amantes-da-cultura","status":"publish","type":"post","link":"https:\/\/ellotv.com.br\/site\/2026\/05\/12\/dia-do-poeta-egipciense-teve-festa-cultural-com-encontro-de-artistas-e-amantes-da-cultura\/","title":{"rendered":"Dia do Poeta Egipciense teve festa cultural com encontro de artistas e amantes da cultura"},"content":{"rendered":"<p data-start=\"95\" data-end=\"426\">A cultura e a poesia tomaram conta do <span class=\"hover:entity-accent entity-underline inline cursor-pointer align-baseline\"><span class=\"whitespace-normal\">Beco dos Jos\u00e9s<\/span><\/span> durante a realiza\u00e7\u00e3o do epis\u00f3dio #92 do programa \u201cDiga L\u00e1 Poeta\u201d, em comemora\u00e7\u00e3o ao Dia do Poeta Egipciense. O evento reuniu artistas, poetas e amantes da cultura popular em <span class=\"hover:entity-accent entity-underline inline cursor-pointer align-baseline\"><span class=\"whitespace-normal\">S\u00e3o Jos\u00e9 do Egito<\/span><\/span>, cidade reconhecida como a Terra da Poesia.<\/p>\n<h3 data-section-id=\"19rt1xm\" data-start=\"428\" data-end=\"462\">Noite de cultura e tradi\u00e7\u00e3o<\/h3>\n<p data-start=\"463\" data-end=\"710\">Com apresenta\u00e7\u00f5es culturais, mesa de glosas, m\u00fasica e cantoria, o encontro foi marcado por emo\u00e7\u00e3o e valoriza\u00e7\u00e3o das tradi\u00e7\u00f5es nordestinas. A programa\u00e7\u00e3o destacou o talento local e refor\u00e7ou a import\u00e2ncia da poesia na identidade cultural egipciense.<\/p>\n<h3 data-section-id=\"4i40j5\" data-start=\"712\" data-end=\"740\">Transmiss\u00e3o e alcance<\/h3>\n<p data-start=\"741\" data-end=\"1009\">O evento contou com transmiss\u00e3o ao vivo pela <span class=\"hover:entity-accent entity-underline inline cursor-pointer align-baseline\"><span class=\"whitespace-normal\">ELLO TV<\/span><\/span>, permitindo que o p\u00fablico de diversas regi\u00f5es acompanhasse a celebra\u00e7\u00e3o em tempo real. A iniciativa ampliou o alcance da cultura local, conectando a tradi\u00e7\u00e3o da poesia a novos p\u00fablicos.<\/p>\n<h3 data-section-id=\"1bw9u6x\" data-start=\"1011\" data-end=\"1032\">Apoio cultural<\/h3>\n<p data-start=\"1033\" data-end=\"1230\">A realiza\u00e7\u00e3o teve o apoio da <span class=\"hover:entity-accent entity-underline inline cursor-pointer align-baseline\"><span class=\"whitespace-normal\">Prefeitura Municipal de S\u00e3o Jos\u00e9 do Egito<\/span><\/span> e do <span class=\"hover:entity-accent entity-underline inline cursor-pointer align-baseline\"><span class=\"whitespace-normal\">Grupo Pronto Mais<\/span><\/span>, refor\u00e7ando a parceria entre poder p\u00fablico e iniciativa privada no incentivo \u00e0 cultura.<\/p>\n<h3 data-section-id=\"1s8vjc1\" data-start=\"1232\" data-end=\"1258\">Assista ao epis\u00f3dio<\/h3>\n<p data-start=\"1259\" data-end=\"1406\">Quem n\u00e3o acompanhou ao vivo pode conferir todos os momentos especiais no canal oficial da ELLO TV no YouTube, onde o epis\u00f3dio permanece dispon\u00edvel &gt; <a href=\"https:\/\/www.youtube.com\/live\/f82RP9rFzvE?si=I5WOslX99ni6brC3\">Programa Especial Diga L\u00e1 Poeta na Terra da Poesia | Ep. 92 | Dia do Poeta Egipciense<\/a><\/p>\n<p class=\"style-scope ytd-watch-metadata\"><img fetchpriority=\"high\" decoding=\"async\" class=\"aligncenter wp-image-6076 size-full\" src=\"https:\/\/ellotv.com.br\/site\/wp-content\/uploads\/2026\/05\/WhatsApp-Image-2026-05-12-at-10.50.09-1.jpeg\" alt=\"\" width=\"1600\" height=\"1200\" srcset=\"https:\/\/ellotv.com.br\/site\/wp-content\/uploads\/2026\/05\/WhatsApp-Image-2026-05-12-at-10.50.09-1.jpeg 1600w, https:\/\/ellotv.com.br\/site\/wp-content\/uploads\/2026\/05\/WhatsApp-Image-2026-05-12-at-10.50.09-1-300x225.jpeg 300w, https:\/\/ellotv.com.br\/site\/wp-content\/uploads\/2026\/05\/WhatsApp-Image-2026-05-12-at-10.50.09-1-1024x768.jpeg 1024w, https:\/\/ellotv.com.br\/site\/wp-content\/uploads\/2026\/05\/WhatsApp-Image-2026-05-12-at-10.50.09-1-768x576.jpeg 768w, https:\/\/ellotv.com.br\/site\/wp-content\/uploads\/2026\/05\/WhatsApp-Image-2026-05-12-at-10.50.09-1-1536x1152.jpeg 1536w\" sizes=\"(max-width: 1600px) 100vw, 1600px\" \/> <img decoding=\"async\" class=\"aligncenter wp-image-6075 size-full\" src=\"https:\/\/ellotv.com.br\/site\/wp-content\/uploads\/2026\/05\/WhatsApp-Image-2026-05-12-at-10.50.10.jpeg\" alt=\"\" width=\"1200\" height=\"1600\" srcset=\"https:\/\/ellotv.com.br\/site\/wp-content\/uploads\/2026\/05\/WhatsApp-Image-2026-05-12-at-10.50.10.jpeg 1200w, https:\/\/ellotv.com.br\/site\/wp-content\/uploads\/2026\/05\/WhatsApp-Image-2026-05-12-at-10.50.10-225x300.jpeg 225w, https:\/\/ellotv.com.br\/site\/wp-content\/uploads\/2026\/05\/WhatsApp-Image-2026-05-12-at-10.50.10-768x1024.jpeg 768w, https:\/\/ellotv.com.br\/site\/wp-content\/uploads\/2026\/05\/WhatsApp-Image-2026-05-12-at-10.50.10-1152x1536.jpeg 1152w, https:\/\/ellotv.com.br\/site\/wp-content\/uploads\/2026\/05\/WhatsApp-Image-2026-05-12-at-10.50.10-1024x1365.jpeg 1024w\" sizes=\"(max-width: 1200px) 100vw, 1200px\" \/> <img decoding=\"async\" class=\"aligncenter wp-image-6074 size-full\" src=\"https:\/\/ellotv.com.br\/site\/wp-content\/uploads\/2026\/05\/WhatsApp-Image-2026-05-12-at-10.50.10-1.jpeg\" alt=\"\" width=\"1200\" height=\"1600\" srcset=\"https:\/\/ellotv.com.br\/site\/wp-content\/uploads\/2026\/05\/WhatsApp-Image-2026-05-12-at-10.50.10-1.jpeg 1200w, https:\/\/ellotv.com.br\/site\/wp-content\/uploads\/2026\/05\/WhatsApp-Image-2026-05-12-at-10.50.10-1-225x300.jpeg 225w, https:\/\/ellotv.com.br\/site\/wp-content\/uploads\/2026\/05\/WhatsApp-Image-2026-05-12-at-10.50.10-1-768x1024.jpeg 768w, https:\/\/ellotv.com.br\/site\/wp-content\/uploads\/2026\/05\/WhatsApp-Image-2026-05-12-at-10.50.10-1-1152x1536.jpeg 1152w, https:\/\/ellotv.com.br\/site\/wp-content\/uploads\/2026\/05\/WhatsApp-Image-2026-05-12-at-10.50.10-1-1024x1365.jpeg 1024w\" sizes=\"(max-width: 1200px) 100vw, 1200px\" \/> <img loading=\"lazy\" decoding=\"async\" class=\"aligncenter wp-image-6073 size-full\" src=\"https:\/\/ellotv.com.br\/site\/wp-content\/uploads\/2026\/05\/WhatsApp-Image-2026-05-12-at-10.50.10-2.jpeg\" alt=\"\" width=\"1200\" height=\"1600\" srcset=\"https:\/\/ellotv.com.br\/site\/wp-content\/uploads\/2026\/05\/WhatsApp-Image-2026-05-12-at-10.50.10-2.jpeg 1200w, https:\/\/ellotv.com.br\/site\/wp-content\/uploads\/2026\/05\/WhatsApp-Image-2026-05-12-at-10.50.10-2-225x300.jpeg 225w, https:\/\/ellotv.com.br\/site\/wp-content\/uploads\/2026\/05\/WhatsApp-Image-2026-05-12-at-10.50.10-2-768x1024.jpeg 768w, https:\/\/ellotv.com.br\/site\/wp-content\/uploads\/2026\/05\/WhatsApp-Image-2026-05-12-at-10.50.10-2-1152x1536.jpeg 1152w, https:\/\/ellotv.com.br\/site\/wp-content\/uploads\/2026\/05\/WhatsApp-Image-2026-05-12-at-10.50.10-2-1024x1365.jpeg 1024w\" sizes=\"(max-width: 1200px) 100vw, 1200px\" \/> <img loading=\"lazy\" decoding=\"async\" class=\"aligncenter wp-image-6072 size-full\" src=\"https:\/\/ellotv.com.br\/site\/wp-content\/uploads\/2026\/05\/WhatsApp-Image-2026-05-12-at-10.50.11.jpeg\" alt=\"\" width=\"1200\" height=\"1600\" srcset=\"https:\/\/ellotv.com.br\/site\/wp-content\/uploads\/2026\/05\/WhatsApp-Image-2026-05-12-at-10.50.11.jpeg 1200w, https:\/\/ellotv.com.br\/site\/wp-content\/uploads\/2026\/05\/WhatsApp-Image-2026-05-12-at-10.50.11-225x300.jpeg 225w, https:\/\/ellotv.com.br\/site\/wp-content\/uploads\/2026\/05\/WhatsApp-Image-2026-05-12-at-10.50.11-768x1024.jpeg 768w, https:\/\/ellotv.com.br\/site\/wp-content\/uploads\/2026\/05\/WhatsApp-Image-2026-05-12-at-10.50.11-1152x1536.jpeg 1152w, https:\/\/ellotv.com.br\/site\/wp-content\/uploads\/2026\/05\/WhatsApp-Image-2026-05-12-at-10.50.11-1024x1365.jpeg 1024w\" sizes=\"(max-width: 1200px) 100vw, 1200px\" \/> <img loading=\"lazy\" decoding=\"async\" class=\"aligncenter wp-image-6071 size-full\" src=\"https:\/\/ellotv.com.br\/site\/wp-content\/uploads\/2026\/05\/WhatsApp-Image-2026-05-12-at-10.50.11-1.jpeg\" alt=\"\" width=\"1200\" height=\"1600\" srcset=\"https:\/\/ellotv.com.br\/site\/wp-content\/uploads\/2026\/05\/WhatsApp-Image-2026-05-12-at-10.50.11-1.jpeg 1200w, https:\/\/ellotv.com.br\/site\/wp-content\/uploads\/2026\/05\/WhatsApp-Image-2026-05-12-at-10.50.11-1-225x300.jpeg 225w, https:\/\/ellotv.com.br\/site\/wp-content\/uploads\/2026\/05\/WhatsApp-Image-2026-05-12-at-10.50.11-1-768x1024.jpeg 768w, https:\/\/ellotv.com.br\/site\/wp-content\/uploads\/2026\/05\/WhatsApp-Image-2026-05-12-at-10.50.11-1-1152x1536.jpeg 1152w, https:\/\/ellotv.com.br\/site\/wp-content\/uploads\/2026\/05\/WhatsApp-Image-2026-05-12-at-10.50.11-1-1024x1365.jpeg 1024w\" sizes=\"(max-width: 1200px) 100vw, 1200px\" \/> <img loading=\"lazy\" decoding=\"async\" class=\"aligncenter wp-image-6070 size-full\" src=\"https:\/\/ellotv.com.br\/site\/wp-content\/uploads\/2026\/05\/WhatsApp-Image-2026-05-12-at-10.50.11-2.jpeg\" alt=\"\" width=\"1200\" height=\"1600\" srcset=\"https:\/\/ellotv.com.br\/site\/wp-content\/uploads\/2026\/05\/WhatsApp-Image-2026-05-12-at-10.50.11-2.jpeg 1200w, https:\/\/ellotv.com.br\/site\/wp-content\/uploads\/2026\/05\/WhatsApp-Image-2026-05-12-at-10.50.11-2-225x300.jpeg 225w, https:\/\/ellotv.com.br\/site\/wp-content\/uploads\/2026\/05\/WhatsApp-Image-2026-05-12-at-10.50.11-2-768x1024.jpeg 768w, https:\/\/ellotv.com.br\/site\/wp-content\/uploads\/2026\/05\/WhatsApp-Image-2026-05-12-at-10.50.11-2-1152x1536.jpeg 1152w, https:\/\/ellotv.com.br\/site\/wp-content\/uploads\/2026\/05\/WhatsApp-Image-2026-05-12-at-10.50.11-2-1024x1365.jpeg 1024w\" sizes=\"(max-width: 1200px) 100vw, 1200px\" \/> <img loading=\"lazy\" decoding=\"async\" class=\"aligncenter wp-image-6069 size-full\" src=\"https:\/\/ellotv.com.br\/site\/wp-content\/uploads\/2026\/05\/WhatsApp-Image-2026-05-12-at-10.50.12.jpeg\" alt=\"\" width=\"1600\" height=\"1200\" srcset=\"https:\/\/ellotv.com.br\/site\/wp-content\/uploads\/2026\/05\/WhatsApp-Image-2026-05-12-at-10.50.12.jpeg 1600w, https:\/\/ellotv.com.br\/site\/wp-content\/uploads\/2026\/05\/WhatsApp-Image-2026-05-12-at-10.50.12-300x225.jpeg 300w, https:\/\/ellotv.com.br\/site\/wp-content\/uploads\/2026\/05\/WhatsApp-Image-2026-05-12-at-10.50.12-1024x768.jpeg 1024w, https:\/\/ellotv.com.br\/site\/wp-content\/uploads\/2026\/05\/WhatsApp-Image-2026-05-12-at-10.50.12-768x576.jpeg 768w, https:\/\/ellotv.com.br\/site\/wp-content\/uploads\/2026\/05\/WhatsApp-Image-2026-05-12-at-10.50.12-1536x1152.jpeg 1536w\" sizes=\"(max-width: 1600px) 100vw, 1600px\" \/> <img loading=\"lazy\" decoding=\"async\" class=\"aligncenter wp-image-6068 size-full\" src=\"https:\/\/ellotv.com.br\/site\/wp-content\/uploads\/2026\/05\/WhatsApp-Image-2026-05-12-at-10.50.12-1.jpeg\" alt=\"\" width=\"1200\" height=\"1600\" srcset=\"https:\/\/ellotv.com.br\/site\/wp-content\/uploads\/2026\/05\/WhatsApp-Image-2026-05-12-at-10.50.12-1.jpeg 1200w, https:\/\/ellotv.com.br\/site\/wp-content\/uploads\/2026\/05\/WhatsApp-Image-2026-05-12-at-10.50.12-1-225x300.jpeg 225w, https:\/\/ellotv.com.br\/site\/wp-content\/uploads\/2026\/05\/WhatsApp-Image-2026-05-12-at-10.50.12-1-768x1024.jpeg 768w, https:\/\/ellotv.com.br\/site\/wp-content\/uploads\/2026\/05\/WhatsApp-Image-2026-05-12-at-10.50.12-1-1152x1536.jpeg 1152w, https:\/\/ellotv.com.br\/site\/wp-content\/uploads\/2026\/05\/WhatsApp-Image-2026-05-12-at-10.50.12-1-1024x1365.jpeg 1024w\" sizes=\"(max-width: 1200px) 100vw, 1200px\" \/> <img loading=\"lazy\" decoding=\"async\" class=\"aligncenter wp-image-6067 size-full\" src=\"https:\/\/ellotv.com.br\/site\/wp-content\/uploads\/2026\/05\/WhatsApp-Image-2026-05-12-at-10.50.12-2.jpeg\" alt=\"\" width=\"1200\" height=\"1600\" srcset=\"https:\/\/ellotv.com.br\/site\/wp-content\/uploads\/2026\/05\/WhatsApp-Image-2026-05-12-at-10.50.12-2.jpeg 1200w, https:\/\/ellotv.com.br\/site\/wp-content\/uploads\/2026\/05\/WhatsApp-Image-2026-05-12-at-10.50.12-2-225x300.jpeg 225w, https:\/\/ellotv.com.br\/site\/wp-content\/uploads\/2026\/05\/WhatsApp-Image-2026-05-12-at-10.50.12-2-768x1024.jpeg 768w, https:\/\/ellotv.com.br\/site\/wp-content\/uploads\/2026\/05\/WhatsApp-Image-2026-05-12-at-10.50.12-2-1152x1536.jpeg 1152w, https:\/\/ellotv.com.br\/site\/wp-content\/uploads\/2026\/05\/WhatsApp-Image-2026-05-12-at-10.50.12-2-1024x1365.jpeg 1024w\" sizes=\"(max-width: 1200px) 100vw, 1200px\" \/> <img loading=\"lazy\" decoding=\"async\" class=\"aligncenter wp-image-6066 size-full\" src=\"https:\/\/ellotv.com.br\/site\/wp-content\/uploads\/2026\/05\/WhatsApp-Image-2026-05-12-at-10.50.13.jpeg\" alt=\"\" width=\"1200\" height=\"1600\" srcset=\"https:\/\/ellotv.com.br\/site\/wp-content\/uploads\/2026\/05\/WhatsApp-Image-2026-05-12-at-10.50.13.jpeg 1200w, https:\/\/ellotv.com.br\/site\/wp-content\/uploads\/2026\/05\/WhatsApp-Image-2026-05-12-at-10.50.13-225x300.jpeg 225w, https:\/\/ellotv.com.br\/site\/wp-content\/uploads\/2026\/05\/WhatsApp-Image-2026-05-12-at-10.50.13-768x1024.jpeg 768w, https:\/\/ellotv.com.br\/site\/wp-content\/uploads\/2026\/05\/WhatsApp-Image-2026-05-12-at-10.50.13-1152x1536.jpeg 1152w, https:\/\/ellotv.com.br\/site\/wp-content\/uploads\/2026\/05\/WhatsApp-Image-2026-05-12-at-10.50.13-1024x1365.jpeg 1024w\" sizes=\"(max-width: 1200px) 100vw, 1200px\" \/> <img loading=\"lazy\" decoding=\"async\" class=\"aligncenter wp-image-6065 size-full\" src=\"https:\/\/ellotv.com.br\/site\/wp-content\/uploads\/2026\/05\/WhatsApp-Image-2026-05-12-at-10.50.13-1.jpeg\" alt=\"\" width=\"900\" height=\"1600\" srcset=\"https:\/\/ellotv.com.br\/site\/wp-content\/uploads\/2026\/05\/WhatsApp-Image-2026-05-12-at-10.50.13-1.jpeg 900w, https:\/\/ellotv.com.br\/site\/wp-content\/uploads\/2026\/05\/WhatsApp-Image-2026-05-12-at-10.50.13-1-169x300.jpeg 169w, https:\/\/ellotv.com.br\/site\/wp-content\/uploads\/2026\/05\/WhatsApp-Image-2026-05-12-at-10.50.13-1-576x1024.jpeg 576w, https:\/\/ellotv.com.br\/site\/wp-content\/uploads\/2026\/05\/WhatsApp-Image-2026-05-12-at-10.50.13-1-768x1365.jpeg 768w, https:\/\/ellotv.com.br\/site\/wp-content\/uploads\/2026\/05\/WhatsApp-Image-2026-05-12-at-10.50.13-1-864x1536.jpeg 864w\" sizes=\"(max-width: 900px) 100vw, 900px\" \/> <img loading=\"lazy\" decoding=\"async\" class=\"aligncenter wp-image-6064 size-full\" src=\"https:\/\/ellotv.com.br\/site\/wp-content\/uploads\/2026\/05\/WhatsApp-Image-2026-05-12-at-10.50.13-2.jpeg\" alt=\"\" width=\"1200\" height=\"1600\" srcset=\"https:\/\/ellotv.com.br\/site\/wp-content\/uploads\/2026\/05\/WhatsApp-Image-2026-05-12-at-10.50.13-2.jpeg 1200w, https:\/\/ellotv.com.br\/site\/wp-content\/uploads\/2026\/05\/WhatsApp-Image-2026-05-12-at-10.50.13-2-225x300.jpeg 225w, https:\/\/ellotv.com.br\/site\/wp-content\/uploads\/2026\/05\/WhatsApp-Image-2026-05-12-at-10.50.13-2-768x1024.jpeg 768w, https:\/\/ellotv.com.br\/site\/wp-content\/uploads\/2026\/05\/WhatsApp-Image-2026-05-12-at-10.50.13-2-1152x1536.jpeg 1152w, https:\/\/ellotv.com.br\/site\/wp-content\/uploads\/2026\/05\/WhatsApp-Image-2026-05-12-at-10.50.13-2-1024x1365.jpeg 1024w\" sizes=\"(max-width: 1200px) 100vw, 1200px\" \/><img loading=\"lazy\" decoding=\"async\" class=\"aligncenter wp-image-6063 size-full\" src=\"https:\/\/ellotv.com.br\/site\/wp-content\/uploads\/2026\/05\/WhatsApp-Image-2026-05-12-at-10.50.14.jpeg\" alt=\"\" width=\"1200\" height=\"1600\" srcset=\"https:\/\/ellotv.com.br\/site\/wp-content\/uploads\/2026\/05\/WhatsApp-Image-2026-05-12-at-10.50.14.jpeg 1200w, https:\/\/ellotv.com.br\/site\/wp-content\/uploads\/2026\/05\/WhatsApp-Image-2026-05-12-at-10.50.14-225x300.jpeg 225w, https:\/\/ellotv.com.br\/site\/wp-content\/uploads\/2026\/05\/WhatsApp-Image-2026-05-12-at-10.50.14-768x1024.jpeg 768w, https:\/\/ellotv.com.br\/site\/wp-content\/uploads\/2026\/05\/WhatsApp-Image-2026-05-12-at-10.50.14-1152x1536.jpeg 1152w, https:\/\/ellotv.com.br\/site\/wp-content\/uploads\/2026\/05\/WhatsApp-Image-2026-05-12-at-10.50.14-1024x1365.jpeg 1024w\" sizes=\"(max-width: 1200px) 100vw, 1200px\" \/><\/p>\n","protected":false},"excerpt":{"rendered":"<p>A cultura e a poesia tomaram conta do Beco dos Jos\u00e9s durante a realiza\u00e7\u00e3o do epis\u00f3dio #92 do<\/p>\n","protected":false},"author":2,"featured_media":6062,"comment_status":"open","ping_status":"open","sticky":false,"template":"","format":"standard","meta":{"footnotes":""},"categories":[1,12,9],"tags":[],"class_list":["post-6061","post","type-post","status-publish","format-standard","has-post-thumbnail","hentry","category-ello","category-noticias","category-regional"],"yoast_head":"<!-- This site is optimized with the Yoast SEO plugin v28.3 - https:\/\/yoast.com\/product\/yoast-seo-wordpress\/ -->\n<title>Dia do Poeta Egipciense teve festa cultural com encontro de artistas e amantes da cultura - Ello TV<\/title>\n<meta name=\"description\" content=\"Beco dos Jos\u00e9s recebe epis\u00f3dio #92 do Diga L\u00e1 Poeta em celebra\u00e7\u00e3o ao Dia do Poeta Egipciense, com cultura, m\u00fasica e transmiss\u00e3o ao vivo pela ELLO TV.\" \/>\n<meta name=\"robots\" content=\"index, follow, max-snippet:-1, max-image-preview:large, max-video-preview:-1\" \/>\n<link rel=\"canonical\" href=\"https:\/\/ellotv.com.br\/site\/2026\/05\/12\/dia-do-poeta-egipciense-teve-festa-cultural-com-encontro-de-artistas-e-amantes-da-cultura\/\" \/>\n<meta property=\"og:locale\" content=\"pt_BR\" \/>\n<meta property=\"og:type\" content=\"article\" \/>\n<meta property=\"og:title\" content=\"Dia do Poeta Egipciense teve festa cultural com encontro de artistas e amantes da cultura - Ello TV\" \/>\n<meta property=\"og:description\" content=\"Beco dos Jos\u00e9s recebe epis\u00f3dio #92 do Diga L\u00e1 Poeta em celebra\u00e7\u00e3o ao Dia do Poeta Egipciense, com cultura, m\u00fasica e transmiss\u00e3o ao vivo pela ELLO TV.\" \/>\n<meta property=\"og:url\" content=\"https:\/\/ellotv.com.br\/site\/2026\/05\/12\/dia-do-poeta-egipciense-teve-festa-cultural-com-encontro-de-artistas-e-amantes-da-cultura\/\" \/>\n<meta property=\"og:site_name\" content=\"Ello TV\" \/>\n<meta property=\"article:published_time\" content=\"2026-05-12T14:04:30+00:00\" \/>\n<meta property=\"article:modified_time\" content=\"2026-05-12T14:06:43+00:00\" \/>\n<meta property=\"og:image\" content=\"https:\/\/ellotv.com.br\/site\/wp-content\/uploads\/2026\/05\/WhatsApp-Image-2026-05-12-at-10.50.09.jpeg\" \/>\n\t<meta property=\"og:image:width\" content=\"1600\" \/>\n\t<meta property=\"og:image:height\" content=\"1200\" \/>\n\t<meta property=\"og:image:type\" content=\"image\/jpeg\" \/>\n<meta name=\"author\" content=\"ELLO TV\" \/>\n<meta name=\"twitter:card\" content=\"summary_large_image\" \/>\n<meta name=\"twitter:label1\" content=\"Escrito por\" \/>\n\t<meta name=\"twitter:data1\" content=\"ELLO TV\" \/>\n\t<meta name=\"twitter:label2\" content=\"Est. tempo de leitura\" \/>\n\t<meta name=\"twitter:data2\" content=\"1 minuto\" \/>\n<script type=\"application\/ld+json\" class=\"yoast-schema-graph\">{\"@context\":\"https:\\\/\\\/schema.org\",\"@graph\":[{\"@type\":\"Article\",\"@id\":\"https:\\\/\\\/ellotv.com.br\\\/site\\\/2026\\\/05\\\/12\\\/dia-do-poeta-egipciense-teve-festa-cultural-com-encontro-de-artistas-e-amantes-da-cultura\\\/#article\",\"isPartOf\":{\"@id\":\"https:\\\/\\\/ellotv.com.br\\\/site\\\/2026\\\/05\\\/12\\\/dia-do-poeta-egipciense-teve-festa-cultural-com-encontro-de-artistas-e-amantes-da-cultura\\\/\"},\"author\":{\"name\":\"ELLO TV\",\"@id\":\"https:\\\/\\\/ellotv.com.br\\\/site\\\/#\\\/schema\\\/person\\\/2dbe3abaee38dcc7332fc8205cd2b15d\"},\"headline\":\"Dia do Poeta Egipciense teve festa cultural com encontro de artistas e amantes da cultura\",\"datePublished\":\"2026-05-12T14:04:30+00:00\",\"dateModified\":\"2026-05-12T14:06:43+00:00\",\"mainEntityOfPage\":{\"@id\":\"https:\\\/\\\/ellotv.com.br\\\/site\\\/2026\\\/05\\\/12\\\/dia-do-poeta-egipciense-teve-festa-cultural-com-encontro-de-artistas-e-amantes-da-cultura\\\/\"},\"wordCount\":251,\"commentCount\":0,\"publisher\":{\"@id\":\"https:\\\/\\\/ellotv.com.br\\\/site\\\/#organization\"},\"image\":{\"@id\":\"https:\\\/\\\/ellotv.com.br\\\/site\\\/2026\\\/05\\\/12\\\/dia-do-poeta-egipciense-teve-festa-cultural-com-encontro-de-artistas-e-amantes-da-cultura\\\/#primaryimage\"},\"thumbnailUrl\":\"https:\\\/\\\/ellotv.com.br\\\/site\\\/wp-content\\\/uploads\\\/2026\\\/05\\\/WhatsApp-Image-2026-05-12-at-10.50.09.jpeg\",\"articleSection\":[\"Ello\",\"Noticias\",\"Regional\"],\"inLanguage\":\"pt-BR\",\"potentialAction\":[{\"@type\":\"CommentAction\",\"name\":\"Comment\",\"target\":[\"https:\\\/\\\/ellotv.com.br\\\/site\\\/2026\\\/05\\\/12\\\/dia-do-poeta-egipciense-teve-festa-cultural-com-encontro-de-artistas-e-amantes-da-cultura\\\/#respond\"]}]},{\"@type\":\"WebPage\",\"@id\":\"https:\\\/\\\/ellotv.com.br\\\/site\\\/2026\\\/05\\\/12\\\/dia-do-poeta-egipciense-teve-festa-cultural-com-encontro-de-artistas-e-amantes-da-cultura\\\/\",\"url\":\"https:\\\/\\\/ellotv.com.br\\\/site\\\/2026\\\/05\\\/12\\\/dia-do-poeta-egipciense-teve-festa-cultural-com-encontro-de-artistas-e-amantes-da-cultura\\\/\",\"name\":\"Dia do Poeta Egipciense teve festa cultural com encontro de artistas e amantes da cultura - Ello TV\",\"isPartOf\":{\"@id\":\"https:\\\/\\\/ellotv.com.br\\\/site\\\/#website\"},\"primaryImageOfPage\":{\"@id\":\"https:\\\/\\\/ellotv.com.br\\\/site\\\/2026\\\/05\\\/12\\\/dia-do-poeta-egipciense-teve-festa-cultural-com-encontro-de-artistas-e-amantes-da-cultura\\\/#primaryimage\"},\"image\":{\"@id\":\"https:\\\/\\\/ellotv.com.br\\\/site\\\/2026\\\/05\\\/12\\\/dia-do-poeta-egipciense-teve-festa-cultural-com-encontro-de-artistas-e-amantes-da-cultura\\\/#primaryimage\"},\"thumbnailUrl\":\"https:\\\/\\\/ellotv.com.br\\\/site\\\/wp-content\\\/uploads\\\/2026\\\/05\\\/WhatsApp-Image-2026-05-12-at-10.50.09.jpeg\",\"datePublished\":\"2026-05-12T14:04:30+00:00\",\"dateModified\":\"2026-05-12T14:06:43+00:00\",\"description\":\"Beco dos Jos\u00e9s recebe epis\u00f3dio #92 do Diga L\u00e1 Poeta em celebra\u00e7\u00e3o ao Dia do Poeta Egipciense, com cultura, m\u00fasica e transmiss\u00e3o ao vivo pela ELLO TV.\",\"breadcrumb\":{\"@id\":\"https:\\\/\\\/ellotv.com.br\\\/site\\\/2026\\\/05\\\/12\\\/dia-do-poeta-egipciense-teve-festa-cultural-com-encontro-de-artistas-e-amantes-da-cultura\\\/#breadcrumb\"},\"inLanguage\":\"pt-BR\",\"potentialAction\":[{\"@type\":\"ReadAction\",\"target\":[\"https:\\\/\\\/ellotv.com.br\\\/site\\\/2026\\\/05\\\/12\\\/dia-do-poeta-egipciense-teve-festa-cultural-com-encontro-de-artistas-e-amantes-da-cultura\\\/\"]}]},{\"@type\":\"ImageObject\",\"inLanguage\":\"pt-BR\",\"@id\":\"https:\\\/\\\/ellotv.com.br\\\/site\\\/2026\\\/05\\\/12\\\/dia-do-poeta-egipciense-teve-festa-cultural-com-encontro-de-artistas-e-amantes-da-cultura\\\/#primaryimage\",\"url\":\"https:\\\/\\\/ellotv.com.br\\\/site\\\/wp-content\\\/uploads\\\/2026\\\/05\\\/WhatsApp-Image-2026-05-12-at-10.50.09.jpeg\",\"contentUrl\":\"https:\\\/\\\/ellotv.com.br\\\/site\\\/wp-content\\\/uploads\\\/2026\\\/05\\\/WhatsApp-Image-2026-05-12-at-10.50.09.jpeg\",\"width\":1600,\"height\":1200},{\"@type\":\"BreadcrumbList\",\"@id\":\"https:\\\/\\\/ellotv.com.br\\\/site\\\/2026\\\/05\\\/12\\\/dia-do-poeta-egipciense-teve-festa-cultural-com-encontro-de-artistas-e-amantes-da-cultura\\\/#breadcrumb\",\"itemListElement\":[{\"@type\":\"ListItem\",\"position\":1,\"name\":\"In\u00edcio\",\"item\":\"https:\\\/\\\/ellotv.com.br\\\/site\\\/\"},{\"@type\":\"ListItem\",\"position\":2,\"name\":\"Dia do Poeta Egipciense teve festa cultural com encontro de artistas e amantes da cultura\"}]},{\"@type\":\"WebSite\",\"@id\":\"https:\\\/\\\/ellotv.com.br\\\/site\\\/#website\",\"url\":\"https:\\\/\\\/ellotv.com.br\\\/site\\\/\",\"name\":\"ELLO TV\",\"description\":\"\",\"publisher\":{\"@id\":\"https:\\\/\\\/ellotv.com.br\\\/site\\\/#organization\"},\"potentialAction\":[{\"@type\":\"SearchAction\",\"target\":{\"@type\":\"EntryPoint\",\"urlTemplate\":\"https:\\\/\\\/ellotv.com.br\\\/site\\\/?s={search_term_string}\"},\"query-input\":{\"@type\":\"PropertyValueSpecification\",\"valueRequired\":true,\"valueName\":\"search_term_string\"}}],\"inLanguage\":\"pt-BR\"},{\"@type\":\"Organization\",\"@id\":\"https:\\\/\\\/ellotv.com.br\\\/site\\\/#organization\",\"name\":\"ELLO TV\",\"url\":\"https:\\\/\\\/ellotv.com.br\\\/site\\\/\",\"logo\":{\"@type\":\"ImageObject\",\"inLanguage\":\"pt-BR\",\"@id\":\"https:\\\/\\\/ellotv.com.br\\\/site\\\/#\\\/schema\\\/logo\\\/image\\\/\",\"url\":\"https:\\\/\\\/ellotv.com.br\\\/site\\\/wp-content\\\/uploads\\\/2025\\\/11\\\/ello-logo-2.fw_.png\",\"contentUrl\":\"https:\\\/\\\/ellotv.com.br\\\/site\\\/wp-content\\\/uploads\\\/2025\\\/11\\\/ello-logo-2.fw_.png\",\"width\":400,\"height\":146,\"caption\":\"ELLO TV\"},\"image\":{\"@id\":\"https:\\\/\\\/ellotv.com.br\\\/site\\\/#\\\/schema\\\/logo\\\/image\\\/\"}},{\"@type\":\"Person\",\"@id\":\"https:\\\/\\\/ellotv.com.br\\\/site\\\/#\\\/schema\\\/person\\\/2dbe3abaee38dcc7332fc8205cd2b15d\",\"name\":\"ELLO TV\",\"image\":{\"@type\":\"ImageObject\",\"inLanguage\":\"pt-BR\",\"@id\":\"https:\\\/\\\/secure.gravatar.com\\\/avatar\\\/c38242b9da8ec217ac3f0aaee31a54f7d7befb11b2b47fdbc8fb0fad60afa1c6?s=96&d=mm&r=g\",\"url\":\"https:\\\/\\\/secure.gravatar.com\\\/avatar\\\/c38242b9da8ec217ac3f0aaee31a54f7d7befb11b2b47fdbc8fb0fad60afa1c6?s=96&d=mm&r=g\",\"contentUrl\":\"https:\\\/\\\/secure.gravatar.com\\\/avatar\\\/c38242b9da8ec217ac3f0aaee31a54f7d7befb11b2b47fdbc8fb0fad60afa1c6?s=96&d=mm&r=g\",\"caption\":\"ELLO TV\"},\"url\":\"https:\\\/\\\/ellotv.com.br\\\/site\\\/author\\\/elloagencia\\\/\"}]}<\/script>\n<!-- \/ Yoast SEO plugin. -->","yoast_head_json":{"title":"Dia do Poeta Egipciense teve festa cultural com encontro de artistas e amantes da cultura - Ello TV","description":"Beco dos Jos\u00e9s recebe epis\u00f3dio #92 do Diga L\u00e1 Poeta em celebra\u00e7\u00e3o ao Dia do Poeta Egipciense, com cultura, m\u00fasica e transmiss\u00e3o ao vivo pela ELLO TV.","robots":{"index":"index","follow":"follow","max-snippet":"max-snippet:-1","max-image-preview":"max-image-preview:large","max-video-preview":"max-video-preview:-1"},"canonical":"https:\/\/ellotv.com.br\/site\/2026\/05\/12\/dia-do-poeta-egipciense-teve-festa-cultural-com-encontro-de-artistas-e-amantes-da-cultura\/","og_locale":"pt_BR","og_type":"article","og_title":"Dia do Poeta Egipciense teve festa cultural com encontro de artistas e amantes da cultura - Ello TV","og_description":"Beco dos Jos\u00e9s recebe epis\u00f3dio #92 do Diga L\u00e1 Poeta em celebra\u00e7\u00e3o ao Dia do Poeta Egipciense, com cultura, m\u00fasica e transmiss\u00e3o ao vivo pela ELLO TV.","og_url":"https:\/\/ellotv.com.br\/site\/2026\/05\/12\/dia-do-poeta-egipciense-teve-festa-cultural-com-encontro-de-artistas-e-amantes-da-cultura\/","og_site_name":"Ello TV","article_published_time":"2026-05-12T14:04:30+00:00","article_modified_time":"2026-05-12T14:06:43+00:00","og_image":[{"width":1600,"height":1200,"url":"https:\/\/ellotv.com.br\/site\/wp-content\/uploads\/2026\/05\/WhatsApp-Image-2026-05-12-at-10.50.09.jpeg","type":"image\/jpeg"}],"author":"ELLO TV","twitter_card":"summary_large_image","twitter_misc":{"Escrito por":"ELLO TV","Est. tempo de leitura":"1 minuto"},"schema":{"@context":"https:\/\/schema.org","@graph":[{"@type":"Article","@id":"https:\/\/ellotv.com.br\/site\/2026\/05\/12\/dia-do-poeta-egipciense-teve-festa-cultural-com-encontro-de-artistas-e-amantes-da-cultura\/#article","isPartOf":{"@id":"https:\/\/ellotv.com.br\/site\/2026\/05\/12\/dia-do-poeta-egipciense-teve-festa-cultural-com-encontro-de-artistas-e-amantes-da-cultura\/"},"author":{"name":"ELLO TV","@id":"https:\/\/ellotv.com.br\/site\/#\/schema\/person\/2dbe3abaee38dcc7332fc8205cd2b15d"},"headline":"Dia do Poeta Egipciense teve festa cultural com encontro de artistas e amantes da cultura","datePublished":"2026-05-12T14:04:30+00:00","dateModified":"2026-05-12T14:06:43+00:00","mainEntityOfPage":{"@id":"https:\/\/ellotv.com.br\/site\/2026\/05\/12\/dia-do-poeta-egipciense-teve-festa-cultural-com-encontro-de-artistas-e-amantes-da-cultura\/"},"wordCount":251,"commentCount":0,"publisher":{"@id":"https:\/\/ellotv.com.br\/site\/#organization"},"image":{"@id":"https:\/\/ellotv.com.br\/site\/2026\/05\/12\/dia-do-poeta-egipciense-teve-festa-cultural-com-encontro-de-artistas-e-amantes-da-cultura\/#primaryimage"},"thumbnailUrl":"https:\/\/ellotv.com.br\/site\/wp-content\/uploads\/2026\/05\/WhatsApp-Image-2026-05-12-at-10.50.09.jpeg","articleSection":["Ello","Noticias","Regional"],"inLanguage":"pt-BR","potentialAction":[{"@type":"CommentAction","name":"Comment","target":["https:\/\/ellotv.com.br\/site\/2026\/05\/12\/dia-do-poeta-egipciense-teve-festa-cultural-com-encontro-de-artistas-e-amantes-da-cultura\/#respond"]}]},{"@type":"WebPage","@id":"https:\/\/ellotv.com.br\/site\/2026\/05\/12\/dia-do-poeta-egipciense-teve-festa-cultural-com-encontro-de-artistas-e-amantes-da-cultura\/","url":"https:\/\/ellotv.com.br\/site\/2026\/05\/12\/dia-do-poeta-egipciense-teve-festa-cultural-com-encontro-de-artistas-e-amantes-da-cultura\/","name":"Dia do Poeta Egipciense teve festa cultural com encontro de artistas e amantes da cultura - Ello TV","isPartOf":{"@id":"https:\/\/ellotv.com.br\/site\/#website"},"primaryImageOfPage":{"@id":"https:\/\/ellotv.com.br\/site\/2026\/05\/12\/dia-do-poeta-egipciense-teve-festa-cultural-com-encontro-de-artistas-e-amantes-da-cultura\/#primaryimage"},"image":{"@id":"https:\/\/ellotv.com.br\/site\/2026\/05\/12\/dia-do-poeta-egipciense-teve-festa-cultural-com-encontro-de-artistas-e-amantes-da-cultura\/#primaryimage"},"thumbnailUrl":"https:\/\/ellotv.com.br\/site\/wp-content\/uploads\/2026\/05\/WhatsApp-Image-2026-05-12-at-10.50.09.jpeg","datePublished":"2026-05-12T14:04:30+00:00","dateModified":"2026-05-12T14:06:43+00:00","description":"Beco dos Jos\u00e9s recebe epis\u00f3dio #92 do Diga L\u00e1 Poeta em celebra\u00e7\u00e3o ao Dia do Poeta Egipciense, com cultura, m\u00fasica e transmiss\u00e3o ao vivo pela ELLO TV.","breadcrumb":{"@id":"https:\/\/ellotv.com.br\/site\/2026\/05\/12\/dia-do-poeta-egipciense-teve-festa-cultural-com-encontro-de-artistas-e-amantes-da-cultura\/#breadcrumb"},"inLanguage":"pt-BR","potentialAction":[{"@type":"ReadAction","target":["https:\/\/ellotv.com.br\/site\/2026\/05\/12\/dia-do-poeta-egipciense-teve-festa-cultural-com-encontro-de-artistas-e-amantes-da-cultura\/"]}]},{"@type":"ImageObject","inLanguage":"pt-BR","@id":"https:\/\/ellotv.com.br\/site\/2026\/05\/12\/dia-do-poeta-egipciense-teve-festa-cultural-com-encontro-de-artistas-e-amantes-da-cultura\/#primaryimage","url":"https:\/\/ellotv.com.br\/site\/wp-content\/uploads\/2026\/05\/WhatsApp-Image-2026-05-12-at-10.50.09.jpeg","contentUrl":"https:\/\/ellotv.com.br\/site\/wp-content\/uploads\/2026\/05\/WhatsApp-Image-2026-05-12-at-10.50.09.jpeg","width":1600,"height":1200},{"@type":"BreadcrumbList","@id":"https:\/\/ellotv.com.br\/site\/2026\/05\/12\/dia-do-poeta-egipciense-teve-festa-cultural-com-encontro-de-artistas-e-amantes-da-cultura\/#breadcrumb","itemListElement":[{"@type":"ListItem","position":1,"name":"In\u00edcio","item":"https:\/\/ellotv.com.br\/site\/"},{"@type":"ListItem","position":2,"name":"Dia do Poeta Egipciense teve festa cultural com encontro de artistas e amantes da cultura"}]},{"@type":"WebSite","@id":"https:\/\/ellotv.com.br\/site\/#website","url":"https:\/\/ellotv.com.br\/site\/","name":"ELLO TV","description":"","publisher":{"@id":"https:\/\/ellotv.com.br\/site\/#organization"},"potentialAction":[{"@type":"SearchAction","target":{"@type":"EntryPoint","urlTemplate":"https:\/\/ellotv.com.br\/site\/?s={search_term_string}"},"query-input":{"@type":"PropertyValueSpecification","valueRequired":true,"valueName":"search_term_string"}}],"inLanguage":"pt-BR"},{"@type":"Organization","@id":"https:\/\/ellotv.com.br\/site\/#organization","name":"ELLO TV","url":"https:\/\/ellotv.com.br\/site\/","logo":{"@type":"ImageObject","inLanguage":"pt-BR","@id":"https:\/\/ellotv.com.br\/site\/#\/schema\/logo\/image\/","url":"https:\/\/ellotv.com.br\/site\/wp-content\/uploads\/2025\/11\/ello-logo-2.fw_.png","contentUrl":"https:\/\/ellotv.com.br\/site\/wp-content\/uploads\/2025\/11\/ello-logo-2.fw_.png","width":400,"height":146,"caption":"ELLO TV"},"image":{"@id":"https:\/\/ellotv.com.br\/site\/#\/schema\/logo\/image\/"}},{"@type":"Person","@id":"https:\/\/ellotv.com.br\/site\/#\/schema\/person\/2dbe3abaee38dcc7332fc8205cd2b15d","name":"ELLO TV","image":{"@type":"ImageObject","inLanguage":"pt-BR","@id":"https:\/\/secure.gravatar.com\/avatar\/c38242b9da8ec217ac3f0aaee31a54f7d7befb11b2b47fdbc8fb0fad60afa1c6?s=96&d=mm&r=g","url":"https:\/\/secure.gravatar.com\/avatar\/c38242b9da8ec217ac3f0aaee31a54f7d7befb11b2b47fdbc8fb0fad60afa1c6?s=96&d=mm&r=g","contentUrl":"https:\/\/secure.gravatar.com\/avatar\/c38242b9da8ec217ac3f0aaee31a54f7d7befb11b2b47fdbc8fb0fad60afa1c6?s=96&d=mm&r=g","caption":"ELLO TV"},"url":"https:\/\/ellotv.com.br\/site\/author\/elloagencia\/"}]}},"featured_image_urls":{"full":["https:\/\/ellotv.com.br\/site\/wp-content\/uploads\/2026\/05\/WhatsApp-Image-2026-05-12-at-10.50.09.jpeg",1600,1200,false],"thumbnail":["https:\/\/ellotv.com.br\/site\/wp-content\/uploads\/2026\/05\/WhatsApp-Image-2026-05-12-at-10.50.09-150x150.jpeg",150,150,true],"medium":["https:\/\/ellotv.com.br\/site\/wp-content\/uploads\/2026\/05\/WhatsApp-Image-2026-05-12-at-10.50.09-300x225.jpeg",300,225,true],"medium_large":["https:\/\/ellotv.com.br\/site\/wp-content\/uploads\/2026\/05\/WhatsApp-Image-2026-05-12-at-10.50.09-768x576.jpeg",640,480,true],"large":["https:\/\/ellotv.com.br\/site\/wp-content\/uploads\/2026\/05\/WhatsApp-Image-2026-05-12-at-10.50.09-1024x768.jpeg",640,480,true],"1536x1536":["https:\/\/ellotv.com.br\/site\/wp-content\/uploads\/2026\/05\/WhatsApp-Image-2026-05-12-at-10.50.09-1536x1152.jpeg",1536,1152,true],"2048x2048":["https:\/\/ellotv.com.br\/site\/wp-content\/uploads\/2026\/05\/WhatsApp-Image-2026-05-12-at-10.50.09.jpeg",1600,1200,false],"darknews-slider-full":["https:\/\/ellotv.com.br\/site\/wp-content\/uploads\/2026\/05\/WhatsApp-Image-2026-05-12-at-10.50.09-1280x720.jpeg",1280,720,true],"darknews-featured":["https:\/\/ellotv.com.br\/site\/wp-content\/uploads\/2026\/05\/WhatsApp-Image-2026-05-12-at-10.50.09-1024x768.jpeg",1024,768,true],"darknews-medium":["https:\/\/ellotv.com.br\/site\/wp-content\/uploads\/2026\/05\/WhatsApp-Image-2026-05-12-at-10.50.09-720x530.jpeg",720,530,true],"darknews-medium-square":["https:\/\/ellotv.com.br\/site\/wp-content\/uploads\/2026\/05\/WhatsApp-Image-2026-05-12-at-10.50.09-350x350.jpeg",350,350,true]},"author_info":{"info":["ELLO TV"]},"category_info":"<a href=\"https:\/\/ellotv.com.br\/site\/category\/ello\/\" rel=\"category tag\">Ello<\/a> <a href=\"https:\/\/ellotv.com.br\/site\/category\/noticias\/\" rel=\"category tag\">Noticias<\/a> <a href=\"https:\/\/ellotv.com.br\/site\/category\/regional\/\" rel=\"category tag\">Regional<\/a>","tag_info":"Regional","comment_count":"0","_links":{"self":[{"href":"https:\/\/ellotv.com.br\/site\/wp-json\/wp\/v2\/posts\/6061","targetHints":{"allow":["GET"]}}],"collection":[{"href":"https:\/\/ellotv.com.br\/site\/wp-json\/wp\/v2\/posts"}],"about":[{"href":"https:\/\/ellotv.com.br\/site\/wp-json\/wp\/v2\/types\/post"}],"author":[{"embeddable":true,"href":"https:\/\/ellotv.com.br\/site\/wp-json\/wp\/v2\/users\/2"}],"replies":[{"embeddable":true,"href":"https:\/\/ellotv.com.br\/site\/wp-json\/wp\/v2\/comments?post=6061"}],"version-history":[{"count":2,"href":"https:\/\/ellotv.com.br\/site\/wp-json\/wp\/v2\/posts\/6061\/revisions"}],"predecessor-version":[{"id":6079,"href":"https:\/\/ellotv.com.br\/site\/wp-json\/wp\/v2\/posts\/6061\/revisions\/6079"}],"wp:featuredmedia":[{"embeddable":true,"href":"https:\/\/ellotv.com.br\/site\/wp-json\/wp\/v2\/media\/6062"}],"wp:attachment":[{"href":"https:\/\/ellotv.com.br\/site\/wp-json\/wp\/v2\/media?parent=6061"}],"wp:term":[{"taxonomy":"category","embeddable":true,"href":"https:\/\/ellotv.com.br\/site\/wp-json\/wp\/v2\/categories?post=6061"},{"taxonomy":"post_tag","embeddable":true,"href":"https:\/\/ellotv.com.br\/site\/wp-json\/wp\/v2\/tags?post=6061"}],"curies":[{"name":"wp","href":"https:\/\/api.w.org\/{rel}","templated":true}]}}