{"id":6093,"date":"2026-05-12T15:30:03","date_gmt":"2026-05-12T18:30:03","guid":{"rendered":"https:\/\/ellotv.com.br\/site\/?p=6093"},"modified":"2026-05-12T15:30:03","modified_gmt":"2026-05-12T18:30:03","slug":"marconi-santana-lidera-articulacao-que-tira-do-papel-a-pavimentacao-da-pe-282-em-iguaracy","status":"publish","type":"post","link":"https:\/\/ellotv.com.br\/site\/2026\/05\/12\/marconi-santana-lidera-articulacao-que-tira-do-papel-a-pavimentacao-da-pe-282-em-iguaracy\/","title":{"rendered":"Marconi Santana lidera articula\u00e7\u00e3o que tira do papel a pavimenta\u00e7\u00e3o da PE-282 em Iguaracy"},"content":{"rendered":"<p data-start=\"82\" data-end=\"427\">O vereador <span class=\"hover:entity-accent entity-underline inline cursor-pointer align-baseline\"><span class=\"whitespace-normal\">Paulinho<\/span><\/span>, o vereador <span class=\"hover:entity-accent entity-underline inline cursor-pointer align-baseline\"><span class=\"whitespace-normal\">Sim\u00e3o<\/span><\/span> e o l\u00edder comunit\u00e1rio <span class=\"hover:entity-accent entity-underline inline cursor-pointer align-baseline\"><span class=\"whitespace-normal\">Beb\u00e9 de Chico dos Bodes<\/span><\/span> celebraram, ao lado do pr\u00e9-candidato <span class=\"hover:entity-accent entity-underline inline cursor-pointer align-baseline\"><span class=\"whitespace-normal\">Marconi Santana<\/span><\/span>, a conquista dos recursos para a pavimenta\u00e7\u00e3o da PE-282, no munic\u00edpio de <span class=\"hover:entity-accent entity-underline inline cursor-pointer align-baseline\"><span class=\"whitespace-normal\">Iguaracy<\/span><\/span>.<\/p>\n<h3 data-section-id=\"ozfcit\" data-start=\"429\" data-end=\"451\">Obra hist\u00f3rica<\/h3>\n<p data-start=\"452\" data-end=\"740\">A interven\u00e7\u00e3o prev\u00ea a pavimenta\u00e7\u00e3o de 16 quil\u00f4metros de asfalto, ligando a sede do munic\u00edpio ao distrito de <span class=\"hover:entity-accent entity-underline inline cursor-pointer align-baseline\"><span class=\"whitespace-normal\">Jabitac\u00e1<\/span><\/span>. A obra \u00e9 resultado da articula\u00e7\u00e3o com a governadora <span class=\"hover:entity-accent entity-underline inline cursor-pointer align-baseline\"><span class=\"whitespace-normal\">Raquel Lyra<\/span><\/span>, garantindo aten\u00e7\u00e3o \u00e0s demandas da popula\u00e7\u00e3o local.<\/p>\n<h3 data-section-id=\"1574ywo\" data-start=\"742\" data-end=\"776\">Mais mobilidade e seguran\u00e7a<\/h3>\n<p data-start=\"777\" data-end=\"1074\">A pavimenta\u00e7\u00e3o da rodovia representa um marco para a infraestrutura regional, oferecendo mais seguran\u00e7a para motoristas e melhores condi\u00e7\u00f5es para o transporte de passageiros e mercadorias. O investimento tamb\u00e9m contribui para o desenvolvimento econ\u00f4mico e a integra\u00e7\u00e3o entre a zona urbana e rural.<\/p>\n<h3 data-section-id=\"1b614ex\" data-start=\"1076\" data-end=\"1108\">Articula\u00e7\u00e3o e compromisso<\/h3>\n<p data-start=\"1109\" data-end=\"1367\">Segundo as lideran\u00e7as envolvidas, o projeto \u00e9 fruto de di\u00e1logo constante com o <span class=\"hover:entity-accent entity-underline inline cursor-pointer align-baseline\"><span class=\"whitespace-normal\">Governo de Pernambuco<\/span><\/span>. A governadora reafirmou o compromisso com a execu\u00e7\u00e3o da obra, atendendo a uma demanda hist\u00f3rica das fam\u00edlias que utilizam a via diariamente.<\/p>\n<h3 data-section-id=\"1nlvo6b\" data-start=\"1369\" data-end=\"1393\">Impacto no Sert\u00e3o<\/h3>\n<p data-start=\"1394\" data-end=\"1586\">Com o in\u00edcio dos trabalhos previsto, a pavimenta\u00e7\u00e3o da PE-282 deve elevar a qualidade de vida da popula\u00e7\u00e3o, impulsionar o crescimento regional e fortalecer a mobilidade no Sert\u00e3o pernambucano.<\/p>\n<p data-start=\"1394\" data-end=\"1586\"><img fetchpriority=\"high\" decoding=\"async\" class=\"aligncenter wp-image-6095 size-full\" src=\"https:\/\/ellotv.com.br\/site\/wp-content\/uploads\/2026\/05\/WhatsApp-Image-2026-05-12-at-15.03.16-1.jpeg\" alt=\"\" width=\"1004\" height=\"1600\" srcset=\"https:\/\/ellotv.com.br\/site\/wp-content\/uploads\/2026\/05\/WhatsApp-Image-2026-05-12-at-15.03.16-1.jpeg 1004w, https:\/\/ellotv.com.br\/site\/wp-content\/uploads\/2026\/05\/WhatsApp-Image-2026-05-12-at-15.03.16-1-188x300.jpeg 188w, https:\/\/ellotv.com.br\/site\/wp-content\/uploads\/2026\/05\/WhatsApp-Image-2026-05-12-at-15.03.16-1-643x1024.jpeg 643w, https:\/\/ellotv.com.br\/site\/wp-content\/uploads\/2026\/05\/WhatsApp-Image-2026-05-12-at-15.03.16-1-768x1224.jpeg 768w, https:\/\/ellotv.com.br\/site\/wp-content\/uploads\/2026\/05\/WhatsApp-Image-2026-05-12-at-15.03.16-1-964x1536.jpeg 964w\" sizes=\"(max-width: 1004px) 100vw, 1004px\" \/><\/p>\n","protected":false},"excerpt":{"rendered":"<p>O vereador Paulinho, o vereador Sim\u00e3o e o l\u00edder comunit\u00e1rio Beb\u00e9 de Chico dos Bodes celebraram, ao lado<\/p>\n","protected":false},"author":2,"featured_media":6094,"comment_status":"open","ping_status":"open","sticky":false,"template":"","format":"standard","meta":{"footnotes":""},"categories":[12,9],"tags":[],"class_list":["post-6093","post","type-post","status-publish","format-standard","has-post-thumbnail","hentry","category-noticias","category-regional"],"yoast_head":"<!-- This site is optimized with the Yoast SEO plugin v28.3 - https:\/\/yoast.com\/product\/yoast-seo-wordpress\/ -->\n<title>Marconi Santana lidera articula\u00e7\u00e3o que tira do papel a pavimenta\u00e7\u00e3o da PE-282 em Iguaracy - Ello TV<\/title>\n<meta name=\"description\" content=\"Pavimenta\u00e7\u00e3o da PE-282 em Iguaracy \u00e9 celebrada por lideran\u00e7as e garante mais mobilidade, seguran\u00e7a e desenvolvimento para a regi\u00e3o.\" \/>\n<meta name=\"robots\" content=\"index, follow, max-snippet:-1, max-image-preview:large, max-video-preview:-1\" \/>\n<link rel=\"canonical\" href=\"https:\/\/ellotv.com.br\/site\/2026\/05\/12\/marconi-santana-lidera-articulacao-que-tira-do-papel-a-pavimentacao-da-pe-282-em-iguaracy\/\" \/>\n<meta property=\"og:locale\" content=\"pt_BR\" \/>\n<meta property=\"og:type\" content=\"article\" \/>\n<meta property=\"og:title\" content=\"Marconi Santana lidera articula\u00e7\u00e3o que tira do papel a pavimenta\u00e7\u00e3o da PE-282 em Iguaracy - Ello TV\" \/>\n<meta property=\"og:description\" content=\"Pavimenta\u00e7\u00e3o da PE-282 em Iguaracy \u00e9 celebrada por lideran\u00e7as e garante mais mobilidade, seguran\u00e7a e desenvolvimento para a regi\u00e3o.\" \/>\n<meta property=\"og:url\" content=\"https:\/\/ellotv.com.br\/site\/2026\/05\/12\/marconi-santana-lidera-articulacao-que-tira-do-papel-a-pavimentacao-da-pe-282-em-iguaracy\/\" \/>\n<meta property=\"og:site_name\" content=\"Ello TV\" \/>\n<meta property=\"article:published_time\" content=\"2026-05-12T18:30:03+00:00\" \/>\n<meta property=\"og:image\" content=\"https:\/\/ellotv.com.br\/site\/wp-content\/uploads\/2026\/05\/WhatsApp-Image-2026-05-12-at-15.03.16.jpeg\" \/>\n\t<meta property=\"og:image:width\" content=\"1242\" \/>\n\t<meta property=\"og:image:height\" content=\"1600\" \/>\n\t<meta property=\"og:image:type\" content=\"image\/jpeg\" \/>\n<meta name=\"author\" content=\"ELLO TV\" \/>\n<meta name=\"twitter:card\" content=\"summary_large_image\" \/>\n<meta name=\"twitter:label1\" content=\"Escrito por\" \/>\n\t<meta name=\"twitter:data1\" content=\"ELLO TV\" \/>\n\t<meta name=\"twitter:label2\" content=\"Est. tempo de leitura\" \/>\n\t<meta name=\"twitter:data2\" content=\"1 minuto\" \/>\n<script type=\"application\/ld+json\" class=\"yoast-schema-graph\">{\"@context\":\"https:\\\/\\\/schema.org\",\"@graph\":[{\"@type\":\"Article\",\"@id\":\"https:\\\/\\\/ellotv.com.br\\\/site\\\/2026\\\/05\\\/12\\\/marconi-santana-lidera-articulacao-que-tira-do-papel-a-pavimentacao-da-pe-282-em-iguaracy\\\/#article\",\"isPartOf\":{\"@id\":\"https:\\\/\\\/ellotv.com.br\\\/site\\\/2026\\\/05\\\/12\\\/marconi-santana-lidera-articulacao-que-tira-do-papel-a-pavimentacao-da-pe-282-em-iguaracy\\\/\"},\"author\":{\"name\":\"ELLO TV\",\"@id\":\"https:\\\/\\\/ellotv.com.br\\\/site\\\/#\\\/schema\\\/person\\\/2dbe3abaee38dcc7332fc8205cd2b15d\"},\"headline\":\"Marconi Santana lidera articula\u00e7\u00e3o que tira do papel a pavimenta\u00e7\u00e3o da PE-282 em Iguaracy\",\"datePublished\":\"2026-05-12T18:30:03+00:00\",\"mainEntityOfPage\":{\"@id\":\"https:\\\/\\\/ellotv.com.br\\\/site\\\/2026\\\/05\\\/12\\\/marconi-santana-lidera-articulacao-que-tira-do-papel-a-pavimentacao-da-pe-282-em-iguaracy\\\/\"},\"wordCount\":239,\"commentCount\":0,\"publisher\":{\"@id\":\"https:\\\/\\\/ellotv.com.br\\\/site\\\/#organization\"},\"image\":{\"@id\":\"https:\\\/\\\/ellotv.com.br\\\/site\\\/2026\\\/05\\\/12\\\/marconi-santana-lidera-articulacao-que-tira-do-papel-a-pavimentacao-da-pe-282-em-iguaracy\\\/#primaryimage\"},\"thumbnailUrl\":\"https:\\\/\\\/ellotv.com.br\\\/site\\\/wp-content\\\/uploads\\\/2026\\\/05\\\/WhatsApp-Image-2026-05-12-at-15.03.16.jpeg\",\"articleSection\":[\"Noticias\",\"Regional\"],\"inLanguage\":\"pt-BR\",\"potentialAction\":[{\"@type\":\"CommentAction\",\"name\":\"Comment\",\"target\":[\"https:\\\/\\\/ellotv.com.br\\\/site\\\/2026\\\/05\\\/12\\\/marconi-santana-lidera-articulacao-que-tira-do-papel-a-pavimentacao-da-pe-282-em-iguaracy\\\/#respond\"]}]},{\"@type\":\"WebPage\",\"@id\":\"https:\\\/\\\/ellotv.com.br\\\/site\\\/2026\\\/05\\\/12\\\/marconi-santana-lidera-articulacao-que-tira-do-papel-a-pavimentacao-da-pe-282-em-iguaracy\\\/\",\"url\":\"https:\\\/\\\/ellotv.com.br\\\/site\\\/2026\\\/05\\\/12\\\/marconi-santana-lidera-articulacao-que-tira-do-papel-a-pavimentacao-da-pe-282-em-iguaracy\\\/\",\"name\":\"Marconi Santana lidera articula\u00e7\u00e3o que tira do papel a pavimenta\u00e7\u00e3o da PE-282 em Iguaracy - Ello TV\",\"isPartOf\":{\"@id\":\"https:\\\/\\\/ellotv.com.br\\\/site\\\/#website\"},\"primaryImageOfPage\":{\"@id\":\"https:\\\/\\\/ellotv.com.br\\\/site\\\/2026\\\/05\\\/12\\\/marconi-santana-lidera-articulacao-que-tira-do-papel-a-pavimentacao-da-pe-282-em-iguaracy\\\/#primaryimage\"},\"image\":{\"@id\":\"https:\\\/\\\/ellotv.com.br\\\/site\\\/2026\\\/05\\\/12\\\/marconi-santana-lidera-articulacao-que-tira-do-papel-a-pavimentacao-da-pe-282-em-iguaracy\\\/#primaryimage\"},\"thumbnailUrl\":\"https:\\\/\\\/ellotv.com.br\\\/site\\\/wp-content\\\/uploads\\\/2026\\\/05\\\/WhatsApp-Image-2026-05-12-at-15.03.16.jpeg\",\"datePublished\":\"2026-05-12T18:30:03+00:00\",\"description\":\"Pavimenta\u00e7\u00e3o da PE-282 em Iguaracy \u00e9 celebrada por lideran\u00e7as e garante mais mobilidade, seguran\u00e7a e desenvolvimento para a regi\u00e3o.\",\"breadcrumb\":{\"@id\":\"https:\\\/\\\/ellotv.com.br\\\/site\\\/2026\\\/05\\\/12\\\/marconi-santana-lidera-articulacao-que-tira-do-papel-a-pavimentacao-da-pe-282-em-iguaracy\\\/#breadcrumb\"},\"inLanguage\":\"pt-BR\",\"potentialAction\":[{\"@type\":\"ReadAction\",\"target\":[\"https:\\\/\\\/ellotv.com.br\\\/site\\\/2026\\\/05\\\/12\\\/marconi-santana-lidera-articulacao-que-tira-do-papel-a-pavimentacao-da-pe-282-em-iguaracy\\\/\"]}]},{\"@type\":\"ImageObject\",\"inLanguage\":\"pt-BR\",\"@id\":\"https:\\\/\\\/ellotv.com.br\\\/site\\\/2026\\\/05\\\/12\\\/marconi-santana-lidera-articulacao-que-tira-do-papel-a-pavimentacao-da-pe-282-em-iguaracy\\\/#primaryimage\",\"url\":\"https:\\\/\\\/ellotv.com.br\\\/site\\\/wp-content\\\/uploads\\\/2026\\\/05\\\/WhatsApp-Image-2026-05-12-at-15.03.16.jpeg\",\"contentUrl\":\"https:\\\/\\\/ellotv.com.br\\\/site\\\/wp-content\\\/uploads\\\/2026\\\/05\\\/WhatsApp-Image-2026-05-12-at-15.03.16.jpeg\",\"width\":1242,\"height\":1600},{\"@type\":\"BreadcrumbList\",\"@id\":\"https:\\\/\\\/ellotv.com.br\\\/site\\\/2026\\\/05\\\/12\\\/marconi-santana-lidera-articulacao-que-tira-do-papel-a-pavimentacao-da-pe-282-em-iguaracy\\\/#breadcrumb\",\"itemListElement\":[{\"@type\":\"ListItem\",\"position\":1,\"name\":\"In\u00edcio\",\"item\":\"https:\\\/\\\/ellotv.com.br\\\/site\\\/\"},{\"@type\":\"ListItem\",\"position\":2,\"name\":\"Marconi Santana lidera articula\u00e7\u00e3o que tira do papel a pavimenta\u00e7\u00e3o da PE-282 em Iguaracy\"}]},{\"@type\":\"WebSite\",\"@id\":\"https:\\\/\\\/ellotv.com.br\\\/site\\\/#website\",\"url\":\"https:\\\/\\\/ellotv.com.br\\\/site\\\/\",\"name\":\"ELLO TV\",\"description\":\"\",\"publisher\":{\"@id\":\"https:\\\/\\\/ellotv.com.br\\\/site\\\/#organization\"},\"potentialAction\":[{\"@type\":\"SearchAction\",\"target\":{\"@type\":\"EntryPoint\",\"urlTemplate\":\"https:\\\/\\\/ellotv.com.br\\\/site\\\/?s={search_term_string}\"},\"query-input\":{\"@type\":\"PropertyValueSpecification\",\"valueRequired\":true,\"valueName\":\"search_term_string\"}}],\"inLanguage\":\"pt-BR\"},{\"@type\":\"Organization\",\"@id\":\"https:\\\/\\\/ellotv.com.br\\\/site\\\/#organization\",\"name\":\"ELLO TV\",\"url\":\"https:\\\/\\\/ellotv.com.br\\\/site\\\/\",\"logo\":{\"@type\":\"ImageObject\",\"inLanguage\":\"pt-BR\",\"@id\":\"https:\\\/\\\/ellotv.com.br\\\/site\\\/#\\\/schema\\\/logo\\\/image\\\/\",\"url\":\"https:\\\/\\\/ellotv.com.br\\\/site\\\/wp-content\\\/uploads\\\/2025\\\/11\\\/ello-logo-2.fw_.png\",\"contentUrl\":\"https:\\\/\\\/ellotv.com.br\\\/site\\\/wp-content\\\/uploads\\\/2025\\\/11\\\/ello-logo-2.fw_.png\",\"width\":400,\"height\":146,\"caption\":\"ELLO TV\"},\"image\":{\"@id\":\"https:\\\/\\\/ellotv.com.br\\\/site\\\/#\\\/schema\\\/logo\\\/image\\\/\"}},{\"@type\":\"Person\",\"@id\":\"https:\\\/\\\/ellotv.com.br\\\/site\\\/#\\\/schema\\\/person\\\/2dbe3abaee38dcc7332fc8205cd2b15d\",\"name\":\"ELLO TV\",\"image\":{\"@type\":\"ImageObject\",\"inLanguage\":\"pt-BR\",\"@id\":\"https:\\\/\\\/secure.gravatar.com\\\/avatar\\\/c38242b9da8ec217ac3f0aaee31a54f7d7befb11b2b47fdbc8fb0fad60afa1c6?s=96&d=mm&r=g\",\"url\":\"https:\\\/\\\/secure.gravatar.com\\\/avatar\\\/c38242b9da8ec217ac3f0aaee31a54f7d7befb11b2b47fdbc8fb0fad60afa1c6?s=96&d=mm&r=g\",\"contentUrl\":\"https:\\\/\\\/secure.gravatar.com\\\/avatar\\\/c38242b9da8ec217ac3f0aaee31a54f7d7befb11b2b47fdbc8fb0fad60afa1c6?s=96&d=mm&r=g\",\"caption\":\"ELLO TV\"},\"url\":\"https:\\\/\\\/ellotv.com.br\\\/site\\\/author\\\/elloagencia\\\/\"}]}<\/script>\n<!-- \/ Yoast SEO plugin. -->","yoast_head_json":{"title":"Marconi Santana lidera articula\u00e7\u00e3o que tira do papel a pavimenta\u00e7\u00e3o da PE-282 em Iguaracy - Ello TV","description":"Pavimenta\u00e7\u00e3o da PE-282 em Iguaracy \u00e9 celebrada por lideran\u00e7as e garante mais mobilidade, seguran\u00e7a e desenvolvimento para a regi\u00e3o.","robots":{"index":"index","follow":"follow","max-snippet":"max-snippet:-1","max-image-preview":"max-image-preview:large","max-video-preview":"max-video-preview:-1"},"canonical":"https:\/\/ellotv.com.br\/site\/2026\/05\/12\/marconi-santana-lidera-articulacao-que-tira-do-papel-a-pavimentacao-da-pe-282-em-iguaracy\/","og_locale":"pt_BR","og_type":"article","og_title":"Marconi Santana lidera articula\u00e7\u00e3o que tira do papel a pavimenta\u00e7\u00e3o da PE-282 em Iguaracy - Ello TV","og_description":"Pavimenta\u00e7\u00e3o da PE-282 em Iguaracy \u00e9 celebrada por lideran\u00e7as e garante mais mobilidade, seguran\u00e7a e desenvolvimento para a regi\u00e3o.","og_url":"https:\/\/ellotv.com.br\/site\/2026\/05\/12\/marconi-santana-lidera-articulacao-que-tira-do-papel-a-pavimentacao-da-pe-282-em-iguaracy\/","og_site_name":"Ello TV","article_published_time":"2026-05-12T18:30:03+00:00","og_image":[{"width":1242,"height":1600,"url":"https:\/\/ellotv.com.br\/site\/wp-content\/uploads\/2026\/05\/WhatsApp-Image-2026-05-12-at-15.03.16.jpeg","type":"image\/jpeg"}],"author":"ELLO TV","twitter_card":"summary_large_image","twitter_misc":{"Escrito por":"ELLO TV","Est. tempo de leitura":"1 minuto"},"schema":{"@context":"https:\/\/schema.org","@graph":[{"@type":"Article","@id":"https:\/\/ellotv.com.br\/site\/2026\/05\/12\/marconi-santana-lidera-articulacao-que-tira-do-papel-a-pavimentacao-da-pe-282-em-iguaracy\/#article","isPartOf":{"@id":"https:\/\/ellotv.com.br\/site\/2026\/05\/12\/marconi-santana-lidera-articulacao-que-tira-do-papel-a-pavimentacao-da-pe-282-em-iguaracy\/"},"author":{"name":"ELLO TV","@id":"https:\/\/ellotv.com.br\/site\/#\/schema\/person\/2dbe3abaee38dcc7332fc8205cd2b15d"},"headline":"Marconi Santana lidera articula\u00e7\u00e3o que tira do papel a pavimenta\u00e7\u00e3o da PE-282 em Iguaracy","datePublished":"2026-05-12T18:30:03+00:00","mainEntityOfPage":{"@id":"https:\/\/ellotv.com.br\/site\/2026\/05\/12\/marconi-santana-lidera-articulacao-que-tira-do-papel-a-pavimentacao-da-pe-282-em-iguaracy\/"},"wordCount":239,"commentCount":0,"publisher":{"@id":"https:\/\/ellotv.com.br\/site\/#organization"},"image":{"@id":"https:\/\/ellotv.com.br\/site\/2026\/05\/12\/marconi-santana-lidera-articulacao-que-tira-do-papel-a-pavimentacao-da-pe-282-em-iguaracy\/#primaryimage"},"thumbnailUrl":"https:\/\/ellotv.com.br\/site\/wp-content\/uploads\/2026\/05\/WhatsApp-Image-2026-05-12-at-15.03.16.jpeg","articleSection":["Noticias","Regional"],"inLanguage":"pt-BR","potentialAction":[{"@type":"CommentAction","name":"Comment","target":["https:\/\/ellotv.com.br\/site\/2026\/05\/12\/marconi-santana-lidera-articulacao-que-tira-do-papel-a-pavimentacao-da-pe-282-em-iguaracy\/#respond"]}]},{"@type":"WebPage","@id":"https:\/\/ellotv.com.br\/site\/2026\/05\/12\/marconi-santana-lidera-articulacao-que-tira-do-papel-a-pavimentacao-da-pe-282-em-iguaracy\/","url":"https:\/\/ellotv.com.br\/site\/2026\/05\/12\/marconi-santana-lidera-articulacao-que-tira-do-papel-a-pavimentacao-da-pe-282-em-iguaracy\/","name":"Marconi Santana lidera articula\u00e7\u00e3o que tira do papel a pavimenta\u00e7\u00e3o da PE-282 em Iguaracy - Ello TV","isPartOf":{"@id":"https:\/\/ellotv.com.br\/site\/#website"},"primaryImageOfPage":{"@id":"https:\/\/ellotv.com.br\/site\/2026\/05\/12\/marconi-santana-lidera-articulacao-que-tira-do-papel-a-pavimentacao-da-pe-282-em-iguaracy\/#primaryimage"},"image":{"@id":"https:\/\/ellotv.com.br\/site\/2026\/05\/12\/marconi-santana-lidera-articulacao-que-tira-do-papel-a-pavimentacao-da-pe-282-em-iguaracy\/#primaryimage"},"thumbnailUrl":"https:\/\/ellotv.com.br\/site\/wp-content\/uploads\/2026\/05\/WhatsApp-Image-2026-05-12-at-15.03.16.jpeg","datePublished":"2026-05-12T18:30:03+00:00","description":"Pavimenta\u00e7\u00e3o da PE-282 em Iguaracy \u00e9 celebrada por lideran\u00e7as e garante mais mobilidade, seguran\u00e7a e desenvolvimento para a regi\u00e3o.","breadcrumb":{"@id":"https:\/\/ellotv.com.br\/site\/2026\/05\/12\/marconi-santana-lidera-articulacao-que-tira-do-papel-a-pavimentacao-da-pe-282-em-iguaracy\/#breadcrumb"},"inLanguage":"pt-BR","potentialAction":[{"@type":"ReadAction","target":["https:\/\/ellotv.com.br\/site\/2026\/05\/12\/marconi-santana-lidera-articulacao-que-tira-do-papel-a-pavimentacao-da-pe-282-em-iguaracy\/"]}]},{"@type":"ImageObject","inLanguage":"pt-BR","@id":"https:\/\/ellotv.com.br\/site\/2026\/05\/12\/marconi-santana-lidera-articulacao-que-tira-do-papel-a-pavimentacao-da-pe-282-em-iguaracy\/#primaryimage","url":"https:\/\/ellotv.com.br\/site\/wp-content\/uploads\/2026\/05\/WhatsApp-Image-2026-05-12-at-15.03.16.jpeg","contentUrl":"https:\/\/ellotv.com.br\/site\/wp-content\/uploads\/2026\/05\/WhatsApp-Image-2026-05-12-at-15.03.16.jpeg","width":1242,"height":1600},{"@type":"BreadcrumbList","@id":"https:\/\/ellotv.com.br\/site\/2026\/05\/12\/marconi-santana-lidera-articulacao-que-tira-do-papel-a-pavimentacao-da-pe-282-em-iguaracy\/#breadcrumb","itemListElement":[{"@type":"ListItem","position":1,"name":"In\u00edcio","item":"https:\/\/ellotv.com.br\/site\/"},{"@type":"ListItem","position":2,"name":"Marconi Santana lidera articula\u00e7\u00e3o que tira do papel a pavimenta\u00e7\u00e3o da PE-282 em Iguaracy"}]},{"@type":"WebSite","@id":"https:\/\/ellotv.com.br\/site\/#website","url":"https:\/\/ellotv.com.br\/site\/","name":"ELLO TV","description":"","publisher":{"@id":"https:\/\/ellotv.com.br\/site\/#organization"},"potentialAction":[{"@type":"SearchAction","target":{"@type":"EntryPoint","urlTemplate":"https:\/\/ellotv.com.br\/site\/?s={search_term_string}"},"query-input":{"@type":"PropertyValueSpecification","valueRequired":true,"valueName":"search_term_string"}}],"inLanguage":"pt-BR"},{"@type":"Organization","@id":"https:\/\/ellotv.com.br\/site\/#organization","name":"ELLO TV","url":"https:\/\/ellotv.com.br\/site\/","logo":{"@type":"ImageObject","inLanguage":"pt-BR","@id":"https:\/\/ellotv.com.br\/site\/#\/schema\/logo\/image\/","url":"https:\/\/ellotv.com.br\/site\/wp-content\/uploads\/2025\/11\/ello-logo-2.fw_.png","contentUrl":"https:\/\/ellotv.com.br\/site\/wp-content\/uploads\/2025\/11\/ello-logo-2.fw_.png","width":400,"height":146,"caption":"ELLO TV"},"image":{"@id":"https:\/\/ellotv.com.br\/site\/#\/schema\/logo\/image\/"}},{"@type":"Person","@id":"https:\/\/ellotv.com.br\/site\/#\/schema\/person\/2dbe3abaee38dcc7332fc8205cd2b15d","name":"ELLO TV","image":{"@type":"ImageObject","inLanguage":"pt-BR","@id":"https:\/\/secure.gravatar.com\/avatar\/c38242b9da8ec217ac3f0aaee31a54f7d7befb11b2b47fdbc8fb0fad60afa1c6?s=96&d=mm&r=g","url":"https:\/\/secure.gravatar.com\/avatar\/c38242b9da8ec217ac3f0aaee31a54f7d7befb11b2b47fdbc8fb0fad60afa1c6?s=96&d=mm&r=g","contentUrl":"https:\/\/secure.gravatar.com\/avatar\/c38242b9da8ec217ac3f0aaee31a54f7d7befb11b2b47fdbc8fb0fad60afa1c6?s=96&d=mm&r=g","caption":"ELLO TV"},"url":"https:\/\/ellotv.com.br\/site\/author\/elloagencia\/"}]}},"featured_image_urls":{"full":["https:\/\/ellotv.com.br\/site\/wp-content\/uploads\/2026\/05\/WhatsApp-Image-2026-05-12-at-15.03.16.jpeg",1242,1600,false],"thumbnail":["https:\/\/ellotv.com.br\/site\/wp-content\/uploads\/2026\/05\/WhatsApp-Image-2026-05-12-at-15.03.16-150x150.jpeg",150,150,true],"medium":["https:\/\/ellotv.com.br\/site\/wp-content\/uploads\/2026\/05\/WhatsApp-Image-2026-05-12-at-15.03.16-233x300.jpeg",233,300,true],"medium_large":["https:\/\/ellotv.com.br\/site\/wp-content\/uploads\/2026\/05\/WhatsApp-Image-2026-05-12-at-15.03.16-768x989.jpeg",640,824,true],"large":["https:\/\/ellotv.com.br\/site\/wp-content\/uploads\/2026\/05\/WhatsApp-Image-2026-05-12-at-15.03.16-795x1024.jpeg",640,824,true],"1536x1536":["https:\/\/ellotv.com.br\/site\/wp-content\/uploads\/2026\/05\/WhatsApp-Image-2026-05-12-at-15.03.16-1192x1536.jpeg",1192,1536,true],"2048x2048":["https:\/\/ellotv.com.br\/site\/wp-content\/uploads\/2026\/05\/WhatsApp-Image-2026-05-12-at-15.03.16.jpeg",1242,1600,false],"darknews-slider-full":["https:\/\/ellotv.com.br\/site\/wp-content\/uploads\/2026\/05\/WhatsApp-Image-2026-05-12-at-15.03.16-1242x720.jpeg",1242,720,true],"darknews-featured":["https:\/\/ellotv.com.br\/site\/wp-content\/uploads\/2026\/05\/WhatsApp-Image-2026-05-12-at-15.03.16-1024x1319.jpeg",1024,1319,true],"darknews-medium":["https:\/\/ellotv.com.br\/site\/wp-content\/uploads\/2026\/05\/WhatsApp-Image-2026-05-12-at-15.03.16-720x530.jpeg",720,530,true],"darknews-medium-square":["https:\/\/ellotv.com.br\/site\/wp-content\/uploads\/2026\/05\/WhatsApp-Image-2026-05-12-at-15.03.16-350x350.jpeg",350,350,true]},"author_info":{"info":["ELLO TV"]},"category_info":"<a href=\"https:\/\/ellotv.com.br\/site\/category\/noticias\/\" rel=\"category tag\">Noticias<\/a> <a href=\"https:\/\/ellotv.com.br\/site\/category\/regional\/\" rel=\"category tag\">Regional<\/a>","tag_info":"Regional","comment_count":"0","_links":{"self":[{"href":"https:\/\/ellotv.com.br\/site\/wp-json\/wp\/v2\/posts\/6093","targetHints":{"allow":["GET"]}}],"collection":[{"href":"https:\/\/ellotv.com.br\/site\/wp-json\/wp\/v2\/posts"}],"about":[{"href":"https:\/\/ellotv.com.br\/site\/wp-json\/wp\/v2\/types\/post"}],"author":[{"embeddable":true,"href":"https:\/\/ellotv.com.br\/site\/wp-json\/wp\/v2\/users\/2"}],"replies":[{"embeddable":true,"href":"https:\/\/ellotv.com.br\/site\/wp-json\/wp\/v2\/comments?post=6093"}],"version-history":[{"count":1,"href":"https:\/\/ellotv.com.br\/site\/wp-json\/wp\/v2\/posts\/6093\/revisions"}],"predecessor-version":[{"id":6096,"href":"https:\/\/ellotv.com.br\/site\/wp-json\/wp\/v2\/posts\/6093\/revisions\/6096"}],"wp:featuredmedia":[{"embeddable":true,"href":"https:\/\/ellotv.com.br\/site\/wp-json\/wp\/v2\/media\/6094"}],"wp:attachment":[{"href":"https:\/\/ellotv.com.br\/site\/wp-json\/wp\/v2\/media?parent=6093"}],"wp:term":[{"taxonomy":"category","embeddable":true,"href":"https:\/\/ellotv.com.br\/site\/wp-json\/wp\/v2\/categories?post=6093"},{"taxonomy":"post_tag","embeddable":true,"href":"https:\/\/ellotv.com.br\/site\/wp-json\/wp\/v2\/tags?post=6093"}],"curies":[{"name":"wp","href":"https:\/\/api.w.org\/{rel}","templated":true}]}}