{"id":6116,"date":"2026-05-13T15:35:19","date_gmt":"2026-05-13T18:35:19","guid":{"rendered":"https:\/\/ellotv.com.br\/site\/?p=6116"},"modified":"2026-05-13T15:35:19","modified_gmt":"2026-05-13T18:35:19","slug":"articulacao-de-marconi-santana-garante-grandiosa-obra-hidrica-em-solidao","status":"publish","type":"post","link":"https:\/\/ellotv.com.br\/site\/2026\/05\/13\/articulacao-de-marconi-santana-garante-grandiosa-obra-hidrica-em-solidao\/","title":{"rendered":"ARTICULA\u00c7\u00c3O DE MARCONI SANTANA GARANTE GRANDIOSA OBRA H\u00cdDRICA EM SOLID\u00c3O"},"content":{"rendered":"<p data-start=\"99\" data-end=\"517\">A quarta-feira (13) entra para a hist\u00f3ria das lutas por seguran\u00e7a h\u00eddrica no Sert\u00e3o do Paje\u00fa. Em visita t\u00e9cnica \u00e0 esta\u00e7\u00e3o elevat\u00f3ria da <span class=\"hover:entity-accent entity-underline inline cursor-pointer align-baseline\"><span class=\"whitespace-normal\">Compesa<\/span><\/span>, no munic\u00edpio de <span class=\"hover:entity-accent entity-underline inline cursor-pointer align-baseline\"><span class=\"whitespace-normal\">Solid\u00e3o<\/span><\/span>, o ex-prefeito <span class=\"hover:entity-accent entity-underline inline cursor-pointer align-baseline\"><span class=\"whitespace-normal\">Marconi Santana<\/span><\/span> acompanhou o avan\u00e7o das obras que ir\u00e3o levar \u00e1gua da <span class=\"hover:entity-accent entity-underline inline cursor-pointer align-baseline\"><span class=\"whitespace-normal\">Transposi\u00e7\u00e3o do Rio S\u00e3o Francisco<\/span><\/span> diretamente para as resid\u00eancias da popula\u00e7\u00e3o.<\/p>\n<h3 data-section-id=\"uqd7jt\" data-start=\"519\" data-end=\"545\">Conquista hist\u00f3rica<\/h3>\n<p data-start=\"546\" data-end=\"776\">O projeto, aguardado h\u00e1 d\u00e9cadas, representa o elo final para garantir o abastecimento regular de \u00e1gua no munic\u00edpio. A iniciativa promete encerrar um longo per\u00edodo de dificuldades enfrentadas pelos moradores com a escassez h\u00eddrica.<\/p>\n<h3 data-section-id=\"1cwtflm\" data-start=\"778\" data-end=\"805\">Articula\u00e7\u00e3o pol\u00edtica<\/h3>\n<p data-start=\"806\" data-end=\"1070\">A viabiliza\u00e7\u00e3o da obra \u00e9 resultado de articula\u00e7\u00e3o direta de Marconi Santana junto ao Governo do Estado, com di\u00e1logo com a governadora <span class=\"hover:entity-accent entity-underline inline cursor-pointer align-baseline\"><span class=\"whitespace-normal\">Raquel Lyra<\/span><\/span>. A interven\u00e7\u00e3o foi decisiva para priorizar o projeto, considerado estrat\u00e9gico para a regi\u00e3o.<\/p>\n<h3 data-section-id=\"pc3uww\" data-start=\"1072\" data-end=\"1090\">Declara\u00e7\u00e3o<\/h3>\n<p data-start=\"1091\" data-end=\"1324\">Durante a vistoria, Marconi destacou a import\u00e2ncia da obra:<br data-start=\"1150\" data-end=\"1153\" \/>\u201cEssa \u00e9 a realiza\u00e7\u00e3o de um sonho que atravessou gera\u00e7\u00f5es. A chegada da \u00e1gua do S\u00e3o Francisco \u00e0s torneiras representa dignidade e qualidade de vida para o povo de Solid\u00e3o.\u201d<\/p>\n<h3 data-section-id=\"10gduxg\" data-start=\"1326\" data-end=\"1342\">Presen\u00e7as<\/h3>\n<p data-start=\"1343\" data-end=\"1582\">A visita contou com a participa\u00e7\u00e3o das vereadoras Adriana de Agenor e Adriana do Hospital, al\u00e9m de <span class=\"hover:entity-accent entity-underline inline cursor-pointer align-baseline\"><span class=\"whitespace-normal\">Edson Henrique<\/span><\/span>, Gerente Regional de Articula\u00e7\u00e3o do Governo do Estado, e diversas lideran\u00e7as pol\u00edticas e comunit\u00e1rias.<\/p>\n<h3 data-section-id=\"1l7810r\" data-start=\"1584\" data-end=\"1607\">Impacto regional<\/h3>\n<p data-start=\"1608\" data-end=\"1920\">A conclus\u00e3o da obra deve transformar a realidade local, garantindo mais seguran\u00e7a h\u00eddrica, melhor qualidade de vida e impulsionando o desenvolvimento econ\u00f4mico da regi\u00e3o. Analistas apontam ainda que a entrega refor\u00e7a a atua\u00e7\u00e3o pol\u00edtica de Marconi Santana como articulador de investimentos estrat\u00e9gicos no Sert\u00e3o.<\/p>\n<p data-start=\"1608\" data-end=\"1920\"><img fetchpriority=\"high\" decoding=\"async\" class=\"aligncenter wp-image-6118 size-full\" src=\"https:\/\/ellotv.com.br\/site\/wp-content\/uploads\/2026\/05\/WhatsApp-Image-2026-05-13-at-12.48.32-1.jpeg\" alt=\"\" width=\"960\" height=\"1280\" srcset=\"https:\/\/ellotv.com.br\/site\/wp-content\/uploads\/2026\/05\/WhatsApp-Image-2026-05-13-at-12.48.32-1.jpeg 960w, https:\/\/ellotv.com.br\/site\/wp-content\/uploads\/2026\/05\/WhatsApp-Image-2026-05-13-at-12.48.32-1-225x300.jpeg 225w, https:\/\/ellotv.com.br\/site\/wp-content\/uploads\/2026\/05\/WhatsApp-Image-2026-05-13-at-12.48.32-1-768x1024.jpeg 768w\" sizes=\"(max-width: 960px) 100vw, 960px\" \/><img decoding=\"async\" class=\"aligncenter wp-image-6119 size-full\" src=\"https:\/\/ellotv.com.br\/site\/wp-content\/uploads\/2026\/05\/WhatsApp-Image-2026-05-13-at-12.48.31.jpeg\" alt=\"\" width=\"960\" height=\"1280\" srcset=\"https:\/\/ellotv.com.br\/site\/wp-content\/uploads\/2026\/05\/WhatsApp-Image-2026-05-13-at-12.48.31.jpeg 960w, https:\/\/ellotv.com.br\/site\/wp-content\/uploads\/2026\/05\/WhatsApp-Image-2026-05-13-at-12.48.31-225x300.jpeg 225w, https:\/\/ellotv.com.br\/site\/wp-content\/uploads\/2026\/05\/WhatsApp-Image-2026-05-13-at-12.48.31-768x1024.jpeg 768w\" sizes=\"(max-width: 960px) 100vw, 960px\" \/><\/p>\n","protected":false},"excerpt":{"rendered":"<p>A quarta-feira (13) entra para a hist\u00f3ria das lutas por seguran\u00e7a h\u00eddrica no Sert\u00e3o do Paje\u00fa. Em visita<\/p>\n","protected":false},"author":2,"featured_media":6117,"comment_status":"open","ping_status":"open","sticky":false,"template":"","format":"standard","meta":{"footnotes":""},"categories":[12,9],"tags":[],"class_list":["post-6116","post","type-post","status-publish","format-standard","has-post-thumbnail","hentry","category-noticias","category-regional"],"yoast_head":"<!-- This site is optimized with the Yoast SEO plugin v28.3 - https:\/\/yoast.com\/product\/yoast-seo-wordpress\/ -->\n<title>ARTICULA\u00c7\u00c3O DE MARCONI SANTANA GARANTE GRANDIOSA OBRA H\u00cdDRICA EM SOLID\u00c3O - Ello TV<\/title>\n<meta name=\"description\" content=\"Obra em Solid\u00e3o avan\u00e7a e promete levar \u00e1gua da Transposi\u00e7\u00e3o do S\u00e3o Francisco \u00e0s torneiras, marcando conquista hist\u00f3rica no Sert\u00e3o do Paje\u00fa.\" \/>\n<meta name=\"robots\" content=\"index, follow, max-snippet:-1, max-image-preview:large, max-video-preview:-1\" \/>\n<link rel=\"canonical\" href=\"https:\/\/ellotv.com.br\/site\/2026\/05\/13\/articulacao-de-marconi-santana-garante-grandiosa-obra-hidrica-em-solidao\/\" \/>\n<meta property=\"og:locale\" content=\"pt_BR\" \/>\n<meta property=\"og:type\" content=\"article\" \/>\n<meta property=\"og:title\" content=\"ARTICULA\u00c7\u00c3O DE MARCONI SANTANA GARANTE GRANDIOSA OBRA H\u00cdDRICA EM SOLID\u00c3O - Ello TV\" \/>\n<meta property=\"og:description\" content=\"Obra em Solid\u00e3o avan\u00e7a e promete levar \u00e1gua da Transposi\u00e7\u00e3o do S\u00e3o Francisco \u00e0s torneiras, marcando conquista hist\u00f3rica no Sert\u00e3o do Paje\u00fa.\" \/>\n<meta property=\"og:url\" content=\"https:\/\/ellotv.com.br\/site\/2026\/05\/13\/articulacao-de-marconi-santana-garante-grandiosa-obra-hidrica-em-solidao\/\" \/>\n<meta property=\"og:site_name\" content=\"Ello TV\" \/>\n<meta property=\"article:published_time\" content=\"2026-05-13T18:35:19+00:00\" \/>\n<meta property=\"og:image\" content=\"https:\/\/ellotv.com.br\/site\/wp-content\/uploads\/2026\/05\/WhatsApp-Image-2026-05-13-at-12.48.32.jpeg\" \/>\n\t<meta property=\"og:image:width\" content=\"960\" \/>\n\t<meta property=\"og:image:height\" content=\"1280\" \/>\n\t<meta property=\"og:image:type\" content=\"image\/jpeg\" \/>\n<meta name=\"author\" content=\"ELLO TV\" \/>\n<meta name=\"twitter:card\" content=\"summary_large_image\" \/>\n<meta name=\"twitter:label1\" content=\"Escrito por\" \/>\n\t<meta name=\"twitter:data1\" content=\"ELLO TV\" \/>\n\t<meta name=\"twitter:label2\" content=\"Est. tempo de leitura\" \/>\n\t<meta name=\"twitter:data2\" content=\"1 minuto\" \/>\n<script type=\"application\/ld+json\" class=\"yoast-schema-graph\">{\"@context\":\"https:\\\/\\\/schema.org\",\"@graph\":[{\"@type\":\"Article\",\"@id\":\"https:\\\/\\\/ellotv.com.br\\\/site\\\/2026\\\/05\\\/13\\\/articulacao-de-marconi-santana-garante-grandiosa-obra-hidrica-em-solidao\\\/#article\",\"isPartOf\":{\"@id\":\"https:\\\/\\\/ellotv.com.br\\\/site\\\/2026\\\/05\\\/13\\\/articulacao-de-marconi-santana-garante-grandiosa-obra-hidrica-em-solidao\\\/\"},\"author\":{\"name\":\"ELLO TV\",\"@id\":\"https:\\\/\\\/ellotv.com.br\\\/site\\\/#\\\/schema\\\/person\\\/2dbe3abaee38dcc7332fc8205cd2b15d\"},\"headline\":\"ARTICULA\u00c7\u00c3O DE MARCONI SANTANA GARANTE GRANDIOSA OBRA H\u00cdDRICA EM SOLID\u00c3O\",\"datePublished\":\"2026-05-13T18:35:19+00:00\",\"mainEntityOfPage\":{\"@id\":\"https:\\\/\\\/ellotv.com.br\\\/site\\\/2026\\\/05\\\/13\\\/articulacao-de-marconi-santana-garante-grandiosa-obra-hidrica-em-solidao\\\/\"},\"wordCount\":308,\"commentCount\":0,\"publisher\":{\"@id\":\"https:\\\/\\\/ellotv.com.br\\\/site\\\/#organization\"},\"image\":{\"@id\":\"https:\\\/\\\/ellotv.com.br\\\/site\\\/2026\\\/05\\\/13\\\/articulacao-de-marconi-santana-garante-grandiosa-obra-hidrica-em-solidao\\\/#primaryimage\"},\"thumbnailUrl\":\"https:\\\/\\\/ellotv.com.br\\\/site\\\/wp-content\\\/uploads\\\/2026\\\/05\\\/WhatsApp-Image-2026-05-13-at-12.48.32.jpeg\",\"articleSection\":[\"Noticias\",\"Regional\"],\"inLanguage\":\"pt-BR\",\"potentialAction\":[{\"@type\":\"CommentAction\",\"name\":\"Comment\",\"target\":[\"https:\\\/\\\/ellotv.com.br\\\/site\\\/2026\\\/05\\\/13\\\/articulacao-de-marconi-santana-garante-grandiosa-obra-hidrica-em-solidao\\\/#respond\"]}]},{\"@type\":\"WebPage\",\"@id\":\"https:\\\/\\\/ellotv.com.br\\\/site\\\/2026\\\/05\\\/13\\\/articulacao-de-marconi-santana-garante-grandiosa-obra-hidrica-em-solidao\\\/\",\"url\":\"https:\\\/\\\/ellotv.com.br\\\/site\\\/2026\\\/05\\\/13\\\/articulacao-de-marconi-santana-garante-grandiosa-obra-hidrica-em-solidao\\\/\",\"name\":\"ARTICULA\u00c7\u00c3O DE MARCONI SANTANA GARANTE GRANDIOSA OBRA H\u00cdDRICA EM SOLID\u00c3O - Ello TV\",\"isPartOf\":{\"@id\":\"https:\\\/\\\/ellotv.com.br\\\/site\\\/#website\"},\"primaryImageOfPage\":{\"@id\":\"https:\\\/\\\/ellotv.com.br\\\/site\\\/2026\\\/05\\\/13\\\/articulacao-de-marconi-santana-garante-grandiosa-obra-hidrica-em-solidao\\\/#primaryimage\"},\"image\":{\"@id\":\"https:\\\/\\\/ellotv.com.br\\\/site\\\/2026\\\/05\\\/13\\\/articulacao-de-marconi-santana-garante-grandiosa-obra-hidrica-em-solidao\\\/#primaryimage\"},\"thumbnailUrl\":\"https:\\\/\\\/ellotv.com.br\\\/site\\\/wp-content\\\/uploads\\\/2026\\\/05\\\/WhatsApp-Image-2026-05-13-at-12.48.32.jpeg\",\"datePublished\":\"2026-05-13T18:35:19+00:00\",\"description\":\"Obra em Solid\u00e3o avan\u00e7a e promete levar \u00e1gua da Transposi\u00e7\u00e3o do S\u00e3o Francisco \u00e0s torneiras, marcando conquista hist\u00f3rica no Sert\u00e3o do Paje\u00fa.\",\"breadcrumb\":{\"@id\":\"https:\\\/\\\/ellotv.com.br\\\/site\\\/2026\\\/05\\\/13\\\/articulacao-de-marconi-santana-garante-grandiosa-obra-hidrica-em-solidao\\\/#breadcrumb\"},\"inLanguage\":\"pt-BR\",\"potentialAction\":[{\"@type\":\"ReadAction\",\"target\":[\"https:\\\/\\\/ellotv.com.br\\\/site\\\/2026\\\/05\\\/13\\\/articulacao-de-marconi-santana-garante-grandiosa-obra-hidrica-em-solidao\\\/\"]}]},{\"@type\":\"ImageObject\",\"inLanguage\":\"pt-BR\",\"@id\":\"https:\\\/\\\/ellotv.com.br\\\/site\\\/2026\\\/05\\\/13\\\/articulacao-de-marconi-santana-garante-grandiosa-obra-hidrica-em-solidao\\\/#primaryimage\",\"url\":\"https:\\\/\\\/ellotv.com.br\\\/site\\\/wp-content\\\/uploads\\\/2026\\\/05\\\/WhatsApp-Image-2026-05-13-at-12.48.32.jpeg\",\"contentUrl\":\"https:\\\/\\\/ellotv.com.br\\\/site\\\/wp-content\\\/uploads\\\/2026\\\/05\\\/WhatsApp-Image-2026-05-13-at-12.48.32.jpeg\",\"width\":960,\"height\":1280},{\"@type\":\"BreadcrumbList\",\"@id\":\"https:\\\/\\\/ellotv.com.br\\\/site\\\/2026\\\/05\\\/13\\\/articulacao-de-marconi-santana-garante-grandiosa-obra-hidrica-em-solidao\\\/#breadcrumb\",\"itemListElement\":[{\"@type\":\"ListItem\",\"position\":1,\"name\":\"In\u00edcio\",\"item\":\"https:\\\/\\\/ellotv.com.br\\\/site\\\/\"},{\"@type\":\"ListItem\",\"position\":2,\"name\":\"ARTICULA\u00c7\u00c3O DE MARCONI SANTANA GARANTE GRANDIOSA OBRA H\u00cdDRICA EM SOLID\u00c3O\"}]},{\"@type\":\"WebSite\",\"@id\":\"https:\\\/\\\/ellotv.com.br\\\/site\\\/#website\",\"url\":\"https:\\\/\\\/ellotv.com.br\\\/site\\\/\",\"name\":\"ELLO TV\",\"description\":\"\",\"publisher\":{\"@id\":\"https:\\\/\\\/ellotv.com.br\\\/site\\\/#organization\"},\"potentialAction\":[{\"@type\":\"SearchAction\",\"target\":{\"@type\":\"EntryPoint\",\"urlTemplate\":\"https:\\\/\\\/ellotv.com.br\\\/site\\\/?s={search_term_string}\"},\"query-input\":{\"@type\":\"PropertyValueSpecification\",\"valueRequired\":true,\"valueName\":\"search_term_string\"}}],\"inLanguage\":\"pt-BR\"},{\"@type\":\"Organization\",\"@id\":\"https:\\\/\\\/ellotv.com.br\\\/site\\\/#organization\",\"name\":\"ELLO TV\",\"url\":\"https:\\\/\\\/ellotv.com.br\\\/site\\\/\",\"logo\":{\"@type\":\"ImageObject\",\"inLanguage\":\"pt-BR\",\"@id\":\"https:\\\/\\\/ellotv.com.br\\\/site\\\/#\\\/schema\\\/logo\\\/image\\\/\",\"url\":\"https:\\\/\\\/ellotv.com.br\\\/site\\\/wp-content\\\/uploads\\\/2025\\\/11\\\/ello-logo-2.fw_.png\",\"contentUrl\":\"https:\\\/\\\/ellotv.com.br\\\/site\\\/wp-content\\\/uploads\\\/2025\\\/11\\\/ello-logo-2.fw_.png\",\"width\":400,\"height\":146,\"caption\":\"ELLO TV\"},\"image\":{\"@id\":\"https:\\\/\\\/ellotv.com.br\\\/site\\\/#\\\/schema\\\/logo\\\/image\\\/\"}},{\"@type\":\"Person\",\"@id\":\"https:\\\/\\\/ellotv.com.br\\\/site\\\/#\\\/schema\\\/person\\\/2dbe3abaee38dcc7332fc8205cd2b15d\",\"name\":\"ELLO TV\",\"image\":{\"@type\":\"ImageObject\",\"inLanguage\":\"pt-BR\",\"@id\":\"https:\\\/\\\/secure.gravatar.com\\\/avatar\\\/c38242b9da8ec217ac3f0aaee31a54f7d7befb11b2b47fdbc8fb0fad60afa1c6?s=96&d=mm&r=g\",\"url\":\"https:\\\/\\\/secure.gravatar.com\\\/avatar\\\/c38242b9da8ec217ac3f0aaee31a54f7d7befb11b2b47fdbc8fb0fad60afa1c6?s=96&d=mm&r=g\",\"contentUrl\":\"https:\\\/\\\/secure.gravatar.com\\\/avatar\\\/c38242b9da8ec217ac3f0aaee31a54f7d7befb11b2b47fdbc8fb0fad60afa1c6?s=96&d=mm&r=g\",\"caption\":\"ELLO TV\"},\"url\":\"https:\\\/\\\/ellotv.com.br\\\/site\\\/author\\\/elloagencia\\\/\"}]}<\/script>\n<!-- \/ Yoast SEO plugin. -->","yoast_head_json":{"title":"ARTICULA\u00c7\u00c3O DE MARCONI SANTANA GARANTE GRANDIOSA OBRA H\u00cdDRICA EM SOLID\u00c3O - Ello TV","description":"Obra em Solid\u00e3o avan\u00e7a e promete levar \u00e1gua da Transposi\u00e7\u00e3o do S\u00e3o Francisco \u00e0s torneiras, marcando conquista hist\u00f3rica no Sert\u00e3o do Paje\u00fa.","robots":{"index":"index","follow":"follow","max-snippet":"max-snippet:-1","max-image-preview":"max-image-preview:large","max-video-preview":"max-video-preview:-1"},"canonical":"https:\/\/ellotv.com.br\/site\/2026\/05\/13\/articulacao-de-marconi-santana-garante-grandiosa-obra-hidrica-em-solidao\/","og_locale":"pt_BR","og_type":"article","og_title":"ARTICULA\u00c7\u00c3O DE MARCONI SANTANA GARANTE GRANDIOSA OBRA H\u00cdDRICA EM SOLID\u00c3O - Ello TV","og_description":"Obra em Solid\u00e3o avan\u00e7a e promete levar \u00e1gua da Transposi\u00e7\u00e3o do S\u00e3o Francisco \u00e0s torneiras, marcando conquista hist\u00f3rica no Sert\u00e3o do Paje\u00fa.","og_url":"https:\/\/ellotv.com.br\/site\/2026\/05\/13\/articulacao-de-marconi-santana-garante-grandiosa-obra-hidrica-em-solidao\/","og_site_name":"Ello TV","article_published_time":"2026-05-13T18:35:19+00:00","og_image":[{"width":960,"height":1280,"url":"https:\/\/ellotv.com.br\/site\/wp-content\/uploads\/2026\/05\/WhatsApp-Image-2026-05-13-at-12.48.32.jpeg","type":"image\/jpeg"}],"author":"ELLO TV","twitter_card":"summary_large_image","twitter_misc":{"Escrito por":"ELLO TV","Est. tempo de leitura":"1 minuto"},"schema":{"@context":"https:\/\/schema.org","@graph":[{"@type":"Article","@id":"https:\/\/ellotv.com.br\/site\/2026\/05\/13\/articulacao-de-marconi-santana-garante-grandiosa-obra-hidrica-em-solidao\/#article","isPartOf":{"@id":"https:\/\/ellotv.com.br\/site\/2026\/05\/13\/articulacao-de-marconi-santana-garante-grandiosa-obra-hidrica-em-solidao\/"},"author":{"name":"ELLO TV","@id":"https:\/\/ellotv.com.br\/site\/#\/schema\/person\/2dbe3abaee38dcc7332fc8205cd2b15d"},"headline":"ARTICULA\u00c7\u00c3O DE MARCONI SANTANA GARANTE GRANDIOSA OBRA H\u00cdDRICA EM SOLID\u00c3O","datePublished":"2026-05-13T18:35:19+00:00","mainEntityOfPage":{"@id":"https:\/\/ellotv.com.br\/site\/2026\/05\/13\/articulacao-de-marconi-santana-garante-grandiosa-obra-hidrica-em-solidao\/"},"wordCount":308,"commentCount":0,"publisher":{"@id":"https:\/\/ellotv.com.br\/site\/#organization"},"image":{"@id":"https:\/\/ellotv.com.br\/site\/2026\/05\/13\/articulacao-de-marconi-santana-garante-grandiosa-obra-hidrica-em-solidao\/#primaryimage"},"thumbnailUrl":"https:\/\/ellotv.com.br\/site\/wp-content\/uploads\/2026\/05\/WhatsApp-Image-2026-05-13-at-12.48.32.jpeg","articleSection":["Noticias","Regional"],"inLanguage":"pt-BR","potentialAction":[{"@type":"CommentAction","name":"Comment","target":["https:\/\/ellotv.com.br\/site\/2026\/05\/13\/articulacao-de-marconi-santana-garante-grandiosa-obra-hidrica-em-solidao\/#respond"]}]},{"@type":"WebPage","@id":"https:\/\/ellotv.com.br\/site\/2026\/05\/13\/articulacao-de-marconi-santana-garante-grandiosa-obra-hidrica-em-solidao\/","url":"https:\/\/ellotv.com.br\/site\/2026\/05\/13\/articulacao-de-marconi-santana-garante-grandiosa-obra-hidrica-em-solidao\/","name":"ARTICULA\u00c7\u00c3O DE MARCONI SANTANA GARANTE GRANDIOSA OBRA H\u00cdDRICA EM SOLID\u00c3O - Ello TV","isPartOf":{"@id":"https:\/\/ellotv.com.br\/site\/#website"},"primaryImageOfPage":{"@id":"https:\/\/ellotv.com.br\/site\/2026\/05\/13\/articulacao-de-marconi-santana-garante-grandiosa-obra-hidrica-em-solidao\/#primaryimage"},"image":{"@id":"https:\/\/ellotv.com.br\/site\/2026\/05\/13\/articulacao-de-marconi-santana-garante-grandiosa-obra-hidrica-em-solidao\/#primaryimage"},"thumbnailUrl":"https:\/\/ellotv.com.br\/site\/wp-content\/uploads\/2026\/05\/WhatsApp-Image-2026-05-13-at-12.48.32.jpeg","datePublished":"2026-05-13T18:35:19+00:00","description":"Obra em Solid\u00e3o avan\u00e7a e promete levar \u00e1gua da Transposi\u00e7\u00e3o do S\u00e3o Francisco \u00e0s torneiras, marcando conquista hist\u00f3rica no Sert\u00e3o do Paje\u00fa.","breadcrumb":{"@id":"https:\/\/ellotv.com.br\/site\/2026\/05\/13\/articulacao-de-marconi-santana-garante-grandiosa-obra-hidrica-em-solidao\/#breadcrumb"},"inLanguage":"pt-BR","potentialAction":[{"@type":"ReadAction","target":["https:\/\/ellotv.com.br\/site\/2026\/05\/13\/articulacao-de-marconi-santana-garante-grandiosa-obra-hidrica-em-solidao\/"]}]},{"@type":"ImageObject","inLanguage":"pt-BR","@id":"https:\/\/ellotv.com.br\/site\/2026\/05\/13\/articulacao-de-marconi-santana-garante-grandiosa-obra-hidrica-em-solidao\/#primaryimage","url":"https:\/\/ellotv.com.br\/site\/wp-content\/uploads\/2026\/05\/WhatsApp-Image-2026-05-13-at-12.48.32.jpeg","contentUrl":"https:\/\/ellotv.com.br\/site\/wp-content\/uploads\/2026\/05\/WhatsApp-Image-2026-05-13-at-12.48.32.jpeg","width":960,"height":1280},{"@type":"BreadcrumbList","@id":"https:\/\/ellotv.com.br\/site\/2026\/05\/13\/articulacao-de-marconi-santana-garante-grandiosa-obra-hidrica-em-solidao\/#breadcrumb","itemListElement":[{"@type":"ListItem","position":1,"name":"In\u00edcio","item":"https:\/\/ellotv.com.br\/site\/"},{"@type":"ListItem","position":2,"name":"ARTICULA\u00c7\u00c3O DE MARCONI SANTANA GARANTE GRANDIOSA OBRA H\u00cdDRICA EM SOLID\u00c3O"}]},{"@type":"WebSite","@id":"https:\/\/ellotv.com.br\/site\/#website","url":"https:\/\/ellotv.com.br\/site\/","name":"ELLO TV","description":"","publisher":{"@id":"https:\/\/ellotv.com.br\/site\/#organization"},"potentialAction":[{"@type":"SearchAction","target":{"@type":"EntryPoint","urlTemplate":"https:\/\/ellotv.com.br\/site\/?s={search_term_string}"},"query-input":{"@type":"PropertyValueSpecification","valueRequired":true,"valueName":"search_term_string"}}],"inLanguage":"pt-BR"},{"@type":"Organization","@id":"https:\/\/ellotv.com.br\/site\/#organization","name":"ELLO TV","url":"https:\/\/ellotv.com.br\/site\/","logo":{"@type":"ImageObject","inLanguage":"pt-BR","@id":"https:\/\/ellotv.com.br\/site\/#\/schema\/logo\/image\/","url":"https:\/\/ellotv.com.br\/site\/wp-content\/uploads\/2025\/11\/ello-logo-2.fw_.png","contentUrl":"https:\/\/ellotv.com.br\/site\/wp-content\/uploads\/2025\/11\/ello-logo-2.fw_.png","width":400,"height":146,"caption":"ELLO TV"},"image":{"@id":"https:\/\/ellotv.com.br\/site\/#\/schema\/logo\/image\/"}},{"@type":"Person","@id":"https:\/\/ellotv.com.br\/site\/#\/schema\/person\/2dbe3abaee38dcc7332fc8205cd2b15d","name":"ELLO TV","image":{"@type":"ImageObject","inLanguage":"pt-BR","@id":"https:\/\/secure.gravatar.com\/avatar\/c38242b9da8ec217ac3f0aaee31a54f7d7befb11b2b47fdbc8fb0fad60afa1c6?s=96&d=mm&r=g","url":"https:\/\/secure.gravatar.com\/avatar\/c38242b9da8ec217ac3f0aaee31a54f7d7befb11b2b47fdbc8fb0fad60afa1c6?s=96&d=mm&r=g","contentUrl":"https:\/\/secure.gravatar.com\/avatar\/c38242b9da8ec217ac3f0aaee31a54f7d7befb11b2b47fdbc8fb0fad60afa1c6?s=96&d=mm&r=g","caption":"ELLO TV"},"url":"https:\/\/ellotv.com.br\/site\/author\/elloagencia\/"}]}},"featured_image_urls":{"full":["https:\/\/ellotv.com.br\/site\/wp-content\/uploads\/2026\/05\/WhatsApp-Image-2026-05-13-at-12.48.32.jpeg",960,1280,false],"thumbnail":["https:\/\/ellotv.com.br\/site\/wp-content\/uploads\/2026\/05\/WhatsApp-Image-2026-05-13-at-12.48.32-150x150.jpeg",150,150,true],"medium":["https:\/\/ellotv.com.br\/site\/wp-content\/uploads\/2026\/05\/WhatsApp-Image-2026-05-13-at-12.48.32-225x300.jpeg",225,300,true],"medium_large":["https:\/\/ellotv.com.br\/site\/wp-content\/uploads\/2026\/05\/WhatsApp-Image-2026-05-13-at-12.48.32-768x1024.jpeg",640,853,true],"large":["https:\/\/ellotv.com.br\/site\/wp-content\/uploads\/2026\/05\/WhatsApp-Image-2026-05-13-at-12.48.32-768x1024.jpeg",640,853,true],"1536x1536":["https:\/\/ellotv.com.br\/site\/wp-content\/uploads\/2026\/05\/WhatsApp-Image-2026-05-13-at-12.48.32.jpeg",960,1280,false],"2048x2048":["https:\/\/ellotv.com.br\/site\/wp-content\/uploads\/2026\/05\/WhatsApp-Image-2026-05-13-at-12.48.32.jpeg",960,1280,false],"darknews-slider-full":["https:\/\/ellotv.com.br\/site\/wp-content\/uploads\/2026\/05\/WhatsApp-Image-2026-05-13-at-12.48.32-960x720.jpeg",960,720,true],"darknews-featured":["https:\/\/ellotv.com.br\/site\/wp-content\/uploads\/2026\/05\/WhatsApp-Image-2026-05-13-at-12.48.32.jpeg",960,1280,false],"darknews-medium":["https:\/\/ellotv.com.br\/site\/wp-content\/uploads\/2026\/05\/WhatsApp-Image-2026-05-13-at-12.48.32-720x530.jpeg",720,530,true],"darknews-medium-square":["https:\/\/ellotv.com.br\/site\/wp-content\/uploads\/2026\/05\/WhatsApp-Image-2026-05-13-at-12.48.32-350x350.jpeg",350,350,true]},"author_info":{"info":["ELLO TV"]},"category_info":"<a href=\"https:\/\/ellotv.com.br\/site\/category\/noticias\/\" rel=\"category tag\">Noticias<\/a> <a href=\"https:\/\/ellotv.com.br\/site\/category\/regional\/\" rel=\"category tag\">Regional<\/a>","tag_info":"Regional","comment_count":"0","_links":{"self":[{"href":"https:\/\/ellotv.com.br\/site\/wp-json\/wp\/v2\/posts\/6116","targetHints":{"allow":["GET"]}}],"collection":[{"href":"https:\/\/ellotv.com.br\/site\/wp-json\/wp\/v2\/posts"}],"about":[{"href":"https:\/\/ellotv.com.br\/site\/wp-json\/wp\/v2\/types\/post"}],"author":[{"embeddable":true,"href":"https:\/\/ellotv.com.br\/site\/wp-json\/wp\/v2\/users\/2"}],"replies":[{"embeddable":true,"href":"https:\/\/ellotv.com.br\/site\/wp-json\/wp\/v2\/comments?post=6116"}],"version-history":[{"count":1,"href":"https:\/\/ellotv.com.br\/site\/wp-json\/wp\/v2\/posts\/6116\/revisions"}],"predecessor-version":[{"id":6120,"href":"https:\/\/ellotv.com.br\/site\/wp-json\/wp\/v2\/posts\/6116\/revisions\/6120"}],"wp:featuredmedia":[{"embeddable":true,"href":"https:\/\/ellotv.com.br\/site\/wp-json\/wp\/v2\/media\/6117"}],"wp:attachment":[{"href":"https:\/\/ellotv.com.br\/site\/wp-json\/wp\/v2\/media?parent=6116"}],"wp:term":[{"taxonomy":"category","embeddable":true,"href":"https:\/\/ellotv.com.br\/site\/wp-json\/wp\/v2\/categories?post=6116"},{"taxonomy":"post_tag","embeddable":true,"href":"https:\/\/ellotv.com.br\/site\/wp-json\/wp\/v2\/tags?post=6116"}],"curies":[{"name":"wp","href":"https:\/\/api.w.org\/{rel}","templated":true}]}}