{"id":6130,"date":"2026-05-14T17:42:28","date_gmt":"2026-05-14T20:42:28","guid":{"rendered":"https:\/\/ellotv.com.br\/site\/?p=6130"},"modified":"2026-05-14T17:42:28","modified_gmt":"2026-05-14T20:42:28","slug":"dulce-lima-leva-o-nome-de-tabira-a-solenidade-de-notorio-saber-da-upe-em-arcoverde","status":"publish","type":"post","link":"https:\/\/ellotv.com.br\/site\/2026\/05\/14\/dulce-lima-leva-o-nome-de-tabira-a-solenidade-de-notorio-saber-da-upe-em-arcoverde\/","title":{"rendered":"Dulce Lima leva o nome de Tabira \u00e0 solenidade de Not\u00f3rio Saber da UPE em Arcoverde"},"content":{"rendered":"<p data-start=\"83\" data-end=\"444\">O munic\u00edpio de <span class=\"hover:entity-accent entity-underline inline cursor-pointer align-baseline\"><span class=\"whitespace-normal\">Tabira<\/span><\/span> celebrou, nesta ter\u00e7a-feira (13), um importante reconhecimento \u00e0 sua cultura. A poetisa <span class=\"hover:entity-accent entity-underline inline cursor-pointer align-baseline\"><span class=\"whitespace-normal\">Dulce Lima<\/span><\/span> foi agraciada com o t\u00edtulo de Not\u00f3rio Saber em Cultura Popular pela <span class=\"hover:entity-accent entity-underline inline cursor-pointer align-baseline\"><span class=\"whitespace-normal\">Universidade de Pernambuco<\/span><\/span>, em solenidade realizada no campus de <span class=\"hover:entity-accent entity-underline inline cursor-pointer align-baseline\"><span class=\"whitespace-normal\">Arcoverde<\/span><\/span>.<\/p>\n<h3 data-section-id=\"14s6gle\" data-start=\"446\" data-end=\"476\">Reconhecimento cultural<\/h3>\n<p data-start=\"477\" data-end=\"764\">A homenagem destacou a trajet\u00f3ria da poetisa e sua contribui\u00e7\u00e3o para a valoriza\u00e7\u00e3o da cultura popular e da tradi\u00e7\u00e3o oral do Sert\u00e3o do Paje\u00fa. A cerim\u00f4nia reuniu mestres e mestras da cultura de diversas regi\u00f5es, transformando o evento em uma celebra\u00e7\u00e3o da mem\u00f3ria e das ra\u00edzes nordestinas.<\/p>\n<h3 data-section-id=\"8lr4em\" data-start=\"766\" data-end=\"790\">Outras homenagens<\/h3>\n<p data-start=\"791\" data-end=\"1143\">Al\u00e9m de Dulce Lima, tamb\u00e9m foram reconhecidos nomes importantes da cultura regional, como <span class=\"hover:entity-accent entity-underline inline cursor-pointer align-baseline\"><span class=\"whitespace-normal\">In\u00e1cio Pedro do Coco<\/span><\/span> (in memoriam), ligado ao grupo Negros e Negras do Leit\u00e3o da Carapu\u00e7a, de <span class=\"hover:entity-accent entity-underline inline cursor-pointer align-baseline\"><span class=\"whitespace-normal\">Afogados da Ingazeira<\/span><\/span>, e <span class=\"hover:entity-accent entity-underline inline cursor-pointer align-baseline\"><span class=\"whitespace-normal\">Chico Santeiro<\/span><\/span>, refer\u00eancia na arte em madeira de <span class=\"hover:entity-accent entity-underline inline cursor-pointer align-baseline\"><span class=\"whitespace-normal\">Triunfo<\/span><\/span>.<\/p>\n<h3 data-section-id=\"15oj8to\" data-start=\"1145\" data-end=\"1169\">Momento de emo\u00e7\u00e3o<\/h3>\n<p data-start=\"1170\" data-end=\"1492\">O evento contou ainda com a presen\u00e7a do Patrim\u00f4nio Vivo de Pernambuco, <span class=\"hover:entity-accent entity-underline inline cursor-pointer align-baseline\"><span class=\"whitespace-normal\">Ded\u00e9 Monteiro<\/span><\/span>, que emocionou o p\u00fablico ao declamar versos em homenagem \u00e0 poetisa. Participaram tamb\u00e9m autoridades e representantes culturais, como <span class=\"hover:entity-accent entity-underline inline cursor-pointer align-baseline\"><span class=\"whitespace-normal\">Neide Nascimento<\/span><\/span> e <span class=\"hover:entity-accent entity-underline inline cursor-pointer align-baseline\"><span class=\"whitespace-normal\">Adeval Soares<\/span><\/span>.<\/p>\n<h3 data-section-id=\"r9g94y\" data-start=\"1494\" data-end=\"1525\">Trajet\u00f3ria de Dulce Lima<\/h3>\n<p data-start=\"1526\" data-end=\"1876\">Natural de Tabira, Maria Dulce de Lima Pessoa construiu uma carreira marcada pela dedica\u00e7\u00e3o \u00e0 literatura e \u00e0 educa\u00e7\u00e3o. Professora por mais de 30 anos, com forma\u00e7\u00e3o em L\u00edngua Portuguesa e p\u00f3s-gradua\u00e7\u00e3o pela <span class=\"hover:entity-accent entity-underline inline cursor-pointer align-baseline\"><span class=\"whitespace-normal\">UFPE<\/span><\/span>, \u00e9 fundadora da <span class=\"hover:entity-accent entity-underline inline cursor-pointer align-baseline\"><span class=\"whitespace-normal\">APPTA<\/span><\/span> e atua h\u00e1 d\u00e9cadas promovendo oficinas de poesia.<\/p>\n<p data-start=\"1878\" data-end=\"2091\">Dulce tamb\u00e9m acumula importantes reconhecimentos, como o Pr\u00eamio Mestra de Culturas Populares (2018) e o Pr\u00eamio Ariano Suassuna (2019). Entre suas obras, destaca-se o livro <em data-start=\"2050\" data-end=\"2090\">\u201cSert\u00e3o, Cen\u00e1rio de Cr\u00f4nicas e Versos\u201d<\/em>.<\/p>\n<h3 data-section-id=\"pt66mx\" data-start=\"2093\" data-end=\"2124\">For\u00e7a da poesia feminina<\/h3>\n<p data-start=\"2125\" data-end=\"2285\">O reconhecimento refor\u00e7a a import\u00e2ncia da poesia feminina no Paje\u00fa e consolida o papel de Dulce Lima como uma das principais vozes da cultura popular da regi\u00e3o.<\/p>\n<p data-start=\"2125\" data-end=\"2285\"><img fetchpriority=\"high\" decoding=\"async\" class=\"aligncenter wp-image-6134 size-full\" src=\"https:\/\/ellotv.com.br\/site\/wp-content\/uploads\/2026\/05\/WhatsApp-Image-2026-05-14-at-17.10.22-2.jpeg\" alt=\"\" width=\"1600\" height=\"1200\" srcset=\"https:\/\/ellotv.com.br\/site\/wp-content\/uploads\/2026\/05\/WhatsApp-Image-2026-05-14-at-17.10.22-2.jpeg 1600w, https:\/\/ellotv.com.br\/site\/wp-content\/uploads\/2026\/05\/WhatsApp-Image-2026-05-14-at-17.10.22-2-300x225.jpeg 300w, https:\/\/ellotv.com.br\/site\/wp-content\/uploads\/2026\/05\/WhatsApp-Image-2026-05-14-at-17.10.22-2-1024x768.jpeg 1024w, https:\/\/ellotv.com.br\/site\/wp-content\/uploads\/2026\/05\/WhatsApp-Image-2026-05-14-at-17.10.22-2-768x576.jpeg 768w, https:\/\/ellotv.com.br\/site\/wp-content\/uploads\/2026\/05\/WhatsApp-Image-2026-05-14-at-17.10.22-2-1536x1152.jpeg 1536w\" sizes=\"(max-width: 1600px) 100vw, 1600px\" \/><\/p>\n","protected":false},"excerpt":{"rendered":"<p>O munic\u00edpio de Tabira celebrou, nesta ter\u00e7a-feira (13), um importante reconhecimento \u00e0 sua cultura. A poetisa Dulce Lima<\/p>\n","protected":false},"author":2,"featured_media":6131,"comment_status":"open","ping_status":"open","sticky":false,"template":"","format":"standard","meta":{"footnotes":""},"categories":[12,9],"tags":[],"class_list":["post-6130","post","type-post","status-publish","format-standard","has-post-thumbnail","hentry","category-noticias","category-regional"],"yoast_head":"<!-- This site is optimized with the Yoast SEO plugin v28.3 - https:\/\/yoast.com\/product\/yoast-seo-wordpress\/ -->\n<title>Dulce Lima leva o nome de Tabira \u00e0 solenidade de Not\u00f3rio Saber da UPE em Arcoverde - Ello TV<\/title>\n<meta name=\"description\" content=\"Poetisa Dulce Lima, de Tabira, recebe t\u00edtulo de Not\u00f3rio Saber em Cultura Popular pela UPE, destacando sua contribui\u00e7\u00e3o \u00e0 cultura do Paje\u00fa.\" \/>\n<meta name=\"robots\" content=\"index, follow, max-snippet:-1, max-image-preview:large, max-video-preview:-1\" \/>\n<link rel=\"canonical\" href=\"https:\/\/ellotv.com.br\/site\/2026\/05\/14\/dulce-lima-leva-o-nome-de-tabira-a-solenidade-de-notorio-saber-da-upe-em-arcoverde\/\" \/>\n<meta property=\"og:locale\" content=\"pt_BR\" \/>\n<meta property=\"og:type\" content=\"article\" \/>\n<meta property=\"og:title\" content=\"Dulce Lima leva o nome de Tabira \u00e0 solenidade de Not\u00f3rio Saber da UPE em Arcoverde - Ello TV\" \/>\n<meta property=\"og:description\" content=\"Poetisa Dulce Lima, de Tabira, recebe t\u00edtulo de Not\u00f3rio Saber em Cultura Popular pela UPE, destacando sua contribui\u00e7\u00e3o \u00e0 cultura do Paje\u00fa.\" \/>\n<meta property=\"og:url\" content=\"https:\/\/ellotv.com.br\/site\/2026\/05\/14\/dulce-lima-leva-o-nome-de-tabira-a-solenidade-de-notorio-saber-da-upe-em-arcoverde\/\" \/>\n<meta property=\"og:site_name\" content=\"Ello TV\" \/>\n<meta property=\"article:published_time\" content=\"2026-05-14T20:42:28+00:00\" \/>\n<meta property=\"og:image\" content=\"https:\/\/ellotv.com.br\/site\/wp-content\/uploads\/2026\/05\/WhatsApp-Image-2026-05-14-at-17.10.22-1.jpeg\" \/>\n\t<meta property=\"og:image:width\" content=\"960\" \/>\n\t<meta property=\"og:image:height\" content=\"1280\" \/>\n\t<meta property=\"og:image:type\" content=\"image\/jpeg\" \/>\n<meta name=\"author\" content=\"ELLO TV\" \/>\n<meta name=\"twitter:card\" content=\"summary_large_image\" \/>\n<meta name=\"twitter:label1\" content=\"Escrito por\" \/>\n\t<meta name=\"twitter:data1\" content=\"ELLO TV\" \/>\n\t<meta name=\"twitter:label2\" content=\"Est. tempo de leitura\" \/>\n\t<meta name=\"twitter:data2\" content=\"2 minutos\" \/>\n<script type=\"application\/ld+json\" class=\"yoast-schema-graph\">{\"@context\":\"https:\\\/\\\/schema.org\",\"@graph\":[{\"@type\":\"Article\",\"@id\":\"https:\\\/\\\/ellotv.com.br\\\/site\\\/2026\\\/05\\\/14\\\/dulce-lima-leva-o-nome-de-tabira-a-solenidade-de-notorio-saber-da-upe-em-arcoverde\\\/#article\",\"isPartOf\":{\"@id\":\"https:\\\/\\\/ellotv.com.br\\\/site\\\/2026\\\/05\\\/14\\\/dulce-lima-leva-o-nome-de-tabira-a-solenidade-de-notorio-saber-da-upe-em-arcoverde\\\/\"},\"author\":{\"name\":\"ELLO TV\",\"@id\":\"https:\\\/\\\/ellotv.com.br\\\/site\\\/#\\\/schema\\\/person\\\/2dbe3abaee38dcc7332fc8205cd2b15d\"},\"headline\":\"Dulce Lima leva o nome de Tabira \u00e0 solenidade de Not\u00f3rio Saber da UPE em Arcoverde\",\"datePublished\":\"2026-05-14T20:42:28+00:00\",\"mainEntityOfPage\":{\"@id\":\"https:\\\/\\\/ellotv.com.br\\\/site\\\/2026\\\/05\\\/14\\\/dulce-lima-leva-o-nome-de-tabira-a-solenidade-de-notorio-saber-da-upe-em-arcoverde\\\/\"},\"wordCount\":336,\"commentCount\":0,\"publisher\":{\"@id\":\"https:\\\/\\\/ellotv.com.br\\\/site\\\/#organization\"},\"image\":{\"@id\":\"https:\\\/\\\/ellotv.com.br\\\/site\\\/2026\\\/05\\\/14\\\/dulce-lima-leva-o-nome-de-tabira-a-solenidade-de-notorio-saber-da-upe-em-arcoverde\\\/#primaryimage\"},\"thumbnailUrl\":\"https:\\\/\\\/ellotv.com.br\\\/site\\\/wp-content\\\/uploads\\\/2026\\\/05\\\/WhatsApp-Image-2026-05-14-at-17.10.22-1.jpeg\",\"articleSection\":[\"Noticias\",\"Regional\"],\"inLanguage\":\"pt-BR\",\"potentialAction\":[{\"@type\":\"CommentAction\",\"name\":\"Comment\",\"target\":[\"https:\\\/\\\/ellotv.com.br\\\/site\\\/2026\\\/05\\\/14\\\/dulce-lima-leva-o-nome-de-tabira-a-solenidade-de-notorio-saber-da-upe-em-arcoverde\\\/#respond\"]}]},{\"@type\":\"WebPage\",\"@id\":\"https:\\\/\\\/ellotv.com.br\\\/site\\\/2026\\\/05\\\/14\\\/dulce-lima-leva-o-nome-de-tabira-a-solenidade-de-notorio-saber-da-upe-em-arcoverde\\\/\",\"url\":\"https:\\\/\\\/ellotv.com.br\\\/site\\\/2026\\\/05\\\/14\\\/dulce-lima-leva-o-nome-de-tabira-a-solenidade-de-notorio-saber-da-upe-em-arcoverde\\\/\",\"name\":\"Dulce Lima leva o nome de Tabira \u00e0 solenidade de Not\u00f3rio Saber da UPE em Arcoverde - Ello TV\",\"isPartOf\":{\"@id\":\"https:\\\/\\\/ellotv.com.br\\\/site\\\/#website\"},\"primaryImageOfPage\":{\"@id\":\"https:\\\/\\\/ellotv.com.br\\\/site\\\/2026\\\/05\\\/14\\\/dulce-lima-leva-o-nome-de-tabira-a-solenidade-de-notorio-saber-da-upe-em-arcoverde\\\/#primaryimage\"},\"image\":{\"@id\":\"https:\\\/\\\/ellotv.com.br\\\/site\\\/2026\\\/05\\\/14\\\/dulce-lima-leva-o-nome-de-tabira-a-solenidade-de-notorio-saber-da-upe-em-arcoverde\\\/#primaryimage\"},\"thumbnailUrl\":\"https:\\\/\\\/ellotv.com.br\\\/site\\\/wp-content\\\/uploads\\\/2026\\\/05\\\/WhatsApp-Image-2026-05-14-at-17.10.22-1.jpeg\",\"datePublished\":\"2026-05-14T20:42:28+00:00\",\"description\":\"Poetisa Dulce Lima, de Tabira, recebe t\u00edtulo de Not\u00f3rio Saber em Cultura Popular pela UPE, destacando sua contribui\u00e7\u00e3o \u00e0 cultura do Paje\u00fa.\",\"breadcrumb\":{\"@id\":\"https:\\\/\\\/ellotv.com.br\\\/site\\\/2026\\\/05\\\/14\\\/dulce-lima-leva-o-nome-de-tabira-a-solenidade-de-notorio-saber-da-upe-em-arcoverde\\\/#breadcrumb\"},\"inLanguage\":\"pt-BR\",\"potentialAction\":[{\"@type\":\"ReadAction\",\"target\":[\"https:\\\/\\\/ellotv.com.br\\\/site\\\/2026\\\/05\\\/14\\\/dulce-lima-leva-o-nome-de-tabira-a-solenidade-de-notorio-saber-da-upe-em-arcoverde\\\/\"]}]},{\"@type\":\"ImageObject\",\"inLanguage\":\"pt-BR\",\"@id\":\"https:\\\/\\\/ellotv.com.br\\\/site\\\/2026\\\/05\\\/14\\\/dulce-lima-leva-o-nome-de-tabira-a-solenidade-de-notorio-saber-da-upe-em-arcoverde\\\/#primaryimage\",\"url\":\"https:\\\/\\\/ellotv.com.br\\\/site\\\/wp-content\\\/uploads\\\/2026\\\/05\\\/WhatsApp-Image-2026-05-14-at-17.10.22-1.jpeg\",\"contentUrl\":\"https:\\\/\\\/ellotv.com.br\\\/site\\\/wp-content\\\/uploads\\\/2026\\\/05\\\/WhatsApp-Image-2026-05-14-at-17.10.22-1.jpeg\",\"width\":960,\"height\":1280},{\"@type\":\"BreadcrumbList\",\"@id\":\"https:\\\/\\\/ellotv.com.br\\\/site\\\/2026\\\/05\\\/14\\\/dulce-lima-leva-o-nome-de-tabira-a-solenidade-de-notorio-saber-da-upe-em-arcoverde\\\/#breadcrumb\",\"itemListElement\":[{\"@type\":\"ListItem\",\"position\":1,\"name\":\"In\u00edcio\",\"item\":\"https:\\\/\\\/ellotv.com.br\\\/site\\\/\"},{\"@type\":\"ListItem\",\"position\":2,\"name\":\"Dulce Lima leva o nome de Tabira \u00e0 solenidade de Not\u00f3rio Saber da UPE em Arcoverde\"}]},{\"@type\":\"WebSite\",\"@id\":\"https:\\\/\\\/ellotv.com.br\\\/site\\\/#website\",\"url\":\"https:\\\/\\\/ellotv.com.br\\\/site\\\/\",\"name\":\"ELLO TV\",\"description\":\"\",\"publisher\":{\"@id\":\"https:\\\/\\\/ellotv.com.br\\\/site\\\/#organization\"},\"potentialAction\":[{\"@type\":\"SearchAction\",\"target\":{\"@type\":\"EntryPoint\",\"urlTemplate\":\"https:\\\/\\\/ellotv.com.br\\\/site\\\/?s={search_term_string}\"},\"query-input\":{\"@type\":\"PropertyValueSpecification\",\"valueRequired\":true,\"valueName\":\"search_term_string\"}}],\"inLanguage\":\"pt-BR\"},{\"@type\":\"Organization\",\"@id\":\"https:\\\/\\\/ellotv.com.br\\\/site\\\/#organization\",\"name\":\"ELLO TV\",\"url\":\"https:\\\/\\\/ellotv.com.br\\\/site\\\/\",\"logo\":{\"@type\":\"ImageObject\",\"inLanguage\":\"pt-BR\",\"@id\":\"https:\\\/\\\/ellotv.com.br\\\/site\\\/#\\\/schema\\\/logo\\\/image\\\/\",\"url\":\"https:\\\/\\\/ellotv.com.br\\\/site\\\/wp-content\\\/uploads\\\/2025\\\/11\\\/ello-logo-2.fw_.png\",\"contentUrl\":\"https:\\\/\\\/ellotv.com.br\\\/site\\\/wp-content\\\/uploads\\\/2025\\\/11\\\/ello-logo-2.fw_.png\",\"width\":400,\"height\":146,\"caption\":\"ELLO TV\"},\"image\":{\"@id\":\"https:\\\/\\\/ellotv.com.br\\\/site\\\/#\\\/schema\\\/logo\\\/image\\\/\"}},{\"@type\":\"Person\",\"@id\":\"https:\\\/\\\/ellotv.com.br\\\/site\\\/#\\\/schema\\\/person\\\/2dbe3abaee38dcc7332fc8205cd2b15d\",\"name\":\"ELLO TV\",\"image\":{\"@type\":\"ImageObject\",\"inLanguage\":\"pt-BR\",\"@id\":\"https:\\\/\\\/secure.gravatar.com\\\/avatar\\\/c38242b9da8ec217ac3f0aaee31a54f7d7befb11b2b47fdbc8fb0fad60afa1c6?s=96&d=mm&r=g\",\"url\":\"https:\\\/\\\/secure.gravatar.com\\\/avatar\\\/c38242b9da8ec217ac3f0aaee31a54f7d7befb11b2b47fdbc8fb0fad60afa1c6?s=96&d=mm&r=g\",\"contentUrl\":\"https:\\\/\\\/secure.gravatar.com\\\/avatar\\\/c38242b9da8ec217ac3f0aaee31a54f7d7befb11b2b47fdbc8fb0fad60afa1c6?s=96&d=mm&r=g\",\"caption\":\"ELLO TV\"},\"url\":\"https:\\\/\\\/ellotv.com.br\\\/site\\\/author\\\/elloagencia\\\/\"}]}<\/script>\n<!-- \/ Yoast SEO plugin. -->","yoast_head_json":{"title":"Dulce Lima leva o nome de Tabira \u00e0 solenidade de Not\u00f3rio Saber da UPE em Arcoverde - Ello TV","description":"Poetisa Dulce Lima, de Tabira, recebe t\u00edtulo de Not\u00f3rio Saber em Cultura Popular pela UPE, destacando sua contribui\u00e7\u00e3o \u00e0 cultura do Paje\u00fa.","robots":{"index":"index","follow":"follow","max-snippet":"max-snippet:-1","max-image-preview":"max-image-preview:large","max-video-preview":"max-video-preview:-1"},"canonical":"https:\/\/ellotv.com.br\/site\/2026\/05\/14\/dulce-lima-leva-o-nome-de-tabira-a-solenidade-de-notorio-saber-da-upe-em-arcoverde\/","og_locale":"pt_BR","og_type":"article","og_title":"Dulce Lima leva o nome de Tabira \u00e0 solenidade de Not\u00f3rio Saber da UPE em Arcoverde - Ello TV","og_description":"Poetisa Dulce Lima, de Tabira, recebe t\u00edtulo de Not\u00f3rio Saber em Cultura Popular pela UPE, destacando sua contribui\u00e7\u00e3o \u00e0 cultura do Paje\u00fa.","og_url":"https:\/\/ellotv.com.br\/site\/2026\/05\/14\/dulce-lima-leva-o-nome-de-tabira-a-solenidade-de-notorio-saber-da-upe-em-arcoverde\/","og_site_name":"Ello TV","article_published_time":"2026-05-14T20:42:28+00:00","og_image":[{"width":960,"height":1280,"url":"https:\/\/ellotv.com.br\/site\/wp-content\/uploads\/2026\/05\/WhatsApp-Image-2026-05-14-at-17.10.22-1.jpeg","type":"image\/jpeg"}],"author":"ELLO TV","twitter_card":"summary_large_image","twitter_misc":{"Escrito por":"ELLO TV","Est. tempo de leitura":"2 minutos"},"schema":{"@context":"https:\/\/schema.org","@graph":[{"@type":"Article","@id":"https:\/\/ellotv.com.br\/site\/2026\/05\/14\/dulce-lima-leva-o-nome-de-tabira-a-solenidade-de-notorio-saber-da-upe-em-arcoverde\/#article","isPartOf":{"@id":"https:\/\/ellotv.com.br\/site\/2026\/05\/14\/dulce-lima-leva-o-nome-de-tabira-a-solenidade-de-notorio-saber-da-upe-em-arcoverde\/"},"author":{"name":"ELLO TV","@id":"https:\/\/ellotv.com.br\/site\/#\/schema\/person\/2dbe3abaee38dcc7332fc8205cd2b15d"},"headline":"Dulce Lima leva o nome de Tabira \u00e0 solenidade de Not\u00f3rio Saber da UPE em Arcoverde","datePublished":"2026-05-14T20:42:28+00:00","mainEntityOfPage":{"@id":"https:\/\/ellotv.com.br\/site\/2026\/05\/14\/dulce-lima-leva-o-nome-de-tabira-a-solenidade-de-notorio-saber-da-upe-em-arcoverde\/"},"wordCount":336,"commentCount":0,"publisher":{"@id":"https:\/\/ellotv.com.br\/site\/#organization"},"image":{"@id":"https:\/\/ellotv.com.br\/site\/2026\/05\/14\/dulce-lima-leva-o-nome-de-tabira-a-solenidade-de-notorio-saber-da-upe-em-arcoverde\/#primaryimage"},"thumbnailUrl":"https:\/\/ellotv.com.br\/site\/wp-content\/uploads\/2026\/05\/WhatsApp-Image-2026-05-14-at-17.10.22-1.jpeg","articleSection":["Noticias","Regional"],"inLanguage":"pt-BR","potentialAction":[{"@type":"CommentAction","name":"Comment","target":["https:\/\/ellotv.com.br\/site\/2026\/05\/14\/dulce-lima-leva-o-nome-de-tabira-a-solenidade-de-notorio-saber-da-upe-em-arcoverde\/#respond"]}]},{"@type":"WebPage","@id":"https:\/\/ellotv.com.br\/site\/2026\/05\/14\/dulce-lima-leva-o-nome-de-tabira-a-solenidade-de-notorio-saber-da-upe-em-arcoverde\/","url":"https:\/\/ellotv.com.br\/site\/2026\/05\/14\/dulce-lima-leva-o-nome-de-tabira-a-solenidade-de-notorio-saber-da-upe-em-arcoverde\/","name":"Dulce Lima leva o nome de Tabira \u00e0 solenidade de Not\u00f3rio Saber da UPE em Arcoverde - Ello TV","isPartOf":{"@id":"https:\/\/ellotv.com.br\/site\/#website"},"primaryImageOfPage":{"@id":"https:\/\/ellotv.com.br\/site\/2026\/05\/14\/dulce-lima-leva-o-nome-de-tabira-a-solenidade-de-notorio-saber-da-upe-em-arcoverde\/#primaryimage"},"image":{"@id":"https:\/\/ellotv.com.br\/site\/2026\/05\/14\/dulce-lima-leva-o-nome-de-tabira-a-solenidade-de-notorio-saber-da-upe-em-arcoverde\/#primaryimage"},"thumbnailUrl":"https:\/\/ellotv.com.br\/site\/wp-content\/uploads\/2026\/05\/WhatsApp-Image-2026-05-14-at-17.10.22-1.jpeg","datePublished":"2026-05-14T20:42:28+00:00","description":"Poetisa Dulce Lima, de Tabira, recebe t\u00edtulo de Not\u00f3rio Saber em Cultura Popular pela UPE, destacando sua contribui\u00e7\u00e3o \u00e0 cultura do Paje\u00fa.","breadcrumb":{"@id":"https:\/\/ellotv.com.br\/site\/2026\/05\/14\/dulce-lima-leva-o-nome-de-tabira-a-solenidade-de-notorio-saber-da-upe-em-arcoverde\/#breadcrumb"},"inLanguage":"pt-BR","potentialAction":[{"@type":"ReadAction","target":["https:\/\/ellotv.com.br\/site\/2026\/05\/14\/dulce-lima-leva-o-nome-de-tabira-a-solenidade-de-notorio-saber-da-upe-em-arcoverde\/"]}]},{"@type":"ImageObject","inLanguage":"pt-BR","@id":"https:\/\/ellotv.com.br\/site\/2026\/05\/14\/dulce-lima-leva-o-nome-de-tabira-a-solenidade-de-notorio-saber-da-upe-em-arcoverde\/#primaryimage","url":"https:\/\/ellotv.com.br\/site\/wp-content\/uploads\/2026\/05\/WhatsApp-Image-2026-05-14-at-17.10.22-1.jpeg","contentUrl":"https:\/\/ellotv.com.br\/site\/wp-content\/uploads\/2026\/05\/WhatsApp-Image-2026-05-14-at-17.10.22-1.jpeg","width":960,"height":1280},{"@type":"BreadcrumbList","@id":"https:\/\/ellotv.com.br\/site\/2026\/05\/14\/dulce-lima-leva-o-nome-de-tabira-a-solenidade-de-notorio-saber-da-upe-em-arcoverde\/#breadcrumb","itemListElement":[{"@type":"ListItem","position":1,"name":"In\u00edcio","item":"https:\/\/ellotv.com.br\/site\/"},{"@type":"ListItem","position":2,"name":"Dulce Lima leva o nome de Tabira \u00e0 solenidade de Not\u00f3rio Saber da UPE em Arcoverde"}]},{"@type":"WebSite","@id":"https:\/\/ellotv.com.br\/site\/#website","url":"https:\/\/ellotv.com.br\/site\/","name":"ELLO TV","description":"","publisher":{"@id":"https:\/\/ellotv.com.br\/site\/#organization"},"potentialAction":[{"@type":"SearchAction","target":{"@type":"EntryPoint","urlTemplate":"https:\/\/ellotv.com.br\/site\/?s={search_term_string}"},"query-input":{"@type":"PropertyValueSpecification","valueRequired":true,"valueName":"search_term_string"}}],"inLanguage":"pt-BR"},{"@type":"Organization","@id":"https:\/\/ellotv.com.br\/site\/#organization","name":"ELLO TV","url":"https:\/\/ellotv.com.br\/site\/","logo":{"@type":"ImageObject","inLanguage":"pt-BR","@id":"https:\/\/ellotv.com.br\/site\/#\/schema\/logo\/image\/","url":"https:\/\/ellotv.com.br\/site\/wp-content\/uploads\/2025\/11\/ello-logo-2.fw_.png","contentUrl":"https:\/\/ellotv.com.br\/site\/wp-content\/uploads\/2025\/11\/ello-logo-2.fw_.png","width":400,"height":146,"caption":"ELLO TV"},"image":{"@id":"https:\/\/ellotv.com.br\/site\/#\/schema\/logo\/image\/"}},{"@type":"Person","@id":"https:\/\/ellotv.com.br\/site\/#\/schema\/person\/2dbe3abaee38dcc7332fc8205cd2b15d","name":"ELLO TV","image":{"@type":"ImageObject","inLanguage":"pt-BR","@id":"https:\/\/secure.gravatar.com\/avatar\/c38242b9da8ec217ac3f0aaee31a54f7d7befb11b2b47fdbc8fb0fad60afa1c6?s=96&d=mm&r=g","url":"https:\/\/secure.gravatar.com\/avatar\/c38242b9da8ec217ac3f0aaee31a54f7d7befb11b2b47fdbc8fb0fad60afa1c6?s=96&d=mm&r=g","contentUrl":"https:\/\/secure.gravatar.com\/avatar\/c38242b9da8ec217ac3f0aaee31a54f7d7befb11b2b47fdbc8fb0fad60afa1c6?s=96&d=mm&r=g","caption":"ELLO TV"},"url":"https:\/\/ellotv.com.br\/site\/author\/elloagencia\/"}]}},"featured_image_urls":{"full":["https:\/\/ellotv.com.br\/site\/wp-content\/uploads\/2026\/05\/WhatsApp-Image-2026-05-14-at-17.10.22-1.jpeg",960,1280,false],"thumbnail":["https:\/\/ellotv.com.br\/site\/wp-content\/uploads\/2026\/05\/WhatsApp-Image-2026-05-14-at-17.10.22-1-150x150.jpeg",150,150,true],"medium":["https:\/\/ellotv.com.br\/site\/wp-content\/uploads\/2026\/05\/WhatsApp-Image-2026-05-14-at-17.10.22-1-225x300.jpeg",225,300,true],"medium_large":["https:\/\/ellotv.com.br\/site\/wp-content\/uploads\/2026\/05\/WhatsApp-Image-2026-05-14-at-17.10.22-1-768x1024.jpeg",640,853,true],"large":["https:\/\/ellotv.com.br\/site\/wp-content\/uploads\/2026\/05\/WhatsApp-Image-2026-05-14-at-17.10.22-1-768x1024.jpeg",640,853,true],"1536x1536":["https:\/\/ellotv.com.br\/site\/wp-content\/uploads\/2026\/05\/WhatsApp-Image-2026-05-14-at-17.10.22-1.jpeg",960,1280,false],"2048x2048":["https:\/\/ellotv.com.br\/site\/wp-content\/uploads\/2026\/05\/WhatsApp-Image-2026-05-14-at-17.10.22-1.jpeg",960,1280,false],"darknews-slider-full":["https:\/\/ellotv.com.br\/site\/wp-content\/uploads\/2026\/05\/WhatsApp-Image-2026-05-14-at-17.10.22-1-960x720.jpeg",960,720,true],"darknews-featured":["https:\/\/ellotv.com.br\/site\/wp-content\/uploads\/2026\/05\/WhatsApp-Image-2026-05-14-at-17.10.22-1.jpeg",960,1280,false],"darknews-medium":["https:\/\/ellotv.com.br\/site\/wp-content\/uploads\/2026\/05\/WhatsApp-Image-2026-05-14-at-17.10.22-1-720x530.jpeg",720,530,true],"darknews-medium-square":["https:\/\/ellotv.com.br\/site\/wp-content\/uploads\/2026\/05\/WhatsApp-Image-2026-05-14-at-17.10.22-1-350x350.jpeg",350,350,true]},"author_info":{"info":["ELLO TV"]},"category_info":"<a href=\"https:\/\/ellotv.com.br\/site\/category\/noticias\/\" rel=\"category tag\">Noticias<\/a> <a href=\"https:\/\/ellotv.com.br\/site\/category\/regional\/\" rel=\"category tag\">Regional<\/a>","tag_info":"Regional","comment_count":"0","_links":{"self":[{"href":"https:\/\/ellotv.com.br\/site\/wp-json\/wp\/v2\/posts\/6130","targetHints":{"allow":["GET"]}}],"collection":[{"href":"https:\/\/ellotv.com.br\/site\/wp-json\/wp\/v2\/posts"}],"about":[{"href":"https:\/\/ellotv.com.br\/site\/wp-json\/wp\/v2\/types\/post"}],"author":[{"embeddable":true,"href":"https:\/\/ellotv.com.br\/site\/wp-json\/wp\/v2\/users\/2"}],"replies":[{"embeddable":true,"href":"https:\/\/ellotv.com.br\/site\/wp-json\/wp\/v2\/comments?post=6130"}],"version-history":[{"count":2,"href":"https:\/\/ellotv.com.br\/site\/wp-json\/wp\/v2\/posts\/6130\/revisions"}],"predecessor-version":[{"id":6135,"href":"https:\/\/ellotv.com.br\/site\/wp-json\/wp\/v2\/posts\/6130\/revisions\/6135"}],"wp:featuredmedia":[{"embeddable":true,"href":"https:\/\/ellotv.com.br\/site\/wp-json\/wp\/v2\/media\/6131"}],"wp:attachment":[{"href":"https:\/\/ellotv.com.br\/site\/wp-json\/wp\/v2\/media?parent=6130"}],"wp:term":[{"taxonomy":"category","embeddable":true,"href":"https:\/\/ellotv.com.br\/site\/wp-json\/wp\/v2\/categories?post=6130"},{"taxonomy":"post_tag","embeddable":true,"href":"https:\/\/ellotv.com.br\/site\/wp-json\/wp\/v2\/tags?post=6130"}],"curies":[{"name":"wp","href":"https:\/\/api.w.org\/{rel}","templated":true}]}}