{"id":6140,"date":"2026-05-15T09:19:10","date_gmt":"2026-05-15T12:19:10","guid":{"rendered":"https:\/\/ellotv.com.br\/site\/?p=6140"},"modified":"2026-05-15T09:19:10","modified_gmt":"2026-05-15T12:19:10","slug":"tribunal-de-contas-do-estado-de-pernambuco-proibe-promocao-pessoal-de-autoridades-em-shows-e-eventos-publicos","status":"publish","type":"post","link":"https:\/\/ellotv.com.br\/site\/2026\/05\/15\/tribunal-de-contas-do-estado-de-pernambuco-proibe-promocao-pessoal-de-autoridades-em-shows-e-eventos-publicos\/","title":{"rendered":"Tribunal de Contas do Estado de Pernambuco pro\u00edbe promo\u00e7\u00e3o pessoal de autoridades em shows e eventos p\u00fablicos"},"content":{"rendered":"<p data-start=\"77\" data-end=\"324\">O <span class=\"hover:entity-accent entity-underline inline cursor-pointer align-baseline\"><span class=\"whitespace-normal\">Tribunal de Contas do Estado de Pernambuco<\/span><\/span> aprovou, na \u00faltima quarta-feira (13), uma nova resolu\u00e7\u00e3o que estabelece crit\u00e9rios para a fiscaliza\u00e7\u00e3o da contrata\u00e7\u00e3o de artistas e realiza\u00e7\u00e3o de eventos culturais financiados com recursos p\u00fablicos no estado.<\/p>\n<h3 data-section-id=\"140hxhb\" data-start=\"326\" data-end=\"359\">Combate \u00e0 promo\u00e7\u00e3o pessoal<\/h3>\n<p data-start=\"360\" data-end=\"673\">Entre os principais pontos, a norma pro\u00edbe o uso de apresenta\u00e7\u00f5es art\u00edsticas para promo\u00e7\u00e3o pessoal de agentes p\u00fablicos. Os contratos dever\u00e3o incluir cl\u00e1usulas que impe\u00e7am artistas de fazer men\u00e7\u00f5es, elogios ou qualquer manifesta\u00e7\u00e3o que beneficie prefeitos, vereadores, secret\u00e1rios ou servidores durante os eventos.<\/p>\n<h3 data-section-id=\"xmprxn\" data-start=\"675\" data-end=\"715\">Transpar\u00eancia e responsabilidade<\/h3>\n<p data-start=\"716\" data-end=\"915\">De acordo com o TCE-PE, a medida busca evitar o uso pol\u00edtico de festas custeadas com dinheiro p\u00fablico, refor\u00e7ando princ\u00edpios constitucionais como impessoalidade e moralidade na administra\u00e7\u00e3o p\u00fablica.<\/p>\n<h3 data-section-id=\"1fxsbh4\" data-start=\"917\" data-end=\"939\">Novos crit\u00e9rios<\/h3>\n<p data-start=\"940\" data-end=\"992\">A resolu\u00e7\u00e3o tamb\u00e9m orienta os \u00f3rg\u00e3os p\u00fablicos sobre:<\/p>\n<ul data-start=\"993\" data-end=\"1117\">\n<li data-section-id=\"wdgc3f\" data-start=\"993\" data-end=\"1032\">Regras para contrata\u00e7\u00e3o de artistas<\/li>\n<li data-section-id=\"129fwdj\" data-start=\"1033\" data-end=\"1056\">Presta\u00e7\u00e3o de contas<\/li>\n<li data-section-id=\"156og2r\" data-start=\"1057\" data-end=\"1117\">Fiscaliza\u00e7\u00e3o dos recursos aplicados em eventos culturais<\/li>\n<\/ul>\n<h3 data-section-id=\"790648\" data-start=\"1119\" data-end=\"1152\">Impacto na gest\u00e3o cultural<\/h3>\n<p data-start=\"1153\" data-end=\"1317\">Com a nova regulamenta\u00e7\u00e3o, o objetivo \u00e9 garantir maior transpar\u00eancia na aplica\u00e7\u00e3o dos recursos e fortalecer a gest\u00e3o respons\u00e1vel de eventos culturais em Pernambuco.<\/p>\n","protected":false},"excerpt":{"rendered":"<p>O Tribunal de Contas do Estado de Pernambuco aprovou, na \u00faltima quarta-feira (13), uma nova resolu\u00e7\u00e3o que estabelece<\/p>\n","protected":false},"author":2,"featured_media":6141,"comment_status":"open","ping_status":"open","sticky":false,"template":"","format":"standard","meta":{"footnotes":""},"categories":[12,9],"tags":[],"class_list":["post-6140","post","type-post","status-publish","format-standard","has-post-thumbnail","hentry","category-noticias","category-regional"],"yoast_head":"<!-- This site is optimized with the Yoast SEO plugin v28.3 - https:\/\/yoast.com\/product\/yoast-seo-wordpress\/ -->\n<title>Tribunal de Contas do Estado de Pernambuco pro\u00edbe promo\u00e7\u00e3o pessoal de autoridades em shows e eventos p\u00fablicos - Ello TV<\/title>\n<meta name=\"description\" content=\"TCE-PE aprova resolu\u00e7\u00e3o que pro\u00edbe promo\u00e7\u00e3o pessoal em shows pagos com recursos p\u00fablicos e refor\u00e7a regras de transpar\u00eancia em eventos culturais.\" \/>\n<meta name=\"robots\" content=\"index, follow, max-snippet:-1, max-image-preview:large, max-video-preview:-1\" \/>\n<link rel=\"canonical\" href=\"https:\/\/ellotv.com.br\/site\/2026\/05\/15\/tribunal-de-contas-do-estado-de-pernambuco-proibe-promocao-pessoal-de-autoridades-em-shows-e-eventos-publicos\/\" \/>\n<meta property=\"og:locale\" content=\"pt_BR\" \/>\n<meta property=\"og:type\" content=\"article\" \/>\n<meta property=\"og:title\" content=\"Tribunal de Contas do Estado de Pernambuco pro\u00edbe promo\u00e7\u00e3o pessoal de autoridades em shows e eventos p\u00fablicos - Ello TV\" \/>\n<meta property=\"og:description\" content=\"TCE-PE aprova resolu\u00e7\u00e3o que pro\u00edbe promo\u00e7\u00e3o pessoal em shows pagos com recursos p\u00fablicos e refor\u00e7a regras de transpar\u00eancia em eventos culturais.\" \/>\n<meta property=\"og:url\" content=\"https:\/\/ellotv.com.br\/site\/2026\/05\/15\/tribunal-de-contas-do-estado-de-pernambuco-proibe-promocao-pessoal-de-autoridades-em-shows-e-eventos-publicos\/\" \/>\n<meta property=\"og:site_name\" content=\"Ello TV\" \/>\n<meta property=\"article:published_time\" content=\"2026-05-15T12:19:10+00:00\" \/>\n<meta property=\"og:image\" content=\"https:\/\/ellotv.com.br\/site\/wp-content\/uploads\/2026\/05\/WhatsApp-Image-2026-05-14-at-20.37.39.jpeg\" \/>\n\t<meta property=\"og:image:width\" content=\"1600\" \/>\n\t<meta property=\"og:image:height\" content=\"1200\" \/>\n\t<meta property=\"og:image:type\" content=\"image\/jpeg\" \/>\n<meta name=\"author\" content=\"ELLO TV\" \/>\n<meta name=\"twitter:card\" content=\"summary_large_image\" \/>\n<meta name=\"twitter:label1\" content=\"Escrito por\" \/>\n\t<meta name=\"twitter:data1\" content=\"ELLO TV\" \/>\n\t<meta name=\"twitter:label2\" content=\"Est. tempo de leitura\" \/>\n\t<meta name=\"twitter:data2\" content=\"1 minuto\" \/>\n<script type=\"application\/ld+json\" class=\"yoast-schema-graph\">{\"@context\":\"https:\\\/\\\/schema.org\",\"@graph\":[{\"@type\":\"Article\",\"@id\":\"https:\\\/\\\/ellotv.com.br\\\/site\\\/2026\\\/05\\\/15\\\/tribunal-de-contas-do-estado-de-pernambuco-proibe-promocao-pessoal-de-autoridades-em-shows-e-eventos-publicos\\\/#article\",\"isPartOf\":{\"@id\":\"https:\\\/\\\/ellotv.com.br\\\/site\\\/2026\\\/05\\\/15\\\/tribunal-de-contas-do-estado-de-pernambuco-proibe-promocao-pessoal-de-autoridades-em-shows-e-eventos-publicos\\\/\"},\"author\":{\"name\":\"ELLO TV\",\"@id\":\"https:\\\/\\\/ellotv.com.br\\\/site\\\/#\\\/schema\\\/person\\\/2dbe3abaee38dcc7332fc8205cd2b15d\"},\"headline\":\"Tribunal de Contas do Estado de Pernambuco pro\u00edbe promo\u00e7\u00e3o pessoal de autoridades em shows e eventos p\u00fablicos\",\"datePublished\":\"2026-05-15T12:19:10+00:00\",\"mainEntityOfPage\":{\"@id\":\"https:\\\/\\\/ellotv.com.br\\\/site\\\/2026\\\/05\\\/15\\\/tribunal-de-contas-do-estado-de-pernambuco-proibe-promocao-pessoal-de-autoridades-em-shows-e-eventos-publicos\\\/\"},\"wordCount\":224,\"commentCount\":0,\"publisher\":{\"@id\":\"https:\\\/\\\/ellotv.com.br\\\/site\\\/#organization\"},\"image\":{\"@id\":\"https:\\\/\\\/ellotv.com.br\\\/site\\\/2026\\\/05\\\/15\\\/tribunal-de-contas-do-estado-de-pernambuco-proibe-promocao-pessoal-de-autoridades-em-shows-e-eventos-publicos\\\/#primaryimage\"},\"thumbnailUrl\":\"https:\\\/\\\/ellotv.com.br\\\/site\\\/wp-content\\\/uploads\\\/2026\\\/05\\\/WhatsApp-Image-2026-05-14-at-20.37.39.jpeg\",\"articleSection\":[\"Noticias\",\"Regional\"],\"inLanguage\":\"pt-BR\",\"potentialAction\":[{\"@type\":\"CommentAction\",\"name\":\"Comment\",\"target\":[\"https:\\\/\\\/ellotv.com.br\\\/site\\\/2026\\\/05\\\/15\\\/tribunal-de-contas-do-estado-de-pernambuco-proibe-promocao-pessoal-de-autoridades-em-shows-e-eventos-publicos\\\/#respond\"]}]},{\"@type\":\"WebPage\",\"@id\":\"https:\\\/\\\/ellotv.com.br\\\/site\\\/2026\\\/05\\\/15\\\/tribunal-de-contas-do-estado-de-pernambuco-proibe-promocao-pessoal-de-autoridades-em-shows-e-eventos-publicos\\\/\",\"url\":\"https:\\\/\\\/ellotv.com.br\\\/site\\\/2026\\\/05\\\/15\\\/tribunal-de-contas-do-estado-de-pernambuco-proibe-promocao-pessoal-de-autoridades-em-shows-e-eventos-publicos\\\/\",\"name\":\"Tribunal de Contas do Estado de Pernambuco pro\u00edbe promo\u00e7\u00e3o pessoal de autoridades em shows e eventos p\u00fablicos - Ello TV\",\"isPartOf\":{\"@id\":\"https:\\\/\\\/ellotv.com.br\\\/site\\\/#website\"},\"primaryImageOfPage\":{\"@id\":\"https:\\\/\\\/ellotv.com.br\\\/site\\\/2026\\\/05\\\/15\\\/tribunal-de-contas-do-estado-de-pernambuco-proibe-promocao-pessoal-de-autoridades-em-shows-e-eventos-publicos\\\/#primaryimage\"},\"image\":{\"@id\":\"https:\\\/\\\/ellotv.com.br\\\/site\\\/2026\\\/05\\\/15\\\/tribunal-de-contas-do-estado-de-pernambuco-proibe-promocao-pessoal-de-autoridades-em-shows-e-eventos-publicos\\\/#primaryimage\"},\"thumbnailUrl\":\"https:\\\/\\\/ellotv.com.br\\\/site\\\/wp-content\\\/uploads\\\/2026\\\/05\\\/WhatsApp-Image-2026-05-14-at-20.37.39.jpeg\",\"datePublished\":\"2026-05-15T12:19:10+00:00\",\"description\":\"TCE-PE aprova resolu\u00e7\u00e3o que pro\u00edbe promo\u00e7\u00e3o pessoal em shows pagos com recursos p\u00fablicos e refor\u00e7a regras de transpar\u00eancia em eventos culturais.\",\"breadcrumb\":{\"@id\":\"https:\\\/\\\/ellotv.com.br\\\/site\\\/2026\\\/05\\\/15\\\/tribunal-de-contas-do-estado-de-pernambuco-proibe-promocao-pessoal-de-autoridades-em-shows-e-eventos-publicos\\\/#breadcrumb\"},\"inLanguage\":\"pt-BR\",\"potentialAction\":[{\"@type\":\"ReadAction\",\"target\":[\"https:\\\/\\\/ellotv.com.br\\\/site\\\/2026\\\/05\\\/15\\\/tribunal-de-contas-do-estado-de-pernambuco-proibe-promocao-pessoal-de-autoridades-em-shows-e-eventos-publicos\\\/\"]}]},{\"@type\":\"ImageObject\",\"inLanguage\":\"pt-BR\",\"@id\":\"https:\\\/\\\/ellotv.com.br\\\/site\\\/2026\\\/05\\\/15\\\/tribunal-de-contas-do-estado-de-pernambuco-proibe-promocao-pessoal-de-autoridades-em-shows-e-eventos-publicos\\\/#primaryimage\",\"url\":\"https:\\\/\\\/ellotv.com.br\\\/site\\\/wp-content\\\/uploads\\\/2026\\\/05\\\/WhatsApp-Image-2026-05-14-at-20.37.39.jpeg\",\"contentUrl\":\"https:\\\/\\\/ellotv.com.br\\\/site\\\/wp-content\\\/uploads\\\/2026\\\/05\\\/WhatsApp-Image-2026-05-14-at-20.37.39.jpeg\",\"width\":1600,\"height\":1200},{\"@type\":\"BreadcrumbList\",\"@id\":\"https:\\\/\\\/ellotv.com.br\\\/site\\\/2026\\\/05\\\/15\\\/tribunal-de-contas-do-estado-de-pernambuco-proibe-promocao-pessoal-de-autoridades-em-shows-e-eventos-publicos\\\/#breadcrumb\",\"itemListElement\":[{\"@type\":\"ListItem\",\"position\":1,\"name\":\"In\u00edcio\",\"item\":\"https:\\\/\\\/ellotv.com.br\\\/site\\\/\"},{\"@type\":\"ListItem\",\"position\":2,\"name\":\"Tribunal de Contas do Estado de Pernambuco pro\u00edbe promo\u00e7\u00e3o pessoal de autoridades em shows e eventos p\u00fablicos\"}]},{\"@type\":\"WebSite\",\"@id\":\"https:\\\/\\\/ellotv.com.br\\\/site\\\/#website\",\"url\":\"https:\\\/\\\/ellotv.com.br\\\/site\\\/\",\"name\":\"ELLO TV\",\"description\":\"\",\"publisher\":{\"@id\":\"https:\\\/\\\/ellotv.com.br\\\/site\\\/#organization\"},\"potentialAction\":[{\"@type\":\"SearchAction\",\"target\":{\"@type\":\"EntryPoint\",\"urlTemplate\":\"https:\\\/\\\/ellotv.com.br\\\/site\\\/?s={search_term_string}\"},\"query-input\":{\"@type\":\"PropertyValueSpecification\",\"valueRequired\":true,\"valueName\":\"search_term_string\"}}],\"inLanguage\":\"pt-BR\"},{\"@type\":\"Organization\",\"@id\":\"https:\\\/\\\/ellotv.com.br\\\/site\\\/#organization\",\"name\":\"ELLO TV\",\"url\":\"https:\\\/\\\/ellotv.com.br\\\/site\\\/\",\"logo\":{\"@type\":\"ImageObject\",\"inLanguage\":\"pt-BR\",\"@id\":\"https:\\\/\\\/ellotv.com.br\\\/site\\\/#\\\/schema\\\/logo\\\/image\\\/\",\"url\":\"https:\\\/\\\/ellotv.com.br\\\/site\\\/wp-content\\\/uploads\\\/2025\\\/11\\\/ello-logo-2.fw_.png\",\"contentUrl\":\"https:\\\/\\\/ellotv.com.br\\\/site\\\/wp-content\\\/uploads\\\/2025\\\/11\\\/ello-logo-2.fw_.png\",\"width\":400,\"height\":146,\"caption\":\"ELLO TV\"},\"image\":{\"@id\":\"https:\\\/\\\/ellotv.com.br\\\/site\\\/#\\\/schema\\\/logo\\\/image\\\/\"}},{\"@type\":\"Person\",\"@id\":\"https:\\\/\\\/ellotv.com.br\\\/site\\\/#\\\/schema\\\/person\\\/2dbe3abaee38dcc7332fc8205cd2b15d\",\"name\":\"ELLO TV\",\"image\":{\"@type\":\"ImageObject\",\"inLanguage\":\"pt-BR\",\"@id\":\"https:\\\/\\\/secure.gravatar.com\\\/avatar\\\/c38242b9da8ec217ac3f0aaee31a54f7d7befb11b2b47fdbc8fb0fad60afa1c6?s=96&d=mm&r=g\",\"url\":\"https:\\\/\\\/secure.gravatar.com\\\/avatar\\\/c38242b9da8ec217ac3f0aaee31a54f7d7befb11b2b47fdbc8fb0fad60afa1c6?s=96&d=mm&r=g\",\"contentUrl\":\"https:\\\/\\\/secure.gravatar.com\\\/avatar\\\/c38242b9da8ec217ac3f0aaee31a54f7d7befb11b2b47fdbc8fb0fad60afa1c6?s=96&d=mm&r=g\",\"caption\":\"ELLO TV\"},\"url\":\"https:\\\/\\\/ellotv.com.br\\\/site\\\/author\\\/elloagencia\\\/\"}]}<\/script>\n<!-- \/ Yoast SEO plugin. -->","yoast_head_json":{"title":"Tribunal de Contas do Estado de Pernambuco pro\u00edbe promo\u00e7\u00e3o pessoal de autoridades em shows e eventos p\u00fablicos - Ello TV","description":"TCE-PE aprova resolu\u00e7\u00e3o que pro\u00edbe promo\u00e7\u00e3o pessoal em shows pagos com recursos p\u00fablicos e refor\u00e7a regras de transpar\u00eancia em eventos culturais.","robots":{"index":"index","follow":"follow","max-snippet":"max-snippet:-1","max-image-preview":"max-image-preview:large","max-video-preview":"max-video-preview:-1"},"canonical":"https:\/\/ellotv.com.br\/site\/2026\/05\/15\/tribunal-de-contas-do-estado-de-pernambuco-proibe-promocao-pessoal-de-autoridades-em-shows-e-eventos-publicos\/","og_locale":"pt_BR","og_type":"article","og_title":"Tribunal de Contas do Estado de Pernambuco pro\u00edbe promo\u00e7\u00e3o pessoal de autoridades em shows e eventos p\u00fablicos - Ello TV","og_description":"TCE-PE aprova resolu\u00e7\u00e3o que pro\u00edbe promo\u00e7\u00e3o pessoal em shows pagos com recursos p\u00fablicos e refor\u00e7a regras de transpar\u00eancia em eventos culturais.","og_url":"https:\/\/ellotv.com.br\/site\/2026\/05\/15\/tribunal-de-contas-do-estado-de-pernambuco-proibe-promocao-pessoal-de-autoridades-em-shows-e-eventos-publicos\/","og_site_name":"Ello TV","article_published_time":"2026-05-15T12:19:10+00:00","og_image":[{"width":1600,"height":1200,"url":"https:\/\/ellotv.com.br\/site\/wp-content\/uploads\/2026\/05\/WhatsApp-Image-2026-05-14-at-20.37.39.jpeg","type":"image\/jpeg"}],"author":"ELLO TV","twitter_card":"summary_large_image","twitter_misc":{"Escrito por":"ELLO TV","Est. tempo de leitura":"1 minuto"},"schema":{"@context":"https:\/\/schema.org","@graph":[{"@type":"Article","@id":"https:\/\/ellotv.com.br\/site\/2026\/05\/15\/tribunal-de-contas-do-estado-de-pernambuco-proibe-promocao-pessoal-de-autoridades-em-shows-e-eventos-publicos\/#article","isPartOf":{"@id":"https:\/\/ellotv.com.br\/site\/2026\/05\/15\/tribunal-de-contas-do-estado-de-pernambuco-proibe-promocao-pessoal-de-autoridades-em-shows-e-eventos-publicos\/"},"author":{"name":"ELLO TV","@id":"https:\/\/ellotv.com.br\/site\/#\/schema\/person\/2dbe3abaee38dcc7332fc8205cd2b15d"},"headline":"Tribunal de Contas do Estado de Pernambuco pro\u00edbe promo\u00e7\u00e3o pessoal de autoridades em shows e eventos p\u00fablicos","datePublished":"2026-05-15T12:19:10+00:00","mainEntityOfPage":{"@id":"https:\/\/ellotv.com.br\/site\/2026\/05\/15\/tribunal-de-contas-do-estado-de-pernambuco-proibe-promocao-pessoal-de-autoridades-em-shows-e-eventos-publicos\/"},"wordCount":224,"commentCount":0,"publisher":{"@id":"https:\/\/ellotv.com.br\/site\/#organization"},"image":{"@id":"https:\/\/ellotv.com.br\/site\/2026\/05\/15\/tribunal-de-contas-do-estado-de-pernambuco-proibe-promocao-pessoal-de-autoridades-em-shows-e-eventos-publicos\/#primaryimage"},"thumbnailUrl":"https:\/\/ellotv.com.br\/site\/wp-content\/uploads\/2026\/05\/WhatsApp-Image-2026-05-14-at-20.37.39.jpeg","articleSection":["Noticias","Regional"],"inLanguage":"pt-BR","potentialAction":[{"@type":"CommentAction","name":"Comment","target":["https:\/\/ellotv.com.br\/site\/2026\/05\/15\/tribunal-de-contas-do-estado-de-pernambuco-proibe-promocao-pessoal-de-autoridades-em-shows-e-eventos-publicos\/#respond"]}]},{"@type":"WebPage","@id":"https:\/\/ellotv.com.br\/site\/2026\/05\/15\/tribunal-de-contas-do-estado-de-pernambuco-proibe-promocao-pessoal-de-autoridades-em-shows-e-eventos-publicos\/","url":"https:\/\/ellotv.com.br\/site\/2026\/05\/15\/tribunal-de-contas-do-estado-de-pernambuco-proibe-promocao-pessoal-de-autoridades-em-shows-e-eventos-publicos\/","name":"Tribunal de Contas do Estado de Pernambuco pro\u00edbe promo\u00e7\u00e3o pessoal de autoridades em shows e eventos p\u00fablicos - Ello TV","isPartOf":{"@id":"https:\/\/ellotv.com.br\/site\/#website"},"primaryImageOfPage":{"@id":"https:\/\/ellotv.com.br\/site\/2026\/05\/15\/tribunal-de-contas-do-estado-de-pernambuco-proibe-promocao-pessoal-de-autoridades-em-shows-e-eventos-publicos\/#primaryimage"},"image":{"@id":"https:\/\/ellotv.com.br\/site\/2026\/05\/15\/tribunal-de-contas-do-estado-de-pernambuco-proibe-promocao-pessoal-de-autoridades-em-shows-e-eventos-publicos\/#primaryimage"},"thumbnailUrl":"https:\/\/ellotv.com.br\/site\/wp-content\/uploads\/2026\/05\/WhatsApp-Image-2026-05-14-at-20.37.39.jpeg","datePublished":"2026-05-15T12:19:10+00:00","description":"TCE-PE aprova resolu\u00e7\u00e3o que pro\u00edbe promo\u00e7\u00e3o pessoal em shows pagos com recursos p\u00fablicos e refor\u00e7a regras de transpar\u00eancia em eventos culturais.","breadcrumb":{"@id":"https:\/\/ellotv.com.br\/site\/2026\/05\/15\/tribunal-de-contas-do-estado-de-pernambuco-proibe-promocao-pessoal-de-autoridades-em-shows-e-eventos-publicos\/#breadcrumb"},"inLanguage":"pt-BR","potentialAction":[{"@type":"ReadAction","target":["https:\/\/ellotv.com.br\/site\/2026\/05\/15\/tribunal-de-contas-do-estado-de-pernambuco-proibe-promocao-pessoal-de-autoridades-em-shows-e-eventos-publicos\/"]}]},{"@type":"ImageObject","inLanguage":"pt-BR","@id":"https:\/\/ellotv.com.br\/site\/2026\/05\/15\/tribunal-de-contas-do-estado-de-pernambuco-proibe-promocao-pessoal-de-autoridades-em-shows-e-eventos-publicos\/#primaryimage","url":"https:\/\/ellotv.com.br\/site\/wp-content\/uploads\/2026\/05\/WhatsApp-Image-2026-05-14-at-20.37.39.jpeg","contentUrl":"https:\/\/ellotv.com.br\/site\/wp-content\/uploads\/2026\/05\/WhatsApp-Image-2026-05-14-at-20.37.39.jpeg","width":1600,"height":1200},{"@type":"BreadcrumbList","@id":"https:\/\/ellotv.com.br\/site\/2026\/05\/15\/tribunal-de-contas-do-estado-de-pernambuco-proibe-promocao-pessoal-de-autoridades-em-shows-e-eventos-publicos\/#breadcrumb","itemListElement":[{"@type":"ListItem","position":1,"name":"In\u00edcio","item":"https:\/\/ellotv.com.br\/site\/"},{"@type":"ListItem","position":2,"name":"Tribunal de Contas do Estado de Pernambuco pro\u00edbe promo\u00e7\u00e3o pessoal de autoridades em shows e eventos p\u00fablicos"}]},{"@type":"WebSite","@id":"https:\/\/ellotv.com.br\/site\/#website","url":"https:\/\/ellotv.com.br\/site\/","name":"ELLO TV","description":"","publisher":{"@id":"https:\/\/ellotv.com.br\/site\/#organization"},"potentialAction":[{"@type":"SearchAction","target":{"@type":"EntryPoint","urlTemplate":"https:\/\/ellotv.com.br\/site\/?s={search_term_string}"},"query-input":{"@type":"PropertyValueSpecification","valueRequired":true,"valueName":"search_term_string"}}],"inLanguage":"pt-BR"},{"@type":"Organization","@id":"https:\/\/ellotv.com.br\/site\/#organization","name":"ELLO TV","url":"https:\/\/ellotv.com.br\/site\/","logo":{"@type":"ImageObject","inLanguage":"pt-BR","@id":"https:\/\/ellotv.com.br\/site\/#\/schema\/logo\/image\/","url":"https:\/\/ellotv.com.br\/site\/wp-content\/uploads\/2025\/11\/ello-logo-2.fw_.png","contentUrl":"https:\/\/ellotv.com.br\/site\/wp-content\/uploads\/2025\/11\/ello-logo-2.fw_.png","width":400,"height":146,"caption":"ELLO TV"},"image":{"@id":"https:\/\/ellotv.com.br\/site\/#\/schema\/logo\/image\/"}},{"@type":"Person","@id":"https:\/\/ellotv.com.br\/site\/#\/schema\/person\/2dbe3abaee38dcc7332fc8205cd2b15d","name":"ELLO TV","image":{"@type":"ImageObject","inLanguage":"pt-BR","@id":"https:\/\/secure.gravatar.com\/avatar\/c38242b9da8ec217ac3f0aaee31a54f7d7befb11b2b47fdbc8fb0fad60afa1c6?s=96&d=mm&r=g","url":"https:\/\/secure.gravatar.com\/avatar\/c38242b9da8ec217ac3f0aaee31a54f7d7befb11b2b47fdbc8fb0fad60afa1c6?s=96&d=mm&r=g","contentUrl":"https:\/\/secure.gravatar.com\/avatar\/c38242b9da8ec217ac3f0aaee31a54f7d7befb11b2b47fdbc8fb0fad60afa1c6?s=96&d=mm&r=g","caption":"ELLO TV"},"url":"https:\/\/ellotv.com.br\/site\/author\/elloagencia\/"}]}},"featured_image_urls":{"full":["https:\/\/ellotv.com.br\/site\/wp-content\/uploads\/2026\/05\/WhatsApp-Image-2026-05-14-at-20.37.39.jpeg",1600,1200,false],"thumbnail":["https:\/\/ellotv.com.br\/site\/wp-content\/uploads\/2026\/05\/WhatsApp-Image-2026-05-14-at-20.37.39-150x150.jpeg",150,150,true],"medium":["https:\/\/ellotv.com.br\/site\/wp-content\/uploads\/2026\/05\/WhatsApp-Image-2026-05-14-at-20.37.39-300x225.jpeg",300,225,true],"medium_large":["https:\/\/ellotv.com.br\/site\/wp-content\/uploads\/2026\/05\/WhatsApp-Image-2026-05-14-at-20.37.39-768x576.jpeg",640,480,true],"large":["https:\/\/ellotv.com.br\/site\/wp-content\/uploads\/2026\/05\/WhatsApp-Image-2026-05-14-at-20.37.39-1024x768.jpeg",640,480,true],"1536x1536":["https:\/\/ellotv.com.br\/site\/wp-content\/uploads\/2026\/05\/WhatsApp-Image-2026-05-14-at-20.37.39-1536x1152.jpeg",1536,1152,true],"2048x2048":["https:\/\/ellotv.com.br\/site\/wp-content\/uploads\/2026\/05\/WhatsApp-Image-2026-05-14-at-20.37.39.jpeg",1600,1200,false],"darknews-slider-full":["https:\/\/ellotv.com.br\/site\/wp-content\/uploads\/2026\/05\/WhatsApp-Image-2026-05-14-at-20.37.39-1280x720.jpeg",1280,720,true],"darknews-featured":["https:\/\/ellotv.com.br\/site\/wp-content\/uploads\/2026\/05\/WhatsApp-Image-2026-05-14-at-20.37.39-1024x768.jpeg",1024,768,true],"darknews-medium":["https:\/\/ellotv.com.br\/site\/wp-content\/uploads\/2026\/05\/WhatsApp-Image-2026-05-14-at-20.37.39-720x530.jpeg",720,530,true],"darknews-medium-square":["https:\/\/ellotv.com.br\/site\/wp-content\/uploads\/2026\/05\/WhatsApp-Image-2026-05-14-at-20.37.39-350x350.jpeg",350,350,true]},"author_info":{"info":["ELLO TV"]},"category_info":"<a href=\"https:\/\/ellotv.com.br\/site\/category\/noticias\/\" rel=\"category tag\">Noticias<\/a> <a href=\"https:\/\/ellotv.com.br\/site\/category\/regional\/\" rel=\"category tag\">Regional<\/a>","tag_info":"Regional","comment_count":"0","_links":{"self":[{"href":"https:\/\/ellotv.com.br\/site\/wp-json\/wp\/v2\/posts\/6140","targetHints":{"allow":["GET"]}}],"collection":[{"href":"https:\/\/ellotv.com.br\/site\/wp-json\/wp\/v2\/posts"}],"about":[{"href":"https:\/\/ellotv.com.br\/site\/wp-json\/wp\/v2\/types\/post"}],"author":[{"embeddable":true,"href":"https:\/\/ellotv.com.br\/site\/wp-json\/wp\/v2\/users\/2"}],"replies":[{"embeddable":true,"href":"https:\/\/ellotv.com.br\/site\/wp-json\/wp\/v2\/comments?post=6140"}],"version-history":[{"count":1,"href":"https:\/\/ellotv.com.br\/site\/wp-json\/wp\/v2\/posts\/6140\/revisions"}],"predecessor-version":[{"id":6142,"href":"https:\/\/ellotv.com.br\/site\/wp-json\/wp\/v2\/posts\/6140\/revisions\/6142"}],"wp:featuredmedia":[{"embeddable":true,"href":"https:\/\/ellotv.com.br\/site\/wp-json\/wp\/v2\/media\/6141"}],"wp:attachment":[{"href":"https:\/\/ellotv.com.br\/site\/wp-json\/wp\/v2\/media?parent=6140"}],"wp:term":[{"taxonomy":"category","embeddable":true,"href":"https:\/\/ellotv.com.br\/site\/wp-json\/wp\/v2\/categories?post=6140"},{"taxonomy":"post_tag","embeddable":true,"href":"https:\/\/ellotv.com.br\/site\/wp-json\/wp\/v2\/tags?post=6140"}],"curies":[{"name":"wp","href":"https:\/\/api.w.org\/{rel}","templated":true}]}}