{"id":6143,"date":"2026-05-15T09:23:55","date_gmt":"2026-05-15T12:23:55","guid":{"rendered":"https:\/\/ellotv.com.br\/site\/?p=6143"},"modified":"2026-05-15T09:23:55","modified_gmt":"2026-05-15T12:23:55","slug":"rinoceronte-branco-do-norte-e-considerado-funcionalmente-extinto","status":"publish","type":"post","link":"https:\/\/ellotv.com.br\/site\/2026\/05\/15\/rinoceronte-branco-do-norte-e-considerado-funcionalmente-extinto\/","title":{"rendered":"Rinoceronte-branco-do-norte \u00e9 considerado funcionalmente extinto"},"content":{"rendered":"<p data-start=\"70\" data-end=\"361\">O <span class=\"hover:entity-accent entity-underline inline cursor-pointer align-baseline\"><span class=\"whitespace-normal\">rinoceronte-branco-do-norte<\/span><\/span> foi declarado funcionalmente extinto, restando apenas duas f\u00eameas vivas no mundo: <span class=\"hover:entity-accent entity-underline inline cursor-pointer align-baseline\"><span class=\"whitespace-normal\">Najin<\/span><\/span> e <span class=\"hover:entity-accent entity-underline inline cursor-pointer align-baseline\"><span class=\"whitespace-normal\">Fatu<\/span><\/span>, que vivem sob prote\u00e7\u00e3o permanente em uma reserva no <span class=\"hover:entity-accent entity-underline inline cursor-pointer align-baseline\"><span class=\"whitespace-normal\">Qu\u00eania<\/span><\/span>.<\/p>\n<h3 data-section-id=\"110qlq8\" data-start=\"363\" data-end=\"392\">Caminho at\u00e9 a extin\u00e7\u00e3o<\/h3>\n<p data-start=\"393\" data-end=\"570\">A subesp\u00e9cie chegou a essa situa\u00e7\u00e3o cr\u00edtica ap\u00f3s d\u00e9cadas de ca\u00e7a ilegal e destrui\u00e7\u00e3o de seu habitat natural, fatores que reduziram drasticamente sua popula\u00e7\u00e3o ao longo do tempo.<\/p>\n<h3 data-section-id=\"srcg0f\" data-start=\"572\" data-end=\"604\">Fim da reprodu\u00e7\u00e3o natural<\/h3>\n<p data-start=\"605\" data-end=\"794\">Desde a morte de <span class=\"hover:entity-accent entity-underline inline cursor-pointer align-baseline\"><span class=\"whitespace-normal\">Sudan<\/span><\/span>, em 2018, n\u00e3o h\u00e1 mais possibilidade de reprodu\u00e7\u00e3o natural, tornando a sobreviv\u00eancia da esp\u00e9cie dependente de interven\u00e7\u00f5es cient\u00edficas.<\/p>\n<h3 data-section-id=\"d9p6m6\" data-start=\"796\" data-end=\"825\">Corrida contra o tempo<\/h3>\n<p data-start=\"826\" data-end=\"1014\">Cientistas de diversos pa\u00edses trabalham em projetos que utilizam t\u00e9cnicas de fertiliza\u00e7\u00e3o in vitro e material gen\u00e9tico preservado de machos j\u00e1 falecidos, na tentativa de reverter o quadro.<\/p>\n<h3 data-section-id=\"oqd65r\" data-start=\"1016\" data-end=\"1037\">Desafio global<\/h3>\n<p data-start=\"1038\" data-end=\"1215\">A iniciativa \u00e9 considerada uma das mais importantes da conserva\u00e7\u00e3o animal atualmente e simboliza a urg\u00eancia em proteger esp\u00e9cies amea\u00e7adas antes que desapare\u00e7am definitivamente.<\/p>\n","protected":false},"excerpt":{"rendered":"<p>O rinoceronte-branco-do-norte foi declarado funcionalmente extinto, restando apenas duas f\u00eameas vivas no mundo: Najin e Fatu, que vivem<\/p>\n","protected":false},"author":2,"featured_media":6144,"comment_status":"open","ping_status":"open","sticky":false,"template":"","format":"standard","meta":{"footnotes":""},"categories":[10,12],"tags":[],"class_list":["post-6143","post","type-post","status-publish","format-standard","has-post-thumbnail","hentry","category-mundo","category-noticias"],"yoast_head":"<!-- This site is optimized with the Yoast SEO plugin v28.3 - https:\/\/yoast.com\/product\/yoast-seo-wordpress\/ -->\n<title>Rinoceronte-branco-do-norte \u00e9 considerado funcionalmente extinto - Ello TV<\/title>\n<meta name=\"description\" content=\"Rinoceronte-branco-do-norte \u00e9 declarado funcionalmente extinto, restando apenas duas f\u00eameas e esfor\u00e7os cient\u00edficos para evitar desaparecimento total.\" \/>\n<meta name=\"robots\" content=\"index, follow, max-snippet:-1, max-image-preview:large, max-video-preview:-1\" \/>\n<link rel=\"canonical\" href=\"https:\/\/ellotv.com.br\/site\/2026\/05\/15\/rinoceronte-branco-do-norte-e-considerado-funcionalmente-extinto\/\" \/>\n<meta property=\"og:locale\" content=\"pt_BR\" \/>\n<meta property=\"og:type\" content=\"article\" \/>\n<meta property=\"og:title\" content=\"Rinoceronte-branco-do-norte \u00e9 considerado funcionalmente extinto - Ello TV\" \/>\n<meta property=\"og:description\" content=\"Rinoceronte-branco-do-norte \u00e9 declarado funcionalmente extinto, restando apenas duas f\u00eameas e esfor\u00e7os cient\u00edficos para evitar desaparecimento total.\" \/>\n<meta property=\"og:url\" content=\"https:\/\/ellotv.com.br\/site\/2026\/05\/15\/rinoceronte-branco-do-norte-e-considerado-funcionalmente-extinto\/\" \/>\n<meta property=\"og:site_name\" content=\"Ello TV\" \/>\n<meta property=\"article:published_time\" content=\"2026-05-15T12:23:55+00:00\" \/>\n<meta property=\"og:image\" content=\"https:\/\/ellotv.com.br\/site\/wp-content\/uploads\/2026\/05\/WhatsApp-Image-2026-05-14-at-20.43.50.jpeg\" \/>\n\t<meta property=\"og:image:width\" content=\"1283\" \/>\n\t<meta property=\"og:image:height\" content=\"1597\" \/>\n\t<meta property=\"og:image:type\" content=\"image\/jpeg\" \/>\n<meta name=\"author\" content=\"ELLO TV\" \/>\n<meta name=\"twitter:card\" content=\"summary_large_image\" \/>\n<meta name=\"twitter:label1\" content=\"Escrito por\" \/>\n\t<meta name=\"twitter:data1\" content=\"ELLO TV\" \/>\n\t<meta name=\"twitter:label2\" content=\"Est. tempo de leitura\" \/>\n\t<meta name=\"twitter:data2\" content=\"1 minuto\" \/>\n<script type=\"application\/ld+json\" class=\"yoast-schema-graph\">{\"@context\":\"https:\\\/\\\/schema.org\",\"@graph\":[{\"@type\":\"Article\",\"@id\":\"https:\\\/\\\/ellotv.com.br\\\/site\\\/2026\\\/05\\\/15\\\/rinoceronte-branco-do-norte-e-considerado-funcionalmente-extinto\\\/#article\",\"isPartOf\":{\"@id\":\"https:\\\/\\\/ellotv.com.br\\\/site\\\/2026\\\/05\\\/15\\\/rinoceronte-branco-do-norte-e-considerado-funcionalmente-extinto\\\/\"},\"author\":{\"name\":\"ELLO TV\",\"@id\":\"https:\\\/\\\/ellotv.com.br\\\/site\\\/#\\\/schema\\\/person\\\/2dbe3abaee38dcc7332fc8205cd2b15d\"},\"headline\":\"Rinoceronte-branco-do-norte \u00e9 considerado funcionalmente extinto\",\"datePublished\":\"2026-05-15T12:23:55+00:00\",\"mainEntityOfPage\":{\"@id\":\"https:\\\/\\\/ellotv.com.br\\\/site\\\/2026\\\/05\\\/15\\\/rinoceronte-branco-do-norte-e-considerado-funcionalmente-extinto\\\/\"},\"wordCount\":173,\"commentCount\":0,\"publisher\":{\"@id\":\"https:\\\/\\\/ellotv.com.br\\\/site\\\/#organization\"},\"image\":{\"@id\":\"https:\\\/\\\/ellotv.com.br\\\/site\\\/2026\\\/05\\\/15\\\/rinoceronte-branco-do-norte-e-considerado-funcionalmente-extinto\\\/#primaryimage\"},\"thumbnailUrl\":\"https:\\\/\\\/ellotv.com.br\\\/site\\\/wp-content\\\/uploads\\\/2026\\\/05\\\/WhatsApp-Image-2026-05-14-at-20.43.50.jpeg\",\"articleSection\":[\"Mundo\",\"Noticias\"],\"inLanguage\":\"pt-BR\",\"potentialAction\":[{\"@type\":\"CommentAction\",\"name\":\"Comment\",\"target\":[\"https:\\\/\\\/ellotv.com.br\\\/site\\\/2026\\\/05\\\/15\\\/rinoceronte-branco-do-norte-e-considerado-funcionalmente-extinto\\\/#respond\"]}]},{\"@type\":\"WebPage\",\"@id\":\"https:\\\/\\\/ellotv.com.br\\\/site\\\/2026\\\/05\\\/15\\\/rinoceronte-branco-do-norte-e-considerado-funcionalmente-extinto\\\/\",\"url\":\"https:\\\/\\\/ellotv.com.br\\\/site\\\/2026\\\/05\\\/15\\\/rinoceronte-branco-do-norte-e-considerado-funcionalmente-extinto\\\/\",\"name\":\"Rinoceronte-branco-do-norte \u00e9 considerado funcionalmente extinto - Ello TV\",\"isPartOf\":{\"@id\":\"https:\\\/\\\/ellotv.com.br\\\/site\\\/#website\"},\"primaryImageOfPage\":{\"@id\":\"https:\\\/\\\/ellotv.com.br\\\/site\\\/2026\\\/05\\\/15\\\/rinoceronte-branco-do-norte-e-considerado-funcionalmente-extinto\\\/#primaryimage\"},\"image\":{\"@id\":\"https:\\\/\\\/ellotv.com.br\\\/site\\\/2026\\\/05\\\/15\\\/rinoceronte-branco-do-norte-e-considerado-funcionalmente-extinto\\\/#primaryimage\"},\"thumbnailUrl\":\"https:\\\/\\\/ellotv.com.br\\\/site\\\/wp-content\\\/uploads\\\/2026\\\/05\\\/WhatsApp-Image-2026-05-14-at-20.43.50.jpeg\",\"datePublished\":\"2026-05-15T12:23:55+00:00\",\"description\":\"Rinoceronte-branco-do-norte \u00e9 declarado funcionalmente extinto, restando apenas duas f\u00eameas e esfor\u00e7os cient\u00edficos para evitar desaparecimento total.\",\"breadcrumb\":{\"@id\":\"https:\\\/\\\/ellotv.com.br\\\/site\\\/2026\\\/05\\\/15\\\/rinoceronte-branco-do-norte-e-considerado-funcionalmente-extinto\\\/#breadcrumb\"},\"inLanguage\":\"pt-BR\",\"potentialAction\":[{\"@type\":\"ReadAction\",\"target\":[\"https:\\\/\\\/ellotv.com.br\\\/site\\\/2026\\\/05\\\/15\\\/rinoceronte-branco-do-norte-e-considerado-funcionalmente-extinto\\\/\"]}]},{\"@type\":\"ImageObject\",\"inLanguage\":\"pt-BR\",\"@id\":\"https:\\\/\\\/ellotv.com.br\\\/site\\\/2026\\\/05\\\/15\\\/rinoceronte-branco-do-norte-e-considerado-funcionalmente-extinto\\\/#primaryimage\",\"url\":\"https:\\\/\\\/ellotv.com.br\\\/site\\\/wp-content\\\/uploads\\\/2026\\\/05\\\/WhatsApp-Image-2026-05-14-at-20.43.50.jpeg\",\"contentUrl\":\"https:\\\/\\\/ellotv.com.br\\\/site\\\/wp-content\\\/uploads\\\/2026\\\/05\\\/WhatsApp-Image-2026-05-14-at-20.43.50.jpeg\",\"width\":1283,\"height\":1597},{\"@type\":\"BreadcrumbList\",\"@id\":\"https:\\\/\\\/ellotv.com.br\\\/site\\\/2026\\\/05\\\/15\\\/rinoceronte-branco-do-norte-e-considerado-funcionalmente-extinto\\\/#breadcrumb\",\"itemListElement\":[{\"@type\":\"ListItem\",\"position\":1,\"name\":\"In\u00edcio\",\"item\":\"https:\\\/\\\/ellotv.com.br\\\/site\\\/\"},{\"@type\":\"ListItem\",\"position\":2,\"name\":\"Rinoceronte-branco-do-norte \u00e9 considerado funcionalmente extinto\"}]},{\"@type\":\"WebSite\",\"@id\":\"https:\\\/\\\/ellotv.com.br\\\/site\\\/#website\",\"url\":\"https:\\\/\\\/ellotv.com.br\\\/site\\\/\",\"name\":\"ELLO TV\",\"description\":\"\",\"publisher\":{\"@id\":\"https:\\\/\\\/ellotv.com.br\\\/site\\\/#organization\"},\"potentialAction\":[{\"@type\":\"SearchAction\",\"target\":{\"@type\":\"EntryPoint\",\"urlTemplate\":\"https:\\\/\\\/ellotv.com.br\\\/site\\\/?s={search_term_string}\"},\"query-input\":{\"@type\":\"PropertyValueSpecification\",\"valueRequired\":true,\"valueName\":\"search_term_string\"}}],\"inLanguage\":\"pt-BR\"},{\"@type\":\"Organization\",\"@id\":\"https:\\\/\\\/ellotv.com.br\\\/site\\\/#organization\",\"name\":\"ELLO TV\",\"url\":\"https:\\\/\\\/ellotv.com.br\\\/site\\\/\",\"logo\":{\"@type\":\"ImageObject\",\"inLanguage\":\"pt-BR\",\"@id\":\"https:\\\/\\\/ellotv.com.br\\\/site\\\/#\\\/schema\\\/logo\\\/image\\\/\",\"url\":\"https:\\\/\\\/ellotv.com.br\\\/site\\\/wp-content\\\/uploads\\\/2025\\\/11\\\/ello-logo-2.fw_.png\",\"contentUrl\":\"https:\\\/\\\/ellotv.com.br\\\/site\\\/wp-content\\\/uploads\\\/2025\\\/11\\\/ello-logo-2.fw_.png\",\"width\":400,\"height\":146,\"caption\":\"ELLO TV\"},\"image\":{\"@id\":\"https:\\\/\\\/ellotv.com.br\\\/site\\\/#\\\/schema\\\/logo\\\/image\\\/\"}},{\"@type\":\"Person\",\"@id\":\"https:\\\/\\\/ellotv.com.br\\\/site\\\/#\\\/schema\\\/person\\\/2dbe3abaee38dcc7332fc8205cd2b15d\",\"name\":\"ELLO TV\",\"image\":{\"@type\":\"ImageObject\",\"inLanguage\":\"pt-BR\",\"@id\":\"https:\\\/\\\/secure.gravatar.com\\\/avatar\\\/c38242b9da8ec217ac3f0aaee31a54f7d7befb11b2b47fdbc8fb0fad60afa1c6?s=96&d=mm&r=g\",\"url\":\"https:\\\/\\\/secure.gravatar.com\\\/avatar\\\/c38242b9da8ec217ac3f0aaee31a54f7d7befb11b2b47fdbc8fb0fad60afa1c6?s=96&d=mm&r=g\",\"contentUrl\":\"https:\\\/\\\/secure.gravatar.com\\\/avatar\\\/c38242b9da8ec217ac3f0aaee31a54f7d7befb11b2b47fdbc8fb0fad60afa1c6?s=96&d=mm&r=g\",\"caption\":\"ELLO TV\"},\"url\":\"https:\\\/\\\/ellotv.com.br\\\/site\\\/author\\\/elloagencia\\\/\"}]}<\/script>\n<!-- \/ Yoast SEO plugin. -->","yoast_head_json":{"title":"Rinoceronte-branco-do-norte \u00e9 considerado funcionalmente extinto - Ello TV","description":"Rinoceronte-branco-do-norte \u00e9 declarado funcionalmente extinto, restando apenas duas f\u00eameas e esfor\u00e7os cient\u00edficos para evitar desaparecimento total.","robots":{"index":"index","follow":"follow","max-snippet":"max-snippet:-1","max-image-preview":"max-image-preview:large","max-video-preview":"max-video-preview:-1"},"canonical":"https:\/\/ellotv.com.br\/site\/2026\/05\/15\/rinoceronte-branco-do-norte-e-considerado-funcionalmente-extinto\/","og_locale":"pt_BR","og_type":"article","og_title":"Rinoceronte-branco-do-norte \u00e9 considerado funcionalmente extinto - Ello TV","og_description":"Rinoceronte-branco-do-norte \u00e9 declarado funcionalmente extinto, restando apenas duas f\u00eameas e esfor\u00e7os cient\u00edficos para evitar desaparecimento total.","og_url":"https:\/\/ellotv.com.br\/site\/2026\/05\/15\/rinoceronte-branco-do-norte-e-considerado-funcionalmente-extinto\/","og_site_name":"Ello TV","article_published_time":"2026-05-15T12:23:55+00:00","og_image":[{"width":1283,"height":1597,"url":"https:\/\/ellotv.com.br\/site\/wp-content\/uploads\/2026\/05\/WhatsApp-Image-2026-05-14-at-20.43.50.jpeg","type":"image\/jpeg"}],"author":"ELLO TV","twitter_card":"summary_large_image","twitter_misc":{"Escrito por":"ELLO TV","Est. tempo de leitura":"1 minuto"},"schema":{"@context":"https:\/\/schema.org","@graph":[{"@type":"Article","@id":"https:\/\/ellotv.com.br\/site\/2026\/05\/15\/rinoceronte-branco-do-norte-e-considerado-funcionalmente-extinto\/#article","isPartOf":{"@id":"https:\/\/ellotv.com.br\/site\/2026\/05\/15\/rinoceronte-branco-do-norte-e-considerado-funcionalmente-extinto\/"},"author":{"name":"ELLO TV","@id":"https:\/\/ellotv.com.br\/site\/#\/schema\/person\/2dbe3abaee38dcc7332fc8205cd2b15d"},"headline":"Rinoceronte-branco-do-norte \u00e9 considerado funcionalmente extinto","datePublished":"2026-05-15T12:23:55+00:00","mainEntityOfPage":{"@id":"https:\/\/ellotv.com.br\/site\/2026\/05\/15\/rinoceronte-branco-do-norte-e-considerado-funcionalmente-extinto\/"},"wordCount":173,"commentCount":0,"publisher":{"@id":"https:\/\/ellotv.com.br\/site\/#organization"},"image":{"@id":"https:\/\/ellotv.com.br\/site\/2026\/05\/15\/rinoceronte-branco-do-norte-e-considerado-funcionalmente-extinto\/#primaryimage"},"thumbnailUrl":"https:\/\/ellotv.com.br\/site\/wp-content\/uploads\/2026\/05\/WhatsApp-Image-2026-05-14-at-20.43.50.jpeg","articleSection":["Mundo","Noticias"],"inLanguage":"pt-BR","potentialAction":[{"@type":"CommentAction","name":"Comment","target":["https:\/\/ellotv.com.br\/site\/2026\/05\/15\/rinoceronte-branco-do-norte-e-considerado-funcionalmente-extinto\/#respond"]}]},{"@type":"WebPage","@id":"https:\/\/ellotv.com.br\/site\/2026\/05\/15\/rinoceronte-branco-do-norte-e-considerado-funcionalmente-extinto\/","url":"https:\/\/ellotv.com.br\/site\/2026\/05\/15\/rinoceronte-branco-do-norte-e-considerado-funcionalmente-extinto\/","name":"Rinoceronte-branco-do-norte \u00e9 considerado funcionalmente extinto - Ello TV","isPartOf":{"@id":"https:\/\/ellotv.com.br\/site\/#website"},"primaryImageOfPage":{"@id":"https:\/\/ellotv.com.br\/site\/2026\/05\/15\/rinoceronte-branco-do-norte-e-considerado-funcionalmente-extinto\/#primaryimage"},"image":{"@id":"https:\/\/ellotv.com.br\/site\/2026\/05\/15\/rinoceronte-branco-do-norte-e-considerado-funcionalmente-extinto\/#primaryimage"},"thumbnailUrl":"https:\/\/ellotv.com.br\/site\/wp-content\/uploads\/2026\/05\/WhatsApp-Image-2026-05-14-at-20.43.50.jpeg","datePublished":"2026-05-15T12:23:55+00:00","description":"Rinoceronte-branco-do-norte \u00e9 declarado funcionalmente extinto, restando apenas duas f\u00eameas e esfor\u00e7os cient\u00edficos para evitar desaparecimento total.","breadcrumb":{"@id":"https:\/\/ellotv.com.br\/site\/2026\/05\/15\/rinoceronte-branco-do-norte-e-considerado-funcionalmente-extinto\/#breadcrumb"},"inLanguage":"pt-BR","potentialAction":[{"@type":"ReadAction","target":["https:\/\/ellotv.com.br\/site\/2026\/05\/15\/rinoceronte-branco-do-norte-e-considerado-funcionalmente-extinto\/"]}]},{"@type":"ImageObject","inLanguage":"pt-BR","@id":"https:\/\/ellotv.com.br\/site\/2026\/05\/15\/rinoceronte-branco-do-norte-e-considerado-funcionalmente-extinto\/#primaryimage","url":"https:\/\/ellotv.com.br\/site\/wp-content\/uploads\/2026\/05\/WhatsApp-Image-2026-05-14-at-20.43.50.jpeg","contentUrl":"https:\/\/ellotv.com.br\/site\/wp-content\/uploads\/2026\/05\/WhatsApp-Image-2026-05-14-at-20.43.50.jpeg","width":1283,"height":1597},{"@type":"BreadcrumbList","@id":"https:\/\/ellotv.com.br\/site\/2026\/05\/15\/rinoceronte-branco-do-norte-e-considerado-funcionalmente-extinto\/#breadcrumb","itemListElement":[{"@type":"ListItem","position":1,"name":"In\u00edcio","item":"https:\/\/ellotv.com.br\/site\/"},{"@type":"ListItem","position":2,"name":"Rinoceronte-branco-do-norte \u00e9 considerado funcionalmente extinto"}]},{"@type":"WebSite","@id":"https:\/\/ellotv.com.br\/site\/#website","url":"https:\/\/ellotv.com.br\/site\/","name":"ELLO TV","description":"","publisher":{"@id":"https:\/\/ellotv.com.br\/site\/#organization"},"potentialAction":[{"@type":"SearchAction","target":{"@type":"EntryPoint","urlTemplate":"https:\/\/ellotv.com.br\/site\/?s={search_term_string}"},"query-input":{"@type":"PropertyValueSpecification","valueRequired":true,"valueName":"search_term_string"}}],"inLanguage":"pt-BR"},{"@type":"Organization","@id":"https:\/\/ellotv.com.br\/site\/#organization","name":"ELLO TV","url":"https:\/\/ellotv.com.br\/site\/","logo":{"@type":"ImageObject","inLanguage":"pt-BR","@id":"https:\/\/ellotv.com.br\/site\/#\/schema\/logo\/image\/","url":"https:\/\/ellotv.com.br\/site\/wp-content\/uploads\/2025\/11\/ello-logo-2.fw_.png","contentUrl":"https:\/\/ellotv.com.br\/site\/wp-content\/uploads\/2025\/11\/ello-logo-2.fw_.png","width":400,"height":146,"caption":"ELLO TV"},"image":{"@id":"https:\/\/ellotv.com.br\/site\/#\/schema\/logo\/image\/"}},{"@type":"Person","@id":"https:\/\/ellotv.com.br\/site\/#\/schema\/person\/2dbe3abaee38dcc7332fc8205cd2b15d","name":"ELLO TV","image":{"@type":"ImageObject","inLanguage":"pt-BR","@id":"https:\/\/secure.gravatar.com\/avatar\/c38242b9da8ec217ac3f0aaee31a54f7d7befb11b2b47fdbc8fb0fad60afa1c6?s=96&d=mm&r=g","url":"https:\/\/secure.gravatar.com\/avatar\/c38242b9da8ec217ac3f0aaee31a54f7d7befb11b2b47fdbc8fb0fad60afa1c6?s=96&d=mm&r=g","contentUrl":"https:\/\/secure.gravatar.com\/avatar\/c38242b9da8ec217ac3f0aaee31a54f7d7befb11b2b47fdbc8fb0fad60afa1c6?s=96&d=mm&r=g","caption":"ELLO TV"},"url":"https:\/\/ellotv.com.br\/site\/author\/elloagencia\/"}]}},"featured_image_urls":{"full":["https:\/\/ellotv.com.br\/site\/wp-content\/uploads\/2026\/05\/WhatsApp-Image-2026-05-14-at-20.43.50.jpeg",1283,1597,false],"thumbnail":["https:\/\/ellotv.com.br\/site\/wp-content\/uploads\/2026\/05\/WhatsApp-Image-2026-05-14-at-20.43.50-150x150.jpeg",150,150,true],"medium":["https:\/\/ellotv.com.br\/site\/wp-content\/uploads\/2026\/05\/WhatsApp-Image-2026-05-14-at-20.43.50-241x300.jpeg",241,300,true],"medium_large":["https:\/\/ellotv.com.br\/site\/wp-content\/uploads\/2026\/05\/WhatsApp-Image-2026-05-14-at-20.43.50-768x956.jpeg",640,797,true],"large":["https:\/\/ellotv.com.br\/site\/wp-content\/uploads\/2026\/05\/WhatsApp-Image-2026-05-14-at-20.43.50-823x1024.jpeg",640,796,true],"1536x1536":["https:\/\/ellotv.com.br\/site\/wp-content\/uploads\/2026\/05\/WhatsApp-Image-2026-05-14-at-20.43.50-1234x1536.jpeg",1234,1536,true],"2048x2048":["https:\/\/ellotv.com.br\/site\/wp-content\/uploads\/2026\/05\/WhatsApp-Image-2026-05-14-at-20.43.50.jpeg",1283,1597,false],"darknews-slider-full":["https:\/\/ellotv.com.br\/site\/wp-content\/uploads\/2026\/05\/WhatsApp-Image-2026-05-14-at-20.43.50-1280x720.jpeg",1280,720,true],"darknews-featured":["https:\/\/ellotv.com.br\/site\/wp-content\/uploads\/2026\/05\/WhatsApp-Image-2026-05-14-at-20.43.50-1024x1275.jpeg",1024,1275,true],"darknews-medium":["https:\/\/ellotv.com.br\/site\/wp-content\/uploads\/2026\/05\/WhatsApp-Image-2026-05-14-at-20.43.50-720x530.jpeg",720,530,true],"darknews-medium-square":["https:\/\/ellotv.com.br\/site\/wp-content\/uploads\/2026\/05\/WhatsApp-Image-2026-05-14-at-20.43.50-350x350.jpeg",350,350,true]},"author_info":{"info":["ELLO TV"]},"category_info":"<a href=\"https:\/\/ellotv.com.br\/site\/category\/mundo\/\" rel=\"category tag\">Mundo<\/a> <a href=\"https:\/\/ellotv.com.br\/site\/category\/noticias\/\" rel=\"category tag\">Noticias<\/a>","tag_info":"Noticias","comment_count":"0","_links":{"self":[{"href":"https:\/\/ellotv.com.br\/site\/wp-json\/wp\/v2\/posts\/6143","targetHints":{"allow":["GET"]}}],"collection":[{"href":"https:\/\/ellotv.com.br\/site\/wp-json\/wp\/v2\/posts"}],"about":[{"href":"https:\/\/ellotv.com.br\/site\/wp-json\/wp\/v2\/types\/post"}],"author":[{"embeddable":true,"href":"https:\/\/ellotv.com.br\/site\/wp-json\/wp\/v2\/users\/2"}],"replies":[{"embeddable":true,"href":"https:\/\/ellotv.com.br\/site\/wp-json\/wp\/v2\/comments?post=6143"}],"version-history":[{"count":1,"href":"https:\/\/ellotv.com.br\/site\/wp-json\/wp\/v2\/posts\/6143\/revisions"}],"predecessor-version":[{"id":6145,"href":"https:\/\/ellotv.com.br\/site\/wp-json\/wp\/v2\/posts\/6143\/revisions\/6145"}],"wp:featuredmedia":[{"embeddable":true,"href":"https:\/\/ellotv.com.br\/site\/wp-json\/wp\/v2\/media\/6144"}],"wp:attachment":[{"href":"https:\/\/ellotv.com.br\/site\/wp-json\/wp\/v2\/media?parent=6143"}],"wp:term":[{"taxonomy":"category","embeddable":true,"href":"https:\/\/ellotv.com.br\/site\/wp-json\/wp\/v2\/categories?post=6143"},{"taxonomy":"post_tag","embeddable":true,"href":"https:\/\/ellotv.com.br\/site\/wp-json\/wp\/v2\/tags?post=6143"}],"curies":[{"name":"wp","href":"https:\/\/api.w.org\/{rel}","templated":true}]}}