{"id":6146,"date":"2026-05-18T08:25:17","date_gmt":"2026-05-18T11:25:17","guid":{"rendered":"https:\/\/ellotv.com.br\/site\/?p=6146"},"modified":"2026-05-18T08:25:17","modified_gmt":"2026-05-18T11:25:17","slug":"carreta-da-mulher-chega-a-tuparetama-com-atendimentos-de-saude-especializados","status":"publish","type":"post","link":"https:\/\/ellotv.com.br\/site\/2026\/05\/18\/carreta-da-mulher-chega-a-tuparetama-com-atendimentos-de-saude-especializados\/","title":{"rendered":"Carreta da Mulher chega a Tuparetama com atendimentos de sa\u00fade especializados"},"content":{"rendered":"<p data-start=\"83\" data-end=\"264\">A popula\u00e7\u00e3o de <span class=\"hover:entity-accent entity-underline inline cursor-pointer align-baseline\"><span class=\"whitespace-normal\">Tuparetama<\/span><\/span> contar\u00e1 com atendimentos especializados em sa\u00fade entre os dias 21 e 23 de maio, com a chegada da Carreta da Mulher ao munic\u00edpio.<\/p>\n<h3 data-section-id=\"bx7267\" data-start=\"266\" data-end=\"291\">A\u00e7\u00e3o articulada<\/h3>\n<p data-start=\"292\" data-end=\"551\">A iniciativa foi viabilizada por meio da articula\u00e7\u00e3o do prefeito <span class=\"hover:entity-accent entity-underline inline cursor-pointer align-baseline\"><span class=\"whitespace-normal\">Di\u00f3genes Patriota<\/span><\/span> junto ao deputado estadual <span class=\"hover:entity-accent entity-underline inline cursor-pointer align-baseline\"><span class=\"whitespace-normal\">Kaio Mani\u00e7oba<\/span><\/span>, com apoio da governadora <span class=\"hover:entity-accent entity-underline inline cursor-pointer align-baseline\"><span class=\"whitespace-normal\">Raquel Lyra<\/span><\/span>, que atendeu \u00e0 solicita\u00e7\u00e3o.<\/p>\n<h3 data-section-id=\"191q9kh\" data-start=\"553\" data-end=\"578\">Servi\u00e7os ofertados<\/h3>\n<p data-start=\"579\" data-end=\"753\">Durante os tr\u00eas dias de a\u00e7\u00e3o, ser\u00e3o oferecidos atendimentos e servi\u00e7os voltados \u00e0 sa\u00fade da mulher, ampliando o acesso a cuidados essenciais e a\u00e7\u00f5es de preven\u00e7\u00e3o no munic\u00edpio.<\/p>\n<h3 data-section-id=\"1mufpfi\" data-start=\"755\" data-end=\"789\">Compromisso com a popula\u00e7\u00e3o<\/h3>\n<p data-start=\"790\" data-end=\"980\">A chegada da Carreta da Mulher refor\u00e7a o compromisso da gest\u00e3o municipal e do Governo de Pernambuco com a promo\u00e7\u00e3o da sa\u00fade e do bem-estar das mulheres, especialmente em regi\u00f5es do interior.<\/p>\n","protected":false},"excerpt":{"rendered":"<p>A popula\u00e7\u00e3o de Tuparetama contar\u00e1 com atendimentos especializados em sa\u00fade entre os dias 21 e 23 de maio,<\/p>\n","protected":false},"author":2,"featured_media":6147,"comment_status":"open","ping_status":"open","sticky":false,"template":"","format":"standard","meta":{"footnotes":""},"categories":[12,9],"tags":[],"class_list":["post-6146","post","type-post","status-publish","format-standard","has-post-thumbnail","hentry","category-noticias","category-regional"],"yoast_head":"<!-- This site is optimized with the Yoast SEO plugin v28.3 - https:\/\/yoast.com\/product\/yoast-seo-wordpress\/ -->\n<title>Carreta da Mulher chega a Tuparetama com atendimentos de sa\u00fade especializados - Ello TV<\/title>\n<meta name=\"description\" content=\"Carreta da Mulher chega a Tuparetama entre 21 e 23 de maio com atendimentos de sa\u00fade, ap\u00f3s articula\u00e7\u00e3o de Di\u00f3genes Patriota e Kaio Mani\u00e7oba.\" \/>\n<meta name=\"robots\" content=\"index, follow, max-snippet:-1, max-image-preview:large, max-video-preview:-1\" \/>\n<link rel=\"canonical\" href=\"https:\/\/ellotv.com.br\/site\/2026\/05\/18\/carreta-da-mulher-chega-a-tuparetama-com-atendimentos-de-saude-especializados\/\" \/>\n<meta property=\"og:locale\" content=\"pt_BR\" \/>\n<meta property=\"og:type\" content=\"article\" \/>\n<meta property=\"og:title\" content=\"Carreta da Mulher chega a Tuparetama com atendimentos de sa\u00fade especializados - Ello TV\" \/>\n<meta property=\"og:description\" content=\"Carreta da Mulher chega a Tuparetama entre 21 e 23 de maio com atendimentos de sa\u00fade, ap\u00f3s articula\u00e7\u00e3o de Di\u00f3genes Patriota e Kaio Mani\u00e7oba.\" \/>\n<meta property=\"og:url\" content=\"https:\/\/ellotv.com.br\/site\/2026\/05\/18\/carreta-da-mulher-chega-a-tuparetama-com-atendimentos-de-saude-especializados\/\" \/>\n<meta property=\"og:site_name\" content=\"Ello TV\" \/>\n<meta property=\"article:published_time\" content=\"2026-05-18T11:25:17+00:00\" \/>\n<meta property=\"og:image\" content=\"https:\/\/ellotv.com.br\/site\/wp-content\/uploads\/2026\/05\/WhatsApp-Image-2026-05-15-at-09.48.13.jpeg\" \/>\n\t<meta property=\"og:image:width\" content=\"1212\" \/>\n\t<meta property=\"og:image:height\" content=\"1600\" \/>\n\t<meta property=\"og:image:type\" content=\"image\/jpeg\" \/>\n<meta name=\"author\" content=\"ELLO TV\" \/>\n<meta name=\"twitter:card\" content=\"summary_large_image\" \/>\n<meta name=\"twitter:label1\" content=\"Escrito por\" \/>\n\t<meta name=\"twitter:data1\" content=\"ELLO TV\" \/>\n\t<meta name=\"twitter:label2\" content=\"Est. tempo de leitura\" \/>\n\t<meta name=\"twitter:data2\" content=\"1 minuto\" \/>\n<script type=\"application\/ld+json\" class=\"yoast-schema-graph\">{\"@context\":\"https:\\\/\\\/schema.org\",\"@graph\":[{\"@type\":\"Article\",\"@id\":\"https:\\\/\\\/ellotv.com.br\\\/site\\\/2026\\\/05\\\/18\\\/carreta-da-mulher-chega-a-tuparetama-com-atendimentos-de-saude-especializados\\\/#article\",\"isPartOf\":{\"@id\":\"https:\\\/\\\/ellotv.com.br\\\/site\\\/2026\\\/05\\\/18\\\/carreta-da-mulher-chega-a-tuparetama-com-atendimentos-de-saude-especializados\\\/\"},\"author\":{\"name\":\"ELLO TV\",\"@id\":\"https:\\\/\\\/ellotv.com.br\\\/site\\\/#\\\/schema\\\/person\\\/2dbe3abaee38dcc7332fc8205cd2b15d\"},\"headline\":\"Carreta da Mulher chega a Tuparetama com atendimentos de sa\u00fade especializados\",\"datePublished\":\"2026-05-18T11:25:17+00:00\",\"mainEntityOfPage\":{\"@id\":\"https:\\\/\\\/ellotv.com.br\\\/site\\\/2026\\\/05\\\/18\\\/carreta-da-mulher-chega-a-tuparetama-com-atendimentos-de-saude-especializados\\\/\"},\"wordCount\":154,\"commentCount\":0,\"publisher\":{\"@id\":\"https:\\\/\\\/ellotv.com.br\\\/site\\\/#organization\"},\"image\":{\"@id\":\"https:\\\/\\\/ellotv.com.br\\\/site\\\/2026\\\/05\\\/18\\\/carreta-da-mulher-chega-a-tuparetama-com-atendimentos-de-saude-especializados\\\/#primaryimage\"},\"thumbnailUrl\":\"https:\\\/\\\/ellotv.com.br\\\/site\\\/wp-content\\\/uploads\\\/2026\\\/05\\\/WhatsApp-Image-2026-05-15-at-09.48.13.jpeg\",\"articleSection\":[\"Noticias\",\"Regional\"],\"inLanguage\":\"pt-BR\",\"potentialAction\":[{\"@type\":\"CommentAction\",\"name\":\"Comment\",\"target\":[\"https:\\\/\\\/ellotv.com.br\\\/site\\\/2026\\\/05\\\/18\\\/carreta-da-mulher-chega-a-tuparetama-com-atendimentos-de-saude-especializados\\\/#respond\"]}]},{\"@type\":\"WebPage\",\"@id\":\"https:\\\/\\\/ellotv.com.br\\\/site\\\/2026\\\/05\\\/18\\\/carreta-da-mulher-chega-a-tuparetama-com-atendimentos-de-saude-especializados\\\/\",\"url\":\"https:\\\/\\\/ellotv.com.br\\\/site\\\/2026\\\/05\\\/18\\\/carreta-da-mulher-chega-a-tuparetama-com-atendimentos-de-saude-especializados\\\/\",\"name\":\"Carreta da Mulher chega a Tuparetama com atendimentos de sa\u00fade especializados - Ello TV\",\"isPartOf\":{\"@id\":\"https:\\\/\\\/ellotv.com.br\\\/site\\\/#website\"},\"primaryImageOfPage\":{\"@id\":\"https:\\\/\\\/ellotv.com.br\\\/site\\\/2026\\\/05\\\/18\\\/carreta-da-mulher-chega-a-tuparetama-com-atendimentos-de-saude-especializados\\\/#primaryimage\"},\"image\":{\"@id\":\"https:\\\/\\\/ellotv.com.br\\\/site\\\/2026\\\/05\\\/18\\\/carreta-da-mulher-chega-a-tuparetama-com-atendimentos-de-saude-especializados\\\/#primaryimage\"},\"thumbnailUrl\":\"https:\\\/\\\/ellotv.com.br\\\/site\\\/wp-content\\\/uploads\\\/2026\\\/05\\\/WhatsApp-Image-2026-05-15-at-09.48.13.jpeg\",\"datePublished\":\"2026-05-18T11:25:17+00:00\",\"description\":\"Carreta da Mulher chega a Tuparetama entre 21 e 23 de maio com atendimentos de sa\u00fade, ap\u00f3s articula\u00e7\u00e3o de Di\u00f3genes Patriota e Kaio Mani\u00e7oba.\",\"breadcrumb\":{\"@id\":\"https:\\\/\\\/ellotv.com.br\\\/site\\\/2026\\\/05\\\/18\\\/carreta-da-mulher-chega-a-tuparetama-com-atendimentos-de-saude-especializados\\\/#breadcrumb\"},\"inLanguage\":\"pt-BR\",\"potentialAction\":[{\"@type\":\"ReadAction\",\"target\":[\"https:\\\/\\\/ellotv.com.br\\\/site\\\/2026\\\/05\\\/18\\\/carreta-da-mulher-chega-a-tuparetama-com-atendimentos-de-saude-especializados\\\/\"]}]},{\"@type\":\"ImageObject\",\"inLanguage\":\"pt-BR\",\"@id\":\"https:\\\/\\\/ellotv.com.br\\\/site\\\/2026\\\/05\\\/18\\\/carreta-da-mulher-chega-a-tuparetama-com-atendimentos-de-saude-especializados\\\/#primaryimage\",\"url\":\"https:\\\/\\\/ellotv.com.br\\\/site\\\/wp-content\\\/uploads\\\/2026\\\/05\\\/WhatsApp-Image-2026-05-15-at-09.48.13.jpeg\",\"contentUrl\":\"https:\\\/\\\/ellotv.com.br\\\/site\\\/wp-content\\\/uploads\\\/2026\\\/05\\\/WhatsApp-Image-2026-05-15-at-09.48.13.jpeg\",\"width\":1212,\"height\":1600},{\"@type\":\"BreadcrumbList\",\"@id\":\"https:\\\/\\\/ellotv.com.br\\\/site\\\/2026\\\/05\\\/18\\\/carreta-da-mulher-chega-a-tuparetama-com-atendimentos-de-saude-especializados\\\/#breadcrumb\",\"itemListElement\":[{\"@type\":\"ListItem\",\"position\":1,\"name\":\"In\u00edcio\",\"item\":\"https:\\\/\\\/ellotv.com.br\\\/site\\\/\"},{\"@type\":\"ListItem\",\"position\":2,\"name\":\"Carreta da Mulher chega a Tuparetama com atendimentos de sa\u00fade especializados\"}]},{\"@type\":\"WebSite\",\"@id\":\"https:\\\/\\\/ellotv.com.br\\\/site\\\/#website\",\"url\":\"https:\\\/\\\/ellotv.com.br\\\/site\\\/\",\"name\":\"ELLO TV\",\"description\":\"\",\"publisher\":{\"@id\":\"https:\\\/\\\/ellotv.com.br\\\/site\\\/#organization\"},\"potentialAction\":[{\"@type\":\"SearchAction\",\"target\":{\"@type\":\"EntryPoint\",\"urlTemplate\":\"https:\\\/\\\/ellotv.com.br\\\/site\\\/?s={search_term_string}\"},\"query-input\":{\"@type\":\"PropertyValueSpecification\",\"valueRequired\":true,\"valueName\":\"search_term_string\"}}],\"inLanguage\":\"pt-BR\"},{\"@type\":\"Organization\",\"@id\":\"https:\\\/\\\/ellotv.com.br\\\/site\\\/#organization\",\"name\":\"ELLO TV\",\"url\":\"https:\\\/\\\/ellotv.com.br\\\/site\\\/\",\"logo\":{\"@type\":\"ImageObject\",\"inLanguage\":\"pt-BR\",\"@id\":\"https:\\\/\\\/ellotv.com.br\\\/site\\\/#\\\/schema\\\/logo\\\/image\\\/\",\"url\":\"https:\\\/\\\/ellotv.com.br\\\/site\\\/wp-content\\\/uploads\\\/2025\\\/11\\\/ello-logo-2.fw_.png\",\"contentUrl\":\"https:\\\/\\\/ellotv.com.br\\\/site\\\/wp-content\\\/uploads\\\/2025\\\/11\\\/ello-logo-2.fw_.png\",\"width\":400,\"height\":146,\"caption\":\"ELLO TV\"},\"image\":{\"@id\":\"https:\\\/\\\/ellotv.com.br\\\/site\\\/#\\\/schema\\\/logo\\\/image\\\/\"}},{\"@type\":\"Person\",\"@id\":\"https:\\\/\\\/ellotv.com.br\\\/site\\\/#\\\/schema\\\/person\\\/2dbe3abaee38dcc7332fc8205cd2b15d\",\"name\":\"ELLO TV\",\"image\":{\"@type\":\"ImageObject\",\"inLanguage\":\"pt-BR\",\"@id\":\"https:\\\/\\\/secure.gravatar.com\\\/avatar\\\/c38242b9da8ec217ac3f0aaee31a54f7d7befb11b2b47fdbc8fb0fad60afa1c6?s=96&d=mm&r=g\",\"url\":\"https:\\\/\\\/secure.gravatar.com\\\/avatar\\\/c38242b9da8ec217ac3f0aaee31a54f7d7befb11b2b47fdbc8fb0fad60afa1c6?s=96&d=mm&r=g\",\"contentUrl\":\"https:\\\/\\\/secure.gravatar.com\\\/avatar\\\/c38242b9da8ec217ac3f0aaee31a54f7d7befb11b2b47fdbc8fb0fad60afa1c6?s=96&d=mm&r=g\",\"caption\":\"ELLO TV\"},\"url\":\"https:\\\/\\\/ellotv.com.br\\\/site\\\/author\\\/elloagencia\\\/\"}]}<\/script>\n<!-- \/ Yoast SEO plugin. -->","yoast_head_json":{"title":"Carreta da Mulher chega a Tuparetama com atendimentos de sa\u00fade especializados - Ello TV","description":"Carreta da Mulher chega a Tuparetama entre 21 e 23 de maio com atendimentos de sa\u00fade, ap\u00f3s articula\u00e7\u00e3o de Di\u00f3genes Patriota e Kaio Mani\u00e7oba.","robots":{"index":"index","follow":"follow","max-snippet":"max-snippet:-1","max-image-preview":"max-image-preview:large","max-video-preview":"max-video-preview:-1"},"canonical":"https:\/\/ellotv.com.br\/site\/2026\/05\/18\/carreta-da-mulher-chega-a-tuparetama-com-atendimentos-de-saude-especializados\/","og_locale":"pt_BR","og_type":"article","og_title":"Carreta da Mulher chega a Tuparetama com atendimentos de sa\u00fade especializados - Ello TV","og_description":"Carreta da Mulher chega a Tuparetama entre 21 e 23 de maio com atendimentos de sa\u00fade, ap\u00f3s articula\u00e7\u00e3o de Di\u00f3genes Patriota e Kaio Mani\u00e7oba.","og_url":"https:\/\/ellotv.com.br\/site\/2026\/05\/18\/carreta-da-mulher-chega-a-tuparetama-com-atendimentos-de-saude-especializados\/","og_site_name":"Ello TV","article_published_time":"2026-05-18T11:25:17+00:00","og_image":[{"width":1212,"height":1600,"url":"https:\/\/ellotv.com.br\/site\/wp-content\/uploads\/2026\/05\/WhatsApp-Image-2026-05-15-at-09.48.13.jpeg","type":"image\/jpeg"}],"author":"ELLO TV","twitter_card":"summary_large_image","twitter_misc":{"Escrito por":"ELLO TV","Est. tempo de leitura":"1 minuto"},"schema":{"@context":"https:\/\/schema.org","@graph":[{"@type":"Article","@id":"https:\/\/ellotv.com.br\/site\/2026\/05\/18\/carreta-da-mulher-chega-a-tuparetama-com-atendimentos-de-saude-especializados\/#article","isPartOf":{"@id":"https:\/\/ellotv.com.br\/site\/2026\/05\/18\/carreta-da-mulher-chega-a-tuparetama-com-atendimentos-de-saude-especializados\/"},"author":{"name":"ELLO TV","@id":"https:\/\/ellotv.com.br\/site\/#\/schema\/person\/2dbe3abaee38dcc7332fc8205cd2b15d"},"headline":"Carreta da Mulher chega a Tuparetama com atendimentos de sa\u00fade especializados","datePublished":"2026-05-18T11:25:17+00:00","mainEntityOfPage":{"@id":"https:\/\/ellotv.com.br\/site\/2026\/05\/18\/carreta-da-mulher-chega-a-tuparetama-com-atendimentos-de-saude-especializados\/"},"wordCount":154,"commentCount":0,"publisher":{"@id":"https:\/\/ellotv.com.br\/site\/#organization"},"image":{"@id":"https:\/\/ellotv.com.br\/site\/2026\/05\/18\/carreta-da-mulher-chega-a-tuparetama-com-atendimentos-de-saude-especializados\/#primaryimage"},"thumbnailUrl":"https:\/\/ellotv.com.br\/site\/wp-content\/uploads\/2026\/05\/WhatsApp-Image-2026-05-15-at-09.48.13.jpeg","articleSection":["Noticias","Regional"],"inLanguage":"pt-BR","potentialAction":[{"@type":"CommentAction","name":"Comment","target":["https:\/\/ellotv.com.br\/site\/2026\/05\/18\/carreta-da-mulher-chega-a-tuparetama-com-atendimentos-de-saude-especializados\/#respond"]}]},{"@type":"WebPage","@id":"https:\/\/ellotv.com.br\/site\/2026\/05\/18\/carreta-da-mulher-chega-a-tuparetama-com-atendimentos-de-saude-especializados\/","url":"https:\/\/ellotv.com.br\/site\/2026\/05\/18\/carreta-da-mulher-chega-a-tuparetama-com-atendimentos-de-saude-especializados\/","name":"Carreta da Mulher chega a Tuparetama com atendimentos de sa\u00fade especializados - Ello TV","isPartOf":{"@id":"https:\/\/ellotv.com.br\/site\/#website"},"primaryImageOfPage":{"@id":"https:\/\/ellotv.com.br\/site\/2026\/05\/18\/carreta-da-mulher-chega-a-tuparetama-com-atendimentos-de-saude-especializados\/#primaryimage"},"image":{"@id":"https:\/\/ellotv.com.br\/site\/2026\/05\/18\/carreta-da-mulher-chega-a-tuparetama-com-atendimentos-de-saude-especializados\/#primaryimage"},"thumbnailUrl":"https:\/\/ellotv.com.br\/site\/wp-content\/uploads\/2026\/05\/WhatsApp-Image-2026-05-15-at-09.48.13.jpeg","datePublished":"2026-05-18T11:25:17+00:00","description":"Carreta da Mulher chega a Tuparetama entre 21 e 23 de maio com atendimentos de sa\u00fade, ap\u00f3s articula\u00e7\u00e3o de Di\u00f3genes Patriota e Kaio Mani\u00e7oba.","breadcrumb":{"@id":"https:\/\/ellotv.com.br\/site\/2026\/05\/18\/carreta-da-mulher-chega-a-tuparetama-com-atendimentos-de-saude-especializados\/#breadcrumb"},"inLanguage":"pt-BR","potentialAction":[{"@type":"ReadAction","target":["https:\/\/ellotv.com.br\/site\/2026\/05\/18\/carreta-da-mulher-chega-a-tuparetama-com-atendimentos-de-saude-especializados\/"]}]},{"@type":"ImageObject","inLanguage":"pt-BR","@id":"https:\/\/ellotv.com.br\/site\/2026\/05\/18\/carreta-da-mulher-chega-a-tuparetama-com-atendimentos-de-saude-especializados\/#primaryimage","url":"https:\/\/ellotv.com.br\/site\/wp-content\/uploads\/2026\/05\/WhatsApp-Image-2026-05-15-at-09.48.13.jpeg","contentUrl":"https:\/\/ellotv.com.br\/site\/wp-content\/uploads\/2026\/05\/WhatsApp-Image-2026-05-15-at-09.48.13.jpeg","width":1212,"height":1600},{"@type":"BreadcrumbList","@id":"https:\/\/ellotv.com.br\/site\/2026\/05\/18\/carreta-da-mulher-chega-a-tuparetama-com-atendimentos-de-saude-especializados\/#breadcrumb","itemListElement":[{"@type":"ListItem","position":1,"name":"In\u00edcio","item":"https:\/\/ellotv.com.br\/site\/"},{"@type":"ListItem","position":2,"name":"Carreta da Mulher chega a Tuparetama com atendimentos de sa\u00fade especializados"}]},{"@type":"WebSite","@id":"https:\/\/ellotv.com.br\/site\/#website","url":"https:\/\/ellotv.com.br\/site\/","name":"ELLO TV","description":"","publisher":{"@id":"https:\/\/ellotv.com.br\/site\/#organization"},"potentialAction":[{"@type":"SearchAction","target":{"@type":"EntryPoint","urlTemplate":"https:\/\/ellotv.com.br\/site\/?s={search_term_string}"},"query-input":{"@type":"PropertyValueSpecification","valueRequired":true,"valueName":"search_term_string"}}],"inLanguage":"pt-BR"},{"@type":"Organization","@id":"https:\/\/ellotv.com.br\/site\/#organization","name":"ELLO TV","url":"https:\/\/ellotv.com.br\/site\/","logo":{"@type":"ImageObject","inLanguage":"pt-BR","@id":"https:\/\/ellotv.com.br\/site\/#\/schema\/logo\/image\/","url":"https:\/\/ellotv.com.br\/site\/wp-content\/uploads\/2025\/11\/ello-logo-2.fw_.png","contentUrl":"https:\/\/ellotv.com.br\/site\/wp-content\/uploads\/2025\/11\/ello-logo-2.fw_.png","width":400,"height":146,"caption":"ELLO TV"},"image":{"@id":"https:\/\/ellotv.com.br\/site\/#\/schema\/logo\/image\/"}},{"@type":"Person","@id":"https:\/\/ellotv.com.br\/site\/#\/schema\/person\/2dbe3abaee38dcc7332fc8205cd2b15d","name":"ELLO TV","image":{"@type":"ImageObject","inLanguage":"pt-BR","@id":"https:\/\/secure.gravatar.com\/avatar\/c38242b9da8ec217ac3f0aaee31a54f7d7befb11b2b47fdbc8fb0fad60afa1c6?s=96&d=mm&r=g","url":"https:\/\/secure.gravatar.com\/avatar\/c38242b9da8ec217ac3f0aaee31a54f7d7befb11b2b47fdbc8fb0fad60afa1c6?s=96&d=mm&r=g","contentUrl":"https:\/\/secure.gravatar.com\/avatar\/c38242b9da8ec217ac3f0aaee31a54f7d7befb11b2b47fdbc8fb0fad60afa1c6?s=96&d=mm&r=g","caption":"ELLO TV"},"url":"https:\/\/ellotv.com.br\/site\/author\/elloagencia\/"}]}},"featured_image_urls":{"full":["https:\/\/ellotv.com.br\/site\/wp-content\/uploads\/2026\/05\/WhatsApp-Image-2026-05-15-at-09.48.13.jpeg",1212,1600,false],"thumbnail":["https:\/\/ellotv.com.br\/site\/wp-content\/uploads\/2026\/05\/WhatsApp-Image-2026-05-15-at-09.48.13-150x150.jpeg",150,150,true],"medium":["https:\/\/ellotv.com.br\/site\/wp-content\/uploads\/2026\/05\/WhatsApp-Image-2026-05-15-at-09.48.13-227x300.jpeg",227,300,true],"medium_large":["https:\/\/ellotv.com.br\/site\/wp-content\/uploads\/2026\/05\/WhatsApp-Image-2026-05-15-at-09.48.13-768x1014.jpeg",640,845,true],"large":["https:\/\/ellotv.com.br\/site\/wp-content\/uploads\/2026\/05\/WhatsApp-Image-2026-05-15-at-09.48.13-776x1024.jpeg",640,845,true],"1536x1536":["https:\/\/ellotv.com.br\/site\/wp-content\/uploads\/2026\/05\/WhatsApp-Image-2026-05-15-at-09.48.13-1164x1536.jpeg",1164,1536,true],"2048x2048":["https:\/\/ellotv.com.br\/site\/wp-content\/uploads\/2026\/05\/WhatsApp-Image-2026-05-15-at-09.48.13.jpeg",1212,1600,false],"darknews-slider-full":["https:\/\/ellotv.com.br\/site\/wp-content\/uploads\/2026\/05\/WhatsApp-Image-2026-05-15-at-09.48.13-1212x720.jpeg",1212,720,true],"darknews-featured":["https:\/\/ellotv.com.br\/site\/wp-content\/uploads\/2026\/05\/WhatsApp-Image-2026-05-15-at-09.48.13-1024x1352.jpeg",1024,1352,true],"darknews-medium":["https:\/\/ellotv.com.br\/site\/wp-content\/uploads\/2026\/05\/WhatsApp-Image-2026-05-15-at-09.48.13-720x530.jpeg",720,530,true],"darknews-medium-square":["https:\/\/ellotv.com.br\/site\/wp-content\/uploads\/2026\/05\/WhatsApp-Image-2026-05-15-at-09.48.13-350x350.jpeg",350,350,true]},"author_info":{"info":["ELLO TV"]},"category_info":"<a href=\"https:\/\/ellotv.com.br\/site\/category\/noticias\/\" rel=\"category tag\">Noticias<\/a> <a href=\"https:\/\/ellotv.com.br\/site\/category\/regional\/\" rel=\"category tag\">Regional<\/a>","tag_info":"Regional","comment_count":"0","_links":{"self":[{"href":"https:\/\/ellotv.com.br\/site\/wp-json\/wp\/v2\/posts\/6146","targetHints":{"allow":["GET"]}}],"collection":[{"href":"https:\/\/ellotv.com.br\/site\/wp-json\/wp\/v2\/posts"}],"about":[{"href":"https:\/\/ellotv.com.br\/site\/wp-json\/wp\/v2\/types\/post"}],"author":[{"embeddable":true,"href":"https:\/\/ellotv.com.br\/site\/wp-json\/wp\/v2\/users\/2"}],"replies":[{"embeddable":true,"href":"https:\/\/ellotv.com.br\/site\/wp-json\/wp\/v2\/comments?post=6146"}],"version-history":[{"count":1,"href":"https:\/\/ellotv.com.br\/site\/wp-json\/wp\/v2\/posts\/6146\/revisions"}],"predecessor-version":[{"id":6148,"href":"https:\/\/ellotv.com.br\/site\/wp-json\/wp\/v2\/posts\/6146\/revisions\/6148"}],"wp:featuredmedia":[{"embeddable":true,"href":"https:\/\/ellotv.com.br\/site\/wp-json\/wp\/v2\/media\/6147"}],"wp:attachment":[{"href":"https:\/\/ellotv.com.br\/site\/wp-json\/wp\/v2\/media?parent=6146"}],"wp:term":[{"taxonomy":"category","embeddable":true,"href":"https:\/\/ellotv.com.br\/site\/wp-json\/wp\/v2\/categories?post=6146"},{"taxonomy":"post_tag","embeddable":true,"href":"https:\/\/ellotv.com.br\/site\/wp-json\/wp\/v2\/tags?post=6146"}],"curies":[{"name":"wp","href":"https:\/\/api.w.org\/{rel}","templated":true}]}}