{"id":6149,"date":"2026-05-18T08:32:35","date_gmt":"2026-05-18T11:32:35","guid":{"rendered":"https:\/\/ellotv.com.br\/site\/?p=6149"},"modified":"2026-05-18T08:32:35","modified_gmt":"2026-05-18T11:32:35","slug":"vendas-360-recebe-jeova-junior-para-falar-sobre-estrategia-e-empreendedorismo","status":"publish","type":"post","link":"https:\/\/ellotv.com.br\/site\/2026\/05\/18\/vendas-360-recebe-jeova-junior-para-falar-sobre-estrategia-e-empreendedorismo\/","title":{"rendered":"Vendas 360\u00b0 recebe Jeov\u00e1 J\u00fanior para falar sobre estrat\u00e9gia e empreendedorismo"},"content":{"rendered":"<p data-start=\"84\" data-end=\"218\">O <span class=\"hover:entity-accent entity-underline inline cursor-pointer align-baseline\"><span class=\"whitespace-normal\">Programa Vendas 360\u00b0<\/span><\/span> chega com mais um epis\u00f3dio focado em estrat\u00e9gia, mercado e experi\u00eancias do mundo dos neg\u00f3cios.<\/p>\n<h3 data-section-id=\"liy190\" data-start=\"220\" data-end=\"249\">Bate-papo sobre vendas<\/h3>\n<p data-start=\"250\" data-end=\"478\">Nesta segunda-feira (18), \u00e0s 19h, o apresentador <a href=\"https:\/\/www.instagram.com\/paulonevesfilho?igsh=MXR5MmNwdmdleDkxaQ==\"><span class=\"hover:entity-accent entity-underline inline cursor-pointer align-baseline\"><span class=\"whitespace-normal\">Paulo Neves<\/span><\/span><\/a> recebe o empres\u00e1rio <a href=\"https:\/\/www.instagram.com\/jeova_jr_sje?igsh=M3gzczByaGljNDJm\"><span class=\"hover:entity-accent entity-underline inline cursor-pointer align-baseline\"><span class=\"whitespace-normal\">Jeov\u00e1 J\u00fanior<\/span><\/span><\/a> para uma conversa sobre vendas, vis\u00e3o empreendedora e os desafios do mercado atual.<\/p>\n<h3 data-section-id=\"jhol2t\" data-start=\"480\" data-end=\"500\">Onde assistir<\/h3>\n<p data-start=\"501\" data-end=\"600\">O epis\u00f3dio ser\u00e1 transmitido ao vivo pelo canal da <a href=\"https:\/\/www.youtube.com\/@ELLOTVOF\"><span class=\"hover:entity-accent entity-underline inline cursor-pointer align-baseline\"><span class=\"whitespace-normal\">ELLO TV<\/span><\/span><\/a> no YouTube.<\/p>\n<h3 data-section-id=\"z0x2kx\" data-start=\"602\" data-end=\"637\">Conte\u00fado para empreendedores<\/h3>\n<p data-start=\"638\" data-end=\"779\">A proposta do programa \u00e9 compartilhar conhecimentos pr\u00e1ticos e experi\u00eancias reais, contribuindo com quem busca crescer no mundo dos neg\u00f3cios.<\/p>\n","protected":false},"excerpt":{"rendered":"<p>O Programa Vendas 360\u00b0 chega com mais um epis\u00f3dio focado em estrat\u00e9gia, mercado e experi\u00eancias do mundo dos<\/p>\n","protected":false},"author":2,"featured_media":6150,"comment_status":"open","ping_status":"open","sticky":false,"template":"","format":"standard","meta":{"footnotes":""},"categories":[1],"tags":[],"class_list":["post-6149","post","type-post","status-publish","format-standard","has-post-thumbnail","hentry","category-ello"],"yoast_head":"<!-- This site is optimized with the Yoast SEO plugin v28.3 - https:\/\/yoast.com\/product\/yoast-seo-wordpress\/ -->\n<title>Vendas 360\u00b0 recebe Jeov\u00e1 J\u00fanior para falar sobre estrat\u00e9gia e empreendedorismo - Ello TV<\/title>\n<meta name=\"description\" content=\"Programa Vendas 360\u00b0 recebe Jeov\u00e1 J\u00fanior nesta segunda (18), \u00e0s 19h, para falar sobre vendas, mercado e empreendedorismo na ELLO TV.\" \/>\n<meta name=\"robots\" content=\"index, follow, max-snippet:-1, max-image-preview:large, max-video-preview:-1\" \/>\n<link rel=\"canonical\" href=\"https:\/\/ellotv.com.br\/site\/2026\/05\/18\/vendas-360-recebe-jeova-junior-para-falar-sobre-estrategia-e-empreendedorismo\/\" \/>\n<meta property=\"og:locale\" content=\"pt_BR\" \/>\n<meta property=\"og:type\" content=\"article\" \/>\n<meta property=\"og:title\" content=\"Vendas 360\u00b0 recebe Jeov\u00e1 J\u00fanior para falar sobre estrat\u00e9gia e empreendedorismo - Ello TV\" \/>\n<meta property=\"og:description\" content=\"Programa Vendas 360\u00b0 recebe Jeov\u00e1 J\u00fanior nesta segunda (18), \u00e0s 19h, para falar sobre vendas, mercado e empreendedorismo na ELLO TV.\" \/>\n<meta property=\"og:url\" content=\"https:\/\/ellotv.com.br\/site\/2026\/05\/18\/vendas-360-recebe-jeova-junior-para-falar-sobre-estrategia-e-empreendedorismo\/\" \/>\n<meta property=\"og:site_name\" content=\"Ello TV\" \/>\n<meta property=\"article:published_time\" content=\"2026-05-18T11:32:35+00:00\" \/>\n<meta property=\"og:image\" content=\"https:\/\/ellotv.com.br\/site\/wp-content\/uploads\/2026\/05\/WhatsApp-Image-2026-05-15-at-16.14.43.jpeg\" \/>\n\t<meta property=\"og:image:width\" content=\"1080\" \/>\n\t<meta property=\"og:image:height\" content=\"1350\" \/>\n\t<meta property=\"og:image:type\" content=\"image\/jpeg\" \/>\n<meta name=\"author\" content=\"ELLO TV\" \/>\n<meta name=\"twitter:card\" content=\"summary_large_image\" \/>\n<meta name=\"twitter:label1\" content=\"Escrito por\" \/>\n\t<meta name=\"twitter:data1\" content=\"ELLO TV\" \/>\n<script type=\"application\/ld+json\" class=\"yoast-schema-graph\">{\"@context\":\"https:\\\/\\\/schema.org\",\"@graph\":[{\"@type\":\"Article\",\"@id\":\"https:\\\/\\\/ellotv.com.br\\\/site\\\/2026\\\/05\\\/18\\\/vendas-360-recebe-jeova-junior-para-falar-sobre-estrategia-e-empreendedorismo\\\/#article\",\"isPartOf\":{\"@id\":\"https:\\\/\\\/ellotv.com.br\\\/site\\\/2026\\\/05\\\/18\\\/vendas-360-recebe-jeova-junior-para-falar-sobre-estrategia-e-empreendedorismo\\\/\"},\"author\":{\"name\":\"ELLO TV\",\"@id\":\"https:\\\/\\\/ellotv.com.br\\\/site\\\/#\\\/schema\\\/person\\\/2dbe3abaee38dcc7332fc8205cd2b15d\"},\"headline\":\"Vendas 360\u00b0 recebe Jeov\u00e1 J\u00fanior para falar sobre estrat\u00e9gia e empreendedorismo\",\"datePublished\":\"2026-05-18T11:32:35+00:00\",\"mainEntityOfPage\":{\"@id\":\"https:\\\/\\\/ellotv.com.br\\\/site\\\/2026\\\/05\\\/18\\\/vendas-360-recebe-jeova-junior-para-falar-sobre-estrategia-e-empreendedorismo\\\/\"},\"wordCount\":108,\"commentCount\":0,\"publisher\":{\"@id\":\"https:\\\/\\\/ellotv.com.br\\\/site\\\/#organization\"},\"image\":{\"@id\":\"https:\\\/\\\/ellotv.com.br\\\/site\\\/2026\\\/05\\\/18\\\/vendas-360-recebe-jeova-junior-para-falar-sobre-estrategia-e-empreendedorismo\\\/#primaryimage\"},\"thumbnailUrl\":\"https:\\\/\\\/ellotv.com.br\\\/site\\\/wp-content\\\/uploads\\\/2026\\\/05\\\/WhatsApp-Image-2026-05-15-at-16.14.43.jpeg\",\"articleSection\":[\"Ello\"],\"inLanguage\":\"pt-BR\",\"potentialAction\":[{\"@type\":\"CommentAction\",\"name\":\"Comment\",\"target\":[\"https:\\\/\\\/ellotv.com.br\\\/site\\\/2026\\\/05\\\/18\\\/vendas-360-recebe-jeova-junior-para-falar-sobre-estrategia-e-empreendedorismo\\\/#respond\"]}]},{\"@type\":\"WebPage\",\"@id\":\"https:\\\/\\\/ellotv.com.br\\\/site\\\/2026\\\/05\\\/18\\\/vendas-360-recebe-jeova-junior-para-falar-sobre-estrategia-e-empreendedorismo\\\/\",\"url\":\"https:\\\/\\\/ellotv.com.br\\\/site\\\/2026\\\/05\\\/18\\\/vendas-360-recebe-jeova-junior-para-falar-sobre-estrategia-e-empreendedorismo\\\/\",\"name\":\"Vendas 360\u00b0 recebe Jeov\u00e1 J\u00fanior para falar sobre estrat\u00e9gia e empreendedorismo - Ello TV\",\"isPartOf\":{\"@id\":\"https:\\\/\\\/ellotv.com.br\\\/site\\\/#website\"},\"primaryImageOfPage\":{\"@id\":\"https:\\\/\\\/ellotv.com.br\\\/site\\\/2026\\\/05\\\/18\\\/vendas-360-recebe-jeova-junior-para-falar-sobre-estrategia-e-empreendedorismo\\\/#primaryimage\"},\"image\":{\"@id\":\"https:\\\/\\\/ellotv.com.br\\\/site\\\/2026\\\/05\\\/18\\\/vendas-360-recebe-jeova-junior-para-falar-sobre-estrategia-e-empreendedorismo\\\/#primaryimage\"},\"thumbnailUrl\":\"https:\\\/\\\/ellotv.com.br\\\/site\\\/wp-content\\\/uploads\\\/2026\\\/05\\\/WhatsApp-Image-2026-05-15-at-16.14.43.jpeg\",\"datePublished\":\"2026-05-18T11:32:35+00:00\",\"description\":\"Programa Vendas 360\u00b0 recebe Jeov\u00e1 J\u00fanior nesta segunda (18), \u00e0s 19h, para falar sobre vendas, mercado e empreendedorismo na ELLO TV.\",\"breadcrumb\":{\"@id\":\"https:\\\/\\\/ellotv.com.br\\\/site\\\/2026\\\/05\\\/18\\\/vendas-360-recebe-jeova-junior-para-falar-sobre-estrategia-e-empreendedorismo\\\/#breadcrumb\"},\"inLanguage\":\"pt-BR\",\"potentialAction\":[{\"@type\":\"ReadAction\",\"target\":[\"https:\\\/\\\/ellotv.com.br\\\/site\\\/2026\\\/05\\\/18\\\/vendas-360-recebe-jeova-junior-para-falar-sobre-estrategia-e-empreendedorismo\\\/\"]}]},{\"@type\":\"ImageObject\",\"inLanguage\":\"pt-BR\",\"@id\":\"https:\\\/\\\/ellotv.com.br\\\/site\\\/2026\\\/05\\\/18\\\/vendas-360-recebe-jeova-junior-para-falar-sobre-estrategia-e-empreendedorismo\\\/#primaryimage\",\"url\":\"https:\\\/\\\/ellotv.com.br\\\/site\\\/wp-content\\\/uploads\\\/2026\\\/05\\\/WhatsApp-Image-2026-05-15-at-16.14.43.jpeg\",\"contentUrl\":\"https:\\\/\\\/ellotv.com.br\\\/site\\\/wp-content\\\/uploads\\\/2026\\\/05\\\/WhatsApp-Image-2026-05-15-at-16.14.43.jpeg\",\"width\":1080,\"height\":1350},{\"@type\":\"BreadcrumbList\",\"@id\":\"https:\\\/\\\/ellotv.com.br\\\/site\\\/2026\\\/05\\\/18\\\/vendas-360-recebe-jeova-junior-para-falar-sobre-estrategia-e-empreendedorismo\\\/#breadcrumb\",\"itemListElement\":[{\"@type\":\"ListItem\",\"position\":1,\"name\":\"In\u00edcio\",\"item\":\"https:\\\/\\\/ellotv.com.br\\\/site\\\/\"},{\"@type\":\"ListItem\",\"position\":2,\"name\":\"Vendas 360\u00b0 recebe Jeov\u00e1 J\u00fanior para falar sobre estrat\u00e9gia e empreendedorismo\"}]},{\"@type\":\"WebSite\",\"@id\":\"https:\\\/\\\/ellotv.com.br\\\/site\\\/#website\",\"url\":\"https:\\\/\\\/ellotv.com.br\\\/site\\\/\",\"name\":\"ELLO TV\",\"description\":\"\",\"publisher\":{\"@id\":\"https:\\\/\\\/ellotv.com.br\\\/site\\\/#organization\"},\"potentialAction\":[{\"@type\":\"SearchAction\",\"target\":{\"@type\":\"EntryPoint\",\"urlTemplate\":\"https:\\\/\\\/ellotv.com.br\\\/site\\\/?s={search_term_string}\"},\"query-input\":{\"@type\":\"PropertyValueSpecification\",\"valueRequired\":true,\"valueName\":\"search_term_string\"}}],\"inLanguage\":\"pt-BR\"},{\"@type\":\"Organization\",\"@id\":\"https:\\\/\\\/ellotv.com.br\\\/site\\\/#organization\",\"name\":\"ELLO TV\",\"url\":\"https:\\\/\\\/ellotv.com.br\\\/site\\\/\",\"logo\":{\"@type\":\"ImageObject\",\"inLanguage\":\"pt-BR\",\"@id\":\"https:\\\/\\\/ellotv.com.br\\\/site\\\/#\\\/schema\\\/logo\\\/image\\\/\",\"url\":\"https:\\\/\\\/ellotv.com.br\\\/site\\\/wp-content\\\/uploads\\\/2025\\\/11\\\/ello-logo-2.fw_.png\",\"contentUrl\":\"https:\\\/\\\/ellotv.com.br\\\/site\\\/wp-content\\\/uploads\\\/2025\\\/11\\\/ello-logo-2.fw_.png\",\"width\":400,\"height\":146,\"caption\":\"ELLO TV\"},\"image\":{\"@id\":\"https:\\\/\\\/ellotv.com.br\\\/site\\\/#\\\/schema\\\/logo\\\/image\\\/\"}},{\"@type\":\"Person\",\"@id\":\"https:\\\/\\\/ellotv.com.br\\\/site\\\/#\\\/schema\\\/person\\\/2dbe3abaee38dcc7332fc8205cd2b15d\",\"name\":\"ELLO TV\",\"image\":{\"@type\":\"ImageObject\",\"inLanguage\":\"pt-BR\",\"@id\":\"https:\\\/\\\/secure.gravatar.com\\\/avatar\\\/c38242b9da8ec217ac3f0aaee31a54f7d7befb11b2b47fdbc8fb0fad60afa1c6?s=96&d=mm&r=g\",\"url\":\"https:\\\/\\\/secure.gravatar.com\\\/avatar\\\/c38242b9da8ec217ac3f0aaee31a54f7d7befb11b2b47fdbc8fb0fad60afa1c6?s=96&d=mm&r=g\",\"contentUrl\":\"https:\\\/\\\/secure.gravatar.com\\\/avatar\\\/c38242b9da8ec217ac3f0aaee31a54f7d7befb11b2b47fdbc8fb0fad60afa1c6?s=96&d=mm&r=g\",\"caption\":\"ELLO TV\"},\"url\":\"https:\\\/\\\/ellotv.com.br\\\/site\\\/author\\\/elloagencia\\\/\"}]}<\/script>\n<!-- \/ Yoast SEO plugin. -->","yoast_head_json":{"title":"Vendas 360\u00b0 recebe Jeov\u00e1 J\u00fanior para falar sobre estrat\u00e9gia e empreendedorismo - Ello TV","description":"Programa Vendas 360\u00b0 recebe Jeov\u00e1 J\u00fanior nesta segunda (18), \u00e0s 19h, para falar sobre vendas, mercado e empreendedorismo na ELLO TV.","robots":{"index":"index","follow":"follow","max-snippet":"max-snippet:-1","max-image-preview":"max-image-preview:large","max-video-preview":"max-video-preview:-1"},"canonical":"https:\/\/ellotv.com.br\/site\/2026\/05\/18\/vendas-360-recebe-jeova-junior-para-falar-sobre-estrategia-e-empreendedorismo\/","og_locale":"pt_BR","og_type":"article","og_title":"Vendas 360\u00b0 recebe Jeov\u00e1 J\u00fanior para falar sobre estrat\u00e9gia e empreendedorismo - Ello TV","og_description":"Programa Vendas 360\u00b0 recebe Jeov\u00e1 J\u00fanior nesta segunda (18), \u00e0s 19h, para falar sobre vendas, mercado e empreendedorismo na ELLO TV.","og_url":"https:\/\/ellotv.com.br\/site\/2026\/05\/18\/vendas-360-recebe-jeova-junior-para-falar-sobre-estrategia-e-empreendedorismo\/","og_site_name":"Ello TV","article_published_time":"2026-05-18T11:32:35+00:00","og_image":[{"width":1080,"height":1350,"url":"https:\/\/ellotv.com.br\/site\/wp-content\/uploads\/2026\/05\/WhatsApp-Image-2026-05-15-at-16.14.43.jpeg","type":"image\/jpeg"}],"author":"ELLO TV","twitter_card":"summary_large_image","twitter_misc":{"Escrito por":"ELLO TV"},"schema":{"@context":"https:\/\/schema.org","@graph":[{"@type":"Article","@id":"https:\/\/ellotv.com.br\/site\/2026\/05\/18\/vendas-360-recebe-jeova-junior-para-falar-sobre-estrategia-e-empreendedorismo\/#article","isPartOf":{"@id":"https:\/\/ellotv.com.br\/site\/2026\/05\/18\/vendas-360-recebe-jeova-junior-para-falar-sobre-estrategia-e-empreendedorismo\/"},"author":{"name":"ELLO TV","@id":"https:\/\/ellotv.com.br\/site\/#\/schema\/person\/2dbe3abaee38dcc7332fc8205cd2b15d"},"headline":"Vendas 360\u00b0 recebe Jeov\u00e1 J\u00fanior para falar sobre estrat\u00e9gia e empreendedorismo","datePublished":"2026-05-18T11:32:35+00:00","mainEntityOfPage":{"@id":"https:\/\/ellotv.com.br\/site\/2026\/05\/18\/vendas-360-recebe-jeova-junior-para-falar-sobre-estrategia-e-empreendedorismo\/"},"wordCount":108,"commentCount":0,"publisher":{"@id":"https:\/\/ellotv.com.br\/site\/#organization"},"image":{"@id":"https:\/\/ellotv.com.br\/site\/2026\/05\/18\/vendas-360-recebe-jeova-junior-para-falar-sobre-estrategia-e-empreendedorismo\/#primaryimage"},"thumbnailUrl":"https:\/\/ellotv.com.br\/site\/wp-content\/uploads\/2026\/05\/WhatsApp-Image-2026-05-15-at-16.14.43.jpeg","articleSection":["Ello"],"inLanguage":"pt-BR","potentialAction":[{"@type":"CommentAction","name":"Comment","target":["https:\/\/ellotv.com.br\/site\/2026\/05\/18\/vendas-360-recebe-jeova-junior-para-falar-sobre-estrategia-e-empreendedorismo\/#respond"]}]},{"@type":"WebPage","@id":"https:\/\/ellotv.com.br\/site\/2026\/05\/18\/vendas-360-recebe-jeova-junior-para-falar-sobre-estrategia-e-empreendedorismo\/","url":"https:\/\/ellotv.com.br\/site\/2026\/05\/18\/vendas-360-recebe-jeova-junior-para-falar-sobre-estrategia-e-empreendedorismo\/","name":"Vendas 360\u00b0 recebe Jeov\u00e1 J\u00fanior para falar sobre estrat\u00e9gia e empreendedorismo - Ello TV","isPartOf":{"@id":"https:\/\/ellotv.com.br\/site\/#website"},"primaryImageOfPage":{"@id":"https:\/\/ellotv.com.br\/site\/2026\/05\/18\/vendas-360-recebe-jeova-junior-para-falar-sobre-estrategia-e-empreendedorismo\/#primaryimage"},"image":{"@id":"https:\/\/ellotv.com.br\/site\/2026\/05\/18\/vendas-360-recebe-jeova-junior-para-falar-sobre-estrategia-e-empreendedorismo\/#primaryimage"},"thumbnailUrl":"https:\/\/ellotv.com.br\/site\/wp-content\/uploads\/2026\/05\/WhatsApp-Image-2026-05-15-at-16.14.43.jpeg","datePublished":"2026-05-18T11:32:35+00:00","description":"Programa Vendas 360\u00b0 recebe Jeov\u00e1 J\u00fanior nesta segunda (18), \u00e0s 19h, para falar sobre vendas, mercado e empreendedorismo na ELLO TV.","breadcrumb":{"@id":"https:\/\/ellotv.com.br\/site\/2026\/05\/18\/vendas-360-recebe-jeova-junior-para-falar-sobre-estrategia-e-empreendedorismo\/#breadcrumb"},"inLanguage":"pt-BR","potentialAction":[{"@type":"ReadAction","target":["https:\/\/ellotv.com.br\/site\/2026\/05\/18\/vendas-360-recebe-jeova-junior-para-falar-sobre-estrategia-e-empreendedorismo\/"]}]},{"@type":"ImageObject","inLanguage":"pt-BR","@id":"https:\/\/ellotv.com.br\/site\/2026\/05\/18\/vendas-360-recebe-jeova-junior-para-falar-sobre-estrategia-e-empreendedorismo\/#primaryimage","url":"https:\/\/ellotv.com.br\/site\/wp-content\/uploads\/2026\/05\/WhatsApp-Image-2026-05-15-at-16.14.43.jpeg","contentUrl":"https:\/\/ellotv.com.br\/site\/wp-content\/uploads\/2026\/05\/WhatsApp-Image-2026-05-15-at-16.14.43.jpeg","width":1080,"height":1350},{"@type":"BreadcrumbList","@id":"https:\/\/ellotv.com.br\/site\/2026\/05\/18\/vendas-360-recebe-jeova-junior-para-falar-sobre-estrategia-e-empreendedorismo\/#breadcrumb","itemListElement":[{"@type":"ListItem","position":1,"name":"In\u00edcio","item":"https:\/\/ellotv.com.br\/site\/"},{"@type":"ListItem","position":2,"name":"Vendas 360\u00b0 recebe Jeov\u00e1 J\u00fanior para falar sobre estrat\u00e9gia e empreendedorismo"}]},{"@type":"WebSite","@id":"https:\/\/ellotv.com.br\/site\/#website","url":"https:\/\/ellotv.com.br\/site\/","name":"ELLO TV","description":"","publisher":{"@id":"https:\/\/ellotv.com.br\/site\/#organization"},"potentialAction":[{"@type":"SearchAction","target":{"@type":"EntryPoint","urlTemplate":"https:\/\/ellotv.com.br\/site\/?s={search_term_string}"},"query-input":{"@type":"PropertyValueSpecification","valueRequired":true,"valueName":"search_term_string"}}],"inLanguage":"pt-BR"},{"@type":"Organization","@id":"https:\/\/ellotv.com.br\/site\/#organization","name":"ELLO TV","url":"https:\/\/ellotv.com.br\/site\/","logo":{"@type":"ImageObject","inLanguage":"pt-BR","@id":"https:\/\/ellotv.com.br\/site\/#\/schema\/logo\/image\/","url":"https:\/\/ellotv.com.br\/site\/wp-content\/uploads\/2025\/11\/ello-logo-2.fw_.png","contentUrl":"https:\/\/ellotv.com.br\/site\/wp-content\/uploads\/2025\/11\/ello-logo-2.fw_.png","width":400,"height":146,"caption":"ELLO TV"},"image":{"@id":"https:\/\/ellotv.com.br\/site\/#\/schema\/logo\/image\/"}},{"@type":"Person","@id":"https:\/\/ellotv.com.br\/site\/#\/schema\/person\/2dbe3abaee38dcc7332fc8205cd2b15d","name":"ELLO TV","image":{"@type":"ImageObject","inLanguage":"pt-BR","@id":"https:\/\/secure.gravatar.com\/avatar\/c38242b9da8ec217ac3f0aaee31a54f7d7befb11b2b47fdbc8fb0fad60afa1c6?s=96&d=mm&r=g","url":"https:\/\/secure.gravatar.com\/avatar\/c38242b9da8ec217ac3f0aaee31a54f7d7befb11b2b47fdbc8fb0fad60afa1c6?s=96&d=mm&r=g","contentUrl":"https:\/\/secure.gravatar.com\/avatar\/c38242b9da8ec217ac3f0aaee31a54f7d7befb11b2b47fdbc8fb0fad60afa1c6?s=96&d=mm&r=g","caption":"ELLO TV"},"url":"https:\/\/ellotv.com.br\/site\/author\/elloagencia\/"}]}},"featured_image_urls":{"full":["https:\/\/ellotv.com.br\/site\/wp-content\/uploads\/2026\/05\/WhatsApp-Image-2026-05-15-at-16.14.43.jpeg",1080,1350,false],"thumbnail":["https:\/\/ellotv.com.br\/site\/wp-content\/uploads\/2026\/05\/WhatsApp-Image-2026-05-15-at-16.14.43-150x150.jpeg",150,150,true],"medium":["https:\/\/ellotv.com.br\/site\/wp-content\/uploads\/2026\/05\/WhatsApp-Image-2026-05-15-at-16.14.43-240x300.jpeg",240,300,true],"medium_large":["https:\/\/ellotv.com.br\/site\/wp-content\/uploads\/2026\/05\/WhatsApp-Image-2026-05-15-at-16.14.43-768x960.jpeg",640,800,true],"large":["https:\/\/ellotv.com.br\/site\/wp-content\/uploads\/2026\/05\/WhatsApp-Image-2026-05-15-at-16.14.43-819x1024.jpeg",640,800,true],"1536x1536":["https:\/\/ellotv.com.br\/site\/wp-content\/uploads\/2026\/05\/WhatsApp-Image-2026-05-15-at-16.14.43.jpeg",1080,1350,false],"2048x2048":["https:\/\/ellotv.com.br\/site\/wp-content\/uploads\/2026\/05\/WhatsApp-Image-2026-05-15-at-16.14.43.jpeg",1080,1350,false],"darknews-slider-full":["https:\/\/ellotv.com.br\/site\/wp-content\/uploads\/2026\/05\/WhatsApp-Image-2026-05-15-at-16.14.43-1080x720.jpeg",1080,720,true],"darknews-featured":["https:\/\/ellotv.com.br\/site\/wp-content\/uploads\/2026\/05\/WhatsApp-Image-2026-05-15-at-16.14.43-1024x1280.jpeg",1024,1280,true],"darknews-medium":["https:\/\/ellotv.com.br\/site\/wp-content\/uploads\/2026\/05\/WhatsApp-Image-2026-05-15-at-16.14.43-720x530.jpeg",720,530,true],"darknews-medium-square":["https:\/\/ellotv.com.br\/site\/wp-content\/uploads\/2026\/05\/WhatsApp-Image-2026-05-15-at-16.14.43-350x350.jpeg",350,350,true]},"author_info":{"info":["ELLO TV"]},"category_info":"<a href=\"https:\/\/ellotv.com.br\/site\/category\/ello\/\" rel=\"category tag\">Ello<\/a>","tag_info":"Ello","comment_count":"0","_links":{"self":[{"href":"https:\/\/ellotv.com.br\/site\/wp-json\/wp\/v2\/posts\/6149","targetHints":{"allow":["GET"]}}],"collection":[{"href":"https:\/\/ellotv.com.br\/site\/wp-json\/wp\/v2\/posts"}],"about":[{"href":"https:\/\/ellotv.com.br\/site\/wp-json\/wp\/v2\/types\/post"}],"author":[{"embeddable":true,"href":"https:\/\/ellotv.com.br\/site\/wp-json\/wp\/v2\/users\/2"}],"replies":[{"embeddable":true,"href":"https:\/\/ellotv.com.br\/site\/wp-json\/wp\/v2\/comments?post=6149"}],"version-history":[{"count":1,"href":"https:\/\/ellotv.com.br\/site\/wp-json\/wp\/v2\/posts\/6149\/revisions"}],"predecessor-version":[{"id":6151,"href":"https:\/\/ellotv.com.br\/site\/wp-json\/wp\/v2\/posts\/6149\/revisions\/6151"}],"wp:featuredmedia":[{"embeddable":true,"href":"https:\/\/ellotv.com.br\/site\/wp-json\/wp\/v2\/media\/6150"}],"wp:attachment":[{"href":"https:\/\/ellotv.com.br\/site\/wp-json\/wp\/v2\/media?parent=6149"}],"wp:term":[{"taxonomy":"category","embeddable":true,"href":"https:\/\/ellotv.com.br\/site\/wp-json\/wp\/v2\/categories?post=6149"},{"taxonomy":"post_tag","embeddable":true,"href":"https:\/\/ellotv.com.br\/site\/wp-json\/wp\/v2\/tags?post=6149"}],"curies":[{"name":"wp","href":"https:\/\/api.w.org\/{rel}","templated":true}]}}