{"id":6155,"date":"2026-05-18T10:44:33","date_gmt":"2026-05-18T13:44:33","guid":{"rendered":"https:\/\/ellotv.com.br\/site\/?p=6155"},"modified":"2026-05-18T10:49:29","modified_gmt":"2026-05-18T13:49:29","slug":"diga-la-poeta-recebe-luis-barbinha-no-episodio-94","status":"publish","type":"post","link":"https:\/\/ellotv.com.br\/site\/2026\/05\/18\/diga-la-poeta-recebe-luis-barbinha-no-episodio-94\/","title":{"rendered":"Diga L\u00e1 Poeta recebe Luis Barbinha no Epis\u00f3dio #94"},"content":{"rendered":"<p data-start=\"74\" data-end=\"326\">Nesta sexta-feira (22), \u00e0s 19h, o apresentador <a href=\"https:\/\/www.instagram.com\/ruannpoeta?igsh=MTl6aHZ3ZmU2eHc5dQ==\"><span class=\"hover:entity-accent entity-underline inline cursor-pointer align-baseline\"><span class=\"whitespace-normal\">Ruann Jorge<\/span><\/span><\/a> recebe o cantor <a href=\"https:\/\/www.instagram.com\/luisbarbinha?igsh=MW9zNDBiaTkyY2t5cg==\"><span class=\"hover:entity-accent entity-underline inline cursor-pointer align-baseline\"><span class=\"whitespace-normal\">Luis Barbinha<\/span><\/span><\/a> em mais um epis\u00f3dio do <a href=\"https:\/\/www.instagram.com\/digalapoeta?igsh=MXJzd210ODJyd3p1Ng==\"><span class=\"hover:entity-accent entity-underline inline cursor-pointer align-baseline\"><span class=\"whitespace-normal\">Diga L\u00e1\u00a0Poeta<\/span><\/span><\/a>, exibido pela <a href=\"https:\/\/www.instagram.com\/ellotv?igsh=MXJyOWVma3k2MHY5aQ==\"><span class=\"hover:entity-accent entity-underline inline cursor-pointer align-baseline\"><span class=\"whitespace-normal\">ELLO TV<\/span><\/span><\/a>.<\/p>\n<h3 data-section-id=\"1sic5xv\" data-start=\"328\" data-end=\"354\">M\u00fasica e trajet\u00f3ria<\/h3>\n<p data-start=\"355\" data-end=\"515\">O bate-papo promete destacar a trajet\u00f3ria musical do artista, suas viv\u00eancias e a for\u00e7a da cultura nordestina, em uma conversa marcada por identidade e tradi\u00e7\u00e3o.<\/p>\n<h3 data-section-id=\"3tuin2\" data-start=\"517\" data-end=\"544\">Cultura em evid\u00eancia<\/h3>\n<p data-start=\"545\" data-end=\"690\">O programa segue valorizando artistas da regi\u00e3o e fortalecendo a cultura popular, dando espa\u00e7o para hist\u00f3rias aut\u00eanticas e express\u00f5es art\u00edsticas.<\/p>\n<h3 data-section-id=\"6wqt05\" data-start=\"692\" data-end=\"714\">Quando assistir<\/h3>\n<p data-start=\"715\" data-end=\"764\">\ud83d\uddd3\ufe0f Sexta-feira (22)<br data-start=\"735\" data-end=\"738\" \/>\u23f0 \u00c0s 19h<br data-start=\"746\" data-end=\"749\" \/>\ud83d\udccd Na <a href=\"https:\/\/www.youtube.com\/@ELLOTVOF\">ELLO TV<\/a><\/p>\n<h3 data-section-id=\"1wj2bgd\" data-start=\"766\" data-end=\"778\">Apoio<\/h3>\n<p data-start=\"779\" data-end=\"868\"><a href=\"https:\/\/www.instagram.com\/prontomaislab?igsh=bDh5dGJwY3c3OWY5\">Pronto Mais Lab<\/a>,\u00a0<a href=\"https:\/\/www.instagram.com\/prontomaisfarma?igsh=MTN5ejczNXZpNmo4cA==\">Pronto Mais Farma<\/a>,\u00a0<a href=\"https:\/\/www.instagram.com\/prontomaiscard?igsh=MWJ4bjB1dHhkb2JrOA==\">Pronto Mais Card<\/a>\u00a0e\u00a0<a href=\"https:\/\/www.instagram.com\/toprontomais?igsh=MTA2Z28ya2NqOWFyZw==\">To Pronto Mais<\/a>.<\/p>\n","protected":false},"excerpt":{"rendered":"<p>Nesta sexta-feira (22), \u00e0s 19h, o apresentador Ruann Jorge recebe o cantor Luis Barbinha em mais um epis\u00f3dio<\/p>\n","protected":false},"author":2,"featured_media":6156,"comment_status":"open","ping_status":"open","sticky":false,"template":"","format":"standard","meta":{"footnotes":""},"categories":[1],"tags":[],"class_list":["post-6155","post","type-post","status-publish","format-standard","has-post-thumbnail","hentry","category-ello"],"yoast_head":"<!-- This site is optimized with the Yoast SEO plugin v28.3 - https:\/\/yoast.com\/product\/yoast-seo-wordpress\/ -->\n<title>Diga L\u00e1 Poeta recebe Luis Barbinha no Epis\u00f3dio #94 - Ello TV<\/title>\n<meta name=\"description\" content=\"Diga L\u00e1, Poeta recebe o cantor Luis Barbinha nesta sexta (22), \u00e0s 19h, em um bate-papo sobre m\u00fasica e cultura nordestina na ELLO TV.\" \/>\n<meta name=\"robots\" content=\"index, follow, max-snippet:-1, max-image-preview:large, max-video-preview:-1\" \/>\n<link rel=\"canonical\" href=\"https:\/\/ellotv.com.br\/site\/2026\/05\/18\/diga-la-poeta-recebe-luis-barbinha-no-episodio-94\/\" \/>\n<meta property=\"og:locale\" content=\"pt_BR\" \/>\n<meta property=\"og:type\" content=\"article\" \/>\n<meta property=\"og:title\" content=\"Diga L\u00e1 Poeta recebe Luis Barbinha no Epis\u00f3dio #94 - Ello TV\" \/>\n<meta property=\"og:description\" content=\"Diga L\u00e1, Poeta recebe o cantor Luis Barbinha nesta sexta (22), \u00e0s 19h, em um bate-papo sobre m\u00fasica e cultura nordestina na ELLO TV.\" \/>\n<meta property=\"og:url\" content=\"https:\/\/ellotv.com.br\/site\/2026\/05\/18\/diga-la-poeta-recebe-luis-barbinha-no-episodio-94\/\" \/>\n<meta property=\"og:site_name\" content=\"Ello TV\" \/>\n<meta property=\"article:published_time\" content=\"2026-05-18T13:44:33+00:00\" \/>\n<meta property=\"article:modified_time\" content=\"2026-05-18T13:49:29+00:00\" \/>\n<meta property=\"og:image\" content=\"https:\/\/ellotv.com.br\/site\/wp-content\/uploads\/2026\/05\/WhatsApp-Image-2026-05-18-at-10.09.08.jpeg\" \/>\n\t<meta property=\"og:image:width\" content=\"1080\" \/>\n\t<meta property=\"og:image:height\" content=\"1350\" \/>\n\t<meta property=\"og:image:type\" content=\"image\/jpeg\" \/>\n<meta name=\"author\" content=\"ELLO TV\" \/>\n<meta name=\"twitter:card\" content=\"summary_large_image\" \/>\n<meta name=\"twitter:label1\" content=\"Escrito por\" \/>\n\t<meta name=\"twitter:data1\" content=\"ELLO TV\" \/>\n\t<meta name=\"twitter:label2\" content=\"Est. tempo de leitura\" \/>\n\t<meta name=\"twitter:data2\" content=\"1 minuto\" \/>\n<script type=\"application\/ld+json\" class=\"yoast-schema-graph\">{\"@context\":\"https:\\\/\\\/schema.org\",\"@graph\":[{\"@type\":\"Article\",\"@id\":\"https:\\\/\\\/ellotv.com.br\\\/site\\\/2026\\\/05\\\/18\\\/diga-la-poeta-recebe-luis-barbinha-no-episodio-94\\\/#article\",\"isPartOf\":{\"@id\":\"https:\\\/\\\/ellotv.com.br\\\/site\\\/2026\\\/05\\\/18\\\/diga-la-poeta-recebe-luis-barbinha-no-episodio-94\\\/\"},\"author\":{\"name\":\"ELLO TV\",\"@id\":\"https:\\\/\\\/ellotv.com.br\\\/site\\\/#\\\/schema\\\/person\\\/2dbe3abaee38dcc7332fc8205cd2b15d\"},\"headline\":\"Diga L\u00e1 Poeta recebe Luis Barbinha no Epis\u00f3dio #94\",\"datePublished\":\"2026-05-18T13:44:33+00:00\",\"dateModified\":\"2026-05-18T13:49:29+00:00\",\"mainEntityOfPage\":{\"@id\":\"https:\\\/\\\/ellotv.com.br\\\/site\\\/2026\\\/05\\\/18\\\/diga-la-poeta-recebe-luis-barbinha-no-episodio-94\\\/\"},\"wordCount\":121,\"commentCount\":0,\"publisher\":{\"@id\":\"https:\\\/\\\/ellotv.com.br\\\/site\\\/#organization\"},\"image\":{\"@id\":\"https:\\\/\\\/ellotv.com.br\\\/site\\\/2026\\\/05\\\/18\\\/diga-la-poeta-recebe-luis-barbinha-no-episodio-94\\\/#primaryimage\"},\"thumbnailUrl\":\"https:\\\/\\\/ellotv.com.br\\\/site\\\/wp-content\\\/uploads\\\/2026\\\/05\\\/WhatsApp-Image-2026-05-18-at-10.09.08.jpeg\",\"articleSection\":[\"Ello\"],\"inLanguage\":\"pt-BR\",\"potentialAction\":[{\"@type\":\"CommentAction\",\"name\":\"Comment\",\"target\":[\"https:\\\/\\\/ellotv.com.br\\\/site\\\/2026\\\/05\\\/18\\\/diga-la-poeta-recebe-luis-barbinha-no-episodio-94\\\/#respond\"]}]},{\"@type\":\"WebPage\",\"@id\":\"https:\\\/\\\/ellotv.com.br\\\/site\\\/2026\\\/05\\\/18\\\/diga-la-poeta-recebe-luis-barbinha-no-episodio-94\\\/\",\"url\":\"https:\\\/\\\/ellotv.com.br\\\/site\\\/2026\\\/05\\\/18\\\/diga-la-poeta-recebe-luis-barbinha-no-episodio-94\\\/\",\"name\":\"Diga L\u00e1 Poeta recebe Luis Barbinha no Epis\u00f3dio #94 - Ello TV\",\"isPartOf\":{\"@id\":\"https:\\\/\\\/ellotv.com.br\\\/site\\\/#website\"},\"primaryImageOfPage\":{\"@id\":\"https:\\\/\\\/ellotv.com.br\\\/site\\\/2026\\\/05\\\/18\\\/diga-la-poeta-recebe-luis-barbinha-no-episodio-94\\\/#primaryimage\"},\"image\":{\"@id\":\"https:\\\/\\\/ellotv.com.br\\\/site\\\/2026\\\/05\\\/18\\\/diga-la-poeta-recebe-luis-barbinha-no-episodio-94\\\/#primaryimage\"},\"thumbnailUrl\":\"https:\\\/\\\/ellotv.com.br\\\/site\\\/wp-content\\\/uploads\\\/2026\\\/05\\\/WhatsApp-Image-2026-05-18-at-10.09.08.jpeg\",\"datePublished\":\"2026-05-18T13:44:33+00:00\",\"dateModified\":\"2026-05-18T13:49:29+00:00\",\"description\":\"Diga L\u00e1, Poeta recebe o cantor Luis Barbinha nesta sexta (22), \u00e0s 19h, em um bate-papo sobre m\u00fasica e cultura nordestina na ELLO TV.\",\"breadcrumb\":{\"@id\":\"https:\\\/\\\/ellotv.com.br\\\/site\\\/2026\\\/05\\\/18\\\/diga-la-poeta-recebe-luis-barbinha-no-episodio-94\\\/#breadcrumb\"},\"inLanguage\":\"pt-BR\",\"potentialAction\":[{\"@type\":\"ReadAction\",\"target\":[\"https:\\\/\\\/ellotv.com.br\\\/site\\\/2026\\\/05\\\/18\\\/diga-la-poeta-recebe-luis-barbinha-no-episodio-94\\\/\"]}]},{\"@type\":\"ImageObject\",\"inLanguage\":\"pt-BR\",\"@id\":\"https:\\\/\\\/ellotv.com.br\\\/site\\\/2026\\\/05\\\/18\\\/diga-la-poeta-recebe-luis-barbinha-no-episodio-94\\\/#primaryimage\",\"url\":\"https:\\\/\\\/ellotv.com.br\\\/site\\\/wp-content\\\/uploads\\\/2026\\\/05\\\/WhatsApp-Image-2026-05-18-at-10.09.08.jpeg\",\"contentUrl\":\"https:\\\/\\\/ellotv.com.br\\\/site\\\/wp-content\\\/uploads\\\/2026\\\/05\\\/WhatsApp-Image-2026-05-18-at-10.09.08.jpeg\",\"width\":1080,\"height\":1350},{\"@type\":\"BreadcrumbList\",\"@id\":\"https:\\\/\\\/ellotv.com.br\\\/site\\\/2026\\\/05\\\/18\\\/diga-la-poeta-recebe-luis-barbinha-no-episodio-94\\\/#breadcrumb\",\"itemListElement\":[{\"@type\":\"ListItem\",\"position\":1,\"name\":\"In\u00edcio\",\"item\":\"https:\\\/\\\/ellotv.com.br\\\/site\\\/\"},{\"@type\":\"ListItem\",\"position\":2,\"name\":\"Diga L\u00e1 Poeta recebe Luis Barbinha no Epis\u00f3dio #94\"}]},{\"@type\":\"WebSite\",\"@id\":\"https:\\\/\\\/ellotv.com.br\\\/site\\\/#website\",\"url\":\"https:\\\/\\\/ellotv.com.br\\\/site\\\/\",\"name\":\"ELLO TV\",\"description\":\"\",\"publisher\":{\"@id\":\"https:\\\/\\\/ellotv.com.br\\\/site\\\/#organization\"},\"potentialAction\":[{\"@type\":\"SearchAction\",\"target\":{\"@type\":\"EntryPoint\",\"urlTemplate\":\"https:\\\/\\\/ellotv.com.br\\\/site\\\/?s={search_term_string}\"},\"query-input\":{\"@type\":\"PropertyValueSpecification\",\"valueRequired\":true,\"valueName\":\"search_term_string\"}}],\"inLanguage\":\"pt-BR\"},{\"@type\":\"Organization\",\"@id\":\"https:\\\/\\\/ellotv.com.br\\\/site\\\/#organization\",\"name\":\"ELLO TV\",\"url\":\"https:\\\/\\\/ellotv.com.br\\\/site\\\/\",\"logo\":{\"@type\":\"ImageObject\",\"inLanguage\":\"pt-BR\",\"@id\":\"https:\\\/\\\/ellotv.com.br\\\/site\\\/#\\\/schema\\\/logo\\\/image\\\/\",\"url\":\"https:\\\/\\\/ellotv.com.br\\\/site\\\/wp-content\\\/uploads\\\/2025\\\/11\\\/ello-logo-2.fw_.png\",\"contentUrl\":\"https:\\\/\\\/ellotv.com.br\\\/site\\\/wp-content\\\/uploads\\\/2025\\\/11\\\/ello-logo-2.fw_.png\",\"width\":400,\"height\":146,\"caption\":\"ELLO TV\"},\"image\":{\"@id\":\"https:\\\/\\\/ellotv.com.br\\\/site\\\/#\\\/schema\\\/logo\\\/image\\\/\"}},{\"@type\":\"Person\",\"@id\":\"https:\\\/\\\/ellotv.com.br\\\/site\\\/#\\\/schema\\\/person\\\/2dbe3abaee38dcc7332fc8205cd2b15d\",\"name\":\"ELLO TV\",\"image\":{\"@type\":\"ImageObject\",\"inLanguage\":\"pt-BR\",\"@id\":\"https:\\\/\\\/secure.gravatar.com\\\/avatar\\\/c38242b9da8ec217ac3f0aaee31a54f7d7befb11b2b47fdbc8fb0fad60afa1c6?s=96&d=mm&r=g\",\"url\":\"https:\\\/\\\/secure.gravatar.com\\\/avatar\\\/c38242b9da8ec217ac3f0aaee31a54f7d7befb11b2b47fdbc8fb0fad60afa1c6?s=96&d=mm&r=g\",\"contentUrl\":\"https:\\\/\\\/secure.gravatar.com\\\/avatar\\\/c38242b9da8ec217ac3f0aaee31a54f7d7befb11b2b47fdbc8fb0fad60afa1c6?s=96&d=mm&r=g\",\"caption\":\"ELLO TV\"},\"url\":\"https:\\\/\\\/ellotv.com.br\\\/site\\\/author\\\/elloagencia\\\/\"}]}<\/script>\n<!-- \/ Yoast SEO plugin. -->","yoast_head_json":{"title":"Diga L\u00e1 Poeta recebe Luis Barbinha no Epis\u00f3dio #94 - Ello TV","description":"Diga L\u00e1, Poeta recebe o cantor Luis Barbinha nesta sexta (22), \u00e0s 19h, em um bate-papo sobre m\u00fasica e cultura nordestina na ELLO TV.","robots":{"index":"index","follow":"follow","max-snippet":"max-snippet:-1","max-image-preview":"max-image-preview:large","max-video-preview":"max-video-preview:-1"},"canonical":"https:\/\/ellotv.com.br\/site\/2026\/05\/18\/diga-la-poeta-recebe-luis-barbinha-no-episodio-94\/","og_locale":"pt_BR","og_type":"article","og_title":"Diga L\u00e1 Poeta recebe Luis Barbinha no Epis\u00f3dio #94 - Ello TV","og_description":"Diga L\u00e1, Poeta recebe o cantor Luis Barbinha nesta sexta (22), \u00e0s 19h, em um bate-papo sobre m\u00fasica e cultura nordestina na ELLO TV.","og_url":"https:\/\/ellotv.com.br\/site\/2026\/05\/18\/diga-la-poeta-recebe-luis-barbinha-no-episodio-94\/","og_site_name":"Ello TV","article_published_time":"2026-05-18T13:44:33+00:00","article_modified_time":"2026-05-18T13:49:29+00:00","og_image":[{"width":1080,"height":1350,"url":"https:\/\/ellotv.com.br\/site\/wp-content\/uploads\/2026\/05\/WhatsApp-Image-2026-05-18-at-10.09.08.jpeg","type":"image\/jpeg"}],"author":"ELLO TV","twitter_card":"summary_large_image","twitter_misc":{"Escrito por":"ELLO TV","Est. tempo de leitura":"1 minuto"},"schema":{"@context":"https:\/\/schema.org","@graph":[{"@type":"Article","@id":"https:\/\/ellotv.com.br\/site\/2026\/05\/18\/diga-la-poeta-recebe-luis-barbinha-no-episodio-94\/#article","isPartOf":{"@id":"https:\/\/ellotv.com.br\/site\/2026\/05\/18\/diga-la-poeta-recebe-luis-barbinha-no-episodio-94\/"},"author":{"name":"ELLO TV","@id":"https:\/\/ellotv.com.br\/site\/#\/schema\/person\/2dbe3abaee38dcc7332fc8205cd2b15d"},"headline":"Diga L\u00e1 Poeta recebe Luis Barbinha no Epis\u00f3dio #94","datePublished":"2026-05-18T13:44:33+00:00","dateModified":"2026-05-18T13:49:29+00:00","mainEntityOfPage":{"@id":"https:\/\/ellotv.com.br\/site\/2026\/05\/18\/diga-la-poeta-recebe-luis-barbinha-no-episodio-94\/"},"wordCount":121,"commentCount":0,"publisher":{"@id":"https:\/\/ellotv.com.br\/site\/#organization"},"image":{"@id":"https:\/\/ellotv.com.br\/site\/2026\/05\/18\/diga-la-poeta-recebe-luis-barbinha-no-episodio-94\/#primaryimage"},"thumbnailUrl":"https:\/\/ellotv.com.br\/site\/wp-content\/uploads\/2026\/05\/WhatsApp-Image-2026-05-18-at-10.09.08.jpeg","articleSection":["Ello"],"inLanguage":"pt-BR","potentialAction":[{"@type":"CommentAction","name":"Comment","target":["https:\/\/ellotv.com.br\/site\/2026\/05\/18\/diga-la-poeta-recebe-luis-barbinha-no-episodio-94\/#respond"]}]},{"@type":"WebPage","@id":"https:\/\/ellotv.com.br\/site\/2026\/05\/18\/diga-la-poeta-recebe-luis-barbinha-no-episodio-94\/","url":"https:\/\/ellotv.com.br\/site\/2026\/05\/18\/diga-la-poeta-recebe-luis-barbinha-no-episodio-94\/","name":"Diga L\u00e1 Poeta recebe Luis Barbinha no Epis\u00f3dio #94 - Ello TV","isPartOf":{"@id":"https:\/\/ellotv.com.br\/site\/#website"},"primaryImageOfPage":{"@id":"https:\/\/ellotv.com.br\/site\/2026\/05\/18\/diga-la-poeta-recebe-luis-barbinha-no-episodio-94\/#primaryimage"},"image":{"@id":"https:\/\/ellotv.com.br\/site\/2026\/05\/18\/diga-la-poeta-recebe-luis-barbinha-no-episodio-94\/#primaryimage"},"thumbnailUrl":"https:\/\/ellotv.com.br\/site\/wp-content\/uploads\/2026\/05\/WhatsApp-Image-2026-05-18-at-10.09.08.jpeg","datePublished":"2026-05-18T13:44:33+00:00","dateModified":"2026-05-18T13:49:29+00:00","description":"Diga L\u00e1, Poeta recebe o cantor Luis Barbinha nesta sexta (22), \u00e0s 19h, em um bate-papo sobre m\u00fasica e cultura nordestina na ELLO TV.","breadcrumb":{"@id":"https:\/\/ellotv.com.br\/site\/2026\/05\/18\/diga-la-poeta-recebe-luis-barbinha-no-episodio-94\/#breadcrumb"},"inLanguage":"pt-BR","potentialAction":[{"@type":"ReadAction","target":["https:\/\/ellotv.com.br\/site\/2026\/05\/18\/diga-la-poeta-recebe-luis-barbinha-no-episodio-94\/"]}]},{"@type":"ImageObject","inLanguage":"pt-BR","@id":"https:\/\/ellotv.com.br\/site\/2026\/05\/18\/diga-la-poeta-recebe-luis-barbinha-no-episodio-94\/#primaryimage","url":"https:\/\/ellotv.com.br\/site\/wp-content\/uploads\/2026\/05\/WhatsApp-Image-2026-05-18-at-10.09.08.jpeg","contentUrl":"https:\/\/ellotv.com.br\/site\/wp-content\/uploads\/2026\/05\/WhatsApp-Image-2026-05-18-at-10.09.08.jpeg","width":1080,"height":1350},{"@type":"BreadcrumbList","@id":"https:\/\/ellotv.com.br\/site\/2026\/05\/18\/diga-la-poeta-recebe-luis-barbinha-no-episodio-94\/#breadcrumb","itemListElement":[{"@type":"ListItem","position":1,"name":"In\u00edcio","item":"https:\/\/ellotv.com.br\/site\/"},{"@type":"ListItem","position":2,"name":"Diga L\u00e1 Poeta recebe Luis Barbinha no Epis\u00f3dio #94"}]},{"@type":"WebSite","@id":"https:\/\/ellotv.com.br\/site\/#website","url":"https:\/\/ellotv.com.br\/site\/","name":"ELLO TV","description":"","publisher":{"@id":"https:\/\/ellotv.com.br\/site\/#organization"},"potentialAction":[{"@type":"SearchAction","target":{"@type":"EntryPoint","urlTemplate":"https:\/\/ellotv.com.br\/site\/?s={search_term_string}"},"query-input":{"@type":"PropertyValueSpecification","valueRequired":true,"valueName":"search_term_string"}}],"inLanguage":"pt-BR"},{"@type":"Organization","@id":"https:\/\/ellotv.com.br\/site\/#organization","name":"ELLO TV","url":"https:\/\/ellotv.com.br\/site\/","logo":{"@type":"ImageObject","inLanguage":"pt-BR","@id":"https:\/\/ellotv.com.br\/site\/#\/schema\/logo\/image\/","url":"https:\/\/ellotv.com.br\/site\/wp-content\/uploads\/2025\/11\/ello-logo-2.fw_.png","contentUrl":"https:\/\/ellotv.com.br\/site\/wp-content\/uploads\/2025\/11\/ello-logo-2.fw_.png","width":400,"height":146,"caption":"ELLO TV"},"image":{"@id":"https:\/\/ellotv.com.br\/site\/#\/schema\/logo\/image\/"}},{"@type":"Person","@id":"https:\/\/ellotv.com.br\/site\/#\/schema\/person\/2dbe3abaee38dcc7332fc8205cd2b15d","name":"ELLO TV","image":{"@type":"ImageObject","inLanguage":"pt-BR","@id":"https:\/\/secure.gravatar.com\/avatar\/c38242b9da8ec217ac3f0aaee31a54f7d7befb11b2b47fdbc8fb0fad60afa1c6?s=96&d=mm&r=g","url":"https:\/\/secure.gravatar.com\/avatar\/c38242b9da8ec217ac3f0aaee31a54f7d7befb11b2b47fdbc8fb0fad60afa1c6?s=96&d=mm&r=g","contentUrl":"https:\/\/secure.gravatar.com\/avatar\/c38242b9da8ec217ac3f0aaee31a54f7d7befb11b2b47fdbc8fb0fad60afa1c6?s=96&d=mm&r=g","caption":"ELLO TV"},"url":"https:\/\/ellotv.com.br\/site\/author\/elloagencia\/"}]}},"featured_image_urls":{"full":["https:\/\/ellotv.com.br\/site\/wp-content\/uploads\/2026\/05\/WhatsApp-Image-2026-05-18-at-10.09.08.jpeg",1080,1350,false],"thumbnail":["https:\/\/ellotv.com.br\/site\/wp-content\/uploads\/2026\/05\/WhatsApp-Image-2026-05-18-at-10.09.08-150x150.jpeg",150,150,true],"medium":["https:\/\/ellotv.com.br\/site\/wp-content\/uploads\/2026\/05\/WhatsApp-Image-2026-05-18-at-10.09.08-240x300.jpeg",240,300,true],"medium_large":["https:\/\/ellotv.com.br\/site\/wp-content\/uploads\/2026\/05\/WhatsApp-Image-2026-05-18-at-10.09.08-768x960.jpeg",640,800,true],"large":["https:\/\/ellotv.com.br\/site\/wp-content\/uploads\/2026\/05\/WhatsApp-Image-2026-05-18-at-10.09.08-819x1024.jpeg",640,800,true],"1536x1536":["https:\/\/ellotv.com.br\/site\/wp-content\/uploads\/2026\/05\/WhatsApp-Image-2026-05-18-at-10.09.08.jpeg",1080,1350,false],"2048x2048":["https:\/\/ellotv.com.br\/site\/wp-content\/uploads\/2026\/05\/WhatsApp-Image-2026-05-18-at-10.09.08.jpeg",1080,1350,false],"darknews-slider-full":["https:\/\/ellotv.com.br\/site\/wp-content\/uploads\/2026\/05\/WhatsApp-Image-2026-05-18-at-10.09.08-1080x720.jpeg",1080,720,true],"darknews-featured":["https:\/\/ellotv.com.br\/site\/wp-content\/uploads\/2026\/05\/WhatsApp-Image-2026-05-18-at-10.09.08-1024x1280.jpeg",1024,1280,true],"darknews-medium":["https:\/\/ellotv.com.br\/site\/wp-content\/uploads\/2026\/05\/WhatsApp-Image-2026-05-18-at-10.09.08-720x530.jpeg",720,530,true],"darknews-medium-square":["https:\/\/ellotv.com.br\/site\/wp-content\/uploads\/2026\/05\/WhatsApp-Image-2026-05-18-at-10.09.08-350x350.jpeg",350,350,true]},"author_info":{"info":["ELLO TV"]},"category_info":"<a href=\"https:\/\/ellotv.com.br\/site\/category\/ello\/\" rel=\"category tag\">Ello<\/a>","tag_info":"Ello","comment_count":"0","_links":{"self":[{"href":"https:\/\/ellotv.com.br\/site\/wp-json\/wp\/v2\/posts\/6155","targetHints":{"allow":["GET"]}}],"collection":[{"href":"https:\/\/ellotv.com.br\/site\/wp-json\/wp\/v2\/posts"}],"about":[{"href":"https:\/\/ellotv.com.br\/site\/wp-json\/wp\/v2\/types\/post"}],"author":[{"embeddable":true,"href":"https:\/\/ellotv.com.br\/site\/wp-json\/wp\/v2\/users\/2"}],"replies":[{"embeddable":true,"href":"https:\/\/ellotv.com.br\/site\/wp-json\/wp\/v2\/comments?post=6155"}],"version-history":[{"count":4,"href":"https:\/\/ellotv.com.br\/site\/wp-json\/wp\/v2\/posts\/6155\/revisions"}],"predecessor-version":[{"id":6161,"href":"https:\/\/ellotv.com.br\/site\/wp-json\/wp\/v2\/posts\/6155\/revisions\/6161"}],"wp:featuredmedia":[{"embeddable":true,"href":"https:\/\/ellotv.com.br\/site\/wp-json\/wp\/v2\/media\/6156"}],"wp:attachment":[{"href":"https:\/\/ellotv.com.br\/site\/wp-json\/wp\/v2\/media?parent=6155"}],"wp:term":[{"taxonomy":"category","embeddable":true,"href":"https:\/\/ellotv.com.br\/site\/wp-json\/wp\/v2\/categories?post=6155"},{"taxonomy":"post_tag","embeddable":true,"href":"https:\/\/ellotv.com.br\/site\/wp-json\/wp\/v2\/tags?post=6155"}],"curies":[{"name":"wp","href":"https:\/\/api.w.org\/{rel}","templated":true}]}}