{"id":6162,"date":"2026-05-18T11:15:27","date_gmt":"2026-05-18T14:15:27","guid":{"rendered":"https:\/\/ellotv.com.br\/site\/?p=6162"},"modified":"2026-05-18T11:15:27","modified_gmt":"2026-05-18T14:15:27","slug":"causos-causas-recebe-dr-ludimar-miranda-no-episodio-57","status":"publish","type":"post","link":"https:\/\/ellotv.com.br\/site\/2026\/05\/18\/causos-causas-recebe-dr-ludimar-miranda-no-episodio-57\/","title":{"rendered":"Causos &#038; Causas recebe Dr. Ludimar Miranda no Epis\u00f3dio #57"},"content":{"rendered":"<p data-start=\"99\" data-end=\"214\">O <a href=\"https:\/\/www.instagram.com\/causos.causas?igsh=MXAyYTY4OG8yeGp0eg==\"><span class=\"hover:entity-accent entity-underline inline cursor-pointer align-baseline\"><span class=\"whitespace-normal\">Causos &amp; Causas<\/span><\/span><\/a> traz mais um epis\u00f3dio especial com foco em conhecimento e pr\u00e1tica jur\u00eddica.<\/p>\n<h3 data-section-id=\"e3xkn8\" data-start=\"216\" data-end=\"241\">Direito na pr\u00e1tica<\/h3>\n<p data-start=\"242\" data-end=\"438\">Nesta quinta-feira (21), o apresentador Andr\u00e9 Luis recebe o advogado <a href=\"https:\/\/www.instagram.com\/ludimarmiranda?igsh=YWU3MGV4eWt3aWVp\"><span class=\"hover:entity-accent entity-underline inline cursor-pointer align-baseline\"><span class=\"whitespace-normal\">Dr. Ludimar Miranda<\/span><\/span><\/a> para um bate-papo que une a precis\u00e3o do Processo Civil com uma vis\u00e3o moderna do Direito Empresarial.<\/p>\n<h3 data-section-id=\"1pt5z9w\" data-start=\"440\" data-end=\"472\">Experi\u00eancia e estrat\u00e9gia<\/h3>\n<p data-start=\"473\" data-end=\"729\">Durante o epis\u00f3dio, ser\u00e3o abordadas experi\u00eancias na coordena\u00e7\u00e3o de n\u00facleos de pr\u00e1tica jur\u00eddica e na atua\u00e7\u00e3o em comiss\u00f5es da <span class=\"hover:entity-accent entity-underline inline cursor-pointer align-baseline\"><span class=\"whitespace-normal\">OAB\/PE<\/span><\/span>, mostrando como essa trajet\u00f3ria contribui para uma advocacia t\u00e9cnica e orientada a resultados.<\/p>\n<h3 data-section-id=\"q2k5dh\" data-start=\"731\" data-end=\"779\">Conte\u00fado para profissionais e empres\u00e1rios<\/h3>\n<p data-start=\"780\" data-end=\"925\">A conversa tamb\u00e9m traz insights importantes para quem deseja proteger sua empresa e compreender melhor os ritos processuais no ambiente jur\u00eddico.<\/p>\n<h3 data-section-id=\"17i1nmu\" data-start=\"927\" data-end=\"943\">N\u00e3o perca<\/h3>\n<p data-start=\"944\" data-end=\"1053\">\ud83d\uddd3\ufe0f Quinta-feira, 21 de maio<br data-start=\"972\" data-end=\"975\" \/>\u23f0 Ao meio-dia (12h)<br data-start=\"994\" data-end=\"997\" \/>\ud83d\udccd No YouTube da <a href=\"https:\/\/www.youtube.com\/@ELLOTVOF\"><span class=\"hover:entity-accent entity-underline inline cursor-pointer align-baseline\"><span class=\"whitespace-normal\">ELLO TV<\/span><\/span><\/a><\/p>\n","protected":false},"excerpt":{"rendered":"<p>O Causos &amp; Causas traz mais um epis\u00f3dio especial com foco em conhecimento e pr\u00e1tica jur\u00eddica. Direito na<\/p>\n","protected":false},"author":2,"featured_media":6163,"comment_status":"open","ping_status":"open","sticky":false,"template":"","format":"standard","meta":{"footnotes":""},"categories":[1],"tags":[],"class_list":["post-6162","post","type-post","status-publish","format-standard","has-post-thumbnail","hentry","category-ello"],"yoast_head":"<!-- This site is optimized with the Yoast SEO plugin v28.3 - https:\/\/yoast.com\/product\/yoast-seo-wordpress\/ -->\n<title>Causos &amp; Causas recebe Dr. Ludimar Miranda no Epis\u00f3dio #57 - Ello TV<\/title>\n<meta name=\"description\" content=\"Causos &amp; Causas recebe Dr. Ludimar Miranda nesta quinta (21), \u00e0s 12h, para falar sobre Direito Empresarial e estrat\u00e9gias jur\u00eddicas na ELLO TV.\" \/>\n<meta name=\"robots\" content=\"index, follow, max-snippet:-1, max-image-preview:large, max-video-preview:-1\" \/>\n<link rel=\"canonical\" href=\"https:\/\/ellotv.com.br\/site\/2026\/05\/18\/causos-causas-recebe-dr-ludimar-miranda-no-episodio-57\/\" \/>\n<meta property=\"og:locale\" content=\"pt_BR\" \/>\n<meta property=\"og:type\" content=\"article\" \/>\n<meta property=\"og:title\" content=\"Causos &amp; Causas recebe Dr. Ludimar Miranda no Epis\u00f3dio #57 - Ello TV\" \/>\n<meta property=\"og:description\" content=\"Causos &amp; Causas recebe Dr. Ludimar Miranda nesta quinta (21), \u00e0s 12h, para falar sobre Direito Empresarial e estrat\u00e9gias jur\u00eddicas na ELLO TV.\" \/>\n<meta property=\"og:url\" content=\"https:\/\/ellotv.com.br\/site\/2026\/05\/18\/causos-causas-recebe-dr-ludimar-miranda-no-episodio-57\/\" \/>\n<meta property=\"og:site_name\" content=\"Ello TV\" \/>\n<meta property=\"article:published_time\" content=\"2026-05-18T14:15:27+00:00\" \/>\n<meta property=\"og:image\" content=\"https:\/\/ellotv.com.br\/site\/wp-content\/uploads\/2026\/05\/WhatsApp-Image-2026-05-18-at-10.57.04.jpeg\" \/>\n\t<meta property=\"og:image:width\" content=\"1080\" \/>\n\t<meta property=\"og:image:height\" content=\"1350\" \/>\n\t<meta property=\"og:image:type\" content=\"image\/jpeg\" \/>\n<meta name=\"author\" content=\"ELLO TV\" \/>\n<meta name=\"twitter:card\" content=\"summary_large_image\" \/>\n<meta name=\"twitter:label1\" content=\"Escrito por\" \/>\n\t<meta name=\"twitter:data1\" content=\"ELLO TV\" \/>\n\t<meta name=\"twitter:label2\" content=\"Est. tempo de leitura\" \/>\n\t<meta name=\"twitter:data2\" content=\"1 minuto\" \/>\n<script type=\"application\/ld+json\" class=\"yoast-schema-graph\">{\"@context\":\"https:\\\/\\\/schema.org\",\"@graph\":[{\"@type\":\"Article\",\"@id\":\"https:\\\/\\\/ellotv.com.br\\\/site\\\/2026\\\/05\\\/18\\\/causos-causas-recebe-dr-ludimar-miranda-no-episodio-57\\\/#article\",\"isPartOf\":{\"@id\":\"https:\\\/\\\/ellotv.com.br\\\/site\\\/2026\\\/05\\\/18\\\/causos-causas-recebe-dr-ludimar-miranda-no-episodio-57\\\/\"},\"author\":{\"name\":\"ELLO TV\",\"@id\":\"https:\\\/\\\/ellotv.com.br\\\/site\\\/#\\\/schema\\\/person\\\/2dbe3abaee38dcc7332fc8205cd2b15d\"},\"headline\":\"Causos &#038; Causas recebe Dr. Ludimar Miranda no Epis\u00f3dio #57\",\"datePublished\":\"2026-05-18T14:15:27+00:00\",\"mainEntityOfPage\":{\"@id\":\"https:\\\/\\\/ellotv.com.br\\\/site\\\/2026\\\/05\\\/18\\\/causos-causas-recebe-dr-ludimar-miranda-no-episodio-57\\\/\"},\"wordCount\":157,\"commentCount\":0,\"publisher\":{\"@id\":\"https:\\\/\\\/ellotv.com.br\\\/site\\\/#organization\"},\"image\":{\"@id\":\"https:\\\/\\\/ellotv.com.br\\\/site\\\/2026\\\/05\\\/18\\\/causos-causas-recebe-dr-ludimar-miranda-no-episodio-57\\\/#primaryimage\"},\"thumbnailUrl\":\"https:\\\/\\\/ellotv.com.br\\\/site\\\/wp-content\\\/uploads\\\/2026\\\/05\\\/WhatsApp-Image-2026-05-18-at-10.57.04.jpeg\",\"articleSection\":[\"Ello\"],\"inLanguage\":\"pt-BR\",\"potentialAction\":[{\"@type\":\"CommentAction\",\"name\":\"Comment\",\"target\":[\"https:\\\/\\\/ellotv.com.br\\\/site\\\/2026\\\/05\\\/18\\\/causos-causas-recebe-dr-ludimar-miranda-no-episodio-57\\\/#respond\"]}]},{\"@type\":\"WebPage\",\"@id\":\"https:\\\/\\\/ellotv.com.br\\\/site\\\/2026\\\/05\\\/18\\\/causos-causas-recebe-dr-ludimar-miranda-no-episodio-57\\\/\",\"url\":\"https:\\\/\\\/ellotv.com.br\\\/site\\\/2026\\\/05\\\/18\\\/causos-causas-recebe-dr-ludimar-miranda-no-episodio-57\\\/\",\"name\":\"Causos & Causas recebe Dr. Ludimar Miranda no Epis\u00f3dio #57 - Ello TV\",\"isPartOf\":{\"@id\":\"https:\\\/\\\/ellotv.com.br\\\/site\\\/#website\"},\"primaryImageOfPage\":{\"@id\":\"https:\\\/\\\/ellotv.com.br\\\/site\\\/2026\\\/05\\\/18\\\/causos-causas-recebe-dr-ludimar-miranda-no-episodio-57\\\/#primaryimage\"},\"image\":{\"@id\":\"https:\\\/\\\/ellotv.com.br\\\/site\\\/2026\\\/05\\\/18\\\/causos-causas-recebe-dr-ludimar-miranda-no-episodio-57\\\/#primaryimage\"},\"thumbnailUrl\":\"https:\\\/\\\/ellotv.com.br\\\/site\\\/wp-content\\\/uploads\\\/2026\\\/05\\\/WhatsApp-Image-2026-05-18-at-10.57.04.jpeg\",\"datePublished\":\"2026-05-18T14:15:27+00:00\",\"description\":\"Causos & Causas recebe Dr. Ludimar Miranda nesta quinta (21), \u00e0s 12h, para falar sobre Direito Empresarial e estrat\u00e9gias jur\u00eddicas na ELLO TV.\",\"breadcrumb\":{\"@id\":\"https:\\\/\\\/ellotv.com.br\\\/site\\\/2026\\\/05\\\/18\\\/causos-causas-recebe-dr-ludimar-miranda-no-episodio-57\\\/#breadcrumb\"},\"inLanguage\":\"pt-BR\",\"potentialAction\":[{\"@type\":\"ReadAction\",\"target\":[\"https:\\\/\\\/ellotv.com.br\\\/site\\\/2026\\\/05\\\/18\\\/causos-causas-recebe-dr-ludimar-miranda-no-episodio-57\\\/\"]}]},{\"@type\":\"ImageObject\",\"inLanguage\":\"pt-BR\",\"@id\":\"https:\\\/\\\/ellotv.com.br\\\/site\\\/2026\\\/05\\\/18\\\/causos-causas-recebe-dr-ludimar-miranda-no-episodio-57\\\/#primaryimage\",\"url\":\"https:\\\/\\\/ellotv.com.br\\\/site\\\/wp-content\\\/uploads\\\/2026\\\/05\\\/WhatsApp-Image-2026-05-18-at-10.57.04.jpeg\",\"contentUrl\":\"https:\\\/\\\/ellotv.com.br\\\/site\\\/wp-content\\\/uploads\\\/2026\\\/05\\\/WhatsApp-Image-2026-05-18-at-10.57.04.jpeg\",\"width\":1080,\"height\":1350},{\"@type\":\"BreadcrumbList\",\"@id\":\"https:\\\/\\\/ellotv.com.br\\\/site\\\/2026\\\/05\\\/18\\\/causos-causas-recebe-dr-ludimar-miranda-no-episodio-57\\\/#breadcrumb\",\"itemListElement\":[{\"@type\":\"ListItem\",\"position\":1,\"name\":\"In\u00edcio\",\"item\":\"https:\\\/\\\/ellotv.com.br\\\/site\\\/\"},{\"@type\":\"ListItem\",\"position\":2,\"name\":\"Causos &#038; Causas recebe Dr. Ludimar Miranda no Epis\u00f3dio #57\"}]},{\"@type\":\"WebSite\",\"@id\":\"https:\\\/\\\/ellotv.com.br\\\/site\\\/#website\",\"url\":\"https:\\\/\\\/ellotv.com.br\\\/site\\\/\",\"name\":\"ELLO TV\",\"description\":\"\",\"publisher\":{\"@id\":\"https:\\\/\\\/ellotv.com.br\\\/site\\\/#organization\"},\"potentialAction\":[{\"@type\":\"SearchAction\",\"target\":{\"@type\":\"EntryPoint\",\"urlTemplate\":\"https:\\\/\\\/ellotv.com.br\\\/site\\\/?s={search_term_string}\"},\"query-input\":{\"@type\":\"PropertyValueSpecification\",\"valueRequired\":true,\"valueName\":\"search_term_string\"}}],\"inLanguage\":\"pt-BR\"},{\"@type\":\"Organization\",\"@id\":\"https:\\\/\\\/ellotv.com.br\\\/site\\\/#organization\",\"name\":\"ELLO TV\",\"url\":\"https:\\\/\\\/ellotv.com.br\\\/site\\\/\",\"logo\":{\"@type\":\"ImageObject\",\"inLanguage\":\"pt-BR\",\"@id\":\"https:\\\/\\\/ellotv.com.br\\\/site\\\/#\\\/schema\\\/logo\\\/image\\\/\",\"url\":\"https:\\\/\\\/ellotv.com.br\\\/site\\\/wp-content\\\/uploads\\\/2025\\\/11\\\/ello-logo-2.fw_.png\",\"contentUrl\":\"https:\\\/\\\/ellotv.com.br\\\/site\\\/wp-content\\\/uploads\\\/2025\\\/11\\\/ello-logo-2.fw_.png\",\"width\":400,\"height\":146,\"caption\":\"ELLO TV\"},\"image\":{\"@id\":\"https:\\\/\\\/ellotv.com.br\\\/site\\\/#\\\/schema\\\/logo\\\/image\\\/\"}},{\"@type\":\"Person\",\"@id\":\"https:\\\/\\\/ellotv.com.br\\\/site\\\/#\\\/schema\\\/person\\\/2dbe3abaee38dcc7332fc8205cd2b15d\",\"name\":\"ELLO TV\",\"image\":{\"@type\":\"ImageObject\",\"inLanguage\":\"pt-BR\",\"@id\":\"https:\\\/\\\/secure.gravatar.com\\\/avatar\\\/c38242b9da8ec217ac3f0aaee31a54f7d7befb11b2b47fdbc8fb0fad60afa1c6?s=96&d=mm&r=g\",\"url\":\"https:\\\/\\\/secure.gravatar.com\\\/avatar\\\/c38242b9da8ec217ac3f0aaee31a54f7d7befb11b2b47fdbc8fb0fad60afa1c6?s=96&d=mm&r=g\",\"contentUrl\":\"https:\\\/\\\/secure.gravatar.com\\\/avatar\\\/c38242b9da8ec217ac3f0aaee31a54f7d7befb11b2b47fdbc8fb0fad60afa1c6?s=96&d=mm&r=g\",\"caption\":\"ELLO TV\"},\"url\":\"https:\\\/\\\/ellotv.com.br\\\/site\\\/author\\\/elloagencia\\\/\"}]}<\/script>\n<!-- \/ Yoast SEO plugin. -->","yoast_head_json":{"title":"Causos & Causas recebe Dr. Ludimar Miranda no Epis\u00f3dio #57 - Ello TV","description":"Causos & Causas recebe Dr. Ludimar Miranda nesta quinta (21), \u00e0s 12h, para falar sobre Direito Empresarial e estrat\u00e9gias jur\u00eddicas na ELLO TV.","robots":{"index":"index","follow":"follow","max-snippet":"max-snippet:-1","max-image-preview":"max-image-preview:large","max-video-preview":"max-video-preview:-1"},"canonical":"https:\/\/ellotv.com.br\/site\/2026\/05\/18\/causos-causas-recebe-dr-ludimar-miranda-no-episodio-57\/","og_locale":"pt_BR","og_type":"article","og_title":"Causos & Causas recebe Dr. Ludimar Miranda no Epis\u00f3dio #57 - Ello TV","og_description":"Causos & Causas recebe Dr. Ludimar Miranda nesta quinta (21), \u00e0s 12h, para falar sobre Direito Empresarial e estrat\u00e9gias jur\u00eddicas na ELLO TV.","og_url":"https:\/\/ellotv.com.br\/site\/2026\/05\/18\/causos-causas-recebe-dr-ludimar-miranda-no-episodio-57\/","og_site_name":"Ello TV","article_published_time":"2026-05-18T14:15:27+00:00","og_image":[{"width":1080,"height":1350,"url":"https:\/\/ellotv.com.br\/site\/wp-content\/uploads\/2026\/05\/WhatsApp-Image-2026-05-18-at-10.57.04.jpeg","type":"image\/jpeg"}],"author":"ELLO TV","twitter_card":"summary_large_image","twitter_misc":{"Escrito por":"ELLO TV","Est. tempo de leitura":"1 minuto"},"schema":{"@context":"https:\/\/schema.org","@graph":[{"@type":"Article","@id":"https:\/\/ellotv.com.br\/site\/2026\/05\/18\/causos-causas-recebe-dr-ludimar-miranda-no-episodio-57\/#article","isPartOf":{"@id":"https:\/\/ellotv.com.br\/site\/2026\/05\/18\/causos-causas-recebe-dr-ludimar-miranda-no-episodio-57\/"},"author":{"name":"ELLO TV","@id":"https:\/\/ellotv.com.br\/site\/#\/schema\/person\/2dbe3abaee38dcc7332fc8205cd2b15d"},"headline":"Causos &#038; Causas recebe Dr. Ludimar Miranda no Epis\u00f3dio #57","datePublished":"2026-05-18T14:15:27+00:00","mainEntityOfPage":{"@id":"https:\/\/ellotv.com.br\/site\/2026\/05\/18\/causos-causas-recebe-dr-ludimar-miranda-no-episodio-57\/"},"wordCount":157,"commentCount":0,"publisher":{"@id":"https:\/\/ellotv.com.br\/site\/#organization"},"image":{"@id":"https:\/\/ellotv.com.br\/site\/2026\/05\/18\/causos-causas-recebe-dr-ludimar-miranda-no-episodio-57\/#primaryimage"},"thumbnailUrl":"https:\/\/ellotv.com.br\/site\/wp-content\/uploads\/2026\/05\/WhatsApp-Image-2026-05-18-at-10.57.04.jpeg","articleSection":["Ello"],"inLanguage":"pt-BR","potentialAction":[{"@type":"CommentAction","name":"Comment","target":["https:\/\/ellotv.com.br\/site\/2026\/05\/18\/causos-causas-recebe-dr-ludimar-miranda-no-episodio-57\/#respond"]}]},{"@type":"WebPage","@id":"https:\/\/ellotv.com.br\/site\/2026\/05\/18\/causos-causas-recebe-dr-ludimar-miranda-no-episodio-57\/","url":"https:\/\/ellotv.com.br\/site\/2026\/05\/18\/causos-causas-recebe-dr-ludimar-miranda-no-episodio-57\/","name":"Causos & Causas recebe Dr. Ludimar Miranda no Epis\u00f3dio #57 - Ello TV","isPartOf":{"@id":"https:\/\/ellotv.com.br\/site\/#website"},"primaryImageOfPage":{"@id":"https:\/\/ellotv.com.br\/site\/2026\/05\/18\/causos-causas-recebe-dr-ludimar-miranda-no-episodio-57\/#primaryimage"},"image":{"@id":"https:\/\/ellotv.com.br\/site\/2026\/05\/18\/causos-causas-recebe-dr-ludimar-miranda-no-episodio-57\/#primaryimage"},"thumbnailUrl":"https:\/\/ellotv.com.br\/site\/wp-content\/uploads\/2026\/05\/WhatsApp-Image-2026-05-18-at-10.57.04.jpeg","datePublished":"2026-05-18T14:15:27+00:00","description":"Causos & Causas recebe Dr. Ludimar Miranda nesta quinta (21), \u00e0s 12h, para falar sobre Direito Empresarial e estrat\u00e9gias jur\u00eddicas na ELLO TV.","breadcrumb":{"@id":"https:\/\/ellotv.com.br\/site\/2026\/05\/18\/causos-causas-recebe-dr-ludimar-miranda-no-episodio-57\/#breadcrumb"},"inLanguage":"pt-BR","potentialAction":[{"@type":"ReadAction","target":["https:\/\/ellotv.com.br\/site\/2026\/05\/18\/causos-causas-recebe-dr-ludimar-miranda-no-episodio-57\/"]}]},{"@type":"ImageObject","inLanguage":"pt-BR","@id":"https:\/\/ellotv.com.br\/site\/2026\/05\/18\/causos-causas-recebe-dr-ludimar-miranda-no-episodio-57\/#primaryimage","url":"https:\/\/ellotv.com.br\/site\/wp-content\/uploads\/2026\/05\/WhatsApp-Image-2026-05-18-at-10.57.04.jpeg","contentUrl":"https:\/\/ellotv.com.br\/site\/wp-content\/uploads\/2026\/05\/WhatsApp-Image-2026-05-18-at-10.57.04.jpeg","width":1080,"height":1350},{"@type":"BreadcrumbList","@id":"https:\/\/ellotv.com.br\/site\/2026\/05\/18\/causos-causas-recebe-dr-ludimar-miranda-no-episodio-57\/#breadcrumb","itemListElement":[{"@type":"ListItem","position":1,"name":"In\u00edcio","item":"https:\/\/ellotv.com.br\/site\/"},{"@type":"ListItem","position":2,"name":"Causos &#038; Causas recebe Dr. Ludimar Miranda no Epis\u00f3dio #57"}]},{"@type":"WebSite","@id":"https:\/\/ellotv.com.br\/site\/#website","url":"https:\/\/ellotv.com.br\/site\/","name":"ELLO TV","description":"","publisher":{"@id":"https:\/\/ellotv.com.br\/site\/#organization"},"potentialAction":[{"@type":"SearchAction","target":{"@type":"EntryPoint","urlTemplate":"https:\/\/ellotv.com.br\/site\/?s={search_term_string}"},"query-input":{"@type":"PropertyValueSpecification","valueRequired":true,"valueName":"search_term_string"}}],"inLanguage":"pt-BR"},{"@type":"Organization","@id":"https:\/\/ellotv.com.br\/site\/#organization","name":"ELLO TV","url":"https:\/\/ellotv.com.br\/site\/","logo":{"@type":"ImageObject","inLanguage":"pt-BR","@id":"https:\/\/ellotv.com.br\/site\/#\/schema\/logo\/image\/","url":"https:\/\/ellotv.com.br\/site\/wp-content\/uploads\/2025\/11\/ello-logo-2.fw_.png","contentUrl":"https:\/\/ellotv.com.br\/site\/wp-content\/uploads\/2025\/11\/ello-logo-2.fw_.png","width":400,"height":146,"caption":"ELLO TV"},"image":{"@id":"https:\/\/ellotv.com.br\/site\/#\/schema\/logo\/image\/"}},{"@type":"Person","@id":"https:\/\/ellotv.com.br\/site\/#\/schema\/person\/2dbe3abaee38dcc7332fc8205cd2b15d","name":"ELLO TV","image":{"@type":"ImageObject","inLanguage":"pt-BR","@id":"https:\/\/secure.gravatar.com\/avatar\/c38242b9da8ec217ac3f0aaee31a54f7d7befb11b2b47fdbc8fb0fad60afa1c6?s=96&d=mm&r=g","url":"https:\/\/secure.gravatar.com\/avatar\/c38242b9da8ec217ac3f0aaee31a54f7d7befb11b2b47fdbc8fb0fad60afa1c6?s=96&d=mm&r=g","contentUrl":"https:\/\/secure.gravatar.com\/avatar\/c38242b9da8ec217ac3f0aaee31a54f7d7befb11b2b47fdbc8fb0fad60afa1c6?s=96&d=mm&r=g","caption":"ELLO TV"},"url":"https:\/\/ellotv.com.br\/site\/author\/elloagencia\/"}]}},"featured_image_urls":{"full":["https:\/\/ellotv.com.br\/site\/wp-content\/uploads\/2026\/05\/WhatsApp-Image-2026-05-18-at-10.57.04.jpeg",1080,1350,false],"thumbnail":["https:\/\/ellotv.com.br\/site\/wp-content\/uploads\/2026\/05\/WhatsApp-Image-2026-05-18-at-10.57.04-150x150.jpeg",150,150,true],"medium":["https:\/\/ellotv.com.br\/site\/wp-content\/uploads\/2026\/05\/WhatsApp-Image-2026-05-18-at-10.57.04-240x300.jpeg",240,300,true],"medium_large":["https:\/\/ellotv.com.br\/site\/wp-content\/uploads\/2026\/05\/WhatsApp-Image-2026-05-18-at-10.57.04-768x960.jpeg",640,800,true],"large":["https:\/\/ellotv.com.br\/site\/wp-content\/uploads\/2026\/05\/WhatsApp-Image-2026-05-18-at-10.57.04-819x1024.jpeg",640,800,true],"1536x1536":["https:\/\/ellotv.com.br\/site\/wp-content\/uploads\/2026\/05\/WhatsApp-Image-2026-05-18-at-10.57.04.jpeg",1080,1350,false],"2048x2048":["https:\/\/ellotv.com.br\/site\/wp-content\/uploads\/2026\/05\/WhatsApp-Image-2026-05-18-at-10.57.04.jpeg",1080,1350,false],"darknews-slider-full":["https:\/\/ellotv.com.br\/site\/wp-content\/uploads\/2026\/05\/WhatsApp-Image-2026-05-18-at-10.57.04-1080x720.jpeg",1080,720,true],"darknews-featured":["https:\/\/ellotv.com.br\/site\/wp-content\/uploads\/2026\/05\/WhatsApp-Image-2026-05-18-at-10.57.04-1024x1280.jpeg",1024,1280,true],"darknews-medium":["https:\/\/ellotv.com.br\/site\/wp-content\/uploads\/2026\/05\/WhatsApp-Image-2026-05-18-at-10.57.04-720x530.jpeg",720,530,true],"darknews-medium-square":["https:\/\/ellotv.com.br\/site\/wp-content\/uploads\/2026\/05\/WhatsApp-Image-2026-05-18-at-10.57.04-350x350.jpeg",350,350,true]},"author_info":{"info":["ELLO TV"]},"category_info":"<a href=\"https:\/\/ellotv.com.br\/site\/category\/ello\/\" rel=\"category tag\">Ello<\/a>","tag_info":"Ello","comment_count":"0","_links":{"self":[{"href":"https:\/\/ellotv.com.br\/site\/wp-json\/wp\/v2\/posts\/6162","targetHints":{"allow":["GET"]}}],"collection":[{"href":"https:\/\/ellotv.com.br\/site\/wp-json\/wp\/v2\/posts"}],"about":[{"href":"https:\/\/ellotv.com.br\/site\/wp-json\/wp\/v2\/types\/post"}],"author":[{"embeddable":true,"href":"https:\/\/ellotv.com.br\/site\/wp-json\/wp\/v2\/users\/2"}],"replies":[{"embeddable":true,"href":"https:\/\/ellotv.com.br\/site\/wp-json\/wp\/v2\/comments?post=6162"}],"version-history":[{"count":1,"href":"https:\/\/ellotv.com.br\/site\/wp-json\/wp\/v2\/posts\/6162\/revisions"}],"predecessor-version":[{"id":6164,"href":"https:\/\/ellotv.com.br\/site\/wp-json\/wp\/v2\/posts\/6162\/revisions\/6164"}],"wp:featuredmedia":[{"embeddable":true,"href":"https:\/\/ellotv.com.br\/site\/wp-json\/wp\/v2\/media\/6163"}],"wp:attachment":[{"href":"https:\/\/ellotv.com.br\/site\/wp-json\/wp\/v2\/media?parent=6162"}],"wp:term":[{"taxonomy":"category","embeddable":true,"href":"https:\/\/ellotv.com.br\/site\/wp-json\/wp\/v2\/categories?post=6162"},{"taxonomy":"post_tag","embeddable":true,"href":"https:\/\/ellotv.com.br\/site\/wp-json\/wp\/v2\/tags?post=6162"}],"curies":[{"name":"wp","href":"https:\/\/api.w.org\/{rel}","templated":true}]}}