{"id":6169,"date":"2026-05-18T15:24:55","date_gmt":"2026-05-18T18:24:55","guid":{"rendered":"https:\/\/ellotv.com.br\/site\/?p=6169"},"modified":"2026-05-18T15:24:55","modified_gmt":"2026-05-18T18:24:55","slug":"ancelotti-divulga-primeira-convocacao-da-selecao-brasileira-nesta-segunda","status":"publish","type":"post","link":"https:\/\/ellotv.com.br\/site\/2026\/05\/18\/ancelotti-divulga-primeira-convocacao-da-selecao-brasileira-nesta-segunda\/","title":{"rendered":"Ancelotti divulga primeira convoca\u00e7\u00e3o da Sele\u00e7\u00e3o Brasileira nesta segunda"},"content":{"rendered":"<div class=\"qMYqUG_convSearchResultHighlightRoot\">\n<div class=\"\" data-turn-id-container=\"request-699c42b0-2b8c-832c-8e47-8d936fae1647-0\" data-is-intersecting=\"true\">\n<div class=\"relative w-full overflow-visible\">\n<section class=\"text-token-text-primary w-full focus:outline-none has-data-writing-block:pointer-events-none [&amp;:has([data-writing-block])&gt;*]:pointer-events-auto R6Vx5W_threadScrollVars scroll-mb-[calc(var(--scroll-root-safe-area-inset-bottom,0px)+var(--thread-response-height))] scroll-mt-[calc(var(--header-height)+min(200px,max(70px,20svh)))]\" dir=\"auto\" data-turn-id=\"request-699c42b0-2b8c-832c-8e47-8d936fae1647-0\" data-turn-id-container=\"request-699c42b0-2b8c-832c-8e47-8d936fae1647-0\" data-testid=\"conversation-turn-550\" data-scroll-anchor=\"false\" data-turn=\"assistant\">\n<div class=\"text-base my-auto mx-auto pb-10 [--thread-content-margin:var(--thread-content-margin-xs,calc(var(--spacing)*4))] @w-sm\/main:[--thread-content-margin:var(--thread-content-margin-sm,calc(var(--spacing)*6))] @w-lg\/main:[--thread-content-margin:var(--thread-content-margin-lg,calc(var(--spacing)*16))] px-(--thread-content-margin)\">\n<div class=\"[--thread-content-max-width:40rem] @w-lg\/main:[--thread-content-max-width:48rem] mx-auto max-w-(--thread-content-max-width) flex-1 group\/turn-messages focus-visible:outline-hidden relative flex w-full min-w-0 flex-col agent-turn\">\n<div class=\"flex max-w-full flex-col gap-4 grow\">\n<div class=\"min-h-8 text-message relative flex w-full flex-col items-end gap-2 text-start break-words whitespace-normal outline-none keyboard-focused:focus-ring [.text-message+&amp;]:mt-1\" dir=\"auto\" tabindex=\"0\" data-message-author-role=\"assistant\" data-message-id=\"015b39a2-6539-440c-9d6a-5fa02296884d\" data-message-model-slug=\"gpt-5-5\" data-turn-start-message=\"true\">\n<div class=\"flex w-full flex-col gap-1 empty:hidden\">\n<div class=\"markdown prose dark:prose-invert wrap-break-word w-full dark markdown-new-styling\">\n<p data-start=\"79\" data-end=\"241\">A <span class=\"hover:entity-accent entity-underline inline cursor-pointer align-baseline\"><span class=\"whitespace-normal\">Sele\u00e7\u00e3o Brasileira<\/span><\/span> ter\u00e1 sua primeira convoca\u00e7\u00e3o sob o comando de <span class=\"hover:entity-accent entity-underline inline cursor-pointer align-baseline\"><span class=\"whitespace-normal\">Carlo Ancelotti<\/span><\/span> divulgada nesta segunda-feira, \u00e0s 17h.<\/p>\n<h3 data-section-id=\"zjkfup\" data-start=\"243\" data-end=\"274\">In\u00edcio de uma nova era<\/h3>\n<p data-start=\"275\" data-end=\"417\">O an\u00fancio marca oficialmente o come\u00e7o da era Ancelotti \u00e0 frente da equipe, dando o pontap\u00e9 inicial no novo ciclo rumo \u00e0 pr\u00f3xima Copa do Mundo.<\/p>\n<h3 data-section-id=\"1qh4956\" data-start=\"419\" data-end=\"446\">Expectativa e debates<\/h3>\n<p data-start=\"447\" data-end=\"527\">A convoca\u00e7\u00e3o movimenta torcedores e especialistas, com grande expectativa sobre:<\/p>\n<ul data-start=\"528\" data-end=\"662\">\n<li data-section-id=\"u3cljc\" data-start=\"528\" data-end=\"575\">Poss\u00edveis retornos de jogadores experientes<\/li>\n<li data-section-id=\"xmxgxd\" data-start=\"576\" data-end=\"606\">Novas apostas do treinador<\/li>\n<li data-section-id=\"frz3to\" data-start=\"607\" data-end=\"662\">A base que ser\u00e1 utilizada nos pr\u00f3ximos compromissos<\/li>\n<\/ul>\n<h3 data-section-id=\"1f7ysxb\" data-start=\"664\" data-end=\"690\">Olhar para o futuro<\/h3>\n<p data-start=\"691\" data-end=\"837\">A lista deve indicar o perfil de jogo que Ancelotti pretende implementar, al\u00e9m de revelar suas primeiras escolhas para montar a equipe brasileira.<\/p>\n<\/div>\n<\/div>\n<\/div>\n<\/div>\n<div class=\"z-0 flex min-h-[46px] justify-start\"><\/div>\n<div class=\"mt-3 w-full empty:hidden\">\n<div class=\"text-center\"><\/div>\n<\/div>\n<\/div>\n<\/div>\n<\/section>\n<div class=\"contents\"><\/div>\n<\/div>\n<\/div>\n<\/div>\n<div class=\"pointer-events-none -mt-px h-px translate-y-[calc(var(--scroll-root-safe-area-inset-bottom)-14*var(--spacing))]\" aria-hidden=\"true\"><\/div>\n","protected":false},"excerpt":{"rendered":"<p>A Sele\u00e7\u00e3o Brasileira ter\u00e1 sua primeira convoca\u00e7\u00e3o sob o comando de Carlo Ancelotti divulgada nesta segunda-feira, \u00e0s 17h.<\/p>\n","protected":false},"author":2,"featured_media":6170,"comment_status":"open","ping_status":"open","sticky":false,"template":"","format":"standard","meta":{"footnotes":""},"categories":[8,12],"tags":[],"class_list":["post-6169","post","type-post","status-publish","format-standard","has-post-thumbnail","hentry","category-brasil","category-noticias"],"yoast_head":"<!-- This site is optimized with the Yoast SEO plugin v28.3 - https:\/\/yoast.com\/product\/yoast-seo-wordpress\/ -->\n<title>Ancelotti divulga primeira convoca\u00e7\u00e3o da Sele\u00e7\u00e3o Brasileira nesta segunda - Ello TV<\/title>\n<meta name=\"description\" content=\"Carlo Ancelotti divulga primeira convoca\u00e7\u00e3o da Sele\u00e7\u00e3o Brasileira nesta segunda (17h), marcando in\u00edcio de um novo ciclo rumo \u00e0 Copa do Mundo.\" \/>\n<meta name=\"robots\" content=\"index, follow, max-snippet:-1, max-image-preview:large, max-video-preview:-1\" \/>\n<link rel=\"canonical\" href=\"https:\/\/ellotv.com.br\/site\/2026\/05\/18\/ancelotti-divulga-primeira-convocacao-da-selecao-brasileira-nesta-segunda\/\" \/>\n<meta property=\"og:locale\" content=\"pt_BR\" \/>\n<meta property=\"og:type\" content=\"article\" \/>\n<meta property=\"og:title\" content=\"Ancelotti divulga primeira convoca\u00e7\u00e3o da Sele\u00e7\u00e3o Brasileira nesta segunda - Ello TV\" \/>\n<meta property=\"og:description\" content=\"Carlo Ancelotti divulga primeira convoca\u00e7\u00e3o da Sele\u00e7\u00e3o Brasileira nesta segunda (17h), marcando in\u00edcio de um novo ciclo rumo \u00e0 Copa do Mundo.\" \/>\n<meta property=\"og:url\" content=\"https:\/\/ellotv.com.br\/site\/2026\/05\/18\/ancelotti-divulga-primeira-convocacao-da-selecao-brasileira-nesta-segunda\/\" \/>\n<meta property=\"og:site_name\" content=\"Ello TV\" \/>\n<meta property=\"article:published_time\" content=\"2026-05-18T18:24:55+00:00\" \/>\n<meta property=\"og:image\" content=\"https:\/\/ellotv.com.br\/site\/wp-content\/uploads\/2026\/05\/WhatsApp-Image-2026-05-18-at-15.02.07.jpeg\" \/>\n\t<meta property=\"og:image:width\" content=\"1201\" \/>\n\t<meta property=\"og:image:height\" content=\"1600\" \/>\n\t<meta property=\"og:image:type\" content=\"image\/jpeg\" \/>\n<meta name=\"author\" content=\"ELLO TV\" \/>\n<meta name=\"twitter:card\" content=\"summary_large_image\" \/>\n<meta name=\"twitter:label1\" content=\"Escrito por\" \/>\n\t<meta name=\"twitter:data1\" content=\"ELLO TV\" \/>\n\t<meta name=\"twitter:label2\" content=\"Est. tempo de leitura\" \/>\n\t<meta name=\"twitter:data2\" content=\"1 minuto\" \/>\n<script type=\"application\/ld+json\" class=\"yoast-schema-graph\">{\"@context\":\"https:\\\/\\\/schema.org\",\"@graph\":[{\"@type\":\"Article\",\"@id\":\"https:\\\/\\\/ellotv.com.br\\\/site\\\/2026\\\/05\\\/18\\\/ancelotti-divulga-primeira-convocacao-da-selecao-brasileira-nesta-segunda\\\/#article\",\"isPartOf\":{\"@id\":\"https:\\\/\\\/ellotv.com.br\\\/site\\\/2026\\\/05\\\/18\\\/ancelotti-divulga-primeira-convocacao-da-selecao-brasileira-nesta-segunda\\\/\"},\"author\":{\"name\":\"ELLO TV\",\"@id\":\"https:\\\/\\\/ellotv.com.br\\\/site\\\/#\\\/schema\\\/person\\\/2dbe3abaee38dcc7332fc8205cd2b15d\"},\"headline\":\"Ancelotti divulga primeira convoca\u00e7\u00e3o da Sele\u00e7\u00e3o Brasileira nesta segunda\",\"datePublished\":\"2026-05-18T18:24:55+00:00\",\"mainEntityOfPage\":{\"@id\":\"https:\\\/\\\/ellotv.com.br\\\/site\\\/2026\\\/05\\\/18\\\/ancelotti-divulga-primeira-convocacao-da-selecao-brasileira-nesta-segunda\\\/\"},\"wordCount\":125,\"commentCount\":0,\"publisher\":{\"@id\":\"https:\\\/\\\/ellotv.com.br\\\/site\\\/#organization\"},\"image\":{\"@id\":\"https:\\\/\\\/ellotv.com.br\\\/site\\\/2026\\\/05\\\/18\\\/ancelotti-divulga-primeira-convocacao-da-selecao-brasileira-nesta-segunda\\\/#primaryimage\"},\"thumbnailUrl\":\"https:\\\/\\\/ellotv.com.br\\\/site\\\/wp-content\\\/uploads\\\/2026\\\/05\\\/WhatsApp-Image-2026-05-18-at-15.02.07.jpeg\",\"articleSection\":[\"Brasil\",\"Noticias\"],\"inLanguage\":\"pt-BR\",\"potentialAction\":[{\"@type\":\"CommentAction\",\"name\":\"Comment\",\"target\":[\"https:\\\/\\\/ellotv.com.br\\\/site\\\/2026\\\/05\\\/18\\\/ancelotti-divulga-primeira-convocacao-da-selecao-brasileira-nesta-segunda\\\/#respond\"]}]},{\"@type\":\"WebPage\",\"@id\":\"https:\\\/\\\/ellotv.com.br\\\/site\\\/2026\\\/05\\\/18\\\/ancelotti-divulga-primeira-convocacao-da-selecao-brasileira-nesta-segunda\\\/\",\"url\":\"https:\\\/\\\/ellotv.com.br\\\/site\\\/2026\\\/05\\\/18\\\/ancelotti-divulga-primeira-convocacao-da-selecao-brasileira-nesta-segunda\\\/\",\"name\":\"Ancelotti divulga primeira convoca\u00e7\u00e3o da Sele\u00e7\u00e3o Brasileira nesta segunda - Ello TV\",\"isPartOf\":{\"@id\":\"https:\\\/\\\/ellotv.com.br\\\/site\\\/#website\"},\"primaryImageOfPage\":{\"@id\":\"https:\\\/\\\/ellotv.com.br\\\/site\\\/2026\\\/05\\\/18\\\/ancelotti-divulga-primeira-convocacao-da-selecao-brasileira-nesta-segunda\\\/#primaryimage\"},\"image\":{\"@id\":\"https:\\\/\\\/ellotv.com.br\\\/site\\\/2026\\\/05\\\/18\\\/ancelotti-divulga-primeira-convocacao-da-selecao-brasileira-nesta-segunda\\\/#primaryimage\"},\"thumbnailUrl\":\"https:\\\/\\\/ellotv.com.br\\\/site\\\/wp-content\\\/uploads\\\/2026\\\/05\\\/WhatsApp-Image-2026-05-18-at-15.02.07.jpeg\",\"datePublished\":\"2026-05-18T18:24:55+00:00\",\"description\":\"Carlo Ancelotti divulga primeira convoca\u00e7\u00e3o da Sele\u00e7\u00e3o Brasileira nesta segunda (17h), marcando in\u00edcio de um novo ciclo rumo \u00e0 Copa do Mundo.\",\"breadcrumb\":{\"@id\":\"https:\\\/\\\/ellotv.com.br\\\/site\\\/2026\\\/05\\\/18\\\/ancelotti-divulga-primeira-convocacao-da-selecao-brasileira-nesta-segunda\\\/#breadcrumb\"},\"inLanguage\":\"pt-BR\",\"potentialAction\":[{\"@type\":\"ReadAction\",\"target\":[\"https:\\\/\\\/ellotv.com.br\\\/site\\\/2026\\\/05\\\/18\\\/ancelotti-divulga-primeira-convocacao-da-selecao-brasileira-nesta-segunda\\\/\"]}]},{\"@type\":\"ImageObject\",\"inLanguage\":\"pt-BR\",\"@id\":\"https:\\\/\\\/ellotv.com.br\\\/site\\\/2026\\\/05\\\/18\\\/ancelotti-divulga-primeira-convocacao-da-selecao-brasileira-nesta-segunda\\\/#primaryimage\",\"url\":\"https:\\\/\\\/ellotv.com.br\\\/site\\\/wp-content\\\/uploads\\\/2026\\\/05\\\/WhatsApp-Image-2026-05-18-at-15.02.07.jpeg\",\"contentUrl\":\"https:\\\/\\\/ellotv.com.br\\\/site\\\/wp-content\\\/uploads\\\/2026\\\/05\\\/WhatsApp-Image-2026-05-18-at-15.02.07.jpeg\",\"width\":1201,\"height\":1600},{\"@type\":\"BreadcrumbList\",\"@id\":\"https:\\\/\\\/ellotv.com.br\\\/site\\\/2026\\\/05\\\/18\\\/ancelotti-divulga-primeira-convocacao-da-selecao-brasileira-nesta-segunda\\\/#breadcrumb\",\"itemListElement\":[{\"@type\":\"ListItem\",\"position\":1,\"name\":\"In\u00edcio\",\"item\":\"https:\\\/\\\/ellotv.com.br\\\/site\\\/\"},{\"@type\":\"ListItem\",\"position\":2,\"name\":\"Ancelotti divulga primeira convoca\u00e7\u00e3o da Sele\u00e7\u00e3o Brasileira nesta segunda\"}]},{\"@type\":\"WebSite\",\"@id\":\"https:\\\/\\\/ellotv.com.br\\\/site\\\/#website\",\"url\":\"https:\\\/\\\/ellotv.com.br\\\/site\\\/\",\"name\":\"ELLO TV\",\"description\":\"\",\"publisher\":{\"@id\":\"https:\\\/\\\/ellotv.com.br\\\/site\\\/#organization\"},\"potentialAction\":[{\"@type\":\"SearchAction\",\"target\":{\"@type\":\"EntryPoint\",\"urlTemplate\":\"https:\\\/\\\/ellotv.com.br\\\/site\\\/?s={search_term_string}\"},\"query-input\":{\"@type\":\"PropertyValueSpecification\",\"valueRequired\":true,\"valueName\":\"search_term_string\"}}],\"inLanguage\":\"pt-BR\"},{\"@type\":\"Organization\",\"@id\":\"https:\\\/\\\/ellotv.com.br\\\/site\\\/#organization\",\"name\":\"ELLO TV\",\"url\":\"https:\\\/\\\/ellotv.com.br\\\/site\\\/\",\"logo\":{\"@type\":\"ImageObject\",\"inLanguage\":\"pt-BR\",\"@id\":\"https:\\\/\\\/ellotv.com.br\\\/site\\\/#\\\/schema\\\/logo\\\/image\\\/\",\"url\":\"https:\\\/\\\/ellotv.com.br\\\/site\\\/wp-content\\\/uploads\\\/2025\\\/11\\\/ello-logo-2.fw_.png\",\"contentUrl\":\"https:\\\/\\\/ellotv.com.br\\\/site\\\/wp-content\\\/uploads\\\/2025\\\/11\\\/ello-logo-2.fw_.png\",\"width\":400,\"height\":146,\"caption\":\"ELLO TV\"},\"image\":{\"@id\":\"https:\\\/\\\/ellotv.com.br\\\/site\\\/#\\\/schema\\\/logo\\\/image\\\/\"}},{\"@type\":\"Person\",\"@id\":\"https:\\\/\\\/ellotv.com.br\\\/site\\\/#\\\/schema\\\/person\\\/2dbe3abaee38dcc7332fc8205cd2b15d\",\"name\":\"ELLO TV\",\"image\":{\"@type\":\"ImageObject\",\"inLanguage\":\"pt-BR\",\"@id\":\"https:\\\/\\\/secure.gravatar.com\\\/avatar\\\/c38242b9da8ec217ac3f0aaee31a54f7d7befb11b2b47fdbc8fb0fad60afa1c6?s=96&d=mm&r=g\",\"url\":\"https:\\\/\\\/secure.gravatar.com\\\/avatar\\\/c38242b9da8ec217ac3f0aaee31a54f7d7befb11b2b47fdbc8fb0fad60afa1c6?s=96&d=mm&r=g\",\"contentUrl\":\"https:\\\/\\\/secure.gravatar.com\\\/avatar\\\/c38242b9da8ec217ac3f0aaee31a54f7d7befb11b2b47fdbc8fb0fad60afa1c6?s=96&d=mm&r=g\",\"caption\":\"ELLO TV\"},\"url\":\"https:\\\/\\\/ellotv.com.br\\\/site\\\/author\\\/elloagencia\\\/\"}]}<\/script>\n<!-- \/ Yoast SEO plugin. -->","yoast_head_json":{"title":"Ancelotti divulga primeira convoca\u00e7\u00e3o da Sele\u00e7\u00e3o Brasileira nesta segunda - Ello TV","description":"Carlo Ancelotti divulga primeira convoca\u00e7\u00e3o da Sele\u00e7\u00e3o Brasileira nesta segunda (17h), marcando in\u00edcio de um novo ciclo rumo \u00e0 Copa do Mundo.","robots":{"index":"index","follow":"follow","max-snippet":"max-snippet:-1","max-image-preview":"max-image-preview:large","max-video-preview":"max-video-preview:-1"},"canonical":"https:\/\/ellotv.com.br\/site\/2026\/05\/18\/ancelotti-divulga-primeira-convocacao-da-selecao-brasileira-nesta-segunda\/","og_locale":"pt_BR","og_type":"article","og_title":"Ancelotti divulga primeira convoca\u00e7\u00e3o da Sele\u00e7\u00e3o Brasileira nesta segunda - Ello TV","og_description":"Carlo Ancelotti divulga primeira convoca\u00e7\u00e3o da Sele\u00e7\u00e3o Brasileira nesta segunda (17h), marcando in\u00edcio de um novo ciclo rumo \u00e0 Copa do Mundo.","og_url":"https:\/\/ellotv.com.br\/site\/2026\/05\/18\/ancelotti-divulga-primeira-convocacao-da-selecao-brasileira-nesta-segunda\/","og_site_name":"Ello TV","article_published_time":"2026-05-18T18:24:55+00:00","og_image":[{"width":1201,"height":1600,"url":"https:\/\/ellotv.com.br\/site\/wp-content\/uploads\/2026\/05\/WhatsApp-Image-2026-05-18-at-15.02.07.jpeg","type":"image\/jpeg"}],"author":"ELLO TV","twitter_card":"summary_large_image","twitter_misc":{"Escrito por":"ELLO TV","Est. tempo de leitura":"1 minuto"},"schema":{"@context":"https:\/\/schema.org","@graph":[{"@type":"Article","@id":"https:\/\/ellotv.com.br\/site\/2026\/05\/18\/ancelotti-divulga-primeira-convocacao-da-selecao-brasileira-nesta-segunda\/#article","isPartOf":{"@id":"https:\/\/ellotv.com.br\/site\/2026\/05\/18\/ancelotti-divulga-primeira-convocacao-da-selecao-brasileira-nesta-segunda\/"},"author":{"name":"ELLO TV","@id":"https:\/\/ellotv.com.br\/site\/#\/schema\/person\/2dbe3abaee38dcc7332fc8205cd2b15d"},"headline":"Ancelotti divulga primeira convoca\u00e7\u00e3o da Sele\u00e7\u00e3o Brasileira nesta segunda","datePublished":"2026-05-18T18:24:55+00:00","mainEntityOfPage":{"@id":"https:\/\/ellotv.com.br\/site\/2026\/05\/18\/ancelotti-divulga-primeira-convocacao-da-selecao-brasileira-nesta-segunda\/"},"wordCount":125,"commentCount":0,"publisher":{"@id":"https:\/\/ellotv.com.br\/site\/#organization"},"image":{"@id":"https:\/\/ellotv.com.br\/site\/2026\/05\/18\/ancelotti-divulga-primeira-convocacao-da-selecao-brasileira-nesta-segunda\/#primaryimage"},"thumbnailUrl":"https:\/\/ellotv.com.br\/site\/wp-content\/uploads\/2026\/05\/WhatsApp-Image-2026-05-18-at-15.02.07.jpeg","articleSection":["Brasil","Noticias"],"inLanguage":"pt-BR","potentialAction":[{"@type":"CommentAction","name":"Comment","target":["https:\/\/ellotv.com.br\/site\/2026\/05\/18\/ancelotti-divulga-primeira-convocacao-da-selecao-brasileira-nesta-segunda\/#respond"]}]},{"@type":"WebPage","@id":"https:\/\/ellotv.com.br\/site\/2026\/05\/18\/ancelotti-divulga-primeira-convocacao-da-selecao-brasileira-nesta-segunda\/","url":"https:\/\/ellotv.com.br\/site\/2026\/05\/18\/ancelotti-divulga-primeira-convocacao-da-selecao-brasileira-nesta-segunda\/","name":"Ancelotti divulga primeira convoca\u00e7\u00e3o da Sele\u00e7\u00e3o Brasileira nesta segunda - Ello TV","isPartOf":{"@id":"https:\/\/ellotv.com.br\/site\/#website"},"primaryImageOfPage":{"@id":"https:\/\/ellotv.com.br\/site\/2026\/05\/18\/ancelotti-divulga-primeira-convocacao-da-selecao-brasileira-nesta-segunda\/#primaryimage"},"image":{"@id":"https:\/\/ellotv.com.br\/site\/2026\/05\/18\/ancelotti-divulga-primeira-convocacao-da-selecao-brasileira-nesta-segunda\/#primaryimage"},"thumbnailUrl":"https:\/\/ellotv.com.br\/site\/wp-content\/uploads\/2026\/05\/WhatsApp-Image-2026-05-18-at-15.02.07.jpeg","datePublished":"2026-05-18T18:24:55+00:00","description":"Carlo Ancelotti divulga primeira convoca\u00e7\u00e3o da Sele\u00e7\u00e3o Brasileira nesta segunda (17h), marcando in\u00edcio de um novo ciclo rumo \u00e0 Copa do Mundo.","breadcrumb":{"@id":"https:\/\/ellotv.com.br\/site\/2026\/05\/18\/ancelotti-divulga-primeira-convocacao-da-selecao-brasileira-nesta-segunda\/#breadcrumb"},"inLanguage":"pt-BR","potentialAction":[{"@type":"ReadAction","target":["https:\/\/ellotv.com.br\/site\/2026\/05\/18\/ancelotti-divulga-primeira-convocacao-da-selecao-brasileira-nesta-segunda\/"]}]},{"@type":"ImageObject","inLanguage":"pt-BR","@id":"https:\/\/ellotv.com.br\/site\/2026\/05\/18\/ancelotti-divulga-primeira-convocacao-da-selecao-brasileira-nesta-segunda\/#primaryimage","url":"https:\/\/ellotv.com.br\/site\/wp-content\/uploads\/2026\/05\/WhatsApp-Image-2026-05-18-at-15.02.07.jpeg","contentUrl":"https:\/\/ellotv.com.br\/site\/wp-content\/uploads\/2026\/05\/WhatsApp-Image-2026-05-18-at-15.02.07.jpeg","width":1201,"height":1600},{"@type":"BreadcrumbList","@id":"https:\/\/ellotv.com.br\/site\/2026\/05\/18\/ancelotti-divulga-primeira-convocacao-da-selecao-brasileira-nesta-segunda\/#breadcrumb","itemListElement":[{"@type":"ListItem","position":1,"name":"In\u00edcio","item":"https:\/\/ellotv.com.br\/site\/"},{"@type":"ListItem","position":2,"name":"Ancelotti divulga primeira convoca\u00e7\u00e3o da Sele\u00e7\u00e3o Brasileira nesta segunda"}]},{"@type":"WebSite","@id":"https:\/\/ellotv.com.br\/site\/#website","url":"https:\/\/ellotv.com.br\/site\/","name":"ELLO TV","description":"","publisher":{"@id":"https:\/\/ellotv.com.br\/site\/#organization"},"potentialAction":[{"@type":"SearchAction","target":{"@type":"EntryPoint","urlTemplate":"https:\/\/ellotv.com.br\/site\/?s={search_term_string}"},"query-input":{"@type":"PropertyValueSpecification","valueRequired":true,"valueName":"search_term_string"}}],"inLanguage":"pt-BR"},{"@type":"Organization","@id":"https:\/\/ellotv.com.br\/site\/#organization","name":"ELLO TV","url":"https:\/\/ellotv.com.br\/site\/","logo":{"@type":"ImageObject","inLanguage":"pt-BR","@id":"https:\/\/ellotv.com.br\/site\/#\/schema\/logo\/image\/","url":"https:\/\/ellotv.com.br\/site\/wp-content\/uploads\/2025\/11\/ello-logo-2.fw_.png","contentUrl":"https:\/\/ellotv.com.br\/site\/wp-content\/uploads\/2025\/11\/ello-logo-2.fw_.png","width":400,"height":146,"caption":"ELLO TV"},"image":{"@id":"https:\/\/ellotv.com.br\/site\/#\/schema\/logo\/image\/"}},{"@type":"Person","@id":"https:\/\/ellotv.com.br\/site\/#\/schema\/person\/2dbe3abaee38dcc7332fc8205cd2b15d","name":"ELLO TV","image":{"@type":"ImageObject","inLanguage":"pt-BR","@id":"https:\/\/secure.gravatar.com\/avatar\/c38242b9da8ec217ac3f0aaee31a54f7d7befb11b2b47fdbc8fb0fad60afa1c6?s=96&d=mm&r=g","url":"https:\/\/secure.gravatar.com\/avatar\/c38242b9da8ec217ac3f0aaee31a54f7d7befb11b2b47fdbc8fb0fad60afa1c6?s=96&d=mm&r=g","contentUrl":"https:\/\/secure.gravatar.com\/avatar\/c38242b9da8ec217ac3f0aaee31a54f7d7befb11b2b47fdbc8fb0fad60afa1c6?s=96&d=mm&r=g","caption":"ELLO TV"},"url":"https:\/\/ellotv.com.br\/site\/author\/elloagencia\/"}]}},"featured_image_urls":{"full":["https:\/\/ellotv.com.br\/site\/wp-content\/uploads\/2026\/05\/WhatsApp-Image-2026-05-18-at-15.02.07.jpeg",1201,1600,false],"thumbnail":["https:\/\/ellotv.com.br\/site\/wp-content\/uploads\/2026\/05\/WhatsApp-Image-2026-05-18-at-15.02.07-150x150.jpeg",150,150,true],"medium":["https:\/\/ellotv.com.br\/site\/wp-content\/uploads\/2026\/05\/WhatsApp-Image-2026-05-18-at-15.02.07-225x300.jpeg",225,300,true],"medium_large":["https:\/\/ellotv.com.br\/site\/wp-content\/uploads\/2026\/05\/WhatsApp-Image-2026-05-18-at-15.02.07-768x1023.jpeg",640,853,true],"large":["https:\/\/ellotv.com.br\/site\/wp-content\/uploads\/2026\/05\/WhatsApp-Image-2026-05-18-at-15.02.07-769x1024.jpeg",640,852,true],"1536x1536":["https:\/\/ellotv.com.br\/site\/wp-content\/uploads\/2026\/05\/WhatsApp-Image-2026-05-18-at-15.02.07-1153x1536.jpeg",1153,1536,true],"2048x2048":["https:\/\/ellotv.com.br\/site\/wp-content\/uploads\/2026\/05\/WhatsApp-Image-2026-05-18-at-15.02.07.jpeg",1201,1600,false],"darknews-slider-full":["https:\/\/ellotv.com.br\/site\/wp-content\/uploads\/2026\/05\/WhatsApp-Image-2026-05-18-at-15.02.07-1201x720.jpeg",1201,720,true],"darknews-featured":["https:\/\/ellotv.com.br\/site\/wp-content\/uploads\/2026\/05\/WhatsApp-Image-2026-05-18-at-15.02.07-1024x1364.jpeg",1024,1364,true],"darknews-medium":["https:\/\/ellotv.com.br\/site\/wp-content\/uploads\/2026\/05\/WhatsApp-Image-2026-05-18-at-15.02.07-720x530.jpeg",720,530,true],"darknews-medium-square":["https:\/\/ellotv.com.br\/site\/wp-content\/uploads\/2026\/05\/WhatsApp-Image-2026-05-18-at-15.02.07-350x350.jpeg",350,350,true]},"author_info":{"info":["ELLO TV"]},"category_info":"<a href=\"https:\/\/ellotv.com.br\/site\/category\/brasil\/\" rel=\"category tag\">Brasil<\/a> <a href=\"https:\/\/ellotv.com.br\/site\/category\/noticias\/\" rel=\"category tag\">Noticias<\/a>","tag_info":"Noticias","comment_count":"0","_links":{"self":[{"href":"https:\/\/ellotv.com.br\/site\/wp-json\/wp\/v2\/posts\/6169","targetHints":{"allow":["GET"]}}],"collection":[{"href":"https:\/\/ellotv.com.br\/site\/wp-json\/wp\/v2\/posts"}],"about":[{"href":"https:\/\/ellotv.com.br\/site\/wp-json\/wp\/v2\/types\/post"}],"author":[{"embeddable":true,"href":"https:\/\/ellotv.com.br\/site\/wp-json\/wp\/v2\/users\/2"}],"replies":[{"embeddable":true,"href":"https:\/\/ellotv.com.br\/site\/wp-json\/wp\/v2\/comments?post=6169"}],"version-history":[{"count":1,"href":"https:\/\/ellotv.com.br\/site\/wp-json\/wp\/v2\/posts\/6169\/revisions"}],"predecessor-version":[{"id":6171,"href":"https:\/\/ellotv.com.br\/site\/wp-json\/wp\/v2\/posts\/6169\/revisions\/6171"}],"wp:featuredmedia":[{"embeddable":true,"href":"https:\/\/ellotv.com.br\/site\/wp-json\/wp\/v2\/media\/6170"}],"wp:attachment":[{"href":"https:\/\/ellotv.com.br\/site\/wp-json\/wp\/v2\/media?parent=6169"}],"wp:term":[{"taxonomy":"category","embeddable":true,"href":"https:\/\/ellotv.com.br\/site\/wp-json\/wp\/v2\/categories?post=6169"},{"taxonomy":"post_tag","embeddable":true,"href":"https:\/\/ellotv.com.br\/site\/wp-json\/wp\/v2\/tags?post=6169"}],"curies":[{"name":"wp","href":"https:\/\/api.w.org\/{rel}","templated":true}]}}