{"id":6182,"date":"2026-05-20T09:28:27","date_gmt":"2026-05-20T12:28:27","guid":{"rendered":"https:\/\/ellotv.com.br\/site\/?p=6182"},"modified":"2026-05-20T09:28:27","modified_gmt":"2026-05-20T12:28:27","slug":"acidente-em-sao-jose-do-rio-preto-alerta-para-cuidados-no-transito","status":"publish","type":"post","link":"https:\/\/ellotv.com.br\/site\/2026\/05\/20\/acidente-em-sao-jose-do-rio-preto-alerta-para-cuidados-no-transito\/","title":{"rendered":"Acidente em S\u00e3o Jos\u00e9 do Rio Preto alerta para cuidados no tr\u00e2nsito"},"content":{"rendered":"<p data-start=\"72\" data-end=\"352\">Um acidente registrado em <span class=\"hover:entity-accent entity-underline inline cursor-pointer align-baseline\"><span class=\"whitespace-normal\">S\u00e3o Jos\u00e9 do Rio Preto<\/span><\/span> voltou a chamar aten\u00e7\u00e3o para a import\u00e2ncia da aten\u00e7\u00e3o no tr\u00e2nsito. Segundo v\u00eddeo que circula nas redes sociais, o incidente ocorreu ap\u00f3s a porta de um ve\u00edculo ser aberta sem que o motorista observasse o fluxo da via.<\/p>\n<h3 data-section-id=\"rrxvrs\" data-start=\"354\" data-end=\"384\">Aten\u00e7\u00e3o que salva vidas<\/h3>\n<p data-start=\"385\" data-end=\"622\">Especialistas refor\u00e7am que atitudes simples, como conferir os retrovisores e olhar antes de abrir a porta do carro, s\u00e3o essenciais para evitar acidentes \u2014 especialmente com motociclistas e ciclistas, que costumam ser os mais vulner\u00e1veis.<\/p>\n<h3 data-section-id=\"1vz3w2t\" data-start=\"624\" data-end=\"651\">Risco comum nas vias<\/h3>\n<p data-start=\"652\" data-end=\"818\">Esse tipo de situa\u00e7\u00e3o, conhecido como \u201cporta aberta\u201d, \u00e9 mais comum do que parece e pode causar colis\u00f5es graves, principalmente em \u00e1reas urbanas com grande circula\u00e7\u00e3o.<\/p>\n<h3 data-section-id=\"1jhuhro\" data-start=\"820\" data-end=\"850\">Consci\u00eancia no tr\u00e2nsito<\/h3>\n<p data-start=\"851\" data-end=\"1016\">O caso serve como alerta para motoristas e passageiros sobre a responsabilidade no tr\u00e2nsito. Pequenos cuidados podem fazer a diferen\u00e7a e evitar consequ\u00eancias s\u00e9rias.<\/p>\n<div style=\"width: 576px;\" class=\"wp-video\"><video class=\"wp-video-shortcode\" id=\"video-6182-1\" width=\"576\" height=\"768\" preload=\"metadata\" controls=\"controls\"><source type=\"video\/mp4\" src=\"https:\/\/ellotv.com.br\/site\/wp-content\/uploads\/2026\/05\/WhatsApp-Video-2026-05-19-at-14.56.36.mp4?_=1\" \/><a href=\"https:\/\/ellotv.com.br\/site\/wp-content\/uploads\/2026\/05\/WhatsApp-Video-2026-05-19-at-14.56.36.mp4\">https:\/\/ellotv.com.br\/site\/wp-content\/uploads\/2026\/05\/WhatsApp-Video-2026-05-19-at-14.56.36.mp4<\/a><\/video><\/div>\n","protected":false},"excerpt":{"rendered":"<p>Um acidente registrado em S\u00e3o Jos\u00e9 do Rio Preto voltou a chamar aten\u00e7\u00e3o para a import\u00e2ncia da aten\u00e7\u00e3o<\/p>\n","protected":false},"author":2,"featured_media":6185,"comment_status":"open","ping_status":"open","sticky":false,"template":"","format":"standard","meta":{"footnotes":""},"categories":[8,12],"tags":[],"class_list":["post-6182","post","type-post","status-publish","format-standard","has-post-thumbnail","hentry","category-brasil","category-noticias"],"yoast_head":"<!-- This site is optimized with the Yoast SEO plugin v28.3 - https:\/\/yoast.com\/product\/yoast-seo-wordpress\/ -->\n<title>Acidente em S\u00e3o Jos\u00e9 do Rio Preto alerta para cuidados no tr\u00e2nsito - Ello TV<\/title>\n<meta name=\"description\" content=\"Acidente em S\u00e3o Jos\u00e9 do Rio Preto alerta para risco de abrir porta de carro sem aten\u00e7\u00e3o e refor\u00e7a cuidados no tr\u00e2nsito.\" \/>\n<meta name=\"robots\" content=\"index, follow, max-snippet:-1, max-image-preview:large, max-video-preview:-1\" \/>\n<link rel=\"canonical\" href=\"https:\/\/ellotv.com.br\/site\/2026\/05\/20\/acidente-em-sao-jose-do-rio-preto-alerta-para-cuidados-no-transito\/\" \/>\n<meta property=\"og:locale\" content=\"pt_BR\" \/>\n<meta property=\"og:type\" content=\"article\" \/>\n<meta property=\"og:title\" content=\"Acidente em S\u00e3o Jos\u00e9 do Rio Preto alerta para cuidados no tr\u00e2nsito - Ello TV\" \/>\n<meta property=\"og:description\" content=\"Acidente em S\u00e3o Jos\u00e9 do Rio Preto alerta para risco de abrir porta de carro sem aten\u00e7\u00e3o e refor\u00e7a cuidados no tr\u00e2nsito.\" \/>\n<meta property=\"og:url\" content=\"https:\/\/ellotv.com.br\/site\/2026\/05\/20\/acidente-em-sao-jose-do-rio-preto-alerta-para-cuidados-no-transito\/\" \/>\n<meta property=\"og:site_name\" content=\"Ello TV\" \/>\n<meta property=\"article:published_time\" content=\"2026-05-20T12:28:27+00:00\" \/>\n<meta property=\"og:image\" content=\"https:\/\/ellotv.com.br\/site\/wp-content\/uploads\/2026\/05\/IMG_20260520_092651.jpg.jpeg\" \/>\n\t<meta property=\"og:image:width\" content=\"1080\" \/>\n\t<meta property=\"og:image:height\" content=\"1498\" \/>\n\t<meta property=\"og:image:type\" content=\"image\/jpeg\" \/>\n<meta name=\"author\" content=\"ELLO TV\" \/>\n<meta name=\"twitter:card\" content=\"summary_large_image\" \/>\n<meta name=\"twitter:label1\" content=\"Escrito por\" \/>\n\t<meta name=\"twitter:data1\" content=\"ELLO TV\" \/>\n\t<meta name=\"twitter:label2\" content=\"Est. tempo de leitura\" \/>\n\t<meta name=\"twitter:data2\" content=\"1 minuto\" \/>\n<script type=\"application\/ld+json\" class=\"yoast-schema-graph\">{\"@context\":\"https:\\\/\\\/schema.org\",\"@graph\":[{\"@type\":\"Article\",\"@id\":\"https:\\\/\\\/ellotv.com.br\\\/site\\\/2026\\\/05\\\/20\\\/acidente-em-sao-jose-do-rio-preto-alerta-para-cuidados-no-transito\\\/#article\",\"isPartOf\":{\"@id\":\"https:\\\/\\\/ellotv.com.br\\\/site\\\/2026\\\/05\\\/20\\\/acidente-em-sao-jose-do-rio-preto-alerta-para-cuidados-no-transito\\\/\"},\"author\":{\"name\":\"ELLO TV\",\"@id\":\"https:\\\/\\\/ellotv.com.br\\\/site\\\/#\\\/schema\\\/person\\\/2dbe3abaee38dcc7332fc8205cd2b15d\"},\"headline\":\"Acidente em S\u00e3o Jos\u00e9 do Rio Preto alerta para cuidados no tr\u00e2nsito\",\"datePublished\":\"2026-05-20T12:28:27+00:00\",\"mainEntityOfPage\":{\"@id\":\"https:\\\/\\\/ellotv.com.br\\\/site\\\/2026\\\/05\\\/20\\\/acidente-em-sao-jose-do-rio-preto-alerta-para-cuidados-no-transito\\\/\"},\"wordCount\":193,\"commentCount\":0,\"publisher\":{\"@id\":\"https:\\\/\\\/ellotv.com.br\\\/site\\\/#organization\"},\"image\":{\"@id\":\"https:\\\/\\\/ellotv.com.br\\\/site\\\/2026\\\/05\\\/20\\\/acidente-em-sao-jose-do-rio-preto-alerta-para-cuidados-no-transito\\\/#primaryimage\"},\"thumbnailUrl\":\"https:\\\/\\\/ellotv.com.br\\\/site\\\/wp-content\\\/uploads\\\/2026\\\/05\\\/IMG_20260520_092651.jpg.jpeg\",\"articleSection\":[\"Brasil\",\"Noticias\"],\"inLanguage\":\"pt-BR\",\"potentialAction\":[{\"@type\":\"CommentAction\",\"name\":\"Comment\",\"target\":[\"https:\\\/\\\/ellotv.com.br\\\/site\\\/2026\\\/05\\\/20\\\/acidente-em-sao-jose-do-rio-preto-alerta-para-cuidados-no-transito\\\/#respond\"]}]},{\"@type\":\"WebPage\",\"@id\":\"https:\\\/\\\/ellotv.com.br\\\/site\\\/2026\\\/05\\\/20\\\/acidente-em-sao-jose-do-rio-preto-alerta-para-cuidados-no-transito\\\/\",\"url\":\"https:\\\/\\\/ellotv.com.br\\\/site\\\/2026\\\/05\\\/20\\\/acidente-em-sao-jose-do-rio-preto-alerta-para-cuidados-no-transito\\\/\",\"name\":\"Acidente em S\u00e3o Jos\u00e9 do Rio Preto alerta para cuidados no tr\u00e2nsito - Ello TV\",\"isPartOf\":{\"@id\":\"https:\\\/\\\/ellotv.com.br\\\/site\\\/#website\"},\"primaryImageOfPage\":{\"@id\":\"https:\\\/\\\/ellotv.com.br\\\/site\\\/2026\\\/05\\\/20\\\/acidente-em-sao-jose-do-rio-preto-alerta-para-cuidados-no-transito\\\/#primaryimage\"},\"image\":{\"@id\":\"https:\\\/\\\/ellotv.com.br\\\/site\\\/2026\\\/05\\\/20\\\/acidente-em-sao-jose-do-rio-preto-alerta-para-cuidados-no-transito\\\/#primaryimage\"},\"thumbnailUrl\":\"https:\\\/\\\/ellotv.com.br\\\/site\\\/wp-content\\\/uploads\\\/2026\\\/05\\\/IMG_20260520_092651.jpg.jpeg\",\"datePublished\":\"2026-05-20T12:28:27+00:00\",\"description\":\"Acidente em S\u00e3o Jos\u00e9 do Rio Preto alerta para risco de abrir porta de carro sem aten\u00e7\u00e3o e refor\u00e7a cuidados no tr\u00e2nsito.\",\"breadcrumb\":{\"@id\":\"https:\\\/\\\/ellotv.com.br\\\/site\\\/2026\\\/05\\\/20\\\/acidente-em-sao-jose-do-rio-preto-alerta-para-cuidados-no-transito\\\/#breadcrumb\"},\"inLanguage\":\"pt-BR\",\"potentialAction\":[{\"@type\":\"ReadAction\",\"target\":[\"https:\\\/\\\/ellotv.com.br\\\/site\\\/2026\\\/05\\\/20\\\/acidente-em-sao-jose-do-rio-preto-alerta-para-cuidados-no-transito\\\/\"]}]},{\"@type\":\"ImageObject\",\"inLanguage\":\"pt-BR\",\"@id\":\"https:\\\/\\\/ellotv.com.br\\\/site\\\/2026\\\/05\\\/20\\\/acidente-em-sao-jose-do-rio-preto-alerta-para-cuidados-no-transito\\\/#primaryimage\",\"url\":\"https:\\\/\\\/ellotv.com.br\\\/site\\\/wp-content\\\/uploads\\\/2026\\\/05\\\/IMG_20260520_092651.jpg.jpeg\",\"contentUrl\":\"https:\\\/\\\/ellotv.com.br\\\/site\\\/wp-content\\\/uploads\\\/2026\\\/05\\\/IMG_20260520_092651.jpg.jpeg\",\"width\":1080,\"height\":1498},{\"@type\":\"BreadcrumbList\",\"@id\":\"https:\\\/\\\/ellotv.com.br\\\/site\\\/2026\\\/05\\\/20\\\/acidente-em-sao-jose-do-rio-preto-alerta-para-cuidados-no-transito\\\/#breadcrumb\",\"itemListElement\":[{\"@type\":\"ListItem\",\"position\":1,\"name\":\"In\u00edcio\",\"item\":\"https:\\\/\\\/ellotv.com.br\\\/site\\\/\"},{\"@type\":\"ListItem\",\"position\":2,\"name\":\"Acidente em S\u00e3o Jos\u00e9 do Rio Preto alerta para cuidados no tr\u00e2nsito\"}]},{\"@type\":\"WebSite\",\"@id\":\"https:\\\/\\\/ellotv.com.br\\\/site\\\/#website\",\"url\":\"https:\\\/\\\/ellotv.com.br\\\/site\\\/\",\"name\":\"ELLO TV\",\"description\":\"\",\"publisher\":{\"@id\":\"https:\\\/\\\/ellotv.com.br\\\/site\\\/#organization\"},\"potentialAction\":[{\"@type\":\"SearchAction\",\"target\":{\"@type\":\"EntryPoint\",\"urlTemplate\":\"https:\\\/\\\/ellotv.com.br\\\/site\\\/?s={search_term_string}\"},\"query-input\":{\"@type\":\"PropertyValueSpecification\",\"valueRequired\":true,\"valueName\":\"search_term_string\"}}],\"inLanguage\":\"pt-BR\"},{\"@type\":\"Organization\",\"@id\":\"https:\\\/\\\/ellotv.com.br\\\/site\\\/#organization\",\"name\":\"ELLO TV\",\"url\":\"https:\\\/\\\/ellotv.com.br\\\/site\\\/\",\"logo\":{\"@type\":\"ImageObject\",\"inLanguage\":\"pt-BR\",\"@id\":\"https:\\\/\\\/ellotv.com.br\\\/site\\\/#\\\/schema\\\/logo\\\/image\\\/\",\"url\":\"https:\\\/\\\/ellotv.com.br\\\/site\\\/wp-content\\\/uploads\\\/2025\\\/11\\\/ello-logo-2.fw_.png\",\"contentUrl\":\"https:\\\/\\\/ellotv.com.br\\\/site\\\/wp-content\\\/uploads\\\/2025\\\/11\\\/ello-logo-2.fw_.png\",\"width\":400,\"height\":146,\"caption\":\"ELLO TV\"},\"image\":{\"@id\":\"https:\\\/\\\/ellotv.com.br\\\/site\\\/#\\\/schema\\\/logo\\\/image\\\/\"}},{\"@type\":\"Person\",\"@id\":\"https:\\\/\\\/ellotv.com.br\\\/site\\\/#\\\/schema\\\/person\\\/2dbe3abaee38dcc7332fc8205cd2b15d\",\"name\":\"ELLO TV\",\"image\":{\"@type\":\"ImageObject\",\"inLanguage\":\"pt-BR\",\"@id\":\"https:\\\/\\\/secure.gravatar.com\\\/avatar\\\/c38242b9da8ec217ac3f0aaee31a54f7d7befb11b2b47fdbc8fb0fad60afa1c6?s=96&d=mm&r=g\",\"url\":\"https:\\\/\\\/secure.gravatar.com\\\/avatar\\\/c38242b9da8ec217ac3f0aaee31a54f7d7befb11b2b47fdbc8fb0fad60afa1c6?s=96&d=mm&r=g\",\"contentUrl\":\"https:\\\/\\\/secure.gravatar.com\\\/avatar\\\/c38242b9da8ec217ac3f0aaee31a54f7d7befb11b2b47fdbc8fb0fad60afa1c6?s=96&d=mm&r=g\",\"caption\":\"ELLO TV\"},\"url\":\"https:\\\/\\\/ellotv.com.br\\\/site\\\/author\\\/elloagencia\\\/\"}]}<\/script>\n<!-- \/ Yoast SEO plugin. -->","yoast_head_json":{"title":"Acidente em S\u00e3o Jos\u00e9 do Rio Preto alerta para cuidados no tr\u00e2nsito - Ello TV","description":"Acidente em S\u00e3o Jos\u00e9 do Rio Preto alerta para risco de abrir porta de carro sem aten\u00e7\u00e3o e refor\u00e7a cuidados no tr\u00e2nsito.","robots":{"index":"index","follow":"follow","max-snippet":"max-snippet:-1","max-image-preview":"max-image-preview:large","max-video-preview":"max-video-preview:-1"},"canonical":"https:\/\/ellotv.com.br\/site\/2026\/05\/20\/acidente-em-sao-jose-do-rio-preto-alerta-para-cuidados-no-transito\/","og_locale":"pt_BR","og_type":"article","og_title":"Acidente em S\u00e3o Jos\u00e9 do Rio Preto alerta para cuidados no tr\u00e2nsito - Ello TV","og_description":"Acidente em S\u00e3o Jos\u00e9 do Rio Preto alerta para risco de abrir porta de carro sem aten\u00e7\u00e3o e refor\u00e7a cuidados no tr\u00e2nsito.","og_url":"https:\/\/ellotv.com.br\/site\/2026\/05\/20\/acidente-em-sao-jose-do-rio-preto-alerta-para-cuidados-no-transito\/","og_site_name":"Ello TV","article_published_time":"2026-05-20T12:28:27+00:00","og_image":[{"width":1080,"height":1498,"url":"https:\/\/ellotv.com.br\/site\/wp-content\/uploads\/2026\/05\/IMG_20260520_092651.jpg.jpeg","type":"image\/jpeg"}],"author":"ELLO TV","twitter_card":"summary_large_image","twitter_misc":{"Escrito por":"ELLO TV","Est. tempo de leitura":"1 minuto"},"schema":{"@context":"https:\/\/schema.org","@graph":[{"@type":"Article","@id":"https:\/\/ellotv.com.br\/site\/2026\/05\/20\/acidente-em-sao-jose-do-rio-preto-alerta-para-cuidados-no-transito\/#article","isPartOf":{"@id":"https:\/\/ellotv.com.br\/site\/2026\/05\/20\/acidente-em-sao-jose-do-rio-preto-alerta-para-cuidados-no-transito\/"},"author":{"name":"ELLO TV","@id":"https:\/\/ellotv.com.br\/site\/#\/schema\/person\/2dbe3abaee38dcc7332fc8205cd2b15d"},"headline":"Acidente em S\u00e3o Jos\u00e9 do Rio Preto alerta para cuidados no tr\u00e2nsito","datePublished":"2026-05-20T12:28:27+00:00","mainEntityOfPage":{"@id":"https:\/\/ellotv.com.br\/site\/2026\/05\/20\/acidente-em-sao-jose-do-rio-preto-alerta-para-cuidados-no-transito\/"},"wordCount":193,"commentCount":0,"publisher":{"@id":"https:\/\/ellotv.com.br\/site\/#organization"},"image":{"@id":"https:\/\/ellotv.com.br\/site\/2026\/05\/20\/acidente-em-sao-jose-do-rio-preto-alerta-para-cuidados-no-transito\/#primaryimage"},"thumbnailUrl":"https:\/\/ellotv.com.br\/site\/wp-content\/uploads\/2026\/05\/IMG_20260520_092651.jpg.jpeg","articleSection":["Brasil","Noticias"],"inLanguage":"pt-BR","potentialAction":[{"@type":"CommentAction","name":"Comment","target":["https:\/\/ellotv.com.br\/site\/2026\/05\/20\/acidente-em-sao-jose-do-rio-preto-alerta-para-cuidados-no-transito\/#respond"]}]},{"@type":"WebPage","@id":"https:\/\/ellotv.com.br\/site\/2026\/05\/20\/acidente-em-sao-jose-do-rio-preto-alerta-para-cuidados-no-transito\/","url":"https:\/\/ellotv.com.br\/site\/2026\/05\/20\/acidente-em-sao-jose-do-rio-preto-alerta-para-cuidados-no-transito\/","name":"Acidente em S\u00e3o Jos\u00e9 do Rio Preto alerta para cuidados no tr\u00e2nsito - Ello TV","isPartOf":{"@id":"https:\/\/ellotv.com.br\/site\/#website"},"primaryImageOfPage":{"@id":"https:\/\/ellotv.com.br\/site\/2026\/05\/20\/acidente-em-sao-jose-do-rio-preto-alerta-para-cuidados-no-transito\/#primaryimage"},"image":{"@id":"https:\/\/ellotv.com.br\/site\/2026\/05\/20\/acidente-em-sao-jose-do-rio-preto-alerta-para-cuidados-no-transito\/#primaryimage"},"thumbnailUrl":"https:\/\/ellotv.com.br\/site\/wp-content\/uploads\/2026\/05\/IMG_20260520_092651.jpg.jpeg","datePublished":"2026-05-20T12:28:27+00:00","description":"Acidente em S\u00e3o Jos\u00e9 do Rio Preto alerta para risco de abrir porta de carro sem aten\u00e7\u00e3o e refor\u00e7a cuidados no tr\u00e2nsito.","breadcrumb":{"@id":"https:\/\/ellotv.com.br\/site\/2026\/05\/20\/acidente-em-sao-jose-do-rio-preto-alerta-para-cuidados-no-transito\/#breadcrumb"},"inLanguage":"pt-BR","potentialAction":[{"@type":"ReadAction","target":["https:\/\/ellotv.com.br\/site\/2026\/05\/20\/acidente-em-sao-jose-do-rio-preto-alerta-para-cuidados-no-transito\/"]}]},{"@type":"ImageObject","inLanguage":"pt-BR","@id":"https:\/\/ellotv.com.br\/site\/2026\/05\/20\/acidente-em-sao-jose-do-rio-preto-alerta-para-cuidados-no-transito\/#primaryimage","url":"https:\/\/ellotv.com.br\/site\/wp-content\/uploads\/2026\/05\/IMG_20260520_092651.jpg.jpeg","contentUrl":"https:\/\/ellotv.com.br\/site\/wp-content\/uploads\/2026\/05\/IMG_20260520_092651.jpg.jpeg","width":1080,"height":1498},{"@type":"BreadcrumbList","@id":"https:\/\/ellotv.com.br\/site\/2026\/05\/20\/acidente-em-sao-jose-do-rio-preto-alerta-para-cuidados-no-transito\/#breadcrumb","itemListElement":[{"@type":"ListItem","position":1,"name":"In\u00edcio","item":"https:\/\/ellotv.com.br\/site\/"},{"@type":"ListItem","position":2,"name":"Acidente em S\u00e3o Jos\u00e9 do Rio Preto alerta para cuidados no tr\u00e2nsito"}]},{"@type":"WebSite","@id":"https:\/\/ellotv.com.br\/site\/#website","url":"https:\/\/ellotv.com.br\/site\/","name":"ELLO TV","description":"","publisher":{"@id":"https:\/\/ellotv.com.br\/site\/#organization"},"potentialAction":[{"@type":"SearchAction","target":{"@type":"EntryPoint","urlTemplate":"https:\/\/ellotv.com.br\/site\/?s={search_term_string}"},"query-input":{"@type":"PropertyValueSpecification","valueRequired":true,"valueName":"search_term_string"}}],"inLanguage":"pt-BR"},{"@type":"Organization","@id":"https:\/\/ellotv.com.br\/site\/#organization","name":"ELLO TV","url":"https:\/\/ellotv.com.br\/site\/","logo":{"@type":"ImageObject","inLanguage":"pt-BR","@id":"https:\/\/ellotv.com.br\/site\/#\/schema\/logo\/image\/","url":"https:\/\/ellotv.com.br\/site\/wp-content\/uploads\/2025\/11\/ello-logo-2.fw_.png","contentUrl":"https:\/\/ellotv.com.br\/site\/wp-content\/uploads\/2025\/11\/ello-logo-2.fw_.png","width":400,"height":146,"caption":"ELLO TV"},"image":{"@id":"https:\/\/ellotv.com.br\/site\/#\/schema\/logo\/image\/"}},{"@type":"Person","@id":"https:\/\/ellotv.com.br\/site\/#\/schema\/person\/2dbe3abaee38dcc7332fc8205cd2b15d","name":"ELLO TV","image":{"@type":"ImageObject","inLanguage":"pt-BR","@id":"https:\/\/secure.gravatar.com\/avatar\/c38242b9da8ec217ac3f0aaee31a54f7d7befb11b2b47fdbc8fb0fad60afa1c6?s=96&d=mm&r=g","url":"https:\/\/secure.gravatar.com\/avatar\/c38242b9da8ec217ac3f0aaee31a54f7d7befb11b2b47fdbc8fb0fad60afa1c6?s=96&d=mm&r=g","contentUrl":"https:\/\/secure.gravatar.com\/avatar\/c38242b9da8ec217ac3f0aaee31a54f7d7befb11b2b47fdbc8fb0fad60afa1c6?s=96&d=mm&r=g","caption":"ELLO TV"},"url":"https:\/\/ellotv.com.br\/site\/author\/elloagencia\/"}]}},"featured_image_urls":{"full":["https:\/\/ellotv.com.br\/site\/wp-content\/uploads\/2026\/05\/IMG_20260520_092651.jpg.jpeg",1080,1498,false],"thumbnail":["https:\/\/ellotv.com.br\/site\/wp-content\/uploads\/2026\/05\/IMG_20260520_092651.jpg-150x150.jpeg",150,150,true],"medium":["https:\/\/ellotv.com.br\/site\/wp-content\/uploads\/2026\/05\/IMG_20260520_092651.jpg-216x300.jpeg",216,300,true],"medium_large":["https:\/\/ellotv.com.br\/site\/wp-content\/uploads\/2026\/05\/IMG_20260520_092651.jpg-768x1065.jpeg",640,888,true],"large":["https:\/\/ellotv.com.br\/site\/wp-content\/uploads\/2026\/05\/IMG_20260520_092651.jpg-738x1024.jpeg",640,888,true],"1536x1536":["https:\/\/ellotv.com.br\/site\/wp-content\/uploads\/2026\/05\/IMG_20260520_092651.jpg.jpeg",1080,1498,false],"2048x2048":["https:\/\/ellotv.com.br\/site\/wp-content\/uploads\/2026\/05\/IMG_20260520_092651.jpg.jpeg",1080,1498,false],"darknews-slider-full":["https:\/\/ellotv.com.br\/site\/wp-content\/uploads\/2026\/05\/IMG_20260520_092651.jpg-1080x720.jpeg",1080,720,true],"darknews-featured":["https:\/\/ellotv.com.br\/site\/wp-content\/uploads\/2026\/05\/IMG_20260520_092651.jpg-1024x1420.jpeg",1024,1420,true],"darknews-medium":["https:\/\/ellotv.com.br\/site\/wp-content\/uploads\/2026\/05\/IMG_20260520_092651.jpg-720x530.jpeg",720,530,true],"darknews-medium-square":["https:\/\/ellotv.com.br\/site\/wp-content\/uploads\/2026\/05\/IMG_20260520_092651.jpg-350x350.jpeg",350,350,true]},"author_info":{"info":["ELLO TV"]},"category_info":"<a href=\"https:\/\/ellotv.com.br\/site\/category\/brasil\/\" rel=\"category tag\">Brasil<\/a> <a href=\"https:\/\/ellotv.com.br\/site\/category\/noticias\/\" rel=\"category tag\">Noticias<\/a>","tag_info":"Noticias","comment_count":"0","_links":{"self":[{"href":"https:\/\/ellotv.com.br\/site\/wp-json\/wp\/v2\/posts\/6182","targetHints":{"allow":["GET"]}}],"collection":[{"href":"https:\/\/ellotv.com.br\/site\/wp-json\/wp\/v2\/posts"}],"about":[{"href":"https:\/\/ellotv.com.br\/site\/wp-json\/wp\/v2\/types\/post"}],"author":[{"embeddable":true,"href":"https:\/\/ellotv.com.br\/site\/wp-json\/wp\/v2\/users\/2"}],"replies":[{"embeddable":true,"href":"https:\/\/ellotv.com.br\/site\/wp-json\/wp\/v2\/comments?post=6182"}],"version-history":[{"count":1,"href":"https:\/\/ellotv.com.br\/site\/wp-json\/wp\/v2\/posts\/6182\/revisions"}],"predecessor-version":[{"id":6184,"href":"https:\/\/ellotv.com.br\/site\/wp-json\/wp\/v2\/posts\/6182\/revisions\/6184"}],"wp:featuredmedia":[{"embeddable":true,"href":"https:\/\/ellotv.com.br\/site\/wp-json\/wp\/v2\/media\/6185"}],"wp:attachment":[{"href":"https:\/\/ellotv.com.br\/site\/wp-json\/wp\/v2\/media?parent=6182"}],"wp:term":[{"taxonomy":"category","embeddable":true,"href":"https:\/\/ellotv.com.br\/site\/wp-json\/wp\/v2\/categories?post=6182"},{"taxonomy":"post_tag","embeddable":true,"href":"https:\/\/ellotv.com.br\/site\/wp-json\/wp\/v2\/tags?post=6182"}],"curies":[{"name":"wp","href":"https:\/\/api.w.org\/{rel}","templated":true}]}}