{"id":6190,"date":"2026-05-20T16:33:47","date_gmt":"2026-05-20T19:33:47","guid":{"rendered":"https:\/\/ellotv.com.br\/site\/?p=6190"},"modified":"2026-05-20T16:33:47","modified_gmt":"2026-05-20T19:33:47","slug":"em-brasilia-marconi-santana-participa-de-jantar-da-amupe-e-reforca-sintonia-com-liderancas-estaduais-e-nacionais","status":"publish","type":"post","link":"https:\/\/ellotv.com.br\/site\/2026\/05\/20\/em-brasilia-marconi-santana-participa-de-jantar-da-amupe-e-reforca-sintonia-com-liderancas-estaduais-e-nacionais\/","title":{"rendered":"EM BRAS\u00cdLIA, MARCONI SANTANA PARTICIPA DE JANTAR DA AMUPE E REFOR\u00c7A SINTONIA COM LIDERAN\u00c7AS ESTADUAIS E NACIONAIS"},"content":{"rendered":"<p data-start=\"95\" data-end=\"368\">Cumprindo agenda oficial em <span class=\"hover:entity-accent entity-underline inline cursor-pointer align-baseline\"><span class=\"whitespace-normal\">Bras\u00edlia<\/span><\/span> durante a <span class=\"hover:entity-accent entity-underline inline cursor-pointer align-baseline\"><span class=\"whitespace-normal\">XXVII Marcha em Defesa dos Munic\u00edpios<\/span><\/span>, o l\u00edder pol\u00edtico <span class=\"hover:entity-accent entity-underline inline cursor-pointer align-baseline\"><span class=\"whitespace-normal\">Marconi Santana<\/span><\/span> vivenciou, na noite da \u00faltima segunda-feira (19), um momento de integra\u00e7\u00e3o e articula\u00e7\u00e3o institucional.<\/p>\n<h3 data-section-id=\"1i98e3s\" data-start=\"370\" data-end=\"400\">Encontro com lideran\u00e7as<\/h3>\n<p data-start=\"401\" data-end=\"598\">Marconi participou do tradicional jantar promovido pela <span class=\"hover:entity-accent entity-underline inline cursor-pointer align-baseline\"><span class=\"whitespace-normal\">Amupe<\/span><\/span>, que reuniu autoridades e a bancada pernambucana em um ambiente marcado pela celebra\u00e7\u00e3o e pelo di\u00e1logo.<\/p>\n<p data-start=\"600\" data-end=\"910\">Durante o encontro, ele esteve ao lado da governadora <span class=\"hover:entity-accent entity-underline inline cursor-pointer align-baseline\"><span class=\"whitespace-normal\">Raquel Lyra<\/span><\/span> e do ministro <span class=\"hover:entity-accent entity-underline inline cursor-pointer align-baseline\"><span class=\"whitespace-normal\">L\u00e1zaro Medeiros<\/span><\/span>, refor\u00e7ando a boa interlocu\u00e7\u00e3o pol\u00edtica e o alinhamento institucional. O evento contou ainda com a presen\u00e7a do deputado federal <span class=\"hover:entity-accent entity-underline inline cursor-pointer align-baseline\"><span class=\"whitespace-normal\">Lucas Ramos<\/span><\/span>.<\/p>\n<h3 data-section-id=\"hjawsm\" data-start=\"912\" data-end=\"934\">Uni\u00e3o do Sert\u00e3o<\/h3>\n<p data-start=\"935\" data-end=\"1200\">Demonstrando a for\u00e7a das lideran\u00e7as do Sert\u00e3o, Marconi esteve acompanhado pelos prefeitos <span class=\"hover:entity-accent entity-underline inline cursor-pointer align-baseline\"><span class=\"whitespace-normal\">Gilberto Ribeiro<\/span><\/span> e <span class=\"hover:entity-accent entity-underline inline cursor-pointer align-baseline\"><span class=\"whitespace-normal\">Gildevan Melo<\/span><\/span>, al\u00e9m de comitivas de vereadores aliados, fortalecendo a representatividade das bases municipais.<\/p>\n<h3 data-section-id=\"1smj3xs\" data-start=\"1202\" data-end=\"1238\">Fortalecimento institucional<\/h3>\n<p data-start=\"1239\" data-end=\"1483\">A participa\u00e7\u00e3o no jantar marcou o segundo dia de atividades da comitiva na Marcha dos Prefeitos, evidenciando a import\u00e2ncia do di\u00e1logo entre os entes federativos para consolidar parcerias e promover a\u00e7\u00f5es em benef\u00edcio da popula\u00e7\u00e3o pernambucana.<\/p>\n<p data-start=\"1239\" data-end=\"1483\"><img fetchpriority=\"high\" decoding=\"async\" class=\"aligncenter wp-image-6192 size-full\" src=\"https:\/\/ellotv.com.br\/site\/wp-content\/uploads\/2026\/05\/WhatsApp-Image-2026-05-20-at-15.08.29-2.jpeg\" alt=\"\" width=\"960\" height=\"1280\" srcset=\"https:\/\/ellotv.com.br\/site\/wp-content\/uploads\/2026\/05\/WhatsApp-Image-2026-05-20-at-15.08.29-2.jpeg 960w, https:\/\/ellotv.com.br\/site\/wp-content\/uploads\/2026\/05\/WhatsApp-Image-2026-05-20-at-15.08.29-2-225x300.jpeg 225w, https:\/\/ellotv.com.br\/site\/wp-content\/uploads\/2026\/05\/WhatsApp-Image-2026-05-20-at-15.08.29-2-768x1024.jpeg 768w\" sizes=\"(max-width: 960px) 100vw, 960px\" \/> <img decoding=\"async\" class=\"aligncenter wp-image-6193 size-full\" src=\"https:\/\/ellotv.com.br\/site\/wp-content\/uploads\/2026\/05\/WhatsApp-Image-2026-05-20-at-15.08.29-1.jpeg\" alt=\"\" width=\"960\" height=\"1280\" srcset=\"https:\/\/ellotv.com.br\/site\/wp-content\/uploads\/2026\/05\/WhatsApp-Image-2026-05-20-at-15.08.29-1.jpeg 960w, https:\/\/ellotv.com.br\/site\/wp-content\/uploads\/2026\/05\/WhatsApp-Image-2026-05-20-at-15.08.29-1-225x300.jpeg 225w, https:\/\/ellotv.com.br\/site\/wp-content\/uploads\/2026\/05\/WhatsApp-Image-2026-05-20-at-15.08.29-1-768x1024.jpeg 768w\" sizes=\"(max-width: 960px) 100vw, 960px\" \/><\/p>\n","protected":false},"excerpt":{"rendered":"<p>Cumprindo agenda oficial em Bras\u00edlia durante a XXVII Marcha em Defesa dos Munic\u00edpios, o l\u00edder pol\u00edtico Marconi Santana<\/p>\n","protected":false},"author":2,"featured_media":6191,"comment_status":"open","ping_status":"open","sticky":false,"template":"","format":"standard","meta":{"footnotes":""},"categories":[8,12],"tags":[],"class_list":["post-6190","post","type-post","status-publish","format-standard","has-post-thumbnail","hentry","category-brasil","category-noticias"],"yoast_head":"<!-- This site is optimized with the Yoast SEO plugin v28.3 - https:\/\/yoast.com\/product\/yoast-seo-wordpress\/ -->\n<title>EM BRAS\u00cdLIA, MARCONI SANTANA PARTICIPA DE JANTAR DA AMUPE E REFOR\u00c7A SINTONIA COM LIDERAN\u00c7AS ESTADUAIS E NACIONAIS - Ello TV<\/title>\n<meta name=\"description\" content=\"Marconi Santana participa de jantar da Amupe em Bras\u00edlia durante a Marcha dos Prefeitos e fortalece articula\u00e7\u00e3o pol\u00edtica com lideran\u00e7as de Pernambuco.\" \/>\n<meta name=\"robots\" content=\"index, follow, max-snippet:-1, max-image-preview:large, max-video-preview:-1\" \/>\n<link rel=\"canonical\" href=\"https:\/\/ellotv.com.br\/site\/2026\/05\/20\/em-brasilia-marconi-santana-participa-de-jantar-da-amupe-e-reforca-sintonia-com-liderancas-estaduais-e-nacionais\/\" \/>\n<meta property=\"og:locale\" content=\"pt_BR\" \/>\n<meta property=\"og:type\" content=\"article\" \/>\n<meta property=\"og:title\" content=\"EM BRAS\u00cdLIA, MARCONI SANTANA PARTICIPA DE JANTAR DA AMUPE E REFOR\u00c7A SINTONIA COM LIDERAN\u00c7AS ESTADUAIS E NACIONAIS - Ello TV\" \/>\n<meta property=\"og:description\" content=\"Marconi Santana participa de jantar da Amupe em Bras\u00edlia durante a Marcha dos Prefeitos e fortalece articula\u00e7\u00e3o pol\u00edtica com lideran\u00e7as de Pernambuco.\" \/>\n<meta property=\"og:url\" content=\"https:\/\/ellotv.com.br\/site\/2026\/05\/20\/em-brasilia-marconi-santana-participa-de-jantar-da-amupe-e-reforca-sintonia-com-liderancas-estaduais-e-nacionais\/\" \/>\n<meta property=\"og:site_name\" content=\"Ello TV\" \/>\n<meta property=\"article:published_time\" content=\"2026-05-20T19:33:47+00:00\" \/>\n<meta property=\"og:image\" content=\"https:\/\/ellotv.com.br\/site\/wp-content\/uploads\/2026\/05\/WhatsApp-Image-2026-05-20-at-15.08.29.jpeg\" \/>\n\t<meta property=\"og:image:width\" content=\"960\" \/>\n\t<meta property=\"og:image:height\" content=\"1280\" \/>\n\t<meta property=\"og:image:type\" content=\"image\/jpeg\" \/>\n<meta name=\"author\" content=\"ELLO TV\" \/>\n<meta name=\"twitter:card\" content=\"summary_large_image\" \/>\n<meta name=\"twitter:label1\" content=\"Escrito por\" \/>\n\t<meta name=\"twitter:data1\" content=\"ELLO TV\" \/>\n\t<meta name=\"twitter:label2\" content=\"Est. tempo de leitura\" \/>\n\t<meta name=\"twitter:data2\" content=\"1 minuto\" \/>\n<script type=\"application\/ld+json\" class=\"yoast-schema-graph\">{\"@context\":\"https:\\\/\\\/schema.org\",\"@graph\":[{\"@type\":\"Article\",\"@id\":\"https:\\\/\\\/ellotv.com.br\\\/site\\\/2026\\\/05\\\/20\\\/em-brasilia-marconi-santana-participa-de-jantar-da-amupe-e-reforca-sintonia-com-liderancas-estaduais-e-nacionais\\\/#article\",\"isPartOf\":{\"@id\":\"https:\\\/\\\/ellotv.com.br\\\/site\\\/2026\\\/05\\\/20\\\/em-brasilia-marconi-santana-participa-de-jantar-da-amupe-e-reforca-sintonia-com-liderancas-estaduais-e-nacionais\\\/\"},\"author\":{\"name\":\"ELLO TV\",\"@id\":\"https:\\\/\\\/ellotv.com.br\\\/site\\\/#\\\/schema\\\/person\\\/2dbe3abaee38dcc7332fc8205cd2b15d\"},\"headline\":\"EM BRAS\u00cdLIA, MARCONI SANTANA PARTICIPA DE JANTAR DA AMUPE E REFOR\u00c7A SINTONIA COM LIDERAN\u00c7AS ESTADUAIS E NACIONAIS\",\"datePublished\":\"2026-05-20T19:33:47+00:00\",\"mainEntityOfPage\":{\"@id\":\"https:\\\/\\\/ellotv.com.br\\\/site\\\/2026\\\/05\\\/20\\\/em-brasilia-marconi-santana-participa-de-jantar-da-amupe-e-reforca-sintonia-com-liderancas-estaduais-e-nacionais\\\/\"},\"wordCount\":211,\"commentCount\":0,\"publisher\":{\"@id\":\"https:\\\/\\\/ellotv.com.br\\\/site\\\/#organization\"},\"image\":{\"@id\":\"https:\\\/\\\/ellotv.com.br\\\/site\\\/2026\\\/05\\\/20\\\/em-brasilia-marconi-santana-participa-de-jantar-da-amupe-e-reforca-sintonia-com-liderancas-estaduais-e-nacionais\\\/#primaryimage\"},\"thumbnailUrl\":\"https:\\\/\\\/ellotv.com.br\\\/site\\\/wp-content\\\/uploads\\\/2026\\\/05\\\/WhatsApp-Image-2026-05-20-at-15.08.29.jpeg\",\"articleSection\":[\"Brasil\",\"Noticias\"],\"inLanguage\":\"pt-BR\",\"potentialAction\":[{\"@type\":\"CommentAction\",\"name\":\"Comment\",\"target\":[\"https:\\\/\\\/ellotv.com.br\\\/site\\\/2026\\\/05\\\/20\\\/em-brasilia-marconi-santana-participa-de-jantar-da-amupe-e-reforca-sintonia-com-liderancas-estaduais-e-nacionais\\\/#respond\"]}]},{\"@type\":\"WebPage\",\"@id\":\"https:\\\/\\\/ellotv.com.br\\\/site\\\/2026\\\/05\\\/20\\\/em-brasilia-marconi-santana-participa-de-jantar-da-amupe-e-reforca-sintonia-com-liderancas-estaduais-e-nacionais\\\/\",\"url\":\"https:\\\/\\\/ellotv.com.br\\\/site\\\/2026\\\/05\\\/20\\\/em-brasilia-marconi-santana-participa-de-jantar-da-amupe-e-reforca-sintonia-com-liderancas-estaduais-e-nacionais\\\/\",\"name\":\"EM BRAS\u00cdLIA, MARCONI SANTANA PARTICIPA DE JANTAR DA AMUPE E REFOR\u00c7A SINTONIA COM LIDERAN\u00c7AS ESTADUAIS E NACIONAIS - Ello TV\",\"isPartOf\":{\"@id\":\"https:\\\/\\\/ellotv.com.br\\\/site\\\/#website\"},\"primaryImageOfPage\":{\"@id\":\"https:\\\/\\\/ellotv.com.br\\\/site\\\/2026\\\/05\\\/20\\\/em-brasilia-marconi-santana-participa-de-jantar-da-amupe-e-reforca-sintonia-com-liderancas-estaduais-e-nacionais\\\/#primaryimage\"},\"image\":{\"@id\":\"https:\\\/\\\/ellotv.com.br\\\/site\\\/2026\\\/05\\\/20\\\/em-brasilia-marconi-santana-participa-de-jantar-da-amupe-e-reforca-sintonia-com-liderancas-estaduais-e-nacionais\\\/#primaryimage\"},\"thumbnailUrl\":\"https:\\\/\\\/ellotv.com.br\\\/site\\\/wp-content\\\/uploads\\\/2026\\\/05\\\/WhatsApp-Image-2026-05-20-at-15.08.29.jpeg\",\"datePublished\":\"2026-05-20T19:33:47+00:00\",\"description\":\"Marconi Santana participa de jantar da Amupe em Bras\u00edlia durante a Marcha dos Prefeitos e fortalece articula\u00e7\u00e3o pol\u00edtica com lideran\u00e7as de Pernambuco.\",\"breadcrumb\":{\"@id\":\"https:\\\/\\\/ellotv.com.br\\\/site\\\/2026\\\/05\\\/20\\\/em-brasilia-marconi-santana-participa-de-jantar-da-amupe-e-reforca-sintonia-com-liderancas-estaduais-e-nacionais\\\/#breadcrumb\"},\"inLanguage\":\"pt-BR\",\"potentialAction\":[{\"@type\":\"ReadAction\",\"target\":[\"https:\\\/\\\/ellotv.com.br\\\/site\\\/2026\\\/05\\\/20\\\/em-brasilia-marconi-santana-participa-de-jantar-da-amupe-e-reforca-sintonia-com-liderancas-estaduais-e-nacionais\\\/\"]}]},{\"@type\":\"ImageObject\",\"inLanguage\":\"pt-BR\",\"@id\":\"https:\\\/\\\/ellotv.com.br\\\/site\\\/2026\\\/05\\\/20\\\/em-brasilia-marconi-santana-participa-de-jantar-da-amupe-e-reforca-sintonia-com-liderancas-estaduais-e-nacionais\\\/#primaryimage\",\"url\":\"https:\\\/\\\/ellotv.com.br\\\/site\\\/wp-content\\\/uploads\\\/2026\\\/05\\\/WhatsApp-Image-2026-05-20-at-15.08.29.jpeg\",\"contentUrl\":\"https:\\\/\\\/ellotv.com.br\\\/site\\\/wp-content\\\/uploads\\\/2026\\\/05\\\/WhatsApp-Image-2026-05-20-at-15.08.29.jpeg\",\"width\":960,\"height\":1280},{\"@type\":\"BreadcrumbList\",\"@id\":\"https:\\\/\\\/ellotv.com.br\\\/site\\\/2026\\\/05\\\/20\\\/em-brasilia-marconi-santana-participa-de-jantar-da-amupe-e-reforca-sintonia-com-liderancas-estaduais-e-nacionais\\\/#breadcrumb\",\"itemListElement\":[{\"@type\":\"ListItem\",\"position\":1,\"name\":\"In\u00edcio\",\"item\":\"https:\\\/\\\/ellotv.com.br\\\/site\\\/\"},{\"@type\":\"ListItem\",\"position\":2,\"name\":\"EM BRAS\u00cdLIA, MARCONI SANTANA PARTICIPA DE JANTAR DA AMUPE E REFOR\u00c7A SINTONIA COM LIDERAN\u00c7AS ESTADUAIS E NACIONAIS\"}]},{\"@type\":\"WebSite\",\"@id\":\"https:\\\/\\\/ellotv.com.br\\\/site\\\/#website\",\"url\":\"https:\\\/\\\/ellotv.com.br\\\/site\\\/\",\"name\":\"ELLO TV\",\"description\":\"\",\"publisher\":{\"@id\":\"https:\\\/\\\/ellotv.com.br\\\/site\\\/#organization\"},\"potentialAction\":[{\"@type\":\"SearchAction\",\"target\":{\"@type\":\"EntryPoint\",\"urlTemplate\":\"https:\\\/\\\/ellotv.com.br\\\/site\\\/?s={search_term_string}\"},\"query-input\":{\"@type\":\"PropertyValueSpecification\",\"valueRequired\":true,\"valueName\":\"search_term_string\"}}],\"inLanguage\":\"pt-BR\"},{\"@type\":\"Organization\",\"@id\":\"https:\\\/\\\/ellotv.com.br\\\/site\\\/#organization\",\"name\":\"ELLO TV\",\"url\":\"https:\\\/\\\/ellotv.com.br\\\/site\\\/\",\"logo\":{\"@type\":\"ImageObject\",\"inLanguage\":\"pt-BR\",\"@id\":\"https:\\\/\\\/ellotv.com.br\\\/site\\\/#\\\/schema\\\/logo\\\/image\\\/\",\"url\":\"https:\\\/\\\/ellotv.com.br\\\/site\\\/wp-content\\\/uploads\\\/2025\\\/11\\\/ello-logo-2.fw_.png\",\"contentUrl\":\"https:\\\/\\\/ellotv.com.br\\\/site\\\/wp-content\\\/uploads\\\/2025\\\/11\\\/ello-logo-2.fw_.png\",\"width\":400,\"height\":146,\"caption\":\"ELLO TV\"},\"image\":{\"@id\":\"https:\\\/\\\/ellotv.com.br\\\/site\\\/#\\\/schema\\\/logo\\\/image\\\/\"}},{\"@type\":\"Person\",\"@id\":\"https:\\\/\\\/ellotv.com.br\\\/site\\\/#\\\/schema\\\/person\\\/2dbe3abaee38dcc7332fc8205cd2b15d\",\"name\":\"ELLO TV\",\"image\":{\"@type\":\"ImageObject\",\"inLanguage\":\"pt-BR\",\"@id\":\"https:\\\/\\\/secure.gravatar.com\\\/avatar\\\/c38242b9da8ec217ac3f0aaee31a54f7d7befb11b2b47fdbc8fb0fad60afa1c6?s=96&d=mm&r=g\",\"url\":\"https:\\\/\\\/secure.gravatar.com\\\/avatar\\\/c38242b9da8ec217ac3f0aaee31a54f7d7befb11b2b47fdbc8fb0fad60afa1c6?s=96&d=mm&r=g\",\"contentUrl\":\"https:\\\/\\\/secure.gravatar.com\\\/avatar\\\/c38242b9da8ec217ac3f0aaee31a54f7d7befb11b2b47fdbc8fb0fad60afa1c6?s=96&d=mm&r=g\",\"caption\":\"ELLO TV\"},\"url\":\"https:\\\/\\\/ellotv.com.br\\\/site\\\/author\\\/elloagencia\\\/\"}]}<\/script>\n<!-- \/ Yoast SEO plugin. -->","yoast_head_json":{"title":"EM BRAS\u00cdLIA, MARCONI SANTANA PARTICIPA DE JANTAR DA AMUPE E REFOR\u00c7A SINTONIA COM LIDERAN\u00c7AS ESTADUAIS E NACIONAIS - Ello TV","description":"Marconi Santana participa de jantar da Amupe em Bras\u00edlia durante a Marcha dos Prefeitos e fortalece articula\u00e7\u00e3o pol\u00edtica com lideran\u00e7as de Pernambuco.","robots":{"index":"index","follow":"follow","max-snippet":"max-snippet:-1","max-image-preview":"max-image-preview:large","max-video-preview":"max-video-preview:-1"},"canonical":"https:\/\/ellotv.com.br\/site\/2026\/05\/20\/em-brasilia-marconi-santana-participa-de-jantar-da-amupe-e-reforca-sintonia-com-liderancas-estaduais-e-nacionais\/","og_locale":"pt_BR","og_type":"article","og_title":"EM BRAS\u00cdLIA, MARCONI SANTANA PARTICIPA DE JANTAR DA AMUPE E REFOR\u00c7A SINTONIA COM LIDERAN\u00c7AS ESTADUAIS E NACIONAIS - Ello TV","og_description":"Marconi Santana participa de jantar da Amupe em Bras\u00edlia durante a Marcha dos Prefeitos e fortalece articula\u00e7\u00e3o pol\u00edtica com lideran\u00e7as de Pernambuco.","og_url":"https:\/\/ellotv.com.br\/site\/2026\/05\/20\/em-brasilia-marconi-santana-participa-de-jantar-da-amupe-e-reforca-sintonia-com-liderancas-estaduais-e-nacionais\/","og_site_name":"Ello TV","article_published_time":"2026-05-20T19:33:47+00:00","og_image":[{"width":960,"height":1280,"url":"https:\/\/ellotv.com.br\/site\/wp-content\/uploads\/2026\/05\/WhatsApp-Image-2026-05-20-at-15.08.29.jpeg","type":"image\/jpeg"}],"author":"ELLO TV","twitter_card":"summary_large_image","twitter_misc":{"Escrito por":"ELLO TV","Est. tempo de leitura":"1 minuto"},"schema":{"@context":"https:\/\/schema.org","@graph":[{"@type":"Article","@id":"https:\/\/ellotv.com.br\/site\/2026\/05\/20\/em-brasilia-marconi-santana-participa-de-jantar-da-amupe-e-reforca-sintonia-com-liderancas-estaduais-e-nacionais\/#article","isPartOf":{"@id":"https:\/\/ellotv.com.br\/site\/2026\/05\/20\/em-brasilia-marconi-santana-participa-de-jantar-da-amupe-e-reforca-sintonia-com-liderancas-estaduais-e-nacionais\/"},"author":{"name":"ELLO TV","@id":"https:\/\/ellotv.com.br\/site\/#\/schema\/person\/2dbe3abaee38dcc7332fc8205cd2b15d"},"headline":"EM BRAS\u00cdLIA, MARCONI SANTANA PARTICIPA DE JANTAR DA AMUPE E REFOR\u00c7A SINTONIA COM LIDERAN\u00c7AS ESTADUAIS E NACIONAIS","datePublished":"2026-05-20T19:33:47+00:00","mainEntityOfPage":{"@id":"https:\/\/ellotv.com.br\/site\/2026\/05\/20\/em-brasilia-marconi-santana-participa-de-jantar-da-amupe-e-reforca-sintonia-com-liderancas-estaduais-e-nacionais\/"},"wordCount":211,"commentCount":0,"publisher":{"@id":"https:\/\/ellotv.com.br\/site\/#organization"},"image":{"@id":"https:\/\/ellotv.com.br\/site\/2026\/05\/20\/em-brasilia-marconi-santana-participa-de-jantar-da-amupe-e-reforca-sintonia-com-liderancas-estaduais-e-nacionais\/#primaryimage"},"thumbnailUrl":"https:\/\/ellotv.com.br\/site\/wp-content\/uploads\/2026\/05\/WhatsApp-Image-2026-05-20-at-15.08.29.jpeg","articleSection":["Brasil","Noticias"],"inLanguage":"pt-BR","potentialAction":[{"@type":"CommentAction","name":"Comment","target":["https:\/\/ellotv.com.br\/site\/2026\/05\/20\/em-brasilia-marconi-santana-participa-de-jantar-da-amupe-e-reforca-sintonia-com-liderancas-estaduais-e-nacionais\/#respond"]}]},{"@type":"WebPage","@id":"https:\/\/ellotv.com.br\/site\/2026\/05\/20\/em-brasilia-marconi-santana-participa-de-jantar-da-amupe-e-reforca-sintonia-com-liderancas-estaduais-e-nacionais\/","url":"https:\/\/ellotv.com.br\/site\/2026\/05\/20\/em-brasilia-marconi-santana-participa-de-jantar-da-amupe-e-reforca-sintonia-com-liderancas-estaduais-e-nacionais\/","name":"EM BRAS\u00cdLIA, MARCONI SANTANA PARTICIPA DE JANTAR DA AMUPE E REFOR\u00c7A SINTONIA COM LIDERAN\u00c7AS ESTADUAIS E NACIONAIS - Ello TV","isPartOf":{"@id":"https:\/\/ellotv.com.br\/site\/#website"},"primaryImageOfPage":{"@id":"https:\/\/ellotv.com.br\/site\/2026\/05\/20\/em-brasilia-marconi-santana-participa-de-jantar-da-amupe-e-reforca-sintonia-com-liderancas-estaduais-e-nacionais\/#primaryimage"},"image":{"@id":"https:\/\/ellotv.com.br\/site\/2026\/05\/20\/em-brasilia-marconi-santana-participa-de-jantar-da-amupe-e-reforca-sintonia-com-liderancas-estaduais-e-nacionais\/#primaryimage"},"thumbnailUrl":"https:\/\/ellotv.com.br\/site\/wp-content\/uploads\/2026\/05\/WhatsApp-Image-2026-05-20-at-15.08.29.jpeg","datePublished":"2026-05-20T19:33:47+00:00","description":"Marconi Santana participa de jantar da Amupe em Bras\u00edlia durante a Marcha dos Prefeitos e fortalece articula\u00e7\u00e3o pol\u00edtica com lideran\u00e7as de Pernambuco.","breadcrumb":{"@id":"https:\/\/ellotv.com.br\/site\/2026\/05\/20\/em-brasilia-marconi-santana-participa-de-jantar-da-amupe-e-reforca-sintonia-com-liderancas-estaduais-e-nacionais\/#breadcrumb"},"inLanguage":"pt-BR","potentialAction":[{"@type":"ReadAction","target":["https:\/\/ellotv.com.br\/site\/2026\/05\/20\/em-brasilia-marconi-santana-participa-de-jantar-da-amupe-e-reforca-sintonia-com-liderancas-estaduais-e-nacionais\/"]}]},{"@type":"ImageObject","inLanguage":"pt-BR","@id":"https:\/\/ellotv.com.br\/site\/2026\/05\/20\/em-brasilia-marconi-santana-participa-de-jantar-da-amupe-e-reforca-sintonia-com-liderancas-estaduais-e-nacionais\/#primaryimage","url":"https:\/\/ellotv.com.br\/site\/wp-content\/uploads\/2026\/05\/WhatsApp-Image-2026-05-20-at-15.08.29.jpeg","contentUrl":"https:\/\/ellotv.com.br\/site\/wp-content\/uploads\/2026\/05\/WhatsApp-Image-2026-05-20-at-15.08.29.jpeg","width":960,"height":1280},{"@type":"BreadcrumbList","@id":"https:\/\/ellotv.com.br\/site\/2026\/05\/20\/em-brasilia-marconi-santana-participa-de-jantar-da-amupe-e-reforca-sintonia-com-liderancas-estaduais-e-nacionais\/#breadcrumb","itemListElement":[{"@type":"ListItem","position":1,"name":"In\u00edcio","item":"https:\/\/ellotv.com.br\/site\/"},{"@type":"ListItem","position":2,"name":"EM BRAS\u00cdLIA, MARCONI SANTANA PARTICIPA DE JANTAR DA AMUPE E REFOR\u00c7A SINTONIA COM LIDERAN\u00c7AS ESTADUAIS E NACIONAIS"}]},{"@type":"WebSite","@id":"https:\/\/ellotv.com.br\/site\/#website","url":"https:\/\/ellotv.com.br\/site\/","name":"ELLO TV","description":"","publisher":{"@id":"https:\/\/ellotv.com.br\/site\/#organization"},"potentialAction":[{"@type":"SearchAction","target":{"@type":"EntryPoint","urlTemplate":"https:\/\/ellotv.com.br\/site\/?s={search_term_string}"},"query-input":{"@type":"PropertyValueSpecification","valueRequired":true,"valueName":"search_term_string"}}],"inLanguage":"pt-BR"},{"@type":"Organization","@id":"https:\/\/ellotv.com.br\/site\/#organization","name":"ELLO TV","url":"https:\/\/ellotv.com.br\/site\/","logo":{"@type":"ImageObject","inLanguage":"pt-BR","@id":"https:\/\/ellotv.com.br\/site\/#\/schema\/logo\/image\/","url":"https:\/\/ellotv.com.br\/site\/wp-content\/uploads\/2025\/11\/ello-logo-2.fw_.png","contentUrl":"https:\/\/ellotv.com.br\/site\/wp-content\/uploads\/2025\/11\/ello-logo-2.fw_.png","width":400,"height":146,"caption":"ELLO TV"},"image":{"@id":"https:\/\/ellotv.com.br\/site\/#\/schema\/logo\/image\/"}},{"@type":"Person","@id":"https:\/\/ellotv.com.br\/site\/#\/schema\/person\/2dbe3abaee38dcc7332fc8205cd2b15d","name":"ELLO TV","image":{"@type":"ImageObject","inLanguage":"pt-BR","@id":"https:\/\/secure.gravatar.com\/avatar\/c38242b9da8ec217ac3f0aaee31a54f7d7befb11b2b47fdbc8fb0fad60afa1c6?s=96&d=mm&r=g","url":"https:\/\/secure.gravatar.com\/avatar\/c38242b9da8ec217ac3f0aaee31a54f7d7befb11b2b47fdbc8fb0fad60afa1c6?s=96&d=mm&r=g","contentUrl":"https:\/\/secure.gravatar.com\/avatar\/c38242b9da8ec217ac3f0aaee31a54f7d7befb11b2b47fdbc8fb0fad60afa1c6?s=96&d=mm&r=g","caption":"ELLO TV"},"url":"https:\/\/ellotv.com.br\/site\/author\/elloagencia\/"}]}},"featured_image_urls":{"full":["https:\/\/ellotv.com.br\/site\/wp-content\/uploads\/2026\/05\/WhatsApp-Image-2026-05-20-at-15.08.29.jpeg",960,1280,false],"thumbnail":["https:\/\/ellotv.com.br\/site\/wp-content\/uploads\/2026\/05\/WhatsApp-Image-2026-05-20-at-15.08.29-150x150.jpeg",150,150,true],"medium":["https:\/\/ellotv.com.br\/site\/wp-content\/uploads\/2026\/05\/WhatsApp-Image-2026-05-20-at-15.08.29-225x300.jpeg",225,300,true],"medium_large":["https:\/\/ellotv.com.br\/site\/wp-content\/uploads\/2026\/05\/WhatsApp-Image-2026-05-20-at-15.08.29-768x1024.jpeg",640,853,true],"large":["https:\/\/ellotv.com.br\/site\/wp-content\/uploads\/2026\/05\/WhatsApp-Image-2026-05-20-at-15.08.29-768x1024.jpeg",640,853,true],"1536x1536":["https:\/\/ellotv.com.br\/site\/wp-content\/uploads\/2026\/05\/WhatsApp-Image-2026-05-20-at-15.08.29.jpeg",960,1280,false],"2048x2048":["https:\/\/ellotv.com.br\/site\/wp-content\/uploads\/2026\/05\/WhatsApp-Image-2026-05-20-at-15.08.29.jpeg",960,1280,false],"darknews-slider-full":["https:\/\/ellotv.com.br\/site\/wp-content\/uploads\/2026\/05\/WhatsApp-Image-2026-05-20-at-15.08.29-960x720.jpeg",960,720,true],"darknews-featured":["https:\/\/ellotv.com.br\/site\/wp-content\/uploads\/2026\/05\/WhatsApp-Image-2026-05-20-at-15.08.29.jpeg",960,1280,false],"darknews-medium":["https:\/\/ellotv.com.br\/site\/wp-content\/uploads\/2026\/05\/WhatsApp-Image-2026-05-20-at-15.08.29-720x530.jpeg",720,530,true],"darknews-medium-square":["https:\/\/ellotv.com.br\/site\/wp-content\/uploads\/2026\/05\/WhatsApp-Image-2026-05-20-at-15.08.29-350x350.jpeg",350,350,true]},"author_info":{"info":["ELLO TV"]},"category_info":"<a href=\"https:\/\/ellotv.com.br\/site\/category\/brasil\/\" rel=\"category tag\">Brasil<\/a> <a href=\"https:\/\/ellotv.com.br\/site\/category\/noticias\/\" rel=\"category tag\">Noticias<\/a>","tag_info":"Noticias","comment_count":"0","_links":{"self":[{"href":"https:\/\/ellotv.com.br\/site\/wp-json\/wp\/v2\/posts\/6190","targetHints":{"allow":["GET"]}}],"collection":[{"href":"https:\/\/ellotv.com.br\/site\/wp-json\/wp\/v2\/posts"}],"about":[{"href":"https:\/\/ellotv.com.br\/site\/wp-json\/wp\/v2\/types\/post"}],"author":[{"embeddable":true,"href":"https:\/\/ellotv.com.br\/site\/wp-json\/wp\/v2\/users\/2"}],"replies":[{"embeddable":true,"href":"https:\/\/ellotv.com.br\/site\/wp-json\/wp\/v2\/comments?post=6190"}],"version-history":[{"count":1,"href":"https:\/\/ellotv.com.br\/site\/wp-json\/wp\/v2\/posts\/6190\/revisions"}],"predecessor-version":[{"id":6194,"href":"https:\/\/ellotv.com.br\/site\/wp-json\/wp\/v2\/posts\/6190\/revisions\/6194"}],"wp:featuredmedia":[{"embeddable":true,"href":"https:\/\/ellotv.com.br\/site\/wp-json\/wp\/v2\/media\/6191"}],"wp:attachment":[{"href":"https:\/\/ellotv.com.br\/site\/wp-json\/wp\/v2\/media?parent=6190"}],"wp:term":[{"taxonomy":"category","embeddable":true,"href":"https:\/\/ellotv.com.br\/site\/wp-json\/wp\/v2\/categories?post=6190"},{"taxonomy":"post_tag","embeddable":true,"href":"https:\/\/ellotv.com.br\/site\/wp-json\/wp\/v2\/tags?post=6190"}],"curies":[{"name":"wp","href":"https:\/\/api.w.org\/{rel}","templated":true}]}}