{"id":6195,"date":"2026-05-20T16:41:07","date_gmt":"2026-05-20T19:41:07","guid":{"rendered":"https:\/\/ellotv.com.br\/site\/?p=6195"},"modified":"2026-05-20T16:41:07","modified_gmt":"2026-05-20T19:41:07","slug":"lancamento-da-fenap-2026-reune-empresarios-e-parceiros-em-sao-jose-do-egito","status":"publish","type":"post","link":"https:\/\/ellotv.com.br\/site\/2026\/05\/20\/lancamento-da-fenap-2026-reune-empresarios-e-parceiros-em-sao-jose-do-egito\/","title":{"rendered":"Lan\u00e7amento da FENAP 2026 re\u00fane empres\u00e1rios e parceiros em S\u00e3o Jos\u00e9 do Egito"},"content":{"rendered":"<div class=\"qMYqUG_convSearchResultHighlightRoot\">\n<div class=\"\" data-turn-id-container=\"request-699c42b0-2b8c-832c-8e47-8d936fae1647-1\" data-is-intersecting=\"true\">\n<section class=\"text-token-text-primary w-full focus:outline-none has-data-writing-block:pointer-events-none [&amp;:has([data-writing-block])&gt;*]:pointer-events-auto R6Vx5W_threadScrollVars scroll-mb-[calc(var(--scroll-root-safe-area-inset-bottom,0px)+var(--thread-response-height))] scroll-mt-[calc(var(--header-height)+min(200px,max(70px,20svh)))]\" dir=\"auto\" data-turn-id=\"request-699c42b0-2b8c-832c-8e47-8d936fae1647-1\" data-turn-id-container=\"request-699c42b0-2b8c-832c-8e47-8d936fae1647-1\" data-testid=\"conversation-turn-564\" data-scroll-anchor=\"false\" data-turn=\"assistant\">\n<div class=\"text-base my-auto mx-auto pb-10 [--thread-content-margin:var(--thread-content-margin-xs,calc(var(--spacing)*4))] @w-sm\/main:[--thread-content-margin:var(--thread-content-margin-sm,calc(var(--spacing)*6))] @w-lg\/main:[--thread-content-margin:var(--thread-content-margin-lg,calc(var(--spacing)*16))] px-(--thread-content-margin)\">\n<div class=\"[--thread-content-max-width:40rem] @w-lg\/main:[--thread-content-max-width:48rem] mx-auto max-w-(--thread-content-max-width) flex-1 group\/turn-messages focus-visible:outline-hidden relative flex w-full min-w-0 flex-col agent-turn\">\n<div class=\"flex max-w-full flex-col gap-4 grow\">\n<div class=\"min-h-8 text-message relative flex w-full flex-col items-end gap-2 text-start break-words whitespace-normal outline-none keyboard-focused:focus-ring [.text-message+&amp;]:mt-1\" dir=\"auto\" tabindex=\"0\" data-message-author-role=\"assistant\" data-message-id=\"41cf45c5-7b18-444b-87c1-69cae210cfa5\" data-message-model-slug=\"gpt-5-5\" data-turn-start-message=\"true\">\n<div class=\"flex w-full flex-col gap-1 empty:hidden\">\n<div class=\"markdown prose dark:prose-invert wrap-break-word w-full dark markdown-new-styling\">\n<p data-start=\"92\" data-end=\"277\">Na noite da \u00faltima ter\u00e7a-feira (19), a Salute Cafeteria foi palco do lan\u00e7amento oficial da <span class=\"hover:entity-accent entity-underline inline cursor-pointer align-baseline\"><span class=\"whitespace-normal\">FENAP 2026<\/span><\/span>, consolidada como a maior vitrine de neg\u00f3cios da regi\u00e3o.<\/p>\n<h3 data-section-id=\"1gq6aan\" data-start=\"279\" data-end=\"321\">Uni\u00e3o entre setor p\u00fablico e privado<\/h3>\n<p data-start=\"322\" data-end=\"585\">O encontro reuniu representantes da <span class=\"hover:entity-accent entity-underline inline cursor-pointer align-baseline\"><span class=\"whitespace-normal\">Prefeitura Municipal de S\u00e3o Jos\u00e9 do Egito<\/span><\/span>, empres\u00e1rios de diversos segmentos, al\u00e9m da diretoria da <span class=\"hover:entity-accent entity-underline inline cursor-pointer align-baseline\"><span class=\"whitespace-normal\">ACIAGRO<\/span><\/span> e da <span class=\"hover:entity-accent entity-underline inline cursor-pointer align-baseline\"><span class=\"whitespace-normal\">CDL de S\u00e3o Jos\u00e9 do Egito<\/span><\/span>, fortalecendo a parceria em prol da economia local.<\/p>\n<h3 data-section-id=\"xlstw7\" data-start=\"587\" data-end=\"617\">Detalhes da edi\u00e7\u00e3o 2026<\/h3>\n<p data-start=\"618\" data-end=\"689\">Durante o evento, foram apresentados pontos importantes da feira, como:<\/p>\n<ul data-start=\"690\" data-end=\"893\">\n<li data-section-id=\"16xnyzn\" data-start=\"690\" data-end=\"736\">Retorno do formato retangular da estrutura<\/li>\n<li data-section-id=\"apzisn\" data-start=\"737\" data-end=\"785\">Disponibilidade de stands e ilhas comerciais<\/li>\n<li data-section-id=\"1nww5sm\" data-start=\"786\" data-end=\"830\">Valores para comercializa\u00e7\u00e3o dos espa\u00e7os<\/li>\n<li data-section-id=\"silv7a\" data-start=\"831\" data-end=\"893\">Sistema de prioridade baseado na manifesta\u00e7\u00e3o de interesse<\/li>\n<\/ul>\n<p data-start=\"895\" data-end=\"1037\">A proposta foi bem recebida pelos empres\u00e1rios, e alguns j\u00e1 garantiram seus espa\u00e7os, assegurando tamb\u00e9m prioridade na escolha das localiza\u00e7\u00f5es.<\/p>\n<h3 data-section-id=\"qhme1u\" data-start=\"1039\" data-end=\"1064\">Apoios e estrutura<\/h3>\n<p data-start=\"1065\" data-end=\"1267\">A FENAP 2026 j\u00e1 conta com importantes apoiadores, como o <span class=\"hover:entity-accent entity-underline inline cursor-pointer align-baseline\"><span class=\"whitespace-normal\">SEBRAE<\/span><\/span>, o <span class=\"hover:entity-accent entity-underline inline cursor-pointer align-baseline\"><span class=\"whitespace-normal\">Sicoob Pernambuco<\/span><\/span>, o Supermercado Queiroz e o <span class=\"hover:entity-accent entity-underline inline cursor-pointer align-baseline\"><span class=\"whitespace-normal\">Dr. Augusto Valadares<\/span><\/span>.<\/p>\n<p data-start=\"1269\" data-end=\"1386\">A organiza\u00e7\u00e3o tamb\u00e9m destacou o trabalho da LED Paje\u00fa, respons\u00e1vel pela montagem do evento com qualidade e agilidade.<\/p>\n<h3 data-section-id=\"1nk3efo\" data-start=\"1388\" data-end=\"1419\">Desenvolvimento regional<\/h3>\n<p data-start=\"1420\" data-end=\"1659\">Promovida pela CDL e ACIAGRO, a FENAP segue se consolidando como um espa\u00e7o estrat\u00e9gico para gera\u00e7\u00e3o de neg\u00f3cios, networking e inova\u00e7\u00e3o, fortalecendo <span class=\"hover:entity-accent entity-underline inline cursor-pointer align-baseline\"><span class=\"whitespace-normal\">S\u00e3o Jos\u00e9 do Egito<\/span><\/span> como refer\u00eancia em empreendedorismo no Alto Paje\u00fa.<\/p>\n<p data-start=\"1420\" data-end=\"1659\">\n<p><img fetchpriority=\"high\" decoding=\"async\" class=\"aligncenter wp-image-6200 size-full\" src=\"https:\/\/ellotv.com.br\/site\/wp-content\/uploads\/2026\/05\/WhatsApp-Image-2026-05-20-at-15.07.53.jpeg\" alt=\"\" width=\"1600\" height=\"900\" srcset=\"https:\/\/ellotv.com.br\/site\/wp-content\/uploads\/2026\/05\/WhatsApp-Image-2026-05-20-at-15.07.53.jpeg 1600w, https:\/\/ellotv.com.br\/site\/wp-content\/uploads\/2026\/05\/WhatsApp-Image-2026-05-20-at-15.07.53-300x169.jpeg 300w, https:\/\/ellotv.com.br\/site\/wp-content\/uploads\/2026\/05\/WhatsApp-Image-2026-05-20-at-15.07.53-1024x576.jpeg 1024w, https:\/\/ellotv.com.br\/site\/wp-content\/uploads\/2026\/05\/WhatsApp-Image-2026-05-20-at-15.07.53-768x432.jpeg 768w, https:\/\/ellotv.com.br\/site\/wp-content\/uploads\/2026\/05\/WhatsApp-Image-2026-05-20-at-15.07.53-1536x864.jpeg 1536w, https:\/\/ellotv.com.br\/site\/wp-content\/uploads\/2026\/05\/WhatsApp-Image-2026-05-20-at-15.07.53-1280x720.jpeg 1280w\" sizes=\"(max-width: 1600px) 100vw, 1600px\" \/><\/p>\n<p data-start=\"1420\" data-end=\"1659\"><img decoding=\"async\" class=\"aligncenter wp-image-6199 size-full\" src=\"https:\/\/ellotv.com.br\/site\/wp-content\/uploads\/2026\/05\/WhatsApp-Image-2026-05-20-at-15.07.53-1.jpeg\" alt=\"\" width=\"1600\" height=\"900\" srcset=\"https:\/\/ellotv.com.br\/site\/wp-content\/uploads\/2026\/05\/WhatsApp-Image-2026-05-20-at-15.07.53-1.jpeg 1600w, https:\/\/ellotv.com.br\/site\/wp-content\/uploads\/2026\/05\/WhatsApp-Image-2026-05-20-at-15.07.53-1-300x169.jpeg 300w, https:\/\/ellotv.com.br\/site\/wp-content\/uploads\/2026\/05\/WhatsApp-Image-2026-05-20-at-15.07.53-1-1024x576.jpeg 1024w, https:\/\/ellotv.com.br\/site\/wp-content\/uploads\/2026\/05\/WhatsApp-Image-2026-05-20-at-15.07.53-1-768x432.jpeg 768w, https:\/\/ellotv.com.br\/site\/wp-content\/uploads\/2026\/05\/WhatsApp-Image-2026-05-20-at-15.07.53-1-1536x864.jpeg 1536w, https:\/\/ellotv.com.br\/site\/wp-content\/uploads\/2026\/05\/WhatsApp-Image-2026-05-20-at-15.07.53-1-1280x720.jpeg 1280w\" sizes=\"(max-width: 1600px) 100vw, 1600px\" \/><\/p>\n<\/div>\n<\/div>\n<\/div>\n<\/div>\n<div class=\"z-0 flex min-h-[46px] justify-start\"><\/div>\n<div class=\"z-0 flex min-h-[46px] justify-start\"><img decoding=\"async\" class=\"aligncenter wp-image-6198 size-full\" src=\"https:\/\/ellotv.com.br\/site\/wp-content\/uploads\/2026\/05\/WhatsApp-Image-2026-05-20-at-15.07.53-2.jpeg\" alt=\"\" width=\"1600\" height=\"900\" srcset=\"https:\/\/ellotv.com.br\/site\/wp-content\/uploads\/2026\/05\/WhatsApp-Image-2026-05-20-at-15.07.53-2.jpeg 1600w, https:\/\/ellotv.com.br\/site\/wp-content\/uploads\/2026\/05\/WhatsApp-Image-2026-05-20-at-15.07.53-2-300x169.jpeg 300w, https:\/\/ellotv.com.br\/site\/wp-content\/uploads\/2026\/05\/WhatsApp-Image-2026-05-20-at-15.07.53-2-1024x576.jpeg 1024w, https:\/\/ellotv.com.br\/site\/wp-content\/uploads\/2026\/05\/WhatsApp-Image-2026-05-20-at-15.07.53-2-768x432.jpeg 768w, https:\/\/ellotv.com.br\/site\/wp-content\/uploads\/2026\/05\/WhatsApp-Image-2026-05-20-at-15.07.53-2-1536x864.jpeg 1536w, https:\/\/ellotv.com.br\/site\/wp-content\/uploads\/2026\/05\/WhatsApp-Image-2026-05-20-at-15.07.53-2-1280x720.jpeg 1280w\" sizes=\"(max-width: 1600px) 100vw, 1600px\" \/><\/div>\n<p><img loading=\"lazy\" decoding=\"async\" class=\"aligncenter wp-image-6197 size-full\" src=\"https:\/\/ellotv.com.br\/site\/wp-content\/uploads\/2026\/05\/WhatsApp-Image-2026-05-20-at-15.07.54-1.jpeg\" alt=\"\" width=\"1600\" height=\"900\" srcset=\"https:\/\/ellotv.com.br\/site\/wp-content\/uploads\/2026\/05\/WhatsApp-Image-2026-05-20-at-15.07.54-1.jpeg 1600w, https:\/\/ellotv.com.br\/site\/wp-content\/uploads\/2026\/05\/WhatsApp-Image-2026-05-20-at-15.07.54-1-300x169.jpeg 300w, https:\/\/ellotv.com.br\/site\/wp-content\/uploads\/2026\/05\/WhatsApp-Image-2026-05-20-at-15.07.54-1-1024x576.jpeg 1024w, https:\/\/ellotv.com.br\/site\/wp-content\/uploads\/2026\/05\/WhatsApp-Image-2026-05-20-at-15.07.54-1-768x432.jpeg 768w, https:\/\/ellotv.com.br\/site\/wp-content\/uploads\/2026\/05\/WhatsApp-Image-2026-05-20-at-15.07.54-1-1536x864.jpeg 1536w, https:\/\/ellotv.com.br\/site\/wp-content\/uploads\/2026\/05\/WhatsApp-Image-2026-05-20-at-15.07.54-1-1280x720.jpeg 1280w\" sizes=\"(max-width: 1600px) 100vw, 1600px\" \/><\/p>\n<p>&nbsp;<\/p>\n<div class=\"mt-3 w-full empty:hidden\">\n<div class=\"text-center\"><\/div>\n<\/div>\n<\/div>\n<\/div>\n<\/section>\n<\/div>\n<\/div>\n<div class=\"pointer-events-none -mt-px h-px translate-y-[calc(var(--scroll-root-safe-area-inset-bottom)-14*var(--spacing))]\" aria-hidden=\"true\"><\/div>\n","protected":false},"excerpt":{"rendered":"<p>Na noite da \u00faltima ter\u00e7a-feira (19), a Salute Cafeteria foi palco do lan\u00e7amento oficial da FENAP 2026, consolidada<\/p>\n","protected":false},"author":2,"featured_media":6196,"comment_status":"open","ping_status":"open","sticky":false,"template":"","format":"standard","meta":{"footnotes":""},"categories":[12,9],"tags":[],"class_list":["post-6195","post","type-post","status-publish","format-standard","has-post-thumbnail","hentry","category-noticias","category-regional"],"yoast_head":"<!-- This site is optimized with the Yoast SEO plugin v28.3 - https:\/\/yoast.com\/product\/yoast-seo-wordpress\/ -->\n<title>Lan\u00e7amento da FENAP 2026 re\u00fane empres\u00e1rios e parceiros em S\u00e3o Jos\u00e9 do Egito - Ello TV<\/title>\n<meta name=\"description\" content=\"FENAP 2026 \u00e9 lan\u00e7ada em S\u00e3o Jos\u00e9 do Egito e re\u00fane empres\u00e1rios e institui\u00e7\u00f5es, fortalecendo o empreendedorismo e a economia do Alto Paje\u00fa.\" \/>\n<meta name=\"robots\" content=\"index, follow, max-snippet:-1, max-image-preview:large, max-video-preview:-1\" \/>\n<link rel=\"canonical\" href=\"https:\/\/ellotv.com.br\/site\/2026\/05\/20\/lancamento-da-fenap-2026-reune-empresarios-e-parceiros-em-sao-jose-do-egito\/\" \/>\n<meta property=\"og:locale\" content=\"pt_BR\" \/>\n<meta property=\"og:type\" content=\"article\" \/>\n<meta property=\"og:title\" content=\"Lan\u00e7amento da FENAP 2026 re\u00fane empres\u00e1rios e parceiros em S\u00e3o Jos\u00e9 do Egito - Ello TV\" \/>\n<meta property=\"og:description\" content=\"FENAP 2026 \u00e9 lan\u00e7ada em S\u00e3o Jos\u00e9 do Egito e re\u00fane empres\u00e1rios e institui\u00e7\u00f5es, fortalecendo o empreendedorismo e a economia do Alto Paje\u00fa.\" \/>\n<meta property=\"og:url\" content=\"https:\/\/ellotv.com.br\/site\/2026\/05\/20\/lancamento-da-fenap-2026-reune-empresarios-e-parceiros-em-sao-jose-do-egito\/\" \/>\n<meta property=\"og:site_name\" content=\"Ello TV\" \/>\n<meta property=\"article:published_time\" content=\"2026-05-20T19:41:07+00:00\" \/>\n<meta property=\"og:image\" content=\"https:\/\/ellotv.com.br\/site\/wp-content\/uploads\/2026\/05\/WhatsApp-Image-2026-05-20-at-15.07.54.jpeg\" \/>\n\t<meta property=\"og:image:width\" content=\"1600\" \/>\n\t<meta property=\"og:image:height\" content=\"900\" \/>\n\t<meta property=\"og:image:type\" content=\"image\/jpeg\" \/>\n<meta name=\"author\" content=\"ELLO TV\" \/>\n<meta name=\"twitter:card\" content=\"summary_large_image\" \/>\n<meta name=\"twitter:label1\" content=\"Escrito por\" \/>\n\t<meta name=\"twitter:data1\" content=\"ELLO TV\" \/>\n\t<meta name=\"twitter:label2\" content=\"Est. tempo de leitura\" \/>\n\t<meta name=\"twitter:data2\" content=\"1 minuto\" \/>\n<script type=\"application\/ld+json\" class=\"yoast-schema-graph\">{\"@context\":\"https:\\\/\\\/schema.org\",\"@graph\":[{\"@type\":\"Article\",\"@id\":\"https:\\\/\\\/ellotv.com.br\\\/site\\\/2026\\\/05\\\/20\\\/lancamento-da-fenap-2026-reune-empresarios-e-parceiros-em-sao-jose-do-egito\\\/#article\",\"isPartOf\":{\"@id\":\"https:\\\/\\\/ellotv.com.br\\\/site\\\/2026\\\/05\\\/20\\\/lancamento-da-fenap-2026-reune-empresarios-e-parceiros-em-sao-jose-do-egito\\\/\"},\"author\":{\"name\":\"ELLO TV\",\"@id\":\"https:\\\/\\\/ellotv.com.br\\\/site\\\/#\\\/schema\\\/person\\\/2dbe3abaee38dcc7332fc8205cd2b15d\"},\"headline\":\"Lan\u00e7amento da FENAP 2026 re\u00fane empres\u00e1rios e parceiros em S\u00e3o Jos\u00e9 do Egito\",\"datePublished\":\"2026-05-20T19:41:07+00:00\",\"mainEntityOfPage\":{\"@id\":\"https:\\\/\\\/ellotv.com.br\\\/site\\\/2026\\\/05\\\/20\\\/lancamento-da-fenap-2026-reune-empresarios-e-parceiros-em-sao-jose-do-egito\\\/\"},\"wordCount\":247,\"commentCount\":0,\"publisher\":{\"@id\":\"https:\\\/\\\/ellotv.com.br\\\/site\\\/#organization\"},\"image\":{\"@id\":\"https:\\\/\\\/ellotv.com.br\\\/site\\\/2026\\\/05\\\/20\\\/lancamento-da-fenap-2026-reune-empresarios-e-parceiros-em-sao-jose-do-egito\\\/#primaryimage\"},\"thumbnailUrl\":\"https:\\\/\\\/ellotv.com.br\\\/site\\\/wp-content\\\/uploads\\\/2026\\\/05\\\/WhatsApp-Image-2026-05-20-at-15.07.54.jpeg\",\"articleSection\":[\"Noticias\",\"Regional\"],\"inLanguage\":\"pt-BR\",\"potentialAction\":[{\"@type\":\"CommentAction\",\"name\":\"Comment\",\"target\":[\"https:\\\/\\\/ellotv.com.br\\\/site\\\/2026\\\/05\\\/20\\\/lancamento-da-fenap-2026-reune-empresarios-e-parceiros-em-sao-jose-do-egito\\\/#respond\"]}]},{\"@type\":\"WebPage\",\"@id\":\"https:\\\/\\\/ellotv.com.br\\\/site\\\/2026\\\/05\\\/20\\\/lancamento-da-fenap-2026-reune-empresarios-e-parceiros-em-sao-jose-do-egito\\\/\",\"url\":\"https:\\\/\\\/ellotv.com.br\\\/site\\\/2026\\\/05\\\/20\\\/lancamento-da-fenap-2026-reune-empresarios-e-parceiros-em-sao-jose-do-egito\\\/\",\"name\":\"Lan\u00e7amento da FENAP 2026 re\u00fane empres\u00e1rios e parceiros em S\u00e3o Jos\u00e9 do Egito - Ello TV\",\"isPartOf\":{\"@id\":\"https:\\\/\\\/ellotv.com.br\\\/site\\\/#website\"},\"primaryImageOfPage\":{\"@id\":\"https:\\\/\\\/ellotv.com.br\\\/site\\\/2026\\\/05\\\/20\\\/lancamento-da-fenap-2026-reune-empresarios-e-parceiros-em-sao-jose-do-egito\\\/#primaryimage\"},\"image\":{\"@id\":\"https:\\\/\\\/ellotv.com.br\\\/site\\\/2026\\\/05\\\/20\\\/lancamento-da-fenap-2026-reune-empresarios-e-parceiros-em-sao-jose-do-egito\\\/#primaryimage\"},\"thumbnailUrl\":\"https:\\\/\\\/ellotv.com.br\\\/site\\\/wp-content\\\/uploads\\\/2026\\\/05\\\/WhatsApp-Image-2026-05-20-at-15.07.54.jpeg\",\"datePublished\":\"2026-05-20T19:41:07+00:00\",\"description\":\"FENAP 2026 \u00e9 lan\u00e7ada em S\u00e3o Jos\u00e9 do Egito e re\u00fane empres\u00e1rios e institui\u00e7\u00f5es, fortalecendo o empreendedorismo e a economia do Alto Paje\u00fa.\",\"breadcrumb\":{\"@id\":\"https:\\\/\\\/ellotv.com.br\\\/site\\\/2026\\\/05\\\/20\\\/lancamento-da-fenap-2026-reune-empresarios-e-parceiros-em-sao-jose-do-egito\\\/#breadcrumb\"},\"inLanguage\":\"pt-BR\",\"potentialAction\":[{\"@type\":\"ReadAction\",\"target\":[\"https:\\\/\\\/ellotv.com.br\\\/site\\\/2026\\\/05\\\/20\\\/lancamento-da-fenap-2026-reune-empresarios-e-parceiros-em-sao-jose-do-egito\\\/\"]}]},{\"@type\":\"ImageObject\",\"inLanguage\":\"pt-BR\",\"@id\":\"https:\\\/\\\/ellotv.com.br\\\/site\\\/2026\\\/05\\\/20\\\/lancamento-da-fenap-2026-reune-empresarios-e-parceiros-em-sao-jose-do-egito\\\/#primaryimage\",\"url\":\"https:\\\/\\\/ellotv.com.br\\\/site\\\/wp-content\\\/uploads\\\/2026\\\/05\\\/WhatsApp-Image-2026-05-20-at-15.07.54.jpeg\",\"contentUrl\":\"https:\\\/\\\/ellotv.com.br\\\/site\\\/wp-content\\\/uploads\\\/2026\\\/05\\\/WhatsApp-Image-2026-05-20-at-15.07.54.jpeg\",\"width\":1600,\"height\":900},{\"@type\":\"BreadcrumbList\",\"@id\":\"https:\\\/\\\/ellotv.com.br\\\/site\\\/2026\\\/05\\\/20\\\/lancamento-da-fenap-2026-reune-empresarios-e-parceiros-em-sao-jose-do-egito\\\/#breadcrumb\",\"itemListElement\":[{\"@type\":\"ListItem\",\"position\":1,\"name\":\"In\u00edcio\",\"item\":\"https:\\\/\\\/ellotv.com.br\\\/site\\\/\"},{\"@type\":\"ListItem\",\"position\":2,\"name\":\"Lan\u00e7amento da FENAP 2026 re\u00fane empres\u00e1rios e parceiros em S\u00e3o Jos\u00e9 do Egito\"}]},{\"@type\":\"WebSite\",\"@id\":\"https:\\\/\\\/ellotv.com.br\\\/site\\\/#website\",\"url\":\"https:\\\/\\\/ellotv.com.br\\\/site\\\/\",\"name\":\"ELLO TV\",\"description\":\"\",\"publisher\":{\"@id\":\"https:\\\/\\\/ellotv.com.br\\\/site\\\/#organization\"},\"potentialAction\":[{\"@type\":\"SearchAction\",\"target\":{\"@type\":\"EntryPoint\",\"urlTemplate\":\"https:\\\/\\\/ellotv.com.br\\\/site\\\/?s={search_term_string}\"},\"query-input\":{\"@type\":\"PropertyValueSpecification\",\"valueRequired\":true,\"valueName\":\"search_term_string\"}}],\"inLanguage\":\"pt-BR\"},{\"@type\":\"Organization\",\"@id\":\"https:\\\/\\\/ellotv.com.br\\\/site\\\/#organization\",\"name\":\"ELLO TV\",\"url\":\"https:\\\/\\\/ellotv.com.br\\\/site\\\/\",\"logo\":{\"@type\":\"ImageObject\",\"inLanguage\":\"pt-BR\",\"@id\":\"https:\\\/\\\/ellotv.com.br\\\/site\\\/#\\\/schema\\\/logo\\\/image\\\/\",\"url\":\"https:\\\/\\\/ellotv.com.br\\\/site\\\/wp-content\\\/uploads\\\/2025\\\/11\\\/ello-logo-2.fw_.png\",\"contentUrl\":\"https:\\\/\\\/ellotv.com.br\\\/site\\\/wp-content\\\/uploads\\\/2025\\\/11\\\/ello-logo-2.fw_.png\",\"width\":400,\"height\":146,\"caption\":\"ELLO TV\"},\"image\":{\"@id\":\"https:\\\/\\\/ellotv.com.br\\\/site\\\/#\\\/schema\\\/logo\\\/image\\\/\"}},{\"@type\":\"Person\",\"@id\":\"https:\\\/\\\/ellotv.com.br\\\/site\\\/#\\\/schema\\\/person\\\/2dbe3abaee38dcc7332fc8205cd2b15d\",\"name\":\"ELLO TV\",\"image\":{\"@type\":\"ImageObject\",\"inLanguage\":\"pt-BR\",\"@id\":\"https:\\\/\\\/secure.gravatar.com\\\/avatar\\\/c38242b9da8ec217ac3f0aaee31a54f7d7befb11b2b47fdbc8fb0fad60afa1c6?s=96&d=mm&r=g\",\"url\":\"https:\\\/\\\/secure.gravatar.com\\\/avatar\\\/c38242b9da8ec217ac3f0aaee31a54f7d7befb11b2b47fdbc8fb0fad60afa1c6?s=96&d=mm&r=g\",\"contentUrl\":\"https:\\\/\\\/secure.gravatar.com\\\/avatar\\\/c38242b9da8ec217ac3f0aaee31a54f7d7befb11b2b47fdbc8fb0fad60afa1c6?s=96&d=mm&r=g\",\"caption\":\"ELLO TV\"},\"url\":\"https:\\\/\\\/ellotv.com.br\\\/site\\\/author\\\/elloagencia\\\/\"}]}<\/script>\n<!-- \/ Yoast SEO plugin. -->","yoast_head_json":{"title":"Lan\u00e7amento da FENAP 2026 re\u00fane empres\u00e1rios e parceiros em S\u00e3o Jos\u00e9 do Egito - Ello TV","description":"FENAP 2026 \u00e9 lan\u00e7ada em S\u00e3o Jos\u00e9 do Egito e re\u00fane empres\u00e1rios e institui\u00e7\u00f5es, fortalecendo o empreendedorismo e a economia do Alto Paje\u00fa.","robots":{"index":"index","follow":"follow","max-snippet":"max-snippet:-1","max-image-preview":"max-image-preview:large","max-video-preview":"max-video-preview:-1"},"canonical":"https:\/\/ellotv.com.br\/site\/2026\/05\/20\/lancamento-da-fenap-2026-reune-empresarios-e-parceiros-em-sao-jose-do-egito\/","og_locale":"pt_BR","og_type":"article","og_title":"Lan\u00e7amento da FENAP 2026 re\u00fane empres\u00e1rios e parceiros em S\u00e3o Jos\u00e9 do Egito - Ello TV","og_description":"FENAP 2026 \u00e9 lan\u00e7ada em S\u00e3o Jos\u00e9 do Egito e re\u00fane empres\u00e1rios e institui\u00e7\u00f5es, fortalecendo o empreendedorismo e a economia do Alto Paje\u00fa.","og_url":"https:\/\/ellotv.com.br\/site\/2026\/05\/20\/lancamento-da-fenap-2026-reune-empresarios-e-parceiros-em-sao-jose-do-egito\/","og_site_name":"Ello TV","article_published_time":"2026-05-20T19:41:07+00:00","og_image":[{"width":1600,"height":900,"url":"https:\/\/ellotv.com.br\/site\/wp-content\/uploads\/2026\/05\/WhatsApp-Image-2026-05-20-at-15.07.54.jpeg","type":"image\/jpeg"}],"author":"ELLO TV","twitter_card":"summary_large_image","twitter_misc":{"Escrito por":"ELLO TV","Est. tempo de leitura":"1 minuto"},"schema":{"@context":"https:\/\/schema.org","@graph":[{"@type":"Article","@id":"https:\/\/ellotv.com.br\/site\/2026\/05\/20\/lancamento-da-fenap-2026-reune-empresarios-e-parceiros-em-sao-jose-do-egito\/#article","isPartOf":{"@id":"https:\/\/ellotv.com.br\/site\/2026\/05\/20\/lancamento-da-fenap-2026-reune-empresarios-e-parceiros-em-sao-jose-do-egito\/"},"author":{"name":"ELLO TV","@id":"https:\/\/ellotv.com.br\/site\/#\/schema\/person\/2dbe3abaee38dcc7332fc8205cd2b15d"},"headline":"Lan\u00e7amento da FENAP 2026 re\u00fane empres\u00e1rios e parceiros em S\u00e3o Jos\u00e9 do Egito","datePublished":"2026-05-20T19:41:07+00:00","mainEntityOfPage":{"@id":"https:\/\/ellotv.com.br\/site\/2026\/05\/20\/lancamento-da-fenap-2026-reune-empresarios-e-parceiros-em-sao-jose-do-egito\/"},"wordCount":247,"commentCount":0,"publisher":{"@id":"https:\/\/ellotv.com.br\/site\/#organization"},"image":{"@id":"https:\/\/ellotv.com.br\/site\/2026\/05\/20\/lancamento-da-fenap-2026-reune-empresarios-e-parceiros-em-sao-jose-do-egito\/#primaryimage"},"thumbnailUrl":"https:\/\/ellotv.com.br\/site\/wp-content\/uploads\/2026\/05\/WhatsApp-Image-2026-05-20-at-15.07.54.jpeg","articleSection":["Noticias","Regional"],"inLanguage":"pt-BR","potentialAction":[{"@type":"CommentAction","name":"Comment","target":["https:\/\/ellotv.com.br\/site\/2026\/05\/20\/lancamento-da-fenap-2026-reune-empresarios-e-parceiros-em-sao-jose-do-egito\/#respond"]}]},{"@type":"WebPage","@id":"https:\/\/ellotv.com.br\/site\/2026\/05\/20\/lancamento-da-fenap-2026-reune-empresarios-e-parceiros-em-sao-jose-do-egito\/","url":"https:\/\/ellotv.com.br\/site\/2026\/05\/20\/lancamento-da-fenap-2026-reune-empresarios-e-parceiros-em-sao-jose-do-egito\/","name":"Lan\u00e7amento da FENAP 2026 re\u00fane empres\u00e1rios e parceiros em S\u00e3o Jos\u00e9 do Egito - Ello TV","isPartOf":{"@id":"https:\/\/ellotv.com.br\/site\/#website"},"primaryImageOfPage":{"@id":"https:\/\/ellotv.com.br\/site\/2026\/05\/20\/lancamento-da-fenap-2026-reune-empresarios-e-parceiros-em-sao-jose-do-egito\/#primaryimage"},"image":{"@id":"https:\/\/ellotv.com.br\/site\/2026\/05\/20\/lancamento-da-fenap-2026-reune-empresarios-e-parceiros-em-sao-jose-do-egito\/#primaryimage"},"thumbnailUrl":"https:\/\/ellotv.com.br\/site\/wp-content\/uploads\/2026\/05\/WhatsApp-Image-2026-05-20-at-15.07.54.jpeg","datePublished":"2026-05-20T19:41:07+00:00","description":"FENAP 2026 \u00e9 lan\u00e7ada em S\u00e3o Jos\u00e9 do Egito e re\u00fane empres\u00e1rios e institui\u00e7\u00f5es, fortalecendo o empreendedorismo e a economia do Alto Paje\u00fa.","breadcrumb":{"@id":"https:\/\/ellotv.com.br\/site\/2026\/05\/20\/lancamento-da-fenap-2026-reune-empresarios-e-parceiros-em-sao-jose-do-egito\/#breadcrumb"},"inLanguage":"pt-BR","potentialAction":[{"@type":"ReadAction","target":["https:\/\/ellotv.com.br\/site\/2026\/05\/20\/lancamento-da-fenap-2026-reune-empresarios-e-parceiros-em-sao-jose-do-egito\/"]}]},{"@type":"ImageObject","inLanguage":"pt-BR","@id":"https:\/\/ellotv.com.br\/site\/2026\/05\/20\/lancamento-da-fenap-2026-reune-empresarios-e-parceiros-em-sao-jose-do-egito\/#primaryimage","url":"https:\/\/ellotv.com.br\/site\/wp-content\/uploads\/2026\/05\/WhatsApp-Image-2026-05-20-at-15.07.54.jpeg","contentUrl":"https:\/\/ellotv.com.br\/site\/wp-content\/uploads\/2026\/05\/WhatsApp-Image-2026-05-20-at-15.07.54.jpeg","width":1600,"height":900},{"@type":"BreadcrumbList","@id":"https:\/\/ellotv.com.br\/site\/2026\/05\/20\/lancamento-da-fenap-2026-reune-empresarios-e-parceiros-em-sao-jose-do-egito\/#breadcrumb","itemListElement":[{"@type":"ListItem","position":1,"name":"In\u00edcio","item":"https:\/\/ellotv.com.br\/site\/"},{"@type":"ListItem","position":2,"name":"Lan\u00e7amento da FENAP 2026 re\u00fane empres\u00e1rios e parceiros em S\u00e3o Jos\u00e9 do Egito"}]},{"@type":"WebSite","@id":"https:\/\/ellotv.com.br\/site\/#website","url":"https:\/\/ellotv.com.br\/site\/","name":"ELLO TV","description":"","publisher":{"@id":"https:\/\/ellotv.com.br\/site\/#organization"},"potentialAction":[{"@type":"SearchAction","target":{"@type":"EntryPoint","urlTemplate":"https:\/\/ellotv.com.br\/site\/?s={search_term_string}"},"query-input":{"@type":"PropertyValueSpecification","valueRequired":true,"valueName":"search_term_string"}}],"inLanguage":"pt-BR"},{"@type":"Organization","@id":"https:\/\/ellotv.com.br\/site\/#organization","name":"ELLO TV","url":"https:\/\/ellotv.com.br\/site\/","logo":{"@type":"ImageObject","inLanguage":"pt-BR","@id":"https:\/\/ellotv.com.br\/site\/#\/schema\/logo\/image\/","url":"https:\/\/ellotv.com.br\/site\/wp-content\/uploads\/2025\/11\/ello-logo-2.fw_.png","contentUrl":"https:\/\/ellotv.com.br\/site\/wp-content\/uploads\/2025\/11\/ello-logo-2.fw_.png","width":400,"height":146,"caption":"ELLO TV"},"image":{"@id":"https:\/\/ellotv.com.br\/site\/#\/schema\/logo\/image\/"}},{"@type":"Person","@id":"https:\/\/ellotv.com.br\/site\/#\/schema\/person\/2dbe3abaee38dcc7332fc8205cd2b15d","name":"ELLO TV","image":{"@type":"ImageObject","inLanguage":"pt-BR","@id":"https:\/\/secure.gravatar.com\/avatar\/c38242b9da8ec217ac3f0aaee31a54f7d7befb11b2b47fdbc8fb0fad60afa1c6?s=96&d=mm&r=g","url":"https:\/\/secure.gravatar.com\/avatar\/c38242b9da8ec217ac3f0aaee31a54f7d7befb11b2b47fdbc8fb0fad60afa1c6?s=96&d=mm&r=g","contentUrl":"https:\/\/secure.gravatar.com\/avatar\/c38242b9da8ec217ac3f0aaee31a54f7d7befb11b2b47fdbc8fb0fad60afa1c6?s=96&d=mm&r=g","caption":"ELLO TV"},"url":"https:\/\/ellotv.com.br\/site\/author\/elloagencia\/"}]}},"featured_image_urls":{"full":["https:\/\/ellotv.com.br\/site\/wp-content\/uploads\/2026\/05\/WhatsApp-Image-2026-05-20-at-15.07.54.jpeg",1600,900,false],"thumbnail":["https:\/\/ellotv.com.br\/site\/wp-content\/uploads\/2026\/05\/WhatsApp-Image-2026-05-20-at-15.07.54-150x150.jpeg",150,150,true],"medium":["https:\/\/ellotv.com.br\/site\/wp-content\/uploads\/2026\/05\/WhatsApp-Image-2026-05-20-at-15.07.54-300x169.jpeg",300,169,true],"medium_large":["https:\/\/ellotv.com.br\/site\/wp-content\/uploads\/2026\/05\/WhatsApp-Image-2026-05-20-at-15.07.54-768x432.jpeg",640,360,true],"large":["https:\/\/ellotv.com.br\/site\/wp-content\/uploads\/2026\/05\/WhatsApp-Image-2026-05-20-at-15.07.54-1024x576.jpeg",640,360,true],"1536x1536":["https:\/\/ellotv.com.br\/site\/wp-content\/uploads\/2026\/05\/WhatsApp-Image-2026-05-20-at-15.07.54-1536x864.jpeg",1536,864,true],"2048x2048":["https:\/\/ellotv.com.br\/site\/wp-content\/uploads\/2026\/05\/WhatsApp-Image-2026-05-20-at-15.07.54.jpeg",1600,900,false],"darknews-slider-full":["https:\/\/ellotv.com.br\/site\/wp-content\/uploads\/2026\/05\/WhatsApp-Image-2026-05-20-at-15.07.54-1280x720.jpeg",1280,720,true],"darknews-featured":["https:\/\/ellotv.com.br\/site\/wp-content\/uploads\/2026\/05\/WhatsApp-Image-2026-05-20-at-15.07.54-1024x576.jpeg",1024,576,true],"darknews-medium":["https:\/\/ellotv.com.br\/site\/wp-content\/uploads\/2026\/05\/WhatsApp-Image-2026-05-20-at-15.07.54-720x530.jpeg",720,530,true],"darknews-medium-square":["https:\/\/ellotv.com.br\/site\/wp-content\/uploads\/2026\/05\/WhatsApp-Image-2026-05-20-at-15.07.54-350x350.jpeg",350,350,true]},"author_info":{"info":["ELLO TV"]},"category_info":"<a href=\"https:\/\/ellotv.com.br\/site\/category\/noticias\/\" rel=\"category tag\">Noticias<\/a> <a href=\"https:\/\/ellotv.com.br\/site\/category\/regional\/\" rel=\"category tag\">Regional<\/a>","tag_info":"Regional","comment_count":"0","_links":{"self":[{"href":"https:\/\/ellotv.com.br\/site\/wp-json\/wp\/v2\/posts\/6195","targetHints":{"allow":["GET"]}}],"collection":[{"href":"https:\/\/ellotv.com.br\/site\/wp-json\/wp\/v2\/posts"}],"about":[{"href":"https:\/\/ellotv.com.br\/site\/wp-json\/wp\/v2\/types\/post"}],"author":[{"embeddable":true,"href":"https:\/\/ellotv.com.br\/site\/wp-json\/wp\/v2\/users\/2"}],"replies":[{"embeddable":true,"href":"https:\/\/ellotv.com.br\/site\/wp-json\/wp\/v2\/comments?post=6195"}],"version-history":[{"count":1,"href":"https:\/\/ellotv.com.br\/site\/wp-json\/wp\/v2\/posts\/6195\/revisions"}],"predecessor-version":[{"id":6201,"href":"https:\/\/ellotv.com.br\/site\/wp-json\/wp\/v2\/posts\/6195\/revisions\/6201"}],"wp:featuredmedia":[{"embeddable":true,"href":"https:\/\/ellotv.com.br\/site\/wp-json\/wp\/v2\/media\/6196"}],"wp:attachment":[{"href":"https:\/\/ellotv.com.br\/site\/wp-json\/wp\/v2\/media?parent=6195"}],"wp:term":[{"taxonomy":"category","embeddable":true,"href":"https:\/\/ellotv.com.br\/site\/wp-json\/wp\/v2\/categories?post=6195"},{"taxonomy":"post_tag","embeddable":true,"href":"https:\/\/ellotv.com.br\/site\/wp-json\/wp\/v2\/tags?post=6195"}],"curies":[{"name":"wp","href":"https:\/\/api.w.org\/{rel}","templated":true}]}}