{"id":6202,"date":"2026-05-20T16:44:22","date_gmt":"2026-05-20T19:44:22","guid":{"rendered":"https:\/\/ellotv.com.br\/site\/?p=6202"},"modified":"2026-05-20T16:44:22","modified_gmt":"2026-05-20T19:44:22","slug":"gestao-fredson-brito-leva-sao-jose-do-egito-a-brasilia-e-municipio-e-destaque-nacional-em-investimentos-agricultura-familiar","status":"publish","type":"post","link":"https:\/\/ellotv.com.br\/site\/2026\/05\/20\/gestao-fredson-brito-leva-sao-jose-do-egito-a-brasilia-e-municipio-e-destaque-nacional-em-investimentos-agricultura-familiar\/","title":{"rendered":"Gest\u00e3o Fredson Brito leva S\u00e3o Jos\u00e9 do Egito \u00e0 Bras\u00edlia e munic\u00edpio \u00e9 destaque nacional em investimentos agricultura familiar"},"content":{"rendered":"<p data-start=\"93\" data-end=\"392\">A gest\u00e3o do prefeito <span class=\"hover:entity-accent entity-underline inline cursor-pointer align-baseline\"><span class=\"whitespace-normal\">Fredson Brito<\/span><\/span> segue acumulando resultados expressivos. Em apenas 1 ano e 5 meses, <span class=\"hover:entity-accent entity-underline inline cursor-pointer align-baseline\"><span class=\"whitespace-normal\">S\u00e3o Jos\u00e9 do Egito<\/span><\/span> j\u00e1 figura entre os destaques do pa\u00eds no <span class=\"hover:entity-accent entity-underline inline cursor-pointer align-baseline\"><span class=\"whitespace-normal\">Pr\u00eamio Prefeitura Empreendedora do SEBRAE<\/span><\/span>, com foco nas pol\u00edticas voltadas \u00e0 agricultura familiar.<\/p>\n<h3 data-section-id=\"c2lf5s\" data-start=\"394\" data-end=\"424\">Fortalecimento do campo<\/h3>\n<p data-start=\"425\" data-end=\"721\">O reconhecimento refor\u00e7a o trabalho da gest\u00e3o no apoio ao homem e \u00e0 mulher do campo, por meio de capacita\u00e7\u00e3o, incentivo \u00e0 produ\u00e7\u00e3o rural, fortalecimento de associa\u00e7\u00f5es e amplia\u00e7\u00e3o da participa\u00e7\u00e3o em programas como o <span class=\"hover:entity-accent entity-underline inline cursor-pointer align-baseline\"><span class=\"whitespace-normal\">PNAE<\/span><\/span> e o <span class=\"hover:entity-accent entity-underline inline cursor-pointer align-baseline\"><span class=\"whitespace-normal\">PAA<\/span><\/span>.<\/p>\n<h3 data-section-id=\"19ur66o\" data-start=\"723\" data-end=\"756\">Reconhecimento em Bras\u00edlia<\/h3>\n<p data-start=\"757\" data-end=\"993\">Ao lado da primeira-dama <span class=\"hover:entity-accent entity-underline inline cursor-pointer align-baseline\"><span class=\"whitespace-normal\">Dra. L\u00facia<\/span><\/span> e do secret\u00e1rio <span class=\"hover:entity-accent entity-underline inline cursor-pointer align-baseline\"><span class=\"whitespace-normal\">Pedro Lira<\/span><\/span>, o prefeito recebeu a homenagem em <span class=\"hover:entity-accent entity-underline inline cursor-pointer align-baseline\"><span class=\"whitespace-normal\">Bras\u00edlia<\/span><\/span>, levando o nome da cidade ao cen\u00e1rio nacional.<\/p>\n<h3 data-section-id=\"nri8x8\" data-start=\"995\" data-end=\"1029\">Alta aprova\u00e7\u00e3o e resultados<\/h3>\n<p data-start=\"1030\" data-end=\"1230\">A conquista tamb\u00e9m reflete o momento positivo da gest\u00e3o, que mant\u00e9m aprova\u00e7\u00e3o superior a 80%, com avan\u00e7os em \u00e1reas como educa\u00e7\u00e3o, sa\u00fade, infraestrutura, assist\u00eancia social e desenvolvimento econ\u00f4mico.<\/p>\n<h3 data-section-id=\"wgceip\" data-start=\"1232\" data-end=\"1265\">Compromisso com resultados<\/h3>\n<p data-start=\"1266\" data-end=\"1517\">\u201cEsse reconhecimento mostra que estamos no caminho certo, trabalhando com seriedade, compromisso e resultados. O fortalecimento da agricultura familiar \u00e9 uma prioridade porque transforma vidas e movimenta a economia da nossa cidade\u201d, destacou Fredson.<\/p>\n<h3 data-section-id=\"1eerbd3\" data-start=\"1519\" data-end=\"1545\">Refer\u00eancia regional<\/h3>\n<p data-start=\"1546\" data-end=\"1700\">Com reconhecimento dentro e fora de Pernambuco, a gest\u00e3o consolida o munic\u00edpio como refer\u00eancia em desenvolvimento, inova\u00e7\u00e3o e compromisso com a popula\u00e7\u00e3o.<\/p>\n<p data-start=\"1546\" data-end=\"1700\"><img fetchpriority=\"high\" decoding=\"async\" class=\"aligncenter wp-image-6204 size-full\" src=\"https:\/\/ellotv.com.br\/site\/wp-content\/uploads\/2026\/05\/WhatsApp-Image-2026-05-20-at-15.07.52-scaled.jpeg\" alt=\"\" width=\"1920\" height=\"2560\" srcset=\"https:\/\/ellotv.com.br\/site\/wp-content\/uploads\/2026\/05\/WhatsApp-Image-2026-05-20-at-15.07.52-scaled.jpeg 1920w, https:\/\/ellotv.com.br\/site\/wp-content\/uploads\/2026\/05\/WhatsApp-Image-2026-05-20-at-15.07.52-225x300.jpeg 225w, https:\/\/ellotv.com.br\/site\/wp-content\/uploads\/2026\/05\/WhatsApp-Image-2026-05-20-at-15.07.52-768x1024.jpeg 768w, https:\/\/ellotv.com.br\/site\/wp-content\/uploads\/2026\/05\/WhatsApp-Image-2026-05-20-at-15.07.52-1152x1536.jpeg 1152w, https:\/\/ellotv.com.br\/site\/wp-content\/uploads\/2026\/05\/WhatsApp-Image-2026-05-20-at-15.07.52-1536x2048.jpeg 1536w, https:\/\/ellotv.com.br\/site\/wp-content\/uploads\/2026\/05\/WhatsApp-Image-2026-05-20-at-15.07.52-1024x1365.jpeg 1024w\" sizes=\"(max-width: 1920px) 100vw, 1920px\" \/><\/p>\n","protected":false},"excerpt":{"rendered":"<p>A gest\u00e3o do prefeito Fredson Brito segue acumulando resultados expressivos. Em apenas 1 ano e 5 meses, S\u00e3o<\/p>\n","protected":false},"author":2,"featured_media":6203,"comment_status":"open","ping_status":"open","sticky":false,"template":"","format":"standard","meta":{"footnotes":""},"categories":[8,12,9],"tags":[],"class_list":["post-6202","post","type-post","status-publish","format-standard","has-post-thumbnail","hentry","category-brasil","category-noticias","category-regional"],"yoast_head":"<!-- This site is optimized with the Yoast SEO plugin v28.3 - https:\/\/yoast.com\/product\/yoast-seo-wordpress\/ -->\n<title>Gest\u00e3o Fredson Brito leva S\u00e3o Jos\u00e9 do Egito \u00e0 Bras\u00edlia e munic\u00edpio \u00e9 destaque nacional em investimentos agricultura familiar - Ello TV<\/title>\n<meta name=\"description\" content=\"S\u00e3o Jos\u00e9 do Egito se destaca no Pr\u00eamio Prefeitura Empreendedora do Sebrae com a\u00e7\u00f5es na agricultura familiar na gest\u00e3o Fredson Brito.\" \/>\n<meta name=\"robots\" content=\"index, follow, max-snippet:-1, max-image-preview:large, max-video-preview:-1\" \/>\n<link rel=\"canonical\" href=\"https:\/\/ellotv.com.br\/site\/2026\/05\/20\/gestao-fredson-brito-leva-sao-jose-do-egito-a-brasilia-e-municipio-e-destaque-nacional-em-investimentos-agricultura-familiar\/\" \/>\n<meta property=\"og:locale\" content=\"pt_BR\" \/>\n<meta property=\"og:type\" content=\"article\" \/>\n<meta property=\"og:title\" content=\"Gest\u00e3o Fredson Brito leva S\u00e3o Jos\u00e9 do Egito \u00e0 Bras\u00edlia e munic\u00edpio \u00e9 destaque nacional em investimentos agricultura familiar - Ello TV\" \/>\n<meta property=\"og:description\" content=\"S\u00e3o Jos\u00e9 do Egito se destaca no Pr\u00eamio Prefeitura Empreendedora do Sebrae com a\u00e7\u00f5es na agricultura familiar na gest\u00e3o Fredson Brito.\" \/>\n<meta property=\"og:url\" content=\"https:\/\/ellotv.com.br\/site\/2026\/05\/20\/gestao-fredson-brito-leva-sao-jose-do-egito-a-brasilia-e-municipio-e-destaque-nacional-em-investimentos-agricultura-familiar\/\" \/>\n<meta property=\"og:site_name\" content=\"Ello TV\" \/>\n<meta property=\"article:published_time\" content=\"2026-05-20T19:44:22+00:00\" \/>\n<meta property=\"og:image\" content=\"https:\/\/ellotv.com.br\/site\/wp-content\/uploads\/2026\/05\/WhatsApp-Image-2026-05-20-at-15.07.51-scaled.jpeg\" \/>\n\t<meta property=\"og:image:width\" content=\"1920\" \/>\n\t<meta property=\"og:image:height\" content=\"2560\" \/>\n\t<meta property=\"og:image:type\" content=\"image\/jpeg\" \/>\n<meta name=\"author\" content=\"ELLO TV\" \/>\n<meta name=\"twitter:card\" content=\"summary_large_image\" \/>\n<meta name=\"twitter:label1\" content=\"Escrito por\" \/>\n\t<meta name=\"twitter:data1\" content=\"ELLO TV\" \/>\n\t<meta name=\"twitter:label2\" content=\"Est. tempo de leitura\" \/>\n\t<meta name=\"twitter:data2\" content=\"1 minuto\" \/>\n<script type=\"application\/ld+json\" class=\"yoast-schema-graph\">{\"@context\":\"https:\\\/\\\/schema.org\",\"@graph\":[{\"@type\":\"Article\",\"@id\":\"https:\\\/\\\/ellotv.com.br\\\/site\\\/2026\\\/05\\\/20\\\/gestao-fredson-brito-leva-sao-jose-do-egito-a-brasilia-e-municipio-e-destaque-nacional-em-investimentos-agricultura-familiar\\\/#article\",\"isPartOf\":{\"@id\":\"https:\\\/\\\/ellotv.com.br\\\/site\\\/2026\\\/05\\\/20\\\/gestao-fredson-brito-leva-sao-jose-do-egito-a-brasilia-e-municipio-e-destaque-nacional-em-investimentos-agricultura-familiar\\\/\"},\"author\":{\"name\":\"ELLO TV\",\"@id\":\"https:\\\/\\\/ellotv.com.br\\\/site\\\/#\\\/schema\\\/person\\\/2dbe3abaee38dcc7332fc8205cd2b15d\"},\"headline\":\"Gest\u00e3o Fredson Brito leva S\u00e3o Jos\u00e9 do Egito \u00e0 Bras\u00edlia e munic\u00edpio \u00e9 destaque nacional em investimentos agricultura familiar\",\"datePublished\":\"2026-05-20T19:44:22+00:00\",\"mainEntityOfPage\":{\"@id\":\"https:\\\/\\\/ellotv.com.br\\\/site\\\/2026\\\/05\\\/20\\\/gestao-fredson-brito-leva-sao-jose-do-egito-a-brasilia-e-municipio-e-destaque-nacional-em-investimentos-agricultura-familiar\\\/\"},\"wordCount\":253,\"commentCount\":0,\"publisher\":{\"@id\":\"https:\\\/\\\/ellotv.com.br\\\/site\\\/#organization\"},\"image\":{\"@id\":\"https:\\\/\\\/ellotv.com.br\\\/site\\\/2026\\\/05\\\/20\\\/gestao-fredson-brito-leva-sao-jose-do-egito-a-brasilia-e-municipio-e-destaque-nacional-em-investimentos-agricultura-familiar\\\/#primaryimage\"},\"thumbnailUrl\":\"https:\\\/\\\/ellotv.com.br\\\/site\\\/wp-content\\\/uploads\\\/2026\\\/05\\\/WhatsApp-Image-2026-05-20-at-15.07.51-scaled.jpeg\",\"articleSection\":[\"Brasil\",\"Noticias\",\"Regional\"],\"inLanguage\":\"pt-BR\",\"potentialAction\":[{\"@type\":\"CommentAction\",\"name\":\"Comment\",\"target\":[\"https:\\\/\\\/ellotv.com.br\\\/site\\\/2026\\\/05\\\/20\\\/gestao-fredson-brito-leva-sao-jose-do-egito-a-brasilia-e-municipio-e-destaque-nacional-em-investimentos-agricultura-familiar\\\/#respond\"]}]},{\"@type\":\"WebPage\",\"@id\":\"https:\\\/\\\/ellotv.com.br\\\/site\\\/2026\\\/05\\\/20\\\/gestao-fredson-brito-leva-sao-jose-do-egito-a-brasilia-e-municipio-e-destaque-nacional-em-investimentos-agricultura-familiar\\\/\",\"url\":\"https:\\\/\\\/ellotv.com.br\\\/site\\\/2026\\\/05\\\/20\\\/gestao-fredson-brito-leva-sao-jose-do-egito-a-brasilia-e-municipio-e-destaque-nacional-em-investimentos-agricultura-familiar\\\/\",\"name\":\"Gest\u00e3o Fredson Brito leva S\u00e3o Jos\u00e9 do Egito \u00e0 Bras\u00edlia e munic\u00edpio \u00e9 destaque nacional em investimentos agricultura familiar - Ello TV\",\"isPartOf\":{\"@id\":\"https:\\\/\\\/ellotv.com.br\\\/site\\\/#website\"},\"primaryImageOfPage\":{\"@id\":\"https:\\\/\\\/ellotv.com.br\\\/site\\\/2026\\\/05\\\/20\\\/gestao-fredson-brito-leva-sao-jose-do-egito-a-brasilia-e-municipio-e-destaque-nacional-em-investimentos-agricultura-familiar\\\/#primaryimage\"},\"image\":{\"@id\":\"https:\\\/\\\/ellotv.com.br\\\/site\\\/2026\\\/05\\\/20\\\/gestao-fredson-brito-leva-sao-jose-do-egito-a-brasilia-e-municipio-e-destaque-nacional-em-investimentos-agricultura-familiar\\\/#primaryimage\"},\"thumbnailUrl\":\"https:\\\/\\\/ellotv.com.br\\\/site\\\/wp-content\\\/uploads\\\/2026\\\/05\\\/WhatsApp-Image-2026-05-20-at-15.07.51-scaled.jpeg\",\"datePublished\":\"2026-05-20T19:44:22+00:00\",\"description\":\"S\u00e3o Jos\u00e9 do Egito se destaca no Pr\u00eamio Prefeitura Empreendedora do Sebrae com a\u00e7\u00f5es na agricultura familiar na gest\u00e3o Fredson Brito.\",\"breadcrumb\":{\"@id\":\"https:\\\/\\\/ellotv.com.br\\\/site\\\/2026\\\/05\\\/20\\\/gestao-fredson-brito-leva-sao-jose-do-egito-a-brasilia-e-municipio-e-destaque-nacional-em-investimentos-agricultura-familiar\\\/#breadcrumb\"},\"inLanguage\":\"pt-BR\",\"potentialAction\":[{\"@type\":\"ReadAction\",\"target\":[\"https:\\\/\\\/ellotv.com.br\\\/site\\\/2026\\\/05\\\/20\\\/gestao-fredson-brito-leva-sao-jose-do-egito-a-brasilia-e-municipio-e-destaque-nacional-em-investimentos-agricultura-familiar\\\/\"]}]},{\"@type\":\"ImageObject\",\"inLanguage\":\"pt-BR\",\"@id\":\"https:\\\/\\\/ellotv.com.br\\\/site\\\/2026\\\/05\\\/20\\\/gestao-fredson-brito-leva-sao-jose-do-egito-a-brasilia-e-municipio-e-destaque-nacional-em-investimentos-agricultura-familiar\\\/#primaryimage\",\"url\":\"https:\\\/\\\/ellotv.com.br\\\/site\\\/wp-content\\\/uploads\\\/2026\\\/05\\\/WhatsApp-Image-2026-05-20-at-15.07.51-scaled.jpeg\",\"contentUrl\":\"https:\\\/\\\/ellotv.com.br\\\/site\\\/wp-content\\\/uploads\\\/2026\\\/05\\\/WhatsApp-Image-2026-05-20-at-15.07.51-scaled.jpeg\",\"width\":1920,\"height\":2560},{\"@type\":\"BreadcrumbList\",\"@id\":\"https:\\\/\\\/ellotv.com.br\\\/site\\\/2026\\\/05\\\/20\\\/gestao-fredson-brito-leva-sao-jose-do-egito-a-brasilia-e-municipio-e-destaque-nacional-em-investimentos-agricultura-familiar\\\/#breadcrumb\",\"itemListElement\":[{\"@type\":\"ListItem\",\"position\":1,\"name\":\"In\u00edcio\",\"item\":\"https:\\\/\\\/ellotv.com.br\\\/site\\\/\"},{\"@type\":\"ListItem\",\"position\":2,\"name\":\"Gest\u00e3o Fredson Brito leva S\u00e3o Jos\u00e9 do Egito \u00e0 Bras\u00edlia e munic\u00edpio \u00e9 destaque nacional em investimentos agricultura familiar\"}]},{\"@type\":\"WebSite\",\"@id\":\"https:\\\/\\\/ellotv.com.br\\\/site\\\/#website\",\"url\":\"https:\\\/\\\/ellotv.com.br\\\/site\\\/\",\"name\":\"ELLO TV\",\"description\":\"\",\"publisher\":{\"@id\":\"https:\\\/\\\/ellotv.com.br\\\/site\\\/#organization\"},\"potentialAction\":[{\"@type\":\"SearchAction\",\"target\":{\"@type\":\"EntryPoint\",\"urlTemplate\":\"https:\\\/\\\/ellotv.com.br\\\/site\\\/?s={search_term_string}\"},\"query-input\":{\"@type\":\"PropertyValueSpecification\",\"valueRequired\":true,\"valueName\":\"search_term_string\"}}],\"inLanguage\":\"pt-BR\"},{\"@type\":\"Organization\",\"@id\":\"https:\\\/\\\/ellotv.com.br\\\/site\\\/#organization\",\"name\":\"ELLO TV\",\"url\":\"https:\\\/\\\/ellotv.com.br\\\/site\\\/\",\"logo\":{\"@type\":\"ImageObject\",\"inLanguage\":\"pt-BR\",\"@id\":\"https:\\\/\\\/ellotv.com.br\\\/site\\\/#\\\/schema\\\/logo\\\/image\\\/\",\"url\":\"https:\\\/\\\/ellotv.com.br\\\/site\\\/wp-content\\\/uploads\\\/2025\\\/11\\\/ello-logo-2.fw_.png\",\"contentUrl\":\"https:\\\/\\\/ellotv.com.br\\\/site\\\/wp-content\\\/uploads\\\/2025\\\/11\\\/ello-logo-2.fw_.png\",\"width\":400,\"height\":146,\"caption\":\"ELLO TV\"},\"image\":{\"@id\":\"https:\\\/\\\/ellotv.com.br\\\/site\\\/#\\\/schema\\\/logo\\\/image\\\/\"}},{\"@type\":\"Person\",\"@id\":\"https:\\\/\\\/ellotv.com.br\\\/site\\\/#\\\/schema\\\/person\\\/2dbe3abaee38dcc7332fc8205cd2b15d\",\"name\":\"ELLO TV\",\"image\":{\"@type\":\"ImageObject\",\"inLanguage\":\"pt-BR\",\"@id\":\"https:\\\/\\\/secure.gravatar.com\\\/avatar\\\/c38242b9da8ec217ac3f0aaee31a54f7d7befb11b2b47fdbc8fb0fad60afa1c6?s=96&d=mm&r=g\",\"url\":\"https:\\\/\\\/secure.gravatar.com\\\/avatar\\\/c38242b9da8ec217ac3f0aaee31a54f7d7befb11b2b47fdbc8fb0fad60afa1c6?s=96&d=mm&r=g\",\"contentUrl\":\"https:\\\/\\\/secure.gravatar.com\\\/avatar\\\/c38242b9da8ec217ac3f0aaee31a54f7d7befb11b2b47fdbc8fb0fad60afa1c6?s=96&d=mm&r=g\",\"caption\":\"ELLO TV\"},\"url\":\"https:\\\/\\\/ellotv.com.br\\\/site\\\/author\\\/elloagencia\\\/\"}]}<\/script>\n<!-- \/ Yoast SEO plugin. -->","yoast_head_json":{"title":"Gest\u00e3o Fredson Brito leva S\u00e3o Jos\u00e9 do Egito \u00e0 Bras\u00edlia e munic\u00edpio \u00e9 destaque nacional em investimentos agricultura familiar - Ello TV","description":"S\u00e3o Jos\u00e9 do Egito se destaca no Pr\u00eamio Prefeitura Empreendedora do Sebrae com a\u00e7\u00f5es na agricultura familiar na gest\u00e3o Fredson Brito.","robots":{"index":"index","follow":"follow","max-snippet":"max-snippet:-1","max-image-preview":"max-image-preview:large","max-video-preview":"max-video-preview:-1"},"canonical":"https:\/\/ellotv.com.br\/site\/2026\/05\/20\/gestao-fredson-brito-leva-sao-jose-do-egito-a-brasilia-e-municipio-e-destaque-nacional-em-investimentos-agricultura-familiar\/","og_locale":"pt_BR","og_type":"article","og_title":"Gest\u00e3o Fredson Brito leva S\u00e3o Jos\u00e9 do Egito \u00e0 Bras\u00edlia e munic\u00edpio \u00e9 destaque nacional em investimentos agricultura familiar - Ello TV","og_description":"S\u00e3o Jos\u00e9 do Egito se destaca no Pr\u00eamio Prefeitura Empreendedora do Sebrae com a\u00e7\u00f5es na agricultura familiar na gest\u00e3o Fredson Brito.","og_url":"https:\/\/ellotv.com.br\/site\/2026\/05\/20\/gestao-fredson-brito-leva-sao-jose-do-egito-a-brasilia-e-municipio-e-destaque-nacional-em-investimentos-agricultura-familiar\/","og_site_name":"Ello TV","article_published_time":"2026-05-20T19:44:22+00:00","og_image":[{"width":1920,"height":2560,"url":"https:\/\/ellotv.com.br\/site\/wp-content\/uploads\/2026\/05\/WhatsApp-Image-2026-05-20-at-15.07.51-scaled.jpeg","type":"image\/jpeg"}],"author":"ELLO TV","twitter_card":"summary_large_image","twitter_misc":{"Escrito por":"ELLO TV","Est. tempo de leitura":"1 minuto"},"schema":{"@context":"https:\/\/schema.org","@graph":[{"@type":"Article","@id":"https:\/\/ellotv.com.br\/site\/2026\/05\/20\/gestao-fredson-brito-leva-sao-jose-do-egito-a-brasilia-e-municipio-e-destaque-nacional-em-investimentos-agricultura-familiar\/#article","isPartOf":{"@id":"https:\/\/ellotv.com.br\/site\/2026\/05\/20\/gestao-fredson-brito-leva-sao-jose-do-egito-a-brasilia-e-municipio-e-destaque-nacional-em-investimentos-agricultura-familiar\/"},"author":{"name":"ELLO TV","@id":"https:\/\/ellotv.com.br\/site\/#\/schema\/person\/2dbe3abaee38dcc7332fc8205cd2b15d"},"headline":"Gest\u00e3o Fredson Brito leva S\u00e3o Jos\u00e9 do Egito \u00e0 Bras\u00edlia e munic\u00edpio \u00e9 destaque nacional em investimentos agricultura familiar","datePublished":"2026-05-20T19:44:22+00:00","mainEntityOfPage":{"@id":"https:\/\/ellotv.com.br\/site\/2026\/05\/20\/gestao-fredson-brito-leva-sao-jose-do-egito-a-brasilia-e-municipio-e-destaque-nacional-em-investimentos-agricultura-familiar\/"},"wordCount":253,"commentCount":0,"publisher":{"@id":"https:\/\/ellotv.com.br\/site\/#organization"},"image":{"@id":"https:\/\/ellotv.com.br\/site\/2026\/05\/20\/gestao-fredson-brito-leva-sao-jose-do-egito-a-brasilia-e-municipio-e-destaque-nacional-em-investimentos-agricultura-familiar\/#primaryimage"},"thumbnailUrl":"https:\/\/ellotv.com.br\/site\/wp-content\/uploads\/2026\/05\/WhatsApp-Image-2026-05-20-at-15.07.51-scaled.jpeg","articleSection":["Brasil","Noticias","Regional"],"inLanguage":"pt-BR","potentialAction":[{"@type":"CommentAction","name":"Comment","target":["https:\/\/ellotv.com.br\/site\/2026\/05\/20\/gestao-fredson-brito-leva-sao-jose-do-egito-a-brasilia-e-municipio-e-destaque-nacional-em-investimentos-agricultura-familiar\/#respond"]}]},{"@type":"WebPage","@id":"https:\/\/ellotv.com.br\/site\/2026\/05\/20\/gestao-fredson-brito-leva-sao-jose-do-egito-a-brasilia-e-municipio-e-destaque-nacional-em-investimentos-agricultura-familiar\/","url":"https:\/\/ellotv.com.br\/site\/2026\/05\/20\/gestao-fredson-brito-leva-sao-jose-do-egito-a-brasilia-e-municipio-e-destaque-nacional-em-investimentos-agricultura-familiar\/","name":"Gest\u00e3o Fredson Brito leva S\u00e3o Jos\u00e9 do Egito \u00e0 Bras\u00edlia e munic\u00edpio \u00e9 destaque nacional em investimentos agricultura familiar - Ello TV","isPartOf":{"@id":"https:\/\/ellotv.com.br\/site\/#website"},"primaryImageOfPage":{"@id":"https:\/\/ellotv.com.br\/site\/2026\/05\/20\/gestao-fredson-brito-leva-sao-jose-do-egito-a-brasilia-e-municipio-e-destaque-nacional-em-investimentos-agricultura-familiar\/#primaryimage"},"image":{"@id":"https:\/\/ellotv.com.br\/site\/2026\/05\/20\/gestao-fredson-brito-leva-sao-jose-do-egito-a-brasilia-e-municipio-e-destaque-nacional-em-investimentos-agricultura-familiar\/#primaryimage"},"thumbnailUrl":"https:\/\/ellotv.com.br\/site\/wp-content\/uploads\/2026\/05\/WhatsApp-Image-2026-05-20-at-15.07.51-scaled.jpeg","datePublished":"2026-05-20T19:44:22+00:00","description":"S\u00e3o Jos\u00e9 do Egito se destaca no Pr\u00eamio Prefeitura Empreendedora do Sebrae com a\u00e7\u00f5es na agricultura familiar na gest\u00e3o Fredson Brito.","breadcrumb":{"@id":"https:\/\/ellotv.com.br\/site\/2026\/05\/20\/gestao-fredson-brito-leva-sao-jose-do-egito-a-brasilia-e-municipio-e-destaque-nacional-em-investimentos-agricultura-familiar\/#breadcrumb"},"inLanguage":"pt-BR","potentialAction":[{"@type":"ReadAction","target":["https:\/\/ellotv.com.br\/site\/2026\/05\/20\/gestao-fredson-brito-leva-sao-jose-do-egito-a-brasilia-e-municipio-e-destaque-nacional-em-investimentos-agricultura-familiar\/"]}]},{"@type":"ImageObject","inLanguage":"pt-BR","@id":"https:\/\/ellotv.com.br\/site\/2026\/05\/20\/gestao-fredson-brito-leva-sao-jose-do-egito-a-brasilia-e-municipio-e-destaque-nacional-em-investimentos-agricultura-familiar\/#primaryimage","url":"https:\/\/ellotv.com.br\/site\/wp-content\/uploads\/2026\/05\/WhatsApp-Image-2026-05-20-at-15.07.51-scaled.jpeg","contentUrl":"https:\/\/ellotv.com.br\/site\/wp-content\/uploads\/2026\/05\/WhatsApp-Image-2026-05-20-at-15.07.51-scaled.jpeg","width":1920,"height":2560},{"@type":"BreadcrumbList","@id":"https:\/\/ellotv.com.br\/site\/2026\/05\/20\/gestao-fredson-brito-leva-sao-jose-do-egito-a-brasilia-e-municipio-e-destaque-nacional-em-investimentos-agricultura-familiar\/#breadcrumb","itemListElement":[{"@type":"ListItem","position":1,"name":"In\u00edcio","item":"https:\/\/ellotv.com.br\/site\/"},{"@type":"ListItem","position":2,"name":"Gest\u00e3o Fredson Brito leva S\u00e3o Jos\u00e9 do Egito \u00e0 Bras\u00edlia e munic\u00edpio \u00e9 destaque nacional em investimentos agricultura familiar"}]},{"@type":"WebSite","@id":"https:\/\/ellotv.com.br\/site\/#website","url":"https:\/\/ellotv.com.br\/site\/","name":"ELLO TV","description":"","publisher":{"@id":"https:\/\/ellotv.com.br\/site\/#organization"},"potentialAction":[{"@type":"SearchAction","target":{"@type":"EntryPoint","urlTemplate":"https:\/\/ellotv.com.br\/site\/?s={search_term_string}"},"query-input":{"@type":"PropertyValueSpecification","valueRequired":true,"valueName":"search_term_string"}}],"inLanguage":"pt-BR"},{"@type":"Organization","@id":"https:\/\/ellotv.com.br\/site\/#organization","name":"ELLO TV","url":"https:\/\/ellotv.com.br\/site\/","logo":{"@type":"ImageObject","inLanguage":"pt-BR","@id":"https:\/\/ellotv.com.br\/site\/#\/schema\/logo\/image\/","url":"https:\/\/ellotv.com.br\/site\/wp-content\/uploads\/2025\/11\/ello-logo-2.fw_.png","contentUrl":"https:\/\/ellotv.com.br\/site\/wp-content\/uploads\/2025\/11\/ello-logo-2.fw_.png","width":400,"height":146,"caption":"ELLO TV"},"image":{"@id":"https:\/\/ellotv.com.br\/site\/#\/schema\/logo\/image\/"}},{"@type":"Person","@id":"https:\/\/ellotv.com.br\/site\/#\/schema\/person\/2dbe3abaee38dcc7332fc8205cd2b15d","name":"ELLO TV","image":{"@type":"ImageObject","inLanguage":"pt-BR","@id":"https:\/\/secure.gravatar.com\/avatar\/c38242b9da8ec217ac3f0aaee31a54f7d7befb11b2b47fdbc8fb0fad60afa1c6?s=96&d=mm&r=g","url":"https:\/\/secure.gravatar.com\/avatar\/c38242b9da8ec217ac3f0aaee31a54f7d7befb11b2b47fdbc8fb0fad60afa1c6?s=96&d=mm&r=g","contentUrl":"https:\/\/secure.gravatar.com\/avatar\/c38242b9da8ec217ac3f0aaee31a54f7d7befb11b2b47fdbc8fb0fad60afa1c6?s=96&d=mm&r=g","caption":"ELLO TV"},"url":"https:\/\/ellotv.com.br\/site\/author\/elloagencia\/"}]}},"featured_image_urls":{"full":["https:\/\/ellotv.com.br\/site\/wp-content\/uploads\/2026\/05\/WhatsApp-Image-2026-05-20-at-15.07.51-scaled.jpeg",1920,2560,false],"thumbnail":["https:\/\/ellotv.com.br\/site\/wp-content\/uploads\/2026\/05\/WhatsApp-Image-2026-05-20-at-15.07.51-150x150.jpeg",150,150,true],"medium":["https:\/\/ellotv.com.br\/site\/wp-content\/uploads\/2026\/05\/WhatsApp-Image-2026-05-20-at-15.07.51-225x300.jpeg",225,300,true],"medium_large":["https:\/\/ellotv.com.br\/site\/wp-content\/uploads\/2026\/05\/WhatsApp-Image-2026-05-20-at-15.07.51-768x1024.jpeg",640,853,true],"large":["https:\/\/ellotv.com.br\/site\/wp-content\/uploads\/2026\/05\/WhatsApp-Image-2026-05-20-at-15.07.51-768x1024.jpeg",640,853,true],"1536x1536":["https:\/\/ellotv.com.br\/site\/wp-content\/uploads\/2026\/05\/WhatsApp-Image-2026-05-20-at-15.07.51-1152x1536.jpeg",1152,1536,true],"2048x2048":["https:\/\/ellotv.com.br\/site\/wp-content\/uploads\/2026\/05\/WhatsApp-Image-2026-05-20-at-15.07.51-1536x2048.jpeg",1536,2048,true],"darknews-slider-full":["https:\/\/ellotv.com.br\/site\/wp-content\/uploads\/2026\/05\/WhatsApp-Image-2026-05-20-at-15.07.51-1280x720.jpeg",1280,720,true],"darknews-featured":["https:\/\/ellotv.com.br\/site\/wp-content\/uploads\/2026\/05\/WhatsApp-Image-2026-05-20-at-15.07.51-1024x1365.jpeg",1024,1365,true],"darknews-medium":["https:\/\/ellotv.com.br\/site\/wp-content\/uploads\/2026\/05\/WhatsApp-Image-2026-05-20-at-15.07.51-720x530.jpeg",720,530,true],"darknews-medium-square":["https:\/\/ellotv.com.br\/site\/wp-content\/uploads\/2026\/05\/WhatsApp-Image-2026-05-20-at-15.07.51-350x350.jpeg",350,350,true]},"author_info":{"info":["ELLO TV"]},"category_info":"<a href=\"https:\/\/ellotv.com.br\/site\/category\/brasil\/\" rel=\"category tag\">Brasil<\/a> <a href=\"https:\/\/ellotv.com.br\/site\/category\/noticias\/\" rel=\"category tag\">Noticias<\/a> <a href=\"https:\/\/ellotv.com.br\/site\/category\/regional\/\" rel=\"category tag\">Regional<\/a>","tag_info":"Regional","comment_count":"0","_links":{"self":[{"href":"https:\/\/ellotv.com.br\/site\/wp-json\/wp\/v2\/posts\/6202","targetHints":{"allow":["GET"]}}],"collection":[{"href":"https:\/\/ellotv.com.br\/site\/wp-json\/wp\/v2\/posts"}],"about":[{"href":"https:\/\/ellotv.com.br\/site\/wp-json\/wp\/v2\/types\/post"}],"author":[{"embeddable":true,"href":"https:\/\/ellotv.com.br\/site\/wp-json\/wp\/v2\/users\/2"}],"replies":[{"embeddable":true,"href":"https:\/\/ellotv.com.br\/site\/wp-json\/wp\/v2\/comments?post=6202"}],"version-history":[{"count":1,"href":"https:\/\/ellotv.com.br\/site\/wp-json\/wp\/v2\/posts\/6202\/revisions"}],"predecessor-version":[{"id":6205,"href":"https:\/\/ellotv.com.br\/site\/wp-json\/wp\/v2\/posts\/6202\/revisions\/6205"}],"wp:featuredmedia":[{"embeddable":true,"href":"https:\/\/ellotv.com.br\/site\/wp-json\/wp\/v2\/media\/6203"}],"wp:attachment":[{"href":"https:\/\/ellotv.com.br\/site\/wp-json\/wp\/v2\/media?parent=6202"}],"wp:term":[{"taxonomy":"category","embeddable":true,"href":"https:\/\/ellotv.com.br\/site\/wp-json\/wp\/v2\/categories?post=6202"},{"taxonomy":"post_tag","embeddable":true,"href":"https:\/\/ellotv.com.br\/site\/wp-json\/wp\/v2\/tags?post=6202"}],"curies":[{"name":"wp","href":"https:\/\/api.w.org\/{rel}","templated":true}]}}