{"id":6209,"date":"2026-05-20T16:56:35","date_gmt":"2026-05-20T19:56:35","guid":{"rendered":"https:\/\/ellotv.com.br\/site\/?p=6209"},"modified":"2026-05-20T16:56:35","modified_gmt":"2026-05-20T19:56:35","slug":"%f0%9f%8c%b5%f0%9f%8e%b6-confiram-a-programacao-da-caravana-cultural-cego-aderaldo","status":"publish","type":"post","link":"https:\/\/ellotv.com.br\/site\/2026\/05\/20\/%f0%9f%8c%b5%f0%9f%8e%b6-confiram-a-programacao-da-caravana-cultural-cego-aderaldo\/","title":{"rendered":"\ud83c\udf35\ud83c\udfb6 Confiram a programa\u00e7\u00e3o da Caravana Cultural Cego Aderaldo"},"content":{"rendered":"<p>mais uma produ\u00e7\u00e3o do Paulo Matric\u00f3, que chega \u00e0s comunidades rurais do Vale do Paje\u00fa levando m\u00fasica, cordel, repente, poesia e tradi\u00e7\u00e3o popular para pra\u00e7as, povoados e s\u00edtios do Sert\u00e3o. \u2728<\/p>\n<p>\ud83d\udccd A PROGRAMA\u00c7\u00c3O:<\/p>\n<p>\ud83d\uddd3\ufe0f 23\/05 \u2014 Borborema | Tabira (PE)<br \/>\n\ud83d\uddd3\ufe0f 24\/05 \u2014 Varzinha | Afogados da Ingazeira (PE)<br \/>\n\ud83d\uddd3\ufe0f 31\/05 \u2014 Pra\u00e7a da Matriz | Solid\u00e3o (PE)<br \/>\n\ud83d\uddd3\ufe0f 06\/06 \u2014 Riacho do Meio | S\u00e3o Jos\u00e9 do Egito (PE)<br \/>\n\ud83d\uddd3\ufe0f 07\/06 \u2014 Santa Rosa | Ingazeira (PE)<br \/>\n\ud83d\uddd3\ufe0f 13\/06 \u2014 Vila do Tigre | Santa Terezinha (PE)<br \/>\n\ud83d\uddd3\ufe0f 14\/06 \u2014 Pra\u00e7a da Cultura | \u00c1gua Branca (PB)<br \/>\n\ud83d\uddd3\ufe0f 20\/06 \u2014 S\u00edtio Jabre ou Pra\u00e7a do Rel\u00f3gio | Matur\u00e9ia (PB)<br \/>\n\ud83d\uddd3\ufe0f 21\/06 \u2014 Comunidade Santa Rita | Tuparetama (PE)<\/p>\n<p>\ud83c\udf3e Um reencontro do povo sertanejo com sua mem\u00f3ria, sua identidade e sua cultura popular.<\/p>\n<p>\ud83c\udfad Produ\u00e7\u00e3o: Paulo Matric\u00f3<br \/>\n\ud83e\udd1d Patroc\u00ednio: @bancodonordeste | @govbr<\/p>\n<p>\u201cOnde tem patroc\u00ednio do Banco do Nordeste, tem Governo do Brasil.\u201d<\/p>\n<p><a href=\"https:\/\/www.instagram.com\/paulomatrico?igsh=MjhneXh2eHR6YTg0\">@paulomatrico<\/a><\/p>\n","protected":false},"excerpt":{"rendered":"<p>mais uma produ\u00e7\u00e3o do Paulo Matric\u00f3, que chega \u00e0s comunidades rurais do Vale do Paje\u00fa levando m\u00fasica, cordel,<\/p>\n","protected":false},"author":2,"featured_media":6210,"comment_status":"open","ping_status":"open","sticky":false,"template":"","format":"standard","meta":{"footnotes":""},"categories":[12,9],"tags":[],"class_list":["post-6209","post","type-post","status-publish","format-standard","has-post-thumbnail","hentry","category-noticias","category-regional"],"yoast_head":"<!-- This site is optimized with the Yoast SEO plugin v28.3 - https:\/\/yoast.com\/product\/yoast-seo-wordpress\/ -->\n<title>\ud83c\udf35\ud83c\udfb6 Confiram a programa\u00e7\u00e3o da Caravana Cultural Cego Aderaldo - Ello TV<\/title>\n<meta name=\"description\" content=\"Caravana Cultural Cego Aderaldo divulga programa\u00e7\u00e3o no Vale do Paje\u00fa e leva poesia, m\u00fasica e tradi\u00e7\u00e3o a cidades de PE e PB.\" \/>\n<meta name=\"robots\" content=\"index, follow, max-snippet:-1, max-image-preview:large, max-video-preview:-1\" \/>\n<link rel=\"canonical\" href=\"https:\/\/ellotv.com.br\/site\/2026\/05\/20\/\ud83c\udf35\ud83c\udfb6-confiram-a-programacao-da-caravana-cultural-cego-aderaldo\/\" \/>\n<meta property=\"og:locale\" content=\"pt_BR\" \/>\n<meta property=\"og:type\" content=\"article\" \/>\n<meta property=\"og:title\" content=\"\ud83c\udf35\ud83c\udfb6 Confiram a programa\u00e7\u00e3o da Caravana Cultural Cego Aderaldo - Ello TV\" \/>\n<meta property=\"og:description\" content=\"Caravana Cultural Cego Aderaldo divulga programa\u00e7\u00e3o no Vale do Paje\u00fa e leva poesia, m\u00fasica e tradi\u00e7\u00e3o a cidades de PE e PB.\" \/>\n<meta property=\"og:url\" content=\"https:\/\/ellotv.com.br\/site\/2026\/05\/20\/\ud83c\udf35\ud83c\udfb6-confiram-a-programacao-da-caravana-cultural-cego-aderaldo\/\" \/>\n<meta property=\"og:site_name\" content=\"Ello TV\" \/>\n<meta property=\"article:published_time\" content=\"2026-05-20T19:56:35+00:00\" \/>\n<meta property=\"og:image\" content=\"https:\/\/ellotv.com.br\/site\/wp-content\/uploads\/2026\/05\/\ud83c\udf35\ud83c\udfb6-Confiram-a-programacao-da-Caravana-Cultural-Cego-Aderaldo-mais-uma-producao-do-Paulo-Matri.jpg\" \/>\n\t<meta property=\"og:image:width\" content=\"1080\" \/>\n\t<meta property=\"og:image:height\" content=\"1350\" \/>\n\t<meta property=\"og:image:type\" content=\"image\/jpeg\" \/>\n<meta name=\"author\" content=\"ELLO TV\" \/>\n<meta name=\"twitter:card\" content=\"summary_large_image\" \/>\n<meta name=\"twitter:label1\" content=\"Escrito por\" \/>\n\t<meta name=\"twitter:data1\" content=\"ELLO TV\" \/>\n\t<meta name=\"twitter:label2\" content=\"Est. tempo de leitura\" \/>\n\t<meta name=\"twitter:data2\" content=\"1 minuto\" \/>\n<script type=\"application\/ld+json\" class=\"yoast-schema-graph\">{\"@context\":\"https:\\\/\\\/schema.org\",\"@graph\":[{\"@type\":\"Article\",\"@id\":\"https:\\\/\\\/ellotv.com.br\\\/site\\\/2026\\\/05\\\/20\\\/%f0%9f%8c%b5%f0%9f%8e%b6-confiram-a-programacao-da-caravana-cultural-cego-aderaldo\\\/#article\",\"isPartOf\":{\"@id\":\"https:\\\/\\\/ellotv.com.br\\\/site\\\/2026\\\/05\\\/20\\\/%f0%9f%8c%b5%f0%9f%8e%b6-confiram-a-programacao-da-caravana-cultural-cego-aderaldo\\\/\"},\"author\":{\"name\":\"ELLO TV\",\"@id\":\"https:\\\/\\\/ellotv.com.br\\\/site\\\/#\\\/schema\\\/person\\\/2dbe3abaee38dcc7332fc8205cd2b15d\"},\"headline\":\"\ud83c\udf35\ud83c\udfb6 Confiram a programa\u00e7\u00e3o da Caravana Cultural Cego Aderaldo\",\"datePublished\":\"2026-05-20T19:56:35+00:00\",\"mainEntityOfPage\":{\"@id\":\"https:\\\/\\\/ellotv.com.br\\\/site\\\/2026\\\/05\\\/20\\\/%f0%9f%8c%b5%f0%9f%8e%b6-confiram-a-programacao-da-caravana-cultural-cego-aderaldo\\\/\"},\"wordCount\":142,\"commentCount\":0,\"publisher\":{\"@id\":\"https:\\\/\\\/ellotv.com.br\\\/site\\\/#organization\"},\"image\":{\"@id\":\"https:\\\/\\\/ellotv.com.br\\\/site\\\/2026\\\/05\\\/20\\\/%f0%9f%8c%b5%f0%9f%8e%b6-confiram-a-programacao-da-caravana-cultural-cego-aderaldo\\\/#primaryimage\"},\"thumbnailUrl\":\"https:\\\/\\\/ellotv.com.br\\\/site\\\/wp-content\\\/uploads\\\/2026\\\/05\\\/\ud83c\udf35\ud83c\udfb6-Confiram-a-programacao-da-Caravana-Cultural-Cego-Aderaldo-mais-uma-producao-do-Paulo-Matri.jpg\",\"articleSection\":[\"Noticias\",\"Regional\"],\"inLanguage\":\"pt-BR\",\"potentialAction\":[{\"@type\":\"CommentAction\",\"name\":\"Comment\",\"target\":[\"https:\\\/\\\/ellotv.com.br\\\/site\\\/2026\\\/05\\\/20\\\/%f0%9f%8c%b5%f0%9f%8e%b6-confiram-a-programacao-da-caravana-cultural-cego-aderaldo\\\/#respond\"]}]},{\"@type\":\"WebPage\",\"@id\":\"https:\\\/\\\/ellotv.com.br\\\/site\\\/2026\\\/05\\\/20\\\/%f0%9f%8c%b5%f0%9f%8e%b6-confiram-a-programacao-da-caravana-cultural-cego-aderaldo\\\/\",\"url\":\"https:\\\/\\\/ellotv.com.br\\\/site\\\/2026\\\/05\\\/20\\\/%f0%9f%8c%b5%f0%9f%8e%b6-confiram-a-programacao-da-caravana-cultural-cego-aderaldo\\\/\",\"name\":\"\ud83c\udf35\ud83c\udfb6 Confiram a programa\u00e7\u00e3o da Caravana Cultural Cego Aderaldo - Ello TV\",\"isPartOf\":{\"@id\":\"https:\\\/\\\/ellotv.com.br\\\/site\\\/#website\"},\"primaryImageOfPage\":{\"@id\":\"https:\\\/\\\/ellotv.com.br\\\/site\\\/2026\\\/05\\\/20\\\/%f0%9f%8c%b5%f0%9f%8e%b6-confiram-a-programacao-da-caravana-cultural-cego-aderaldo\\\/#primaryimage\"},\"image\":{\"@id\":\"https:\\\/\\\/ellotv.com.br\\\/site\\\/2026\\\/05\\\/20\\\/%f0%9f%8c%b5%f0%9f%8e%b6-confiram-a-programacao-da-caravana-cultural-cego-aderaldo\\\/#primaryimage\"},\"thumbnailUrl\":\"https:\\\/\\\/ellotv.com.br\\\/site\\\/wp-content\\\/uploads\\\/2026\\\/05\\\/\ud83c\udf35\ud83c\udfb6-Confiram-a-programacao-da-Caravana-Cultural-Cego-Aderaldo-mais-uma-producao-do-Paulo-Matri.jpg\",\"datePublished\":\"2026-05-20T19:56:35+00:00\",\"description\":\"Caravana Cultural Cego Aderaldo divulga programa\u00e7\u00e3o no Vale do Paje\u00fa e leva poesia, m\u00fasica e tradi\u00e7\u00e3o a cidades de PE e PB.\",\"breadcrumb\":{\"@id\":\"https:\\\/\\\/ellotv.com.br\\\/site\\\/2026\\\/05\\\/20\\\/%f0%9f%8c%b5%f0%9f%8e%b6-confiram-a-programacao-da-caravana-cultural-cego-aderaldo\\\/#breadcrumb\"},\"inLanguage\":\"pt-BR\",\"potentialAction\":[{\"@type\":\"ReadAction\",\"target\":[\"https:\\\/\\\/ellotv.com.br\\\/site\\\/2026\\\/05\\\/20\\\/%f0%9f%8c%b5%f0%9f%8e%b6-confiram-a-programacao-da-caravana-cultural-cego-aderaldo\\\/\"]}]},{\"@type\":\"ImageObject\",\"inLanguage\":\"pt-BR\",\"@id\":\"https:\\\/\\\/ellotv.com.br\\\/site\\\/2026\\\/05\\\/20\\\/%f0%9f%8c%b5%f0%9f%8e%b6-confiram-a-programacao-da-caravana-cultural-cego-aderaldo\\\/#primaryimage\",\"url\":\"https:\\\/\\\/ellotv.com.br\\\/site\\\/wp-content\\\/uploads\\\/2026\\\/05\\\/\ud83c\udf35\ud83c\udfb6-Confiram-a-programacao-da-Caravana-Cultural-Cego-Aderaldo-mais-uma-producao-do-Paulo-Matri.jpg\",\"contentUrl\":\"https:\\\/\\\/ellotv.com.br\\\/site\\\/wp-content\\\/uploads\\\/2026\\\/05\\\/\ud83c\udf35\ud83c\udfb6-Confiram-a-programacao-da-Caravana-Cultural-Cego-Aderaldo-mais-uma-producao-do-Paulo-Matri.jpg\",\"width\":1080,\"height\":1350},{\"@type\":\"BreadcrumbList\",\"@id\":\"https:\\\/\\\/ellotv.com.br\\\/site\\\/2026\\\/05\\\/20\\\/%f0%9f%8c%b5%f0%9f%8e%b6-confiram-a-programacao-da-caravana-cultural-cego-aderaldo\\\/#breadcrumb\",\"itemListElement\":[{\"@type\":\"ListItem\",\"position\":1,\"name\":\"In\u00edcio\",\"item\":\"https:\\\/\\\/ellotv.com.br\\\/site\\\/\"},{\"@type\":\"ListItem\",\"position\":2,\"name\":\"\ud83c\udf35\ud83c\udfb6 Confiram a programa\u00e7\u00e3o da Caravana Cultural Cego Aderaldo\"}]},{\"@type\":\"WebSite\",\"@id\":\"https:\\\/\\\/ellotv.com.br\\\/site\\\/#website\",\"url\":\"https:\\\/\\\/ellotv.com.br\\\/site\\\/\",\"name\":\"ELLO TV\",\"description\":\"\",\"publisher\":{\"@id\":\"https:\\\/\\\/ellotv.com.br\\\/site\\\/#organization\"},\"potentialAction\":[{\"@type\":\"SearchAction\",\"target\":{\"@type\":\"EntryPoint\",\"urlTemplate\":\"https:\\\/\\\/ellotv.com.br\\\/site\\\/?s={search_term_string}\"},\"query-input\":{\"@type\":\"PropertyValueSpecification\",\"valueRequired\":true,\"valueName\":\"search_term_string\"}}],\"inLanguage\":\"pt-BR\"},{\"@type\":\"Organization\",\"@id\":\"https:\\\/\\\/ellotv.com.br\\\/site\\\/#organization\",\"name\":\"ELLO TV\",\"url\":\"https:\\\/\\\/ellotv.com.br\\\/site\\\/\",\"logo\":{\"@type\":\"ImageObject\",\"inLanguage\":\"pt-BR\",\"@id\":\"https:\\\/\\\/ellotv.com.br\\\/site\\\/#\\\/schema\\\/logo\\\/image\\\/\",\"url\":\"https:\\\/\\\/ellotv.com.br\\\/site\\\/wp-content\\\/uploads\\\/2025\\\/11\\\/ello-logo-2.fw_.png\",\"contentUrl\":\"https:\\\/\\\/ellotv.com.br\\\/site\\\/wp-content\\\/uploads\\\/2025\\\/11\\\/ello-logo-2.fw_.png\",\"width\":400,\"height\":146,\"caption\":\"ELLO TV\"},\"image\":{\"@id\":\"https:\\\/\\\/ellotv.com.br\\\/site\\\/#\\\/schema\\\/logo\\\/image\\\/\"}},{\"@type\":\"Person\",\"@id\":\"https:\\\/\\\/ellotv.com.br\\\/site\\\/#\\\/schema\\\/person\\\/2dbe3abaee38dcc7332fc8205cd2b15d\",\"name\":\"ELLO TV\",\"image\":{\"@type\":\"ImageObject\",\"inLanguage\":\"pt-BR\",\"@id\":\"https:\\\/\\\/secure.gravatar.com\\\/avatar\\\/c38242b9da8ec217ac3f0aaee31a54f7d7befb11b2b47fdbc8fb0fad60afa1c6?s=96&d=mm&r=g\",\"url\":\"https:\\\/\\\/secure.gravatar.com\\\/avatar\\\/c38242b9da8ec217ac3f0aaee31a54f7d7befb11b2b47fdbc8fb0fad60afa1c6?s=96&d=mm&r=g\",\"contentUrl\":\"https:\\\/\\\/secure.gravatar.com\\\/avatar\\\/c38242b9da8ec217ac3f0aaee31a54f7d7befb11b2b47fdbc8fb0fad60afa1c6?s=96&d=mm&r=g\",\"caption\":\"ELLO TV\"},\"url\":\"https:\\\/\\\/ellotv.com.br\\\/site\\\/author\\\/elloagencia\\\/\"}]}<\/script>\n<!-- \/ Yoast SEO plugin. -->","yoast_head_json":{"title":"\ud83c\udf35\ud83c\udfb6 Confiram a programa\u00e7\u00e3o da Caravana Cultural Cego Aderaldo - Ello TV","description":"Caravana Cultural Cego Aderaldo divulga programa\u00e7\u00e3o no Vale do Paje\u00fa e leva poesia, m\u00fasica e tradi\u00e7\u00e3o a cidades de PE e PB.","robots":{"index":"index","follow":"follow","max-snippet":"max-snippet:-1","max-image-preview":"max-image-preview:large","max-video-preview":"max-video-preview:-1"},"canonical":"https:\/\/ellotv.com.br\/site\/2026\/05\/20\/\ud83c\udf35\ud83c\udfb6-confiram-a-programacao-da-caravana-cultural-cego-aderaldo\/","og_locale":"pt_BR","og_type":"article","og_title":"\ud83c\udf35\ud83c\udfb6 Confiram a programa\u00e7\u00e3o da Caravana Cultural Cego Aderaldo - Ello TV","og_description":"Caravana Cultural Cego Aderaldo divulga programa\u00e7\u00e3o no Vale do Paje\u00fa e leva poesia, m\u00fasica e tradi\u00e7\u00e3o a cidades de PE e PB.","og_url":"https:\/\/ellotv.com.br\/site\/2026\/05\/20\/\ud83c\udf35\ud83c\udfb6-confiram-a-programacao-da-caravana-cultural-cego-aderaldo\/","og_site_name":"Ello TV","article_published_time":"2026-05-20T19:56:35+00:00","og_image":[{"width":1080,"height":1350,"url":"https:\/\/ellotv.com.br\/site\/wp-content\/uploads\/2026\/05\/\ud83c\udf35\ud83c\udfb6-Confiram-a-programacao-da-Caravana-Cultural-Cego-Aderaldo-mais-uma-producao-do-Paulo-Matri.jpg","type":"image\/jpeg"}],"author":"ELLO TV","twitter_card":"summary_large_image","twitter_misc":{"Escrito por":"ELLO TV","Est. tempo de leitura":"1 minuto"},"schema":{"@context":"https:\/\/schema.org","@graph":[{"@type":"Article","@id":"https:\/\/ellotv.com.br\/site\/2026\/05\/20\/%f0%9f%8c%b5%f0%9f%8e%b6-confiram-a-programacao-da-caravana-cultural-cego-aderaldo\/#article","isPartOf":{"@id":"https:\/\/ellotv.com.br\/site\/2026\/05\/20\/%f0%9f%8c%b5%f0%9f%8e%b6-confiram-a-programacao-da-caravana-cultural-cego-aderaldo\/"},"author":{"name":"ELLO TV","@id":"https:\/\/ellotv.com.br\/site\/#\/schema\/person\/2dbe3abaee38dcc7332fc8205cd2b15d"},"headline":"\ud83c\udf35\ud83c\udfb6 Confiram a programa\u00e7\u00e3o da Caravana Cultural Cego Aderaldo","datePublished":"2026-05-20T19:56:35+00:00","mainEntityOfPage":{"@id":"https:\/\/ellotv.com.br\/site\/2026\/05\/20\/%f0%9f%8c%b5%f0%9f%8e%b6-confiram-a-programacao-da-caravana-cultural-cego-aderaldo\/"},"wordCount":142,"commentCount":0,"publisher":{"@id":"https:\/\/ellotv.com.br\/site\/#organization"},"image":{"@id":"https:\/\/ellotv.com.br\/site\/2026\/05\/20\/%f0%9f%8c%b5%f0%9f%8e%b6-confiram-a-programacao-da-caravana-cultural-cego-aderaldo\/#primaryimage"},"thumbnailUrl":"https:\/\/ellotv.com.br\/site\/wp-content\/uploads\/2026\/05\/\ud83c\udf35\ud83c\udfb6-Confiram-a-programacao-da-Caravana-Cultural-Cego-Aderaldo-mais-uma-producao-do-Paulo-Matri.jpg","articleSection":["Noticias","Regional"],"inLanguage":"pt-BR","potentialAction":[{"@type":"CommentAction","name":"Comment","target":["https:\/\/ellotv.com.br\/site\/2026\/05\/20\/%f0%9f%8c%b5%f0%9f%8e%b6-confiram-a-programacao-da-caravana-cultural-cego-aderaldo\/#respond"]}]},{"@type":"WebPage","@id":"https:\/\/ellotv.com.br\/site\/2026\/05\/20\/%f0%9f%8c%b5%f0%9f%8e%b6-confiram-a-programacao-da-caravana-cultural-cego-aderaldo\/","url":"https:\/\/ellotv.com.br\/site\/2026\/05\/20\/%f0%9f%8c%b5%f0%9f%8e%b6-confiram-a-programacao-da-caravana-cultural-cego-aderaldo\/","name":"\ud83c\udf35\ud83c\udfb6 Confiram a programa\u00e7\u00e3o da Caravana Cultural Cego Aderaldo - Ello TV","isPartOf":{"@id":"https:\/\/ellotv.com.br\/site\/#website"},"primaryImageOfPage":{"@id":"https:\/\/ellotv.com.br\/site\/2026\/05\/20\/%f0%9f%8c%b5%f0%9f%8e%b6-confiram-a-programacao-da-caravana-cultural-cego-aderaldo\/#primaryimage"},"image":{"@id":"https:\/\/ellotv.com.br\/site\/2026\/05\/20\/%f0%9f%8c%b5%f0%9f%8e%b6-confiram-a-programacao-da-caravana-cultural-cego-aderaldo\/#primaryimage"},"thumbnailUrl":"https:\/\/ellotv.com.br\/site\/wp-content\/uploads\/2026\/05\/\ud83c\udf35\ud83c\udfb6-Confiram-a-programacao-da-Caravana-Cultural-Cego-Aderaldo-mais-uma-producao-do-Paulo-Matri.jpg","datePublished":"2026-05-20T19:56:35+00:00","description":"Caravana Cultural Cego Aderaldo divulga programa\u00e7\u00e3o no Vale do Paje\u00fa e leva poesia, m\u00fasica e tradi\u00e7\u00e3o a cidades de PE e PB.","breadcrumb":{"@id":"https:\/\/ellotv.com.br\/site\/2026\/05\/20\/%f0%9f%8c%b5%f0%9f%8e%b6-confiram-a-programacao-da-caravana-cultural-cego-aderaldo\/#breadcrumb"},"inLanguage":"pt-BR","potentialAction":[{"@type":"ReadAction","target":["https:\/\/ellotv.com.br\/site\/2026\/05\/20\/%f0%9f%8c%b5%f0%9f%8e%b6-confiram-a-programacao-da-caravana-cultural-cego-aderaldo\/"]}]},{"@type":"ImageObject","inLanguage":"pt-BR","@id":"https:\/\/ellotv.com.br\/site\/2026\/05\/20\/%f0%9f%8c%b5%f0%9f%8e%b6-confiram-a-programacao-da-caravana-cultural-cego-aderaldo\/#primaryimage","url":"https:\/\/ellotv.com.br\/site\/wp-content\/uploads\/2026\/05\/\ud83c\udf35\ud83c\udfb6-Confiram-a-programacao-da-Caravana-Cultural-Cego-Aderaldo-mais-uma-producao-do-Paulo-Matri.jpg","contentUrl":"https:\/\/ellotv.com.br\/site\/wp-content\/uploads\/2026\/05\/\ud83c\udf35\ud83c\udfb6-Confiram-a-programacao-da-Caravana-Cultural-Cego-Aderaldo-mais-uma-producao-do-Paulo-Matri.jpg","width":1080,"height":1350},{"@type":"BreadcrumbList","@id":"https:\/\/ellotv.com.br\/site\/2026\/05\/20\/%f0%9f%8c%b5%f0%9f%8e%b6-confiram-a-programacao-da-caravana-cultural-cego-aderaldo\/#breadcrumb","itemListElement":[{"@type":"ListItem","position":1,"name":"In\u00edcio","item":"https:\/\/ellotv.com.br\/site\/"},{"@type":"ListItem","position":2,"name":"\ud83c\udf35\ud83c\udfb6 Confiram a programa\u00e7\u00e3o da Caravana Cultural Cego Aderaldo"}]},{"@type":"WebSite","@id":"https:\/\/ellotv.com.br\/site\/#website","url":"https:\/\/ellotv.com.br\/site\/","name":"ELLO TV","description":"","publisher":{"@id":"https:\/\/ellotv.com.br\/site\/#organization"},"potentialAction":[{"@type":"SearchAction","target":{"@type":"EntryPoint","urlTemplate":"https:\/\/ellotv.com.br\/site\/?s={search_term_string}"},"query-input":{"@type":"PropertyValueSpecification","valueRequired":true,"valueName":"search_term_string"}}],"inLanguage":"pt-BR"},{"@type":"Organization","@id":"https:\/\/ellotv.com.br\/site\/#organization","name":"ELLO TV","url":"https:\/\/ellotv.com.br\/site\/","logo":{"@type":"ImageObject","inLanguage":"pt-BR","@id":"https:\/\/ellotv.com.br\/site\/#\/schema\/logo\/image\/","url":"https:\/\/ellotv.com.br\/site\/wp-content\/uploads\/2025\/11\/ello-logo-2.fw_.png","contentUrl":"https:\/\/ellotv.com.br\/site\/wp-content\/uploads\/2025\/11\/ello-logo-2.fw_.png","width":400,"height":146,"caption":"ELLO TV"},"image":{"@id":"https:\/\/ellotv.com.br\/site\/#\/schema\/logo\/image\/"}},{"@type":"Person","@id":"https:\/\/ellotv.com.br\/site\/#\/schema\/person\/2dbe3abaee38dcc7332fc8205cd2b15d","name":"ELLO TV","image":{"@type":"ImageObject","inLanguage":"pt-BR","@id":"https:\/\/secure.gravatar.com\/avatar\/c38242b9da8ec217ac3f0aaee31a54f7d7befb11b2b47fdbc8fb0fad60afa1c6?s=96&d=mm&r=g","url":"https:\/\/secure.gravatar.com\/avatar\/c38242b9da8ec217ac3f0aaee31a54f7d7befb11b2b47fdbc8fb0fad60afa1c6?s=96&d=mm&r=g","contentUrl":"https:\/\/secure.gravatar.com\/avatar\/c38242b9da8ec217ac3f0aaee31a54f7d7befb11b2b47fdbc8fb0fad60afa1c6?s=96&d=mm&r=g","caption":"ELLO TV"},"url":"https:\/\/ellotv.com.br\/site\/author\/elloagencia\/"}]}},"featured_image_urls":{"full":["https:\/\/ellotv.com.br\/site\/wp-content\/uploads\/2026\/05\/\ud83c\udf35\ud83c\udfb6-Confiram-a-programacao-da-Caravana-Cultural-Cego-Aderaldo-mais-uma-producao-do-Paulo-Matri.jpg",1080,1350,false],"thumbnail":["https:\/\/ellotv.com.br\/site\/wp-content\/uploads\/2026\/05\/\ud83c\udf35\ud83c\udfb6-Confiram-a-programacao-da-Caravana-Cultural-Cego-Aderaldo-mais-uma-producao-do-Paulo-Matri-150x150.jpg",150,150,true],"medium":["https:\/\/ellotv.com.br\/site\/wp-content\/uploads\/2026\/05\/\ud83c\udf35\ud83c\udfb6-Confiram-a-programacao-da-Caravana-Cultural-Cego-Aderaldo-mais-uma-producao-do-Paulo-Matri-240x300.jpg",240,300,true],"medium_large":["https:\/\/ellotv.com.br\/site\/wp-content\/uploads\/2026\/05\/\ud83c\udf35\ud83c\udfb6-Confiram-a-programacao-da-Caravana-Cultural-Cego-Aderaldo-mais-uma-producao-do-Paulo-Matri-768x960.jpg",640,800,true],"large":["https:\/\/ellotv.com.br\/site\/wp-content\/uploads\/2026\/05\/\ud83c\udf35\ud83c\udfb6-Confiram-a-programacao-da-Caravana-Cultural-Cego-Aderaldo-mais-uma-producao-do-Paulo-Matri-819x1024.jpg",640,800,true],"1536x1536":["https:\/\/ellotv.com.br\/site\/wp-content\/uploads\/2026\/05\/\ud83c\udf35\ud83c\udfb6-Confiram-a-programacao-da-Caravana-Cultural-Cego-Aderaldo-mais-uma-producao-do-Paulo-Matri.jpg",1080,1350,false],"2048x2048":["https:\/\/ellotv.com.br\/site\/wp-content\/uploads\/2026\/05\/\ud83c\udf35\ud83c\udfb6-Confiram-a-programacao-da-Caravana-Cultural-Cego-Aderaldo-mais-uma-producao-do-Paulo-Matri.jpg",1080,1350,false],"darknews-slider-full":["https:\/\/ellotv.com.br\/site\/wp-content\/uploads\/2026\/05\/\ud83c\udf35\ud83c\udfb6-Confiram-a-programacao-da-Caravana-Cultural-Cego-Aderaldo-mais-uma-producao-do-Paulo-Matri-1080x720.jpg",1080,720,true],"darknews-featured":["https:\/\/ellotv.com.br\/site\/wp-content\/uploads\/2026\/05\/\ud83c\udf35\ud83c\udfb6-Confiram-a-programacao-da-Caravana-Cultural-Cego-Aderaldo-mais-uma-producao-do-Paulo-Matri-1024x1280.jpg",1024,1280,true],"darknews-medium":["https:\/\/ellotv.com.br\/site\/wp-content\/uploads\/2026\/05\/\ud83c\udf35\ud83c\udfb6-Confiram-a-programacao-da-Caravana-Cultural-Cego-Aderaldo-mais-uma-producao-do-Paulo-Matri-720x530.jpg",720,530,true],"darknews-medium-square":["https:\/\/ellotv.com.br\/site\/wp-content\/uploads\/2026\/05\/\ud83c\udf35\ud83c\udfb6-Confiram-a-programacao-da-Caravana-Cultural-Cego-Aderaldo-mais-uma-producao-do-Paulo-Matri-350x350.jpg",350,350,true]},"author_info":{"info":["ELLO TV"]},"category_info":"<a href=\"https:\/\/ellotv.com.br\/site\/category\/noticias\/\" rel=\"category tag\">Noticias<\/a> <a href=\"https:\/\/ellotv.com.br\/site\/category\/regional\/\" rel=\"category tag\">Regional<\/a>","tag_info":"Regional","comment_count":"0","_links":{"self":[{"href":"https:\/\/ellotv.com.br\/site\/wp-json\/wp\/v2\/posts\/6209","targetHints":{"allow":["GET"]}}],"collection":[{"href":"https:\/\/ellotv.com.br\/site\/wp-json\/wp\/v2\/posts"}],"about":[{"href":"https:\/\/ellotv.com.br\/site\/wp-json\/wp\/v2\/types\/post"}],"author":[{"embeddable":true,"href":"https:\/\/ellotv.com.br\/site\/wp-json\/wp\/v2\/users\/2"}],"replies":[{"embeddable":true,"href":"https:\/\/ellotv.com.br\/site\/wp-json\/wp\/v2\/comments?post=6209"}],"version-history":[{"count":1,"href":"https:\/\/ellotv.com.br\/site\/wp-json\/wp\/v2\/posts\/6209\/revisions"}],"predecessor-version":[{"id":6211,"href":"https:\/\/ellotv.com.br\/site\/wp-json\/wp\/v2\/posts\/6209\/revisions\/6211"}],"wp:featuredmedia":[{"embeddable":true,"href":"https:\/\/ellotv.com.br\/site\/wp-json\/wp\/v2\/media\/6210"}],"wp:attachment":[{"href":"https:\/\/ellotv.com.br\/site\/wp-json\/wp\/v2\/media?parent=6209"}],"wp:term":[{"taxonomy":"category","embeddable":true,"href":"https:\/\/ellotv.com.br\/site\/wp-json\/wp\/v2\/categories?post=6209"},{"taxonomy":"post_tag","embeddable":true,"href":"https:\/\/ellotv.com.br\/site\/wp-json\/wp\/v2\/tags?post=6209"}],"curies":[{"name":"wp","href":"https:\/\/api.w.org\/{rel}","templated":true}]}}