{"id":6212,"date":"2026-05-20T16:59:19","date_gmt":"2026-05-20T19:59:19","guid":{"rendered":"https:\/\/ellotv.com.br\/site\/?p=6212"},"modified":"2026-05-20T16:59:19","modified_gmt":"2026-05-20T19:59:19","slug":"%f0%9f%8c%b5%e2%9c%a8-e-em-tabira-que-comeca-a-caminhada-da-caravana-cultural-cego-aderaldo","status":"publish","type":"post","link":"https:\/\/ellotv.com.br\/site\/2026\/05\/20\/%f0%9f%8c%b5%e2%9c%a8-e-em-tabira-que-comeca-a-caminhada-da-caravana-cultural-cego-aderaldo\/","title":{"rendered":"\ud83c\udf35\u2728 \u00c9 em TABIRA que come\u00e7a a caminhada da Caravana Cultural Cego Aderaldo"},"content":{"rendered":"<p>Neste s\u00e1bado (23), o Povoado de Borborema recebe a primeira apresenta\u00e7\u00e3o do projeto idealizado por Paulo Matric\u00f3, levando ao Sert\u00e3o poesia, cantoria, cordel, viola e toda a for\u00e7a da cultura popular nordestina.<\/p>\n<p>\ud83c\udfb6\ud83d\udcd6 A iniciativa promove o reencontro das comunidades rurais com suas tradi\u00e7\u00f5es, fortalecendo a mem\u00f3ria afetiva e celebrando a identidade sertaneja atrav\u00e9s da arte. \ud83d\udc9b<\/p>\n<p>\ud83d\udccd Povoado de Borborema &#8211; Tabira (PE)<br \/>\n\ud83d\uddd3\ufe0f 23 de maio de 2026 \ud83c\udfad<\/p>\n<p>Produ\u00e7\u00e3o: Paulo Matric\u00f3 \ud83e\udd1d Patroc\u00ednio: @bancodonordeste | @govbr<\/p>\n<p>\u201cOnde tem patroc\u00ednio do Banco do Nordeste, tem Governo do Brasil.\u201d<\/p>\n<p><a href=\"https:\/\/www.instagram.com\/paulomatrico?igsh=MjhneXh2eHR6YTg0\">@paulomatrico<\/a><\/p>\n<p>&nbsp;<\/p>\n","protected":false},"excerpt":{"rendered":"<p>Neste s\u00e1bado (23), o Povoado de Borborema recebe a primeira apresenta\u00e7\u00e3o do projeto idealizado por Paulo Matric\u00f3, levando<\/p>\n","protected":false},"author":2,"featured_media":6213,"comment_status":"open","ping_status":"open","sticky":false,"template":"","format":"standard","meta":{"footnotes":""},"categories":[12,9],"tags":[],"class_list":["post-6212","post","type-post","status-publish","format-standard","has-post-thumbnail","hentry","category-noticias","category-regional"],"yoast_head":"<!-- This site is optimized with the Yoast SEO plugin v28.3 - https:\/\/yoast.com\/product\/yoast-seo-wordpress\/ -->\n<title>\ud83c\udf35\u2728 \u00c9 em TABIRA que come\u00e7a a caminhada da Caravana Cultural Cego Aderaldo - Ello TV<\/title>\n<meta name=\"description\" content=\"Caravana Cultural Cego Aderaldo come\u00e7a em Tabira neste s\u00e1bado (23), levando poesia, m\u00fasica e tradi\u00e7\u00e3o ao povoado de Borborema.\" \/>\n<meta name=\"robots\" content=\"index, follow, max-snippet:-1, max-image-preview:large, max-video-preview:-1\" \/>\n<link rel=\"canonical\" href=\"https:\/\/ellotv.com.br\/site\/2026\/05\/20\/\ud83c\udf35\u2728-e-em-tabira-que-comeca-a-caminhada-da-caravana-cultural-cego-aderaldo\/\" \/>\n<meta property=\"og:locale\" content=\"pt_BR\" \/>\n<meta property=\"og:type\" content=\"article\" \/>\n<meta property=\"og:title\" content=\"\ud83c\udf35\u2728 \u00c9 em TABIRA que come\u00e7a a caminhada da Caravana Cultural Cego Aderaldo - Ello TV\" \/>\n<meta property=\"og:description\" content=\"Caravana Cultural Cego Aderaldo come\u00e7a em Tabira neste s\u00e1bado (23), levando poesia, m\u00fasica e tradi\u00e7\u00e3o ao povoado de Borborema.\" \/>\n<meta property=\"og:url\" content=\"https:\/\/ellotv.com.br\/site\/2026\/05\/20\/\ud83c\udf35\u2728-e-em-tabira-que-comeca-a-caminhada-da-caravana-cultural-cego-aderaldo\/\" \/>\n<meta property=\"og:site_name\" content=\"Ello TV\" \/>\n<meta property=\"article:published_time\" content=\"2026-05-20T19:59:19+00:00\" \/>\n<meta property=\"og:image\" content=\"https:\/\/ellotv.com.br\/site\/wp-content\/uploads\/2026\/05\/\ud83c\udf35\u2728-E-em-TABIRA-que-comeca-a-caminhada-da-Caravana-Cultural-Cego-Aderaldo-Neste-sabado-23-o.jpg\" \/>\n\t<meta property=\"og:image:width\" content=\"1080\" \/>\n\t<meta property=\"og:image:height\" content=\"1350\" \/>\n\t<meta property=\"og:image:type\" content=\"image\/jpeg\" \/>\n<meta name=\"author\" content=\"ELLO TV\" \/>\n<meta name=\"twitter:card\" content=\"summary_large_image\" \/>\n<meta name=\"twitter:label1\" content=\"Escrito por\" \/>\n\t<meta name=\"twitter:data1\" content=\"ELLO TV\" \/>\n<script type=\"application\/ld+json\" class=\"yoast-schema-graph\">{\"@context\":\"https:\\\/\\\/schema.org\",\"@graph\":[{\"@type\":\"Article\",\"@id\":\"https:\\\/\\\/ellotv.com.br\\\/site\\\/2026\\\/05\\\/20\\\/%f0%9f%8c%b5%e2%9c%a8-e-em-tabira-que-comeca-a-caminhada-da-caravana-cultural-cego-aderaldo\\\/#article\",\"isPartOf\":{\"@id\":\"https:\\\/\\\/ellotv.com.br\\\/site\\\/2026\\\/05\\\/20\\\/%f0%9f%8c%b5%e2%9c%a8-e-em-tabira-que-comeca-a-caminhada-da-caravana-cultural-cego-aderaldo\\\/\"},\"author\":{\"name\":\"ELLO TV\",\"@id\":\"https:\\\/\\\/ellotv.com.br\\\/site\\\/#\\\/schema\\\/person\\\/2dbe3abaee38dcc7332fc8205cd2b15d\"},\"headline\":\"\ud83c\udf35\u2728 \u00c9 em TABIRA que come\u00e7a a caminhada da Caravana Cultural Cego Aderaldo\",\"datePublished\":\"2026-05-20T19:59:19+00:00\",\"mainEntityOfPage\":{\"@id\":\"https:\\\/\\\/ellotv.com.br\\\/site\\\/2026\\\/05\\\/20\\\/%f0%9f%8c%b5%e2%9c%a8-e-em-tabira-que-comeca-a-caminhada-da-caravana-cultural-cego-aderaldo\\\/\"},\"wordCount\":104,\"commentCount\":0,\"publisher\":{\"@id\":\"https:\\\/\\\/ellotv.com.br\\\/site\\\/#organization\"},\"image\":{\"@id\":\"https:\\\/\\\/ellotv.com.br\\\/site\\\/2026\\\/05\\\/20\\\/%f0%9f%8c%b5%e2%9c%a8-e-em-tabira-que-comeca-a-caminhada-da-caravana-cultural-cego-aderaldo\\\/#primaryimage\"},\"thumbnailUrl\":\"https:\\\/\\\/ellotv.com.br\\\/site\\\/wp-content\\\/uploads\\\/2026\\\/05\\\/\ud83c\udf35\u2728-E-em-TABIRA-que-comeca-a-caminhada-da-Caravana-Cultural-Cego-Aderaldo-Neste-sabado-23-o.jpg\",\"articleSection\":[\"Noticias\",\"Regional\"],\"inLanguage\":\"pt-BR\",\"potentialAction\":[{\"@type\":\"CommentAction\",\"name\":\"Comment\",\"target\":[\"https:\\\/\\\/ellotv.com.br\\\/site\\\/2026\\\/05\\\/20\\\/%f0%9f%8c%b5%e2%9c%a8-e-em-tabira-que-comeca-a-caminhada-da-caravana-cultural-cego-aderaldo\\\/#respond\"]}]},{\"@type\":\"WebPage\",\"@id\":\"https:\\\/\\\/ellotv.com.br\\\/site\\\/2026\\\/05\\\/20\\\/%f0%9f%8c%b5%e2%9c%a8-e-em-tabira-que-comeca-a-caminhada-da-caravana-cultural-cego-aderaldo\\\/\",\"url\":\"https:\\\/\\\/ellotv.com.br\\\/site\\\/2026\\\/05\\\/20\\\/%f0%9f%8c%b5%e2%9c%a8-e-em-tabira-que-comeca-a-caminhada-da-caravana-cultural-cego-aderaldo\\\/\",\"name\":\"\ud83c\udf35\u2728 \u00c9 em TABIRA que come\u00e7a a caminhada da Caravana Cultural Cego Aderaldo - Ello TV\",\"isPartOf\":{\"@id\":\"https:\\\/\\\/ellotv.com.br\\\/site\\\/#website\"},\"primaryImageOfPage\":{\"@id\":\"https:\\\/\\\/ellotv.com.br\\\/site\\\/2026\\\/05\\\/20\\\/%f0%9f%8c%b5%e2%9c%a8-e-em-tabira-que-comeca-a-caminhada-da-caravana-cultural-cego-aderaldo\\\/#primaryimage\"},\"image\":{\"@id\":\"https:\\\/\\\/ellotv.com.br\\\/site\\\/2026\\\/05\\\/20\\\/%f0%9f%8c%b5%e2%9c%a8-e-em-tabira-que-comeca-a-caminhada-da-caravana-cultural-cego-aderaldo\\\/#primaryimage\"},\"thumbnailUrl\":\"https:\\\/\\\/ellotv.com.br\\\/site\\\/wp-content\\\/uploads\\\/2026\\\/05\\\/\ud83c\udf35\u2728-E-em-TABIRA-que-comeca-a-caminhada-da-Caravana-Cultural-Cego-Aderaldo-Neste-sabado-23-o.jpg\",\"datePublished\":\"2026-05-20T19:59:19+00:00\",\"description\":\"Caravana Cultural Cego Aderaldo come\u00e7a em Tabira neste s\u00e1bado (23), levando poesia, m\u00fasica e tradi\u00e7\u00e3o ao povoado de Borborema.\",\"breadcrumb\":{\"@id\":\"https:\\\/\\\/ellotv.com.br\\\/site\\\/2026\\\/05\\\/20\\\/%f0%9f%8c%b5%e2%9c%a8-e-em-tabira-que-comeca-a-caminhada-da-caravana-cultural-cego-aderaldo\\\/#breadcrumb\"},\"inLanguage\":\"pt-BR\",\"potentialAction\":[{\"@type\":\"ReadAction\",\"target\":[\"https:\\\/\\\/ellotv.com.br\\\/site\\\/2026\\\/05\\\/20\\\/%f0%9f%8c%b5%e2%9c%a8-e-em-tabira-que-comeca-a-caminhada-da-caravana-cultural-cego-aderaldo\\\/\"]}]},{\"@type\":\"ImageObject\",\"inLanguage\":\"pt-BR\",\"@id\":\"https:\\\/\\\/ellotv.com.br\\\/site\\\/2026\\\/05\\\/20\\\/%f0%9f%8c%b5%e2%9c%a8-e-em-tabira-que-comeca-a-caminhada-da-caravana-cultural-cego-aderaldo\\\/#primaryimage\",\"url\":\"https:\\\/\\\/ellotv.com.br\\\/site\\\/wp-content\\\/uploads\\\/2026\\\/05\\\/\ud83c\udf35\u2728-E-em-TABIRA-que-comeca-a-caminhada-da-Caravana-Cultural-Cego-Aderaldo-Neste-sabado-23-o.jpg\",\"contentUrl\":\"https:\\\/\\\/ellotv.com.br\\\/site\\\/wp-content\\\/uploads\\\/2026\\\/05\\\/\ud83c\udf35\u2728-E-em-TABIRA-que-comeca-a-caminhada-da-Caravana-Cultural-Cego-Aderaldo-Neste-sabado-23-o.jpg\",\"width\":1080,\"height\":1350},{\"@type\":\"BreadcrumbList\",\"@id\":\"https:\\\/\\\/ellotv.com.br\\\/site\\\/2026\\\/05\\\/20\\\/%f0%9f%8c%b5%e2%9c%a8-e-em-tabira-que-comeca-a-caminhada-da-caravana-cultural-cego-aderaldo\\\/#breadcrumb\",\"itemListElement\":[{\"@type\":\"ListItem\",\"position\":1,\"name\":\"In\u00edcio\",\"item\":\"https:\\\/\\\/ellotv.com.br\\\/site\\\/\"},{\"@type\":\"ListItem\",\"position\":2,\"name\":\"\ud83c\udf35\u2728 \u00c9 em TABIRA que come\u00e7a a caminhada da Caravana Cultural Cego Aderaldo\"}]},{\"@type\":\"WebSite\",\"@id\":\"https:\\\/\\\/ellotv.com.br\\\/site\\\/#website\",\"url\":\"https:\\\/\\\/ellotv.com.br\\\/site\\\/\",\"name\":\"ELLO TV\",\"description\":\"\",\"publisher\":{\"@id\":\"https:\\\/\\\/ellotv.com.br\\\/site\\\/#organization\"},\"potentialAction\":[{\"@type\":\"SearchAction\",\"target\":{\"@type\":\"EntryPoint\",\"urlTemplate\":\"https:\\\/\\\/ellotv.com.br\\\/site\\\/?s={search_term_string}\"},\"query-input\":{\"@type\":\"PropertyValueSpecification\",\"valueRequired\":true,\"valueName\":\"search_term_string\"}}],\"inLanguage\":\"pt-BR\"},{\"@type\":\"Organization\",\"@id\":\"https:\\\/\\\/ellotv.com.br\\\/site\\\/#organization\",\"name\":\"ELLO TV\",\"url\":\"https:\\\/\\\/ellotv.com.br\\\/site\\\/\",\"logo\":{\"@type\":\"ImageObject\",\"inLanguage\":\"pt-BR\",\"@id\":\"https:\\\/\\\/ellotv.com.br\\\/site\\\/#\\\/schema\\\/logo\\\/image\\\/\",\"url\":\"https:\\\/\\\/ellotv.com.br\\\/site\\\/wp-content\\\/uploads\\\/2025\\\/11\\\/ello-logo-2.fw_.png\",\"contentUrl\":\"https:\\\/\\\/ellotv.com.br\\\/site\\\/wp-content\\\/uploads\\\/2025\\\/11\\\/ello-logo-2.fw_.png\",\"width\":400,\"height\":146,\"caption\":\"ELLO TV\"},\"image\":{\"@id\":\"https:\\\/\\\/ellotv.com.br\\\/site\\\/#\\\/schema\\\/logo\\\/image\\\/\"}},{\"@type\":\"Person\",\"@id\":\"https:\\\/\\\/ellotv.com.br\\\/site\\\/#\\\/schema\\\/person\\\/2dbe3abaee38dcc7332fc8205cd2b15d\",\"name\":\"ELLO TV\",\"image\":{\"@type\":\"ImageObject\",\"inLanguage\":\"pt-BR\",\"@id\":\"https:\\\/\\\/secure.gravatar.com\\\/avatar\\\/c38242b9da8ec217ac3f0aaee31a54f7d7befb11b2b47fdbc8fb0fad60afa1c6?s=96&d=mm&r=g\",\"url\":\"https:\\\/\\\/secure.gravatar.com\\\/avatar\\\/c38242b9da8ec217ac3f0aaee31a54f7d7befb11b2b47fdbc8fb0fad60afa1c6?s=96&d=mm&r=g\",\"contentUrl\":\"https:\\\/\\\/secure.gravatar.com\\\/avatar\\\/c38242b9da8ec217ac3f0aaee31a54f7d7befb11b2b47fdbc8fb0fad60afa1c6?s=96&d=mm&r=g\",\"caption\":\"ELLO TV\"},\"url\":\"https:\\\/\\\/ellotv.com.br\\\/site\\\/author\\\/elloagencia\\\/\"}]}<\/script>\n<!-- \/ Yoast SEO plugin. -->","yoast_head_json":{"title":"\ud83c\udf35\u2728 \u00c9 em TABIRA que come\u00e7a a caminhada da Caravana Cultural Cego Aderaldo - Ello TV","description":"Caravana Cultural Cego Aderaldo come\u00e7a em Tabira neste s\u00e1bado (23), levando poesia, m\u00fasica e tradi\u00e7\u00e3o ao povoado de Borborema.","robots":{"index":"index","follow":"follow","max-snippet":"max-snippet:-1","max-image-preview":"max-image-preview:large","max-video-preview":"max-video-preview:-1"},"canonical":"https:\/\/ellotv.com.br\/site\/2026\/05\/20\/\ud83c\udf35\u2728-e-em-tabira-que-comeca-a-caminhada-da-caravana-cultural-cego-aderaldo\/","og_locale":"pt_BR","og_type":"article","og_title":"\ud83c\udf35\u2728 \u00c9 em TABIRA que come\u00e7a a caminhada da Caravana Cultural Cego Aderaldo - Ello TV","og_description":"Caravana Cultural Cego Aderaldo come\u00e7a em Tabira neste s\u00e1bado (23), levando poesia, m\u00fasica e tradi\u00e7\u00e3o ao povoado de Borborema.","og_url":"https:\/\/ellotv.com.br\/site\/2026\/05\/20\/\ud83c\udf35\u2728-e-em-tabira-que-comeca-a-caminhada-da-caravana-cultural-cego-aderaldo\/","og_site_name":"Ello TV","article_published_time":"2026-05-20T19:59:19+00:00","og_image":[{"width":1080,"height":1350,"url":"https:\/\/ellotv.com.br\/site\/wp-content\/uploads\/2026\/05\/\ud83c\udf35\u2728-E-em-TABIRA-que-comeca-a-caminhada-da-Caravana-Cultural-Cego-Aderaldo-Neste-sabado-23-o.jpg","type":"image\/jpeg"}],"author":"ELLO TV","twitter_card":"summary_large_image","twitter_misc":{"Escrito por":"ELLO TV"},"schema":{"@context":"https:\/\/schema.org","@graph":[{"@type":"Article","@id":"https:\/\/ellotv.com.br\/site\/2026\/05\/20\/%f0%9f%8c%b5%e2%9c%a8-e-em-tabira-que-comeca-a-caminhada-da-caravana-cultural-cego-aderaldo\/#article","isPartOf":{"@id":"https:\/\/ellotv.com.br\/site\/2026\/05\/20\/%f0%9f%8c%b5%e2%9c%a8-e-em-tabira-que-comeca-a-caminhada-da-caravana-cultural-cego-aderaldo\/"},"author":{"name":"ELLO TV","@id":"https:\/\/ellotv.com.br\/site\/#\/schema\/person\/2dbe3abaee38dcc7332fc8205cd2b15d"},"headline":"\ud83c\udf35\u2728 \u00c9 em TABIRA que come\u00e7a a caminhada da Caravana Cultural Cego Aderaldo","datePublished":"2026-05-20T19:59:19+00:00","mainEntityOfPage":{"@id":"https:\/\/ellotv.com.br\/site\/2026\/05\/20\/%f0%9f%8c%b5%e2%9c%a8-e-em-tabira-que-comeca-a-caminhada-da-caravana-cultural-cego-aderaldo\/"},"wordCount":104,"commentCount":0,"publisher":{"@id":"https:\/\/ellotv.com.br\/site\/#organization"},"image":{"@id":"https:\/\/ellotv.com.br\/site\/2026\/05\/20\/%f0%9f%8c%b5%e2%9c%a8-e-em-tabira-que-comeca-a-caminhada-da-caravana-cultural-cego-aderaldo\/#primaryimage"},"thumbnailUrl":"https:\/\/ellotv.com.br\/site\/wp-content\/uploads\/2026\/05\/\ud83c\udf35\u2728-E-em-TABIRA-que-comeca-a-caminhada-da-Caravana-Cultural-Cego-Aderaldo-Neste-sabado-23-o.jpg","articleSection":["Noticias","Regional"],"inLanguage":"pt-BR","potentialAction":[{"@type":"CommentAction","name":"Comment","target":["https:\/\/ellotv.com.br\/site\/2026\/05\/20\/%f0%9f%8c%b5%e2%9c%a8-e-em-tabira-que-comeca-a-caminhada-da-caravana-cultural-cego-aderaldo\/#respond"]}]},{"@type":"WebPage","@id":"https:\/\/ellotv.com.br\/site\/2026\/05\/20\/%f0%9f%8c%b5%e2%9c%a8-e-em-tabira-que-comeca-a-caminhada-da-caravana-cultural-cego-aderaldo\/","url":"https:\/\/ellotv.com.br\/site\/2026\/05\/20\/%f0%9f%8c%b5%e2%9c%a8-e-em-tabira-que-comeca-a-caminhada-da-caravana-cultural-cego-aderaldo\/","name":"\ud83c\udf35\u2728 \u00c9 em TABIRA que come\u00e7a a caminhada da Caravana Cultural Cego Aderaldo - Ello TV","isPartOf":{"@id":"https:\/\/ellotv.com.br\/site\/#website"},"primaryImageOfPage":{"@id":"https:\/\/ellotv.com.br\/site\/2026\/05\/20\/%f0%9f%8c%b5%e2%9c%a8-e-em-tabira-que-comeca-a-caminhada-da-caravana-cultural-cego-aderaldo\/#primaryimage"},"image":{"@id":"https:\/\/ellotv.com.br\/site\/2026\/05\/20\/%f0%9f%8c%b5%e2%9c%a8-e-em-tabira-que-comeca-a-caminhada-da-caravana-cultural-cego-aderaldo\/#primaryimage"},"thumbnailUrl":"https:\/\/ellotv.com.br\/site\/wp-content\/uploads\/2026\/05\/\ud83c\udf35\u2728-E-em-TABIRA-que-comeca-a-caminhada-da-Caravana-Cultural-Cego-Aderaldo-Neste-sabado-23-o.jpg","datePublished":"2026-05-20T19:59:19+00:00","description":"Caravana Cultural Cego Aderaldo come\u00e7a em Tabira neste s\u00e1bado (23), levando poesia, m\u00fasica e tradi\u00e7\u00e3o ao povoado de Borborema.","breadcrumb":{"@id":"https:\/\/ellotv.com.br\/site\/2026\/05\/20\/%f0%9f%8c%b5%e2%9c%a8-e-em-tabira-que-comeca-a-caminhada-da-caravana-cultural-cego-aderaldo\/#breadcrumb"},"inLanguage":"pt-BR","potentialAction":[{"@type":"ReadAction","target":["https:\/\/ellotv.com.br\/site\/2026\/05\/20\/%f0%9f%8c%b5%e2%9c%a8-e-em-tabira-que-comeca-a-caminhada-da-caravana-cultural-cego-aderaldo\/"]}]},{"@type":"ImageObject","inLanguage":"pt-BR","@id":"https:\/\/ellotv.com.br\/site\/2026\/05\/20\/%f0%9f%8c%b5%e2%9c%a8-e-em-tabira-que-comeca-a-caminhada-da-caravana-cultural-cego-aderaldo\/#primaryimage","url":"https:\/\/ellotv.com.br\/site\/wp-content\/uploads\/2026\/05\/\ud83c\udf35\u2728-E-em-TABIRA-que-comeca-a-caminhada-da-Caravana-Cultural-Cego-Aderaldo-Neste-sabado-23-o.jpg","contentUrl":"https:\/\/ellotv.com.br\/site\/wp-content\/uploads\/2026\/05\/\ud83c\udf35\u2728-E-em-TABIRA-que-comeca-a-caminhada-da-Caravana-Cultural-Cego-Aderaldo-Neste-sabado-23-o.jpg","width":1080,"height":1350},{"@type":"BreadcrumbList","@id":"https:\/\/ellotv.com.br\/site\/2026\/05\/20\/%f0%9f%8c%b5%e2%9c%a8-e-em-tabira-que-comeca-a-caminhada-da-caravana-cultural-cego-aderaldo\/#breadcrumb","itemListElement":[{"@type":"ListItem","position":1,"name":"In\u00edcio","item":"https:\/\/ellotv.com.br\/site\/"},{"@type":"ListItem","position":2,"name":"\ud83c\udf35\u2728 \u00c9 em TABIRA que come\u00e7a a caminhada da Caravana Cultural Cego Aderaldo"}]},{"@type":"WebSite","@id":"https:\/\/ellotv.com.br\/site\/#website","url":"https:\/\/ellotv.com.br\/site\/","name":"ELLO TV","description":"","publisher":{"@id":"https:\/\/ellotv.com.br\/site\/#organization"},"potentialAction":[{"@type":"SearchAction","target":{"@type":"EntryPoint","urlTemplate":"https:\/\/ellotv.com.br\/site\/?s={search_term_string}"},"query-input":{"@type":"PropertyValueSpecification","valueRequired":true,"valueName":"search_term_string"}}],"inLanguage":"pt-BR"},{"@type":"Organization","@id":"https:\/\/ellotv.com.br\/site\/#organization","name":"ELLO TV","url":"https:\/\/ellotv.com.br\/site\/","logo":{"@type":"ImageObject","inLanguage":"pt-BR","@id":"https:\/\/ellotv.com.br\/site\/#\/schema\/logo\/image\/","url":"https:\/\/ellotv.com.br\/site\/wp-content\/uploads\/2025\/11\/ello-logo-2.fw_.png","contentUrl":"https:\/\/ellotv.com.br\/site\/wp-content\/uploads\/2025\/11\/ello-logo-2.fw_.png","width":400,"height":146,"caption":"ELLO TV"},"image":{"@id":"https:\/\/ellotv.com.br\/site\/#\/schema\/logo\/image\/"}},{"@type":"Person","@id":"https:\/\/ellotv.com.br\/site\/#\/schema\/person\/2dbe3abaee38dcc7332fc8205cd2b15d","name":"ELLO TV","image":{"@type":"ImageObject","inLanguage":"pt-BR","@id":"https:\/\/secure.gravatar.com\/avatar\/c38242b9da8ec217ac3f0aaee31a54f7d7befb11b2b47fdbc8fb0fad60afa1c6?s=96&d=mm&r=g","url":"https:\/\/secure.gravatar.com\/avatar\/c38242b9da8ec217ac3f0aaee31a54f7d7befb11b2b47fdbc8fb0fad60afa1c6?s=96&d=mm&r=g","contentUrl":"https:\/\/secure.gravatar.com\/avatar\/c38242b9da8ec217ac3f0aaee31a54f7d7befb11b2b47fdbc8fb0fad60afa1c6?s=96&d=mm&r=g","caption":"ELLO TV"},"url":"https:\/\/ellotv.com.br\/site\/author\/elloagencia\/"}]}},"featured_image_urls":{"full":["https:\/\/ellotv.com.br\/site\/wp-content\/uploads\/2026\/05\/\ud83c\udf35\u2728-E-em-TABIRA-que-comeca-a-caminhada-da-Caravana-Cultural-Cego-Aderaldo-Neste-sabado-23-o.jpg",1080,1350,false],"thumbnail":["https:\/\/ellotv.com.br\/site\/wp-content\/uploads\/2026\/05\/\ud83c\udf35\u2728-E-em-TABIRA-que-comeca-a-caminhada-da-Caravana-Cultural-Cego-Aderaldo-Neste-sabado-23-o-150x150.jpg",150,150,true],"medium":["https:\/\/ellotv.com.br\/site\/wp-content\/uploads\/2026\/05\/\ud83c\udf35\u2728-E-em-TABIRA-que-comeca-a-caminhada-da-Caravana-Cultural-Cego-Aderaldo-Neste-sabado-23-o-240x300.jpg",240,300,true],"medium_large":["https:\/\/ellotv.com.br\/site\/wp-content\/uploads\/2026\/05\/\ud83c\udf35\u2728-E-em-TABIRA-que-comeca-a-caminhada-da-Caravana-Cultural-Cego-Aderaldo-Neste-sabado-23-o-768x960.jpg",640,800,true],"large":["https:\/\/ellotv.com.br\/site\/wp-content\/uploads\/2026\/05\/\ud83c\udf35\u2728-E-em-TABIRA-que-comeca-a-caminhada-da-Caravana-Cultural-Cego-Aderaldo-Neste-sabado-23-o-819x1024.jpg",640,800,true],"1536x1536":["https:\/\/ellotv.com.br\/site\/wp-content\/uploads\/2026\/05\/\ud83c\udf35\u2728-E-em-TABIRA-que-comeca-a-caminhada-da-Caravana-Cultural-Cego-Aderaldo-Neste-sabado-23-o.jpg",1080,1350,false],"2048x2048":["https:\/\/ellotv.com.br\/site\/wp-content\/uploads\/2026\/05\/\ud83c\udf35\u2728-E-em-TABIRA-que-comeca-a-caminhada-da-Caravana-Cultural-Cego-Aderaldo-Neste-sabado-23-o.jpg",1080,1350,false],"darknews-slider-full":["https:\/\/ellotv.com.br\/site\/wp-content\/uploads\/2026\/05\/\ud83c\udf35\u2728-E-em-TABIRA-que-comeca-a-caminhada-da-Caravana-Cultural-Cego-Aderaldo-Neste-sabado-23-o-1080x720.jpg",1080,720,true],"darknews-featured":["https:\/\/ellotv.com.br\/site\/wp-content\/uploads\/2026\/05\/\ud83c\udf35\u2728-E-em-TABIRA-que-comeca-a-caminhada-da-Caravana-Cultural-Cego-Aderaldo-Neste-sabado-23-o-1024x1280.jpg",1024,1280,true],"darknews-medium":["https:\/\/ellotv.com.br\/site\/wp-content\/uploads\/2026\/05\/\ud83c\udf35\u2728-E-em-TABIRA-que-comeca-a-caminhada-da-Caravana-Cultural-Cego-Aderaldo-Neste-sabado-23-o-720x530.jpg",720,530,true],"darknews-medium-square":["https:\/\/ellotv.com.br\/site\/wp-content\/uploads\/2026\/05\/\ud83c\udf35\u2728-E-em-TABIRA-que-comeca-a-caminhada-da-Caravana-Cultural-Cego-Aderaldo-Neste-sabado-23-o-350x350.jpg",350,350,true]},"author_info":{"info":["ELLO TV"]},"category_info":"<a href=\"https:\/\/ellotv.com.br\/site\/category\/noticias\/\" rel=\"category tag\">Noticias<\/a> <a href=\"https:\/\/ellotv.com.br\/site\/category\/regional\/\" rel=\"category tag\">Regional<\/a>","tag_info":"Regional","comment_count":"0","_links":{"self":[{"href":"https:\/\/ellotv.com.br\/site\/wp-json\/wp\/v2\/posts\/6212","targetHints":{"allow":["GET"]}}],"collection":[{"href":"https:\/\/ellotv.com.br\/site\/wp-json\/wp\/v2\/posts"}],"about":[{"href":"https:\/\/ellotv.com.br\/site\/wp-json\/wp\/v2\/types\/post"}],"author":[{"embeddable":true,"href":"https:\/\/ellotv.com.br\/site\/wp-json\/wp\/v2\/users\/2"}],"replies":[{"embeddable":true,"href":"https:\/\/ellotv.com.br\/site\/wp-json\/wp\/v2\/comments?post=6212"}],"version-history":[{"count":1,"href":"https:\/\/ellotv.com.br\/site\/wp-json\/wp\/v2\/posts\/6212\/revisions"}],"predecessor-version":[{"id":6214,"href":"https:\/\/ellotv.com.br\/site\/wp-json\/wp\/v2\/posts\/6212\/revisions\/6214"}],"wp:featuredmedia":[{"embeddable":true,"href":"https:\/\/ellotv.com.br\/site\/wp-json\/wp\/v2\/media\/6213"}],"wp:attachment":[{"href":"https:\/\/ellotv.com.br\/site\/wp-json\/wp\/v2\/media?parent=6212"}],"wp:term":[{"taxonomy":"category","embeddable":true,"href":"https:\/\/ellotv.com.br\/site\/wp-json\/wp\/v2\/categories?post=6212"},{"taxonomy":"post_tag","embeddable":true,"href":"https:\/\/ellotv.com.br\/site\/wp-json\/wp\/v2\/tags?post=6212"}],"curies":[{"name":"wp","href":"https:\/\/api.w.org\/{rel}","templated":true}]}}