{"id":6215,"date":"2026-05-26T09:02:43","date_gmt":"2026-05-26T12:02:43","guid":{"rendered":"https:\/\/ellotv.com.br\/site\/?p=6215"},"modified":"2026-05-26T09:02:43","modified_gmt":"2026-05-26T12:02:43","slug":"mae-emociona-ao-entrar-em-casamento-com-menino-que-recebeu-coracao-do-filho","status":"publish","type":"post","link":"https:\/\/ellotv.com.br\/site\/2026\/05\/26\/mae-emociona-ao-entrar-em-casamento-com-menino-que-recebeu-coracao-do-filho\/","title":{"rendered":"M\u00e3e emociona ao entrar em casamento com menino que recebeu cora\u00e7\u00e3o do filho"},"content":{"rendered":"<p data-start=\"81\" data-end=\"283\">Uma hist\u00f3ria emocionante comoveu milhares de pessoas nas redes sociais. Durante seu casamento, uma m\u00e3e entrou na cerim\u00f4nia acompanhada pelo garoto que recebeu o cora\u00e7\u00e3o de seu filho ap\u00f3s um transplante.<\/p>\n<h3 data-section-id=\"1xb7fjn\" data-start=\"285\" data-end=\"320\">Um momento de amor e mem\u00f3ria<\/h3>\n<p data-start=\"321\" data-end=\"487\">O caso aconteceu nos <span class=\"hover:entity-accent entity-underline inline cursor-pointer align-baseline\"><span class=\"whitespace-normal\">Estados Unidos<\/span><\/span> e emocionou convidados ao simbolizar amor, esperan\u00e7a e a continuidade da vida por meio da doa\u00e7\u00e3o de \u00f3rg\u00e3os.<\/p>\n<h3 data-section-id=\"ssv19a\" data-start=\"489\" data-end=\"519\">Reencontro inesquec\u00edvel<\/h3>\n<p data-start=\"520\" data-end=\"709\">Antes da cerim\u00f4nia, a m\u00e3e teve a oportunidade de ouvir novamente os batimentos do cora\u00e7\u00e3o do filho, agora no peito da crian\u00e7a transplantada \u2014 um momento marcante e carregado de significado.<\/p>\n<h3 data-section-id=\"192e2at\" data-start=\"711\" data-end=\"747\">Repercuss\u00e3o e conscientiza\u00e7\u00e3o<\/h3>\n<p data-start=\"748\" data-end=\"930\">A cena viralizou rapidamente nas redes sociais e reacendeu debates sobre a import\u00e2ncia da doa\u00e7\u00e3o de \u00f3rg\u00e3os, destacando o impacto transformador desse gesto na vida de outras fam\u00edlias.<\/p>\n<h3 data-section-id=\"1eepqyl\" data-start=\"932\" data-end=\"956\">Emo\u00e7\u00e3o que inspira<\/h3>\n<p data-start=\"957\" data-end=\"1090\">O epis\u00f3dio se tornou um s\u00edmbolo de solidariedade, mostrando como a vida pode continuar atrav\u00e9s de atitudes que salvam outras pessoas.<\/p>\n","protected":false},"excerpt":{"rendered":"<p>Uma hist\u00f3ria emocionante comoveu milhares de pessoas nas redes sociais. Durante seu casamento, uma m\u00e3e entrou na cerim\u00f4nia<\/p>\n","protected":false},"author":2,"featured_media":6216,"comment_status":"open","ping_status":"open","sticky":false,"template":"","format":"standard","meta":{"footnotes":""},"categories":[10,12],"tags":[],"class_list":["post-6215","post","type-post","status-publish","format-standard","has-post-thumbnail","hentry","category-mundo","category-noticias"],"yoast_head":"<!-- This site is optimized with the Yoast SEO plugin v28.3 - https:\/\/yoast.com\/product\/yoast-seo-wordpress\/ -->\n<title>M\u00e3e emociona ao entrar em casamento com menino que recebeu cora\u00e7\u00e3o do filho - Ello TV<\/title>\n<meta name=\"description\" content=\"M\u00e3e emociona ao entrar em casamento com menino que recebeu cora\u00e7\u00e3o do filho e refor\u00e7a import\u00e2ncia da doa\u00e7\u00e3o de \u00f3rg\u00e3os.\" \/>\n<meta name=\"robots\" content=\"index, follow, max-snippet:-1, max-image-preview:large, max-video-preview:-1\" \/>\n<link rel=\"canonical\" href=\"https:\/\/ellotv.com.br\/site\/2026\/05\/26\/mae-emociona-ao-entrar-em-casamento-com-menino-que-recebeu-coracao-do-filho\/\" \/>\n<meta property=\"og:locale\" content=\"pt_BR\" \/>\n<meta property=\"og:type\" content=\"article\" \/>\n<meta property=\"og:title\" content=\"M\u00e3e emociona ao entrar em casamento com menino que recebeu cora\u00e7\u00e3o do filho - Ello TV\" \/>\n<meta property=\"og:description\" content=\"M\u00e3e emociona ao entrar em casamento com menino que recebeu cora\u00e7\u00e3o do filho e refor\u00e7a import\u00e2ncia da doa\u00e7\u00e3o de \u00f3rg\u00e3os.\" \/>\n<meta property=\"og:url\" content=\"https:\/\/ellotv.com.br\/site\/2026\/05\/26\/mae-emociona-ao-entrar-em-casamento-com-menino-que-recebeu-coracao-do-filho\/\" \/>\n<meta property=\"og:site_name\" content=\"Ello TV\" \/>\n<meta property=\"article:published_time\" content=\"2026-05-26T12:02:43+00:00\" \/>\n<meta property=\"og:image\" content=\"https:\/\/ellotv.com.br\/site\/wp-content\/uploads\/2026\/05\/WhatsApp-Image-2026-05-22-at-10.06.01.jpeg\" \/>\n\t<meta property=\"og:image:width\" content=\"1201\" \/>\n\t<meta property=\"og:image:height\" content=\"1600\" \/>\n\t<meta property=\"og:image:type\" content=\"image\/jpeg\" \/>\n<meta name=\"author\" content=\"ELLO TV\" \/>\n<meta name=\"twitter:card\" content=\"summary_large_image\" \/>\n<meta name=\"twitter:label1\" content=\"Escrito por\" \/>\n\t<meta name=\"twitter:data1\" content=\"ELLO TV\" \/>\n\t<meta name=\"twitter:label2\" content=\"Est. tempo de leitura\" \/>\n\t<meta name=\"twitter:data2\" content=\"1 minuto\" \/>\n<script type=\"application\/ld+json\" class=\"yoast-schema-graph\">{\"@context\":\"https:\\\/\\\/schema.org\",\"@graph\":[{\"@type\":\"Article\",\"@id\":\"https:\\\/\\\/ellotv.com.br\\\/site\\\/2026\\\/05\\\/26\\\/mae-emociona-ao-entrar-em-casamento-com-menino-que-recebeu-coracao-do-filho\\\/#article\",\"isPartOf\":{\"@id\":\"https:\\\/\\\/ellotv.com.br\\\/site\\\/2026\\\/05\\\/26\\\/mae-emociona-ao-entrar-em-casamento-com-menino-que-recebeu-coracao-do-filho\\\/\"},\"author\":{\"name\":\"ELLO TV\",\"@id\":\"https:\\\/\\\/ellotv.com.br\\\/site\\\/#\\\/schema\\\/person\\\/2dbe3abaee38dcc7332fc8205cd2b15d\"},\"headline\":\"M\u00e3e emociona ao entrar em casamento com menino que recebeu cora\u00e7\u00e3o do filho\",\"datePublished\":\"2026-05-26T12:02:43+00:00\",\"mainEntityOfPage\":{\"@id\":\"https:\\\/\\\/ellotv.com.br\\\/site\\\/2026\\\/05\\\/26\\\/mae-emociona-ao-entrar-em-casamento-com-menino-que-recebeu-coracao-do-filho\\\/\"},\"wordCount\":187,\"commentCount\":0,\"publisher\":{\"@id\":\"https:\\\/\\\/ellotv.com.br\\\/site\\\/#organization\"},\"image\":{\"@id\":\"https:\\\/\\\/ellotv.com.br\\\/site\\\/2026\\\/05\\\/26\\\/mae-emociona-ao-entrar-em-casamento-com-menino-que-recebeu-coracao-do-filho\\\/#primaryimage\"},\"thumbnailUrl\":\"https:\\\/\\\/ellotv.com.br\\\/site\\\/wp-content\\\/uploads\\\/2026\\\/05\\\/WhatsApp-Image-2026-05-22-at-10.06.01.jpeg\",\"articleSection\":[\"Mundo\",\"Noticias\"],\"inLanguage\":\"pt-BR\",\"potentialAction\":[{\"@type\":\"CommentAction\",\"name\":\"Comment\",\"target\":[\"https:\\\/\\\/ellotv.com.br\\\/site\\\/2026\\\/05\\\/26\\\/mae-emociona-ao-entrar-em-casamento-com-menino-que-recebeu-coracao-do-filho\\\/#respond\"]}]},{\"@type\":\"WebPage\",\"@id\":\"https:\\\/\\\/ellotv.com.br\\\/site\\\/2026\\\/05\\\/26\\\/mae-emociona-ao-entrar-em-casamento-com-menino-que-recebeu-coracao-do-filho\\\/\",\"url\":\"https:\\\/\\\/ellotv.com.br\\\/site\\\/2026\\\/05\\\/26\\\/mae-emociona-ao-entrar-em-casamento-com-menino-que-recebeu-coracao-do-filho\\\/\",\"name\":\"M\u00e3e emociona ao entrar em casamento com menino que recebeu cora\u00e7\u00e3o do filho - Ello TV\",\"isPartOf\":{\"@id\":\"https:\\\/\\\/ellotv.com.br\\\/site\\\/#website\"},\"primaryImageOfPage\":{\"@id\":\"https:\\\/\\\/ellotv.com.br\\\/site\\\/2026\\\/05\\\/26\\\/mae-emociona-ao-entrar-em-casamento-com-menino-que-recebeu-coracao-do-filho\\\/#primaryimage\"},\"image\":{\"@id\":\"https:\\\/\\\/ellotv.com.br\\\/site\\\/2026\\\/05\\\/26\\\/mae-emociona-ao-entrar-em-casamento-com-menino-que-recebeu-coracao-do-filho\\\/#primaryimage\"},\"thumbnailUrl\":\"https:\\\/\\\/ellotv.com.br\\\/site\\\/wp-content\\\/uploads\\\/2026\\\/05\\\/WhatsApp-Image-2026-05-22-at-10.06.01.jpeg\",\"datePublished\":\"2026-05-26T12:02:43+00:00\",\"description\":\"M\u00e3e emociona ao entrar em casamento com menino que recebeu cora\u00e7\u00e3o do filho e refor\u00e7a import\u00e2ncia da doa\u00e7\u00e3o de \u00f3rg\u00e3os.\",\"breadcrumb\":{\"@id\":\"https:\\\/\\\/ellotv.com.br\\\/site\\\/2026\\\/05\\\/26\\\/mae-emociona-ao-entrar-em-casamento-com-menino-que-recebeu-coracao-do-filho\\\/#breadcrumb\"},\"inLanguage\":\"pt-BR\",\"potentialAction\":[{\"@type\":\"ReadAction\",\"target\":[\"https:\\\/\\\/ellotv.com.br\\\/site\\\/2026\\\/05\\\/26\\\/mae-emociona-ao-entrar-em-casamento-com-menino-que-recebeu-coracao-do-filho\\\/\"]}]},{\"@type\":\"ImageObject\",\"inLanguage\":\"pt-BR\",\"@id\":\"https:\\\/\\\/ellotv.com.br\\\/site\\\/2026\\\/05\\\/26\\\/mae-emociona-ao-entrar-em-casamento-com-menino-que-recebeu-coracao-do-filho\\\/#primaryimage\",\"url\":\"https:\\\/\\\/ellotv.com.br\\\/site\\\/wp-content\\\/uploads\\\/2026\\\/05\\\/WhatsApp-Image-2026-05-22-at-10.06.01.jpeg\",\"contentUrl\":\"https:\\\/\\\/ellotv.com.br\\\/site\\\/wp-content\\\/uploads\\\/2026\\\/05\\\/WhatsApp-Image-2026-05-22-at-10.06.01.jpeg\",\"width\":1201,\"height\":1600},{\"@type\":\"BreadcrumbList\",\"@id\":\"https:\\\/\\\/ellotv.com.br\\\/site\\\/2026\\\/05\\\/26\\\/mae-emociona-ao-entrar-em-casamento-com-menino-que-recebeu-coracao-do-filho\\\/#breadcrumb\",\"itemListElement\":[{\"@type\":\"ListItem\",\"position\":1,\"name\":\"In\u00edcio\",\"item\":\"https:\\\/\\\/ellotv.com.br\\\/site\\\/\"},{\"@type\":\"ListItem\",\"position\":2,\"name\":\"M\u00e3e emociona ao entrar em casamento com menino que recebeu cora\u00e7\u00e3o do filho\"}]},{\"@type\":\"WebSite\",\"@id\":\"https:\\\/\\\/ellotv.com.br\\\/site\\\/#website\",\"url\":\"https:\\\/\\\/ellotv.com.br\\\/site\\\/\",\"name\":\"ELLO TV\",\"description\":\"\",\"publisher\":{\"@id\":\"https:\\\/\\\/ellotv.com.br\\\/site\\\/#organization\"},\"potentialAction\":[{\"@type\":\"SearchAction\",\"target\":{\"@type\":\"EntryPoint\",\"urlTemplate\":\"https:\\\/\\\/ellotv.com.br\\\/site\\\/?s={search_term_string}\"},\"query-input\":{\"@type\":\"PropertyValueSpecification\",\"valueRequired\":true,\"valueName\":\"search_term_string\"}}],\"inLanguage\":\"pt-BR\"},{\"@type\":\"Organization\",\"@id\":\"https:\\\/\\\/ellotv.com.br\\\/site\\\/#organization\",\"name\":\"ELLO TV\",\"url\":\"https:\\\/\\\/ellotv.com.br\\\/site\\\/\",\"logo\":{\"@type\":\"ImageObject\",\"inLanguage\":\"pt-BR\",\"@id\":\"https:\\\/\\\/ellotv.com.br\\\/site\\\/#\\\/schema\\\/logo\\\/image\\\/\",\"url\":\"https:\\\/\\\/ellotv.com.br\\\/site\\\/wp-content\\\/uploads\\\/2025\\\/11\\\/ello-logo-2.fw_.png\",\"contentUrl\":\"https:\\\/\\\/ellotv.com.br\\\/site\\\/wp-content\\\/uploads\\\/2025\\\/11\\\/ello-logo-2.fw_.png\",\"width\":400,\"height\":146,\"caption\":\"ELLO TV\"},\"image\":{\"@id\":\"https:\\\/\\\/ellotv.com.br\\\/site\\\/#\\\/schema\\\/logo\\\/image\\\/\"}},{\"@type\":\"Person\",\"@id\":\"https:\\\/\\\/ellotv.com.br\\\/site\\\/#\\\/schema\\\/person\\\/2dbe3abaee38dcc7332fc8205cd2b15d\",\"name\":\"ELLO TV\",\"image\":{\"@type\":\"ImageObject\",\"inLanguage\":\"pt-BR\",\"@id\":\"https:\\\/\\\/secure.gravatar.com\\\/avatar\\\/c38242b9da8ec217ac3f0aaee31a54f7d7befb11b2b47fdbc8fb0fad60afa1c6?s=96&d=mm&r=g\",\"url\":\"https:\\\/\\\/secure.gravatar.com\\\/avatar\\\/c38242b9da8ec217ac3f0aaee31a54f7d7befb11b2b47fdbc8fb0fad60afa1c6?s=96&d=mm&r=g\",\"contentUrl\":\"https:\\\/\\\/secure.gravatar.com\\\/avatar\\\/c38242b9da8ec217ac3f0aaee31a54f7d7befb11b2b47fdbc8fb0fad60afa1c6?s=96&d=mm&r=g\",\"caption\":\"ELLO TV\"},\"url\":\"https:\\\/\\\/ellotv.com.br\\\/site\\\/author\\\/elloagencia\\\/\"}]}<\/script>\n<!-- \/ Yoast SEO plugin. -->","yoast_head_json":{"title":"M\u00e3e emociona ao entrar em casamento com menino que recebeu cora\u00e7\u00e3o do filho - Ello TV","description":"M\u00e3e emociona ao entrar em casamento com menino que recebeu cora\u00e7\u00e3o do filho e refor\u00e7a import\u00e2ncia da doa\u00e7\u00e3o de \u00f3rg\u00e3os.","robots":{"index":"index","follow":"follow","max-snippet":"max-snippet:-1","max-image-preview":"max-image-preview:large","max-video-preview":"max-video-preview:-1"},"canonical":"https:\/\/ellotv.com.br\/site\/2026\/05\/26\/mae-emociona-ao-entrar-em-casamento-com-menino-que-recebeu-coracao-do-filho\/","og_locale":"pt_BR","og_type":"article","og_title":"M\u00e3e emociona ao entrar em casamento com menino que recebeu cora\u00e7\u00e3o do filho - Ello TV","og_description":"M\u00e3e emociona ao entrar em casamento com menino que recebeu cora\u00e7\u00e3o do filho e refor\u00e7a import\u00e2ncia da doa\u00e7\u00e3o de \u00f3rg\u00e3os.","og_url":"https:\/\/ellotv.com.br\/site\/2026\/05\/26\/mae-emociona-ao-entrar-em-casamento-com-menino-que-recebeu-coracao-do-filho\/","og_site_name":"Ello TV","article_published_time":"2026-05-26T12:02:43+00:00","og_image":[{"width":1201,"height":1600,"url":"https:\/\/ellotv.com.br\/site\/wp-content\/uploads\/2026\/05\/WhatsApp-Image-2026-05-22-at-10.06.01.jpeg","type":"image\/jpeg"}],"author":"ELLO TV","twitter_card":"summary_large_image","twitter_misc":{"Escrito por":"ELLO TV","Est. tempo de leitura":"1 minuto"},"schema":{"@context":"https:\/\/schema.org","@graph":[{"@type":"Article","@id":"https:\/\/ellotv.com.br\/site\/2026\/05\/26\/mae-emociona-ao-entrar-em-casamento-com-menino-que-recebeu-coracao-do-filho\/#article","isPartOf":{"@id":"https:\/\/ellotv.com.br\/site\/2026\/05\/26\/mae-emociona-ao-entrar-em-casamento-com-menino-que-recebeu-coracao-do-filho\/"},"author":{"name":"ELLO TV","@id":"https:\/\/ellotv.com.br\/site\/#\/schema\/person\/2dbe3abaee38dcc7332fc8205cd2b15d"},"headline":"M\u00e3e emociona ao entrar em casamento com menino que recebeu cora\u00e7\u00e3o do filho","datePublished":"2026-05-26T12:02:43+00:00","mainEntityOfPage":{"@id":"https:\/\/ellotv.com.br\/site\/2026\/05\/26\/mae-emociona-ao-entrar-em-casamento-com-menino-que-recebeu-coracao-do-filho\/"},"wordCount":187,"commentCount":0,"publisher":{"@id":"https:\/\/ellotv.com.br\/site\/#organization"},"image":{"@id":"https:\/\/ellotv.com.br\/site\/2026\/05\/26\/mae-emociona-ao-entrar-em-casamento-com-menino-que-recebeu-coracao-do-filho\/#primaryimage"},"thumbnailUrl":"https:\/\/ellotv.com.br\/site\/wp-content\/uploads\/2026\/05\/WhatsApp-Image-2026-05-22-at-10.06.01.jpeg","articleSection":["Mundo","Noticias"],"inLanguage":"pt-BR","potentialAction":[{"@type":"CommentAction","name":"Comment","target":["https:\/\/ellotv.com.br\/site\/2026\/05\/26\/mae-emociona-ao-entrar-em-casamento-com-menino-que-recebeu-coracao-do-filho\/#respond"]}]},{"@type":"WebPage","@id":"https:\/\/ellotv.com.br\/site\/2026\/05\/26\/mae-emociona-ao-entrar-em-casamento-com-menino-que-recebeu-coracao-do-filho\/","url":"https:\/\/ellotv.com.br\/site\/2026\/05\/26\/mae-emociona-ao-entrar-em-casamento-com-menino-que-recebeu-coracao-do-filho\/","name":"M\u00e3e emociona ao entrar em casamento com menino que recebeu cora\u00e7\u00e3o do filho - Ello TV","isPartOf":{"@id":"https:\/\/ellotv.com.br\/site\/#website"},"primaryImageOfPage":{"@id":"https:\/\/ellotv.com.br\/site\/2026\/05\/26\/mae-emociona-ao-entrar-em-casamento-com-menino-que-recebeu-coracao-do-filho\/#primaryimage"},"image":{"@id":"https:\/\/ellotv.com.br\/site\/2026\/05\/26\/mae-emociona-ao-entrar-em-casamento-com-menino-que-recebeu-coracao-do-filho\/#primaryimage"},"thumbnailUrl":"https:\/\/ellotv.com.br\/site\/wp-content\/uploads\/2026\/05\/WhatsApp-Image-2026-05-22-at-10.06.01.jpeg","datePublished":"2026-05-26T12:02:43+00:00","description":"M\u00e3e emociona ao entrar em casamento com menino que recebeu cora\u00e7\u00e3o do filho e refor\u00e7a import\u00e2ncia da doa\u00e7\u00e3o de \u00f3rg\u00e3os.","breadcrumb":{"@id":"https:\/\/ellotv.com.br\/site\/2026\/05\/26\/mae-emociona-ao-entrar-em-casamento-com-menino-que-recebeu-coracao-do-filho\/#breadcrumb"},"inLanguage":"pt-BR","potentialAction":[{"@type":"ReadAction","target":["https:\/\/ellotv.com.br\/site\/2026\/05\/26\/mae-emociona-ao-entrar-em-casamento-com-menino-que-recebeu-coracao-do-filho\/"]}]},{"@type":"ImageObject","inLanguage":"pt-BR","@id":"https:\/\/ellotv.com.br\/site\/2026\/05\/26\/mae-emociona-ao-entrar-em-casamento-com-menino-que-recebeu-coracao-do-filho\/#primaryimage","url":"https:\/\/ellotv.com.br\/site\/wp-content\/uploads\/2026\/05\/WhatsApp-Image-2026-05-22-at-10.06.01.jpeg","contentUrl":"https:\/\/ellotv.com.br\/site\/wp-content\/uploads\/2026\/05\/WhatsApp-Image-2026-05-22-at-10.06.01.jpeg","width":1201,"height":1600},{"@type":"BreadcrumbList","@id":"https:\/\/ellotv.com.br\/site\/2026\/05\/26\/mae-emociona-ao-entrar-em-casamento-com-menino-que-recebeu-coracao-do-filho\/#breadcrumb","itemListElement":[{"@type":"ListItem","position":1,"name":"In\u00edcio","item":"https:\/\/ellotv.com.br\/site\/"},{"@type":"ListItem","position":2,"name":"M\u00e3e emociona ao entrar em casamento com menino que recebeu cora\u00e7\u00e3o do filho"}]},{"@type":"WebSite","@id":"https:\/\/ellotv.com.br\/site\/#website","url":"https:\/\/ellotv.com.br\/site\/","name":"ELLO TV","description":"","publisher":{"@id":"https:\/\/ellotv.com.br\/site\/#organization"},"potentialAction":[{"@type":"SearchAction","target":{"@type":"EntryPoint","urlTemplate":"https:\/\/ellotv.com.br\/site\/?s={search_term_string}"},"query-input":{"@type":"PropertyValueSpecification","valueRequired":true,"valueName":"search_term_string"}}],"inLanguage":"pt-BR"},{"@type":"Organization","@id":"https:\/\/ellotv.com.br\/site\/#organization","name":"ELLO TV","url":"https:\/\/ellotv.com.br\/site\/","logo":{"@type":"ImageObject","inLanguage":"pt-BR","@id":"https:\/\/ellotv.com.br\/site\/#\/schema\/logo\/image\/","url":"https:\/\/ellotv.com.br\/site\/wp-content\/uploads\/2025\/11\/ello-logo-2.fw_.png","contentUrl":"https:\/\/ellotv.com.br\/site\/wp-content\/uploads\/2025\/11\/ello-logo-2.fw_.png","width":400,"height":146,"caption":"ELLO TV"},"image":{"@id":"https:\/\/ellotv.com.br\/site\/#\/schema\/logo\/image\/"}},{"@type":"Person","@id":"https:\/\/ellotv.com.br\/site\/#\/schema\/person\/2dbe3abaee38dcc7332fc8205cd2b15d","name":"ELLO TV","image":{"@type":"ImageObject","inLanguage":"pt-BR","@id":"https:\/\/secure.gravatar.com\/avatar\/c38242b9da8ec217ac3f0aaee31a54f7d7befb11b2b47fdbc8fb0fad60afa1c6?s=96&d=mm&r=g","url":"https:\/\/secure.gravatar.com\/avatar\/c38242b9da8ec217ac3f0aaee31a54f7d7befb11b2b47fdbc8fb0fad60afa1c6?s=96&d=mm&r=g","contentUrl":"https:\/\/secure.gravatar.com\/avatar\/c38242b9da8ec217ac3f0aaee31a54f7d7befb11b2b47fdbc8fb0fad60afa1c6?s=96&d=mm&r=g","caption":"ELLO TV"},"url":"https:\/\/ellotv.com.br\/site\/author\/elloagencia\/"}]}},"featured_image_urls":{"full":["https:\/\/ellotv.com.br\/site\/wp-content\/uploads\/2026\/05\/WhatsApp-Image-2026-05-22-at-10.06.01.jpeg",1201,1600,false],"thumbnail":["https:\/\/ellotv.com.br\/site\/wp-content\/uploads\/2026\/05\/WhatsApp-Image-2026-05-22-at-10.06.01-150x150.jpeg",150,150,true],"medium":["https:\/\/ellotv.com.br\/site\/wp-content\/uploads\/2026\/05\/WhatsApp-Image-2026-05-22-at-10.06.01-225x300.jpeg",225,300,true],"medium_large":["https:\/\/ellotv.com.br\/site\/wp-content\/uploads\/2026\/05\/WhatsApp-Image-2026-05-22-at-10.06.01-768x1023.jpeg",640,853,true],"large":["https:\/\/ellotv.com.br\/site\/wp-content\/uploads\/2026\/05\/WhatsApp-Image-2026-05-22-at-10.06.01-769x1024.jpeg",640,852,true],"1536x1536":["https:\/\/ellotv.com.br\/site\/wp-content\/uploads\/2026\/05\/WhatsApp-Image-2026-05-22-at-10.06.01-1153x1536.jpeg",1153,1536,true],"2048x2048":["https:\/\/ellotv.com.br\/site\/wp-content\/uploads\/2026\/05\/WhatsApp-Image-2026-05-22-at-10.06.01.jpeg",1201,1600,false],"darknews-slider-full":["https:\/\/ellotv.com.br\/site\/wp-content\/uploads\/2026\/05\/WhatsApp-Image-2026-05-22-at-10.06.01-1201x720.jpeg",1201,720,true],"darknews-featured":["https:\/\/ellotv.com.br\/site\/wp-content\/uploads\/2026\/05\/WhatsApp-Image-2026-05-22-at-10.06.01-1024x1364.jpeg",1024,1364,true],"darknews-medium":["https:\/\/ellotv.com.br\/site\/wp-content\/uploads\/2026\/05\/WhatsApp-Image-2026-05-22-at-10.06.01-720x530.jpeg",720,530,true],"darknews-medium-square":["https:\/\/ellotv.com.br\/site\/wp-content\/uploads\/2026\/05\/WhatsApp-Image-2026-05-22-at-10.06.01-350x350.jpeg",350,350,true]},"author_info":{"info":["ELLO TV"]},"category_info":"<a href=\"https:\/\/ellotv.com.br\/site\/category\/mundo\/\" rel=\"category tag\">Mundo<\/a> <a href=\"https:\/\/ellotv.com.br\/site\/category\/noticias\/\" rel=\"category tag\">Noticias<\/a>","tag_info":"Noticias","comment_count":"0","_links":{"self":[{"href":"https:\/\/ellotv.com.br\/site\/wp-json\/wp\/v2\/posts\/6215","targetHints":{"allow":["GET"]}}],"collection":[{"href":"https:\/\/ellotv.com.br\/site\/wp-json\/wp\/v2\/posts"}],"about":[{"href":"https:\/\/ellotv.com.br\/site\/wp-json\/wp\/v2\/types\/post"}],"author":[{"embeddable":true,"href":"https:\/\/ellotv.com.br\/site\/wp-json\/wp\/v2\/users\/2"}],"replies":[{"embeddable":true,"href":"https:\/\/ellotv.com.br\/site\/wp-json\/wp\/v2\/comments?post=6215"}],"version-history":[{"count":1,"href":"https:\/\/ellotv.com.br\/site\/wp-json\/wp\/v2\/posts\/6215\/revisions"}],"predecessor-version":[{"id":6217,"href":"https:\/\/ellotv.com.br\/site\/wp-json\/wp\/v2\/posts\/6215\/revisions\/6217"}],"wp:featuredmedia":[{"embeddable":true,"href":"https:\/\/ellotv.com.br\/site\/wp-json\/wp\/v2\/media\/6216"}],"wp:attachment":[{"href":"https:\/\/ellotv.com.br\/site\/wp-json\/wp\/v2\/media?parent=6215"}],"wp:term":[{"taxonomy":"category","embeddable":true,"href":"https:\/\/ellotv.com.br\/site\/wp-json\/wp\/v2\/categories?post=6215"},{"taxonomy":"post_tag","embeddable":true,"href":"https:\/\/ellotv.com.br\/site\/wp-json\/wp\/v2\/tags?post=6215"}],"curies":[{"name":"wp","href":"https:\/\/api.w.org\/{rel}","templated":true}]}}