{"id":6223,"date":"2026-05-26T09:10:37","date_gmt":"2026-05-26T12:10:37","guid":{"rendered":"https:\/\/ellotv.com.br\/site\/?p=6223"},"modified":"2026-05-26T09:24:45","modified_gmt":"2026-05-26T12:24:45","slug":"ponto-de-fe-recebe-de-volta-o-pastor-clauber-no-episodio-22","status":"publish","type":"post","link":"https:\/\/ellotv.com.br\/site\/2026\/05\/26\/ponto-de-fe-recebe-de-volta-o-pastor-clauber-no-episodio-22\/","title":{"rendered":"Ponto de F\u00e9 recebe de volta o Pastor Clauber no epis\u00f3dio #22"},"content":{"rendered":"<p data-start=\"61\" data-end=\"186\">O <span class=\"hover:entity-accent entity-underline inline cursor-pointer align-baseline\"><span class=\"whitespace-normal\">Ponto de F\u00e9<\/span><\/span> est\u00e1 de volta com mais um epis\u00f3dio repleto de reflex\u00e3o, espiritualidade e inspira\u00e7\u00e3o.<\/p>\n<h3 data-section-id=\"1rrlfxv\" data-start=\"188\" data-end=\"223\">Conversa sobre prop\u00f3sito e f\u00e9<\/h3>\n<p data-start=\"224\" data-end=\"434\">No epis\u00f3dio #22, o apresentador <a href=\"https:\/\/www.instagram.com\/psicologodouglasalcantara?igsh=OHI5eXd1NGN4Y3Mx\"><span class=\"hover:entity-accent entity-underline inline cursor-pointer align-baseline\"><span class=\"whitespace-normal\">Douglas Alc\u00e2ntra<\/span><\/span><\/a> recebe o <span class=\"hover:entity-accent entity-underline inline cursor-pointer align-baseline\"><span class=\"whitespace-normal\">Pastor Clauber<\/span><\/span> para um bate-papo sobre F\u00e9 e Pol\u00edtica<\/p>\n<h3 data-section-id=\"6wqt05\" data-start=\"436\" data-end=\"458\">Quando assistir<\/h3>\n<p data-start=\"459\" data-end=\"555\">\ud83d\uddd3\ufe0f Segunda-feira, 25 de maio<br data-start=\"488\" data-end=\"491\" \/>\u23f0 \u00c0s 18h<br data-start=\"499\" data-end=\"502\" \/>\ud83d\udccd Ao vivo na <a href=\"https:\/\/www.youtube.com\/@ELLOTVOF\"><span class=\"hover:entity-accent entity-underline inline cursor-pointer align-baseline\"><span class=\"whitespace-normal\">ELLO TV<\/span><\/span><\/a><\/p>\n<p data-start=\"459\" data-end=\"555\">o epis\u00f3dio est\u00e1 disponivel em <a href=\"https:\/\/www.youtube.com\/watch?v=y8uK8cIm2To\">Programa Ponto de F\u00e9 na ELLO TV! | Ep.22 | Pastor Clauber<\/a><\/p>\n<h3 data-section-id=\"xrr7sb\" data-start=\"557\" data-end=\"584\">Mensagem que edifica<\/h3>\n<p data-start=\"585\" data-end=\"722\">O programa segue levando palavras de f\u00e9 e esperan\u00e7a ao p\u00fablico, com hist\u00f3rias e ensinamentos que inspiram e fortalecem a espiritualidade.<\/p>\n","protected":false},"excerpt":{"rendered":"<p>O Ponto de F\u00e9 est\u00e1 de volta com mais um epis\u00f3dio repleto de reflex\u00e3o, espiritualidade e inspira\u00e7\u00e3o. Conversa<\/p>\n","protected":false},"author":2,"featured_media":6224,"comment_status":"open","ping_status":"open","sticky":false,"template":"","format":"standard","meta":{"footnotes":""},"categories":[1],"tags":[],"class_list":["post-6223","post","type-post","status-publish","format-standard","has-post-thumbnail","hentry","category-ello"],"yoast_head":"<!-- This site is optimized with the Yoast SEO plugin v28.3 - https:\/\/yoast.com\/product\/yoast-seo-wordpress\/ -->\n<title>Ponto de F\u00e9 recebe de volta o Pastor Clauber no epis\u00f3dio #22 - Ello TV<\/title>\n<meta name=\"description\" content=\"Ponto de F\u00e9 retorna \u00e0 ELLO TV com epis\u00f3dio #22; Douglas Alc\u00e2ntra entrevista Pastor Clauber sobre prop\u00f3sito e espiritualidade\" \/>\n<meta name=\"robots\" content=\"index, follow, max-snippet:-1, max-image-preview:large, max-video-preview:-1\" \/>\n<link rel=\"canonical\" href=\"https:\/\/ellotv.com.br\/site\/2026\/05\/26\/ponto-de-fe-recebe-de-volta-o-pastor-clauber-no-episodio-22\/\" \/>\n<meta property=\"og:locale\" content=\"pt_BR\" \/>\n<meta property=\"og:type\" content=\"article\" \/>\n<meta property=\"og:title\" content=\"Ponto de F\u00e9 recebe de volta o Pastor Clauber no epis\u00f3dio #22 - Ello TV\" \/>\n<meta property=\"og:description\" content=\"Ponto de F\u00e9 retorna \u00e0 ELLO TV com epis\u00f3dio #22; Douglas Alc\u00e2ntra entrevista Pastor Clauber sobre prop\u00f3sito e espiritualidade\" \/>\n<meta property=\"og:url\" content=\"https:\/\/ellotv.com.br\/site\/2026\/05\/26\/ponto-de-fe-recebe-de-volta-o-pastor-clauber-no-episodio-22\/\" \/>\n<meta property=\"og:site_name\" content=\"Ello TV\" \/>\n<meta property=\"article:published_time\" content=\"2026-05-26T12:10:37+00:00\" \/>\n<meta property=\"article:modified_time\" content=\"2026-05-26T12:24:45+00:00\" \/>\n<meta property=\"og:image\" content=\"https:\/\/ellotv.com.br\/site\/wp-content\/uploads\/2026\/05\/WhatsApp-Image-2026-05-23-at-15.39.56.jpeg\" \/>\n\t<meta property=\"og:image:width\" content=\"1080\" \/>\n\t<meta property=\"og:image:height\" content=\"1350\" \/>\n\t<meta property=\"og:image:type\" content=\"image\/jpeg\" \/>\n<meta name=\"author\" content=\"ELLO TV\" \/>\n<meta name=\"twitter:card\" content=\"summary_large_image\" \/>\n<meta name=\"twitter:label1\" content=\"Escrito por\" \/>\n\t<meta name=\"twitter:data1\" content=\"ELLO TV\" \/>\n\t<meta name=\"twitter:label2\" content=\"Est. tempo de leitura\" \/>\n\t<meta name=\"twitter:data2\" content=\"1 minuto\" \/>\n<script type=\"application\/ld+json\" class=\"yoast-schema-graph\">{\"@context\":\"https:\\\/\\\/schema.org\",\"@graph\":[{\"@type\":\"Article\",\"@id\":\"https:\\\/\\\/ellotv.com.br\\\/site\\\/2026\\\/05\\\/26\\\/ponto-de-fe-recebe-de-volta-o-pastor-clauber-no-episodio-22\\\/#article\",\"isPartOf\":{\"@id\":\"https:\\\/\\\/ellotv.com.br\\\/site\\\/2026\\\/05\\\/26\\\/ponto-de-fe-recebe-de-volta-o-pastor-clauber-no-episodio-22\\\/\"},\"author\":{\"name\":\"ELLO TV\",\"@id\":\"https:\\\/\\\/ellotv.com.br\\\/site\\\/#\\\/schema\\\/person\\\/2dbe3abaee38dcc7332fc8205cd2b15d\"},\"headline\":\"Ponto de F\u00e9 recebe de volta o Pastor Clauber no epis\u00f3dio #22\",\"datePublished\":\"2026-05-26T12:10:37+00:00\",\"dateModified\":\"2026-05-26T12:24:45+00:00\",\"mainEntityOfPage\":{\"@id\":\"https:\\\/\\\/ellotv.com.br\\\/site\\\/2026\\\/05\\\/26\\\/ponto-de-fe-recebe-de-volta-o-pastor-clauber-no-episodio-22\\\/\"},\"wordCount\":113,\"commentCount\":0,\"publisher\":{\"@id\":\"https:\\\/\\\/ellotv.com.br\\\/site\\\/#organization\"},\"image\":{\"@id\":\"https:\\\/\\\/ellotv.com.br\\\/site\\\/2026\\\/05\\\/26\\\/ponto-de-fe-recebe-de-volta-o-pastor-clauber-no-episodio-22\\\/#primaryimage\"},\"thumbnailUrl\":\"https:\\\/\\\/ellotv.com.br\\\/site\\\/wp-content\\\/uploads\\\/2026\\\/05\\\/WhatsApp-Image-2026-05-23-at-15.39.56.jpeg\",\"articleSection\":[\"Ello\"],\"inLanguage\":\"pt-BR\",\"potentialAction\":[{\"@type\":\"CommentAction\",\"name\":\"Comment\",\"target\":[\"https:\\\/\\\/ellotv.com.br\\\/site\\\/2026\\\/05\\\/26\\\/ponto-de-fe-recebe-de-volta-o-pastor-clauber-no-episodio-22\\\/#respond\"]}]},{\"@type\":\"WebPage\",\"@id\":\"https:\\\/\\\/ellotv.com.br\\\/site\\\/2026\\\/05\\\/26\\\/ponto-de-fe-recebe-de-volta-o-pastor-clauber-no-episodio-22\\\/\",\"url\":\"https:\\\/\\\/ellotv.com.br\\\/site\\\/2026\\\/05\\\/26\\\/ponto-de-fe-recebe-de-volta-o-pastor-clauber-no-episodio-22\\\/\",\"name\":\"Ponto de F\u00e9 recebe de volta o Pastor Clauber no epis\u00f3dio #22 - Ello TV\",\"isPartOf\":{\"@id\":\"https:\\\/\\\/ellotv.com.br\\\/site\\\/#website\"},\"primaryImageOfPage\":{\"@id\":\"https:\\\/\\\/ellotv.com.br\\\/site\\\/2026\\\/05\\\/26\\\/ponto-de-fe-recebe-de-volta-o-pastor-clauber-no-episodio-22\\\/#primaryimage\"},\"image\":{\"@id\":\"https:\\\/\\\/ellotv.com.br\\\/site\\\/2026\\\/05\\\/26\\\/ponto-de-fe-recebe-de-volta-o-pastor-clauber-no-episodio-22\\\/#primaryimage\"},\"thumbnailUrl\":\"https:\\\/\\\/ellotv.com.br\\\/site\\\/wp-content\\\/uploads\\\/2026\\\/05\\\/WhatsApp-Image-2026-05-23-at-15.39.56.jpeg\",\"datePublished\":\"2026-05-26T12:10:37+00:00\",\"dateModified\":\"2026-05-26T12:24:45+00:00\",\"description\":\"Ponto de F\u00e9 retorna \u00e0 ELLO TV com epis\u00f3dio #22; Douglas Alc\u00e2ntra entrevista Pastor Clauber sobre prop\u00f3sito e espiritualidade\",\"breadcrumb\":{\"@id\":\"https:\\\/\\\/ellotv.com.br\\\/site\\\/2026\\\/05\\\/26\\\/ponto-de-fe-recebe-de-volta-o-pastor-clauber-no-episodio-22\\\/#breadcrumb\"},\"inLanguage\":\"pt-BR\",\"potentialAction\":[{\"@type\":\"ReadAction\",\"target\":[\"https:\\\/\\\/ellotv.com.br\\\/site\\\/2026\\\/05\\\/26\\\/ponto-de-fe-recebe-de-volta-o-pastor-clauber-no-episodio-22\\\/\"]}]},{\"@type\":\"ImageObject\",\"inLanguage\":\"pt-BR\",\"@id\":\"https:\\\/\\\/ellotv.com.br\\\/site\\\/2026\\\/05\\\/26\\\/ponto-de-fe-recebe-de-volta-o-pastor-clauber-no-episodio-22\\\/#primaryimage\",\"url\":\"https:\\\/\\\/ellotv.com.br\\\/site\\\/wp-content\\\/uploads\\\/2026\\\/05\\\/WhatsApp-Image-2026-05-23-at-15.39.56.jpeg\",\"contentUrl\":\"https:\\\/\\\/ellotv.com.br\\\/site\\\/wp-content\\\/uploads\\\/2026\\\/05\\\/WhatsApp-Image-2026-05-23-at-15.39.56.jpeg\",\"width\":1080,\"height\":1350},{\"@type\":\"BreadcrumbList\",\"@id\":\"https:\\\/\\\/ellotv.com.br\\\/site\\\/2026\\\/05\\\/26\\\/ponto-de-fe-recebe-de-volta-o-pastor-clauber-no-episodio-22\\\/#breadcrumb\",\"itemListElement\":[{\"@type\":\"ListItem\",\"position\":1,\"name\":\"In\u00edcio\",\"item\":\"https:\\\/\\\/ellotv.com.br\\\/site\\\/\"},{\"@type\":\"ListItem\",\"position\":2,\"name\":\"Ponto de F\u00e9 recebe de volta o Pastor Clauber no epis\u00f3dio #22\"}]},{\"@type\":\"WebSite\",\"@id\":\"https:\\\/\\\/ellotv.com.br\\\/site\\\/#website\",\"url\":\"https:\\\/\\\/ellotv.com.br\\\/site\\\/\",\"name\":\"ELLO TV\",\"description\":\"\",\"publisher\":{\"@id\":\"https:\\\/\\\/ellotv.com.br\\\/site\\\/#organization\"},\"potentialAction\":[{\"@type\":\"SearchAction\",\"target\":{\"@type\":\"EntryPoint\",\"urlTemplate\":\"https:\\\/\\\/ellotv.com.br\\\/site\\\/?s={search_term_string}\"},\"query-input\":{\"@type\":\"PropertyValueSpecification\",\"valueRequired\":true,\"valueName\":\"search_term_string\"}}],\"inLanguage\":\"pt-BR\"},{\"@type\":\"Organization\",\"@id\":\"https:\\\/\\\/ellotv.com.br\\\/site\\\/#organization\",\"name\":\"ELLO TV\",\"url\":\"https:\\\/\\\/ellotv.com.br\\\/site\\\/\",\"logo\":{\"@type\":\"ImageObject\",\"inLanguage\":\"pt-BR\",\"@id\":\"https:\\\/\\\/ellotv.com.br\\\/site\\\/#\\\/schema\\\/logo\\\/image\\\/\",\"url\":\"https:\\\/\\\/ellotv.com.br\\\/site\\\/wp-content\\\/uploads\\\/2025\\\/11\\\/ello-logo-2.fw_.png\",\"contentUrl\":\"https:\\\/\\\/ellotv.com.br\\\/site\\\/wp-content\\\/uploads\\\/2025\\\/11\\\/ello-logo-2.fw_.png\",\"width\":400,\"height\":146,\"caption\":\"ELLO TV\"},\"image\":{\"@id\":\"https:\\\/\\\/ellotv.com.br\\\/site\\\/#\\\/schema\\\/logo\\\/image\\\/\"}},{\"@type\":\"Person\",\"@id\":\"https:\\\/\\\/ellotv.com.br\\\/site\\\/#\\\/schema\\\/person\\\/2dbe3abaee38dcc7332fc8205cd2b15d\",\"name\":\"ELLO TV\",\"image\":{\"@type\":\"ImageObject\",\"inLanguage\":\"pt-BR\",\"@id\":\"https:\\\/\\\/secure.gravatar.com\\\/avatar\\\/c38242b9da8ec217ac3f0aaee31a54f7d7befb11b2b47fdbc8fb0fad60afa1c6?s=96&d=mm&r=g\",\"url\":\"https:\\\/\\\/secure.gravatar.com\\\/avatar\\\/c38242b9da8ec217ac3f0aaee31a54f7d7befb11b2b47fdbc8fb0fad60afa1c6?s=96&d=mm&r=g\",\"contentUrl\":\"https:\\\/\\\/secure.gravatar.com\\\/avatar\\\/c38242b9da8ec217ac3f0aaee31a54f7d7befb11b2b47fdbc8fb0fad60afa1c6?s=96&d=mm&r=g\",\"caption\":\"ELLO TV\"},\"url\":\"https:\\\/\\\/ellotv.com.br\\\/site\\\/author\\\/elloagencia\\\/\"}]}<\/script>\n<!-- \/ Yoast SEO plugin. -->","yoast_head_json":{"title":"Ponto de F\u00e9 recebe de volta o Pastor Clauber no epis\u00f3dio #22 - Ello TV","description":"Ponto de F\u00e9 retorna \u00e0 ELLO TV com epis\u00f3dio #22; Douglas Alc\u00e2ntra entrevista Pastor Clauber sobre prop\u00f3sito e espiritualidade","robots":{"index":"index","follow":"follow","max-snippet":"max-snippet:-1","max-image-preview":"max-image-preview:large","max-video-preview":"max-video-preview:-1"},"canonical":"https:\/\/ellotv.com.br\/site\/2026\/05\/26\/ponto-de-fe-recebe-de-volta-o-pastor-clauber-no-episodio-22\/","og_locale":"pt_BR","og_type":"article","og_title":"Ponto de F\u00e9 recebe de volta o Pastor Clauber no epis\u00f3dio #22 - Ello TV","og_description":"Ponto de F\u00e9 retorna \u00e0 ELLO TV com epis\u00f3dio #22; Douglas Alc\u00e2ntra entrevista Pastor Clauber sobre prop\u00f3sito e espiritualidade","og_url":"https:\/\/ellotv.com.br\/site\/2026\/05\/26\/ponto-de-fe-recebe-de-volta-o-pastor-clauber-no-episodio-22\/","og_site_name":"Ello TV","article_published_time":"2026-05-26T12:10:37+00:00","article_modified_time":"2026-05-26T12:24:45+00:00","og_image":[{"width":1080,"height":1350,"url":"https:\/\/ellotv.com.br\/site\/wp-content\/uploads\/2026\/05\/WhatsApp-Image-2026-05-23-at-15.39.56.jpeg","type":"image\/jpeg"}],"author":"ELLO TV","twitter_card":"summary_large_image","twitter_misc":{"Escrito por":"ELLO TV","Est. tempo de leitura":"1 minuto"},"schema":{"@context":"https:\/\/schema.org","@graph":[{"@type":"Article","@id":"https:\/\/ellotv.com.br\/site\/2026\/05\/26\/ponto-de-fe-recebe-de-volta-o-pastor-clauber-no-episodio-22\/#article","isPartOf":{"@id":"https:\/\/ellotv.com.br\/site\/2026\/05\/26\/ponto-de-fe-recebe-de-volta-o-pastor-clauber-no-episodio-22\/"},"author":{"name":"ELLO TV","@id":"https:\/\/ellotv.com.br\/site\/#\/schema\/person\/2dbe3abaee38dcc7332fc8205cd2b15d"},"headline":"Ponto de F\u00e9 recebe de volta o Pastor Clauber no epis\u00f3dio #22","datePublished":"2026-05-26T12:10:37+00:00","dateModified":"2026-05-26T12:24:45+00:00","mainEntityOfPage":{"@id":"https:\/\/ellotv.com.br\/site\/2026\/05\/26\/ponto-de-fe-recebe-de-volta-o-pastor-clauber-no-episodio-22\/"},"wordCount":113,"commentCount":0,"publisher":{"@id":"https:\/\/ellotv.com.br\/site\/#organization"},"image":{"@id":"https:\/\/ellotv.com.br\/site\/2026\/05\/26\/ponto-de-fe-recebe-de-volta-o-pastor-clauber-no-episodio-22\/#primaryimage"},"thumbnailUrl":"https:\/\/ellotv.com.br\/site\/wp-content\/uploads\/2026\/05\/WhatsApp-Image-2026-05-23-at-15.39.56.jpeg","articleSection":["Ello"],"inLanguage":"pt-BR","potentialAction":[{"@type":"CommentAction","name":"Comment","target":["https:\/\/ellotv.com.br\/site\/2026\/05\/26\/ponto-de-fe-recebe-de-volta-o-pastor-clauber-no-episodio-22\/#respond"]}]},{"@type":"WebPage","@id":"https:\/\/ellotv.com.br\/site\/2026\/05\/26\/ponto-de-fe-recebe-de-volta-o-pastor-clauber-no-episodio-22\/","url":"https:\/\/ellotv.com.br\/site\/2026\/05\/26\/ponto-de-fe-recebe-de-volta-o-pastor-clauber-no-episodio-22\/","name":"Ponto de F\u00e9 recebe de volta o Pastor Clauber no epis\u00f3dio #22 - Ello TV","isPartOf":{"@id":"https:\/\/ellotv.com.br\/site\/#website"},"primaryImageOfPage":{"@id":"https:\/\/ellotv.com.br\/site\/2026\/05\/26\/ponto-de-fe-recebe-de-volta-o-pastor-clauber-no-episodio-22\/#primaryimage"},"image":{"@id":"https:\/\/ellotv.com.br\/site\/2026\/05\/26\/ponto-de-fe-recebe-de-volta-o-pastor-clauber-no-episodio-22\/#primaryimage"},"thumbnailUrl":"https:\/\/ellotv.com.br\/site\/wp-content\/uploads\/2026\/05\/WhatsApp-Image-2026-05-23-at-15.39.56.jpeg","datePublished":"2026-05-26T12:10:37+00:00","dateModified":"2026-05-26T12:24:45+00:00","description":"Ponto de F\u00e9 retorna \u00e0 ELLO TV com epis\u00f3dio #22; Douglas Alc\u00e2ntra entrevista Pastor Clauber sobre prop\u00f3sito e espiritualidade","breadcrumb":{"@id":"https:\/\/ellotv.com.br\/site\/2026\/05\/26\/ponto-de-fe-recebe-de-volta-o-pastor-clauber-no-episodio-22\/#breadcrumb"},"inLanguage":"pt-BR","potentialAction":[{"@type":"ReadAction","target":["https:\/\/ellotv.com.br\/site\/2026\/05\/26\/ponto-de-fe-recebe-de-volta-o-pastor-clauber-no-episodio-22\/"]}]},{"@type":"ImageObject","inLanguage":"pt-BR","@id":"https:\/\/ellotv.com.br\/site\/2026\/05\/26\/ponto-de-fe-recebe-de-volta-o-pastor-clauber-no-episodio-22\/#primaryimage","url":"https:\/\/ellotv.com.br\/site\/wp-content\/uploads\/2026\/05\/WhatsApp-Image-2026-05-23-at-15.39.56.jpeg","contentUrl":"https:\/\/ellotv.com.br\/site\/wp-content\/uploads\/2026\/05\/WhatsApp-Image-2026-05-23-at-15.39.56.jpeg","width":1080,"height":1350},{"@type":"BreadcrumbList","@id":"https:\/\/ellotv.com.br\/site\/2026\/05\/26\/ponto-de-fe-recebe-de-volta-o-pastor-clauber-no-episodio-22\/#breadcrumb","itemListElement":[{"@type":"ListItem","position":1,"name":"In\u00edcio","item":"https:\/\/ellotv.com.br\/site\/"},{"@type":"ListItem","position":2,"name":"Ponto de F\u00e9 recebe de volta o Pastor Clauber no epis\u00f3dio #22"}]},{"@type":"WebSite","@id":"https:\/\/ellotv.com.br\/site\/#website","url":"https:\/\/ellotv.com.br\/site\/","name":"ELLO TV","description":"","publisher":{"@id":"https:\/\/ellotv.com.br\/site\/#organization"},"potentialAction":[{"@type":"SearchAction","target":{"@type":"EntryPoint","urlTemplate":"https:\/\/ellotv.com.br\/site\/?s={search_term_string}"},"query-input":{"@type":"PropertyValueSpecification","valueRequired":true,"valueName":"search_term_string"}}],"inLanguage":"pt-BR"},{"@type":"Organization","@id":"https:\/\/ellotv.com.br\/site\/#organization","name":"ELLO TV","url":"https:\/\/ellotv.com.br\/site\/","logo":{"@type":"ImageObject","inLanguage":"pt-BR","@id":"https:\/\/ellotv.com.br\/site\/#\/schema\/logo\/image\/","url":"https:\/\/ellotv.com.br\/site\/wp-content\/uploads\/2025\/11\/ello-logo-2.fw_.png","contentUrl":"https:\/\/ellotv.com.br\/site\/wp-content\/uploads\/2025\/11\/ello-logo-2.fw_.png","width":400,"height":146,"caption":"ELLO TV"},"image":{"@id":"https:\/\/ellotv.com.br\/site\/#\/schema\/logo\/image\/"}},{"@type":"Person","@id":"https:\/\/ellotv.com.br\/site\/#\/schema\/person\/2dbe3abaee38dcc7332fc8205cd2b15d","name":"ELLO TV","image":{"@type":"ImageObject","inLanguage":"pt-BR","@id":"https:\/\/secure.gravatar.com\/avatar\/c38242b9da8ec217ac3f0aaee31a54f7d7befb11b2b47fdbc8fb0fad60afa1c6?s=96&d=mm&r=g","url":"https:\/\/secure.gravatar.com\/avatar\/c38242b9da8ec217ac3f0aaee31a54f7d7befb11b2b47fdbc8fb0fad60afa1c6?s=96&d=mm&r=g","contentUrl":"https:\/\/secure.gravatar.com\/avatar\/c38242b9da8ec217ac3f0aaee31a54f7d7befb11b2b47fdbc8fb0fad60afa1c6?s=96&d=mm&r=g","caption":"ELLO TV"},"url":"https:\/\/ellotv.com.br\/site\/author\/elloagencia\/"}]}},"featured_image_urls":{"full":["https:\/\/ellotv.com.br\/site\/wp-content\/uploads\/2026\/05\/WhatsApp-Image-2026-05-23-at-15.39.56.jpeg",1080,1350,false],"thumbnail":["https:\/\/ellotv.com.br\/site\/wp-content\/uploads\/2026\/05\/WhatsApp-Image-2026-05-23-at-15.39.56-150x150.jpeg",150,150,true],"medium":["https:\/\/ellotv.com.br\/site\/wp-content\/uploads\/2026\/05\/WhatsApp-Image-2026-05-23-at-15.39.56-240x300.jpeg",240,300,true],"medium_large":["https:\/\/ellotv.com.br\/site\/wp-content\/uploads\/2026\/05\/WhatsApp-Image-2026-05-23-at-15.39.56-768x960.jpeg",640,800,true],"large":["https:\/\/ellotv.com.br\/site\/wp-content\/uploads\/2026\/05\/WhatsApp-Image-2026-05-23-at-15.39.56-819x1024.jpeg",640,800,true],"1536x1536":["https:\/\/ellotv.com.br\/site\/wp-content\/uploads\/2026\/05\/WhatsApp-Image-2026-05-23-at-15.39.56.jpeg",1080,1350,false],"2048x2048":["https:\/\/ellotv.com.br\/site\/wp-content\/uploads\/2026\/05\/WhatsApp-Image-2026-05-23-at-15.39.56.jpeg",1080,1350,false],"darknews-slider-full":["https:\/\/ellotv.com.br\/site\/wp-content\/uploads\/2026\/05\/WhatsApp-Image-2026-05-23-at-15.39.56-1080x720.jpeg",1080,720,true],"darknews-featured":["https:\/\/ellotv.com.br\/site\/wp-content\/uploads\/2026\/05\/WhatsApp-Image-2026-05-23-at-15.39.56-1024x1280.jpeg",1024,1280,true],"darknews-medium":["https:\/\/ellotv.com.br\/site\/wp-content\/uploads\/2026\/05\/WhatsApp-Image-2026-05-23-at-15.39.56-720x530.jpeg",720,530,true],"darknews-medium-square":["https:\/\/ellotv.com.br\/site\/wp-content\/uploads\/2026\/05\/WhatsApp-Image-2026-05-23-at-15.39.56-350x350.jpeg",350,350,true]},"author_info":{"info":["ELLO TV"]},"category_info":"<a href=\"https:\/\/ellotv.com.br\/site\/category\/ello\/\" rel=\"category tag\">Ello<\/a>","tag_info":"Ello","comment_count":"0","_links":{"self":[{"href":"https:\/\/ellotv.com.br\/site\/wp-json\/wp\/v2\/posts\/6223","targetHints":{"allow":["GET"]}}],"collection":[{"href":"https:\/\/ellotv.com.br\/site\/wp-json\/wp\/v2\/posts"}],"about":[{"href":"https:\/\/ellotv.com.br\/site\/wp-json\/wp\/v2\/types\/post"}],"author":[{"embeddable":true,"href":"https:\/\/ellotv.com.br\/site\/wp-json\/wp\/v2\/users\/2"}],"replies":[{"embeddable":true,"href":"https:\/\/ellotv.com.br\/site\/wp-json\/wp\/v2\/comments?post=6223"}],"version-history":[{"count":4,"href":"https:\/\/ellotv.com.br\/site\/wp-json\/wp\/v2\/posts\/6223\/revisions"}],"predecessor-version":[{"id":6233,"href":"https:\/\/ellotv.com.br\/site\/wp-json\/wp\/v2\/posts\/6223\/revisions\/6233"}],"wp:featuredmedia":[{"embeddable":true,"href":"https:\/\/ellotv.com.br\/site\/wp-json\/wp\/v2\/media\/6224"}],"wp:attachment":[{"href":"https:\/\/ellotv.com.br\/site\/wp-json\/wp\/v2\/media?parent=6223"}],"wp:term":[{"taxonomy":"category","embeddable":true,"href":"https:\/\/ellotv.com.br\/site\/wp-json\/wp\/v2\/categories?post=6223"},{"taxonomy":"post_tag","embeddable":true,"href":"https:\/\/ellotv.com.br\/site\/wp-json\/wp\/v2\/tags?post=6223"}],"curies":[{"name":"wp","href":"https:\/\/api.w.org\/{rel}","templated":true}]}}