{"id":6236,"date":"2026-05-26T14:39:20","date_gmt":"2026-05-26T17:39:20","guid":{"rendered":"https:\/\/ellotv.com.br\/site\/?p=6236"},"modified":"2026-05-26T14:39:20","modified_gmt":"2026-05-26T17:39:20","slug":"lula-anuncia-tela-brasil-plataforma-gratuita-dedicada-ao-cinema-brasileiro","status":"publish","type":"post","link":"https:\/\/ellotv.com.br\/site\/2026\/05\/26\/lula-anuncia-tela-brasil-plataforma-gratuita-dedicada-ao-cinema-brasileiro\/","title":{"rendered":"Lula anuncia \u201cTela Brasil\u201d, plataforma gratuita dedicada ao cinema brasileiro"},"content":{"rendered":"<div class=\"qMYqUG_convSearchResultHighlightRoot\">\n<div class=\"\" data-turn-id-container=\"request-699c42b0-2b8c-832c-8e47-8d936fae1647-0\" data-is-intersecting=\"true\">\n<section class=\"text-token-text-primary w-full focus:outline-none has-data-writing-block:pointer-events-none [&amp;:has([data-writing-block])&gt;*]:pointer-events-auto R6Vx5W_threadScrollVars scroll-mb-[calc(var(--scroll-root-safe-area-inset-bottom,0px)+var(--thread-response-height))] scroll-mt-[calc(var(--header-height)+min(200px,max(70px,20svh)))]\" dir=\"auto\" data-turn-id=\"request-699c42b0-2b8c-832c-8e47-8d936fae1647-0\" data-turn-id-container=\"request-699c42b0-2b8c-832c-8e47-8d936fae1647-0\" data-testid=\"conversation-turn-582\" data-scroll-anchor=\"false\" data-turn=\"assistant\">\n<div class=\"text-base my-auto mx-auto pb-10 [--thread-content-margin:var(--thread-content-margin-xs,calc(var(--spacing)*4))] @w-sm\/main:[--thread-content-margin:var(--thread-content-margin-sm,calc(var(--spacing)*6))] @w-lg\/main:[--thread-content-margin:var(--thread-content-margin-lg,calc(var(--spacing)*16))] px-(--thread-content-margin)\">\n<div class=\"[--thread-content-max-width:40rem] @w-lg\/main:[--thread-content-max-width:48rem] mx-auto max-w-(--thread-content-max-width) flex-1 group\/turn-messages focus-visible:outline-hidden relative flex w-full min-w-0 flex-col agent-turn\">\n<div class=\"flex max-w-full flex-col gap-4 grow\">\n<div class=\"min-h-8 text-message relative flex w-full flex-col items-end gap-2 text-start break-words whitespace-normal outline-none keyboard-focused:focus-ring [.text-message+&amp;]:mt-1\" dir=\"auto\" tabindex=\"0\" data-message-author-role=\"assistant\" data-message-id=\"6a32400b-1841-4818-91b0-c48c523059d9\" data-message-model-slug=\"gpt-5-5\" data-turn-start-message=\"true\">\n<div class=\"flex w-full flex-col gap-1 empty:hidden\">\n<div class=\"markdown prose dark:prose-invert wrap-break-word w-full dark markdown-new-styling\">\n<p data-start=\"78\" data-end=\"266\">O presidente <span class=\"hover:entity-accent entity-underline inline cursor-pointer align-baseline\"><span class=\"whitespace-normal\">Luiz In\u00e1cio Lula da Silva<\/span><\/span> anunciou nesta segunda-feira (25) a cria\u00e7\u00e3o do Tela Brasil, um novo servi\u00e7o digital voltado exclusivamente para o audiovisual brasileiro.<\/p>\n<h3 data-section-id=\"q5ga8n\" data-start=\"268\" data-end=\"317\">Acesso gratuito e foco na cultura nacional<\/h3>\n<p data-start=\"318\" data-end=\"489\">Coordenada pelo <span class=\"hover:entity-accent entity-underline inline cursor-pointer align-baseline\"><span class=\"whitespace-normal\">Minist\u00e9rio da Cultura<\/span><\/span>, a plataforma ter\u00e1 acesso totalmente gratuito e deve ser lan\u00e7ada oficialmente no pr\u00f3ximo s\u00e1bado (30), em todo o pa\u00eds.<\/p>\n<h3 data-section-id=\"15inevo\" data-start=\"491\" data-end=\"514\">Cat\u00e1logo inicial<\/h3>\n<p data-start=\"515\" data-end=\"751\">O Tela Brasil contar\u00e1 inicialmente com 447 obras, entre filmes, document\u00e1rios e produ\u00e7\u00f5es independentes, com o objetivo de ampliar o acesso ao cinema nacional e dar visibilidade a conte\u00fados que muitas vezes circulam apenas em festivais.<\/p>\n<h3 data-section-id=\"7o3fww\" data-start=\"753\" data-end=\"786\">An\u00fancio no Rio de Janeiro<\/h3>\n<p data-start=\"787\" data-end=\"1116\">A novidade foi divulgada durante a inaugura\u00e7\u00e3o do Centro de Desenvolvimento Tecnol\u00f3gico em Sa\u00fade da <span class=\"hover:entity-accent entity-underline inline cursor-pointer align-baseline\"><span class=\"whitespace-normal\">Fiocruz<\/span><\/span>, no <span class=\"hover:entity-accent entity-underline inline cursor-pointer align-baseline\"><span class=\"whitespace-normal\">Rio de Janeiro<\/span><\/span>. Na ocasi\u00e3o, Lula destacou que a proposta \u00e9 funcionar como uma \u201cNetflix brasileira\u201d, fortalecendo a cultura e democratizando o acesso ao audiovisual.<\/p>\n<h3 data-section-id=\"19ihevo\" data-start=\"1118\" data-end=\"1148\">Investimento e expans\u00e3o<\/h3>\n<p data-start=\"1149\" data-end=\"1322\">Segundo o governo federal, o projeto recebeu investimento inicial de R$ 4,2 milh\u00f5es para garantir a gratuidade e deve ter o cat\u00e1logo ampliado gradualmente ap\u00f3s o lan\u00e7amento.<\/p>\n<\/div>\n<\/div>\n<\/div>\n<\/div>\n<\/div>\n<\/div>\n<\/section>\n<\/div>\n<\/div>\n<div class=\"pointer-events-none -mt-px h-px translate-y-[calc(var(--scroll-root-safe-area-inset-bottom)-14*var(--spacing))]\" aria-hidden=\"true\"><\/div>\n","protected":false},"excerpt":{"rendered":"<p>O presidente Luiz In\u00e1cio Lula da Silva anunciou nesta segunda-feira (25) a cria\u00e7\u00e3o do Tela Brasil, um novo<\/p>\n","protected":false},"author":2,"featured_media":6237,"comment_status":"open","ping_status":"open","sticky":false,"template":"","format":"standard","meta":{"footnotes":""},"categories":[8,12],"tags":[],"class_list":["post-6236","post","type-post","status-publish","format-standard","has-post-thumbnail","hentry","category-brasil","category-noticias"],"yoast_head":"<!-- This site is optimized with the Yoast SEO plugin v28.3 - https:\/\/yoast.com\/product\/yoast-seo-wordpress\/ -->\n<title>Lula anuncia \u201cTela Brasil\u201d, plataforma gratuita dedicada ao cinema brasileiro - Ello TV<\/title>\n<meta name=\"description\" content=\"Governo anuncia Tela Brasil, plataforma gratuita de streaming com filmes e produ\u00e7\u00f5es nacionais, com lan\u00e7amento previsto para s\u00e1bado.\" \/>\n<meta name=\"robots\" content=\"index, follow, max-snippet:-1, max-image-preview:large, max-video-preview:-1\" \/>\n<link rel=\"canonical\" href=\"https:\/\/ellotv.com.br\/site\/2026\/05\/26\/lula-anuncia-tela-brasil-plataforma-gratuita-dedicada-ao-cinema-brasileiro\/\" \/>\n<meta property=\"og:locale\" content=\"pt_BR\" \/>\n<meta property=\"og:type\" content=\"article\" \/>\n<meta property=\"og:title\" content=\"Lula anuncia \u201cTela Brasil\u201d, plataforma gratuita dedicada ao cinema brasileiro - Ello TV\" \/>\n<meta property=\"og:description\" content=\"Governo anuncia Tela Brasil, plataforma gratuita de streaming com filmes e produ\u00e7\u00f5es nacionais, com lan\u00e7amento previsto para s\u00e1bado.\" \/>\n<meta property=\"og:url\" content=\"https:\/\/ellotv.com.br\/site\/2026\/05\/26\/lula-anuncia-tela-brasil-plataforma-gratuita-dedicada-ao-cinema-brasileiro\/\" \/>\n<meta property=\"og:site_name\" content=\"Ello TV\" \/>\n<meta property=\"article:published_time\" content=\"2026-05-26T17:39:20+00:00\" \/>\n<meta property=\"og:image\" content=\"https:\/\/ellotv.com.br\/site\/wp-content\/uploads\/2026\/05\/WhatsApp-Image-2026-05-26-at-12.59.03.jpeg\" \/>\n\t<meta property=\"og:image:width\" content=\"554\" \/>\n\t<meta property=\"og:image:height\" content=\"554\" \/>\n\t<meta property=\"og:image:type\" content=\"image\/jpeg\" \/>\n<meta name=\"author\" content=\"ELLO TV\" \/>\n<meta name=\"twitter:card\" content=\"summary_large_image\" \/>\n<meta name=\"twitter:label1\" content=\"Escrito por\" \/>\n\t<meta name=\"twitter:data1\" content=\"ELLO TV\" \/>\n\t<meta name=\"twitter:label2\" content=\"Est. tempo de leitura\" \/>\n\t<meta name=\"twitter:data2\" content=\"1 minuto\" \/>\n<script type=\"application\/ld+json\" class=\"yoast-schema-graph\">{\"@context\":\"https:\\\/\\\/schema.org\",\"@graph\":[{\"@type\":\"Article\",\"@id\":\"https:\\\/\\\/ellotv.com.br\\\/site\\\/2026\\\/05\\\/26\\\/lula-anuncia-tela-brasil-plataforma-gratuita-dedicada-ao-cinema-brasileiro\\\/#article\",\"isPartOf\":{\"@id\":\"https:\\\/\\\/ellotv.com.br\\\/site\\\/2026\\\/05\\\/26\\\/lula-anuncia-tela-brasil-plataforma-gratuita-dedicada-ao-cinema-brasileiro\\\/\"},\"author\":{\"name\":\"ELLO TV\",\"@id\":\"https:\\\/\\\/ellotv.com.br\\\/site\\\/#\\\/schema\\\/person\\\/2dbe3abaee38dcc7332fc8205cd2b15d\"},\"headline\":\"Lula anuncia \u201cTela Brasil\u201d, plataforma gratuita dedicada ao cinema brasileiro\",\"datePublished\":\"2026-05-26T17:39:20+00:00\",\"mainEntityOfPage\":{\"@id\":\"https:\\\/\\\/ellotv.com.br\\\/site\\\/2026\\\/05\\\/26\\\/lula-anuncia-tela-brasil-plataforma-gratuita-dedicada-ao-cinema-brasileiro\\\/\"},\"wordCount\":199,\"commentCount\":0,\"publisher\":{\"@id\":\"https:\\\/\\\/ellotv.com.br\\\/site\\\/#organization\"},\"image\":{\"@id\":\"https:\\\/\\\/ellotv.com.br\\\/site\\\/2026\\\/05\\\/26\\\/lula-anuncia-tela-brasil-plataforma-gratuita-dedicada-ao-cinema-brasileiro\\\/#primaryimage\"},\"thumbnailUrl\":\"https:\\\/\\\/ellotv.com.br\\\/site\\\/wp-content\\\/uploads\\\/2026\\\/05\\\/WhatsApp-Image-2026-05-26-at-12.59.03.jpeg\",\"articleSection\":[\"Brasil\",\"Noticias\"],\"inLanguage\":\"pt-BR\",\"potentialAction\":[{\"@type\":\"CommentAction\",\"name\":\"Comment\",\"target\":[\"https:\\\/\\\/ellotv.com.br\\\/site\\\/2026\\\/05\\\/26\\\/lula-anuncia-tela-brasil-plataforma-gratuita-dedicada-ao-cinema-brasileiro\\\/#respond\"]}]},{\"@type\":\"WebPage\",\"@id\":\"https:\\\/\\\/ellotv.com.br\\\/site\\\/2026\\\/05\\\/26\\\/lula-anuncia-tela-brasil-plataforma-gratuita-dedicada-ao-cinema-brasileiro\\\/\",\"url\":\"https:\\\/\\\/ellotv.com.br\\\/site\\\/2026\\\/05\\\/26\\\/lula-anuncia-tela-brasil-plataforma-gratuita-dedicada-ao-cinema-brasileiro\\\/\",\"name\":\"Lula anuncia \u201cTela Brasil\u201d, plataforma gratuita dedicada ao cinema brasileiro - Ello TV\",\"isPartOf\":{\"@id\":\"https:\\\/\\\/ellotv.com.br\\\/site\\\/#website\"},\"primaryImageOfPage\":{\"@id\":\"https:\\\/\\\/ellotv.com.br\\\/site\\\/2026\\\/05\\\/26\\\/lula-anuncia-tela-brasil-plataforma-gratuita-dedicada-ao-cinema-brasileiro\\\/#primaryimage\"},\"image\":{\"@id\":\"https:\\\/\\\/ellotv.com.br\\\/site\\\/2026\\\/05\\\/26\\\/lula-anuncia-tela-brasil-plataforma-gratuita-dedicada-ao-cinema-brasileiro\\\/#primaryimage\"},\"thumbnailUrl\":\"https:\\\/\\\/ellotv.com.br\\\/site\\\/wp-content\\\/uploads\\\/2026\\\/05\\\/WhatsApp-Image-2026-05-26-at-12.59.03.jpeg\",\"datePublished\":\"2026-05-26T17:39:20+00:00\",\"description\":\"Governo anuncia Tela Brasil, plataforma gratuita de streaming com filmes e produ\u00e7\u00f5es nacionais, com lan\u00e7amento previsto para s\u00e1bado.\",\"breadcrumb\":{\"@id\":\"https:\\\/\\\/ellotv.com.br\\\/site\\\/2026\\\/05\\\/26\\\/lula-anuncia-tela-brasil-plataforma-gratuita-dedicada-ao-cinema-brasileiro\\\/#breadcrumb\"},\"inLanguage\":\"pt-BR\",\"potentialAction\":[{\"@type\":\"ReadAction\",\"target\":[\"https:\\\/\\\/ellotv.com.br\\\/site\\\/2026\\\/05\\\/26\\\/lula-anuncia-tela-brasil-plataforma-gratuita-dedicada-ao-cinema-brasileiro\\\/\"]}]},{\"@type\":\"ImageObject\",\"inLanguage\":\"pt-BR\",\"@id\":\"https:\\\/\\\/ellotv.com.br\\\/site\\\/2026\\\/05\\\/26\\\/lula-anuncia-tela-brasil-plataforma-gratuita-dedicada-ao-cinema-brasileiro\\\/#primaryimage\",\"url\":\"https:\\\/\\\/ellotv.com.br\\\/site\\\/wp-content\\\/uploads\\\/2026\\\/05\\\/WhatsApp-Image-2026-05-26-at-12.59.03.jpeg\",\"contentUrl\":\"https:\\\/\\\/ellotv.com.br\\\/site\\\/wp-content\\\/uploads\\\/2026\\\/05\\\/WhatsApp-Image-2026-05-26-at-12.59.03.jpeg\",\"width\":554,\"height\":554},{\"@type\":\"BreadcrumbList\",\"@id\":\"https:\\\/\\\/ellotv.com.br\\\/site\\\/2026\\\/05\\\/26\\\/lula-anuncia-tela-brasil-plataforma-gratuita-dedicada-ao-cinema-brasileiro\\\/#breadcrumb\",\"itemListElement\":[{\"@type\":\"ListItem\",\"position\":1,\"name\":\"In\u00edcio\",\"item\":\"https:\\\/\\\/ellotv.com.br\\\/site\\\/\"},{\"@type\":\"ListItem\",\"position\":2,\"name\":\"Lula anuncia \u201cTela Brasil\u201d, plataforma gratuita dedicada ao cinema brasileiro\"}]},{\"@type\":\"WebSite\",\"@id\":\"https:\\\/\\\/ellotv.com.br\\\/site\\\/#website\",\"url\":\"https:\\\/\\\/ellotv.com.br\\\/site\\\/\",\"name\":\"ELLO TV\",\"description\":\"\",\"publisher\":{\"@id\":\"https:\\\/\\\/ellotv.com.br\\\/site\\\/#organization\"},\"potentialAction\":[{\"@type\":\"SearchAction\",\"target\":{\"@type\":\"EntryPoint\",\"urlTemplate\":\"https:\\\/\\\/ellotv.com.br\\\/site\\\/?s={search_term_string}\"},\"query-input\":{\"@type\":\"PropertyValueSpecification\",\"valueRequired\":true,\"valueName\":\"search_term_string\"}}],\"inLanguage\":\"pt-BR\"},{\"@type\":\"Organization\",\"@id\":\"https:\\\/\\\/ellotv.com.br\\\/site\\\/#organization\",\"name\":\"ELLO TV\",\"url\":\"https:\\\/\\\/ellotv.com.br\\\/site\\\/\",\"logo\":{\"@type\":\"ImageObject\",\"inLanguage\":\"pt-BR\",\"@id\":\"https:\\\/\\\/ellotv.com.br\\\/site\\\/#\\\/schema\\\/logo\\\/image\\\/\",\"url\":\"https:\\\/\\\/ellotv.com.br\\\/site\\\/wp-content\\\/uploads\\\/2025\\\/11\\\/ello-logo-2.fw_.png\",\"contentUrl\":\"https:\\\/\\\/ellotv.com.br\\\/site\\\/wp-content\\\/uploads\\\/2025\\\/11\\\/ello-logo-2.fw_.png\",\"width\":400,\"height\":146,\"caption\":\"ELLO TV\"},\"image\":{\"@id\":\"https:\\\/\\\/ellotv.com.br\\\/site\\\/#\\\/schema\\\/logo\\\/image\\\/\"}},{\"@type\":\"Person\",\"@id\":\"https:\\\/\\\/ellotv.com.br\\\/site\\\/#\\\/schema\\\/person\\\/2dbe3abaee38dcc7332fc8205cd2b15d\",\"name\":\"ELLO TV\",\"image\":{\"@type\":\"ImageObject\",\"inLanguage\":\"pt-BR\",\"@id\":\"https:\\\/\\\/secure.gravatar.com\\\/avatar\\\/c38242b9da8ec217ac3f0aaee31a54f7d7befb11b2b47fdbc8fb0fad60afa1c6?s=96&d=mm&r=g\",\"url\":\"https:\\\/\\\/secure.gravatar.com\\\/avatar\\\/c38242b9da8ec217ac3f0aaee31a54f7d7befb11b2b47fdbc8fb0fad60afa1c6?s=96&d=mm&r=g\",\"contentUrl\":\"https:\\\/\\\/secure.gravatar.com\\\/avatar\\\/c38242b9da8ec217ac3f0aaee31a54f7d7befb11b2b47fdbc8fb0fad60afa1c6?s=96&d=mm&r=g\",\"caption\":\"ELLO TV\"},\"url\":\"https:\\\/\\\/ellotv.com.br\\\/site\\\/author\\\/elloagencia\\\/\"}]}<\/script>\n<!-- \/ Yoast SEO plugin. -->","yoast_head_json":{"title":"Lula anuncia \u201cTela Brasil\u201d, plataforma gratuita dedicada ao cinema brasileiro - Ello TV","description":"Governo anuncia Tela Brasil, plataforma gratuita de streaming com filmes e produ\u00e7\u00f5es nacionais, com lan\u00e7amento previsto para s\u00e1bado.","robots":{"index":"index","follow":"follow","max-snippet":"max-snippet:-1","max-image-preview":"max-image-preview:large","max-video-preview":"max-video-preview:-1"},"canonical":"https:\/\/ellotv.com.br\/site\/2026\/05\/26\/lula-anuncia-tela-brasil-plataforma-gratuita-dedicada-ao-cinema-brasileiro\/","og_locale":"pt_BR","og_type":"article","og_title":"Lula anuncia \u201cTela Brasil\u201d, plataforma gratuita dedicada ao cinema brasileiro - Ello TV","og_description":"Governo anuncia Tela Brasil, plataforma gratuita de streaming com filmes e produ\u00e7\u00f5es nacionais, com lan\u00e7amento previsto para s\u00e1bado.","og_url":"https:\/\/ellotv.com.br\/site\/2026\/05\/26\/lula-anuncia-tela-brasil-plataforma-gratuita-dedicada-ao-cinema-brasileiro\/","og_site_name":"Ello TV","article_published_time":"2026-05-26T17:39:20+00:00","og_image":[{"width":554,"height":554,"url":"https:\/\/ellotv.com.br\/site\/wp-content\/uploads\/2026\/05\/WhatsApp-Image-2026-05-26-at-12.59.03.jpeg","type":"image\/jpeg"}],"author":"ELLO TV","twitter_card":"summary_large_image","twitter_misc":{"Escrito por":"ELLO TV","Est. tempo de leitura":"1 minuto"},"schema":{"@context":"https:\/\/schema.org","@graph":[{"@type":"Article","@id":"https:\/\/ellotv.com.br\/site\/2026\/05\/26\/lula-anuncia-tela-brasil-plataforma-gratuita-dedicada-ao-cinema-brasileiro\/#article","isPartOf":{"@id":"https:\/\/ellotv.com.br\/site\/2026\/05\/26\/lula-anuncia-tela-brasil-plataforma-gratuita-dedicada-ao-cinema-brasileiro\/"},"author":{"name":"ELLO TV","@id":"https:\/\/ellotv.com.br\/site\/#\/schema\/person\/2dbe3abaee38dcc7332fc8205cd2b15d"},"headline":"Lula anuncia \u201cTela Brasil\u201d, plataforma gratuita dedicada ao cinema brasileiro","datePublished":"2026-05-26T17:39:20+00:00","mainEntityOfPage":{"@id":"https:\/\/ellotv.com.br\/site\/2026\/05\/26\/lula-anuncia-tela-brasil-plataforma-gratuita-dedicada-ao-cinema-brasileiro\/"},"wordCount":199,"commentCount":0,"publisher":{"@id":"https:\/\/ellotv.com.br\/site\/#organization"},"image":{"@id":"https:\/\/ellotv.com.br\/site\/2026\/05\/26\/lula-anuncia-tela-brasil-plataforma-gratuita-dedicada-ao-cinema-brasileiro\/#primaryimage"},"thumbnailUrl":"https:\/\/ellotv.com.br\/site\/wp-content\/uploads\/2026\/05\/WhatsApp-Image-2026-05-26-at-12.59.03.jpeg","articleSection":["Brasil","Noticias"],"inLanguage":"pt-BR","potentialAction":[{"@type":"CommentAction","name":"Comment","target":["https:\/\/ellotv.com.br\/site\/2026\/05\/26\/lula-anuncia-tela-brasil-plataforma-gratuita-dedicada-ao-cinema-brasileiro\/#respond"]}]},{"@type":"WebPage","@id":"https:\/\/ellotv.com.br\/site\/2026\/05\/26\/lula-anuncia-tela-brasil-plataforma-gratuita-dedicada-ao-cinema-brasileiro\/","url":"https:\/\/ellotv.com.br\/site\/2026\/05\/26\/lula-anuncia-tela-brasil-plataforma-gratuita-dedicada-ao-cinema-brasileiro\/","name":"Lula anuncia \u201cTela Brasil\u201d, plataforma gratuita dedicada ao cinema brasileiro - Ello TV","isPartOf":{"@id":"https:\/\/ellotv.com.br\/site\/#website"},"primaryImageOfPage":{"@id":"https:\/\/ellotv.com.br\/site\/2026\/05\/26\/lula-anuncia-tela-brasil-plataforma-gratuita-dedicada-ao-cinema-brasileiro\/#primaryimage"},"image":{"@id":"https:\/\/ellotv.com.br\/site\/2026\/05\/26\/lula-anuncia-tela-brasil-plataforma-gratuita-dedicada-ao-cinema-brasileiro\/#primaryimage"},"thumbnailUrl":"https:\/\/ellotv.com.br\/site\/wp-content\/uploads\/2026\/05\/WhatsApp-Image-2026-05-26-at-12.59.03.jpeg","datePublished":"2026-05-26T17:39:20+00:00","description":"Governo anuncia Tela Brasil, plataforma gratuita de streaming com filmes e produ\u00e7\u00f5es nacionais, com lan\u00e7amento previsto para s\u00e1bado.","breadcrumb":{"@id":"https:\/\/ellotv.com.br\/site\/2026\/05\/26\/lula-anuncia-tela-brasil-plataforma-gratuita-dedicada-ao-cinema-brasileiro\/#breadcrumb"},"inLanguage":"pt-BR","potentialAction":[{"@type":"ReadAction","target":["https:\/\/ellotv.com.br\/site\/2026\/05\/26\/lula-anuncia-tela-brasil-plataforma-gratuita-dedicada-ao-cinema-brasileiro\/"]}]},{"@type":"ImageObject","inLanguage":"pt-BR","@id":"https:\/\/ellotv.com.br\/site\/2026\/05\/26\/lula-anuncia-tela-brasil-plataforma-gratuita-dedicada-ao-cinema-brasileiro\/#primaryimage","url":"https:\/\/ellotv.com.br\/site\/wp-content\/uploads\/2026\/05\/WhatsApp-Image-2026-05-26-at-12.59.03.jpeg","contentUrl":"https:\/\/ellotv.com.br\/site\/wp-content\/uploads\/2026\/05\/WhatsApp-Image-2026-05-26-at-12.59.03.jpeg","width":554,"height":554},{"@type":"BreadcrumbList","@id":"https:\/\/ellotv.com.br\/site\/2026\/05\/26\/lula-anuncia-tela-brasil-plataforma-gratuita-dedicada-ao-cinema-brasileiro\/#breadcrumb","itemListElement":[{"@type":"ListItem","position":1,"name":"In\u00edcio","item":"https:\/\/ellotv.com.br\/site\/"},{"@type":"ListItem","position":2,"name":"Lula anuncia \u201cTela Brasil\u201d, plataforma gratuita dedicada ao cinema brasileiro"}]},{"@type":"WebSite","@id":"https:\/\/ellotv.com.br\/site\/#website","url":"https:\/\/ellotv.com.br\/site\/","name":"ELLO TV","description":"","publisher":{"@id":"https:\/\/ellotv.com.br\/site\/#organization"},"potentialAction":[{"@type":"SearchAction","target":{"@type":"EntryPoint","urlTemplate":"https:\/\/ellotv.com.br\/site\/?s={search_term_string}"},"query-input":{"@type":"PropertyValueSpecification","valueRequired":true,"valueName":"search_term_string"}}],"inLanguage":"pt-BR"},{"@type":"Organization","@id":"https:\/\/ellotv.com.br\/site\/#organization","name":"ELLO TV","url":"https:\/\/ellotv.com.br\/site\/","logo":{"@type":"ImageObject","inLanguage":"pt-BR","@id":"https:\/\/ellotv.com.br\/site\/#\/schema\/logo\/image\/","url":"https:\/\/ellotv.com.br\/site\/wp-content\/uploads\/2025\/11\/ello-logo-2.fw_.png","contentUrl":"https:\/\/ellotv.com.br\/site\/wp-content\/uploads\/2025\/11\/ello-logo-2.fw_.png","width":400,"height":146,"caption":"ELLO TV"},"image":{"@id":"https:\/\/ellotv.com.br\/site\/#\/schema\/logo\/image\/"}},{"@type":"Person","@id":"https:\/\/ellotv.com.br\/site\/#\/schema\/person\/2dbe3abaee38dcc7332fc8205cd2b15d","name":"ELLO TV","image":{"@type":"ImageObject","inLanguage":"pt-BR","@id":"https:\/\/secure.gravatar.com\/avatar\/c38242b9da8ec217ac3f0aaee31a54f7d7befb11b2b47fdbc8fb0fad60afa1c6?s=96&d=mm&r=g","url":"https:\/\/secure.gravatar.com\/avatar\/c38242b9da8ec217ac3f0aaee31a54f7d7befb11b2b47fdbc8fb0fad60afa1c6?s=96&d=mm&r=g","contentUrl":"https:\/\/secure.gravatar.com\/avatar\/c38242b9da8ec217ac3f0aaee31a54f7d7befb11b2b47fdbc8fb0fad60afa1c6?s=96&d=mm&r=g","caption":"ELLO TV"},"url":"https:\/\/ellotv.com.br\/site\/author\/elloagencia\/"}]}},"featured_image_urls":{"full":["https:\/\/ellotv.com.br\/site\/wp-content\/uploads\/2026\/05\/WhatsApp-Image-2026-05-26-at-12.59.03.jpeg",554,554,false],"thumbnail":["https:\/\/ellotv.com.br\/site\/wp-content\/uploads\/2026\/05\/WhatsApp-Image-2026-05-26-at-12.59.03-150x150.jpeg",150,150,true],"medium":["https:\/\/ellotv.com.br\/site\/wp-content\/uploads\/2026\/05\/WhatsApp-Image-2026-05-26-at-12.59.03-300x300.jpeg",300,300,true],"medium_large":["https:\/\/ellotv.com.br\/site\/wp-content\/uploads\/2026\/05\/WhatsApp-Image-2026-05-26-at-12.59.03.jpeg",554,554,false],"large":["https:\/\/ellotv.com.br\/site\/wp-content\/uploads\/2026\/05\/WhatsApp-Image-2026-05-26-at-12.59.03.jpeg",554,554,false],"1536x1536":["https:\/\/ellotv.com.br\/site\/wp-content\/uploads\/2026\/05\/WhatsApp-Image-2026-05-26-at-12.59.03.jpeg",554,554,false],"2048x2048":["https:\/\/ellotv.com.br\/site\/wp-content\/uploads\/2026\/05\/WhatsApp-Image-2026-05-26-at-12.59.03.jpeg",554,554,false],"darknews-slider-full":["https:\/\/ellotv.com.br\/site\/wp-content\/uploads\/2026\/05\/WhatsApp-Image-2026-05-26-at-12.59.03.jpeg",554,554,false],"darknews-featured":["https:\/\/ellotv.com.br\/site\/wp-content\/uploads\/2026\/05\/WhatsApp-Image-2026-05-26-at-12.59.03.jpeg",554,554,false],"darknews-medium":["https:\/\/ellotv.com.br\/site\/wp-content\/uploads\/2026\/05\/WhatsApp-Image-2026-05-26-at-12.59.03-554x530.jpeg",554,530,true],"darknews-medium-square":["https:\/\/ellotv.com.br\/site\/wp-content\/uploads\/2026\/05\/WhatsApp-Image-2026-05-26-at-12.59.03-350x350.jpeg",350,350,true]},"author_info":{"info":["ELLO TV"]},"category_info":"<a href=\"https:\/\/ellotv.com.br\/site\/category\/brasil\/\" rel=\"category tag\">Brasil<\/a> <a href=\"https:\/\/ellotv.com.br\/site\/category\/noticias\/\" rel=\"category tag\">Noticias<\/a>","tag_info":"Noticias","comment_count":"0","_links":{"self":[{"href":"https:\/\/ellotv.com.br\/site\/wp-json\/wp\/v2\/posts\/6236","targetHints":{"allow":["GET"]}}],"collection":[{"href":"https:\/\/ellotv.com.br\/site\/wp-json\/wp\/v2\/posts"}],"about":[{"href":"https:\/\/ellotv.com.br\/site\/wp-json\/wp\/v2\/types\/post"}],"author":[{"embeddable":true,"href":"https:\/\/ellotv.com.br\/site\/wp-json\/wp\/v2\/users\/2"}],"replies":[{"embeddable":true,"href":"https:\/\/ellotv.com.br\/site\/wp-json\/wp\/v2\/comments?post=6236"}],"version-history":[{"count":1,"href":"https:\/\/ellotv.com.br\/site\/wp-json\/wp\/v2\/posts\/6236\/revisions"}],"predecessor-version":[{"id":6238,"href":"https:\/\/ellotv.com.br\/site\/wp-json\/wp\/v2\/posts\/6236\/revisions\/6238"}],"wp:featuredmedia":[{"embeddable":true,"href":"https:\/\/ellotv.com.br\/site\/wp-json\/wp\/v2\/media\/6237"}],"wp:attachment":[{"href":"https:\/\/ellotv.com.br\/site\/wp-json\/wp\/v2\/media?parent=6236"}],"wp:term":[{"taxonomy":"category","embeddable":true,"href":"https:\/\/ellotv.com.br\/site\/wp-json\/wp\/v2\/categories?post=6236"},{"taxonomy":"post_tag","embeddable":true,"href":"https:\/\/ellotv.com.br\/site\/wp-json\/wp\/v2\/tags?post=6236"}],"curies":[{"name":"wp","href":"https:\/\/api.w.org\/{rel}","templated":true}]}}