{"id":6245,"date":"2026-05-27T14:48:24","date_gmt":"2026-05-27T17:48:24","guid":{"rendered":"https:\/\/ellotv.com.br\/site\/?p=6245"},"modified":"2026-05-27T14:48:24","modified_gmt":"2026-05-27T17:48:24","slug":"panama-divulga-lista-de-convocados-para-a-copa-do-mundo-de-2026","status":"publish","type":"post","link":"https:\/\/ellotv.com.br\/site\/2026\/05\/27\/panama-divulga-lista-de-convocados-para-a-copa-do-mundo-de-2026\/","title":{"rendered":"Panam\u00e1 divulga lista de convocados para a Copa do Mundo de 2026"},"content":{"rendered":"<p data-start=\"69\" data-end=\"297\">A <span class=\"hover:entity-accent entity-underline inline cursor-pointer align-baseline\"><span class=\"whitespace-normal\">Sele\u00e7\u00e3o do Panam\u00e1<\/span><\/span> anunciou nesta ter\u00e7a-feira (26) os 26 jogadores convocados para a disputa da <span class=\"hover:entity-accent entity-underline inline cursor-pointer align-baseline\"><span class=\"whitespace-normal\">Copa do Mundo FIFA 2026<\/span><\/span>. A equipe \u00e9 comandada pelo t\u00e9cnico <span class=\"hover:entity-accent entity-underline inline cursor-pointer align-baseline\"><span class=\"whitespace-normal\">Thomas Christiansen<\/span><\/span>.<\/p>\n<h3 data-section-id=\"b9j6j0\" data-start=\"299\" data-end=\"322\">Grupo desafiador<\/h3>\n<p data-start=\"323\" data-end=\"360\">O Panam\u00e1 est\u00e1 no Grupo L, ao lado de:<\/p>\n<ul data-start=\"361\" data-end=\"486\">\n<li data-section-id=\"cgv1px\" data-start=\"361\" data-end=\"402\"><span class=\"hover:entity-accent entity-underline inline cursor-pointer align-baseline\"><span class=\"whitespace-normal\">Sele\u00e7\u00e3o da Inglaterra<\/span><\/span><\/li>\n<li data-section-id=\"eyrt5h\" data-start=\"403\" data-end=\"444\"><span class=\"hover:entity-accent entity-underline inline cursor-pointer align-baseline\"><span class=\"whitespace-normal\">Sele\u00e7\u00e3o da Cro\u00e1cia<\/span><\/span><\/li>\n<li data-section-id=\"hjs5dh\" data-start=\"445\" data-end=\"486\"><span class=\"hover:entity-accent entity-underline inline cursor-pointer align-baseline\"><span class=\"whitespace-normal\">Sele\u00e7\u00e3o de Gana<\/span><\/span><\/li>\n<\/ul>\n<h3 data-section-id=\"n7g8ry\" data-start=\"488\" data-end=\"519\">Prepara\u00e7\u00e3o para o Mundial<\/h3>\n<p data-start=\"520\" data-end=\"780\">Antes da estreia, os panamenhos disputam amistosos, incluindo confronto contra a <span class=\"hover:entity-accent entity-underline inline cursor-pointer align-baseline\"><span class=\"whitespace-normal\">Sele\u00e7\u00e3o Brasileira<\/span><\/span> no <span class=\"hover:entity-accent entity-underline inline cursor-pointer align-baseline\"><span class=\"whitespace-normal\">Maracan\u00e3<\/span><\/span>, al\u00e9m de jogos contra <span class=\"hover:entity-accent entity-underline inline cursor-pointer align-baseline\"><span class=\"whitespace-normal\">Sele\u00e7\u00e3o da Rep\u00fablica Dominicana<\/span><\/span> e <span class=\"hover:entity-accent entity-underline inline cursor-pointer align-baseline\"><span class=\"whitespace-normal\">Sele\u00e7\u00e3o da B\u00f3snia<\/span><\/span>.<\/p>\n<h3 data-section-id=\"72rhbd\" data-start=\"782\" data-end=\"802\">Corte na lista<\/h3>\n<p data-start=\"803\" data-end=\"983\">Um dos nomes que ficou de fora foi <span class=\"hover:entity-accent entity-underline inline cursor-pointer align-baseline\"><span class=\"whitespace-normal\">Kadir Barr\u00eda<\/span><\/span>, do <span class=\"hover:entity-accent entity-underline inline cursor-pointer align-baseline\"><span class=\"whitespace-normal\">Botafogo<\/span><\/span>, que havia sido pr\u00e9-convocado, mas n\u00e3o entrou na lista final.<\/p>\n<h3 data-section-id=\"100xen7\" data-start=\"985\" data-end=\"999\">Estreia<\/h3>\n<p data-start=\"1000\" data-end=\"1150\">O Panam\u00e1 estreia no dia 17 de junho contra Gana, em <span class=\"hover:entity-accent entity-underline inline cursor-pointer align-baseline\"><span class=\"whitespace-normal\">Toronto<\/span><\/span>, e depois enfrenta Cro\u00e1cia e Inglaterra na fase de grupos.<\/p>\n<h3 data-section-id=\"1ynz984\" data-start=\"1152\" data-end=\"1181\">Destaques da convoca\u00e7\u00e3o<\/h3>\n<p data-start=\"1182\" data-end=\"1214\">Entre os principais nomes est\u00e3o:<\/p>\n<ul data-start=\"1215\" data-end=\"1390\">\n<li data-section-id=\"1ce4kxh\" data-start=\"1215\" data-end=\"1258\"><span class=\"hover:entity-accent entity-underline inline cursor-pointer align-baseline\"><span class=\"whitespace-normal\">Adalberto Carrasquilla<\/span><\/span><\/li>\n<li data-section-id=\"g165th\" data-start=\"1259\" data-end=\"1302\"><span class=\"hover:entity-accent entity-underline inline cursor-pointer align-baseline\"><span class=\"whitespace-normal\">An\u00edbal Godoy<\/span><\/span><\/li>\n<li data-section-id=\"1tbdkl1\" data-start=\"1303\" data-end=\"1346\"><span class=\"hover:entity-accent entity-underline inline cursor-pointer align-baseline\"><span class=\"whitespace-normal\">Yoel B\u00e1rcenas<\/span><\/span><\/li>\n<li data-section-id=\"1gyxoqd\" data-start=\"1347\" data-end=\"1390\"><span class=\"hover:entity-accent entity-underline inline cursor-pointer align-baseline\"><span class=\"whitespace-normal\">Cecilio Waterman<\/span><\/span><\/li>\n<\/ul>\n<h3 data-section-id=\"5vcqp4\" data-start=\"1392\" data-end=\"1427\">Lista completa de convocados<\/h3>\n<p data-start=\"1429\" data-end=\"1491\"><strong data-start=\"1429\" data-end=\"1442\">Goleiros:<\/strong><br data-start=\"1442\" data-end=\"1445\" \/>Orlando Mosquera, Luis Mej\u00eda e C\u00e9sar Samudio<\/p>\n<p data-start=\"1493\" data-end=\"1664\"><strong data-start=\"1493\" data-end=\"1508\">Defensores:<\/strong><br data-start=\"1508\" data-end=\"1511\" \/>C\u00e9sar Blackman, Jorge Guti\u00e9rrez, Amir Murillo, Fidel Escobar, Andr\u00e9s Andrade, Edgardo Fari\u00f1a, Jos\u00e9 C\u00f3rdoba, Eric Davis, Jiovany Ramos e Roderick Miller<\/p>\n<p data-start=\"1666\" data-end=\"1845\"><strong data-start=\"1666\" data-end=\"1685\">Meio-campistas:<\/strong><br data-start=\"1685\" data-end=\"1688\" \/>An\u00edbal Godoy, Adalberto Carrasquilla, Carlos Harvey, Cristian Mart\u00ednez, Jos\u00e9 Luis Rodr\u00edguez, C\u00e9sar Yanis, Yoel B\u00e1rcenas, Alberto Quintero e Azar\u00edas Londo\u00f1o<\/p>\n<p data-start=\"1847\" data-end=\"1927\"><strong data-start=\"1847\" data-end=\"1861\">Atacantes:<\/strong><br data-start=\"1861\" data-end=\"1864\" \/>Ismael D\u00edaz, Cecilio Waterman, Jos\u00e9 Fajardo e Tom\u00e1s Rodr\u00edguez<\/p>\n","protected":false},"excerpt":{"rendered":"<p>A Sele\u00e7\u00e3o do Panam\u00e1 anunciou nesta ter\u00e7a-feira (26) os 26 jogadores convocados para a disputa da Copa do<\/p>\n","protected":false},"author":2,"featured_media":6246,"comment_status":"open","ping_status":"open","sticky":false,"template":"","format":"standard","meta":{"footnotes":""},"categories":[10,12],"tags":[],"class_list":["post-6245","post","type-post","status-publish","format-standard","has-post-thumbnail","hentry","category-mundo","category-noticias"],"yoast_head":"<!-- This site is optimized with the Yoast SEO plugin v28.3 - https:\/\/yoast.com\/product\/yoast-seo-wordpress\/ -->\n<title>Panam\u00e1 divulga lista de convocados para a Copa do Mundo de 2026 - Ello TV<\/title>\n<meta name=\"description\" content=\"Panam\u00e1 anuncia convocados para a Copa do Mundo 2026, com estreia contra Gana e grupo com Inglaterra e Cro\u00e1cia.\" \/>\n<meta name=\"robots\" content=\"index, follow, max-snippet:-1, max-image-preview:large, max-video-preview:-1\" \/>\n<link rel=\"canonical\" href=\"https:\/\/ellotv.com.br\/site\/2026\/05\/27\/panama-divulga-lista-de-convocados-para-a-copa-do-mundo-de-2026\/\" \/>\n<meta property=\"og:locale\" content=\"pt_BR\" \/>\n<meta property=\"og:type\" content=\"article\" \/>\n<meta property=\"og:title\" content=\"Panam\u00e1 divulga lista de convocados para a Copa do Mundo de 2026 - Ello TV\" \/>\n<meta property=\"og:description\" content=\"Panam\u00e1 anuncia convocados para a Copa do Mundo 2026, com estreia contra Gana e grupo com Inglaterra e Cro\u00e1cia.\" \/>\n<meta property=\"og:url\" content=\"https:\/\/ellotv.com.br\/site\/2026\/05\/27\/panama-divulga-lista-de-convocados-para-a-copa-do-mundo-de-2026\/\" \/>\n<meta property=\"og:site_name\" content=\"Ello TV\" \/>\n<meta property=\"article:published_time\" content=\"2026-05-27T17:48:24+00:00\" \/>\n<meta property=\"og:image\" content=\"https:\/\/ellotv.com.br\/site\/wp-content\/uploads\/2026\/05\/WhatsApp-Image-2026-05-27-at-09.26.26.jpeg\" \/>\n\t<meta property=\"og:image:width\" content=\"1024\" \/>\n\t<meta property=\"og:image:height\" content=\"1280\" \/>\n\t<meta property=\"og:image:type\" content=\"image\/jpeg\" \/>\n<meta name=\"author\" content=\"ELLO TV\" \/>\n<meta name=\"twitter:card\" content=\"summary_large_image\" \/>\n<meta name=\"twitter:label1\" content=\"Escrito por\" \/>\n\t<meta name=\"twitter:data1\" content=\"ELLO TV\" \/>\n\t<meta name=\"twitter:label2\" content=\"Est. tempo de leitura\" \/>\n\t<meta name=\"twitter:data2\" content=\"1 minuto\" \/>\n<script type=\"application\/ld+json\" class=\"yoast-schema-graph\">{\"@context\":\"https:\\\/\\\/schema.org\",\"@graph\":[{\"@type\":\"Article\",\"@id\":\"https:\\\/\\\/ellotv.com.br\\\/site\\\/2026\\\/05\\\/27\\\/panama-divulga-lista-de-convocados-para-a-copa-do-mundo-de-2026\\\/#article\",\"isPartOf\":{\"@id\":\"https:\\\/\\\/ellotv.com.br\\\/site\\\/2026\\\/05\\\/27\\\/panama-divulga-lista-de-convocados-para-a-copa-do-mundo-de-2026\\\/\"},\"author\":{\"name\":\"ELLO TV\",\"@id\":\"https:\\\/\\\/ellotv.com.br\\\/site\\\/#\\\/schema\\\/person\\\/2dbe3abaee38dcc7332fc8205cd2b15d\"},\"headline\":\"Panam\u00e1 divulga lista de convocados para a Copa do Mundo de 2026\",\"datePublished\":\"2026-05-27T17:48:24+00:00\",\"mainEntityOfPage\":{\"@id\":\"https:\\\/\\\/ellotv.com.br\\\/site\\\/2026\\\/05\\\/27\\\/panama-divulga-lista-de-convocados-para-a-copa-do-mundo-de-2026\\\/\"},\"wordCount\":254,\"commentCount\":0,\"publisher\":{\"@id\":\"https:\\\/\\\/ellotv.com.br\\\/site\\\/#organization\"},\"image\":{\"@id\":\"https:\\\/\\\/ellotv.com.br\\\/site\\\/2026\\\/05\\\/27\\\/panama-divulga-lista-de-convocados-para-a-copa-do-mundo-de-2026\\\/#primaryimage\"},\"thumbnailUrl\":\"https:\\\/\\\/ellotv.com.br\\\/site\\\/wp-content\\\/uploads\\\/2026\\\/05\\\/WhatsApp-Image-2026-05-27-at-09.26.26.jpeg\",\"articleSection\":[\"Mundo\",\"Noticias\"],\"inLanguage\":\"pt-BR\",\"potentialAction\":[{\"@type\":\"CommentAction\",\"name\":\"Comment\",\"target\":[\"https:\\\/\\\/ellotv.com.br\\\/site\\\/2026\\\/05\\\/27\\\/panama-divulga-lista-de-convocados-para-a-copa-do-mundo-de-2026\\\/#respond\"]}]},{\"@type\":\"WebPage\",\"@id\":\"https:\\\/\\\/ellotv.com.br\\\/site\\\/2026\\\/05\\\/27\\\/panama-divulga-lista-de-convocados-para-a-copa-do-mundo-de-2026\\\/\",\"url\":\"https:\\\/\\\/ellotv.com.br\\\/site\\\/2026\\\/05\\\/27\\\/panama-divulga-lista-de-convocados-para-a-copa-do-mundo-de-2026\\\/\",\"name\":\"Panam\u00e1 divulga lista de convocados para a Copa do Mundo de 2026 - Ello TV\",\"isPartOf\":{\"@id\":\"https:\\\/\\\/ellotv.com.br\\\/site\\\/#website\"},\"primaryImageOfPage\":{\"@id\":\"https:\\\/\\\/ellotv.com.br\\\/site\\\/2026\\\/05\\\/27\\\/panama-divulga-lista-de-convocados-para-a-copa-do-mundo-de-2026\\\/#primaryimage\"},\"image\":{\"@id\":\"https:\\\/\\\/ellotv.com.br\\\/site\\\/2026\\\/05\\\/27\\\/panama-divulga-lista-de-convocados-para-a-copa-do-mundo-de-2026\\\/#primaryimage\"},\"thumbnailUrl\":\"https:\\\/\\\/ellotv.com.br\\\/site\\\/wp-content\\\/uploads\\\/2026\\\/05\\\/WhatsApp-Image-2026-05-27-at-09.26.26.jpeg\",\"datePublished\":\"2026-05-27T17:48:24+00:00\",\"description\":\"Panam\u00e1 anuncia convocados para a Copa do Mundo 2026, com estreia contra Gana e grupo com Inglaterra e Cro\u00e1cia.\",\"breadcrumb\":{\"@id\":\"https:\\\/\\\/ellotv.com.br\\\/site\\\/2026\\\/05\\\/27\\\/panama-divulga-lista-de-convocados-para-a-copa-do-mundo-de-2026\\\/#breadcrumb\"},\"inLanguage\":\"pt-BR\",\"potentialAction\":[{\"@type\":\"ReadAction\",\"target\":[\"https:\\\/\\\/ellotv.com.br\\\/site\\\/2026\\\/05\\\/27\\\/panama-divulga-lista-de-convocados-para-a-copa-do-mundo-de-2026\\\/\"]}]},{\"@type\":\"ImageObject\",\"inLanguage\":\"pt-BR\",\"@id\":\"https:\\\/\\\/ellotv.com.br\\\/site\\\/2026\\\/05\\\/27\\\/panama-divulga-lista-de-convocados-para-a-copa-do-mundo-de-2026\\\/#primaryimage\",\"url\":\"https:\\\/\\\/ellotv.com.br\\\/site\\\/wp-content\\\/uploads\\\/2026\\\/05\\\/WhatsApp-Image-2026-05-27-at-09.26.26.jpeg\",\"contentUrl\":\"https:\\\/\\\/ellotv.com.br\\\/site\\\/wp-content\\\/uploads\\\/2026\\\/05\\\/WhatsApp-Image-2026-05-27-at-09.26.26.jpeg\",\"width\":1024,\"height\":1280},{\"@type\":\"BreadcrumbList\",\"@id\":\"https:\\\/\\\/ellotv.com.br\\\/site\\\/2026\\\/05\\\/27\\\/panama-divulga-lista-de-convocados-para-a-copa-do-mundo-de-2026\\\/#breadcrumb\",\"itemListElement\":[{\"@type\":\"ListItem\",\"position\":1,\"name\":\"In\u00edcio\",\"item\":\"https:\\\/\\\/ellotv.com.br\\\/site\\\/\"},{\"@type\":\"ListItem\",\"position\":2,\"name\":\"Panam\u00e1 divulga lista de convocados para a Copa do Mundo de 2026\"}]},{\"@type\":\"WebSite\",\"@id\":\"https:\\\/\\\/ellotv.com.br\\\/site\\\/#website\",\"url\":\"https:\\\/\\\/ellotv.com.br\\\/site\\\/\",\"name\":\"ELLO TV\",\"description\":\"\",\"publisher\":{\"@id\":\"https:\\\/\\\/ellotv.com.br\\\/site\\\/#organization\"},\"potentialAction\":[{\"@type\":\"SearchAction\",\"target\":{\"@type\":\"EntryPoint\",\"urlTemplate\":\"https:\\\/\\\/ellotv.com.br\\\/site\\\/?s={search_term_string}\"},\"query-input\":{\"@type\":\"PropertyValueSpecification\",\"valueRequired\":true,\"valueName\":\"search_term_string\"}}],\"inLanguage\":\"pt-BR\"},{\"@type\":\"Organization\",\"@id\":\"https:\\\/\\\/ellotv.com.br\\\/site\\\/#organization\",\"name\":\"ELLO TV\",\"url\":\"https:\\\/\\\/ellotv.com.br\\\/site\\\/\",\"logo\":{\"@type\":\"ImageObject\",\"inLanguage\":\"pt-BR\",\"@id\":\"https:\\\/\\\/ellotv.com.br\\\/site\\\/#\\\/schema\\\/logo\\\/image\\\/\",\"url\":\"https:\\\/\\\/ellotv.com.br\\\/site\\\/wp-content\\\/uploads\\\/2025\\\/11\\\/ello-logo-2.fw_.png\",\"contentUrl\":\"https:\\\/\\\/ellotv.com.br\\\/site\\\/wp-content\\\/uploads\\\/2025\\\/11\\\/ello-logo-2.fw_.png\",\"width\":400,\"height\":146,\"caption\":\"ELLO TV\"},\"image\":{\"@id\":\"https:\\\/\\\/ellotv.com.br\\\/site\\\/#\\\/schema\\\/logo\\\/image\\\/\"}},{\"@type\":\"Person\",\"@id\":\"https:\\\/\\\/ellotv.com.br\\\/site\\\/#\\\/schema\\\/person\\\/2dbe3abaee38dcc7332fc8205cd2b15d\",\"name\":\"ELLO TV\",\"image\":{\"@type\":\"ImageObject\",\"inLanguage\":\"pt-BR\",\"@id\":\"https:\\\/\\\/secure.gravatar.com\\\/avatar\\\/c38242b9da8ec217ac3f0aaee31a54f7d7befb11b2b47fdbc8fb0fad60afa1c6?s=96&d=mm&r=g\",\"url\":\"https:\\\/\\\/secure.gravatar.com\\\/avatar\\\/c38242b9da8ec217ac3f0aaee31a54f7d7befb11b2b47fdbc8fb0fad60afa1c6?s=96&d=mm&r=g\",\"contentUrl\":\"https:\\\/\\\/secure.gravatar.com\\\/avatar\\\/c38242b9da8ec217ac3f0aaee31a54f7d7befb11b2b47fdbc8fb0fad60afa1c6?s=96&d=mm&r=g\",\"caption\":\"ELLO TV\"},\"url\":\"https:\\\/\\\/ellotv.com.br\\\/site\\\/author\\\/elloagencia\\\/\"}]}<\/script>\n<!-- \/ Yoast SEO plugin. -->","yoast_head_json":{"title":"Panam\u00e1 divulga lista de convocados para a Copa do Mundo de 2026 - Ello TV","description":"Panam\u00e1 anuncia convocados para a Copa do Mundo 2026, com estreia contra Gana e grupo com Inglaterra e Cro\u00e1cia.","robots":{"index":"index","follow":"follow","max-snippet":"max-snippet:-1","max-image-preview":"max-image-preview:large","max-video-preview":"max-video-preview:-1"},"canonical":"https:\/\/ellotv.com.br\/site\/2026\/05\/27\/panama-divulga-lista-de-convocados-para-a-copa-do-mundo-de-2026\/","og_locale":"pt_BR","og_type":"article","og_title":"Panam\u00e1 divulga lista de convocados para a Copa do Mundo de 2026 - Ello TV","og_description":"Panam\u00e1 anuncia convocados para a Copa do Mundo 2026, com estreia contra Gana e grupo com Inglaterra e Cro\u00e1cia.","og_url":"https:\/\/ellotv.com.br\/site\/2026\/05\/27\/panama-divulga-lista-de-convocados-para-a-copa-do-mundo-de-2026\/","og_site_name":"Ello TV","article_published_time":"2026-05-27T17:48:24+00:00","og_image":[{"width":1024,"height":1280,"url":"https:\/\/ellotv.com.br\/site\/wp-content\/uploads\/2026\/05\/WhatsApp-Image-2026-05-27-at-09.26.26.jpeg","type":"image\/jpeg"}],"author":"ELLO TV","twitter_card":"summary_large_image","twitter_misc":{"Escrito por":"ELLO TV","Est. tempo de leitura":"1 minuto"},"schema":{"@context":"https:\/\/schema.org","@graph":[{"@type":"Article","@id":"https:\/\/ellotv.com.br\/site\/2026\/05\/27\/panama-divulga-lista-de-convocados-para-a-copa-do-mundo-de-2026\/#article","isPartOf":{"@id":"https:\/\/ellotv.com.br\/site\/2026\/05\/27\/panama-divulga-lista-de-convocados-para-a-copa-do-mundo-de-2026\/"},"author":{"name":"ELLO TV","@id":"https:\/\/ellotv.com.br\/site\/#\/schema\/person\/2dbe3abaee38dcc7332fc8205cd2b15d"},"headline":"Panam\u00e1 divulga lista de convocados para a Copa do Mundo de 2026","datePublished":"2026-05-27T17:48:24+00:00","mainEntityOfPage":{"@id":"https:\/\/ellotv.com.br\/site\/2026\/05\/27\/panama-divulga-lista-de-convocados-para-a-copa-do-mundo-de-2026\/"},"wordCount":254,"commentCount":0,"publisher":{"@id":"https:\/\/ellotv.com.br\/site\/#organization"},"image":{"@id":"https:\/\/ellotv.com.br\/site\/2026\/05\/27\/panama-divulga-lista-de-convocados-para-a-copa-do-mundo-de-2026\/#primaryimage"},"thumbnailUrl":"https:\/\/ellotv.com.br\/site\/wp-content\/uploads\/2026\/05\/WhatsApp-Image-2026-05-27-at-09.26.26.jpeg","articleSection":["Mundo","Noticias"],"inLanguage":"pt-BR","potentialAction":[{"@type":"CommentAction","name":"Comment","target":["https:\/\/ellotv.com.br\/site\/2026\/05\/27\/panama-divulga-lista-de-convocados-para-a-copa-do-mundo-de-2026\/#respond"]}]},{"@type":"WebPage","@id":"https:\/\/ellotv.com.br\/site\/2026\/05\/27\/panama-divulga-lista-de-convocados-para-a-copa-do-mundo-de-2026\/","url":"https:\/\/ellotv.com.br\/site\/2026\/05\/27\/panama-divulga-lista-de-convocados-para-a-copa-do-mundo-de-2026\/","name":"Panam\u00e1 divulga lista de convocados para a Copa do Mundo de 2026 - Ello TV","isPartOf":{"@id":"https:\/\/ellotv.com.br\/site\/#website"},"primaryImageOfPage":{"@id":"https:\/\/ellotv.com.br\/site\/2026\/05\/27\/panama-divulga-lista-de-convocados-para-a-copa-do-mundo-de-2026\/#primaryimage"},"image":{"@id":"https:\/\/ellotv.com.br\/site\/2026\/05\/27\/panama-divulga-lista-de-convocados-para-a-copa-do-mundo-de-2026\/#primaryimage"},"thumbnailUrl":"https:\/\/ellotv.com.br\/site\/wp-content\/uploads\/2026\/05\/WhatsApp-Image-2026-05-27-at-09.26.26.jpeg","datePublished":"2026-05-27T17:48:24+00:00","description":"Panam\u00e1 anuncia convocados para a Copa do Mundo 2026, com estreia contra Gana e grupo com Inglaterra e Cro\u00e1cia.","breadcrumb":{"@id":"https:\/\/ellotv.com.br\/site\/2026\/05\/27\/panama-divulga-lista-de-convocados-para-a-copa-do-mundo-de-2026\/#breadcrumb"},"inLanguage":"pt-BR","potentialAction":[{"@type":"ReadAction","target":["https:\/\/ellotv.com.br\/site\/2026\/05\/27\/panama-divulga-lista-de-convocados-para-a-copa-do-mundo-de-2026\/"]}]},{"@type":"ImageObject","inLanguage":"pt-BR","@id":"https:\/\/ellotv.com.br\/site\/2026\/05\/27\/panama-divulga-lista-de-convocados-para-a-copa-do-mundo-de-2026\/#primaryimage","url":"https:\/\/ellotv.com.br\/site\/wp-content\/uploads\/2026\/05\/WhatsApp-Image-2026-05-27-at-09.26.26.jpeg","contentUrl":"https:\/\/ellotv.com.br\/site\/wp-content\/uploads\/2026\/05\/WhatsApp-Image-2026-05-27-at-09.26.26.jpeg","width":1024,"height":1280},{"@type":"BreadcrumbList","@id":"https:\/\/ellotv.com.br\/site\/2026\/05\/27\/panama-divulga-lista-de-convocados-para-a-copa-do-mundo-de-2026\/#breadcrumb","itemListElement":[{"@type":"ListItem","position":1,"name":"In\u00edcio","item":"https:\/\/ellotv.com.br\/site\/"},{"@type":"ListItem","position":2,"name":"Panam\u00e1 divulga lista de convocados para a Copa do Mundo de 2026"}]},{"@type":"WebSite","@id":"https:\/\/ellotv.com.br\/site\/#website","url":"https:\/\/ellotv.com.br\/site\/","name":"ELLO TV","description":"","publisher":{"@id":"https:\/\/ellotv.com.br\/site\/#organization"},"potentialAction":[{"@type":"SearchAction","target":{"@type":"EntryPoint","urlTemplate":"https:\/\/ellotv.com.br\/site\/?s={search_term_string}"},"query-input":{"@type":"PropertyValueSpecification","valueRequired":true,"valueName":"search_term_string"}}],"inLanguage":"pt-BR"},{"@type":"Organization","@id":"https:\/\/ellotv.com.br\/site\/#organization","name":"ELLO TV","url":"https:\/\/ellotv.com.br\/site\/","logo":{"@type":"ImageObject","inLanguage":"pt-BR","@id":"https:\/\/ellotv.com.br\/site\/#\/schema\/logo\/image\/","url":"https:\/\/ellotv.com.br\/site\/wp-content\/uploads\/2025\/11\/ello-logo-2.fw_.png","contentUrl":"https:\/\/ellotv.com.br\/site\/wp-content\/uploads\/2025\/11\/ello-logo-2.fw_.png","width":400,"height":146,"caption":"ELLO TV"},"image":{"@id":"https:\/\/ellotv.com.br\/site\/#\/schema\/logo\/image\/"}},{"@type":"Person","@id":"https:\/\/ellotv.com.br\/site\/#\/schema\/person\/2dbe3abaee38dcc7332fc8205cd2b15d","name":"ELLO TV","image":{"@type":"ImageObject","inLanguage":"pt-BR","@id":"https:\/\/secure.gravatar.com\/avatar\/c38242b9da8ec217ac3f0aaee31a54f7d7befb11b2b47fdbc8fb0fad60afa1c6?s=96&d=mm&r=g","url":"https:\/\/secure.gravatar.com\/avatar\/c38242b9da8ec217ac3f0aaee31a54f7d7befb11b2b47fdbc8fb0fad60afa1c6?s=96&d=mm&r=g","contentUrl":"https:\/\/secure.gravatar.com\/avatar\/c38242b9da8ec217ac3f0aaee31a54f7d7befb11b2b47fdbc8fb0fad60afa1c6?s=96&d=mm&r=g","caption":"ELLO TV"},"url":"https:\/\/ellotv.com.br\/site\/author\/elloagencia\/"}]}},"featured_image_urls":{"full":["https:\/\/ellotv.com.br\/site\/wp-content\/uploads\/2026\/05\/WhatsApp-Image-2026-05-27-at-09.26.26.jpeg",1024,1280,false],"thumbnail":["https:\/\/ellotv.com.br\/site\/wp-content\/uploads\/2026\/05\/WhatsApp-Image-2026-05-27-at-09.26.26-150x150.jpeg",150,150,true],"medium":["https:\/\/ellotv.com.br\/site\/wp-content\/uploads\/2026\/05\/WhatsApp-Image-2026-05-27-at-09.26.26-240x300.jpeg",240,300,true],"medium_large":["https:\/\/ellotv.com.br\/site\/wp-content\/uploads\/2026\/05\/WhatsApp-Image-2026-05-27-at-09.26.26-768x960.jpeg",640,800,true],"large":["https:\/\/ellotv.com.br\/site\/wp-content\/uploads\/2026\/05\/WhatsApp-Image-2026-05-27-at-09.26.26-819x1024.jpeg",640,800,true],"1536x1536":["https:\/\/ellotv.com.br\/site\/wp-content\/uploads\/2026\/05\/WhatsApp-Image-2026-05-27-at-09.26.26.jpeg",1024,1280,false],"2048x2048":["https:\/\/ellotv.com.br\/site\/wp-content\/uploads\/2026\/05\/WhatsApp-Image-2026-05-27-at-09.26.26.jpeg",1024,1280,false],"darknews-slider-full":["https:\/\/ellotv.com.br\/site\/wp-content\/uploads\/2026\/05\/WhatsApp-Image-2026-05-27-at-09.26.26-1024x720.jpeg",1024,720,true],"darknews-featured":["https:\/\/ellotv.com.br\/site\/wp-content\/uploads\/2026\/05\/WhatsApp-Image-2026-05-27-at-09.26.26.jpeg",1024,1280,false],"darknews-medium":["https:\/\/ellotv.com.br\/site\/wp-content\/uploads\/2026\/05\/WhatsApp-Image-2026-05-27-at-09.26.26-720x530.jpeg",720,530,true],"darknews-medium-square":["https:\/\/ellotv.com.br\/site\/wp-content\/uploads\/2026\/05\/WhatsApp-Image-2026-05-27-at-09.26.26-350x350.jpeg",350,350,true]},"author_info":{"info":["ELLO TV"]},"category_info":"<a href=\"https:\/\/ellotv.com.br\/site\/category\/mundo\/\" rel=\"category tag\">Mundo<\/a> <a href=\"https:\/\/ellotv.com.br\/site\/category\/noticias\/\" rel=\"category tag\">Noticias<\/a>","tag_info":"Noticias","comment_count":"0","_links":{"self":[{"href":"https:\/\/ellotv.com.br\/site\/wp-json\/wp\/v2\/posts\/6245","targetHints":{"allow":["GET"]}}],"collection":[{"href":"https:\/\/ellotv.com.br\/site\/wp-json\/wp\/v2\/posts"}],"about":[{"href":"https:\/\/ellotv.com.br\/site\/wp-json\/wp\/v2\/types\/post"}],"author":[{"embeddable":true,"href":"https:\/\/ellotv.com.br\/site\/wp-json\/wp\/v2\/users\/2"}],"replies":[{"embeddable":true,"href":"https:\/\/ellotv.com.br\/site\/wp-json\/wp\/v2\/comments?post=6245"}],"version-history":[{"count":1,"href":"https:\/\/ellotv.com.br\/site\/wp-json\/wp\/v2\/posts\/6245\/revisions"}],"predecessor-version":[{"id":6247,"href":"https:\/\/ellotv.com.br\/site\/wp-json\/wp\/v2\/posts\/6245\/revisions\/6247"}],"wp:featuredmedia":[{"embeddable":true,"href":"https:\/\/ellotv.com.br\/site\/wp-json\/wp\/v2\/media\/6246"}],"wp:attachment":[{"href":"https:\/\/ellotv.com.br\/site\/wp-json\/wp\/v2\/media?parent=6245"}],"wp:term":[{"taxonomy":"category","embeddable":true,"href":"https:\/\/ellotv.com.br\/site\/wp-json\/wp\/v2\/categories?post=6245"},{"taxonomy":"post_tag","embeddable":true,"href":"https:\/\/ellotv.com.br\/site\/wp-json\/wp\/v2\/tags?post=6245"}],"curies":[{"name":"wp","href":"https:\/\/api.w.org\/{rel}","templated":true}]}}