{"id":6254,"date":"2026-05-29T16:20:13","date_gmt":"2026-05-29T19:20:13","guid":{"rendered":"https:\/\/ellotv.com.br\/site\/?p=6254"},"modified":"2026-05-29T16:20:13","modified_gmt":"2026-05-29T19:20:13","slug":"ello-tv-lanca-documentario-especial-gravado-no-restaurante-tia-zelia-em-brasilia","status":"publish","type":"post","link":"https:\/\/ellotv.com.br\/site\/2026\/05\/29\/ello-tv-lanca-documentario-especial-gravado-no-restaurante-tia-zelia-em-brasilia\/","title":{"rendered":"ELLO TV lan\u00e7a document\u00e1rio especial gravado no restaurante Tia Z\u00e9lia, em Bras\u00edlia"},"content":{"rendered":"<p data-start=\"87\" data-end=\"358\">A <span class=\"hover:entity-accent entity-underline inline cursor-pointer align-baseline\"><span class=\"whitespace-normal\">ELLO TV<\/span><\/span> lan\u00e7ou um document\u00e1rio especial gravado no tradicional restaurante Tia Z\u00e9lia, um dos mais conhecidos da capital federal. O conte\u00fado j\u00e1 est\u00e1 dispon\u00edvel no YouTube e destaca a trajet\u00f3ria, a culin\u00e1ria e a relev\u00e2ncia cultural do local.<\/p>\n<p data-start=\"360\" data-end=\"723\">A produ\u00e7\u00e3o foi apresentada pelo jornalista <span class=\"hover:entity-accent entity-underline inline cursor-pointer align-baseline\"><span class=\"whitespace-normal\">Marcello Patriota<\/span><\/span>, que conduziu entrevistas e revelou detalhes da hist\u00f3ria constru\u00edda ao longo dos anos. Durante o document\u00e1rio, ele conversou com M\u00e1rcia, filha de Tia Z\u00e9lia, que compartilhou a origem do restaurante e a forte liga\u00e7\u00e3o da fam\u00edlia com o presidente <span class=\"hover:entity-accent entity-underline inline cursor-pointer align-baseline\"><span class=\"whitespace-normal\">Luiz In\u00e1cio Lula da Silva<\/span><\/span>.<\/p>\n<p data-start=\"725\" data-end=\"927\">O material re\u00fane relatos emocionantes, imagens exclusivas e bastidores que evidenciam a import\u00e2ncia gastron\u00f4mica e cultural do restaurante para Bras\u00edlia, al\u00e9m de sua rela\u00e7\u00e3o com diversas personalidades.<\/p>\n<p data-start=\"929\" data-end=\"1066\">O document\u00e1rio refor\u00e7a o compromisso da ELLO TV em valorizar hist\u00f3rias marcantes e personagens importantes da cultura popular brasileira.<\/p>\n","protected":false},"excerpt":{"rendered":"<p>A ELLO TV lan\u00e7ou um document\u00e1rio especial gravado no tradicional restaurante Tia Z\u00e9lia, um dos mais conhecidos da<\/p>\n","protected":false},"author":2,"featured_media":6255,"comment_status":"open","ping_status":"open","sticky":false,"template":"","format":"standard","meta":{"footnotes":""},"categories":[8,1,12],"tags":[],"class_list":["post-6254","post","type-post","status-publish","format-standard","has-post-thumbnail","hentry","category-brasil","category-ello","category-noticias"],"yoast_head":"<!-- This site is optimized with the Yoast SEO plugin v28.3 - https:\/\/yoast.com\/product\/yoast-seo-wordpress\/ -->\n<title>ELLO TV lan\u00e7a document\u00e1rio especial gravado no restaurante Tia Z\u00e9lia, em Bras\u00edlia - Ello TV<\/title>\n<meta name=\"description\" content=\"ELLO TV lan\u00e7a document\u00e1rio sobre o restaurante Tia Z\u00e9lia, destacando sua hist\u00f3ria, tradi\u00e7\u00e3o e liga\u00e7\u00e3o com Lula.\" \/>\n<meta name=\"robots\" content=\"index, follow, max-snippet:-1, max-image-preview:large, max-video-preview:-1\" \/>\n<link rel=\"canonical\" href=\"https:\/\/ellotv.com.br\/site\/2026\/05\/29\/ello-tv-lanca-documentario-especial-gravado-no-restaurante-tia-zelia-em-brasilia\/\" \/>\n<meta property=\"og:locale\" content=\"pt_BR\" \/>\n<meta property=\"og:type\" content=\"article\" \/>\n<meta property=\"og:title\" content=\"ELLO TV lan\u00e7a document\u00e1rio especial gravado no restaurante Tia Z\u00e9lia, em Bras\u00edlia - Ello TV\" \/>\n<meta property=\"og:description\" content=\"ELLO TV lan\u00e7a document\u00e1rio sobre o restaurante Tia Z\u00e9lia, destacando sua hist\u00f3ria, tradi\u00e7\u00e3o e liga\u00e7\u00e3o com Lula.\" \/>\n<meta property=\"og:url\" content=\"https:\/\/ellotv.com.br\/site\/2026\/05\/29\/ello-tv-lanca-documentario-especial-gravado-no-restaurante-tia-zelia-em-brasilia\/\" \/>\n<meta property=\"og:site_name\" content=\"Ello TV\" \/>\n<meta property=\"article:published_time\" content=\"2026-05-29T19:20:13+00:00\" \/>\n<meta property=\"og:image\" content=\"https:\/\/ellotv.com.br\/site\/wp-content\/uploads\/2026\/05\/WhatsApp-Image-2026-05-29-at-16.13.34.jpeg\" \/>\n\t<meta property=\"og:image:width\" content=\"1280\" \/>\n\t<meta property=\"og:image:height\" content=\"720\" \/>\n\t<meta property=\"og:image:type\" content=\"image\/jpeg\" \/>\n<meta name=\"author\" content=\"ELLO TV\" \/>\n<meta name=\"twitter:card\" content=\"summary_large_image\" \/>\n<meta name=\"twitter:label1\" content=\"Escrito por\" \/>\n\t<meta name=\"twitter:data1\" content=\"ELLO TV\" \/>\n\t<meta name=\"twitter:label2\" content=\"Est. tempo de leitura\" \/>\n\t<meta name=\"twitter:data2\" content=\"1 minuto\" \/>\n<script type=\"application\/ld+json\" class=\"yoast-schema-graph\">{\"@context\":\"https:\\\/\\\/schema.org\",\"@graph\":[{\"@type\":\"Article\",\"@id\":\"https:\\\/\\\/ellotv.com.br\\\/site\\\/2026\\\/05\\\/29\\\/ello-tv-lanca-documentario-especial-gravado-no-restaurante-tia-zelia-em-brasilia\\\/#article\",\"isPartOf\":{\"@id\":\"https:\\\/\\\/ellotv.com.br\\\/site\\\/2026\\\/05\\\/29\\\/ello-tv-lanca-documentario-especial-gravado-no-restaurante-tia-zelia-em-brasilia\\\/\"},\"author\":{\"name\":\"ELLO TV\",\"@id\":\"https:\\\/\\\/ellotv.com.br\\\/site\\\/#\\\/schema\\\/person\\\/2dbe3abaee38dcc7332fc8205cd2b15d\"},\"headline\":\"ELLO TV lan\u00e7a document\u00e1rio especial gravado no restaurante Tia Z\u00e9lia, em Bras\u00edlia\",\"datePublished\":\"2026-05-29T19:20:13+00:00\",\"mainEntityOfPage\":{\"@id\":\"https:\\\/\\\/ellotv.com.br\\\/site\\\/2026\\\/05\\\/29\\\/ello-tv-lanca-documentario-especial-gravado-no-restaurante-tia-zelia-em-brasilia\\\/\"},\"wordCount\":179,\"commentCount\":0,\"publisher\":{\"@id\":\"https:\\\/\\\/ellotv.com.br\\\/site\\\/#organization\"},\"image\":{\"@id\":\"https:\\\/\\\/ellotv.com.br\\\/site\\\/2026\\\/05\\\/29\\\/ello-tv-lanca-documentario-especial-gravado-no-restaurante-tia-zelia-em-brasilia\\\/#primaryimage\"},\"thumbnailUrl\":\"https:\\\/\\\/ellotv.com.br\\\/site\\\/wp-content\\\/uploads\\\/2026\\\/05\\\/WhatsApp-Image-2026-05-29-at-16.13.34.jpeg\",\"articleSection\":[\"Brasil\",\"Ello\",\"Noticias\"],\"inLanguage\":\"pt-BR\",\"potentialAction\":[{\"@type\":\"CommentAction\",\"name\":\"Comment\",\"target\":[\"https:\\\/\\\/ellotv.com.br\\\/site\\\/2026\\\/05\\\/29\\\/ello-tv-lanca-documentario-especial-gravado-no-restaurante-tia-zelia-em-brasilia\\\/#respond\"]}]},{\"@type\":\"WebPage\",\"@id\":\"https:\\\/\\\/ellotv.com.br\\\/site\\\/2026\\\/05\\\/29\\\/ello-tv-lanca-documentario-especial-gravado-no-restaurante-tia-zelia-em-brasilia\\\/\",\"url\":\"https:\\\/\\\/ellotv.com.br\\\/site\\\/2026\\\/05\\\/29\\\/ello-tv-lanca-documentario-especial-gravado-no-restaurante-tia-zelia-em-brasilia\\\/\",\"name\":\"ELLO TV lan\u00e7a document\u00e1rio especial gravado no restaurante Tia Z\u00e9lia, em Bras\u00edlia - Ello TV\",\"isPartOf\":{\"@id\":\"https:\\\/\\\/ellotv.com.br\\\/site\\\/#website\"},\"primaryImageOfPage\":{\"@id\":\"https:\\\/\\\/ellotv.com.br\\\/site\\\/2026\\\/05\\\/29\\\/ello-tv-lanca-documentario-especial-gravado-no-restaurante-tia-zelia-em-brasilia\\\/#primaryimage\"},\"image\":{\"@id\":\"https:\\\/\\\/ellotv.com.br\\\/site\\\/2026\\\/05\\\/29\\\/ello-tv-lanca-documentario-especial-gravado-no-restaurante-tia-zelia-em-brasilia\\\/#primaryimage\"},\"thumbnailUrl\":\"https:\\\/\\\/ellotv.com.br\\\/site\\\/wp-content\\\/uploads\\\/2026\\\/05\\\/WhatsApp-Image-2026-05-29-at-16.13.34.jpeg\",\"datePublished\":\"2026-05-29T19:20:13+00:00\",\"description\":\"ELLO TV lan\u00e7a document\u00e1rio sobre o restaurante Tia Z\u00e9lia, destacando sua hist\u00f3ria, tradi\u00e7\u00e3o e liga\u00e7\u00e3o com Lula.\",\"breadcrumb\":{\"@id\":\"https:\\\/\\\/ellotv.com.br\\\/site\\\/2026\\\/05\\\/29\\\/ello-tv-lanca-documentario-especial-gravado-no-restaurante-tia-zelia-em-brasilia\\\/#breadcrumb\"},\"inLanguage\":\"pt-BR\",\"potentialAction\":[{\"@type\":\"ReadAction\",\"target\":[\"https:\\\/\\\/ellotv.com.br\\\/site\\\/2026\\\/05\\\/29\\\/ello-tv-lanca-documentario-especial-gravado-no-restaurante-tia-zelia-em-brasilia\\\/\"]}]},{\"@type\":\"ImageObject\",\"inLanguage\":\"pt-BR\",\"@id\":\"https:\\\/\\\/ellotv.com.br\\\/site\\\/2026\\\/05\\\/29\\\/ello-tv-lanca-documentario-especial-gravado-no-restaurante-tia-zelia-em-brasilia\\\/#primaryimage\",\"url\":\"https:\\\/\\\/ellotv.com.br\\\/site\\\/wp-content\\\/uploads\\\/2026\\\/05\\\/WhatsApp-Image-2026-05-29-at-16.13.34.jpeg\",\"contentUrl\":\"https:\\\/\\\/ellotv.com.br\\\/site\\\/wp-content\\\/uploads\\\/2026\\\/05\\\/WhatsApp-Image-2026-05-29-at-16.13.34.jpeg\",\"width\":1280,\"height\":720},{\"@type\":\"BreadcrumbList\",\"@id\":\"https:\\\/\\\/ellotv.com.br\\\/site\\\/2026\\\/05\\\/29\\\/ello-tv-lanca-documentario-especial-gravado-no-restaurante-tia-zelia-em-brasilia\\\/#breadcrumb\",\"itemListElement\":[{\"@type\":\"ListItem\",\"position\":1,\"name\":\"In\u00edcio\",\"item\":\"https:\\\/\\\/ellotv.com.br\\\/site\\\/\"},{\"@type\":\"ListItem\",\"position\":2,\"name\":\"ELLO TV lan\u00e7a document\u00e1rio especial gravado no restaurante Tia Z\u00e9lia, em Bras\u00edlia\"}]},{\"@type\":\"WebSite\",\"@id\":\"https:\\\/\\\/ellotv.com.br\\\/site\\\/#website\",\"url\":\"https:\\\/\\\/ellotv.com.br\\\/site\\\/\",\"name\":\"ELLO TV\",\"description\":\"\",\"publisher\":{\"@id\":\"https:\\\/\\\/ellotv.com.br\\\/site\\\/#organization\"},\"potentialAction\":[{\"@type\":\"SearchAction\",\"target\":{\"@type\":\"EntryPoint\",\"urlTemplate\":\"https:\\\/\\\/ellotv.com.br\\\/site\\\/?s={search_term_string}\"},\"query-input\":{\"@type\":\"PropertyValueSpecification\",\"valueRequired\":true,\"valueName\":\"search_term_string\"}}],\"inLanguage\":\"pt-BR\"},{\"@type\":\"Organization\",\"@id\":\"https:\\\/\\\/ellotv.com.br\\\/site\\\/#organization\",\"name\":\"ELLO TV\",\"url\":\"https:\\\/\\\/ellotv.com.br\\\/site\\\/\",\"logo\":{\"@type\":\"ImageObject\",\"inLanguage\":\"pt-BR\",\"@id\":\"https:\\\/\\\/ellotv.com.br\\\/site\\\/#\\\/schema\\\/logo\\\/image\\\/\",\"url\":\"https:\\\/\\\/ellotv.com.br\\\/site\\\/wp-content\\\/uploads\\\/2025\\\/11\\\/ello-logo-2.fw_.png\",\"contentUrl\":\"https:\\\/\\\/ellotv.com.br\\\/site\\\/wp-content\\\/uploads\\\/2025\\\/11\\\/ello-logo-2.fw_.png\",\"width\":400,\"height\":146,\"caption\":\"ELLO TV\"},\"image\":{\"@id\":\"https:\\\/\\\/ellotv.com.br\\\/site\\\/#\\\/schema\\\/logo\\\/image\\\/\"}},{\"@type\":\"Person\",\"@id\":\"https:\\\/\\\/ellotv.com.br\\\/site\\\/#\\\/schema\\\/person\\\/2dbe3abaee38dcc7332fc8205cd2b15d\",\"name\":\"ELLO TV\",\"image\":{\"@type\":\"ImageObject\",\"inLanguage\":\"pt-BR\",\"@id\":\"https:\\\/\\\/secure.gravatar.com\\\/avatar\\\/c38242b9da8ec217ac3f0aaee31a54f7d7befb11b2b47fdbc8fb0fad60afa1c6?s=96&d=mm&r=g\",\"url\":\"https:\\\/\\\/secure.gravatar.com\\\/avatar\\\/c38242b9da8ec217ac3f0aaee31a54f7d7befb11b2b47fdbc8fb0fad60afa1c6?s=96&d=mm&r=g\",\"contentUrl\":\"https:\\\/\\\/secure.gravatar.com\\\/avatar\\\/c38242b9da8ec217ac3f0aaee31a54f7d7befb11b2b47fdbc8fb0fad60afa1c6?s=96&d=mm&r=g\",\"caption\":\"ELLO TV\"},\"url\":\"https:\\\/\\\/ellotv.com.br\\\/site\\\/author\\\/elloagencia\\\/\"}]}<\/script>\n<!-- \/ Yoast SEO plugin. -->","yoast_head_json":{"title":"ELLO TV lan\u00e7a document\u00e1rio especial gravado no restaurante Tia Z\u00e9lia, em Bras\u00edlia - Ello TV","description":"ELLO TV lan\u00e7a document\u00e1rio sobre o restaurante Tia Z\u00e9lia, destacando sua hist\u00f3ria, tradi\u00e7\u00e3o e liga\u00e7\u00e3o com Lula.","robots":{"index":"index","follow":"follow","max-snippet":"max-snippet:-1","max-image-preview":"max-image-preview:large","max-video-preview":"max-video-preview:-1"},"canonical":"https:\/\/ellotv.com.br\/site\/2026\/05\/29\/ello-tv-lanca-documentario-especial-gravado-no-restaurante-tia-zelia-em-brasilia\/","og_locale":"pt_BR","og_type":"article","og_title":"ELLO TV lan\u00e7a document\u00e1rio especial gravado no restaurante Tia Z\u00e9lia, em Bras\u00edlia - Ello TV","og_description":"ELLO TV lan\u00e7a document\u00e1rio sobre o restaurante Tia Z\u00e9lia, destacando sua hist\u00f3ria, tradi\u00e7\u00e3o e liga\u00e7\u00e3o com Lula.","og_url":"https:\/\/ellotv.com.br\/site\/2026\/05\/29\/ello-tv-lanca-documentario-especial-gravado-no-restaurante-tia-zelia-em-brasilia\/","og_site_name":"Ello TV","article_published_time":"2026-05-29T19:20:13+00:00","og_image":[{"width":1280,"height":720,"url":"https:\/\/ellotv.com.br\/site\/wp-content\/uploads\/2026\/05\/WhatsApp-Image-2026-05-29-at-16.13.34.jpeg","type":"image\/jpeg"}],"author":"ELLO TV","twitter_card":"summary_large_image","twitter_misc":{"Escrito por":"ELLO TV","Est. tempo de leitura":"1 minuto"},"schema":{"@context":"https:\/\/schema.org","@graph":[{"@type":"Article","@id":"https:\/\/ellotv.com.br\/site\/2026\/05\/29\/ello-tv-lanca-documentario-especial-gravado-no-restaurante-tia-zelia-em-brasilia\/#article","isPartOf":{"@id":"https:\/\/ellotv.com.br\/site\/2026\/05\/29\/ello-tv-lanca-documentario-especial-gravado-no-restaurante-tia-zelia-em-brasilia\/"},"author":{"name":"ELLO TV","@id":"https:\/\/ellotv.com.br\/site\/#\/schema\/person\/2dbe3abaee38dcc7332fc8205cd2b15d"},"headline":"ELLO TV lan\u00e7a document\u00e1rio especial gravado no restaurante Tia Z\u00e9lia, em Bras\u00edlia","datePublished":"2026-05-29T19:20:13+00:00","mainEntityOfPage":{"@id":"https:\/\/ellotv.com.br\/site\/2026\/05\/29\/ello-tv-lanca-documentario-especial-gravado-no-restaurante-tia-zelia-em-brasilia\/"},"wordCount":179,"commentCount":0,"publisher":{"@id":"https:\/\/ellotv.com.br\/site\/#organization"},"image":{"@id":"https:\/\/ellotv.com.br\/site\/2026\/05\/29\/ello-tv-lanca-documentario-especial-gravado-no-restaurante-tia-zelia-em-brasilia\/#primaryimage"},"thumbnailUrl":"https:\/\/ellotv.com.br\/site\/wp-content\/uploads\/2026\/05\/WhatsApp-Image-2026-05-29-at-16.13.34.jpeg","articleSection":["Brasil","Ello","Noticias"],"inLanguage":"pt-BR","potentialAction":[{"@type":"CommentAction","name":"Comment","target":["https:\/\/ellotv.com.br\/site\/2026\/05\/29\/ello-tv-lanca-documentario-especial-gravado-no-restaurante-tia-zelia-em-brasilia\/#respond"]}]},{"@type":"WebPage","@id":"https:\/\/ellotv.com.br\/site\/2026\/05\/29\/ello-tv-lanca-documentario-especial-gravado-no-restaurante-tia-zelia-em-brasilia\/","url":"https:\/\/ellotv.com.br\/site\/2026\/05\/29\/ello-tv-lanca-documentario-especial-gravado-no-restaurante-tia-zelia-em-brasilia\/","name":"ELLO TV lan\u00e7a document\u00e1rio especial gravado no restaurante Tia Z\u00e9lia, em Bras\u00edlia - Ello TV","isPartOf":{"@id":"https:\/\/ellotv.com.br\/site\/#website"},"primaryImageOfPage":{"@id":"https:\/\/ellotv.com.br\/site\/2026\/05\/29\/ello-tv-lanca-documentario-especial-gravado-no-restaurante-tia-zelia-em-brasilia\/#primaryimage"},"image":{"@id":"https:\/\/ellotv.com.br\/site\/2026\/05\/29\/ello-tv-lanca-documentario-especial-gravado-no-restaurante-tia-zelia-em-brasilia\/#primaryimage"},"thumbnailUrl":"https:\/\/ellotv.com.br\/site\/wp-content\/uploads\/2026\/05\/WhatsApp-Image-2026-05-29-at-16.13.34.jpeg","datePublished":"2026-05-29T19:20:13+00:00","description":"ELLO TV lan\u00e7a document\u00e1rio sobre o restaurante Tia Z\u00e9lia, destacando sua hist\u00f3ria, tradi\u00e7\u00e3o e liga\u00e7\u00e3o com Lula.","breadcrumb":{"@id":"https:\/\/ellotv.com.br\/site\/2026\/05\/29\/ello-tv-lanca-documentario-especial-gravado-no-restaurante-tia-zelia-em-brasilia\/#breadcrumb"},"inLanguage":"pt-BR","potentialAction":[{"@type":"ReadAction","target":["https:\/\/ellotv.com.br\/site\/2026\/05\/29\/ello-tv-lanca-documentario-especial-gravado-no-restaurante-tia-zelia-em-brasilia\/"]}]},{"@type":"ImageObject","inLanguage":"pt-BR","@id":"https:\/\/ellotv.com.br\/site\/2026\/05\/29\/ello-tv-lanca-documentario-especial-gravado-no-restaurante-tia-zelia-em-brasilia\/#primaryimage","url":"https:\/\/ellotv.com.br\/site\/wp-content\/uploads\/2026\/05\/WhatsApp-Image-2026-05-29-at-16.13.34.jpeg","contentUrl":"https:\/\/ellotv.com.br\/site\/wp-content\/uploads\/2026\/05\/WhatsApp-Image-2026-05-29-at-16.13.34.jpeg","width":1280,"height":720},{"@type":"BreadcrumbList","@id":"https:\/\/ellotv.com.br\/site\/2026\/05\/29\/ello-tv-lanca-documentario-especial-gravado-no-restaurante-tia-zelia-em-brasilia\/#breadcrumb","itemListElement":[{"@type":"ListItem","position":1,"name":"In\u00edcio","item":"https:\/\/ellotv.com.br\/site\/"},{"@type":"ListItem","position":2,"name":"ELLO TV lan\u00e7a document\u00e1rio especial gravado no restaurante Tia Z\u00e9lia, em Bras\u00edlia"}]},{"@type":"WebSite","@id":"https:\/\/ellotv.com.br\/site\/#website","url":"https:\/\/ellotv.com.br\/site\/","name":"ELLO TV","description":"","publisher":{"@id":"https:\/\/ellotv.com.br\/site\/#organization"},"potentialAction":[{"@type":"SearchAction","target":{"@type":"EntryPoint","urlTemplate":"https:\/\/ellotv.com.br\/site\/?s={search_term_string}"},"query-input":{"@type":"PropertyValueSpecification","valueRequired":true,"valueName":"search_term_string"}}],"inLanguage":"pt-BR"},{"@type":"Organization","@id":"https:\/\/ellotv.com.br\/site\/#organization","name":"ELLO TV","url":"https:\/\/ellotv.com.br\/site\/","logo":{"@type":"ImageObject","inLanguage":"pt-BR","@id":"https:\/\/ellotv.com.br\/site\/#\/schema\/logo\/image\/","url":"https:\/\/ellotv.com.br\/site\/wp-content\/uploads\/2025\/11\/ello-logo-2.fw_.png","contentUrl":"https:\/\/ellotv.com.br\/site\/wp-content\/uploads\/2025\/11\/ello-logo-2.fw_.png","width":400,"height":146,"caption":"ELLO TV"},"image":{"@id":"https:\/\/ellotv.com.br\/site\/#\/schema\/logo\/image\/"}},{"@type":"Person","@id":"https:\/\/ellotv.com.br\/site\/#\/schema\/person\/2dbe3abaee38dcc7332fc8205cd2b15d","name":"ELLO TV","image":{"@type":"ImageObject","inLanguage":"pt-BR","@id":"https:\/\/secure.gravatar.com\/avatar\/c38242b9da8ec217ac3f0aaee31a54f7d7befb11b2b47fdbc8fb0fad60afa1c6?s=96&d=mm&r=g","url":"https:\/\/secure.gravatar.com\/avatar\/c38242b9da8ec217ac3f0aaee31a54f7d7befb11b2b47fdbc8fb0fad60afa1c6?s=96&d=mm&r=g","contentUrl":"https:\/\/secure.gravatar.com\/avatar\/c38242b9da8ec217ac3f0aaee31a54f7d7befb11b2b47fdbc8fb0fad60afa1c6?s=96&d=mm&r=g","caption":"ELLO TV"},"url":"https:\/\/ellotv.com.br\/site\/author\/elloagencia\/"}]}},"featured_image_urls":{"full":["https:\/\/ellotv.com.br\/site\/wp-content\/uploads\/2026\/05\/WhatsApp-Image-2026-05-29-at-16.13.34.jpeg",1280,720,false],"thumbnail":["https:\/\/ellotv.com.br\/site\/wp-content\/uploads\/2026\/05\/WhatsApp-Image-2026-05-29-at-16.13.34-150x150.jpeg",150,150,true],"medium":["https:\/\/ellotv.com.br\/site\/wp-content\/uploads\/2026\/05\/WhatsApp-Image-2026-05-29-at-16.13.34-300x169.jpeg",300,169,true],"medium_large":["https:\/\/ellotv.com.br\/site\/wp-content\/uploads\/2026\/05\/WhatsApp-Image-2026-05-29-at-16.13.34-768x432.jpeg",640,360,true],"large":["https:\/\/ellotv.com.br\/site\/wp-content\/uploads\/2026\/05\/WhatsApp-Image-2026-05-29-at-16.13.34-1024x576.jpeg",640,360,true],"1536x1536":["https:\/\/ellotv.com.br\/site\/wp-content\/uploads\/2026\/05\/WhatsApp-Image-2026-05-29-at-16.13.34.jpeg",1280,720,false],"2048x2048":["https:\/\/ellotv.com.br\/site\/wp-content\/uploads\/2026\/05\/WhatsApp-Image-2026-05-29-at-16.13.34.jpeg",1280,720,false],"darknews-slider-full":["https:\/\/ellotv.com.br\/site\/wp-content\/uploads\/2026\/05\/WhatsApp-Image-2026-05-29-at-16.13.34.jpeg",1280,720,false],"darknews-featured":["https:\/\/ellotv.com.br\/site\/wp-content\/uploads\/2026\/05\/WhatsApp-Image-2026-05-29-at-16.13.34-1024x576.jpeg",1024,576,true],"darknews-medium":["https:\/\/ellotv.com.br\/site\/wp-content\/uploads\/2026\/05\/WhatsApp-Image-2026-05-29-at-16.13.34-720x530.jpeg",720,530,true],"darknews-medium-square":["https:\/\/ellotv.com.br\/site\/wp-content\/uploads\/2026\/05\/WhatsApp-Image-2026-05-29-at-16.13.34-350x350.jpeg",350,350,true]},"author_info":{"info":["ELLO TV"]},"category_info":"<a href=\"https:\/\/ellotv.com.br\/site\/category\/brasil\/\" rel=\"category tag\">Brasil<\/a> <a href=\"https:\/\/ellotv.com.br\/site\/category\/ello\/\" rel=\"category tag\">Ello<\/a> <a href=\"https:\/\/ellotv.com.br\/site\/category\/noticias\/\" rel=\"category tag\">Noticias<\/a>","tag_info":"Noticias","comment_count":"0","_links":{"self":[{"href":"https:\/\/ellotv.com.br\/site\/wp-json\/wp\/v2\/posts\/6254","targetHints":{"allow":["GET"]}}],"collection":[{"href":"https:\/\/ellotv.com.br\/site\/wp-json\/wp\/v2\/posts"}],"about":[{"href":"https:\/\/ellotv.com.br\/site\/wp-json\/wp\/v2\/types\/post"}],"author":[{"embeddable":true,"href":"https:\/\/ellotv.com.br\/site\/wp-json\/wp\/v2\/users\/2"}],"replies":[{"embeddable":true,"href":"https:\/\/ellotv.com.br\/site\/wp-json\/wp\/v2\/comments?post=6254"}],"version-history":[{"count":1,"href":"https:\/\/ellotv.com.br\/site\/wp-json\/wp\/v2\/posts\/6254\/revisions"}],"predecessor-version":[{"id":6256,"href":"https:\/\/ellotv.com.br\/site\/wp-json\/wp\/v2\/posts\/6254\/revisions\/6256"}],"wp:featuredmedia":[{"embeddable":true,"href":"https:\/\/ellotv.com.br\/site\/wp-json\/wp\/v2\/media\/6255"}],"wp:attachment":[{"href":"https:\/\/ellotv.com.br\/site\/wp-json\/wp\/v2\/media?parent=6254"}],"wp:term":[{"taxonomy":"category","embeddable":true,"href":"https:\/\/ellotv.com.br\/site\/wp-json\/wp\/v2\/categories?post=6254"},{"taxonomy":"post_tag","embeddable":true,"href":"https:\/\/ellotv.com.br\/site\/wp-json\/wp\/v2\/tags?post=6254"}],"curies":[{"name":"wp","href":"https:\/\/api.w.org\/{rel}","templated":true}]}}