{"id":6258,"date":"2026-06-01T09:01:07","date_gmt":"2026-06-01T12:01:07","guid":{"rendered":"https:\/\/ellotv.com.br\/site\/?p=6258"},"modified":"2026-06-01T09:01:07","modified_gmt":"2026-06-01T12:01:07","slug":"fortes-liderancas-de-solidao-diomesio-neta-e-dalva-fecham-com-marconi-santana","status":"publish","type":"post","link":"https:\/\/ellotv.com.br\/site\/2026\/06\/01\/fortes-liderancas-de-solidao-diomesio-neta-e-dalva-fecham-com-marconi-santana\/","title":{"rendered":"FORTES LIDERAN\u00c7AS DE SOLID\u00c3O: DIOM\u00c9SIO, NETA E DALVA FECHAM COM MARCONI SANTANA"},"content":{"rendered":"<h3>Movimenta\u00e7\u00e3o pol\u00edtica consolida avan\u00e7o de Marconi Santana em Solid\u00e3o<\/h3>\n<p>Uma nova articula\u00e7\u00e3o pol\u00edtica em Solid\u00e3o indica um cen\u00e1rio de fortalecimento para o projeto liderado por Marconi Santana no munic\u00edpio.<\/p>\n<p><strong>Refor\u00e7o de apoios<\/strong><\/p>\n<p>O pr\u00e9-candidato ampliou sua base pol\u00edtica com a ades\u00e3o de importantes lideran\u00e7as locais:<\/p>\n<p>Diom\u00e9sio (ex-prefeito)<br \/>\nNeta (ex-prefeita)<br \/>\nDalva (ex-vice-prefeita)<\/p>\n<p><strong>Vantagem no cen\u00e1rio local<\/strong><\/p>\n<p>Com a chegada do grupo, Marconi passa a ocupar uma posi\u00e7\u00e3o de destaque, reunindo nomes com forte hist\u00f3rico eleitoral e influ\u00eancia direta nas bases da cidade.<\/p>\n<p><strong>Avan\u00e7o estrat\u00e9gico<\/strong><\/p>\n<p>A movimenta\u00e7\u00e3o \u00e9 considerada estrat\u00e9gica no Sert\u00e3o do Paje\u00fa, consolidando alian\u00e7as e ampliando a presen\u00e7a pol\u00edtica do pr\u00e9-candidato na regi\u00e3o.<\/p>\n<p><strong>Articula\u00e7\u00e3o e lideran\u00e7as<\/strong><\/p>\n<p>O encontro que oficializou a uni\u00e3o contou com a participa\u00e7\u00e3o de figuras importantes:<\/p>\n<p>Edson Henrique (Gerente Regional da Casa Civil)<br \/>\nTotta de Solid\u00e3o (ex-vereador)<br \/>\nAgenor (lideran\u00e7a local)<\/p>\n<p>Tamb\u00e9m estiveram presentes Lucila, Denise e Sizenando, refor\u00e7ando a coes\u00e3o do grupo pol\u00edtico.<\/p>\n<p><strong>Crescimento da pr\u00e9-candidatura<\/strong><\/p>\n<p>Com uma base mais ampla e estruturada, Marconi Santana fortalece sua pr\u00e9-candidatura, apostando no di\u00e1logo com lideran\u00e7as locais e na constru\u00e7\u00e3o de alian\u00e7as como pilares do crescimento pol\u00edtico.<\/p>\n","protected":false},"excerpt":{"rendered":"<p>Movimenta\u00e7\u00e3o pol\u00edtica consolida avan\u00e7o de Marconi Santana em Solid\u00e3o Uma nova articula\u00e7\u00e3o pol\u00edtica em Solid\u00e3o indica um cen\u00e1rio<\/p>\n","protected":false},"author":2,"featured_media":6260,"comment_status":"open","ping_status":"open","sticky":false,"template":"","format":"standard","meta":{"footnotes":""},"categories":[12,9],"tags":[],"class_list":["post-6258","post","type-post","status-publish","format-standard","has-post-thumbnail","hentry","category-noticias","category-regional"],"yoast_head":"<!-- This site is optimized with the Yoast SEO plugin v28.3 - https:\/\/yoast.com\/product\/yoast-seo-wordpress\/ -->\n<title>FORTES LIDERAN\u00c7AS DE SOLID\u00c3O: DIOM\u00c9SIO, NETA E DALVA FECHAM COM MARCONI SANTANA - Ello TV<\/title>\n<meta name=\"description\" content=\"Marconi Santana amplia base pol\u00edtica em Solid\u00e3o com apoio de ex-prefeitos e lideran\u00e7as, consolidando vantagem no munic\u00edpio.\" \/>\n<meta name=\"robots\" content=\"index, follow, max-snippet:-1, max-image-preview:large, max-video-preview:-1\" \/>\n<link rel=\"canonical\" href=\"https:\/\/ellotv.com.br\/site\/2026\/06\/01\/fortes-liderancas-de-solidao-diomesio-neta-e-dalva-fecham-com-marconi-santana\/\" \/>\n<meta property=\"og:locale\" content=\"pt_BR\" \/>\n<meta property=\"og:type\" content=\"article\" \/>\n<meta property=\"og:title\" content=\"FORTES LIDERAN\u00c7AS DE SOLID\u00c3O: DIOM\u00c9SIO, NETA E DALVA FECHAM COM MARCONI SANTANA - Ello TV\" \/>\n<meta property=\"og:description\" content=\"Marconi Santana amplia base pol\u00edtica em Solid\u00e3o com apoio de ex-prefeitos e lideran\u00e7as, consolidando vantagem no munic\u00edpio.\" \/>\n<meta property=\"og:url\" content=\"https:\/\/ellotv.com.br\/site\/2026\/06\/01\/fortes-liderancas-de-solidao-diomesio-neta-e-dalva-fecham-com-marconi-santana\/\" \/>\n<meta property=\"og:site_name\" content=\"Ello TV\" \/>\n<meta property=\"article:published_time\" content=\"2026-06-01T12:01:07+00:00\" \/>\n<meta property=\"og:image\" content=\"https:\/\/ellotv.com.br\/site\/wp-content\/uploads\/2026\/06\/WhatsApp-Image-2026-05-29-at-18.08.20.jpeg\" \/>\n\t<meta property=\"og:image:width\" content=\"960\" \/>\n\t<meta property=\"og:image:height\" content=\"1280\" \/>\n\t<meta property=\"og:image:type\" content=\"image\/jpeg\" \/>\n<meta name=\"author\" content=\"ELLO TV\" \/>\n<meta name=\"twitter:card\" content=\"summary_large_image\" \/>\n<meta name=\"twitter:label1\" content=\"Escrito por\" \/>\n\t<meta name=\"twitter:data1\" content=\"ELLO TV\" \/>\n\t<meta name=\"twitter:label2\" content=\"Est. tempo de leitura\" \/>\n\t<meta name=\"twitter:data2\" content=\"1 minuto\" \/>\n<script type=\"application\/ld+json\" class=\"yoast-schema-graph\">{\"@context\":\"https:\\\/\\\/schema.org\",\"@graph\":[{\"@type\":\"Article\",\"@id\":\"https:\\\/\\\/ellotv.com.br\\\/site\\\/2026\\\/06\\\/01\\\/fortes-liderancas-de-solidao-diomesio-neta-e-dalva-fecham-com-marconi-santana\\\/#article\",\"isPartOf\":{\"@id\":\"https:\\\/\\\/ellotv.com.br\\\/site\\\/2026\\\/06\\\/01\\\/fortes-liderancas-de-solidao-diomesio-neta-e-dalva-fecham-com-marconi-santana\\\/\"},\"author\":{\"name\":\"ELLO TV\",\"@id\":\"https:\\\/\\\/ellotv.com.br\\\/site\\\/#\\\/schema\\\/person\\\/2dbe3abaee38dcc7332fc8205cd2b15d\"},\"headline\":\"FORTES LIDERAN\u00c7AS DE SOLID\u00c3O: DIOM\u00c9SIO, NETA E DALVA FECHAM COM MARCONI SANTANA\",\"datePublished\":\"2026-06-01T12:01:07+00:00\",\"mainEntityOfPage\":{\"@id\":\"https:\\\/\\\/ellotv.com.br\\\/site\\\/2026\\\/06\\\/01\\\/fortes-liderancas-de-solidao-diomesio-neta-e-dalva-fecham-com-marconi-santana\\\/\"},\"wordCount\":237,\"commentCount\":0,\"publisher\":{\"@id\":\"https:\\\/\\\/ellotv.com.br\\\/site\\\/#organization\"},\"image\":{\"@id\":\"https:\\\/\\\/ellotv.com.br\\\/site\\\/2026\\\/06\\\/01\\\/fortes-liderancas-de-solidao-diomesio-neta-e-dalva-fecham-com-marconi-santana\\\/#primaryimage\"},\"thumbnailUrl\":\"https:\\\/\\\/ellotv.com.br\\\/site\\\/wp-content\\\/uploads\\\/2026\\\/06\\\/WhatsApp-Image-2026-05-29-at-18.08.20.jpeg\",\"articleSection\":[\"Noticias\",\"Regional\"],\"inLanguage\":\"pt-BR\",\"potentialAction\":[{\"@type\":\"CommentAction\",\"name\":\"Comment\",\"target\":[\"https:\\\/\\\/ellotv.com.br\\\/site\\\/2026\\\/06\\\/01\\\/fortes-liderancas-de-solidao-diomesio-neta-e-dalva-fecham-com-marconi-santana\\\/#respond\"]}]},{\"@type\":\"WebPage\",\"@id\":\"https:\\\/\\\/ellotv.com.br\\\/site\\\/2026\\\/06\\\/01\\\/fortes-liderancas-de-solidao-diomesio-neta-e-dalva-fecham-com-marconi-santana\\\/\",\"url\":\"https:\\\/\\\/ellotv.com.br\\\/site\\\/2026\\\/06\\\/01\\\/fortes-liderancas-de-solidao-diomesio-neta-e-dalva-fecham-com-marconi-santana\\\/\",\"name\":\"FORTES LIDERAN\u00c7AS DE SOLID\u00c3O: DIOM\u00c9SIO, NETA E DALVA FECHAM COM MARCONI SANTANA - Ello TV\",\"isPartOf\":{\"@id\":\"https:\\\/\\\/ellotv.com.br\\\/site\\\/#website\"},\"primaryImageOfPage\":{\"@id\":\"https:\\\/\\\/ellotv.com.br\\\/site\\\/2026\\\/06\\\/01\\\/fortes-liderancas-de-solidao-diomesio-neta-e-dalva-fecham-com-marconi-santana\\\/#primaryimage\"},\"image\":{\"@id\":\"https:\\\/\\\/ellotv.com.br\\\/site\\\/2026\\\/06\\\/01\\\/fortes-liderancas-de-solidao-diomesio-neta-e-dalva-fecham-com-marconi-santana\\\/#primaryimage\"},\"thumbnailUrl\":\"https:\\\/\\\/ellotv.com.br\\\/site\\\/wp-content\\\/uploads\\\/2026\\\/06\\\/WhatsApp-Image-2026-05-29-at-18.08.20.jpeg\",\"datePublished\":\"2026-06-01T12:01:07+00:00\",\"description\":\"Marconi Santana amplia base pol\u00edtica em Solid\u00e3o com apoio de ex-prefeitos e lideran\u00e7as, consolidando vantagem no munic\u00edpio.\",\"breadcrumb\":{\"@id\":\"https:\\\/\\\/ellotv.com.br\\\/site\\\/2026\\\/06\\\/01\\\/fortes-liderancas-de-solidao-diomesio-neta-e-dalva-fecham-com-marconi-santana\\\/#breadcrumb\"},\"inLanguage\":\"pt-BR\",\"potentialAction\":[{\"@type\":\"ReadAction\",\"target\":[\"https:\\\/\\\/ellotv.com.br\\\/site\\\/2026\\\/06\\\/01\\\/fortes-liderancas-de-solidao-diomesio-neta-e-dalva-fecham-com-marconi-santana\\\/\"]}]},{\"@type\":\"ImageObject\",\"inLanguage\":\"pt-BR\",\"@id\":\"https:\\\/\\\/ellotv.com.br\\\/site\\\/2026\\\/06\\\/01\\\/fortes-liderancas-de-solidao-diomesio-neta-e-dalva-fecham-com-marconi-santana\\\/#primaryimage\",\"url\":\"https:\\\/\\\/ellotv.com.br\\\/site\\\/wp-content\\\/uploads\\\/2026\\\/06\\\/WhatsApp-Image-2026-05-29-at-18.08.20.jpeg\",\"contentUrl\":\"https:\\\/\\\/ellotv.com.br\\\/site\\\/wp-content\\\/uploads\\\/2026\\\/06\\\/WhatsApp-Image-2026-05-29-at-18.08.20.jpeg\",\"width\":960,\"height\":1280},{\"@type\":\"BreadcrumbList\",\"@id\":\"https:\\\/\\\/ellotv.com.br\\\/site\\\/2026\\\/06\\\/01\\\/fortes-liderancas-de-solidao-diomesio-neta-e-dalva-fecham-com-marconi-santana\\\/#breadcrumb\",\"itemListElement\":[{\"@type\":\"ListItem\",\"position\":1,\"name\":\"In\u00edcio\",\"item\":\"https:\\\/\\\/ellotv.com.br\\\/site\\\/\"},{\"@type\":\"ListItem\",\"position\":2,\"name\":\"FORTES LIDERAN\u00c7AS DE SOLID\u00c3O: DIOM\u00c9SIO, NETA E DALVA FECHAM COM MARCONI SANTANA\"}]},{\"@type\":\"WebSite\",\"@id\":\"https:\\\/\\\/ellotv.com.br\\\/site\\\/#website\",\"url\":\"https:\\\/\\\/ellotv.com.br\\\/site\\\/\",\"name\":\"ELLO TV\",\"description\":\"\",\"publisher\":{\"@id\":\"https:\\\/\\\/ellotv.com.br\\\/site\\\/#organization\"},\"potentialAction\":[{\"@type\":\"SearchAction\",\"target\":{\"@type\":\"EntryPoint\",\"urlTemplate\":\"https:\\\/\\\/ellotv.com.br\\\/site\\\/?s={search_term_string}\"},\"query-input\":{\"@type\":\"PropertyValueSpecification\",\"valueRequired\":true,\"valueName\":\"search_term_string\"}}],\"inLanguage\":\"pt-BR\"},{\"@type\":\"Organization\",\"@id\":\"https:\\\/\\\/ellotv.com.br\\\/site\\\/#organization\",\"name\":\"ELLO TV\",\"url\":\"https:\\\/\\\/ellotv.com.br\\\/site\\\/\",\"logo\":{\"@type\":\"ImageObject\",\"inLanguage\":\"pt-BR\",\"@id\":\"https:\\\/\\\/ellotv.com.br\\\/site\\\/#\\\/schema\\\/logo\\\/image\\\/\",\"url\":\"https:\\\/\\\/ellotv.com.br\\\/site\\\/wp-content\\\/uploads\\\/2025\\\/11\\\/ello-logo-2.fw_.png\",\"contentUrl\":\"https:\\\/\\\/ellotv.com.br\\\/site\\\/wp-content\\\/uploads\\\/2025\\\/11\\\/ello-logo-2.fw_.png\",\"width\":400,\"height\":146,\"caption\":\"ELLO TV\"},\"image\":{\"@id\":\"https:\\\/\\\/ellotv.com.br\\\/site\\\/#\\\/schema\\\/logo\\\/image\\\/\"}},{\"@type\":\"Person\",\"@id\":\"https:\\\/\\\/ellotv.com.br\\\/site\\\/#\\\/schema\\\/person\\\/2dbe3abaee38dcc7332fc8205cd2b15d\",\"name\":\"ELLO TV\",\"image\":{\"@type\":\"ImageObject\",\"inLanguage\":\"pt-BR\",\"@id\":\"https:\\\/\\\/secure.gravatar.com\\\/avatar\\\/c38242b9da8ec217ac3f0aaee31a54f7d7befb11b2b47fdbc8fb0fad60afa1c6?s=96&d=mm&r=g\",\"url\":\"https:\\\/\\\/secure.gravatar.com\\\/avatar\\\/c38242b9da8ec217ac3f0aaee31a54f7d7befb11b2b47fdbc8fb0fad60afa1c6?s=96&d=mm&r=g\",\"contentUrl\":\"https:\\\/\\\/secure.gravatar.com\\\/avatar\\\/c38242b9da8ec217ac3f0aaee31a54f7d7befb11b2b47fdbc8fb0fad60afa1c6?s=96&d=mm&r=g\",\"caption\":\"ELLO TV\"},\"url\":\"https:\\\/\\\/ellotv.com.br\\\/site\\\/author\\\/elloagencia\\\/\"}]}<\/script>\n<!-- \/ Yoast SEO plugin. -->","yoast_head_json":{"title":"FORTES LIDERAN\u00c7AS DE SOLID\u00c3O: DIOM\u00c9SIO, NETA E DALVA FECHAM COM MARCONI SANTANA - Ello TV","description":"Marconi Santana amplia base pol\u00edtica em Solid\u00e3o com apoio de ex-prefeitos e lideran\u00e7as, consolidando vantagem no munic\u00edpio.","robots":{"index":"index","follow":"follow","max-snippet":"max-snippet:-1","max-image-preview":"max-image-preview:large","max-video-preview":"max-video-preview:-1"},"canonical":"https:\/\/ellotv.com.br\/site\/2026\/06\/01\/fortes-liderancas-de-solidao-diomesio-neta-e-dalva-fecham-com-marconi-santana\/","og_locale":"pt_BR","og_type":"article","og_title":"FORTES LIDERAN\u00c7AS DE SOLID\u00c3O: DIOM\u00c9SIO, NETA E DALVA FECHAM COM MARCONI SANTANA - Ello TV","og_description":"Marconi Santana amplia base pol\u00edtica em Solid\u00e3o com apoio de ex-prefeitos e lideran\u00e7as, consolidando vantagem no munic\u00edpio.","og_url":"https:\/\/ellotv.com.br\/site\/2026\/06\/01\/fortes-liderancas-de-solidao-diomesio-neta-e-dalva-fecham-com-marconi-santana\/","og_site_name":"Ello TV","article_published_time":"2026-06-01T12:01:07+00:00","og_image":[{"width":960,"height":1280,"url":"https:\/\/ellotv.com.br\/site\/wp-content\/uploads\/2026\/06\/WhatsApp-Image-2026-05-29-at-18.08.20.jpeg","type":"image\/jpeg"}],"author":"ELLO TV","twitter_card":"summary_large_image","twitter_misc":{"Escrito por":"ELLO TV","Est. tempo de leitura":"1 minuto"},"schema":{"@context":"https:\/\/schema.org","@graph":[{"@type":"Article","@id":"https:\/\/ellotv.com.br\/site\/2026\/06\/01\/fortes-liderancas-de-solidao-diomesio-neta-e-dalva-fecham-com-marconi-santana\/#article","isPartOf":{"@id":"https:\/\/ellotv.com.br\/site\/2026\/06\/01\/fortes-liderancas-de-solidao-diomesio-neta-e-dalva-fecham-com-marconi-santana\/"},"author":{"name":"ELLO TV","@id":"https:\/\/ellotv.com.br\/site\/#\/schema\/person\/2dbe3abaee38dcc7332fc8205cd2b15d"},"headline":"FORTES LIDERAN\u00c7AS DE SOLID\u00c3O: DIOM\u00c9SIO, NETA E DALVA FECHAM COM MARCONI SANTANA","datePublished":"2026-06-01T12:01:07+00:00","mainEntityOfPage":{"@id":"https:\/\/ellotv.com.br\/site\/2026\/06\/01\/fortes-liderancas-de-solidao-diomesio-neta-e-dalva-fecham-com-marconi-santana\/"},"wordCount":237,"commentCount":0,"publisher":{"@id":"https:\/\/ellotv.com.br\/site\/#organization"},"image":{"@id":"https:\/\/ellotv.com.br\/site\/2026\/06\/01\/fortes-liderancas-de-solidao-diomesio-neta-e-dalva-fecham-com-marconi-santana\/#primaryimage"},"thumbnailUrl":"https:\/\/ellotv.com.br\/site\/wp-content\/uploads\/2026\/06\/WhatsApp-Image-2026-05-29-at-18.08.20.jpeg","articleSection":["Noticias","Regional"],"inLanguage":"pt-BR","potentialAction":[{"@type":"CommentAction","name":"Comment","target":["https:\/\/ellotv.com.br\/site\/2026\/06\/01\/fortes-liderancas-de-solidao-diomesio-neta-e-dalva-fecham-com-marconi-santana\/#respond"]}]},{"@type":"WebPage","@id":"https:\/\/ellotv.com.br\/site\/2026\/06\/01\/fortes-liderancas-de-solidao-diomesio-neta-e-dalva-fecham-com-marconi-santana\/","url":"https:\/\/ellotv.com.br\/site\/2026\/06\/01\/fortes-liderancas-de-solidao-diomesio-neta-e-dalva-fecham-com-marconi-santana\/","name":"FORTES LIDERAN\u00c7AS DE SOLID\u00c3O: DIOM\u00c9SIO, NETA E DALVA FECHAM COM MARCONI SANTANA - Ello TV","isPartOf":{"@id":"https:\/\/ellotv.com.br\/site\/#website"},"primaryImageOfPage":{"@id":"https:\/\/ellotv.com.br\/site\/2026\/06\/01\/fortes-liderancas-de-solidao-diomesio-neta-e-dalva-fecham-com-marconi-santana\/#primaryimage"},"image":{"@id":"https:\/\/ellotv.com.br\/site\/2026\/06\/01\/fortes-liderancas-de-solidao-diomesio-neta-e-dalva-fecham-com-marconi-santana\/#primaryimage"},"thumbnailUrl":"https:\/\/ellotv.com.br\/site\/wp-content\/uploads\/2026\/06\/WhatsApp-Image-2026-05-29-at-18.08.20.jpeg","datePublished":"2026-06-01T12:01:07+00:00","description":"Marconi Santana amplia base pol\u00edtica em Solid\u00e3o com apoio de ex-prefeitos e lideran\u00e7as, consolidando vantagem no munic\u00edpio.","breadcrumb":{"@id":"https:\/\/ellotv.com.br\/site\/2026\/06\/01\/fortes-liderancas-de-solidao-diomesio-neta-e-dalva-fecham-com-marconi-santana\/#breadcrumb"},"inLanguage":"pt-BR","potentialAction":[{"@type":"ReadAction","target":["https:\/\/ellotv.com.br\/site\/2026\/06\/01\/fortes-liderancas-de-solidao-diomesio-neta-e-dalva-fecham-com-marconi-santana\/"]}]},{"@type":"ImageObject","inLanguage":"pt-BR","@id":"https:\/\/ellotv.com.br\/site\/2026\/06\/01\/fortes-liderancas-de-solidao-diomesio-neta-e-dalva-fecham-com-marconi-santana\/#primaryimage","url":"https:\/\/ellotv.com.br\/site\/wp-content\/uploads\/2026\/06\/WhatsApp-Image-2026-05-29-at-18.08.20.jpeg","contentUrl":"https:\/\/ellotv.com.br\/site\/wp-content\/uploads\/2026\/06\/WhatsApp-Image-2026-05-29-at-18.08.20.jpeg","width":960,"height":1280},{"@type":"BreadcrumbList","@id":"https:\/\/ellotv.com.br\/site\/2026\/06\/01\/fortes-liderancas-de-solidao-diomesio-neta-e-dalva-fecham-com-marconi-santana\/#breadcrumb","itemListElement":[{"@type":"ListItem","position":1,"name":"In\u00edcio","item":"https:\/\/ellotv.com.br\/site\/"},{"@type":"ListItem","position":2,"name":"FORTES LIDERAN\u00c7AS DE SOLID\u00c3O: DIOM\u00c9SIO, NETA E DALVA FECHAM COM MARCONI SANTANA"}]},{"@type":"WebSite","@id":"https:\/\/ellotv.com.br\/site\/#website","url":"https:\/\/ellotv.com.br\/site\/","name":"ELLO TV","description":"","publisher":{"@id":"https:\/\/ellotv.com.br\/site\/#organization"},"potentialAction":[{"@type":"SearchAction","target":{"@type":"EntryPoint","urlTemplate":"https:\/\/ellotv.com.br\/site\/?s={search_term_string}"},"query-input":{"@type":"PropertyValueSpecification","valueRequired":true,"valueName":"search_term_string"}}],"inLanguage":"pt-BR"},{"@type":"Organization","@id":"https:\/\/ellotv.com.br\/site\/#organization","name":"ELLO TV","url":"https:\/\/ellotv.com.br\/site\/","logo":{"@type":"ImageObject","inLanguage":"pt-BR","@id":"https:\/\/ellotv.com.br\/site\/#\/schema\/logo\/image\/","url":"https:\/\/ellotv.com.br\/site\/wp-content\/uploads\/2025\/11\/ello-logo-2.fw_.png","contentUrl":"https:\/\/ellotv.com.br\/site\/wp-content\/uploads\/2025\/11\/ello-logo-2.fw_.png","width":400,"height":146,"caption":"ELLO TV"},"image":{"@id":"https:\/\/ellotv.com.br\/site\/#\/schema\/logo\/image\/"}},{"@type":"Person","@id":"https:\/\/ellotv.com.br\/site\/#\/schema\/person\/2dbe3abaee38dcc7332fc8205cd2b15d","name":"ELLO TV","image":{"@type":"ImageObject","inLanguage":"pt-BR","@id":"https:\/\/secure.gravatar.com\/avatar\/c38242b9da8ec217ac3f0aaee31a54f7d7befb11b2b47fdbc8fb0fad60afa1c6?s=96&d=mm&r=g","url":"https:\/\/secure.gravatar.com\/avatar\/c38242b9da8ec217ac3f0aaee31a54f7d7befb11b2b47fdbc8fb0fad60afa1c6?s=96&d=mm&r=g","contentUrl":"https:\/\/secure.gravatar.com\/avatar\/c38242b9da8ec217ac3f0aaee31a54f7d7befb11b2b47fdbc8fb0fad60afa1c6?s=96&d=mm&r=g","caption":"ELLO TV"},"url":"https:\/\/ellotv.com.br\/site\/author\/elloagencia\/"}]}},"featured_image_urls":{"full":["https:\/\/ellotv.com.br\/site\/wp-content\/uploads\/2026\/06\/WhatsApp-Image-2026-05-29-at-18.08.20.jpeg",960,1280,false],"thumbnail":["https:\/\/ellotv.com.br\/site\/wp-content\/uploads\/2026\/06\/WhatsApp-Image-2026-05-29-at-18.08.20-150x150.jpeg",150,150,true],"medium":["https:\/\/ellotv.com.br\/site\/wp-content\/uploads\/2026\/06\/WhatsApp-Image-2026-05-29-at-18.08.20-225x300.jpeg",225,300,true],"medium_large":["https:\/\/ellotv.com.br\/site\/wp-content\/uploads\/2026\/06\/WhatsApp-Image-2026-05-29-at-18.08.20-768x1024.jpeg",640,853,true],"large":["https:\/\/ellotv.com.br\/site\/wp-content\/uploads\/2026\/06\/WhatsApp-Image-2026-05-29-at-18.08.20-768x1024.jpeg",640,853,true],"1536x1536":["https:\/\/ellotv.com.br\/site\/wp-content\/uploads\/2026\/06\/WhatsApp-Image-2026-05-29-at-18.08.20.jpeg",960,1280,false],"2048x2048":["https:\/\/ellotv.com.br\/site\/wp-content\/uploads\/2026\/06\/WhatsApp-Image-2026-05-29-at-18.08.20.jpeg",960,1280,false],"darknews-slider-full":["https:\/\/ellotv.com.br\/site\/wp-content\/uploads\/2026\/06\/WhatsApp-Image-2026-05-29-at-18.08.20-960x720.jpeg",960,720,true],"darknews-featured":["https:\/\/ellotv.com.br\/site\/wp-content\/uploads\/2026\/06\/WhatsApp-Image-2026-05-29-at-18.08.20.jpeg",960,1280,false],"darknews-medium":["https:\/\/ellotv.com.br\/site\/wp-content\/uploads\/2026\/06\/WhatsApp-Image-2026-05-29-at-18.08.20-720x530.jpeg",720,530,true],"darknews-medium-square":["https:\/\/ellotv.com.br\/site\/wp-content\/uploads\/2026\/06\/WhatsApp-Image-2026-05-29-at-18.08.20-350x350.jpeg",350,350,true]},"author_info":{"info":["ELLO TV"]},"category_info":"<a href=\"https:\/\/ellotv.com.br\/site\/category\/noticias\/\" rel=\"category tag\">Noticias<\/a> <a href=\"https:\/\/ellotv.com.br\/site\/category\/regional\/\" rel=\"category tag\">Regional<\/a>","tag_info":"Regional","comment_count":"0","_links":{"self":[{"href":"https:\/\/ellotv.com.br\/site\/wp-json\/wp\/v2\/posts\/6258","targetHints":{"allow":["GET"]}}],"collection":[{"href":"https:\/\/ellotv.com.br\/site\/wp-json\/wp\/v2\/posts"}],"about":[{"href":"https:\/\/ellotv.com.br\/site\/wp-json\/wp\/v2\/types\/post"}],"author":[{"embeddable":true,"href":"https:\/\/ellotv.com.br\/site\/wp-json\/wp\/v2\/users\/2"}],"replies":[{"embeddable":true,"href":"https:\/\/ellotv.com.br\/site\/wp-json\/wp\/v2\/comments?post=6258"}],"version-history":[{"count":2,"href":"https:\/\/ellotv.com.br\/site\/wp-json\/wp\/v2\/posts\/6258\/revisions"}],"predecessor-version":[{"id":6261,"href":"https:\/\/ellotv.com.br\/site\/wp-json\/wp\/v2\/posts\/6258\/revisions\/6261"}],"wp:featuredmedia":[{"embeddable":true,"href":"https:\/\/ellotv.com.br\/site\/wp-json\/wp\/v2\/media\/6260"}],"wp:attachment":[{"href":"https:\/\/ellotv.com.br\/site\/wp-json\/wp\/v2\/media?parent=6258"}],"wp:term":[{"taxonomy":"category","embeddable":true,"href":"https:\/\/ellotv.com.br\/site\/wp-json\/wp\/v2\/categories?post=6258"},{"taxonomy":"post_tag","embeddable":true,"href":"https:\/\/ellotv.com.br\/site\/wp-json\/wp\/v2\/tags?post=6258"}],"curies":[{"name":"wp","href":"https:\/\/api.w.org\/{rel}","templated":true}]}}