{"id":6262,"date":"2026-06-01T09:14:37","date_gmt":"2026-06-01T12:14:37","guid":{"rendered":"https:\/\/ellotv.com.br\/site\/?p=6262"},"modified":"2026-06-01T09:14:37","modified_gmt":"2026-06-01T12:14:37","slug":"tulio-gadelha-comemora-resultado-de-pesquisa-ao-lado-de-raquel-lyra-em-triunfo","status":"publish","type":"post","link":"https:\/\/ellotv.com.br\/site\/2026\/06\/01\/tulio-gadelha-comemora-resultado-de-pesquisa-ao-lado-de-raquel-lyra-em-triunfo\/","title":{"rendered":"T\u00falio Gadelha comemora resultado de pesquisa ao lado de Raquel Lyra em Triunfo"},"content":{"rendered":"<h3>T\u00falio Gadelha destaca pesquisa eleitoral durante congresso da UVP em Triunfo<\/h3>\n<p>O deputado federal T\u00falio Gadelha comentou os n\u00fameros da mais recente pesquisa eleitoral durante o Congresso da UVP, realizado em Triunfo, ao lado da governadora Raquel Lyra.<\/p>\n<p><strong>Inten\u00e7\u00f5es de voto<\/strong><\/p>\n<p>De acordo com o levantamento mais recente no cen\u00e1rio estimulado:<\/p>\n<p>Raquel Lyra aparece com 48%<br \/>\nJo\u00e3o Campos soma 43%<\/p>\n<p><strong>Cen\u00e1rio equilibrado<\/strong><\/p>\n<p>Os n\u00fameros indicam um cen\u00e1rio competitivo na disputa estadual, com diferen\u00e7a dentro de uma margem que mant\u00e9m o ambiente pol\u00edtico em constante movimenta\u00e7\u00e3o.<\/p>\n<p><strong>Repercuss\u00e3o no evento<\/strong><\/p>\n<p>O resultado foi comentado por lideran\u00e7as presentes no congresso, que reuniu vereadores, prefeitos e representantes de diversas regi\u00f5es de Pernambuco.<\/p>\n<p><strong>Avalia\u00e7\u00e3o pol\u00edtica<\/strong><\/p>\n<p>Durante a cobertura da ELLO TV, T\u00falio Gadelha destacou o desempenho da governadora e ressaltou a import\u00e2ncia do trabalho realizado pela gest\u00e3o estadual.<\/p>\n<p><strong>Clima de confian\u00e7a<\/strong><\/p>\n<p>O parlamentar demonstrou confian\u00e7a no fortalecimento do grupo pol\u00edtico, avaliando positivamente o cen\u00e1rio apresentado pela pesquisa recente.<\/p>\n","protected":false},"excerpt":{"rendered":"<p>T\u00falio Gadelha destaca pesquisa eleitoral durante congresso da UVP em Triunfo O deputado federal T\u00falio Gadelha comentou os<\/p>\n","protected":false},"author":2,"featured_media":6263,"comment_status":"open","ping_status":"open","sticky":false,"template":"","format":"standard","meta":{"footnotes":""},"categories":[12,9],"tags":[],"class_list":["post-6262","post","type-post","status-publish","format-standard","has-post-thumbnail","hentry","category-noticias","category-regional"],"yoast_head":"<!-- This site is optimized with the Yoast SEO plugin v28.3 - https:\/\/yoast.com\/product\/yoast-seo-wordpress\/ -->\n<title>T\u00falio Gadelha comemora resultado de pesquisa ao lado de Raquel Lyra em Triunfo - Ello TV<\/title>\n<meta name=\"description\" content=\"T\u00falio Gadelha comenta pesquisa eleitoral durante congresso da UVP em Triunfo e destaca desempenho de Raquel Lyra no levantamento.\" \/>\n<meta name=\"robots\" content=\"index, follow, max-snippet:-1, max-image-preview:large, max-video-preview:-1\" \/>\n<link rel=\"canonical\" href=\"https:\/\/ellotv.com.br\/site\/2026\/06\/01\/tulio-gadelha-comemora-resultado-de-pesquisa-ao-lado-de-raquel-lyra-em-triunfo\/\" \/>\n<meta property=\"og:locale\" content=\"pt_BR\" \/>\n<meta property=\"og:type\" content=\"article\" \/>\n<meta property=\"og:title\" content=\"T\u00falio Gadelha comemora resultado de pesquisa ao lado de Raquel Lyra em Triunfo - Ello TV\" \/>\n<meta property=\"og:description\" content=\"T\u00falio Gadelha comenta pesquisa eleitoral durante congresso da UVP em Triunfo e destaca desempenho de Raquel Lyra no levantamento.\" \/>\n<meta property=\"og:url\" content=\"https:\/\/ellotv.com.br\/site\/2026\/06\/01\/tulio-gadelha-comemora-resultado-de-pesquisa-ao-lado-de-raquel-lyra-em-triunfo\/\" \/>\n<meta property=\"og:site_name\" content=\"Ello TV\" \/>\n<meta property=\"article:published_time\" content=\"2026-06-01T12:14:37+00:00\" \/>\n<meta property=\"og:image\" content=\"https:\/\/ellotv.com.br\/site\/wp-content\/uploads\/2026\/06\/WhatsApp-Image-2026-05-29-at-19.27.44.jpeg\" \/>\n\t<meta property=\"og:image:width\" content=\"592\" \/>\n\t<meta property=\"og:image:height\" content=\"1280\" \/>\n\t<meta property=\"og:image:type\" content=\"image\/jpeg\" \/>\n<meta name=\"author\" content=\"ELLO TV\" \/>\n<meta name=\"twitter:card\" content=\"summary_large_image\" \/>\n<meta name=\"twitter:label1\" content=\"Escrito por\" \/>\n\t<meta name=\"twitter:data1\" content=\"ELLO TV\" \/>\n\t<meta name=\"twitter:label2\" content=\"Est. tempo de leitura\" \/>\n\t<meta name=\"twitter:data2\" content=\"1 minuto\" \/>\n<script type=\"application\/ld+json\" class=\"yoast-schema-graph\">{\"@context\":\"https:\\\/\\\/schema.org\",\"@graph\":[{\"@type\":\"Article\",\"@id\":\"https:\\\/\\\/ellotv.com.br\\\/site\\\/2026\\\/06\\\/01\\\/tulio-gadelha-comemora-resultado-de-pesquisa-ao-lado-de-raquel-lyra-em-triunfo\\\/#article\",\"isPartOf\":{\"@id\":\"https:\\\/\\\/ellotv.com.br\\\/site\\\/2026\\\/06\\\/01\\\/tulio-gadelha-comemora-resultado-de-pesquisa-ao-lado-de-raquel-lyra-em-triunfo\\\/\"},\"author\":{\"name\":\"ELLO TV\",\"@id\":\"https:\\\/\\\/ellotv.com.br\\\/site\\\/#\\\/schema\\\/person\\\/2dbe3abaee38dcc7332fc8205cd2b15d\"},\"headline\":\"T\u00falio Gadelha comemora resultado de pesquisa ao lado de Raquel Lyra em Triunfo\",\"datePublished\":\"2026-06-01T12:14:37+00:00\",\"mainEntityOfPage\":{\"@id\":\"https:\\\/\\\/ellotv.com.br\\\/site\\\/2026\\\/06\\\/01\\\/tulio-gadelha-comemora-resultado-de-pesquisa-ao-lado-de-raquel-lyra-em-triunfo\\\/\"},\"wordCount\":190,\"commentCount\":0,\"publisher\":{\"@id\":\"https:\\\/\\\/ellotv.com.br\\\/site\\\/#organization\"},\"image\":{\"@id\":\"https:\\\/\\\/ellotv.com.br\\\/site\\\/2026\\\/06\\\/01\\\/tulio-gadelha-comemora-resultado-de-pesquisa-ao-lado-de-raquel-lyra-em-triunfo\\\/#primaryimage\"},\"thumbnailUrl\":\"https:\\\/\\\/ellotv.com.br\\\/site\\\/wp-content\\\/uploads\\\/2026\\\/06\\\/WhatsApp-Image-2026-05-29-at-19.27.44.jpeg\",\"articleSection\":[\"Noticias\",\"Regional\"],\"inLanguage\":\"pt-BR\",\"potentialAction\":[{\"@type\":\"CommentAction\",\"name\":\"Comment\",\"target\":[\"https:\\\/\\\/ellotv.com.br\\\/site\\\/2026\\\/06\\\/01\\\/tulio-gadelha-comemora-resultado-de-pesquisa-ao-lado-de-raquel-lyra-em-triunfo\\\/#respond\"]}]},{\"@type\":\"WebPage\",\"@id\":\"https:\\\/\\\/ellotv.com.br\\\/site\\\/2026\\\/06\\\/01\\\/tulio-gadelha-comemora-resultado-de-pesquisa-ao-lado-de-raquel-lyra-em-triunfo\\\/\",\"url\":\"https:\\\/\\\/ellotv.com.br\\\/site\\\/2026\\\/06\\\/01\\\/tulio-gadelha-comemora-resultado-de-pesquisa-ao-lado-de-raquel-lyra-em-triunfo\\\/\",\"name\":\"T\u00falio Gadelha comemora resultado de pesquisa ao lado de Raquel Lyra em Triunfo - Ello TV\",\"isPartOf\":{\"@id\":\"https:\\\/\\\/ellotv.com.br\\\/site\\\/#website\"},\"primaryImageOfPage\":{\"@id\":\"https:\\\/\\\/ellotv.com.br\\\/site\\\/2026\\\/06\\\/01\\\/tulio-gadelha-comemora-resultado-de-pesquisa-ao-lado-de-raquel-lyra-em-triunfo\\\/#primaryimage\"},\"image\":{\"@id\":\"https:\\\/\\\/ellotv.com.br\\\/site\\\/2026\\\/06\\\/01\\\/tulio-gadelha-comemora-resultado-de-pesquisa-ao-lado-de-raquel-lyra-em-triunfo\\\/#primaryimage\"},\"thumbnailUrl\":\"https:\\\/\\\/ellotv.com.br\\\/site\\\/wp-content\\\/uploads\\\/2026\\\/06\\\/WhatsApp-Image-2026-05-29-at-19.27.44.jpeg\",\"datePublished\":\"2026-06-01T12:14:37+00:00\",\"description\":\"T\u00falio Gadelha comenta pesquisa eleitoral durante congresso da UVP em Triunfo e destaca desempenho de Raquel Lyra no levantamento.\",\"breadcrumb\":{\"@id\":\"https:\\\/\\\/ellotv.com.br\\\/site\\\/2026\\\/06\\\/01\\\/tulio-gadelha-comemora-resultado-de-pesquisa-ao-lado-de-raquel-lyra-em-triunfo\\\/#breadcrumb\"},\"inLanguage\":\"pt-BR\",\"potentialAction\":[{\"@type\":\"ReadAction\",\"target\":[\"https:\\\/\\\/ellotv.com.br\\\/site\\\/2026\\\/06\\\/01\\\/tulio-gadelha-comemora-resultado-de-pesquisa-ao-lado-de-raquel-lyra-em-triunfo\\\/\"]}]},{\"@type\":\"ImageObject\",\"inLanguage\":\"pt-BR\",\"@id\":\"https:\\\/\\\/ellotv.com.br\\\/site\\\/2026\\\/06\\\/01\\\/tulio-gadelha-comemora-resultado-de-pesquisa-ao-lado-de-raquel-lyra-em-triunfo\\\/#primaryimage\",\"url\":\"https:\\\/\\\/ellotv.com.br\\\/site\\\/wp-content\\\/uploads\\\/2026\\\/06\\\/WhatsApp-Image-2026-05-29-at-19.27.44.jpeg\",\"contentUrl\":\"https:\\\/\\\/ellotv.com.br\\\/site\\\/wp-content\\\/uploads\\\/2026\\\/06\\\/WhatsApp-Image-2026-05-29-at-19.27.44.jpeg\",\"width\":592,\"height\":1280},{\"@type\":\"BreadcrumbList\",\"@id\":\"https:\\\/\\\/ellotv.com.br\\\/site\\\/2026\\\/06\\\/01\\\/tulio-gadelha-comemora-resultado-de-pesquisa-ao-lado-de-raquel-lyra-em-triunfo\\\/#breadcrumb\",\"itemListElement\":[{\"@type\":\"ListItem\",\"position\":1,\"name\":\"In\u00edcio\",\"item\":\"https:\\\/\\\/ellotv.com.br\\\/site\\\/\"},{\"@type\":\"ListItem\",\"position\":2,\"name\":\"T\u00falio Gadelha comemora resultado de pesquisa ao lado de Raquel Lyra em Triunfo\"}]},{\"@type\":\"WebSite\",\"@id\":\"https:\\\/\\\/ellotv.com.br\\\/site\\\/#website\",\"url\":\"https:\\\/\\\/ellotv.com.br\\\/site\\\/\",\"name\":\"ELLO TV\",\"description\":\"\",\"publisher\":{\"@id\":\"https:\\\/\\\/ellotv.com.br\\\/site\\\/#organization\"},\"potentialAction\":[{\"@type\":\"SearchAction\",\"target\":{\"@type\":\"EntryPoint\",\"urlTemplate\":\"https:\\\/\\\/ellotv.com.br\\\/site\\\/?s={search_term_string}\"},\"query-input\":{\"@type\":\"PropertyValueSpecification\",\"valueRequired\":true,\"valueName\":\"search_term_string\"}}],\"inLanguage\":\"pt-BR\"},{\"@type\":\"Organization\",\"@id\":\"https:\\\/\\\/ellotv.com.br\\\/site\\\/#organization\",\"name\":\"ELLO TV\",\"url\":\"https:\\\/\\\/ellotv.com.br\\\/site\\\/\",\"logo\":{\"@type\":\"ImageObject\",\"inLanguage\":\"pt-BR\",\"@id\":\"https:\\\/\\\/ellotv.com.br\\\/site\\\/#\\\/schema\\\/logo\\\/image\\\/\",\"url\":\"https:\\\/\\\/ellotv.com.br\\\/site\\\/wp-content\\\/uploads\\\/2025\\\/11\\\/ello-logo-2.fw_.png\",\"contentUrl\":\"https:\\\/\\\/ellotv.com.br\\\/site\\\/wp-content\\\/uploads\\\/2025\\\/11\\\/ello-logo-2.fw_.png\",\"width\":400,\"height\":146,\"caption\":\"ELLO TV\"},\"image\":{\"@id\":\"https:\\\/\\\/ellotv.com.br\\\/site\\\/#\\\/schema\\\/logo\\\/image\\\/\"}},{\"@type\":\"Person\",\"@id\":\"https:\\\/\\\/ellotv.com.br\\\/site\\\/#\\\/schema\\\/person\\\/2dbe3abaee38dcc7332fc8205cd2b15d\",\"name\":\"ELLO TV\",\"image\":{\"@type\":\"ImageObject\",\"inLanguage\":\"pt-BR\",\"@id\":\"https:\\\/\\\/secure.gravatar.com\\\/avatar\\\/c38242b9da8ec217ac3f0aaee31a54f7d7befb11b2b47fdbc8fb0fad60afa1c6?s=96&d=mm&r=g\",\"url\":\"https:\\\/\\\/secure.gravatar.com\\\/avatar\\\/c38242b9da8ec217ac3f0aaee31a54f7d7befb11b2b47fdbc8fb0fad60afa1c6?s=96&d=mm&r=g\",\"contentUrl\":\"https:\\\/\\\/secure.gravatar.com\\\/avatar\\\/c38242b9da8ec217ac3f0aaee31a54f7d7befb11b2b47fdbc8fb0fad60afa1c6?s=96&d=mm&r=g\",\"caption\":\"ELLO TV\"},\"url\":\"https:\\\/\\\/ellotv.com.br\\\/site\\\/author\\\/elloagencia\\\/\"}]}<\/script>\n<!-- \/ Yoast SEO plugin. -->","yoast_head_json":{"title":"T\u00falio Gadelha comemora resultado de pesquisa ao lado de Raquel Lyra em Triunfo - Ello TV","description":"T\u00falio Gadelha comenta pesquisa eleitoral durante congresso da UVP em Triunfo e destaca desempenho de Raquel Lyra no levantamento.","robots":{"index":"index","follow":"follow","max-snippet":"max-snippet:-1","max-image-preview":"max-image-preview:large","max-video-preview":"max-video-preview:-1"},"canonical":"https:\/\/ellotv.com.br\/site\/2026\/06\/01\/tulio-gadelha-comemora-resultado-de-pesquisa-ao-lado-de-raquel-lyra-em-triunfo\/","og_locale":"pt_BR","og_type":"article","og_title":"T\u00falio Gadelha comemora resultado de pesquisa ao lado de Raquel Lyra em Triunfo - Ello TV","og_description":"T\u00falio Gadelha comenta pesquisa eleitoral durante congresso da UVP em Triunfo e destaca desempenho de Raquel Lyra no levantamento.","og_url":"https:\/\/ellotv.com.br\/site\/2026\/06\/01\/tulio-gadelha-comemora-resultado-de-pesquisa-ao-lado-de-raquel-lyra-em-triunfo\/","og_site_name":"Ello TV","article_published_time":"2026-06-01T12:14:37+00:00","og_image":[{"width":592,"height":1280,"url":"https:\/\/ellotv.com.br\/site\/wp-content\/uploads\/2026\/06\/WhatsApp-Image-2026-05-29-at-19.27.44.jpeg","type":"image\/jpeg"}],"author":"ELLO TV","twitter_card":"summary_large_image","twitter_misc":{"Escrito por":"ELLO TV","Est. tempo de leitura":"1 minuto"},"schema":{"@context":"https:\/\/schema.org","@graph":[{"@type":"Article","@id":"https:\/\/ellotv.com.br\/site\/2026\/06\/01\/tulio-gadelha-comemora-resultado-de-pesquisa-ao-lado-de-raquel-lyra-em-triunfo\/#article","isPartOf":{"@id":"https:\/\/ellotv.com.br\/site\/2026\/06\/01\/tulio-gadelha-comemora-resultado-de-pesquisa-ao-lado-de-raquel-lyra-em-triunfo\/"},"author":{"name":"ELLO TV","@id":"https:\/\/ellotv.com.br\/site\/#\/schema\/person\/2dbe3abaee38dcc7332fc8205cd2b15d"},"headline":"T\u00falio Gadelha comemora resultado de pesquisa ao lado de Raquel Lyra em Triunfo","datePublished":"2026-06-01T12:14:37+00:00","mainEntityOfPage":{"@id":"https:\/\/ellotv.com.br\/site\/2026\/06\/01\/tulio-gadelha-comemora-resultado-de-pesquisa-ao-lado-de-raquel-lyra-em-triunfo\/"},"wordCount":190,"commentCount":0,"publisher":{"@id":"https:\/\/ellotv.com.br\/site\/#organization"},"image":{"@id":"https:\/\/ellotv.com.br\/site\/2026\/06\/01\/tulio-gadelha-comemora-resultado-de-pesquisa-ao-lado-de-raquel-lyra-em-triunfo\/#primaryimage"},"thumbnailUrl":"https:\/\/ellotv.com.br\/site\/wp-content\/uploads\/2026\/06\/WhatsApp-Image-2026-05-29-at-19.27.44.jpeg","articleSection":["Noticias","Regional"],"inLanguage":"pt-BR","potentialAction":[{"@type":"CommentAction","name":"Comment","target":["https:\/\/ellotv.com.br\/site\/2026\/06\/01\/tulio-gadelha-comemora-resultado-de-pesquisa-ao-lado-de-raquel-lyra-em-triunfo\/#respond"]}]},{"@type":"WebPage","@id":"https:\/\/ellotv.com.br\/site\/2026\/06\/01\/tulio-gadelha-comemora-resultado-de-pesquisa-ao-lado-de-raquel-lyra-em-triunfo\/","url":"https:\/\/ellotv.com.br\/site\/2026\/06\/01\/tulio-gadelha-comemora-resultado-de-pesquisa-ao-lado-de-raquel-lyra-em-triunfo\/","name":"T\u00falio Gadelha comemora resultado de pesquisa ao lado de Raquel Lyra em Triunfo - Ello TV","isPartOf":{"@id":"https:\/\/ellotv.com.br\/site\/#website"},"primaryImageOfPage":{"@id":"https:\/\/ellotv.com.br\/site\/2026\/06\/01\/tulio-gadelha-comemora-resultado-de-pesquisa-ao-lado-de-raquel-lyra-em-triunfo\/#primaryimage"},"image":{"@id":"https:\/\/ellotv.com.br\/site\/2026\/06\/01\/tulio-gadelha-comemora-resultado-de-pesquisa-ao-lado-de-raquel-lyra-em-triunfo\/#primaryimage"},"thumbnailUrl":"https:\/\/ellotv.com.br\/site\/wp-content\/uploads\/2026\/06\/WhatsApp-Image-2026-05-29-at-19.27.44.jpeg","datePublished":"2026-06-01T12:14:37+00:00","description":"T\u00falio Gadelha comenta pesquisa eleitoral durante congresso da UVP em Triunfo e destaca desempenho de Raquel Lyra no levantamento.","breadcrumb":{"@id":"https:\/\/ellotv.com.br\/site\/2026\/06\/01\/tulio-gadelha-comemora-resultado-de-pesquisa-ao-lado-de-raquel-lyra-em-triunfo\/#breadcrumb"},"inLanguage":"pt-BR","potentialAction":[{"@type":"ReadAction","target":["https:\/\/ellotv.com.br\/site\/2026\/06\/01\/tulio-gadelha-comemora-resultado-de-pesquisa-ao-lado-de-raquel-lyra-em-triunfo\/"]}]},{"@type":"ImageObject","inLanguage":"pt-BR","@id":"https:\/\/ellotv.com.br\/site\/2026\/06\/01\/tulio-gadelha-comemora-resultado-de-pesquisa-ao-lado-de-raquel-lyra-em-triunfo\/#primaryimage","url":"https:\/\/ellotv.com.br\/site\/wp-content\/uploads\/2026\/06\/WhatsApp-Image-2026-05-29-at-19.27.44.jpeg","contentUrl":"https:\/\/ellotv.com.br\/site\/wp-content\/uploads\/2026\/06\/WhatsApp-Image-2026-05-29-at-19.27.44.jpeg","width":592,"height":1280},{"@type":"BreadcrumbList","@id":"https:\/\/ellotv.com.br\/site\/2026\/06\/01\/tulio-gadelha-comemora-resultado-de-pesquisa-ao-lado-de-raquel-lyra-em-triunfo\/#breadcrumb","itemListElement":[{"@type":"ListItem","position":1,"name":"In\u00edcio","item":"https:\/\/ellotv.com.br\/site\/"},{"@type":"ListItem","position":2,"name":"T\u00falio Gadelha comemora resultado de pesquisa ao lado de Raquel Lyra em Triunfo"}]},{"@type":"WebSite","@id":"https:\/\/ellotv.com.br\/site\/#website","url":"https:\/\/ellotv.com.br\/site\/","name":"ELLO TV","description":"","publisher":{"@id":"https:\/\/ellotv.com.br\/site\/#organization"},"potentialAction":[{"@type":"SearchAction","target":{"@type":"EntryPoint","urlTemplate":"https:\/\/ellotv.com.br\/site\/?s={search_term_string}"},"query-input":{"@type":"PropertyValueSpecification","valueRequired":true,"valueName":"search_term_string"}}],"inLanguage":"pt-BR"},{"@type":"Organization","@id":"https:\/\/ellotv.com.br\/site\/#organization","name":"ELLO TV","url":"https:\/\/ellotv.com.br\/site\/","logo":{"@type":"ImageObject","inLanguage":"pt-BR","@id":"https:\/\/ellotv.com.br\/site\/#\/schema\/logo\/image\/","url":"https:\/\/ellotv.com.br\/site\/wp-content\/uploads\/2025\/11\/ello-logo-2.fw_.png","contentUrl":"https:\/\/ellotv.com.br\/site\/wp-content\/uploads\/2025\/11\/ello-logo-2.fw_.png","width":400,"height":146,"caption":"ELLO TV"},"image":{"@id":"https:\/\/ellotv.com.br\/site\/#\/schema\/logo\/image\/"}},{"@type":"Person","@id":"https:\/\/ellotv.com.br\/site\/#\/schema\/person\/2dbe3abaee38dcc7332fc8205cd2b15d","name":"ELLO TV","image":{"@type":"ImageObject","inLanguage":"pt-BR","@id":"https:\/\/secure.gravatar.com\/avatar\/c38242b9da8ec217ac3f0aaee31a54f7d7befb11b2b47fdbc8fb0fad60afa1c6?s=96&d=mm&r=g","url":"https:\/\/secure.gravatar.com\/avatar\/c38242b9da8ec217ac3f0aaee31a54f7d7befb11b2b47fdbc8fb0fad60afa1c6?s=96&d=mm&r=g","contentUrl":"https:\/\/secure.gravatar.com\/avatar\/c38242b9da8ec217ac3f0aaee31a54f7d7befb11b2b47fdbc8fb0fad60afa1c6?s=96&d=mm&r=g","caption":"ELLO TV"},"url":"https:\/\/ellotv.com.br\/site\/author\/elloagencia\/"}]}},"featured_image_urls":{"full":["https:\/\/ellotv.com.br\/site\/wp-content\/uploads\/2026\/06\/WhatsApp-Image-2026-05-29-at-19.27.44.jpeg",592,1280,false],"thumbnail":["https:\/\/ellotv.com.br\/site\/wp-content\/uploads\/2026\/06\/WhatsApp-Image-2026-05-29-at-19.27.44-150x150.jpeg",150,150,true],"medium":["https:\/\/ellotv.com.br\/site\/wp-content\/uploads\/2026\/06\/WhatsApp-Image-2026-05-29-at-19.27.44-139x300.jpeg",139,300,true],"medium_large":["https:\/\/ellotv.com.br\/site\/wp-content\/uploads\/2026\/06\/WhatsApp-Image-2026-05-29-at-19.27.44.jpeg",592,1280,false],"large":["https:\/\/ellotv.com.br\/site\/wp-content\/uploads\/2026\/06\/WhatsApp-Image-2026-05-29-at-19.27.44-474x1024.jpeg",474,1024,true],"1536x1536":["https:\/\/ellotv.com.br\/site\/wp-content\/uploads\/2026\/06\/WhatsApp-Image-2026-05-29-at-19.27.44.jpeg",592,1280,false],"2048x2048":["https:\/\/ellotv.com.br\/site\/wp-content\/uploads\/2026\/06\/WhatsApp-Image-2026-05-29-at-19.27.44.jpeg",592,1280,false],"darknews-slider-full":["https:\/\/ellotv.com.br\/site\/wp-content\/uploads\/2026\/06\/WhatsApp-Image-2026-05-29-at-19.27.44-592x720.jpeg",592,720,true],"darknews-featured":["https:\/\/ellotv.com.br\/site\/wp-content\/uploads\/2026\/06\/WhatsApp-Image-2026-05-29-at-19.27.44.jpeg",592,1280,false],"darknews-medium":["https:\/\/ellotv.com.br\/site\/wp-content\/uploads\/2026\/06\/WhatsApp-Image-2026-05-29-at-19.27.44-592x530.jpeg",592,530,true],"darknews-medium-square":["https:\/\/ellotv.com.br\/site\/wp-content\/uploads\/2026\/06\/WhatsApp-Image-2026-05-29-at-19.27.44-350x350.jpeg",350,350,true]},"author_info":{"info":["ELLO TV"]},"category_info":"<a href=\"https:\/\/ellotv.com.br\/site\/category\/noticias\/\" rel=\"category tag\">Noticias<\/a> <a href=\"https:\/\/ellotv.com.br\/site\/category\/regional\/\" rel=\"category tag\">Regional<\/a>","tag_info":"Regional","comment_count":"0","_links":{"self":[{"href":"https:\/\/ellotv.com.br\/site\/wp-json\/wp\/v2\/posts\/6262","targetHints":{"allow":["GET"]}}],"collection":[{"href":"https:\/\/ellotv.com.br\/site\/wp-json\/wp\/v2\/posts"}],"about":[{"href":"https:\/\/ellotv.com.br\/site\/wp-json\/wp\/v2\/types\/post"}],"author":[{"embeddable":true,"href":"https:\/\/ellotv.com.br\/site\/wp-json\/wp\/v2\/users\/2"}],"replies":[{"embeddable":true,"href":"https:\/\/ellotv.com.br\/site\/wp-json\/wp\/v2\/comments?post=6262"}],"version-history":[{"count":1,"href":"https:\/\/ellotv.com.br\/site\/wp-json\/wp\/v2\/posts\/6262\/revisions"}],"predecessor-version":[{"id":6264,"href":"https:\/\/ellotv.com.br\/site\/wp-json\/wp\/v2\/posts\/6262\/revisions\/6264"}],"wp:featuredmedia":[{"embeddable":true,"href":"https:\/\/ellotv.com.br\/site\/wp-json\/wp\/v2\/media\/6263"}],"wp:attachment":[{"href":"https:\/\/ellotv.com.br\/site\/wp-json\/wp\/v2\/media?parent=6262"}],"wp:term":[{"taxonomy":"category","embeddable":true,"href":"https:\/\/ellotv.com.br\/site\/wp-json\/wp\/v2\/categories?post=6262"},{"taxonomy":"post_tag","embeddable":true,"href":"https:\/\/ellotv.com.br\/site\/wp-json\/wp\/v2\/tags?post=6262"}],"curies":[{"name":"wp","href":"https:\/\/api.w.org\/{rel}","templated":true}]}}