{"id":6279,"date":"2026-06-02T09:52:33","date_gmt":"2026-06-02T12:52:33","guid":{"rendered":"https:\/\/ellotv.com.br\/site\/?p=6279"},"modified":"2026-06-02T09:52:33","modified_gmt":"2026-06-02T12:52:33","slug":"prefeitura-de-flores-divulga-programacao-oficial-do-sao-joao-das-tradicoes-2026","status":"publish","type":"post","link":"https:\/\/ellotv.com.br\/site\/2026\/06\/02\/prefeitura-de-flores-divulga-programacao-oficial-do-sao-joao-das-tradicoes-2026\/","title":{"rendered":"Prefeitura de Flores divulga programa\u00e7\u00e3o oficial do S\u00e3o Jo\u00e3o das Tradi\u00e7\u00f5es 2026"},"content":{"rendered":"<h3>S\u00e3o Jo\u00e3o das Tradi\u00e7\u00f5es 2026 de Flores tem programa\u00e7\u00e3o divulgada com grandes atra\u00e7\u00f5es<\/h3>\n<p>O Governo Municipal de Flores divulgou oficialmente a programa\u00e7\u00e3o do S\u00e3o Jo\u00e3o das Tradi\u00e7\u00f5es 2026, que promete movimentar a cidade com uma grande celebra\u00e7\u00e3o cultural.<\/p>\n<p><strong>Per\u00edodo do evento<\/strong><\/p>\n<p>A festa ser\u00e1 realizada entre os dias:<\/p>\n<p>12 e 28 de junho<\/p>\n<p><strong>Locais da programa\u00e7\u00e3o<\/strong><\/p>\n<p>As atividades acontecer\u00e3o em diversos pontos do munic\u00edpio:<\/p>\n<p>Sede de Flores<br \/>\nPovoado do Ten\u00f3rio<br \/>\nSaco do Rom\u00e3o<br \/>\nSantana das Almas<br \/>\nS\u00edtio dos Nunes<br \/>\nAlto Pedro de Souza<\/p>\n<p><strong>Atra\u00e7\u00f5es e cultura<\/strong><\/p>\n<p>A programa\u00e7\u00e3o re\u00fane grandes shows musicais, al\u00e9m de valorizar as tradi\u00e7\u00f5es nordestinas com:<\/p>\n<p>Noite dos Repentistas<br \/>\nNoite Cigana<br \/>\nForr\u00f3 p\u00e9 de serra no Polo Junino<\/p>\n<p><strong>Valoriza\u00e7\u00e3o regional<\/strong><\/p>\n<p>O evento tamb\u00e9m abre espa\u00e7o para artistas locais, fortalecendo a cultura e mantendo viva a ess\u00eancia das festas juninas na regi\u00e3o.<\/p>\n<p><strong>Impacto esperado<\/strong><\/p>\n<p>A expectativa \u00e9 de grande p\u00fablico, com moradores e visitantes, impulsionando o turismo e movimentando a economia local.<\/p>\n<p><strong>Programa\u00e7\u00e3o completa<\/strong><\/p>\n<p>A agenda detalhada j\u00e1 est\u00e1 dispon\u00edvel nos canais oficiais da Prefeitura, que convida a popula\u00e7\u00e3o para participar de mais uma edi\u00e7\u00e3o do tradicional evento.<\/p>\n<p><img fetchpriority=\"high\" decoding=\"async\" class=\"aligncenter wp-image-6283 size-full\" src=\"https:\/\/ellotv.com.br\/site\/wp-content\/uploads\/2026\/06\/WhatsApp-Image-2026-06-01-at-19.50.01-1.jpeg\" alt=\"\" width=\"1032\" height=\"1280\" srcset=\"https:\/\/ellotv.com.br\/site\/wp-content\/uploads\/2026\/06\/WhatsApp-Image-2026-06-01-at-19.50.01-1.jpeg 1032w, https:\/\/ellotv.com.br\/site\/wp-content\/uploads\/2026\/06\/WhatsApp-Image-2026-06-01-at-19.50.01-1-242x300.jpeg 242w, https:\/\/ellotv.com.br\/site\/wp-content\/uploads\/2026\/06\/WhatsApp-Image-2026-06-01-at-19.50.01-1-826x1024.jpeg 826w, https:\/\/ellotv.com.br\/site\/wp-content\/uploads\/2026\/06\/WhatsApp-Image-2026-06-01-at-19.50.01-1-768x953.jpeg 768w, https:\/\/ellotv.com.br\/site\/wp-content\/uploads\/2026\/06\/WhatsApp-Image-2026-06-01-at-19.50.01-1-1024x1270.jpeg 1024w\" sizes=\"(max-width: 1032px) 100vw, 1032px\" \/><img decoding=\"async\" class=\"aligncenter wp-image-6282 size-full\" src=\"https:\/\/ellotv.com.br\/site\/wp-content\/uploads\/2026\/06\/WhatsApp-Image-2026-06-01-at-19.50.01-2.jpeg\" alt=\"\" width=\"1040\" height=\"1280\" srcset=\"https:\/\/ellotv.com.br\/site\/wp-content\/uploads\/2026\/06\/WhatsApp-Image-2026-06-01-at-19.50.01-2.jpeg 1040w, https:\/\/ellotv.com.br\/site\/wp-content\/uploads\/2026\/06\/WhatsApp-Image-2026-06-01-at-19.50.01-2-244x300.jpeg 244w, https:\/\/ellotv.com.br\/site\/wp-content\/uploads\/2026\/06\/WhatsApp-Image-2026-06-01-at-19.50.01-2-832x1024.jpeg 832w, https:\/\/ellotv.com.br\/site\/wp-content\/uploads\/2026\/06\/WhatsApp-Image-2026-06-01-at-19.50.01-2-768x945.jpeg 768w, https:\/\/ellotv.com.br\/site\/wp-content\/uploads\/2026\/06\/WhatsApp-Image-2026-06-01-at-19.50.01-2-1024x1260.jpeg 1024w\" sizes=\"(max-width: 1040px) 100vw, 1040px\" \/><img decoding=\"async\" class=\"aligncenter wp-image-6281 size-full\" src=\"https:\/\/ellotv.com.br\/site\/wp-content\/uploads\/2026\/06\/WhatsApp-Image-2026-06-01-at-19.50.02.jpeg\" alt=\"\" width=\"1034\" height=\"1280\" srcset=\"https:\/\/ellotv.com.br\/site\/wp-content\/uploads\/2026\/06\/WhatsApp-Image-2026-06-01-at-19.50.02.jpeg 1034w, https:\/\/ellotv.com.br\/site\/wp-content\/uploads\/2026\/06\/WhatsApp-Image-2026-06-01-at-19.50.02-242x300.jpeg 242w, https:\/\/ellotv.com.br\/site\/wp-content\/uploads\/2026\/06\/WhatsApp-Image-2026-06-01-at-19.50.02-827x1024.jpeg 827w, https:\/\/ellotv.com.br\/site\/wp-content\/uploads\/2026\/06\/WhatsApp-Image-2026-06-01-at-19.50.02-768x951.jpeg 768w, https:\/\/ellotv.com.br\/site\/wp-content\/uploads\/2026\/06\/WhatsApp-Image-2026-06-01-at-19.50.02-1024x1268.jpeg 1024w\" sizes=\"(max-width: 1034px) 100vw, 1034px\" \/><\/p>\n","protected":false},"excerpt":{"rendered":"<p>S\u00e3o Jo\u00e3o das Tradi\u00e7\u00f5es 2026 de Flores tem programa\u00e7\u00e3o divulgada com grandes atra\u00e7\u00f5es O Governo Municipal de Flores<\/p>\n","protected":false},"author":2,"featured_media":6280,"comment_status":"open","ping_status":"open","sticky":false,"template":"","format":"standard","meta":{"footnotes":""},"categories":[12,9],"tags":[],"class_list":["post-6279","post","type-post","status-publish","format-standard","has-post-thumbnail","hentry","category-noticias","category-regional"],"yoast_head":"<!-- This site is optimized with the Yoast SEO plugin v28.3 - https:\/\/yoast.com\/product\/yoast-seo-wordpress\/ -->\n<title>Prefeitura de Flores divulga programa\u00e7\u00e3o oficial do S\u00e3o Jo\u00e3o das Tradi\u00e7\u00f5es 2026 - Ello TV<\/title>\n<meta name=\"description\" content=\"S\u00e3o Jo\u00e3o das Tradi\u00e7\u00f5es 2026 de Flores ter\u00e1 programa\u00e7\u00e3o entre 12 e 28 de junho com shows, cultura e valoriza\u00e7\u00e3o das tradi\u00e7\u00f5es nordestinas.\" \/>\n<meta name=\"robots\" content=\"index, follow, max-snippet:-1, max-image-preview:large, max-video-preview:-1\" \/>\n<link rel=\"canonical\" href=\"https:\/\/ellotv.com.br\/site\/2026\/06\/02\/prefeitura-de-flores-divulga-programacao-oficial-do-sao-joao-das-tradicoes-2026\/\" \/>\n<meta property=\"og:locale\" content=\"pt_BR\" \/>\n<meta property=\"og:type\" content=\"article\" \/>\n<meta property=\"og:title\" content=\"Prefeitura de Flores divulga programa\u00e7\u00e3o oficial do S\u00e3o Jo\u00e3o das Tradi\u00e7\u00f5es 2026 - Ello TV\" \/>\n<meta property=\"og:description\" content=\"S\u00e3o Jo\u00e3o das Tradi\u00e7\u00f5es 2026 de Flores ter\u00e1 programa\u00e7\u00e3o entre 12 e 28 de junho com shows, cultura e valoriza\u00e7\u00e3o das tradi\u00e7\u00f5es nordestinas.\" \/>\n<meta property=\"og:url\" content=\"https:\/\/ellotv.com.br\/site\/2026\/06\/02\/prefeitura-de-flores-divulga-programacao-oficial-do-sao-joao-das-tradicoes-2026\/\" \/>\n<meta property=\"og:site_name\" content=\"Ello TV\" \/>\n<meta property=\"article:published_time\" content=\"2026-06-02T12:52:33+00:00\" \/>\n<meta property=\"og:image\" content=\"https:\/\/ellotv.com.br\/site\/wp-content\/uploads\/2026\/06\/WhatsApp-Image-2026-06-01-at-19.50.01.jpeg\" \/>\n\t<meta property=\"og:image:width\" content=\"1032\" \/>\n\t<meta property=\"og:image:height\" content=\"1280\" \/>\n\t<meta property=\"og:image:type\" content=\"image\/jpeg\" \/>\n<meta name=\"author\" content=\"ELLO TV\" \/>\n<meta name=\"twitter:card\" content=\"summary_large_image\" \/>\n<meta name=\"twitter:label1\" content=\"Escrito por\" \/>\n\t<meta name=\"twitter:data1\" content=\"ELLO TV\" \/>\n\t<meta name=\"twitter:label2\" content=\"Est. tempo de leitura\" \/>\n\t<meta name=\"twitter:data2\" content=\"1 minuto\" \/>\n<script type=\"application\/ld+json\" class=\"yoast-schema-graph\">{\"@context\":\"https:\\\/\\\/schema.org\",\"@graph\":[{\"@type\":\"Article\",\"@id\":\"https:\\\/\\\/ellotv.com.br\\\/site\\\/2026\\\/06\\\/02\\\/prefeitura-de-flores-divulga-programacao-oficial-do-sao-joao-das-tradicoes-2026\\\/#article\",\"isPartOf\":{\"@id\":\"https:\\\/\\\/ellotv.com.br\\\/site\\\/2026\\\/06\\\/02\\\/prefeitura-de-flores-divulga-programacao-oficial-do-sao-joao-das-tradicoes-2026\\\/\"},\"author\":{\"name\":\"ELLO TV\",\"@id\":\"https:\\\/\\\/ellotv.com.br\\\/site\\\/#\\\/schema\\\/person\\\/2dbe3abaee38dcc7332fc8205cd2b15d\"},\"headline\":\"Prefeitura de Flores divulga programa\u00e7\u00e3o oficial do S\u00e3o Jo\u00e3o das Tradi\u00e7\u00f5es 2026\",\"datePublished\":\"2026-06-02T12:52:33+00:00\",\"mainEntityOfPage\":{\"@id\":\"https:\\\/\\\/ellotv.com.br\\\/site\\\/2026\\\/06\\\/02\\\/prefeitura-de-flores-divulga-programacao-oficial-do-sao-joao-das-tradicoes-2026\\\/\"},\"wordCount\":222,\"commentCount\":0,\"publisher\":{\"@id\":\"https:\\\/\\\/ellotv.com.br\\\/site\\\/#organization\"},\"image\":{\"@id\":\"https:\\\/\\\/ellotv.com.br\\\/site\\\/2026\\\/06\\\/02\\\/prefeitura-de-flores-divulga-programacao-oficial-do-sao-joao-das-tradicoes-2026\\\/#primaryimage\"},\"thumbnailUrl\":\"https:\\\/\\\/ellotv.com.br\\\/site\\\/wp-content\\\/uploads\\\/2026\\\/06\\\/WhatsApp-Image-2026-06-01-at-19.50.01.jpeg\",\"articleSection\":[\"Noticias\",\"Regional\"],\"inLanguage\":\"pt-BR\",\"potentialAction\":[{\"@type\":\"CommentAction\",\"name\":\"Comment\",\"target\":[\"https:\\\/\\\/ellotv.com.br\\\/site\\\/2026\\\/06\\\/02\\\/prefeitura-de-flores-divulga-programacao-oficial-do-sao-joao-das-tradicoes-2026\\\/#respond\"]}]},{\"@type\":\"WebPage\",\"@id\":\"https:\\\/\\\/ellotv.com.br\\\/site\\\/2026\\\/06\\\/02\\\/prefeitura-de-flores-divulga-programacao-oficial-do-sao-joao-das-tradicoes-2026\\\/\",\"url\":\"https:\\\/\\\/ellotv.com.br\\\/site\\\/2026\\\/06\\\/02\\\/prefeitura-de-flores-divulga-programacao-oficial-do-sao-joao-das-tradicoes-2026\\\/\",\"name\":\"Prefeitura de Flores divulga programa\u00e7\u00e3o oficial do S\u00e3o Jo\u00e3o das Tradi\u00e7\u00f5es 2026 - Ello TV\",\"isPartOf\":{\"@id\":\"https:\\\/\\\/ellotv.com.br\\\/site\\\/#website\"},\"primaryImageOfPage\":{\"@id\":\"https:\\\/\\\/ellotv.com.br\\\/site\\\/2026\\\/06\\\/02\\\/prefeitura-de-flores-divulga-programacao-oficial-do-sao-joao-das-tradicoes-2026\\\/#primaryimage\"},\"image\":{\"@id\":\"https:\\\/\\\/ellotv.com.br\\\/site\\\/2026\\\/06\\\/02\\\/prefeitura-de-flores-divulga-programacao-oficial-do-sao-joao-das-tradicoes-2026\\\/#primaryimage\"},\"thumbnailUrl\":\"https:\\\/\\\/ellotv.com.br\\\/site\\\/wp-content\\\/uploads\\\/2026\\\/06\\\/WhatsApp-Image-2026-06-01-at-19.50.01.jpeg\",\"datePublished\":\"2026-06-02T12:52:33+00:00\",\"description\":\"S\u00e3o Jo\u00e3o das Tradi\u00e7\u00f5es 2026 de Flores ter\u00e1 programa\u00e7\u00e3o entre 12 e 28 de junho com shows, cultura e valoriza\u00e7\u00e3o das tradi\u00e7\u00f5es nordestinas.\",\"breadcrumb\":{\"@id\":\"https:\\\/\\\/ellotv.com.br\\\/site\\\/2026\\\/06\\\/02\\\/prefeitura-de-flores-divulga-programacao-oficial-do-sao-joao-das-tradicoes-2026\\\/#breadcrumb\"},\"inLanguage\":\"pt-BR\",\"potentialAction\":[{\"@type\":\"ReadAction\",\"target\":[\"https:\\\/\\\/ellotv.com.br\\\/site\\\/2026\\\/06\\\/02\\\/prefeitura-de-flores-divulga-programacao-oficial-do-sao-joao-das-tradicoes-2026\\\/\"]}]},{\"@type\":\"ImageObject\",\"inLanguage\":\"pt-BR\",\"@id\":\"https:\\\/\\\/ellotv.com.br\\\/site\\\/2026\\\/06\\\/02\\\/prefeitura-de-flores-divulga-programacao-oficial-do-sao-joao-das-tradicoes-2026\\\/#primaryimage\",\"url\":\"https:\\\/\\\/ellotv.com.br\\\/site\\\/wp-content\\\/uploads\\\/2026\\\/06\\\/WhatsApp-Image-2026-06-01-at-19.50.01.jpeg\",\"contentUrl\":\"https:\\\/\\\/ellotv.com.br\\\/site\\\/wp-content\\\/uploads\\\/2026\\\/06\\\/WhatsApp-Image-2026-06-01-at-19.50.01.jpeg\",\"width\":1032,\"height\":1280},{\"@type\":\"BreadcrumbList\",\"@id\":\"https:\\\/\\\/ellotv.com.br\\\/site\\\/2026\\\/06\\\/02\\\/prefeitura-de-flores-divulga-programacao-oficial-do-sao-joao-das-tradicoes-2026\\\/#breadcrumb\",\"itemListElement\":[{\"@type\":\"ListItem\",\"position\":1,\"name\":\"In\u00edcio\",\"item\":\"https:\\\/\\\/ellotv.com.br\\\/site\\\/\"},{\"@type\":\"ListItem\",\"position\":2,\"name\":\"Prefeitura de Flores divulga programa\u00e7\u00e3o oficial do S\u00e3o Jo\u00e3o das Tradi\u00e7\u00f5es 2026\"}]},{\"@type\":\"WebSite\",\"@id\":\"https:\\\/\\\/ellotv.com.br\\\/site\\\/#website\",\"url\":\"https:\\\/\\\/ellotv.com.br\\\/site\\\/\",\"name\":\"ELLO TV\",\"description\":\"\",\"publisher\":{\"@id\":\"https:\\\/\\\/ellotv.com.br\\\/site\\\/#organization\"},\"potentialAction\":[{\"@type\":\"SearchAction\",\"target\":{\"@type\":\"EntryPoint\",\"urlTemplate\":\"https:\\\/\\\/ellotv.com.br\\\/site\\\/?s={search_term_string}\"},\"query-input\":{\"@type\":\"PropertyValueSpecification\",\"valueRequired\":true,\"valueName\":\"search_term_string\"}}],\"inLanguage\":\"pt-BR\"},{\"@type\":\"Organization\",\"@id\":\"https:\\\/\\\/ellotv.com.br\\\/site\\\/#organization\",\"name\":\"ELLO TV\",\"url\":\"https:\\\/\\\/ellotv.com.br\\\/site\\\/\",\"logo\":{\"@type\":\"ImageObject\",\"inLanguage\":\"pt-BR\",\"@id\":\"https:\\\/\\\/ellotv.com.br\\\/site\\\/#\\\/schema\\\/logo\\\/image\\\/\",\"url\":\"https:\\\/\\\/ellotv.com.br\\\/site\\\/wp-content\\\/uploads\\\/2025\\\/11\\\/ello-logo-2.fw_.png\",\"contentUrl\":\"https:\\\/\\\/ellotv.com.br\\\/site\\\/wp-content\\\/uploads\\\/2025\\\/11\\\/ello-logo-2.fw_.png\",\"width\":400,\"height\":146,\"caption\":\"ELLO TV\"},\"image\":{\"@id\":\"https:\\\/\\\/ellotv.com.br\\\/site\\\/#\\\/schema\\\/logo\\\/image\\\/\"}},{\"@type\":\"Person\",\"@id\":\"https:\\\/\\\/ellotv.com.br\\\/site\\\/#\\\/schema\\\/person\\\/2dbe3abaee38dcc7332fc8205cd2b15d\",\"name\":\"ELLO TV\",\"image\":{\"@type\":\"ImageObject\",\"inLanguage\":\"pt-BR\",\"@id\":\"https:\\\/\\\/secure.gravatar.com\\\/avatar\\\/c38242b9da8ec217ac3f0aaee31a54f7d7befb11b2b47fdbc8fb0fad60afa1c6?s=96&d=mm&r=g\",\"url\":\"https:\\\/\\\/secure.gravatar.com\\\/avatar\\\/c38242b9da8ec217ac3f0aaee31a54f7d7befb11b2b47fdbc8fb0fad60afa1c6?s=96&d=mm&r=g\",\"contentUrl\":\"https:\\\/\\\/secure.gravatar.com\\\/avatar\\\/c38242b9da8ec217ac3f0aaee31a54f7d7befb11b2b47fdbc8fb0fad60afa1c6?s=96&d=mm&r=g\",\"caption\":\"ELLO TV\"},\"url\":\"https:\\\/\\\/ellotv.com.br\\\/site\\\/author\\\/elloagencia\\\/\"}]}<\/script>\n<!-- \/ Yoast SEO plugin. -->","yoast_head_json":{"title":"Prefeitura de Flores divulga programa\u00e7\u00e3o oficial do S\u00e3o Jo\u00e3o das Tradi\u00e7\u00f5es 2026 - Ello TV","description":"S\u00e3o Jo\u00e3o das Tradi\u00e7\u00f5es 2026 de Flores ter\u00e1 programa\u00e7\u00e3o entre 12 e 28 de junho com shows, cultura e valoriza\u00e7\u00e3o das tradi\u00e7\u00f5es nordestinas.","robots":{"index":"index","follow":"follow","max-snippet":"max-snippet:-1","max-image-preview":"max-image-preview:large","max-video-preview":"max-video-preview:-1"},"canonical":"https:\/\/ellotv.com.br\/site\/2026\/06\/02\/prefeitura-de-flores-divulga-programacao-oficial-do-sao-joao-das-tradicoes-2026\/","og_locale":"pt_BR","og_type":"article","og_title":"Prefeitura de Flores divulga programa\u00e7\u00e3o oficial do S\u00e3o Jo\u00e3o das Tradi\u00e7\u00f5es 2026 - Ello TV","og_description":"S\u00e3o Jo\u00e3o das Tradi\u00e7\u00f5es 2026 de Flores ter\u00e1 programa\u00e7\u00e3o entre 12 e 28 de junho com shows, cultura e valoriza\u00e7\u00e3o das tradi\u00e7\u00f5es nordestinas.","og_url":"https:\/\/ellotv.com.br\/site\/2026\/06\/02\/prefeitura-de-flores-divulga-programacao-oficial-do-sao-joao-das-tradicoes-2026\/","og_site_name":"Ello TV","article_published_time":"2026-06-02T12:52:33+00:00","og_image":[{"width":1032,"height":1280,"url":"https:\/\/ellotv.com.br\/site\/wp-content\/uploads\/2026\/06\/WhatsApp-Image-2026-06-01-at-19.50.01.jpeg","type":"image\/jpeg"}],"author":"ELLO TV","twitter_card":"summary_large_image","twitter_misc":{"Escrito por":"ELLO TV","Est. tempo de leitura":"1 minuto"},"schema":{"@context":"https:\/\/schema.org","@graph":[{"@type":"Article","@id":"https:\/\/ellotv.com.br\/site\/2026\/06\/02\/prefeitura-de-flores-divulga-programacao-oficial-do-sao-joao-das-tradicoes-2026\/#article","isPartOf":{"@id":"https:\/\/ellotv.com.br\/site\/2026\/06\/02\/prefeitura-de-flores-divulga-programacao-oficial-do-sao-joao-das-tradicoes-2026\/"},"author":{"name":"ELLO TV","@id":"https:\/\/ellotv.com.br\/site\/#\/schema\/person\/2dbe3abaee38dcc7332fc8205cd2b15d"},"headline":"Prefeitura de Flores divulga programa\u00e7\u00e3o oficial do S\u00e3o Jo\u00e3o das Tradi\u00e7\u00f5es 2026","datePublished":"2026-06-02T12:52:33+00:00","mainEntityOfPage":{"@id":"https:\/\/ellotv.com.br\/site\/2026\/06\/02\/prefeitura-de-flores-divulga-programacao-oficial-do-sao-joao-das-tradicoes-2026\/"},"wordCount":222,"commentCount":0,"publisher":{"@id":"https:\/\/ellotv.com.br\/site\/#organization"},"image":{"@id":"https:\/\/ellotv.com.br\/site\/2026\/06\/02\/prefeitura-de-flores-divulga-programacao-oficial-do-sao-joao-das-tradicoes-2026\/#primaryimage"},"thumbnailUrl":"https:\/\/ellotv.com.br\/site\/wp-content\/uploads\/2026\/06\/WhatsApp-Image-2026-06-01-at-19.50.01.jpeg","articleSection":["Noticias","Regional"],"inLanguage":"pt-BR","potentialAction":[{"@type":"CommentAction","name":"Comment","target":["https:\/\/ellotv.com.br\/site\/2026\/06\/02\/prefeitura-de-flores-divulga-programacao-oficial-do-sao-joao-das-tradicoes-2026\/#respond"]}]},{"@type":"WebPage","@id":"https:\/\/ellotv.com.br\/site\/2026\/06\/02\/prefeitura-de-flores-divulga-programacao-oficial-do-sao-joao-das-tradicoes-2026\/","url":"https:\/\/ellotv.com.br\/site\/2026\/06\/02\/prefeitura-de-flores-divulga-programacao-oficial-do-sao-joao-das-tradicoes-2026\/","name":"Prefeitura de Flores divulga programa\u00e7\u00e3o oficial do S\u00e3o Jo\u00e3o das Tradi\u00e7\u00f5es 2026 - Ello TV","isPartOf":{"@id":"https:\/\/ellotv.com.br\/site\/#website"},"primaryImageOfPage":{"@id":"https:\/\/ellotv.com.br\/site\/2026\/06\/02\/prefeitura-de-flores-divulga-programacao-oficial-do-sao-joao-das-tradicoes-2026\/#primaryimage"},"image":{"@id":"https:\/\/ellotv.com.br\/site\/2026\/06\/02\/prefeitura-de-flores-divulga-programacao-oficial-do-sao-joao-das-tradicoes-2026\/#primaryimage"},"thumbnailUrl":"https:\/\/ellotv.com.br\/site\/wp-content\/uploads\/2026\/06\/WhatsApp-Image-2026-06-01-at-19.50.01.jpeg","datePublished":"2026-06-02T12:52:33+00:00","description":"S\u00e3o Jo\u00e3o das Tradi\u00e7\u00f5es 2026 de Flores ter\u00e1 programa\u00e7\u00e3o entre 12 e 28 de junho com shows, cultura e valoriza\u00e7\u00e3o das tradi\u00e7\u00f5es nordestinas.","breadcrumb":{"@id":"https:\/\/ellotv.com.br\/site\/2026\/06\/02\/prefeitura-de-flores-divulga-programacao-oficial-do-sao-joao-das-tradicoes-2026\/#breadcrumb"},"inLanguage":"pt-BR","potentialAction":[{"@type":"ReadAction","target":["https:\/\/ellotv.com.br\/site\/2026\/06\/02\/prefeitura-de-flores-divulga-programacao-oficial-do-sao-joao-das-tradicoes-2026\/"]}]},{"@type":"ImageObject","inLanguage":"pt-BR","@id":"https:\/\/ellotv.com.br\/site\/2026\/06\/02\/prefeitura-de-flores-divulga-programacao-oficial-do-sao-joao-das-tradicoes-2026\/#primaryimage","url":"https:\/\/ellotv.com.br\/site\/wp-content\/uploads\/2026\/06\/WhatsApp-Image-2026-06-01-at-19.50.01.jpeg","contentUrl":"https:\/\/ellotv.com.br\/site\/wp-content\/uploads\/2026\/06\/WhatsApp-Image-2026-06-01-at-19.50.01.jpeg","width":1032,"height":1280},{"@type":"BreadcrumbList","@id":"https:\/\/ellotv.com.br\/site\/2026\/06\/02\/prefeitura-de-flores-divulga-programacao-oficial-do-sao-joao-das-tradicoes-2026\/#breadcrumb","itemListElement":[{"@type":"ListItem","position":1,"name":"In\u00edcio","item":"https:\/\/ellotv.com.br\/site\/"},{"@type":"ListItem","position":2,"name":"Prefeitura de Flores divulga programa\u00e7\u00e3o oficial do S\u00e3o Jo\u00e3o das Tradi\u00e7\u00f5es 2026"}]},{"@type":"WebSite","@id":"https:\/\/ellotv.com.br\/site\/#website","url":"https:\/\/ellotv.com.br\/site\/","name":"ELLO TV","description":"","publisher":{"@id":"https:\/\/ellotv.com.br\/site\/#organization"},"potentialAction":[{"@type":"SearchAction","target":{"@type":"EntryPoint","urlTemplate":"https:\/\/ellotv.com.br\/site\/?s={search_term_string}"},"query-input":{"@type":"PropertyValueSpecification","valueRequired":true,"valueName":"search_term_string"}}],"inLanguage":"pt-BR"},{"@type":"Organization","@id":"https:\/\/ellotv.com.br\/site\/#organization","name":"ELLO TV","url":"https:\/\/ellotv.com.br\/site\/","logo":{"@type":"ImageObject","inLanguage":"pt-BR","@id":"https:\/\/ellotv.com.br\/site\/#\/schema\/logo\/image\/","url":"https:\/\/ellotv.com.br\/site\/wp-content\/uploads\/2025\/11\/ello-logo-2.fw_.png","contentUrl":"https:\/\/ellotv.com.br\/site\/wp-content\/uploads\/2025\/11\/ello-logo-2.fw_.png","width":400,"height":146,"caption":"ELLO TV"},"image":{"@id":"https:\/\/ellotv.com.br\/site\/#\/schema\/logo\/image\/"}},{"@type":"Person","@id":"https:\/\/ellotv.com.br\/site\/#\/schema\/person\/2dbe3abaee38dcc7332fc8205cd2b15d","name":"ELLO TV","image":{"@type":"ImageObject","inLanguage":"pt-BR","@id":"https:\/\/secure.gravatar.com\/avatar\/c38242b9da8ec217ac3f0aaee31a54f7d7befb11b2b47fdbc8fb0fad60afa1c6?s=96&d=mm&r=g","url":"https:\/\/secure.gravatar.com\/avatar\/c38242b9da8ec217ac3f0aaee31a54f7d7befb11b2b47fdbc8fb0fad60afa1c6?s=96&d=mm&r=g","contentUrl":"https:\/\/secure.gravatar.com\/avatar\/c38242b9da8ec217ac3f0aaee31a54f7d7befb11b2b47fdbc8fb0fad60afa1c6?s=96&d=mm&r=g","caption":"ELLO TV"},"url":"https:\/\/ellotv.com.br\/site\/author\/elloagencia\/"}]}},"featured_image_urls":{"full":["https:\/\/ellotv.com.br\/site\/wp-content\/uploads\/2026\/06\/WhatsApp-Image-2026-06-01-at-19.50.01.jpeg",1032,1280,false],"thumbnail":["https:\/\/ellotv.com.br\/site\/wp-content\/uploads\/2026\/06\/WhatsApp-Image-2026-06-01-at-19.50.01-150x150.jpeg",150,150,true],"medium":["https:\/\/ellotv.com.br\/site\/wp-content\/uploads\/2026\/06\/WhatsApp-Image-2026-06-01-at-19.50.01-242x300.jpeg",242,300,true],"medium_large":["https:\/\/ellotv.com.br\/site\/wp-content\/uploads\/2026\/06\/WhatsApp-Image-2026-06-01-at-19.50.01-768x953.jpeg",640,794,true],"large":["https:\/\/ellotv.com.br\/site\/wp-content\/uploads\/2026\/06\/WhatsApp-Image-2026-06-01-at-19.50.01-826x1024.jpeg",640,793,true],"1536x1536":["https:\/\/ellotv.com.br\/site\/wp-content\/uploads\/2026\/06\/WhatsApp-Image-2026-06-01-at-19.50.01.jpeg",1032,1280,false],"2048x2048":["https:\/\/ellotv.com.br\/site\/wp-content\/uploads\/2026\/06\/WhatsApp-Image-2026-06-01-at-19.50.01.jpeg",1032,1280,false],"darknews-slider-full":["https:\/\/ellotv.com.br\/site\/wp-content\/uploads\/2026\/06\/WhatsApp-Image-2026-06-01-at-19.50.01-1032x720.jpeg",1032,720,true],"darknews-featured":["https:\/\/ellotv.com.br\/site\/wp-content\/uploads\/2026\/06\/WhatsApp-Image-2026-06-01-at-19.50.01-1024x1270.jpeg",1024,1270,true],"darknews-medium":["https:\/\/ellotv.com.br\/site\/wp-content\/uploads\/2026\/06\/WhatsApp-Image-2026-06-01-at-19.50.01-720x530.jpeg",720,530,true],"darknews-medium-square":["https:\/\/ellotv.com.br\/site\/wp-content\/uploads\/2026\/06\/WhatsApp-Image-2026-06-01-at-19.50.01-350x350.jpeg",350,350,true]},"author_info":{"info":["ELLO TV"]},"category_info":"<a href=\"https:\/\/ellotv.com.br\/site\/category\/noticias\/\" rel=\"category tag\">Noticias<\/a> <a href=\"https:\/\/ellotv.com.br\/site\/category\/regional\/\" rel=\"category tag\">Regional<\/a>","tag_info":"Regional","comment_count":"0","_links":{"self":[{"href":"https:\/\/ellotv.com.br\/site\/wp-json\/wp\/v2\/posts\/6279","targetHints":{"allow":["GET"]}}],"collection":[{"href":"https:\/\/ellotv.com.br\/site\/wp-json\/wp\/v2\/posts"}],"about":[{"href":"https:\/\/ellotv.com.br\/site\/wp-json\/wp\/v2\/types\/post"}],"author":[{"embeddable":true,"href":"https:\/\/ellotv.com.br\/site\/wp-json\/wp\/v2\/users\/2"}],"replies":[{"embeddable":true,"href":"https:\/\/ellotv.com.br\/site\/wp-json\/wp\/v2\/comments?post=6279"}],"version-history":[{"count":1,"href":"https:\/\/ellotv.com.br\/site\/wp-json\/wp\/v2\/posts\/6279\/revisions"}],"predecessor-version":[{"id":6284,"href":"https:\/\/ellotv.com.br\/site\/wp-json\/wp\/v2\/posts\/6279\/revisions\/6284"}],"wp:featuredmedia":[{"embeddable":true,"href":"https:\/\/ellotv.com.br\/site\/wp-json\/wp\/v2\/media\/6280"}],"wp:attachment":[{"href":"https:\/\/ellotv.com.br\/site\/wp-json\/wp\/v2\/media?parent=6279"}],"wp:term":[{"taxonomy":"category","embeddable":true,"href":"https:\/\/ellotv.com.br\/site\/wp-json\/wp\/v2\/categories?post=6279"},{"taxonomy":"post_tag","embeddable":true,"href":"https:\/\/ellotv.com.br\/site\/wp-json\/wp\/v2\/tags?post=6279"}],"curies":[{"name":"wp","href":"https:\/\/api.w.org\/{rel}","templated":true}]}}