{"id":6298,"date":"2026-06-03T17:46:15","date_gmt":"2026-06-03T20:46:15","guid":{"rendered":"https:\/\/ellotv.com.br\/site\/?p=6298"},"modified":"2026-06-03T17:46:15","modified_gmt":"2026-06-03T20:46:15","slug":"sao-joao-de-caruaru-divulga-tabela-de-precos-e-valores-repercutem-nas-redes-sociais","status":"publish","type":"post","link":"https:\/\/ellotv.com.br\/site\/2026\/06\/03\/sao-joao-de-caruaru-divulga-tabela-de-precos-e-valores-repercutem-nas-redes-sociais\/","title":{"rendered":"S\u00e3o Jo\u00e3o de Caruaru divulga tabela de pre\u00e7os e valores repercutem nas redes sociais"},"content":{"rendered":"<h3>S\u00e3o Jo\u00e3o de Caruaru 2026 tem tabela com pre\u00e7os m\u00e1ximos de produtos divulgada<\/h3>\n<p>A organiza\u00e7\u00e3o do S\u00e3o Jo\u00e3o de Caruaru 2026 divulgou a tabela com os pre\u00e7os m\u00e1ximos autorizados para a venda de produtos durante a festa.<\/p>\n<p><strong>Tabela de pre\u00e7os<\/strong><\/p>\n<p>A lista, publicada pela Prefeitura de Caruaru em conjunto com o Procon Municipal, estabelece o teto para bebidas e outros itens comercializados nos polos do evento.<\/p>\n<p><strong>Bebidas n\u00e3o alco\u00f3licas<\/strong><\/p>\n<p>Entre os valores definidos:<\/p>\n<p>Refrigerante em lata: at\u00e9 R$ 10<br \/>\nRefrigerante (1 litro): at\u00e9 R$ 18<br \/>\n\u00c1gua mineral: entre R$ 7 e R$ 8<\/p>\n<p><strong>Bebidas alco\u00f3licas<\/strong><\/p>\n<p>Os pre\u00e7os variam conforme a marca:<\/p>\n<p>Cervejas em lata: entre R$ 8 e R$ 12<br \/>\nBebidas destiladas: podem ultrapassar R$ 100<\/p>\n<p><strong>Item mais caro<\/strong><\/p>\n<p>O produto com maior valor na tabela \u00e9:<\/p>\n<p>Whisky Chivas Regal 12 anos (1 litro): at\u00e9 R$ 300<\/p>\n<p><strong>Repercuss\u00e3o<\/strong><\/p>\n<p>A divulga\u00e7\u00e3o gerou debates nas redes sociais, com opini\u00f5es divididas sobre os valores estabelecidos. Enquanto alguns consideram os pre\u00e7os elevados, outros destacam que os valores representam apenas o limite m\u00e1ximo permitido.<\/p>\n<p><strong>Festa em andamento<\/strong><\/p>\n<p>O S\u00e3o Jo\u00e3o de Caruaru, um dos maiores festejos juninos do Brasil, segue com programa\u00e7\u00e3o at\u00e9 o dia 27 de junho, reunindo shows, apresenta\u00e7\u00f5es culturais e polos tem\u00e1ticos em toda a cidade.<\/p>\n<p><img fetchpriority=\"high\" decoding=\"async\" class=\"aligncenter wp-image-6300 size-full\" src=\"https:\/\/ellotv.com.br\/site\/wp-content\/uploads\/2026\/06\/WhatsApp-Image-2026-06-02-at-21.18.56-1.jpeg\" alt=\"\" width=\"1192\" height=\"1600\" srcset=\"https:\/\/ellotv.com.br\/site\/wp-content\/uploads\/2026\/06\/WhatsApp-Image-2026-06-02-at-21.18.56-1.jpeg 1192w, https:\/\/ellotv.com.br\/site\/wp-content\/uploads\/2026\/06\/WhatsApp-Image-2026-06-02-at-21.18.56-1-224x300.jpeg 224w, https:\/\/ellotv.com.br\/site\/wp-content\/uploads\/2026\/06\/WhatsApp-Image-2026-06-02-at-21.18.56-1-763x1024.jpeg 763w, https:\/\/ellotv.com.br\/site\/wp-content\/uploads\/2026\/06\/WhatsApp-Image-2026-06-02-at-21.18.56-1-768x1031.jpeg 768w, https:\/\/ellotv.com.br\/site\/wp-content\/uploads\/2026\/06\/WhatsApp-Image-2026-06-02-at-21.18.56-1-1144x1536.jpeg 1144w, https:\/\/ellotv.com.br\/site\/wp-content\/uploads\/2026\/06\/WhatsApp-Image-2026-06-02-at-21.18.56-1-1024x1374.jpeg 1024w\" sizes=\"(max-width: 1192px) 100vw, 1192px\" \/><\/p>\n","protected":false},"excerpt":{"rendered":"<p>S\u00e3o Jo\u00e3o de Caruaru 2026 tem tabela com pre\u00e7os m\u00e1ximos de produtos divulgada A organiza\u00e7\u00e3o do S\u00e3o Jo\u00e3o<\/p>\n","protected":false},"author":2,"featured_media":6299,"comment_status":"open","ping_status":"open","sticky":false,"template":"","format":"standard","meta":{"footnotes":""},"categories":[12,9],"tags":[],"class_list":["post-6298","post","type-post","status-publish","format-standard","has-post-thumbnail","hentry","category-noticias","category-regional"],"yoast_head":"<!-- This site is optimized with the Yoast SEO plugin v28.3 - https:\/\/yoast.com\/product\/yoast-seo-wordpress\/ -->\n<title>S\u00e3o Jo\u00e3o de Caruaru divulga tabela de pre\u00e7os e valores repercutem nas redes sociais - Ello TV<\/title>\n<meta name=\"description\" content=\"S\u00e3o Jo\u00e3o de Caruaru 2026 divulga tabela com pre\u00e7os m\u00e1ximos de bebidas e produtos, gerando debate entre o p\u00fablico.\" \/>\n<meta name=\"robots\" content=\"index, follow, max-snippet:-1, max-image-preview:large, max-video-preview:-1\" \/>\n<link rel=\"canonical\" href=\"https:\/\/ellotv.com.br\/site\/2026\/06\/03\/sao-joao-de-caruaru-divulga-tabela-de-precos-e-valores-repercutem-nas-redes-sociais\/\" \/>\n<meta property=\"og:locale\" content=\"pt_BR\" \/>\n<meta property=\"og:type\" content=\"article\" \/>\n<meta property=\"og:title\" content=\"S\u00e3o Jo\u00e3o de Caruaru divulga tabela de pre\u00e7os e valores repercutem nas redes sociais - Ello TV\" \/>\n<meta property=\"og:description\" content=\"S\u00e3o Jo\u00e3o de Caruaru 2026 divulga tabela com pre\u00e7os m\u00e1ximos de bebidas e produtos, gerando debate entre o p\u00fablico.\" \/>\n<meta property=\"og:url\" content=\"https:\/\/ellotv.com.br\/site\/2026\/06\/03\/sao-joao-de-caruaru-divulga-tabela-de-precos-e-valores-repercutem-nas-redes-sociais\/\" \/>\n<meta property=\"og:site_name\" content=\"Ello TV\" \/>\n<meta property=\"article:published_time\" content=\"2026-06-03T20:46:15+00:00\" \/>\n<meta property=\"og:image\" content=\"https:\/\/ellotv.com.br\/site\/wp-content\/uploads\/2026\/06\/WhatsApp-Image-2026-06-02-at-21.18.56.jpeg\" \/>\n\t<meta property=\"og:image:width\" content=\"900\" \/>\n\t<meta property=\"og:image:height\" content=\"1600\" \/>\n\t<meta property=\"og:image:type\" content=\"image\/jpeg\" \/>\n<meta name=\"author\" content=\"ELLO TV\" \/>\n<meta name=\"twitter:card\" content=\"summary_large_image\" \/>\n<meta name=\"twitter:label1\" content=\"Escrito por\" \/>\n\t<meta name=\"twitter:data1\" content=\"ELLO TV\" \/>\n\t<meta name=\"twitter:label2\" content=\"Est. tempo de leitura\" \/>\n\t<meta name=\"twitter:data2\" content=\"1 minuto\" \/>\n<script type=\"application\/ld+json\" class=\"yoast-schema-graph\">{\"@context\":\"https:\\\/\\\/schema.org\",\"@graph\":[{\"@type\":\"Article\",\"@id\":\"https:\\\/\\\/ellotv.com.br\\\/site\\\/2026\\\/06\\\/03\\\/sao-joao-de-caruaru-divulga-tabela-de-precos-e-valores-repercutem-nas-redes-sociais\\\/#article\",\"isPartOf\":{\"@id\":\"https:\\\/\\\/ellotv.com.br\\\/site\\\/2026\\\/06\\\/03\\\/sao-joao-de-caruaru-divulga-tabela-de-precos-e-valores-repercutem-nas-redes-sociais\\\/\"},\"author\":{\"name\":\"ELLO TV\",\"@id\":\"https:\\\/\\\/ellotv.com.br\\\/site\\\/#\\\/schema\\\/person\\\/2dbe3abaee38dcc7332fc8205cd2b15d\"},\"headline\":\"S\u00e3o Jo\u00e3o de Caruaru divulga tabela de pre\u00e7os e valores repercutem nas redes sociais\",\"datePublished\":\"2026-06-03T20:46:15+00:00\",\"mainEntityOfPage\":{\"@id\":\"https:\\\/\\\/ellotv.com.br\\\/site\\\/2026\\\/06\\\/03\\\/sao-joao-de-caruaru-divulga-tabela-de-precos-e-valores-repercutem-nas-redes-sociais\\\/\"},\"wordCount\":230,\"commentCount\":0,\"publisher\":{\"@id\":\"https:\\\/\\\/ellotv.com.br\\\/site\\\/#organization\"},\"image\":{\"@id\":\"https:\\\/\\\/ellotv.com.br\\\/site\\\/2026\\\/06\\\/03\\\/sao-joao-de-caruaru-divulga-tabela-de-precos-e-valores-repercutem-nas-redes-sociais\\\/#primaryimage\"},\"thumbnailUrl\":\"https:\\\/\\\/ellotv.com.br\\\/site\\\/wp-content\\\/uploads\\\/2026\\\/06\\\/WhatsApp-Image-2026-06-02-at-21.18.56.jpeg\",\"articleSection\":[\"Noticias\",\"Regional\"],\"inLanguage\":\"pt-BR\",\"potentialAction\":[{\"@type\":\"CommentAction\",\"name\":\"Comment\",\"target\":[\"https:\\\/\\\/ellotv.com.br\\\/site\\\/2026\\\/06\\\/03\\\/sao-joao-de-caruaru-divulga-tabela-de-precos-e-valores-repercutem-nas-redes-sociais\\\/#respond\"]}]},{\"@type\":\"WebPage\",\"@id\":\"https:\\\/\\\/ellotv.com.br\\\/site\\\/2026\\\/06\\\/03\\\/sao-joao-de-caruaru-divulga-tabela-de-precos-e-valores-repercutem-nas-redes-sociais\\\/\",\"url\":\"https:\\\/\\\/ellotv.com.br\\\/site\\\/2026\\\/06\\\/03\\\/sao-joao-de-caruaru-divulga-tabela-de-precos-e-valores-repercutem-nas-redes-sociais\\\/\",\"name\":\"S\u00e3o Jo\u00e3o de Caruaru divulga tabela de pre\u00e7os e valores repercutem nas redes sociais - Ello TV\",\"isPartOf\":{\"@id\":\"https:\\\/\\\/ellotv.com.br\\\/site\\\/#website\"},\"primaryImageOfPage\":{\"@id\":\"https:\\\/\\\/ellotv.com.br\\\/site\\\/2026\\\/06\\\/03\\\/sao-joao-de-caruaru-divulga-tabela-de-precos-e-valores-repercutem-nas-redes-sociais\\\/#primaryimage\"},\"image\":{\"@id\":\"https:\\\/\\\/ellotv.com.br\\\/site\\\/2026\\\/06\\\/03\\\/sao-joao-de-caruaru-divulga-tabela-de-precos-e-valores-repercutem-nas-redes-sociais\\\/#primaryimage\"},\"thumbnailUrl\":\"https:\\\/\\\/ellotv.com.br\\\/site\\\/wp-content\\\/uploads\\\/2026\\\/06\\\/WhatsApp-Image-2026-06-02-at-21.18.56.jpeg\",\"datePublished\":\"2026-06-03T20:46:15+00:00\",\"description\":\"S\u00e3o Jo\u00e3o de Caruaru 2026 divulga tabela com pre\u00e7os m\u00e1ximos de bebidas e produtos, gerando debate entre o p\u00fablico.\",\"breadcrumb\":{\"@id\":\"https:\\\/\\\/ellotv.com.br\\\/site\\\/2026\\\/06\\\/03\\\/sao-joao-de-caruaru-divulga-tabela-de-precos-e-valores-repercutem-nas-redes-sociais\\\/#breadcrumb\"},\"inLanguage\":\"pt-BR\",\"potentialAction\":[{\"@type\":\"ReadAction\",\"target\":[\"https:\\\/\\\/ellotv.com.br\\\/site\\\/2026\\\/06\\\/03\\\/sao-joao-de-caruaru-divulga-tabela-de-precos-e-valores-repercutem-nas-redes-sociais\\\/\"]}]},{\"@type\":\"ImageObject\",\"inLanguage\":\"pt-BR\",\"@id\":\"https:\\\/\\\/ellotv.com.br\\\/site\\\/2026\\\/06\\\/03\\\/sao-joao-de-caruaru-divulga-tabela-de-precos-e-valores-repercutem-nas-redes-sociais\\\/#primaryimage\",\"url\":\"https:\\\/\\\/ellotv.com.br\\\/site\\\/wp-content\\\/uploads\\\/2026\\\/06\\\/WhatsApp-Image-2026-06-02-at-21.18.56.jpeg\",\"contentUrl\":\"https:\\\/\\\/ellotv.com.br\\\/site\\\/wp-content\\\/uploads\\\/2026\\\/06\\\/WhatsApp-Image-2026-06-02-at-21.18.56.jpeg\",\"width\":900,\"height\":1600},{\"@type\":\"BreadcrumbList\",\"@id\":\"https:\\\/\\\/ellotv.com.br\\\/site\\\/2026\\\/06\\\/03\\\/sao-joao-de-caruaru-divulga-tabela-de-precos-e-valores-repercutem-nas-redes-sociais\\\/#breadcrumb\",\"itemListElement\":[{\"@type\":\"ListItem\",\"position\":1,\"name\":\"In\u00edcio\",\"item\":\"https:\\\/\\\/ellotv.com.br\\\/site\\\/\"},{\"@type\":\"ListItem\",\"position\":2,\"name\":\"S\u00e3o Jo\u00e3o de Caruaru divulga tabela de pre\u00e7os e valores repercutem nas redes sociais\"}]},{\"@type\":\"WebSite\",\"@id\":\"https:\\\/\\\/ellotv.com.br\\\/site\\\/#website\",\"url\":\"https:\\\/\\\/ellotv.com.br\\\/site\\\/\",\"name\":\"ELLO TV\",\"description\":\"\",\"publisher\":{\"@id\":\"https:\\\/\\\/ellotv.com.br\\\/site\\\/#organization\"},\"potentialAction\":[{\"@type\":\"SearchAction\",\"target\":{\"@type\":\"EntryPoint\",\"urlTemplate\":\"https:\\\/\\\/ellotv.com.br\\\/site\\\/?s={search_term_string}\"},\"query-input\":{\"@type\":\"PropertyValueSpecification\",\"valueRequired\":true,\"valueName\":\"search_term_string\"}}],\"inLanguage\":\"pt-BR\"},{\"@type\":\"Organization\",\"@id\":\"https:\\\/\\\/ellotv.com.br\\\/site\\\/#organization\",\"name\":\"ELLO TV\",\"url\":\"https:\\\/\\\/ellotv.com.br\\\/site\\\/\",\"logo\":{\"@type\":\"ImageObject\",\"inLanguage\":\"pt-BR\",\"@id\":\"https:\\\/\\\/ellotv.com.br\\\/site\\\/#\\\/schema\\\/logo\\\/image\\\/\",\"url\":\"https:\\\/\\\/ellotv.com.br\\\/site\\\/wp-content\\\/uploads\\\/2025\\\/11\\\/ello-logo-2.fw_.png\",\"contentUrl\":\"https:\\\/\\\/ellotv.com.br\\\/site\\\/wp-content\\\/uploads\\\/2025\\\/11\\\/ello-logo-2.fw_.png\",\"width\":400,\"height\":146,\"caption\":\"ELLO TV\"},\"image\":{\"@id\":\"https:\\\/\\\/ellotv.com.br\\\/site\\\/#\\\/schema\\\/logo\\\/image\\\/\"}},{\"@type\":\"Person\",\"@id\":\"https:\\\/\\\/ellotv.com.br\\\/site\\\/#\\\/schema\\\/person\\\/2dbe3abaee38dcc7332fc8205cd2b15d\",\"name\":\"ELLO TV\",\"image\":{\"@type\":\"ImageObject\",\"inLanguage\":\"pt-BR\",\"@id\":\"https:\\\/\\\/secure.gravatar.com\\\/avatar\\\/c38242b9da8ec217ac3f0aaee31a54f7d7befb11b2b47fdbc8fb0fad60afa1c6?s=96&d=mm&r=g\",\"url\":\"https:\\\/\\\/secure.gravatar.com\\\/avatar\\\/c38242b9da8ec217ac3f0aaee31a54f7d7befb11b2b47fdbc8fb0fad60afa1c6?s=96&d=mm&r=g\",\"contentUrl\":\"https:\\\/\\\/secure.gravatar.com\\\/avatar\\\/c38242b9da8ec217ac3f0aaee31a54f7d7befb11b2b47fdbc8fb0fad60afa1c6?s=96&d=mm&r=g\",\"caption\":\"ELLO TV\"},\"url\":\"https:\\\/\\\/ellotv.com.br\\\/site\\\/author\\\/elloagencia\\\/\"}]}<\/script>\n<!-- \/ Yoast SEO plugin. -->","yoast_head_json":{"title":"S\u00e3o Jo\u00e3o de Caruaru divulga tabela de pre\u00e7os e valores repercutem nas redes sociais - Ello TV","description":"S\u00e3o Jo\u00e3o de Caruaru 2026 divulga tabela com pre\u00e7os m\u00e1ximos de bebidas e produtos, gerando debate entre o p\u00fablico.","robots":{"index":"index","follow":"follow","max-snippet":"max-snippet:-1","max-image-preview":"max-image-preview:large","max-video-preview":"max-video-preview:-1"},"canonical":"https:\/\/ellotv.com.br\/site\/2026\/06\/03\/sao-joao-de-caruaru-divulga-tabela-de-precos-e-valores-repercutem-nas-redes-sociais\/","og_locale":"pt_BR","og_type":"article","og_title":"S\u00e3o Jo\u00e3o de Caruaru divulga tabela de pre\u00e7os e valores repercutem nas redes sociais - Ello TV","og_description":"S\u00e3o Jo\u00e3o de Caruaru 2026 divulga tabela com pre\u00e7os m\u00e1ximos de bebidas e produtos, gerando debate entre o p\u00fablico.","og_url":"https:\/\/ellotv.com.br\/site\/2026\/06\/03\/sao-joao-de-caruaru-divulga-tabela-de-precos-e-valores-repercutem-nas-redes-sociais\/","og_site_name":"Ello TV","article_published_time":"2026-06-03T20:46:15+00:00","og_image":[{"width":900,"height":1600,"url":"https:\/\/ellotv.com.br\/site\/wp-content\/uploads\/2026\/06\/WhatsApp-Image-2026-06-02-at-21.18.56.jpeg","type":"image\/jpeg"}],"author":"ELLO TV","twitter_card":"summary_large_image","twitter_misc":{"Escrito por":"ELLO TV","Est. tempo de leitura":"1 minuto"},"schema":{"@context":"https:\/\/schema.org","@graph":[{"@type":"Article","@id":"https:\/\/ellotv.com.br\/site\/2026\/06\/03\/sao-joao-de-caruaru-divulga-tabela-de-precos-e-valores-repercutem-nas-redes-sociais\/#article","isPartOf":{"@id":"https:\/\/ellotv.com.br\/site\/2026\/06\/03\/sao-joao-de-caruaru-divulga-tabela-de-precos-e-valores-repercutem-nas-redes-sociais\/"},"author":{"name":"ELLO TV","@id":"https:\/\/ellotv.com.br\/site\/#\/schema\/person\/2dbe3abaee38dcc7332fc8205cd2b15d"},"headline":"S\u00e3o Jo\u00e3o de Caruaru divulga tabela de pre\u00e7os e valores repercutem nas redes sociais","datePublished":"2026-06-03T20:46:15+00:00","mainEntityOfPage":{"@id":"https:\/\/ellotv.com.br\/site\/2026\/06\/03\/sao-joao-de-caruaru-divulga-tabela-de-precos-e-valores-repercutem-nas-redes-sociais\/"},"wordCount":230,"commentCount":0,"publisher":{"@id":"https:\/\/ellotv.com.br\/site\/#organization"},"image":{"@id":"https:\/\/ellotv.com.br\/site\/2026\/06\/03\/sao-joao-de-caruaru-divulga-tabela-de-precos-e-valores-repercutem-nas-redes-sociais\/#primaryimage"},"thumbnailUrl":"https:\/\/ellotv.com.br\/site\/wp-content\/uploads\/2026\/06\/WhatsApp-Image-2026-06-02-at-21.18.56.jpeg","articleSection":["Noticias","Regional"],"inLanguage":"pt-BR","potentialAction":[{"@type":"CommentAction","name":"Comment","target":["https:\/\/ellotv.com.br\/site\/2026\/06\/03\/sao-joao-de-caruaru-divulga-tabela-de-precos-e-valores-repercutem-nas-redes-sociais\/#respond"]}]},{"@type":"WebPage","@id":"https:\/\/ellotv.com.br\/site\/2026\/06\/03\/sao-joao-de-caruaru-divulga-tabela-de-precos-e-valores-repercutem-nas-redes-sociais\/","url":"https:\/\/ellotv.com.br\/site\/2026\/06\/03\/sao-joao-de-caruaru-divulga-tabela-de-precos-e-valores-repercutem-nas-redes-sociais\/","name":"S\u00e3o Jo\u00e3o de Caruaru divulga tabela de pre\u00e7os e valores repercutem nas redes sociais - Ello TV","isPartOf":{"@id":"https:\/\/ellotv.com.br\/site\/#website"},"primaryImageOfPage":{"@id":"https:\/\/ellotv.com.br\/site\/2026\/06\/03\/sao-joao-de-caruaru-divulga-tabela-de-precos-e-valores-repercutem-nas-redes-sociais\/#primaryimage"},"image":{"@id":"https:\/\/ellotv.com.br\/site\/2026\/06\/03\/sao-joao-de-caruaru-divulga-tabela-de-precos-e-valores-repercutem-nas-redes-sociais\/#primaryimage"},"thumbnailUrl":"https:\/\/ellotv.com.br\/site\/wp-content\/uploads\/2026\/06\/WhatsApp-Image-2026-06-02-at-21.18.56.jpeg","datePublished":"2026-06-03T20:46:15+00:00","description":"S\u00e3o Jo\u00e3o de Caruaru 2026 divulga tabela com pre\u00e7os m\u00e1ximos de bebidas e produtos, gerando debate entre o p\u00fablico.","breadcrumb":{"@id":"https:\/\/ellotv.com.br\/site\/2026\/06\/03\/sao-joao-de-caruaru-divulga-tabela-de-precos-e-valores-repercutem-nas-redes-sociais\/#breadcrumb"},"inLanguage":"pt-BR","potentialAction":[{"@type":"ReadAction","target":["https:\/\/ellotv.com.br\/site\/2026\/06\/03\/sao-joao-de-caruaru-divulga-tabela-de-precos-e-valores-repercutem-nas-redes-sociais\/"]}]},{"@type":"ImageObject","inLanguage":"pt-BR","@id":"https:\/\/ellotv.com.br\/site\/2026\/06\/03\/sao-joao-de-caruaru-divulga-tabela-de-precos-e-valores-repercutem-nas-redes-sociais\/#primaryimage","url":"https:\/\/ellotv.com.br\/site\/wp-content\/uploads\/2026\/06\/WhatsApp-Image-2026-06-02-at-21.18.56.jpeg","contentUrl":"https:\/\/ellotv.com.br\/site\/wp-content\/uploads\/2026\/06\/WhatsApp-Image-2026-06-02-at-21.18.56.jpeg","width":900,"height":1600},{"@type":"BreadcrumbList","@id":"https:\/\/ellotv.com.br\/site\/2026\/06\/03\/sao-joao-de-caruaru-divulga-tabela-de-precos-e-valores-repercutem-nas-redes-sociais\/#breadcrumb","itemListElement":[{"@type":"ListItem","position":1,"name":"In\u00edcio","item":"https:\/\/ellotv.com.br\/site\/"},{"@type":"ListItem","position":2,"name":"S\u00e3o Jo\u00e3o de Caruaru divulga tabela de pre\u00e7os e valores repercutem nas redes sociais"}]},{"@type":"WebSite","@id":"https:\/\/ellotv.com.br\/site\/#website","url":"https:\/\/ellotv.com.br\/site\/","name":"ELLO TV","description":"","publisher":{"@id":"https:\/\/ellotv.com.br\/site\/#organization"},"potentialAction":[{"@type":"SearchAction","target":{"@type":"EntryPoint","urlTemplate":"https:\/\/ellotv.com.br\/site\/?s={search_term_string}"},"query-input":{"@type":"PropertyValueSpecification","valueRequired":true,"valueName":"search_term_string"}}],"inLanguage":"pt-BR"},{"@type":"Organization","@id":"https:\/\/ellotv.com.br\/site\/#organization","name":"ELLO TV","url":"https:\/\/ellotv.com.br\/site\/","logo":{"@type":"ImageObject","inLanguage":"pt-BR","@id":"https:\/\/ellotv.com.br\/site\/#\/schema\/logo\/image\/","url":"https:\/\/ellotv.com.br\/site\/wp-content\/uploads\/2025\/11\/ello-logo-2.fw_.png","contentUrl":"https:\/\/ellotv.com.br\/site\/wp-content\/uploads\/2025\/11\/ello-logo-2.fw_.png","width":400,"height":146,"caption":"ELLO TV"},"image":{"@id":"https:\/\/ellotv.com.br\/site\/#\/schema\/logo\/image\/"}},{"@type":"Person","@id":"https:\/\/ellotv.com.br\/site\/#\/schema\/person\/2dbe3abaee38dcc7332fc8205cd2b15d","name":"ELLO TV","image":{"@type":"ImageObject","inLanguage":"pt-BR","@id":"https:\/\/secure.gravatar.com\/avatar\/c38242b9da8ec217ac3f0aaee31a54f7d7befb11b2b47fdbc8fb0fad60afa1c6?s=96&d=mm&r=g","url":"https:\/\/secure.gravatar.com\/avatar\/c38242b9da8ec217ac3f0aaee31a54f7d7befb11b2b47fdbc8fb0fad60afa1c6?s=96&d=mm&r=g","contentUrl":"https:\/\/secure.gravatar.com\/avatar\/c38242b9da8ec217ac3f0aaee31a54f7d7befb11b2b47fdbc8fb0fad60afa1c6?s=96&d=mm&r=g","caption":"ELLO TV"},"url":"https:\/\/ellotv.com.br\/site\/author\/elloagencia\/"}]}},"featured_image_urls":{"full":["https:\/\/ellotv.com.br\/site\/wp-content\/uploads\/2026\/06\/WhatsApp-Image-2026-06-02-at-21.18.56.jpeg",900,1600,false],"thumbnail":["https:\/\/ellotv.com.br\/site\/wp-content\/uploads\/2026\/06\/WhatsApp-Image-2026-06-02-at-21.18.56-150x150.jpeg",150,150,true],"medium":["https:\/\/ellotv.com.br\/site\/wp-content\/uploads\/2026\/06\/WhatsApp-Image-2026-06-02-at-21.18.56-169x300.jpeg",169,300,true],"medium_large":["https:\/\/ellotv.com.br\/site\/wp-content\/uploads\/2026\/06\/WhatsApp-Image-2026-06-02-at-21.18.56-768x1365.jpeg",640,1138,true],"large":["https:\/\/ellotv.com.br\/site\/wp-content\/uploads\/2026\/06\/WhatsApp-Image-2026-06-02-at-21.18.56-576x1024.jpeg",576,1024,true],"1536x1536":["https:\/\/ellotv.com.br\/site\/wp-content\/uploads\/2026\/06\/WhatsApp-Image-2026-06-02-at-21.18.56-864x1536.jpeg",864,1536,true],"2048x2048":["https:\/\/ellotv.com.br\/site\/wp-content\/uploads\/2026\/06\/WhatsApp-Image-2026-06-02-at-21.18.56.jpeg",900,1600,false],"darknews-slider-full":["https:\/\/ellotv.com.br\/site\/wp-content\/uploads\/2026\/06\/WhatsApp-Image-2026-06-02-at-21.18.56-900x720.jpeg",900,720,true],"darknews-featured":["https:\/\/ellotv.com.br\/site\/wp-content\/uploads\/2026\/06\/WhatsApp-Image-2026-06-02-at-21.18.56.jpeg",900,1600,false],"darknews-medium":["https:\/\/ellotv.com.br\/site\/wp-content\/uploads\/2026\/06\/WhatsApp-Image-2026-06-02-at-21.18.56-720x530.jpeg",720,530,true],"darknews-medium-square":["https:\/\/ellotv.com.br\/site\/wp-content\/uploads\/2026\/06\/WhatsApp-Image-2026-06-02-at-21.18.56-350x350.jpeg",350,350,true]},"author_info":{"info":["ELLO TV"]},"category_info":"<a href=\"https:\/\/ellotv.com.br\/site\/category\/noticias\/\" rel=\"category tag\">Noticias<\/a> <a href=\"https:\/\/ellotv.com.br\/site\/category\/regional\/\" rel=\"category tag\">Regional<\/a>","tag_info":"Regional","comment_count":"0","_links":{"self":[{"href":"https:\/\/ellotv.com.br\/site\/wp-json\/wp\/v2\/posts\/6298","targetHints":{"allow":["GET"]}}],"collection":[{"href":"https:\/\/ellotv.com.br\/site\/wp-json\/wp\/v2\/posts"}],"about":[{"href":"https:\/\/ellotv.com.br\/site\/wp-json\/wp\/v2\/types\/post"}],"author":[{"embeddable":true,"href":"https:\/\/ellotv.com.br\/site\/wp-json\/wp\/v2\/users\/2"}],"replies":[{"embeddable":true,"href":"https:\/\/ellotv.com.br\/site\/wp-json\/wp\/v2\/comments?post=6298"}],"version-history":[{"count":1,"href":"https:\/\/ellotv.com.br\/site\/wp-json\/wp\/v2\/posts\/6298\/revisions"}],"predecessor-version":[{"id":6301,"href":"https:\/\/ellotv.com.br\/site\/wp-json\/wp\/v2\/posts\/6298\/revisions\/6301"}],"wp:featuredmedia":[{"embeddable":true,"href":"https:\/\/ellotv.com.br\/site\/wp-json\/wp\/v2\/media\/6299"}],"wp:attachment":[{"href":"https:\/\/ellotv.com.br\/site\/wp-json\/wp\/v2\/media?parent=6298"}],"wp:term":[{"taxonomy":"category","embeddable":true,"href":"https:\/\/ellotv.com.br\/site\/wp-json\/wp\/v2\/categories?post=6298"},{"taxonomy":"post_tag","embeddable":true,"href":"https:\/\/ellotv.com.br\/site\/wp-json\/wp\/v2\/tags?post=6298"}],"curies":[{"name":"wp","href":"https:\/\/api.w.org\/{rel}","templated":true}]}}