{"id":6318,"date":"2026-06-05T16:53:27","date_gmt":"2026-06-05T19:53:27","guid":{"rendered":"https:\/\/ellotv.com.br\/site\/?p=6318"},"modified":"2026-06-05T16:53:27","modified_gmt":"2026-06-05T19:53:27","slug":"marconi-desembarca-em-petrolina-e-intensifica-articulacao-no-vale-do-sao-francisco","status":"publish","type":"post","link":"https:\/\/ellotv.com.br\/site\/2026\/06\/05\/marconi-desembarca-em-petrolina-e-intensifica-articulacao-no-vale-do-sao-francisco\/","title":{"rendered":"Marconi desembarca em Petrolina e intensifica articula\u00e7\u00e3o no Vale do S\u00e3o Francisco"},"content":{"rendered":"<h3>Marconi Santana cumpre agenda pol\u00edtica em Petrolina e intensifica articula\u00e7\u00f5es no Sert\u00e3o<\/h3>\n<p>Marconi Santana iniciou, nesta sexta-feira, uma agenda pol\u00edtica em Petrolina, no Sert\u00e3o do S\u00e3o Francisco, com compromissos que devem seguir ao longo do final de semana.<\/p>\n<p><strong>Chegada estrat\u00e9gica<\/strong><\/p>\n<p>A presen\u00e7a em Petrolina marca mais um movimento da pr\u00e9-campanha, com foco em ampliar o di\u00e1logo e fortalecer articula\u00e7\u00f5es em diferentes regi\u00f5es de Pernambuco.<\/p>\n<p><strong>Encontro com lideran\u00e7as<\/strong><\/p>\n<p>Na chegada, Marconi esteve ao lado de apoiadores e lideran\u00e7as locais, entre eles:<\/p>\n<p>Peixoto<br \/>\nBispo Edvaldo<br \/>\nExpedito Nogueira<br \/>\nVal da Sa\u00fade<br \/>\nGivonaldo Refrigera\u00e7\u00e3o<br \/>\nEdilson<br \/>\nEdnarte<br \/>\nPaulo Lima<\/p>\n<p><strong>Import\u00e2ncia da regi\u00e3o<\/strong><\/p>\n<p>O Vale do S\u00e3o Francisco \u00e9 considerado uma das regi\u00f5es mais estrat\u00e9gicas do estado, tanto pelo peso econ\u00f4mico quanto pela relev\u00e2ncia pol\u00edtica.<\/p>\n<p><strong>Estrat\u00e9gia de proximidade<\/strong><\/p>\n<p>Marconi tem apostado em uma pr\u00e9-campanha baseada no contato direto, priorizando encontros presenciais, escuta ativa e constru\u00e7\u00e3o de apoios consistentes.<\/p>\n<p><strong>Movimenta\u00e7\u00e3o pol\u00edtica<\/strong><\/p>\n<p>A agenda no Sert\u00e3o refor\u00e7a o crescimento da articula\u00e7\u00e3o pol\u00edtica, com presen\u00e7a constante e atua\u00e7\u00e3o nos bastidores.<\/p>\n<p><strong>Pr\u00f3ximos passos<\/strong><\/p>\n<p>A expectativa \u00e9 de novos compromissos ao longo do final de semana, com reuni\u00f5es e encontros que devem ampliar a base de apoio na regi\u00e3o.<\/p>\n<p><img fetchpriority=\"high\" decoding=\"async\" class=\"aligncenter wp-image-6323 size-large\" src=\"https:\/\/ellotv.com.br\/site\/wp-content\/uploads\/2026\/06\/WhatsApp-Image-2026-06-05-at-16.11.29-768x1024.jpeg\" alt=\"\" width=\"640\" height=\"853\" srcset=\"https:\/\/ellotv.com.br\/site\/wp-content\/uploads\/2026\/06\/WhatsApp-Image-2026-06-05-at-16.11.29-768x1024.jpeg 768w, https:\/\/ellotv.com.br\/site\/wp-content\/uploads\/2026\/06\/WhatsApp-Image-2026-06-05-at-16.11.29-225x300.jpeg 225w, https:\/\/ellotv.com.br\/site\/wp-content\/uploads\/2026\/06\/WhatsApp-Image-2026-06-05-at-16.11.29.jpeg 960w\" sizes=\"(max-width: 640px) 100vw, 640px\" \/> <img decoding=\"async\" class=\"aligncenter wp-image-6322 size-large\" src=\"https:\/\/ellotv.com.br\/site\/wp-content\/uploads\/2026\/06\/WhatsApp-Image-2026-06-05-at-16.11.29-3-768x1024.jpeg\" alt=\"\" width=\"640\" height=\"853\" srcset=\"https:\/\/ellotv.com.br\/site\/wp-content\/uploads\/2026\/06\/WhatsApp-Image-2026-06-05-at-16.11.29-3-768x1024.jpeg 768w, https:\/\/ellotv.com.br\/site\/wp-content\/uploads\/2026\/06\/WhatsApp-Image-2026-06-05-at-16.11.29-3-225x300.jpeg 225w, https:\/\/ellotv.com.br\/site\/wp-content\/uploads\/2026\/06\/WhatsApp-Image-2026-06-05-at-16.11.29-3.jpeg 960w\" sizes=\"(max-width: 640px) 100vw, 640px\" \/> <img decoding=\"async\" class=\"aligncenter wp-image-6320 size-large\" src=\"https:\/\/ellotv.com.br\/site\/wp-content\/uploads\/2026\/06\/WhatsApp-Image-2026-06-05-at-16.11.29-1-768x1024.jpeg\" alt=\"\" width=\"640\" height=\"853\" srcset=\"https:\/\/ellotv.com.br\/site\/wp-content\/uploads\/2026\/06\/WhatsApp-Image-2026-06-05-at-16.11.29-1-768x1024.jpeg 768w, https:\/\/ellotv.com.br\/site\/wp-content\/uploads\/2026\/06\/WhatsApp-Image-2026-06-05-at-16.11.29-1-225x300.jpeg 225w, https:\/\/ellotv.com.br\/site\/wp-content\/uploads\/2026\/06\/WhatsApp-Image-2026-06-05-at-16.11.29-1.jpeg 960w\" sizes=\"(max-width: 640px) 100vw, 640px\" \/> <img loading=\"lazy\" decoding=\"async\" class=\"aligncenter wp-image-6319 size-large\" src=\"https:\/\/ellotv.com.br\/site\/wp-content\/uploads\/2026\/06\/WhatsApp-Image-2026-06-05-at-16.11.28-768x1024.jpeg\" alt=\"\" width=\"640\" height=\"853\" srcset=\"https:\/\/ellotv.com.br\/site\/wp-content\/uploads\/2026\/06\/WhatsApp-Image-2026-06-05-at-16.11.28-768x1024.jpeg 768w, https:\/\/ellotv.com.br\/site\/wp-content\/uploads\/2026\/06\/WhatsApp-Image-2026-06-05-at-16.11.28-225x300.jpeg 225w, https:\/\/ellotv.com.br\/site\/wp-content\/uploads\/2026\/06\/WhatsApp-Image-2026-06-05-at-16.11.28.jpeg 960w\" sizes=\"(max-width: 640px) 100vw, 640px\" \/><\/p>\n","protected":false},"excerpt":{"rendered":"<p>Marconi Santana cumpre agenda pol\u00edtica em Petrolina e intensifica articula\u00e7\u00f5es no Sert\u00e3o Marconi Santana iniciou, nesta sexta-feira, uma<\/p>\n","protected":false},"author":2,"featured_media":6321,"comment_status":"open","ping_status":"open","sticky":false,"template":"","format":"standard","meta":{"footnotes":""},"categories":[12,9],"tags":[],"class_list":["post-6318","post","type-post","status-publish","format-standard","has-post-thumbnail","hentry","category-noticias","category-regional"],"yoast_head":"<!-- This site is optimized with the Yoast SEO plugin v28.3 - https:\/\/yoast.com\/product\/yoast-seo-wordpress\/ -->\n<title>Marconi desembarca em Petrolina e intensifica articula\u00e7\u00e3o no Vale do S\u00e3o Francisco - Ello TV<\/title>\n<meta name=\"description\" content=\"Marconi Santana cumpre agenda em Petrolina e intensifica articula\u00e7\u00f5es pol\u00edticas no Sert\u00e3o do S\u00e3o Francisco.\" \/>\n<meta name=\"robots\" content=\"index, follow, max-snippet:-1, max-image-preview:large, max-video-preview:-1\" \/>\n<link rel=\"canonical\" href=\"https:\/\/ellotv.com.br\/site\/2026\/06\/05\/marconi-desembarca-em-petrolina-e-intensifica-articulacao-no-vale-do-sao-francisco\/\" \/>\n<meta property=\"og:locale\" content=\"pt_BR\" \/>\n<meta property=\"og:type\" content=\"article\" \/>\n<meta property=\"og:title\" content=\"Marconi desembarca em Petrolina e intensifica articula\u00e7\u00e3o no Vale do S\u00e3o Francisco - Ello TV\" \/>\n<meta property=\"og:description\" content=\"Marconi Santana cumpre agenda em Petrolina e intensifica articula\u00e7\u00f5es pol\u00edticas no Sert\u00e3o do S\u00e3o Francisco.\" \/>\n<meta property=\"og:url\" content=\"https:\/\/ellotv.com.br\/site\/2026\/06\/05\/marconi-desembarca-em-petrolina-e-intensifica-articulacao-no-vale-do-sao-francisco\/\" \/>\n<meta property=\"og:site_name\" content=\"Ello TV\" \/>\n<meta property=\"article:published_time\" content=\"2026-06-05T19:53:27+00:00\" \/>\n<meta property=\"og:image\" content=\"https:\/\/ellotv.com.br\/site\/wp-content\/uploads\/2026\/06\/WhatsApp-Image-2026-06-05-at-16.11.29-2.jpeg\" \/>\n\t<meta property=\"og:image:width\" content=\"960\" \/>\n\t<meta property=\"og:image:height\" content=\"1280\" \/>\n\t<meta property=\"og:image:type\" content=\"image\/jpeg\" \/>\n<meta name=\"author\" content=\"ELLO TV\" \/>\n<meta name=\"twitter:card\" content=\"summary_large_image\" \/>\n<meta name=\"twitter:label1\" content=\"Escrito por\" \/>\n\t<meta name=\"twitter:data1\" content=\"ELLO TV\" \/>\n\t<meta name=\"twitter:label2\" content=\"Est. tempo de leitura\" \/>\n\t<meta name=\"twitter:data2\" content=\"1 minuto\" \/>\n<script type=\"application\/ld+json\" class=\"yoast-schema-graph\">{\"@context\":\"https:\\\/\\\/schema.org\",\"@graph\":[{\"@type\":\"Article\",\"@id\":\"https:\\\/\\\/ellotv.com.br\\\/site\\\/2026\\\/06\\\/05\\\/marconi-desembarca-em-petrolina-e-intensifica-articulacao-no-vale-do-sao-francisco\\\/#article\",\"isPartOf\":{\"@id\":\"https:\\\/\\\/ellotv.com.br\\\/site\\\/2026\\\/06\\\/05\\\/marconi-desembarca-em-petrolina-e-intensifica-articulacao-no-vale-do-sao-francisco\\\/\"},\"author\":{\"name\":\"ELLO TV\",\"@id\":\"https:\\\/\\\/ellotv.com.br\\\/site\\\/#\\\/schema\\\/person\\\/2dbe3abaee38dcc7332fc8205cd2b15d\"},\"headline\":\"Marconi desembarca em Petrolina e intensifica articula\u00e7\u00e3o no Vale do S\u00e3o Francisco\",\"datePublished\":\"2026-06-05T19:53:27+00:00\",\"mainEntityOfPage\":{\"@id\":\"https:\\\/\\\/ellotv.com.br\\\/site\\\/2026\\\/06\\\/05\\\/marconi-desembarca-em-petrolina-e-intensifica-articulacao-no-vale-do-sao-francisco\\\/\"},\"wordCount\":238,\"commentCount\":0,\"publisher\":{\"@id\":\"https:\\\/\\\/ellotv.com.br\\\/site\\\/#organization\"},\"image\":{\"@id\":\"https:\\\/\\\/ellotv.com.br\\\/site\\\/2026\\\/06\\\/05\\\/marconi-desembarca-em-petrolina-e-intensifica-articulacao-no-vale-do-sao-francisco\\\/#primaryimage\"},\"thumbnailUrl\":\"https:\\\/\\\/ellotv.com.br\\\/site\\\/wp-content\\\/uploads\\\/2026\\\/06\\\/WhatsApp-Image-2026-06-05-at-16.11.29-2.jpeg\",\"articleSection\":[\"Noticias\",\"Regional\"],\"inLanguage\":\"pt-BR\",\"potentialAction\":[{\"@type\":\"CommentAction\",\"name\":\"Comment\",\"target\":[\"https:\\\/\\\/ellotv.com.br\\\/site\\\/2026\\\/06\\\/05\\\/marconi-desembarca-em-petrolina-e-intensifica-articulacao-no-vale-do-sao-francisco\\\/#respond\"]}]},{\"@type\":\"WebPage\",\"@id\":\"https:\\\/\\\/ellotv.com.br\\\/site\\\/2026\\\/06\\\/05\\\/marconi-desembarca-em-petrolina-e-intensifica-articulacao-no-vale-do-sao-francisco\\\/\",\"url\":\"https:\\\/\\\/ellotv.com.br\\\/site\\\/2026\\\/06\\\/05\\\/marconi-desembarca-em-petrolina-e-intensifica-articulacao-no-vale-do-sao-francisco\\\/\",\"name\":\"Marconi desembarca em Petrolina e intensifica articula\u00e7\u00e3o no Vale do S\u00e3o Francisco - Ello TV\",\"isPartOf\":{\"@id\":\"https:\\\/\\\/ellotv.com.br\\\/site\\\/#website\"},\"primaryImageOfPage\":{\"@id\":\"https:\\\/\\\/ellotv.com.br\\\/site\\\/2026\\\/06\\\/05\\\/marconi-desembarca-em-petrolina-e-intensifica-articulacao-no-vale-do-sao-francisco\\\/#primaryimage\"},\"image\":{\"@id\":\"https:\\\/\\\/ellotv.com.br\\\/site\\\/2026\\\/06\\\/05\\\/marconi-desembarca-em-petrolina-e-intensifica-articulacao-no-vale-do-sao-francisco\\\/#primaryimage\"},\"thumbnailUrl\":\"https:\\\/\\\/ellotv.com.br\\\/site\\\/wp-content\\\/uploads\\\/2026\\\/06\\\/WhatsApp-Image-2026-06-05-at-16.11.29-2.jpeg\",\"datePublished\":\"2026-06-05T19:53:27+00:00\",\"description\":\"Marconi Santana cumpre agenda em Petrolina e intensifica articula\u00e7\u00f5es pol\u00edticas no Sert\u00e3o do S\u00e3o Francisco.\",\"breadcrumb\":{\"@id\":\"https:\\\/\\\/ellotv.com.br\\\/site\\\/2026\\\/06\\\/05\\\/marconi-desembarca-em-petrolina-e-intensifica-articulacao-no-vale-do-sao-francisco\\\/#breadcrumb\"},\"inLanguage\":\"pt-BR\",\"potentialAction\":[{\"@type\":\"ReadAction\",\"target\":[\"https:\\\/\\\/ellotv.com.br\\\/site\\\/2026\\\/06\\\/05\\\/marconi-desembarca-em-petrolina-e-intensifica-articulacao-no-vale-do-sao-francisco\\\/\"]}]},{\"@type\":\"ImageObject\",\"inLanguage\":\"pt-BR\",\"@id\":\"https:\\\/\\\/ellotv.com.br\\\/site\\\/2026\\\/06\\\/05\\\/marconi-desembarca-em-petrolina-e-intensifica-articulacao-no-vale-do-sao-francisco\\\/#primaryimage\",\"url\":\"https:\\\/\\\/ellotv.com.br\\\/site\\\/wp-content\\\/uploads\\\/2026\\\/06\\\/WhatsApp-Image-2026-06-05-at-16.11.29-2.jpeg\",\"contentUrl\":\"https:\\\/\\\/ellotv.com.br\\\/site\\\/wp-content\\\/uploads\\\/2026\\\/06\\\/WhatsApp-Image-2026-06-05-at-16.11.29-2.jpeg\",\"width\":960,\"height\":1280},{\"@type\":\"BreadcrumbList\",\"@id\":\"https:\\\/\\\/ellotv.com.br\\\/site\\\/2026\\\/06\\\/05\\\/marconi-desembarca-em-petrolina-e-intensifica-articulacao-no-vale-do-sao-francisco\\\/#breadcrumb\",\"itemListElement\":[{\"@type\":\"ListItem\",\"position\":1,\"name\":\"In\u00edcio\",\"item\":\"https:\\\/\\\/ellotv.com.br\\\/site\\\/\"},{\"@type\":\"ListItem\",\"position\":2,\"name\":\"Marconi desembarca em Petrolina e intensifica articula\u00e7\u00e3o no Vale do S\u00e3o Francisco\"}]},{\"@type\":\"WebSite\",\"@id\":\"https:\\\/\\\/ellotv.com.br\\\/site\\\/#website\",\"url\":\"https:\\\/\\\/ellotv.com.br\\\/site\\\/\",\"name\":\"ELLO TV\",\"description\":\"\",\"publisher\":{\"@id\":\"https:\\\/\\\/ellotv.com.br\\\/site\\\/#organization\"},\"potentialAction\":[{\"@type\":\"SearchAction\",\"target\":{\"@type\":\"EntryPoint\",\"urlTemplate\":\"https:\\\/\\\/ellotv.com.br\\\/site\\\/?s={search_term_string}\"},\"query-input\":{\"@type\":\"PropertyValueSpecification\",\"valueRequired\":true,\"valueName\":\"search_term_string\"}}],\"inLanguage\":\"pt-BR\"},{\"@type\":\"Organization\",\"@id\":\"https:\\\/\\\/ellotv.com.br\\\/site\\\/#organization\",\"name\":\"ELLO TV\",\"url\":\"https:\\\/\\\/ellotv.com.br\\\/site\\\/\",\"logo\":{\"@type\":\"ImageObject\",\"inLanguage\":\"pt-BR\",\"@id\":\"https:\\\/\\\/ellotv.com.br\\\/site\\\/#\\\/schema\\\/logo\\\/image\\\/\",\"url\":\"https:\\\/\\\/ellotv.com.br\\\/site\\\/wp-content\\\/uploads\\\/2025\\\/11\\\/ello-logo-2.fw_.png\",\"contentUrl\":\"https:\\\/\\\/ellotv.com.br\\\/site\\\/wp-content\\\/uploads\\\/2025\\\/11\\\/ello-logo-2.fw_.png\",\"width\":400,\"height\":146,\"caption\":\"ELLO TV\"},\"image\":{\"@id\":\"https:\\\/\\\/ellotv.com.br\\\/site\\\/#\\\/schema\\\/logo\\\/image\\\/\"}},{\"@type\":\"Person\",\"@id\":\"https:\\\/\\\/ellotv.com.br\\\/site\\\/#\\\/schema\\\/person\\\/2dbe3abaee38dcc7332fc8205cd2b15d\",\"name\":\"ELLO TV\",\"image\":{\"@type\":\"ImageObject\",\"inLanguage\":\"pt-BR\",\"@id\":\"https:\\\/\\\/secure.gravatar.com\\\/avatar\\\/c38242b9da8ec217ac3f0aaee31a54f7d7befb11b2b47fdbc8fb0fad60afa1c6?s=96&d=mm&r=g\",\"url\":\"https:\\\/\\\/secure.gravatar.com\\\/avatar\\\/c38242b9da8ec217ac3f0aaee31a54f7d7befb11b2b47fdbc8fb0fad60afa1c6?s=96&d=mm&r=g\",\"contentUrl\":\"https:\\\/\\\/secure.gravatar.com\\\/avatar\\\/c38242b9da8ec217ac3f0aaee31a54f7d7befb11b2b47fdbc8fb0fad60afa1c6?s=96&d=mm&r=g\",\"caption\":\"ELLO TV\"},\"url\":\"https:\\\/\\\/ellotv.com.br\\\/site\\\/author\\\/elloagencia\\\/\"}]}<\/script>\n<!-- \/ Yoast SEO plugin. -->","yoast_head_json":{"title":"Marconi desembarca em Petrolina e intensifica articula\u00e7\u00e3o no Vale do S\u00e3o Francisco - Ello TV","description":"Marconi Santana cumpre agenda em Petrolina e intensifica articula\u00e7\u00f5es pol\u00edticas no Sert\u00e3o do S\u00e3o Francisco.","robots":{"index":"index","follow":"follow","max-snippet":"max-snippet:-1","max-image-preview":"max-image-preview:large","max-video-preview":"max-video-preview:-1"},"canonical":"https:\/\/ellotv.com.br\/site\/2026\/06\/05\/marconi-desembarca-em-petrolina-e-intensifica-articulacao-no-vale-do-sao-francisco\/","og_locale":"pt_BR","og_type":"article","og_title":"Marconi desembarca em Petrolina e intensifica articula\u00e7\u00e3o no Vale do S\u00e3o Francisco - Ello TV","og_description":"Marconi Santana cumpre agenda em Petrolina e intensifica articula\u00e7\u00f5es pol\u00edticas no Sert\u00e3o do S\u00e3o Francisco.","og_url":"https:\/\/ellotv.com.br\/site\/2026\/06\/05\/marconi-desembarca-em-petrolina-e-intensifica-articulacao-no-vale-do-sao-francisco\/","og_site_name":"Ello TV","article_published_time":"2026-06-05T19:53:27+00:00","og_image":[{"width":960,"height":1280,"url":"https:\/\/ellotv.com.br\/site\/wp-content\/uploads\/2026\/06\/WhatsApp-Image-2026-06-05-at-16.11.29-2.jpeg","type":"image\/jpeg"}],"author":"ELLO TV","twitter_card":"summary_large_image","twitter_misc":{"Escrito por":"ELLO TV","Est. tempo de leitura":"1 minuto"},"schema":{"@context":"https:\/\/schema.org","@graph":[{"@type":"Article","@id":"https:\/\/ellotv.com.br\/site\/2026\/06\/05\/marconi-desembarca-em-petrolina-e-intensifica-articulacao-no-vale-do-sao-francisco\/#article","isPartOf":{"@id":"https:\/\/ellotv.com.br\/site\/2026\/06\/05\/marconi-desembarca-em-petrolina-e-intensifica-articulacao-no-vale-do-sao-francisco\/"},"author":{"name":"ELLO TV","@id":"https:\/\/ellotv.com.br\/site\/#\/schema\/person\/2dbe3abaee38dcc7332fc8205cd2b15d"},"headline":"Marconi desembarca em Petrolina e intensifica articula\u00e7\u00e3o no Vale do S\u00e3o Francisco","datePublished":"2026-06-05T19:53:27+00:00","mainEntityOfPage":{"@id":"https:\/\/ellotv.com.br\/site\/2026\/06\/05\/marconi-desembarca-em-petrolina-e-intensifica-articulacao-no-vale-do-sao-francisco\/"},"wordCount":238,"commentCount":0,"publisher":{"@id":"https:\/\/ellotv.com.br\/site\/#organization"},"image":{"@id":"https:\/\/ellotv.com.br\/site\/2026\/06\/05\/marconi-desembarca-em-petrolina-e-intensifica-articulacao-no-vale-do-sao-francisco\/#primaryimage"},"thumbnailUrl":"https:\/\/ellotv.com.br\/site\/wp-content\/uploads\/2026\/06\/WhatsApp-Image-2026-06-05-at-16.11.29-2.jpeg","articleSection":["Noticias","Regional"],"inLanguage":"pt-BR","potentialAction":[{"@type":"CommentAction","name":"Comment","target":["https:\/\/ellotv.com.br\/site\/2026\/06\/05\/marconi-desembarca-em-petrolina-e-intensifica-articulacao-no-vale-do-sao-francisco\/#respond"]}]},{"@type":"WebPage","@id":"https:\/\/ellotv.com.br\/site\/2026\/06\/05\/marconi-desembarca-em-petrolina-e-intensifica-articulacao-no-vale-do-sao-francisco\/","url":"https:\/\/ellotv.com.br\/site\/2026\/06\/05\/marconi-desembarca-em-petrolina-e-intensifica-articulacao-no-vale-do-sao-francisco\/","name":"Marconi desembarca em Petrolina e intensifica articula\u00e7\u00e3o no Vale do S\u00e3o Francisco - Ello TV","isPartOf":{"@id":"https:\/\/ellotv.com.br\/site\/#website"},"primaryImageOfPage":{"@id":"https:\/\/ellotv.com.br\/site\/2026\/06\/05\/marconi-desembarca-em-petrolina-e-intensifica-articulacao-no-vale-do-sao-francisco\/#primaryimage"},"image":{"@id":"https:\/\/ellotv.com.br\/site\/2026\/06\/05\/marconi-desembarca-em-petrolina-e-intensifica-articulacao-no-vale-do-sao-francisco\/#primaryimage"},"thumbnailUrl":"https:\/\/ellotv.com.br\/site\/wp-content\/uploads\/2026\/06\/WhatsApp-Image-2026-06-05-at-16.11.29-2.jpeg","datePublished":"2026-06-05T19:53:27+00:00","description":"Marconi Santana cumpre agenda em Petrolina e intensifica articula\u00e7\u00f5es pol\u00edticas no Sert\u00e3o do S\u00e3o Francisco.","breadcrumb":{"@id":"https:\/\/ellotv.com.br\/site\/2026\/06\/05\/marconi-desembarca-em-petrolina-e-intensifica-articulacao-no-vale-do-sao-francisco\/#breadcrumb"},"inLanguage":"pt-BR","potentialAction":[{"@type":"ReadAction","target":["https:\/\/ellotv.com.br\/site\/2026\/06\/05\/marconi-desembarca-em-petrolina-e-intensifica-articulacao-no-vale-do-sao-francisco\/"]}]},{"@type":"ImageObject","inLanguage":"pt-BR","@id":"https:\/\/ellotv.com.br\/site\/2026\/06\/05\/marconi-desembarca-em-petrolina-e-intensifica-articulacao-no-vale-do-sao-francisco\/#primaryimage","url":"https:\/\/ellotv.com.br\/site\/wp-content\/uploads\/2026\/06\/WhatsApp-Image-2026-06-05-at-16.11.29-2.jpeg","contentUrl":"https:\/\/ellotv.com.br\/site\/wp-content\/uploads\/2026\/06\/WhatsApp-Image-2026-06-05-at-16.11.29-2.jpeg","width":960,"height":1280},{"@type":"BreadcrumbList","@id":"https:\/\/ellotv.com.br\/site\/2026\/06\/05\/marconi-desembarca-em-petrolina-e-intensifica-articulacao-no-vale-do-sao-francisco\/#breadcrumb","itemListElement":[{"@type":"ListItem","position":1,"name":"In\u00edcio","item":"https:\/\/ellotv.com.br\/site\/"},{"@type":"ListItem","position":2,"name":"Marconi desembarca em Petrolina e intensifica articula\u00e7\u00e3o no Vale do S\u00e3o Francisco"}]},{"@type":"WebSite","@id":"https:\/\/ellotv.com.br\/site\/#website","url":"https:\/\/ellotv.com.br\/site\/","name":"ELLO TV","description":"","publisher":{"@id":"https:\/\/ellotv.com.br\/site\/#organization"},"potentialAction":[{"@type":"SearchAction","target":{"@type":"EntryPoint","urlTemplate":"https:\/\/ellotv.com.br\/site\/?s={search_term_string}"},"query-input":{"@type":"PropertyValueSpecification","valueRequired":true,"valueName":"search_term_string"}}],"inLanguage":"pt-BR"},{"@type":"Organization","@id":"https:\/\/ellotv.com.br\/site\/#organization","name":"ELLO TV","url":"https:\/\/ellotv.com.br\/site\/","logo":{"@type":"ImageObject","inLanguage":"pt-BR","@id":"https:\/\/ellotv.com.br\/site\/#\/schema\/logo\/image\/","url":"https:\/\/ellotv.com.br\/site\/wp-content\/uploads\/2025\/11\/ello-logo-2.fw_.png","contentUrl":"https:\/\/ellotv.com.br\/site\/wp-content\/uploads\/2025\/11\/ello-logo-2.fw_.png","width":400,"height":146,"caption":"ELLO TV"},"image":{"@id":"https:\/\/ellotv.com.br\/site\/#\/schema\/logo\/image\/"}},{"@type":"Person","@id":"https:\/\/ellotv.com.br\/site\/#\/schema\/person\/2dbe3abaee38dcc7332fc8205cd2b15d","name":"ELLO TV","image":{"@type":"ImageObject","inLanguage":"pt-BR","@id":"https:\/\/secure.gravatar.com\/avatar\/c38242b9da8ec217ac3f0aaee31a54f7d7befb11b2b47fdbc8fb0fad60afa1c6?s=96&d=mm&r=g","url":"https:\/\/secure.gravatar.com\/avatar\/c38242b9da8ec217ac3f0aaee31a54f7d7befb11b2b47fdbc8fb0fad60afa1c6?s=96&d=mm&r=g","contentUrl":"https:\/\/secure.gravatar.com\/avatar\/c38242b9da8ec217ac3f0aaee31a54f7d7befb11b2b47fdbc8fb0fad60afa1c6?s=96&d=mm&r=g","caption":"ELLO TV"},"url":"https:\/\/ellotv.com.br\/site\/author\/elloagencia\/"}]}},"featured_image_urls":{"full":["https:\/\/ellotv.com.br\/site\/wp-content\/uploads\/2026\/06\/WhatsApp-Image-2026-06-05-at-16.11.29-2.jpeg",960,1280,false],"thumbnail":["https:\/\/ellotv.com.br\/site\/wp-content\/uploads\/2026\/06\/WhatsApp-Image-2026-06-05-at-16.11.29-2-150x150.jpeg",150,150,true],"medium":["https:\/\/ellotv.com.br\/site\/wp-content\/uploads\/2026\/06\/WhatsApp-Image-2026-06-05-at-16.11.29-2-225x300.jpeg",225,300,true],"medium_large":["https:\/\/ellotv.com.br\/site\/wp-content\/uploads\/2026\/06\/WhatsApp-Image-2026-06-05-at-16.11.29-2-768x1024.jpeg",640,853,true],"large":["https:\/\/ellotv.com.br\/site\/wp-content\/uploads\/2026\/06\/WhatsApp-Image-2026-06-05-at-16.11.29-2-768x1024.jpeg",640,853,true],"1536x1536":["https:\/\/ellotv.com.br\/site\/wp-content\/uploads\/2026\/06\/WhatsApp-Image-2026-06-05-at-16.11.29-2.jpeg",960,1280,false],"2048x2048":["https:\/\/ellotv.com.br\/site\/wp-content\/uploads\/2026\/06\/WhatsApp-Image-2026-06-05-at-16.11.29-2.jpeg",960,1280,false],"darknews-slider-full":["https:\/\/ellotv.com.br\/site\/wp-content\/uploads\/2026\/06\/WhatsApp-Image-2026-06-05-at-16.11.29-2-960x720.jpeg",960,720,true],"darknews-featured":["https:\/\/ellotv.com.br\/site\/wp-content\/uploads\/2026\/06\/WhatsApp-Image-2026-06-05-at-16.11.29-2.jpeg",960,1280,false],"darknews-medium":["https:\/\/ellotv.com.br\/site\/wp-content\/uploads\/2026\/06\/WhatsApp-Image-2026-06-05-at-16.11.29-2-720x530.jpeg",720,530,true],"darknews-medium-square":["https:\/\/ellotv.com.br\/site\/wp-content\/uploads\/2026\/06\/WhatsApp-Image-2026-06-05-at-16.11.29-2-350x350.jpeg",350,350,true]},"author_info":{"info":["ELLO TV"]},"category_info":"<a href=\"https:\/\/ellotv.com.br\/site\/category\/noticias\/\" rel=\"category tag\">Noticias<\/a> <a href=\"https:\/\/ellotv.com.br\/site\/category\/regional\/\" rel=\"category tag\">Regional<\/a>","tag_info":"Regional","comment_count":"0","_links":{"self":[{"href":"https:\/\/ellotv.com.br\/site\/wp-json\/wp\/v2\/posts\/6318","targetHints":{"allow":["GET"]}}],"collection":[{"href":"https:\/\/ellotv.com.br\/site\/wp-json\/wp\/v2\/posts"}],"about":[{"href":"https:\/\/ellotv.com.br\/site\/wp-json\/wp\/v2\/types\/post"}],"author":[{"embeddable":true,"href":"https:\/\/ellotv.com.br\/site\/wp-json\/wp\/v2\/users\/2"}],"replies":[{"embeddable":true,"href":"https:\/\/ellotv.com.br\/site\/wp-json\/wp\/v2\/comments?post=6318"}],"version-history":[{"count":1,"href":"https:\/\/ellotv.com.br\/site\/wp-json\/wp\/v2\/posts\/6318\/revisions"}],"predecessor-version":[{"id":6324,"href":"https:\/\/ellotv.com.br\/site\/wp-json\/wp\/v2\/posts\/6318\/revisions\/6324"}],"wp:featuredmedia":[{"embeddable":true,"href":"https:\/\/ellotv.com.br\/site\/wp-json\/wp\/v2\/media\/6321"}],"wp:attachment":[{"href":"https:\/\/ellotv.com.br\/site\/wp-json\/wp\/v2\/media?parent=6318"}],"wp:term":[{"taxonomy":"category","embeddable":true,"href":"https:\/\/ellotv.com.br\/site\/wp-json\/wp\/v2\/categories?post=6318"},{"taxonomy":"post_tag","embeddable":true,"href":"https:\/\/ellotv.com.br\/site\/wp-json\/wp\/v2\/tags?post=6318"}],"curies":[{"name":"wp","href":"https:\/\/api.w.org\/{rel}","templated":true}]}}