{"id":6346,"date":"2026-06-08T16:22:43","date_gmt":"2026-06-08T19:22:43","guid":{"rendered":"https:\/\/ellotv.com.br\/site\/?p=6346"},"modified":"2026-06-08T16:22:43","modified_gmt":"2026-06-08T19:22:43","slug":"uma-mesa-duas-referencias-e-um-debate-completo-que-passa-a-limpo-o-presente-e-o-futuro-da-advocacia-pernambucana","status":"publish","type":"post","link":"https:\/\/ellotv.com.br\/site\/2026\/06\/08\/uma-mesa-duas-referencias-e-um-debate-completo-que-passa-a-limpo-o-presente-e-o-futuro-da-advocacia-pernambucana\/","title":{"rendered":"Uma mesa, duas refer\u00eancias e um debate completo que passa a limpo o presente e o futuro da advocacia pernambucana!"},"content":{"rendered":"<h3>Causos &amp; Causas re\u00fane especialistas e debate temas centrais da advocacia em epis\u00f3dio especial<\/h3>\n<p>O <a href=\"https:\/\/www.instagram.com\/causos.causas?igsh=MXAyYTY4OG8yeGp0eg==\">Causos &amp; Causas<\/a> apresenta um epis\u00f3dio especial reunindo dois nomes de destaque do meio jur\u00eddico para um debate aprofundado sobre os desafios e transforma\u00e7\u00f5es da advocacia.<\/p>\n<p><strong>Participa\u00e7\u00f5es<\/strong><\/p>\n<p>O programa recebe:<\/p>\n<p><a href=\"https:\/\/www.instagram.com\/carlosbarrosadv?igsh=NHNwcWx2ZWQ3cGY4\">Dr. Carlos Barros<\/a> \u2014 criminalista e Diretor-Geral da ESA-PE<br \/>\n<a href=\"https:\/\/www.instagram.com\/leoadv?igsh=YWQxbG9vNGFvcmEx\">Dr. Leonardo Oliveira<\/a> \u2014 especialista em Direito Administrativo e presidente dos Advogados Municipalistas de Pernambuco<\/p>\n<p><strong>Temas em destaque<\/strong><\/p>\n<p>O epis\u00f3dio aborda pontos relevantes da atua\u00e7\u00e3o jur\u00eddica contempor\u00e2nea:<\/p>\n<p>Advocacia Criminal Estrat\u00e9gica e os desafios diante da opini\u00e3o p\u00fablica<br \/>\nO conv\u00eanio da advocacia dativa em Pernambuco e a garantia de honor\u00e1rios<br \/>\nAs dificuldades da advocacia nos munic\u00edpios do interior<br \/>\nO Quinto Constitucional no TJPE e os bastidores da classe jur\u00eddica<\/p>\n<p><strong>Bate-papo din\u00e2mico<\/strong><\/p>\n<p>Al\u00e9m dos temas t\u00e9cnicos, o epis\u00f3dio traz relatos de in\u00edcio de carreira, bastidores da profiss\u00e3o e momentos descontra\u00eddos no tradicional quadro de perguntas r\u00e1pidas.<\/p>\n<p><strong>Exibi\u00e7\u00e3o<\/strong><\/p>\n<p>\ud83d\udcc5 Quinta-feira, 2 de abril<br \/>\n\ud83d\udd5b Ao meio-dia (12h)<br \/>\n\ud83d\udccd Dispon\u00edvel no canal da <a href=\"https:\/\/www.youtube.com\/@ELLOTVOF\">ELLO TV no YouTube<\/a><\/p>\n<p><strong>Conte\u00fado relevante<\/strong><\/p>\n<p>O epis\u00f3dio re\u00fane an\u00e1lise, experi\u00eancia e viv\u00eancias reais, proporcionando um panorama completo da advocacia atual em Pernambuco.<\/p>\n","protected":false},"excerpt":{"rendered":"<p>Causos &amp; Causas re\u00fane especialistas e debate temas centrais da advocacia em epis\u00f3dio especial O Causos &amp; Causas<\/p>\n","protected":false},"author":2,"featured_media":6347,"comment_status":"open","ping_status":"open","sticky":false,"template":"","format":"standard","meta":{"footnotes":""},"categories":[1],"tags":[],"class_list":["post-6346","post","type-post","status-publish","format-standard","has-post-thumbnail","hentry","category-ello"],"yoast_head":"<!-- This site is optimized with the Yoast SEO plugin v28.3 - https:\/\/yoast.com\/product\/yoast-seo-wordpress\/ -->\n<title>Uma mesa, duas refer\u00eancias e um debate completo que passa a limpo o presente e o futuro da advocacia pernambucana! - Ello TV<\/title>\n<meta name=\"description\" content=\"Causos &amp; Causas re\u00fane especialistas para debater advocacia, desafios jur\u00eddicos e bastidores da profiss\u00e3o em epis\u00f3dio especial.\" \/>\n<meta name=\"robots\" content=\"index, follow, max-snippet:-1, max-image-preview:large, max-video-preview:-1\" \/>\n<link rel=\"canonical\" href=\"https:\/\/ellotv.com.br\/site\/2026\/06\/08\/uma-mesa-duas-referencias-e-um-debate-completo-que-passa-a-limpo-o-presente-e-o-futuro-da-advocacia-pernambucana\/\" \/>\n<meta property=\"og:locale\" content=\"pt_BR\" \/>\n<meta property=\"og:type\" content=\"article\" \/>\n<meta property=\"og:title\" content=\"Uma mesa, duas refer\u00eancias e um debate completo que passa a limpo o presente e o futuro da advocacia pernambucana! - Ello TV\" \/>\n<meta property=\"og:description\" content=\"Causos &amp; Causas re\u00fane especialistas para debater advocacia, desafios jur\u00eddicos e bastidores da profiss\u00e3o em epis\u00f3dio especial.\" \/>\n<meta property=\"og:url\" content=\"https:\/\/ellotv.com.br\/site\/2026\/06\/08\/uma-mesa-duas-referencias-e-um-debate-completo-que-passa-a-limpo-o-presente-e-o-futuro-da-advocacia-pernambucana\/\" \/>\n<meta property=\"og:site_name\" content=\"Ello TV\" \/>\n<meta property=\"article:published_time\" content=\"2026-06-08T19:22:43+00:00\" \/>\n<meta property=\"og:image\" content=\"https:\/\/ellotv.com.br\/site\/wp-content\/uploads\/2026\/06\/WhatsApp-Image-2026-06-08-at-14.18.30.jpeg\" \/>\n\t<meta property=\"og:image:width\" content=\"1080\" \/>\n\t<meta property=\"og:image:height\" content=\"1350\" \/>\n\t<meta property=\"og:image:type\" content=\"image\/jpeg\" \/>\n<meta name=\"author\" content=\"ELLO TV\" \/>\n<meta name=\"twitter:card\" content=\"summary_large_image\" \/>\n<meta name=\"twitter:label1\" content=\"Escrito por\" \/>\n\t<meta name=\"twitter:data1\" content=\"ELLO TV\" \/>\n\t<meta name=\"twitter:label2\" content=\"Est. tempo de leitura\" \/>\n\t<meta name=\"twitter:data2\" content=\"1 minuto\" \/>\n<script type=\"application\/ld+json\" class=\"yoast-schema-graph\">{\"@context\":\"https:\\\/\\\/schema.org\",\"@graph\":[{\"@type\":\"Article\",\"@id\":\"https:\\\/\\\/ellotv.com.br\\\/site\\\/2026\\\/06\\\/08\\\/uma-mesa-duas-referencias-e-um-debate-completo-que-passa-a-limpo-o-presente-e-o-futuro-da-advocacia-pernambucana\\\/#article\",\"isPartOf\":{\"@id\":\"https:\\\/\\\/ellotv.com.br\\\/site\\\/2026\\\/06\\\/08\\\/uma-mesa-duas-referencias-e-um-debate-completo-que-passa-a-limpo-o-presente-e-o-futuro-da-advocacia-pernambucana\\\/\"},\"author\":{\"name\":\"ELLO TV\",\"@id\":\"https:\\\/\\\/ellotv.com.br\\\/site\\\/#\\\/schema\\\/person\\\/2dbe3abaee38dcc7332fc8205cd2b15d\"},\"headline\":\"Uma mesa, duas refer\u00eancias e um debate completo que passa a limpo o presente e o futuro da advocacia pernambucana!\",\"datePublished\":\"2026-06-08T19:22:43+00:00\",\"mainEntityOfPage\":{\"@id\":\"https:\\\/\\\/ellotv.com.br\\\/site\\\/2026\\\/06\\\/08\\\/uma-mesa-duas-referencias-e-um-debate-completo-que-passa-a-limpo-o-presente-e-o-futuro-da-advocacia-pernambucana\\\/\"},\"wordCount\":234,\"commentCount\":0,\"publisher\":{\"@id\":\"https:\\\/\\\/ellotv.com.br\\\/site\\\/#organization\"},\"image\":{\"@id\":\"https:\\\/\\\/ellotv.com.br\\\/site\\\/2026\\\/06\\\/08\\\/uma-mesa-duas-referencias-e-um-debate-completo-que-passa-a-limpo-o-presente-e-o-futuro-da-advocacia-pernambucana\\\/#primaryimage\"},\"thumbnailUrl\":\"https:\\\/\\\/ellotv.com.br\\\/site\\\/wp-content\\\/uploads\\\/2026\\\/06\\\/WhatsApp-Image-2026-06-08-at-14.18.30.jpeg\",\"articleSection\":[\"Ello\"],\"inLanguage\":\"pt-BR\",\"potentialAction\":[{\"@type\":\"CommentAction\",\"name\":\"Comment\",\"target\":[\"https:\\\/\\\/ellotv.com.br\\\/site\\\/2026\\\/06\\\/08\\\/uma-mesa-duas-referencias-e-um-debate-completo-que-passa-a-limpo-o-presente-e-o-futuro-da-advocacia-pernambucana\\\/#respond\"]}]},{\"@type\":\"WebPage\",\"@id\":\"https:\\\/\\\/ellotv.com.br\\\/site\\\/2026\\\/06\\\/08\\\/uma-mesa-duas-referencias-e-um-debate-completo-que-passa-a-limpo-o-presente-e-o-futuro-da-advocacia-pernambucana\\\/\",\"url\":\"https:\\\/\\\/ellotv.com.br\\\/site\\\/2026\\\/06\\\/08\\\/uma-mesa-duas-referencias-e-um-debate-completo-que-passa-a-limpo-o-presente-e-o-futuro-da-advocacia-pernambucana\\\/\",\"name\":\"Uma mesa, duas refer\u00eancias e um debate completo que passa a limpo o presente e o futuro da advocacia pernambucana! - Ello TV\",\"isPartOf\":{\"@id\":\"https:\\\/\\\/ellotv.com.br\\\/site\\\/#website\"},\"primaryImageOfPage\":{\"@id\":\"https:\\\/\\\/ellotv.com.br\\\/site\\\/2026\\\/06\\\/08\\\/uma-mesa-duas-referencias-e-um-debate-completo-que-passa-a-limpo-o-presente-e-o-futuro-da-advocacia-pernambucana\\\/#primaryimage\"},\"image\":{\"@id\":\"https:\\\/\\\/ellotv.com.br\\\/site\\\/2026\\\/06\\\/08\\\/uma-mesa-duas-referencias-e-um-debate-completo-que-passa-a-limpo-o-presente-e-o-futuro-da-advocacia-pernambucana\\\/#primaryimage\"},\"thumbnailUrl\":\"https:\\\/\\\/ellotv.com.br\\\/site\\\/wp-content\\\/uploads\\\/2026\\\/06\\\/WhatsApp-Image-2026-06-08-at-14.18.30.jpeg\",\"datePublished\":\"2026-06-08T19:22:43+00:00\",\"description\":\"Causos & Causas re\u00fane especialistas para debater advocacia, desafios jur\u00eddicos e bastidores da profiss\u00e3o em epis\u00f3dio especial.\",\"breadcrumb\":{\"@id\":\"https:\\\/\\\/ellotv.com.br\\\/site\\\/2026\\\/06\\\/08\\\/uma-mesa-duas-referencias-e-um-debate-completo-que-passa-a-limpo-o-presente-e-o-futuro-da-advocacia-pernambucana\\\/#breadcrumb\"},\"inLanguage\":\"pt-BR\",\"potentialAction\":[{\"@type\":\"ReadAction\",\"target\":[\"https:\\\/\\\/ellotv.com.br\\\/site\\\/2026\\\/06\\\/08\\\/uma-mesa-duas-referencias-e-um-debate-completo-que-passa-a-limpo-o-presente-e-o-futuro-da-advocacia-pernambucana\\\/\"]}]},{\"@type\":\"ImageObject\",\"inLanguage\":\"pt-BR\",\"@id\":\"https:\\\/\\\/ellotv.com.br\\\/site\\\/2026\\\/06\\\/08\\\/uma-mesa-duas-referencias-e-um-debate-completo-que-passa-a-limpo-o-presente-e-o-futuro-da-advocacia-pernambucana\\\/#primaryimage\",\"url\":\"https:\\\/\\\/ellotv.com.br\\\/site\\\/wp-content\\\/uploads\\\/2026\\\/06\\\/WhatsApp-Image-2026-06-08-at-14.18.30.jpeg\",\"contentUrl\":\"https:\\\/\\\/ellotv.com.br\\\/site\\\/wp-content\\\/uploads\\\/2026\\\/06\\\/WhatsApp-Image-2026-06-08-at-14.18.30.jpeg\",\"width\":1080,\"height\":1350},{\"@type\":\"BreadcrumbList\",\"@id\":\"https:\\\/\\\/ellotv.com.br\\\/site\\\/2026\\\/06\\\/08\\\/uma-mesa-duas-referencias-e-um-debate-completo-que-passa-a-limpo-o-presente-e-o-futuro-da-advocacia-pernambucana\\\/#breadcrumb\",\"itemListElement\":[{\"@type\":\"ListItem\",\"position\":1,\"name\":\"In\u00edcio\",\"item\":\"https:\\\/\\\/ellotv.com.br\\\/site\\\/\"},{\"@type\":\"ListItem\",\"position\":2,\"name\":\"Uma mesa, duas refer\u00eancias e um debate completo que passa a limpo o presente e o futuro da advocacia pernambucana!\"}]},{\"@type\":\"WebSite\",\"@id\":\"https:\\\/\\\/ellotv.com.br\\\/site\\\/#website\",\"url\":\"https:\\\/\\\/ellotv.com.br\\\/site\\\/\",\"name\":\"ELLO TV\",\"description\":\"\",\"publisher\":{\"@id\":\"https:\\\/\\\/ellotv.com.br\\\/site\\\/#organization\"},\"potentialAction\":[{\"@type\":\"SearchAction\",\"target\":{\"@type\":\"EntryPoint\",\"urlTemplate\":\"https:\\\/\\\/ellotv.com.br\\\/site\\\/?s={search_term_string}\"},\"query-input\":{\"@type\":\"PropertyValueSpecification\",\"valueRequired\":true,\"valueName\":\"search_term_string\"}}],\"inLanguage\":\"pt-BR\"},{\"@type\":\"Organization\",\"@id\":\"https:\\\/\\\/ellotv.com.br\\\/site\\\/#organization\",\"name\":\"ELLO TV\",\"url\":\"https:\\\/\\\/ellotv.com.br\\\/site\\\/\",\"logo\":{\"@type\":\"ImageObject\",\"inLanguage\":\"pt-BR\",\"@id\":\"https:\\\/\\\/ellotv.com.br\\\/site\\\/#\\\/schema\\\/logo\\\/image\\\/\",\"url\":\"https:\\\/\\\/ellotv.com.br\\\/site\\\/wp-content\\\/uploads\\\/2025\\\/11\\\/ello-logo-2.fw_.png\",\"contentUrl\":\"https:\\\/\\\/ellotv.com.br\\\/site\\\/wp-content\\\/uploads\\\/2025\\\/11\\\/ello-logo-2.fw_.png\",\"width\":400,\"height\":146,\"caption\":\"ELLO TV\"},\"image\":{\"@id\":\"https:\\\/\\\/ellotv.com.br\\\/site\\\/#\\\/schema\\\/logo\\\/image\\\/\"}},{\"@type\":\"Person\",\"@id\":\"https:\\\/\\\/ellotv.com.br\\\/site\\\/#\\\/schema\\\/person\\\/2dbe3abaee38dcc7332fc8205cd2b15d\",\"name\":\"ELLO TV\",\"image\":{\"@type\":\"ImageObject\",\"inLanguage\":\"pt-BR\",\"@id\":\"https:\\\/\\\/secure.gravatar.com\\\/avatar\\\/c38242b9da8ec217ac3f0aaee31a54f7d7befb11b2b47fdbc8fb0fad60afa1c6?s=96&d=mm&r=g\",\"url\":\"https:\\\/\\\/secure.gravatar.com\\\/avatar\\\/c38242b9da8ec217ac3f0aaee31a54f7d7befb11b2b47fdbc8fb0fad60afa1c6?s=96&d=mm&r=g\",\"contentUrl\":\"https:\\\/\\\/secure.gravatar.com\\\/avatar\\\/c38242b9da8ec217ac3f0aaee31a54f7d7befb11b2b47fdbc8fb0fad60afa1c6?s=96&d=mm&r=g\",\"caption\":\"ELLO TV\"},\"url\":\"https:\\\/\\\/ellotv.com.br\\\/site\\\/author\\\/elloagencia\\\/\"}]}<\/script>\n<!-- \/ Yoast SEO plugin. -->","yoast_head_json":{"title":"Uma mesa, duas refer\u00eancias e um debate completo que passa a limpo o presente e o futuro da advocacia pernambucana! - Ello TV","description":"Causos & Causas re\u00fane especialistas para debater advocacia, desafios jur\u00eddicos e bastidores da profiss\u00e3o em epis\u00f3dio especial.","robots":{"index":"index","follow":"follow","max-snippet":"max-snippet:-1","max-image-preview":"max-image-preview:large","max-video-preview":"max-video-preview:-1"},"canonical":"https:\/\/ellotv.com.br\/site\/2026\/06\/08\/uma-mesa-duas-referencias-e-um-debate-completo-que-passa-a-limpo-o-presente-e-o-futuro-da-advocacia-pernambucana\/","og_locale":"pt_BR","og_type":"article","og_title":"Uma mesa, duas refer\u00eancias e um debate completo que passa a limpo o presente e o futuro da advocacia pernambucana! - Ello TV","og_description":"Causos & Causas re\u00fane especialistas para debater advocacia, desafios jur\u00eddicos e bastidores da profiss\u00e3o em epis\u00f3dio especial.","og_url":"https:\/\/ellotv.com.br\/site\/2026\/06\/08\/uma-mesa-duas-referencias-e-um-debate-completo-que-passa-a-limpo-o-presente-e-o-futuro-da-advocacia-pernambucana\/","og_site_name":"Ello TV","article_published_time":"2026-06-08T19:22:43+00:00","og_image":[{"width":1080,"height":1350,"url":"https:\/\/ellotv.com.br\/site\/wp-content\/uploads\/2026\/06\/WhatsApp-Image-2026-06-08-at-14.18.30.jpeg","type":"image\/jpeg"}],"author":"ELLO TV","twitter_card":"summary_large_image","twitter_misc":{"Escrito por":"ELLO TV","Est. tempo de leitura":"1 minuto"},"schema":{"@context":"https:\/\/schema.org","@graph":[{"@type":"Article","@id":"https:\/\/ellotv.com.br\/site\/2026\/06\/08\/uma-mesa-duas-referencias-e-um-debate-completo-que-passa-a-limpo-o-presente-e-o-futuro-da-advocacia-pernambucana\/#article","isPartOf":{"@id":"https:\/\/ellotv.com.br\/site\/2026\/06\/08\/uma-mesa-duas-referencias-e-um-debate-completo-que-passa-a-limpo-o-presente-e-o-futuro-da-advocacia-pernambucana\/"},"author":{"name":"ELLO TV","@id":"https:\/\/ellotv.com.br\/site\/#\/schema\/person\/2dbe3abaee38dcc7332fc8205cd2b15d"},"headline":"Uma mesa, duas refer\u00eancias e um debate completo que passa a limpo o presente e o futuro da advocacia pernambucana!","datePublished":"2026-06-08T19:22:43+00:00","mainEntityOfPage":{"@id":"https:\/\/ellotv.com.br\/site\/2026\/06\/08\/uma-mesa-duas-referencias-e-um-debate-completo-que-passa-a-limpo-o-presente-e-o-futuro-da-advocacia-pernambucana\/"},"wordCount":234,"commentCount":0,"publisher":{"@id":"https:\/\/ellotv.com.br\/site\/#organization"},"image":{"@id":"https:\/\/ellotv.com.br\/site\/2026\/06\/08\/uma-mesa-duas-referencias-e-um-debate-completo-que-passa-a-limpo-o-presente-e-o-futuro-da-advocacia-pernambucana\/#primaryimage"},"thumbnailUrl":"https:\/\/ellotv.com.br\/site\/wp-content\/uploads\/2026\/06\/WhatsApp-Image-2026-06-08-at-14.18.30.jpeg","articleSection":["Ello"],"inLanguage":"pt-BR","potentialAction":[{"@type":"CommentAction","name":"Comment","target":["https:\/\/ellotv.com.br\/site\/2026\/06\/08\/uma-mesa-duas-referencias-e-um-debate-completo-que-passa-a-limpo-o-presente-e-o-futuro-da-advocacia-pernambucana\/#respond"]}]},{"@type":"WebPage","@id":"https:\/\/ellotv.com.br\/site\/2026\/06\/08\/uma-mesa-duas-referencias-e-um-debate-completo-que-passa-a-limpo-o-presente-e-o-futuro-da-advocacia-pernambucana\/","url":"https:\/\/ellotv.com.br\/site\/2026\/06\/08\/uma-mesa-duas-referencias-e-um-debate-completo-que-passa-a-limpo-o-presente-e-o-futuro-da-advocacia-pernambucana\/","name":"Uma mesa, duas refer\u00eancias e um debate completo que passa a limpo o presente e o futuro da advocacia pernambucana! - Ello TV","isPartOf":{"@id":"https:\/\/ellotv.com.br\/site\/#website"},"primaryImageOfPage":{"@id":"https:\/\/ellotv.com.br\/site\/2026\/06\/08\/uma-mesa-duas-referencias-e-um-debate-completo-que-passa-a-limpo-o-presente-e-o-futuro-da-advocacia-pernambucana\/#primaryimage"},"image":{"@id":"https:\/\/ellotv.com.br\/site\/2026\/06\/08\/uma-mesa-duas-referencias-e-um-debate-completo-que-passa-a-limpo-o-presente-e-o-futuro-da-advocacia-pernambucana\/#primaryimage"},"thumbnailUrl":"https:\/\/ellotv.com.br\/site\/wp-content\/uploads\/2026\/06\/WhatsApp-Image-2026-06-08-at-14.18.30.jpeg","datePublished":"2026-06-08T19:22:43+00:00","description":"Causos & Causas re\u00fane especialistas para debater advocacia, desafios jur\u00eddicos e bastidores da profiss\u00e3o em epis\u00f3dio especial.","breadcrumb":{"@id":"https:\/\/ellotv.com.br\/site\/2026\/06\/08\/uma-mesa-duas-referencias-e-um-debate-completo-que-passa-a-limpo-o-presente-e-o-futuro-da-advocacia-pernambucana\/#breadcrumb"},"inLanguage":"pt-BR","potentialAction":[{"@type":"ReadAction","target":["https:\/\/ellotv.com.br\/site\/2026\/06\/08\/uma-mesa-duas-referencias-e-um-debate-completo-que-passa-a-limpo-o-presente-e-o-futuro-da-advocacia-pernambucana\/"]}]},{"@type":"ImageObject","inLanguage":"pt-BR","@id":"https:\/\/ellotv.com.br\/site\/2026\/06\/08\/uma-mesa-duas-referencias-e-um-debate-completo-que-passa-a-limpo-o-presente-e-o-futuro-da-advocacia-pernambucana\/#primaryimage","url":"https:\/\/ellotv.com.br\/site\/wp-content\/uploads\/2026\/06\/WhatsApp-Image-2026-06-08-at-14.18.30.jpeg","contentUrl":"https:\/\/ellotv.com.br\/site\/wp-content\/uploads\/2026\/06\/WhatsApp-Image-2026-06-08-at-14.18.30.jpeg","width":1080,"height":1350},{"@type":"BreadcrumbList","@id":"https:\/\/ellotv.com.br\/site\/2026\/06\/08\/uma-mesa-duas-referencias-e-um-debate-completo-que-passa-a-limpo-o-presente-e-o-futuro-da-advocacia-pernambucana\/#breadcrumb","itemListElement":[{"@type":"ListItem","position":1,"name":"In\u00edcio","item":"https:\/\/ellotv.com.br\/site\/"},{"@type":"ListItem","position":2,"name":"Uma mesa, duas refer\u00eancias e um debate completo que passa a limpo o presente e o futuro da advocacia pernambucana!"}]},{"@type":"WebSite","@id":"https:\/\/ellotv.com.br\/site\/#website","url":"https:\/\/ellotv.com.br\/site\/","name":"ELLO TV","description":"","publisher":{"@id":"https:\/\/ellotv.com.br\/site\/#organization"},"potentialAction":[{"@type":"SearchAction","target":{"@type":"EntryPoint","urlTemplate":"https:\/\/ellotv.com.br\/site\/?s={search_term_string}"},"query-input":{"@type":"PropertyValueSpecification","valueRequired":true,"valueName":"search_term_string"}}],"inLanguage":"pt-BR"},{"@type":"Organization","@id":"https:\/\/ellotv.com.br\/site\/#organization","name":"ELLO TV","url":"https:\/\/ellotv.com.br\/site\/","logo":{"@type":"ImageObject","inLanguage":"pt-BR","@id":"https:\/\/ellotv.com.br\/site\/#\/schema\/logo\/image\/","url":"https:\/\/ellotv.com.br\/site\/wp-content\/uploads\/2025\/11\/ello-logo-2.fw_.png","contentUrl":"https:\/\/ellotv.com.br\/site\/wp-content\/uploads\/2025\/11\/ello-logo-2.fw_.png","width":400,"height":146,"caption":"ELLO TV"},"image":{"@id":"https:\/\/ellotv.com.br\/site\/#\/schema\/logo\/image\/"}},{"@type":"Person","@id":"https:\/\/ellotv.com.br\/site\/#\/schema\/person\/2dbe3abaee38dcc7332fc8205cd2b15d","name":"ELLO TV","image":{"@type":"ImageObject","inLanguage":"pt-BR","@id":"https:\/\/secure.gravatar.com\/avatar\/c38242b9da8ec217ac3f0aaee31a54f7d7befb11b2b47fdbc8fb0fad60afa1c6?s=96&d=mm&r=g","url":"https:\/\/secure.gravatar.com\/avatar\/c38242b9da8ec217ac3f0aaee31a54f7d7befb11b2b47fdbc8fb0fad60afa1c6?s=96&d=mm&r=g","contentUrl":"https:\/\/secure.gravatar.com\/avatar\/c38242b9da8ec217ac3f0aaee31a54f7d7befb11b2b47fdbc8fb0fad60afa1c6?s=96&d=mm&r=g","caption":"ELLO TV"},"url":"https:\/\/ellotv.com.br\/site\/author\/elloagencia\/"}]}},"featured_image_urls":{"full":["https:\/\/ellotv.com.br\/site\/wp-content\/uploads\/2026\/06\/WhatsApp-Image-2026-06-08-at-14.18.30.jpeg",1080,1350,false],"thumbnail":["https:\/\/ellotv.com.br\/site\/wp-content\/uploads\/2026\/06\/WhatsApp-Image-2026-06-08-at-14.18.30-150x150.jpeg",150,150,true],"medium":["https:\/\/ellotv.com.br\/site\/wp-content\/uploads\/2026\/06\/WhatsApp-Image-2026-06-08-at-14.18.30-240x300.jpeg",240,300,true],"medium_large":["https:\/\/ellotv.com.br\/site\/wp-content\/uploads\/2026\/06\/WhatsApp-Image-2026-06-08-at-14.18.30-768x960.jpeg",640,800,true],"large":["https:\/\/ellotv.com.br\/site\/wp-content\/uploads\/2026\/06\/WhatsApp-Image-2026-06-08-at-14.18.30-819x1024.jpeg",640,800,true],"1536x1536":["https:\/\/ellotv.com.br\/site\/wp-content\/uploads\/2026\/06\/WhatsApp-Image-2026-06-08-at-14.18.30.jpeg",1080,1350,false],"2048x2048":["https:\/\/ellotv.com.br\/site\/wp-content\/uploads\/2026\/06\/WhatsApp-Image-2026-06-08-at-14.18.30.jpeg",1080,1350,false],"darknews-slider-full":["https:\/\/ellotv.com.br\/site\/wp-content\/uploads\/2026\/06\/WhatsApp-Image-2026-06-08-at-14.18.30-1080x720.jpeg",1080,720,true],"darknews-featured":["https:\/\/ellotv.com.br\/site\/wp-content\/uploads\/2026\/06\/WhatsApp-Image-2026-06-08-at-14.18.30-1024x1280.jpeg",1024,1280,true],"darknews-medium":["https:\/\/ellotv.com.br\/site\/wp-content\/uploads\/2026\/06\/WhatsApp-Image-2026-06-08-at-14.18.30-720x530.jpeg",720,530,true],"darknews-medium-square":["https:\/\/ellotv.com.br\/site\/wp-content\/uploads\/2026\/06\/WhatsApp-Image-2026-06-08-at-14.18.30-350x350.jpeg",350,350,true]},"author_info":{"info":["ELLO TV"]},"category_info":"<a href=\"https:\/\/ellotv.com.br\/site\/category\/ello\/\" rel=\"category tag\">Ello<\/a>","tag_info":"Ello","comment_count":"0","_links":{"self":[{"href":"https:\/\/ellotv.com.br\/site\/wp-json\/wp\/v2\/posts\/6346","targetHints":{"allow":["GET"]}}],"collection":[{"href":"https:\/\/ellotv.com.br\/site\/wp-json\/wp\/v2\/posts"}],"about":[{"href":"https:\/\/ellotv.com.br\/site\/wp-json\/wp\/v2\/types\/post"}],"author":[{"embeddable":true,"href":"https:\/\/ellotv.com.br\/site\/wp-json\/wp\/v2\/users\/2"}],"replies":[{"embeddable":true,"href":"https:\/\/ellotv.com.br\/site\/wp-json\/wp\/v2\/comments?post=6346"}],"version-history":[{"count":1,"href":"https:\/\/ellotv.com.br\/site\/wp-json\/wp\/v2\/posts\/6346\/revisions"}],"predecessor-version":[{"id":6348,"href":"https:\/\/ellotv.com.br\/site\/wp-json\/wp\/v2\/posts\/6346\/revisions\/6348"}],"wp:featuredmedia":[{"embeddable":true,"href":"https:\/\/ellotv.com.br\/site\/wp-json\/wp\/v2\/media\/6347"}],"wp:attachment":[{"href":"https:\/\/ellotv.com.br\/site\/wp-json\/wp\/v2\/media?parent=6346"}],"wp:term":[{"taxonomy":"category","embeddable":true,"href":"https:\/\/ellotv.com.br\/site\/wp-json\/wp\/v2\/categories?post=6346"},{"taxonomy":"post_tag","embeddable":true,"href":"https:\/\/ellotv.com.br\/site\/wp-json\/wp\/v2\/tags?post=6346"}],"curies":[{"name":"wp","href":"https:\/\/api.w.org\/{rel}","templated":true}]}}