{"id":6359,"date":"2026-06-11T15:20:01","date_gmt":"2026-06-11T18:20:01","guid":{"rendered":"https:\/\/ellotv.com.br\/site\/?p=6359"},"modified":"2026-06-11T15:20:01","modified_gmt":"2026-06-11T18:20:01","slug":"a-prefeitura-de-brejinho-celebrou-uma-importante-conquista-para-o-desenvolvimento-economico-do-municipio","status":"publish","type":"post","link":"https:\/\/ellotv.com.br\/site\/2026\/06\/11\/a-prefeitura-de-brejinho-celebrou-uma-importante-conquista-para-o-desenvolvimento-economico-do-municipio\/","title":{"rendered":"A Prefeitura de Brejinho celebrou uma importante conquista para o desenvolvimento econ\u00f4mico do munic\u00edpio"},"content":{"rendered":"<h3>Brejinho conquista Selo Diamante Nacional Sebrae e se destaca entre melhores do pa\u00eds<\/h3>\n<p>Na \u00faltima quarta-feira (10), o prefeito Gilson Bento esteve em Bras\u00edlia acompanhado da secret\u00e1ria de Administra\u00e7\u00e3o, Jacimone Delfino, para receber o Selo Diamante Nacional Sebrae, reconhecimento concedido \u00e0 Sala do Empreendedor de Brejinho pela excel\u00eancia dos servi\u00e7os prestados aos empreendedores locais.<\/p>\n<p><strong>Reconhecimento nacional<\/strong><\/p>\n<p>A certifica\u00e7\u00e3o coloca Brejinho entre as melhores Salas do Empreendedor do Brasil. Entre os munic\u00edpios participantes da sele\u00e7\u00e3o, apenas 359 conquistaram o Selo Diamante. Em Pernambuco, somente 29 cidades alcan\u00e7aram esse n\u00edvel de excel\u00eancia.<\/p>\n<p><strong>Incentivo ao empreendedorismo<\/strong><\/p>\n<p>A premia\u00e7\u00e3o destaca o compromisso da gest\u00e3o municipal com o fortalecimento dos pequenos neg\u00f3cios, incentivando o empreendedorismo e promovendo novas oportunidades para a popula\u00e7\u00e3o.<\/p>\n<p><strong>Trabalho que gera resultado<\/strong><\/p>\n<p>O reconhecimento tamb\u00e9m reflete o trabalho di\u00e1rio da equipe da Sala do Empreendedor, que atua oferecendo suporte, orienta\u00e7\u00e3o e incentivo aos empreendedores do munic\u00edpio.<\/p>\n<p><strong>Compromisso com o desenvolvimento<\/strong><\/p>\n<p>A gest\u00e3o municipal comemorou a conquista e refor\u00e7ou o compromisso de continuar investindo em a\u00e7\u00f5es que impulsionem o desenvolvimento econ\u00f4mico e ampliem as oportunidades para os cidad\u00e3os de Brejinho<\/p>\n","protected":false},"excerpt":{"rendered":"<p>Brejinho conquista Selo Diamante Nacional Sebrae e se destaca entre melhores do pa\u00eds Na \u00faltima quarta-feira (10), o<\/p>\n","protected":false},"author":2,"featured_media":6360,"comment_status":"open","ping_status":"open","sticky":false,"template":"","format":"standard","meta":{"footnotes":""},"categories":[8,12,9],"tags":[],"class_list":["post-6359","post","type-post","status-publish","format-standard","has-post-thumbnail","hentry","category-brasil","category-noticias","category-regional"],"yoast_head":"<!-- This site is optimized with the Yoast SEO plugin v28.3 - https:\/\/yoast.com\/product\/yoast-seo-wordpress\/ -->\n<title>A Prefeitura de Brejinho celebrou uma importante conquista para o desenvolvimento econ\u00f4mico do munic\u00edpio - Ello TV<\/title>\n<meta name=\"description\" content=\"Brejinho recebe Selo Diamante Nacional Sebrae em Bras\u00edlia e se destaca entre as melhores Salas do Empreendedor do pa\u00eds.\" \/>\n<meta name=\"robots\" content=\"index, follow, max-snippet:-1, max-image-preview:large, max-video-preview:-1\" \/>\n<link rel=\"canonical\" href=\"https:\/\/ellotv.com.br\/site\/2026\/06\/11\/a-prefeitura-de-brejinho-celebrou-uma-importante-conquista-para-o-desenvolvimento-economico-do-municipio\/\" \/>\n<meta property=\"og:locale\" content=\"pt_BR\" \/>\n<meta property=\"og:type\" content=\"article\" \/>\n<meta property=\"og:title\" content=\"A Prefeitura de Brejinho celebrou uma importante conquista para o desenvolvimento econ\u00f4mico do munic\u00edpio - Ello TV\" \/>\n<meta property=\"og:description\" content=\"Brejinho recebe Selo Diamante Nacional Sebrae em Bras\u00edlia e se destaca entre as melhores Salas do Empreendedor do pa\u00eds.\" \/>\n<meta property=\"og:url\" content=\"https:\/\/ellotv.com.br\/site\/2026\/06\/11\/a-prefeitura-de-brejinho-celebrou-uma-importante-conquista-para-o-desenvolvimento-economico-do-municipio\/\" \/>\n<meta property=\"og:site_name\" content=\"Ello TV\" \/>\n<meta property=\"article:published_time\" content=\"2026-06-11T18:20:01+00:00\" \/>\n<meta property=\"og:image\" content=\"https:\/\/ellotv.com.br\/site\/wp-content\/uploads\/2026\/06\/WhatsApp-Image-2026-06-11-at-13.20.13.jpeg\" \/>\n\t<meta property=\"og:image:width\" content=\"1180\" \/>\n\t<meta property=\"og:image:height\" content=\"1600\" \/>\n\t<meta property=\"og:image:type\" content=\"image\/jpeg\" \/>\n<meta name=\"author\" content=\"ELLO TV\" \/>\n<meta name=\"twitter:card\" content=\"summary_large_image\" \/>\n<meta name=\"twitter:label1\" content=\"Escrito por\" \/>\n\t<meta name=\"twitter:data1\" content=\"ELLO TV\" \/>\n\t<meta name=\"twitter:label2\" content=\"Est. tempo de leitura\" \/>\n\t<meta name=\"twitter:data2\" content=\"1 minuto\" \/>\n<script type=\"application\/ld+json\" class=\"yoast-schema-graph\">{\"@context\":\"https:\\\/\\\/schema.org\",\"@graph\":[{\"@type\":\"Article\",\"@id\":\"https:\\\/\\\/ellotv.com.br\\\/site\\\/2026\\\/06\\\/11\\\/a-prefeitura-de-brejinho-celebrou-uma-importante-conquista-para-o-desenvolvimento-economico-do-municipio\\\/#article\",\"isPartOf\":{\"@id\":\"https:\\\/\\\/ellotv.com.br\\\/site\\\/2026\\\/06\\\/11\\\/a-prefeitura-de-brejinho-celebrou-uma-importante-conquista-para-o-desenvolvimento-economico-do-municipio\\\/\"},\"author\":{\"name\":\"ELLO TV\",\"@id\":\"https:\\\/\\\/ellotv.com.br\\\/site\\\/#\\\/schema\\\/person\\\/2dbe3abaee38dcc7332fc8205cd2b15d\"},\"headline\":\"A Prefeitura de Brejinho celebrou uma importante conquista para o desenvolvimento econ\u00f4mico do munic\u00edpio\",\"datePublished\":\"2026-06-11T18:20:01+00:00\",\"mainEntityOfPage\":{\"@id\":\"https:\\\/\\\/ellotv.com.br\\\/site\\\/2026\\\/06\\\/11\\\/a-prefeitura-de-brejinho-celebrou-uma-importante-conquista-para-o-desenvolvimento-economico-do-municipio\\\/\"},\"wordCount\":215,\"commentCount\":0,\"publisher\":{\"@id\":\"https:\\\/\\\/ellotv.com.br\\\/site\\\/#organization\"},\"image\":{\"@id\":\"https:\\\/\\\/ellotv.com.br\\\/site\\\/2026\\\/06\\\/11\\\/a-prefeitura-de-brejinho-celebrou-uma-importante-conquista-para-o-desenvolvimento-economico-do-municipio\\\/#primaryimage\"},\"thumbnailUrl\":\"https:\\\/\\\/ellotv.com.br\\\/site\\\/wp-content\\\/uploads\\\/2026\\\/06\\\/WhatsApp-Image-2026-06-11-at-13.20.13.jpeg\",\"articleSection\":[\"Brasil\",\"Noticias\",\"Regional\"],\"inLanguage\":\"pt-BR\",\"potentialAction\":[{\"@type\":\"CommentAction\",\"name\":\"Comment\",\"target\":[\"https:\\\/\\\/ellotv.com.br\\\/site\\\/2026\\\/06\\\/11\\\/a-prefeitura-de-brejinho-celebrou-uma-importante-conquista-para-o-desenvolvimento-economico-do-municipio\\\/#respond\"]}]},{\"@type\":\"WebPage\",\"@id\":\"https:\\\/\\\/ellotv.com.br\\\/site\\\/2026\\\/06\\\/11\\\/a-prefeitura-de-brejinho-celebrou-uma-importante-conquista-para-o-desenvolvimento-economico-do-municipio\\\/\",\"url\":\"https:\\\/\\\/ellotv.com.br\\\/site\\\/2026\\\/06\\\/11\\\/a-prefeitura-de-brejinho-celebrou-uma-importante-conquista-para-o-desenvolvimento-economico-do-municipio\\\/\",\"name\":\"A Prefeitura de Brejinho celebrou uma importante conquista para o desenvolvimento econ\u00f4mico do munic\u00edpio - Ello TV\",\"isPartOf\":{\"@id\":\"https:\\\/\\\/ellotv.com.br\\\/site\\\/#website\"},\"primaryImageOfPage\":{\"@id\":\"https:\\\/\\\/ellotv.com.br\\\/site\\\/2026\\\/06\\\/11\\\/a-prefeitura-de-brejinho-celebrou-uma-importante-conquista-para-o-desenvolvimento-economico-do-municipio\\\/#primaryimage\"},\"image\":{\"@id\":\"https:\\\/\\\/ellotv.com.br\\\/site\\\/2026\\\/06\\\/11\\\/a-prefeitura-de-brejinho-celebrou-uma-importante-conquista-para-o-desenvolvimento-economico-do-municipio\\\/#primaryimage\"},\"thumbnailUrl\":\"https:\\\/\\\/ellotv.com.br\\\/site\\\/wp-content\\\/uploads\\\/2026\\\/06\\\/WhatsApp-Image-2026-06-11-at-13.20.13.jpeg\",\"datePublished\":\"2026-06-11T18:20:01+00:00\",\"description\":\"Brejinho recebe Selo Diamante Nacional Sebrae em Bras\u00edlia e se destaca entre as melhores Salas do Empreendedor do pa\u00eds.\",\"breadcrumb\":{\"@id\":\"https:\\\/\\\/ellotv.com.br\\\/site\\\/2026\\\/06\\\/11\\\/a-prefeitura-de-brejinho-celebrou-uma-importante-conquista-para-o-desenvolvimento-economico-do-municipio\\\/#breadcrumb\"},\"inLanguage\":\"pt-BR\",\"potentialAction\":[{\"@type\":\"ReadAction\",\"target\":[\"https:\\\/\\\/ellotv.com.br\\\/site\\\/2026\\\/06\\\/11\\\/a-prefeitura-de-brejinho-celebrou-uma-importante-conquista-para-o-desenvolvimento-economico-do-municipio\\\/\"]}]},{\"@type\":\"ImageObject\",\"inLanguage\":\"pt-BR\",\"@id\":\"https:\\\/\\\/ellotv.com.br\\\/site\\\/2026\\\/06\\\/11\\\/a-prefeitura-de-brejinho-celebrou-uma-importante-conquista-para-o-desenvolvimento-economico-do-municipio\\\/#primaryimage\",\"url\":\"https:\\\/\\\/ellotv.com.br\\\/site\\\/wp-content\\\/uploads\\\/2026\\\/06\\\/WhatsApp-Image-2026-06-11-at-13.20.13.jpeg\",\"contentUrl\":\"https:\\\/\\\/ellotv.com.br\\\/site\\\/wp-content\\\/uploads\\\/2026\\\/06\\\/WhatsApp-Image-2026-06-11-at-13.20.13.jpeg\",\"width\":1180,\"height\":1600},{\"@type\":\"BreadcrumbList\",\"@id\":\"https:\\\/\\\/ellotv.com.br\\\/site\\\/2026\\\/06\\\/11\\\/a-prefeitura-de-brejinho-celebrou-uma-importante-conquista-para-o-desenvolvimento-economico-do-municipio\\\/#breadcrumb\",\"itemListElement\":[{\"@type\":\"ListItem\",\"position\":1,\"name\":\"In\u00edcio\",\"item\":\"https:\\\/\\\/ellotv.com.br\\\/site\\\/\"},{\"@type\":\"ListItem\",\"position\":2,\"name\":\"A Prefeitura de Brejinho celebrou uma importante conquista para o desenvolvimento econ\u00f4mico do munic\u00edpio\"}]},{\"@type\":\"WebSite\",\"@id\":\"https:\\\/\\\/ellotv.com.br\\\/site\\\/#website\",\"url\":\"https:\\\/\\\/ellotv.com.br\\\/site\\\/\",\"name\":\"ELLO TV\",\"description\":\"\",\"publisher\":{\"@id\":\"https:\\\/\\\/ellotv.com.br\\\/site\\\/#organization\"},\"potentialAction\":[{\"@type\":\"SearchAction\",\"target\":{\"@type\":\"EntryPoint\",\"urlTemplate\":\"https:\\\/\\\/ellotv.com.br\\\/site\\\/?s={search_term_string}\"},\"query-input\":{\"@type\":\"PropertyValueSpecification\",\"valueRequired\":true,\"valueName\":\"search_term_string\"}}],\"inLanguage\":\"pt-BR\"},{\"@type\":\"Organization\",\"@id\":\"https:\\\/\\\/ellotv.com.br\\\/site\\\/#organization\",\"name\":\"ELLO TV\",\"url\":\"https:\\\/\\\/ellotv.com.br\\\/site\\\/\",\"logo\":{\"@type\":\"ImageObject\",\"inLanguage\":\"pt-BR\",\"@id\":\"https:\\\/\\\/ellotv.com.br\\\/site\\\/#\\\/schema\\\/logo\\\/image\\\/\",\"url\":\"https:\\\/\\\/ellotv.com.br\\\/site\\\/wp-content\\\/uploads\\\/2025\\\/11\\\/ello-logo-2.fw_.png\",\"contentUrl\":\"https:\\\/\\\/ellotv.com.br\\\/site\\\/wp-content\\\/uploads\\\/2025\\\/11\\\/ello-logo-2.fw_.png\",\"width\":400,\"height\":146,\"caption\":\"ELLO TV\"},\"image\":{\"@id\":\"https:\\\/\\\/ellotv.com.br\\\/site\\\/#\\\/schema\\\/logo\\\/image\\\/\"}},{\"@type\":\"Person\",\"@id\":\"https:\\\/\\\/ellotv.com.br\\\/site\\\/#\\\/schema\\\/person\\\/2dbe3abaee38dcc7332fc8205cd2b15d\",\"name\":\"ELLO TV\",\"image\":{\"@type\":\"ImageObject\",\"inLanguage\":\"pt-BR\",\"@id\":\"https:\\\/\\\/secure.gravatar.com\\\/avatar\\\/c38242b9da8ec217ac3f0aaee31a54f7d7befb11b2b47fdbc8fb0fad60afa1c6?s=96&d=mm&r=g\",\"url\":\"https:\\\/\\\/secure.gravatar.com\\\/avatar\\\/c38242b9da8ec217ac3f0aaee31a54f7d7befb11b2b47fdbc8fb0fad60afa1c6?s=96&d=mm&r=g\",\"contentUrl\":\"https:\\\/\\\/secure.gravatar.com\\\/avatar\\\/c38242b9da8ec217ac3f0aaee31a54f7d7befb11b2b47fdbc8fb0fad60afa1c6?s=96&d=mm&r=g\",\"caption\":\"ELLO TV\"},\"url\":\"https:\\\/\\\/ellotv.com.br\\\/site\\\/author\\\/elloagencia\\\/\"}]}<\/script>\n<!-- \/ Yoast SEO plugin. -->","yoast_head_json":{"title":"A Prefeitura de Brejinho celebrou uma importante conquista para o desenvolvimento econ\u00f4mico do munic\u00edpio - Ello TV","description":"Brejinho recebe Selo Diamante Nacional Sebrae em Bras\u00edlia e se destaca entre as melhores Salas do Empreendedor do pa\u00eds.","robots":{"index":"index","follow":"follow","max-snippet":"max-snippet:-1","max-image-preview":"max-image-preview:large","max-video-preview":"max-video-preview:-1"},"canonical":"https:\/\/ellotv.com.br\/site\/2026\/06\/11\/a-prefeitura-de-brejinho-celebrou-uma-importante-conquista-para-o-desenvolvimento-economico-do-municipio\/","og_locale":"pt_BR","og_type":"article","og_title":"A Prefeitura de Brejinho celebrou uma importante conquista para o desenvolvimento econ\u00f4mico do munic\u00edpio - Ello TV","og_description":"Brejinho recebe Selo Diamante Nacional Sebrae em Bras\u00edlia e se destaca entre as melhores Salas do Empreendedor do pa\u00eds.","og_url":"https:\/\/ellotv.com.br\/site\/2026\/06\/11\/a-prefeitura-de-brejinho-celebrou-uma-importante-conquista-para-o-desenvolvimento-economico-do-municipio\/","og_site_name":"Ello TV","article_published_time":"2026-06-11T18:20:01+00:00","og_image":[{"width":1180,"height":1600,"url":"https:\/\/ellotv.com.br\/site\/wp-content\/uploads\/2026\/06\/WhatsApp-Image-2026-06-11-at-13.20.13.jpeg","type":"image\/jpeg"}],"author":"ELLO TV","twitter_card":"summary_large_image","twitter_misc":{"Escrito por":"ELLO TV","Est. tempo de leitura":"1 minuto"},"schema":{"@context":"https:\/\/schema.org","@graph":[{"@type":"Article","@id":"https:\/\/ellotv.com.br\/site\/2026\/06\/11\/a-prefeitura-de-brejinho-celebrou-uma-importante-conquista-para-o-desenvolvimento-economico-do-municipio\/#article","isPartOf":{"@id":"https:\/\/ellotv.com.br\/site\/2026\/06\/11\/a-prefeitura-de-brejinho-celebrou-uma-importante-conquista-para-o-desenvolvimento-economico-do-municipio\/"},"author":{"name":"ELLO TV","@id":"https:\/\/ellotv.com.br\/site\/#\/schema\/person\/2dbe3abaee38dcc7332fc8205cd2b15d"},"headline":"A Prefeitura de Brejinho celebrou uma importante conquista para o desenvolvimento econ\u00f4mico do munic\u00edpio","datePublished":"2026-06-11T18:20:01+00:00","mainEntityOfPage":{"@id":"https:\/\/ellotv.com.br\/site\/2026\/06\/11\/a-prefeitura-de-brejinho-celebrou-uma-importante-conquista-para-o-desenvolvimento-economico-do-municipio\/"},"wordCount":215,"commentCount":0,"publisher":{"@id":"https:\/\/ellotv.com.br\/site\/#organization"},"image":{"@id":"https:\/\/ellotv.com.br\/site\/2026\/06\/11\/a-prefeitura-de-brejinho-celebrou-uma-importante-conquista-para-o-desenvolvimento-economico-do-municipio\/#primaryimage"},"thumbnailUrl":"https:\/\/ellotv.com.br\/site\/wp-content\/uploads\/2026\/06\/WhatsApp-Image-2026-06-11-at-13.20.13.jpeg","articleSection":["Brasil","Noticias","Regional"],"inLanguage":"pt-BR","potentialAction":[{"@type":"CommentAction","name":"Comment","target":["https:\/\/ellotv.com.br\/site\/2026\/06\/11\/a-prefeitura-de-brejinho-celebrou-uma-importante-conquista-para-o-desenvolvimento-economico-do-municipio\/#respond"]}]},{"@type":"WebPage","@id":"https:\/\/ellotv.com.br\/site\/2026\/06\/11\/a-prefeitura-de-brejinho-celebrou-uma-importante-conquista-para-o-desenvolvimento-economico-do-municipio\/","url":"https:\/\/ellotv.com.br\/site\/2026\/06\/11\/a-prefeitura-de-brejinho-celebrou-uma-importante-conquista-para-o-desenvolvimento-economico-do-municipio\/","name":"A Prefeitura de Brejinho celebrou uma importante conquista para o desenvolvimento econ\u00f4mico do munic\u00edpio - Ello TV","isPartOf":{"@id":"https:\/\/ellotv.com.br\/site\/#website"},"primaryImageOfPage":{"@id":"https:\/\/ellotv.com.br\/site\/2026\/06\/11\/a-prefeitura-de-brejinho-celebrou-uma-importante-conquista-para-o-desenvolvimento-economico-do-municipio\/#primaryimage"},"image":{"@id":"https:\/\/ellotv.com.br\/site\/2026\/06\/11\/a-prefeitura-de-brejinho-celebrou-uma-importante-conquista-para-o-desenvolvimento-economico-do-municipio\/#primaryimage"},"thumbnailUrl":"https:\/\/ellotv.com.br\/site\/wp-content\/uploads\/2026\/06\/WhatsApp-Image-2026-06-11-at-13.20.13.jpeg","datePublished":"2026-06-11T18:20:01+00:00","description":"Brejinho recebe Selo Diamante Nacional Sebrae em Bras\u00edlia e se destaca entre as melhores Salas do Empreendedor do pa\u00eds.","breadcrumb":{"@id":"https:\/\/ellotv.com.br\/site\/2026\/06\/11\/a-prefeitura-de-brejinho-celebrou-uma-importante-conquista-para-o-desenvolvimento-economico-do-municipio\/#breadcrumb"},"inLanguage":"pt-BR","potentialAction":[{"@type":"ReadAction","target":["https:\/\/ellotv.com.br\/site\/2026\/06\/11\/a-prefeitura-de-brejinho-celebrou-uma-importante-conquista-para-o-desenvolvimento-economico-do-municipio\/"]}]},{"@type":"ImageObject","inLanguage":"pt-BR","@id":"https:\/\/ellotv.com.br\/site\/2026\/06\/11\/a-prefeitura-de-brejinho-celebrou-uma-importante-conquista-para-o-desenvolvimento-economico-do-municipio\/#primaryimage","url":"https:\/\/ellotv.com.br\/site\/wp-content\/uploads\/2026\/06\/WhatsApp-Image-2026-06-11-at-13.20.13.jpeg","contentUrl":"https:\/\/ellotv.com.br\/site\/wp-content\/uploads\/2026\/06\/WhatsApp-Image-2026-06-11-at-13.20.13.jpeg","width":1180,"height":1600},{"@type":"BreadcrumbList","@id":"https:\/\/ellotv.com.br\/site\/2026\/06\/11\/a-prefeitura-de-brejinho-celebrou-uma-importante-conquista-para-o-desenvolvimento-economico-do-municipio\/#breadcrumb","itemListElement":[{"@type":"ListItem","position":1,"name":"In\u00edcio","item":"https:\/\/ellotv.com.br\/site\/"},{"@type":"ListItem","position":2,"name":"A Prefeitura de Brejinho celebrou uma importante conquista para o desenvolvimento econ\u00f4mico do munic\u00edpio"}]},{"@type":"WebSite","@id":"https:\/\/ellotv.com.br\/site\/#website","url":"https:\/\/ellotv.com.br\/site\/","name":"ELLO TV","description":"","publisher":{"@id":"https:\/\/ellotv.com.br\/site\/#organization"},"potentialAction":[{"@type":"SearchAction","target":{"@type":"EntryPoint","urlTemplate":"https:\/\/ellotv.com.br\/site\/?s={search_term_string}"},"query-input":{"@type":"PropertyValueSpecification","valueRequired":true,"valueName":"search_term_string"}}],"inLanguage":"pt-BR"},{"@type":"Organization","@id":"https:\/\/ellotv.com.br\/site\/#organization","name":"ELLO TV","url":"https:\/\/ellotv.com.br\/site\/","logo":{"@type":"ImageObject","inLanguage":"pt-BR","@id":"https:\/\/ellotv.com.br\/site\/#\/schema\/logo\/image\/","url":"https:\/\/ellotv.com.br\/site\/wp-content\/uploads\/2025\/11\/ello-logo-2.fw_.png","contentUrl":"https:\/\/ellotv.com.br\/site\/wp-content\/uploads\/2025\/11\/ello-logo-2.fw_.png","width":400,"height":146,"caption":"ELLO TV"},"image":{"@id":"https:\/\/ellotv.com.br\/site\/#\/schema\/logo\/image\/"}},{"@type":"Person","@id":"https:\/\/ellotv.com.br\/site\/#\/schema\/person\/2dbe3abaee38dcc7332fc8205cd2b15d","name":"ELLO TV","image":{"@type":"ImageObject","inLanguage":"pt-BR","@id":"https:\/\/secure.gravatar.com\/avatar\/c38242b9da8ec217ac3f0aaee31a54f7d7befb11b2b47fdbc8fb0fad60afa1c6?s=96&d=mm&r=g","url":"https:\/\/secure.gravatar.com\/avatar\/c38242b9da8ec217ac3f0aaee31a54f7d7befb11b2b47fdbc8fb0fad60afa1c6?s=96&d=mm&r=g","contentUrl":"https:\/\/secure.gravatar.com\/avatar\/c38242b9da8ec217ac3f0aaee31a54f7d7befb11b2b47fdbc8fb0fad60afa1c6?s=96&d=mm&r=g","caption":"ELLO TV"},"url":"https:\/\/ellotv.com.br\/site\/author\/elloagencia\/"}]}},"featured_image_urls":{"full":["https:\/\/ellotv.com.br\/site\/wp-content\/uploads\/2026\/06\/WhatsApp-Image-2026-06-11-at-13.20.13.jpeg",1180,1600,false],"thumbnail":["https:\/\/ellotv.com.br\/site\/wp-content\/uploads\/2026\/06\/WhatsApp-Image-2026-06-11-at-13.20.13-150x150.jpeg",150,150,true],"medium":["https:\/\/ellotv.com.br\/site\/wp-content\/uploads\/2026\/06\/WhatsApp-Image-2026-06-11-at-13.20.13-221x300.jpeg",221,300,true],"medium_large":["https:\/\/ellotv.com.br\/site\/wp-content\/uploads\/2026\/06\/WhatsApp-Image-2026-06-11-at-13.20.13-768x1041.jpeg",640,868,true],"large":["https:\/\/ellotv.com.br\/site\/wp-content\/uploads\/2026\/06\/WhatsApp-Image-2026-06-11-at-13.20.13-755x1024.jpeg",640,868,true],"1536x1536":["https:\/\/ellotv.com.br\/site\/wp-content\/uploads\/2026\/06\/WhatsApp-Image-2026-06-11-at-13.20.13-1133x1536.jpeg",1133,1536,true],"2048x2048":["https:\/\/ellotv.com.br\/site\/wp-content\/uploads\/2026\/06\/WhatsApp-Image-2026-06-11-at-13.20.13.jpeg",1180,1600,false],"darknews-slider-full":["https:\/\/ellotv.com.br\/site\/wp-content\/uploads\/2026\/06\/WhatsApp-Image-2026-06-11-at-13.20.13-1180x720.jpeg",1180,720,true],"darknews-featured":["https:\/\/ellotv.com.br\/site\/wp-content\/uploads\/2026\/06\/WhatsApp-Image-2026-06-11-at-13.20.13-1024x1388.jpeg",1024,1388,true],"darknews-medium":["https:\/\/ellotv.com.br\/site\/wp-content\/uploads\/2026\/06\/WhatsApp-Image-2026-06-11-at-13.20.13-720x530.jpeg",720,530,true],"darknews-medium-square":["https:\/\/ellotv.com.br\/site\/wp-content\/uploads\/2026\/06\/WhatsApp-Image-2026-06-11-at-13.20.13-350x350.jpeg",350,350,true]},"author_info":{"info":["ELLO TV"]},"category_info":"<a href=\"https:\/\/ellotv.com.br\/site\/category\/brasil\/\" rel=\"category tag\">Brasil<\/a> <a href=\"https:\/\/ellotv.com.br\/site\/category\/noticias\/\" rel=\"category tag\">Noticias<\/a> <a href=\"https:\/\/ellotv.com.br\/site\/category\/regional\/\" rel=\"category tag\">Regional<\/a>","tag_info":"Regional","comment_count":"0","_links":{"self":[{"href":"https:\/\/ellotv.com.br\/site\/wp-json\/wp\/v2\/posts\/6359","targetHints":{"allow":["GET"]}}],"collection":[{"href":"https:\/\/ellotv.com.br\/site\/wp-json\/wp\/v2\/posts"}],"about":[{"href":"https:\/\/ellotv.com.br\/site\/wp-json\/wp\/v2\/types\/post"}],"author":[{"embeddable":true,"href":"https:\/\/ellotv.com.br\/site\/wp-json\/wp\/v2\/users\/2"}],"replies":[{"embeddable":true,"href":"https:\/\/ellotv.com.br\/site\/wp-json\/wp\/v2\/comments?post=6359"}],"version-history":[{"count":1,"href":"https:\/\/ellotv.com.br\/site\/wp-json\/wp\/v2\/posts\/6359\/revisions"}],"predecessor-version":[{"id":6361,"href":"https:\/\/ellotv.com.br\/site\/wp-json\/wp\/v2\/posts\/6359\/revisions\/6361"}],"wp:featuredmedia":[{"embeddable":true,"href":"https:\/\/ellotv.com.br\/site\/wp-json\/wp\/v2\/media\/6360"}],"wp:attachment":[{"href":"https:\/\/ellotv.com.br\/site\/wp-json\/wp\/v2\/media?parent=6359"}],"wp:term":[{"taxonomy":"category","embeddable":true,"href":"https:\/\/ellotv.com.br\/site\/wp-json\/wp\/v2\/categories?post=6359"},{"taxonomy":"post_tag","embeddable":true,"href":"https:\/\/ellotv.com.br\/site\/wp-json\/wp\/v2\/tags?post=6359"}],"curies":[{"name":"wp","href":"https:\/\/api.w.org\/{rel}","templated":true}]}}