{"id":6379,"date":"2026-06-16T08:31:38","date_gmt":"2026-06-16T11:31:38","guid":{"rendered":"https:\/\/ellotv.com.br\/site\/?p=6379"},"modified":"2026-06-16T08:31:38","modified_gmt":"2026-06-16T11:31:38","slug":"marconi-santana-amplia-presenca-no-sertao-do-sao-francisco-e-volta-a-cumprir-agenda-em-lagoa-grande","status":"publish","type":"post","link":"https:\/\/ellotv.com.br\/site\/2026\/06\/16\/marconi-santana-amplia-presenca-no-sertao-do-sao-francisco-e-volta-a-cumprir-agenda-em-lagoa-grande\/","title":{"rendered":"Marconi Santana amplia presen\u00e7a no Sert\u00e3o do S\u00e3o Francisco e volta a cumprir agenda em Lagoa Grande"},"content":{"rendered":"<p>A movimenta\u00e7\u00e3o de Marconi Santana pelo Sert\u00e3o do S\u00e3o Francisco voltou a ganhar destaque nas redes sociais. Em nova passagem por Lagoa Grande, ele participou de um caf\u00e9 da manh\u00e3 promovido por C\u00edcero Sena, reunindo lideran\u00e7as locais, apoiadores e nomes conhecidos da regi\u00e3o.<\/p>\n<p><strong>Encontro com lideran\u00e7as<\/strong><\/p>\n<p>O encontro contou com a presen\u00e7a de Edinaelson, Nena Gato, Padre Bida, Z\u00e9 Filho, Neguinho Rezende e Sizenando, fortalecendo o di\u00e1logo com diferentes grupos pol\u00edticos e comunit\u00e1rios do munic\u00edpio.<\/p>\n<p><strong>Presen\u00e7a recorrente<\/strong><\/p>\n<p>A agenda refor\u00e7a uma atua\u00e7\u00e3o que vai al\u00e9m de visitas pontuais. Marconi tem retornado com frequ\u00eancia a Lagoa Grande, indicando uma aproxima\u00e7\u00e3o cada vez mais consistente com lideran\u00e7as e bases pol\u00edticas locais.<\/p>\n<p><strong>Estrat\u00e9gia regional<\/strong><\/p>\n<p>Nos bastidores, a avalia\u00e7\u00e3o \u00e9 de que o ex-prefeito tem encontrado boa receptividade no Sert\u00e3o do S\u00e3o Francisco, regi\u00e3o considerada estrat\u00e9gica no cen\u00e1rio pol\u00edtico pernambucano.<\/p>\n<p><strong>Constru\u00e7\u00e3o de pontes<\/strong><\/p>\n<p>Embora o registro nas redes sociais tenha destacado o agradecimento pela recep\u00e7\u00e3o, a movimenta\u00e7\u00e3o tamb\u00e9m evidencia uma estrat\u00e9gia de articula\u00e7\u00e3o territorial, com foco na escuta, no di\u00e1logo e na constru\u00e7\u00e3o de alian\u00e7as em diferentes regi\u00f5es do Estado.<\/p>\n<p><strong>Avan\u00e7o pol\u00edtico<\/strong><\/p>\n<p>Com tr\u00e2nsito pol\u00edtico e postura de di\u00e1logo, Marconi Santana demonstra que sua caminhada vem se expandindo para al\u00e9m de sua base tradicional, consolidando rela\u00e7\u00f5es e ampliando sua presen\u00e7a em regi\u00f5es estrat\u00e9gicas de Pernambuco.<\/p>\n<p><img fetchpriority=\"high\" decoding=\"async\" class=\"aligncenter wp-image-6389 size-large\" src=\"https:\/\/ellotv.com.br\/site\/wp-content\/uploads\/2026\/06\/WhatsApp-Image-2026-06-15-at-13.28.45-768x1024.jpeg\" alt=\"\" width=\"640\" height=\"853\" srcset=\"https:\/\/ellotv.com.br\/site\/wp-content\/uploads\/2026\/06\/WhatsApp-Image-2026-06-15-at-13.28.45-768x1024.jpeg 768w, https:\/\/ellotv.com.br\/site\/wp-content\/uploads\/2026\/06\/WhatsApp-Image-2026-06-15-at-13.28.45-225x300.jpeg 225w, https:\/\/ellotv.com.br\/site\/wp-content\/uploads\/2026\/06\/WhatsApp-Image-2026-06-15-at-13.28.45.jpeg 960w\" sizes=\"(max-width: 640px) 100vw, 640px\" \/><img decoding=\"async\" class=\"aligncenter wp-image-6382 size-large\" src=\"https:\/\/ellotv.com.br\/site\/wp-content\/uploads\/2026\/06\/WhatsApp-Image-2026-06-15-at-13.28.39-1-768x1024.jpeg\" alt=\"\" width=\"640\" height=\"853\" srcset=\"https:\/\/ellotv.com.br\/site\/wp-content\/uploads\/2026\/06\/WhatsApp-Image-2026-06-15-at-13.28.39-1-768x1024.jpeg 768w, https:\/\/ellotv.com.br\/site\/wp-content\/uploads\/2026\/06\/WhatsApp-Image-2026-06-15-at-13.28.39-1-225x300.jpeg 225w, https:\/\/ellotv.com.br\/site\/wp-content\/uploads\/2026\/06\/WhatsApp-Image-2026-06-15-at-13.28.39-1.jpeg 960w\" sizes=\"(max-width: 640px) 100vw, 640px\" \/><img decoding=\"async\" class=\"aligncenter wp-image-6381 size-large\" src=\"https:\/\/ellotv.com.br\/site\/wp-content\/uploads\/2026\/06\/WhatsApp-Image-2026-06-15-at-13.28.38-768x1024.jpeg\" alt=\"\" width=\"640\" height=\"853\" srcset=\"https:\/\/ellotv.com.br\/site\/wp-content\/uploads\/2026\/06\/WhatsApp-Image-2026-06-15-at-13.28.38-768x1024.jpeg 768w, https:\/\/ellotv.com.br\/site\/wp-content\/uploads\/2026\/06\/WhatsApp-Image-2026-06-15-at-13.28.38-225x300.jpeg 225w, https:\/\/ellotv.com.br\/site\/wp-content\/uploads\/2026\/06\/WhatsApp-Image-2026-06-15-at-13.28.38.jpeg 960w\" sizes=\"(max-width: 640px) 100vw, 640px\" \/> <img loading=\"lazy\" decoding=\"async\" class=\"aligncenter wp-image-6383 size-large\" src=\"https:\/\/ellotv.com.br\/site\/wp-content\/uploads\/2026\/06\/WhatsApp-Image-2026-06-15-at-13.28.41-1-768x1024.jpeg\" alt=\"\" width=\"640\" height=\"853\" srcset=\"https:\/\/ellotv.com.br\/site\/wp-content\/uploads\/2026\/06\/WhatsApp-Image-2026-06-15-at-13.28.41-1-768x1024.jpeg 768w, https:\/\/ellotv.com.br\/site\/wp-content\/uploads\/2026\/06\/WhatsApp-Image-2026-06-15-at-13.28.41-1-225x300.jpeg 225w, https:\/\/ellotv.com.br\/site\/wp-content\/uploads\/2026\/06\/WhatsApp-Image-2026-06-15-at-13.28.41-1.jpeg 960w\" sizes=\"(max-width: 640px) 100vw, 640px\" \/> <img loading=\"lazy\" decoding=\"async\" class=\"aligncenter wp-image-6385 size-large\" src=\"https:\/\/ellotv.com.br\/site\/wp-content\/uploads\/2026\/06\/WhatsApp-Image-2026-06-15-at-13.28.41-768x1024.jpeg\" alt=\"\" width=\"640\" height=\"853\" srcset=\"https:\/\/ellotv.com.br\/site\/wp-content\/uploads\/2026\/06\/WhatsApp-Image-2026-06-15-at-13.28.41-768x1024.jpeg 768w, https:\/\/ellotv.com.br\/site\/wp-content\/uploads\/2026\/06\/WhatsApp-Image-2026-06-15-at-13.28.41-225x300.jpeg 225w, https:\/\/ellotv.com.br\/site\/wp-content\/uploads\/2026\/06\/WhatsApp-Image-2026-06-15-at-13.28.41.jpeg 960w\" sizes=\"(max-width: 640px) 100vw, 640px\" \/> <img loading=\"lazy\" decoding=\"async\" class=\"aligncenter wp-image-6386 size-large\" src=\"https:\/\/ellotv.com.br\/site\/wp-content\/uploads\/2026\/06\/WhatsApp-Image-2026-06-15-at-13.28.42-768x1024.jpeg\" alt=\"\" width=\"640\" height=\"853\" srcset=\"https:\/\/ellotv.com.br\/site\/wp-content\/uploads\/2026\/06\/WhatsApp-Image-2026-06-15-at-13.28.42-768x1024.jpeg 768w, https:\/\/ellotv.com.br\/site\/wp-content\/uploads\/2026\/06\/WhatsApp-Image-2026-06-15-at-13.28.42-225x300.jpeg 225w, https:\/\/ellotv.com.br\/site\/wp-content\/uploads\/2026\/06\/WhatsApp-Image-2026-06-15-at-13.28.42.jpeg 960w\" sizes=\"(max-width: 640px) 100vw, 640px\" \/> <img loading=\"lazy\" decoding=\"async\" class=\"aligncenter wp-image-6387 size-large\" src=\"https:\/\/ellotv.com.br\/site\/wp-content\/uploads\/2026\/06\/WhatsApp-Image-2026-06-15-at-13.28.43-2-768x1024.jpeg\" alt=\"\" width=\"640\" height=\"853\" srcset=\"https:\/\/ellotv.com.br\/site\/wp-content\/uploads\/2026\/06\/WhatsApp-Image-2026-06-15-at-13.28.43-2-768x1024.jpeg 768w, https:\/\/ellotv.com.br\/site\/wp-content\/uploads\/2026\/06\/WhatsApp-Image-2026-06-15-at-13.28.43-2-225x300.jpeg 225w, https:\/\/ellotv.com.br\/site\/wp-content\/uploads\/2026\/06\/WhatsApp-Image-2026-06-15-at-13.28.43-2.jpeg 960w\" sizes=\"(max-width: 640px) 100vw, 640px\" \/> <img loading=\"lazy\" decoding=\"async\" class=\"aligncenter wp-image-6388 size-large\" src=\"https:\/\/ellotv.com.br\/site\/wp-content\/uploads\/2026\/06\/WhatsApp-Image-2026-06-15-at-13.28.44-768x1024.jpeg\" alt=\"\" width=\"640\" height=\"853\" srcset=\"https:\/\/ellotv.com.br\/site\/wp-content\/uploads\/2026\/06\/WhatsApp-Image-2026-06-15-at-13.28.44-768x1024.jpeg 768w, https:\/\/ellotv.com.br\/site\/wp-content\/uploads\/2026\/06\/WhatsApp-Image-2026-06-15-at-13.28.44-225x300.jpeg 225w, https:\/\/ellotv.com.br\/site\/wp-content\/uploads\/2026\/06\/WhatsApp-Image-2026-06-15-at-13.28.44.jpeg 960w\" sizes=\"(max-width: 640px) 100vw, 640px\" \/><\/p>\n","protected":false},"excerpt":{"rendered":"<p>A movimenta\u00e7\u00e3o de Marconi Santana pelo Sert\u00e3o do S\u00e3o Francisco voltou a ganhar destaque nas redes sociais. Em<\/p>\n","protected":false},"author":2,"featured_media":6380,"comment_status":"open","ping_status":"open","sticky":false,"template":"","format":"standard","meta":{"footnotes":""},"categories":[12,9],"tags":[],"class_list":["post-6379","post","type-post","status-publish","format-standard","has-post-thumbnail","hentry","category-noticias","category-regional"],"yoast_head":"<!-- This site is optimized with the Yoast SEO plugin v28.3 - https:\/\/yoast.com\/product\/yoast-seo-wordpress\/ -->\n<title>Marconi Santana amplia presen\u00e7a no Sert\u00e3o do S\u00e3o Francisco e volta a cumprir agenda em Lagoa Grande - Ello TV<\/title>\n<meta name=\"description\" content=\"Marconi Santana amplia articula\u00e7\u00e3o pol\u00edtica no Sert\u00e3o do S\u00e3o Francisco e fortalece presen\u00e7a em Lagoa Grande com lideran\u00e7as locais.\" \/>\n<meta name=\"robots\" content=\"index, follow, max-snippet:-1, max-image-preview:large, max-video-preview:-1\" \/>\n<link rel=\"canonical\" href=\"https:\/\/ellotv.com.br\/site\/2026\/06\/16\/marconi-santana-amplia-presenca-no-sertao-do-sao-francisco-e-volta-a-cumprir-agenda-em-lagoa-grande\/\" \/>\n<meta property=\"og:locale\" content=\"pt_BR\" \/>\n<meta property=\"og:type\" content=\"article\" \/>\n<meta property=\"og:title\" content=\"Marconi Santana amplia presen\u00e7a no Sert\u00e3o do S\u00e3o Francisco e volta a cumprir agenda em Lagoa Grande - Ello TV\" \/>\n<meta property=\"og:description\" content=\"Marconi Santana amplia articula\u00e7\u00e3o pol\u00edtica no Sert\u00e3o do S\u00e3o Francisco e fortalece presen\u00e7a em Lagoa Grande com lideran\u00e7as locais.\" \/>\n<meta property=\"og:url\" content=\"https:\/\/ellotv.com.br\/site\/2026\/06\/16\/marconi-santana-amplia-presenca-no-sertao-do-sao-francisco-e-volta-a-cumprir-agenda-em-lagoa-grande\/\" \/>\n<meta property=\"og:site_name\" content=\"Ello TV\" \/>\n<meta property=\"article:published_time\" content=\"2026-06-16T11:31:38+00:00\" \/>\n<meta property=\"og:image\" content=\"https:\/\/ellotv.com.br\/site\/wp-content\/uploads\/2026\/06\/WhatsApp-Image-2026-06-15-at-13.28.40.jpeg\" \/>\n\t<meta property=\"og:image:width\" content=\"1024\" \/>\n\t<meta property=\"og:image:height\" content=\"1280\" \/>\n\t<meta property=\"og:image:type\" content=\"image\/jpeg\" \/>\n<meta name=\"author\" content=\"ELLO TV\" \/>\n<meta name=\"twitter:card\" content=\"summary_large_image\" \/>\n<meta name=\"twitter:label1\" content=\"Escrito por\" \/>\n\t<meta name=\"twitter:data1\" content=\"ELLO TV\" \/>\n\t<meta name=\"twitter:label2\" content=\"Est. tempo de leitura\" \/>\n\t<meta name=\"twitter:data2\" content=\"1 minuto\" \/>\n<script type=\"application\/ld+json\" class=\"yoast-schema-graph\">{\"@context\":\"https:\\\/\\\/schema.org\",\"@graph\":[{\"@type\":\"Article\",\"@id\":\"https:\\\/\\\/ellotv.com.br\\\/site\\\/2026\\\/06\\\/16\\\/marconi-santana-amplia-presenca-no-sertao-do-sao-francisco-e-volta-a-cumprir-agenda-em-lagoa-grande\\\/#article\",\"isPartOf\":{\"@id\":\"https:\\\/\\\/ellotv.com.br\\\/site\\\/2026\\\/06\\\/16\\\/marconi-santana-amplia-presenca-no-sertao-do-sao-francisco-e-volta-a-cumprir-agenda-em-lagoa-grande\\\/\"},\"author\":{\"name\":\"ELLO TV\",\"@id\":\"https:\\\/\\\/ellotv.com.br\\\/site\\\/#\\\/schema\\\/person\\\/2dbe3abaee38dcc7332fc8205cd2b15d\"},\"headline\":\"Marconi Santana amplia presen\u00e7a no Sert\u00e3o do S\u00e3o Francisco e volta a cumprir agenda em Lagoa Grande\",\"datePublished\":\"2026-06-16T11:31:38+00:00\",\"mainEntityOfPage\":{\"@id\":\"https:\\\/\\\/ellotv.com.br\\\/site\\\/2026\\\/06\\\/16\\\/marconi-santana-amplia-presenca-no-sertao-do-sao-francisco-e-volta-a-cumprir-agenda-em-lagoa-grande\\\/\"},\"wordCount\":278,\"commentCount\":0,\"publisher\":{\"@id\":\"https:\\\/\\\/ellotv.com.br\\\/site\\\/#organization\"},\"image\":{\"@id\":\"https:\\\/\\\/ellotv.com.br\\\/site\\\/2026\\\/06\\\/16\\\/marconi-santana-amplia-presenca-no-sertao-do-sao-francisco-e-volta-a-cumprir-agenda-em-lagoa-grande\\\/#primaryimage\"},\"thumbnailUrl\":\"https:\\\/\\\/ellotv.com.br\\\/site\\\/wp-content\\\/uploads\\\/2026\\\/06\\\/WhatsApp-Image-2026-06-15-at-13.28.40.jpeg\",\"articleSection\":[\"Noticias\",\"Regional\"],\"inLanguage\":\"pt-BR\",\"potentialAction\":[{\"@type\":\"CommentAction\",\"name\":\"Comment\",\"target\":[\"https:\\\/\\\/ellotv.com.br\\\/site\\\/2026\\\/06\\\/16\\\/marconi-santana-amplia-presenca-no-sertao-do-sao-francisco-e-volta-a-cumprir-agenda-em-lagoa-grande\\\/#respond\"]}]},{\"@type\":\"WebPage\",\"@id\":\"https:\\\/\\\/ellotv.com.br\\\/site\\\/2026\\\/06\\\/16\\\/marconi-santana-amplia-presenca-no-sertao-do-sao-francisco-e-volta-a-cumprir-agenda-em-lagoa-grande\\\/\",\"url\":\"https:\\\/\\\/ellotv.com.br\\\/site\\\/2026\\\/06\\\/16\\\/marconi-santana-amplia-presenca-no-sertao-do-sao-francisco-e-volta-a-cumprir-agenda-em-lagoa-grande\\\/\",\"name\":\"Marconi Santana amplia presen\u00e7a no Sert\u00e3o do S\u00e3o Francisco e volta a cumprir agenda em Lagoa Grande - Ello TV\",\"isPartOf\":{\"@id\":\"https:\\\/\\\/ellotv.com.br\\\/site\\\/#website\"},\"primaryImageOfPage\":{\"@id\":\"https:\\\/\\\/ellotv.com.br\\\/site\\\/2026\\\/06\\\/16\\\/marconi-santana-amplia-presenca-no-sertao-do-sao-francisco-e-volta-a-cumprir-agenda-em-lagoa-grande\\\/#primaryimage\"},\"image\":{\"@id\":\"https:\\\/\\\/ellotv.com.br\\\/site\\\/2026\\\/06\\\/16\\\/marconi-santana-amplia-presenca-no-sertao-do-sao-francisco-e-volta-a-cumprir-agenda-em-lagoa-grande\\\/#primaryimage\"},\"thumbnailUrl\":\"https:\\\/\\\/ellotv.com.br\\\/site\\\/wp-content\\\/uploads\\\/2026\\\/06\\\/WhatsApp-Image-2026-06-15-at-13.28.40.jpeg\",\"datePublished\":\"2026-06-16T11:31:38+00:00\",\"description\":\"Marconi Santana amplia articula\u00e7\u00e3o pol\u00edtica no Sert\u00e3o do S\u00e3o Francisco e fortalece presen\u00e7a em Lagoa Grande com lideran\u00e7as locais.\",\"breadcrumb\":{\"@id\":\"https:\\\/\\\/ellotv.com.br\\\/site\\\/2026\\\/06\\\/16\\\/marconi-santana-amplia-presenca-no-sertao-do-sao-francisco-e-volta-a-cumprir-agenda-em-lagoa-grande\\\/#breadcrumb\"},\"inLanguage\":\"pt-BR\",\"potentialAction\":[{\"@type\":\"ReadAction\",\"target\":[\"https:\\\/\\\/ellotv.com.br\\\/site\\\/2026\\\/06\\\/16\\\/marconi-santana-amplia-presenca-no-sertao-do-sao-francisco-e-volta-a-cumprir-agenda-em-lagoa-grande\\\/\"]}]},{\"@type\":\"ImageObject\",\"inLanguage\":\"pt-BR\",\"@id\":\"https:\\\/\\\/ellotv.com.br\\\/site\\\/2026\\\/06\\\/16\\\/marconi-santana-amplia-presenca-no-sertao-do-sao-francisco-e-volta-a-cumprir-agenda-em-lagoa-grande\\\/#primaryimage\",\"url\":\"https:\\\/\\\/ellotv.com.br\\\/site\\\/wp-content\\\/uploads\\\/2026\\\/06\\\/WhatsApp-Image-2026-06-15-at-13.28.40.jpeg\",\"contentUrl\":\"https:\\\/\\\/ellotv.com.br\\\/site\\\/wp-content\\\/uploads\\\/2026\\\/06\\\/WhatsApp-Image-2026-06-15-at-13.28.40.jpeg\",\"width\":1024,\"height\":1280},{\"@type\":\"BreadcrumbList\",\"@id\":\"https:\\\/\\\/ellotv.com.br\\\/site\\\/2026\\\/06\\\/16\\\/marconi-santana-amplia-presenca-no-sertao-do-sao-francisco-e-volta-a-cumprir-agenda-em-lagoa-grande\\\/#breadcrumb\",\"itemListElement\":[{\"@type\":\"ListItem\",\"position\":1,\"name\":\"In\u00edcio\",\"item\":\"https:\\\/\\\/ellotv.com.br\\\/site\\\/\"},{\"@type\":\"ListItem\",\"position\":2,\"name\":\"Marconi Santana amplia presen\u00e7a no Sert\u00e3o do S\u00e3o Francisco e volta a cumprir agenda em Lagoa Grande\"}]},{\"@type\":\"WebSite\",\"@id\":\"https:\\\/\\\/ellotv.com.br\\\/site\\\/#website\",\"url\":\"https:\\\/\\\/ellotv.com.br\\\/site\\\/\",\"name\":\"ELLO TV\",\"description\":\"\",\"publisher\":{\"@id\":\"https:\\\/\\\/ellotv.com.br\\\/site\\\/#organization\"},\"potentialAction\":[{\"@type\":\"SearchAction\",\"target\":{\"@type\":\"EntryPoint\",\"urlTemplate\":\"https:\\\/\\\/ellotv.com.br\\\/site\\\/?s={search_term_string}\"},\"query-input\":{\"@type\":\"PropertyValueSpecification\",\"valueRequired\":true,\"valueName\":\"search_term_string\"}}],\"inLanguage\":\"pt-BR\"},{\"@type\":\"Organization\",\"@id\":\"https:\\\/\\\/ellotv.com.br\\\/site\\\/#organization\",\"name\":\"ELLO TV\",\"url\":\"https:\\\/\\\/ellotv.com.br\\\/site\\\/\",\"logo\":{\"@type\":\"ImageObject\",\"inLanguage\":\"pt-BR\",\"@id\":\"https:\\\/\\\/ellotv.com.br\\\/site\\\/#\\\/schema\\\/logo\\\/image\\\/\",\"url\":\"https:\\\/\\\/ellotv.com.br\\\/site\\\/wp-content\\\/uploads\\\/2025\\\/11\\\/ello-logo-2.fw_.png\",\"contentUrl\":\"https:\\\/\\\/ellotv.com.br\\\/site\\\/wp-content\\\/uploads\\\/2025\\\/11\\\/ello-logo-2.fw_.png\",\"width\":400,\"height\":146,\"caption\":\"ELLO TV\"},\"image\":{\"@id\":\"https:\\\/\\\/ellotv.com.br\\\/site\\\/#\\\/schema\\\/logo\\\/image\\\/\"}},{\"@type\":\"Person\",\"@id\":\"https:\\\/\\\/ellotv.com.br\\\/site\\\/#\\\/schema\\\/person\\\/2dbe3abaee38dcc7332fc8205cd2b15d\",\"name\":\"ELLO TV\",\"image\":{\"@type\":\"ImageObject\",\"inLanguage\":\"pt-BR\",\"@id\":\"https:\\\/\\\/secure.gravatar.com\\\/avatar\\\/c38242b9da8ec217ac3f0aaee31a54f7d7befb11b2b47fdbc8fb0fad60afa1c6?s=96&d=mm&r=g\",\"url\":\"https:\\\/\\\/secure.gravatar.com\\\/avatar\\\/c38242b9da8ec217ac3f0aaee31a54f7d7befb11b2b47fdbc8fb0fad60afa1c6?s=96&d=mm&r=g\",\"contentUrl\":\"https:\\\/\\\/secure.gravatar.com\\\/avatar\\\/c38242b9da8ec217ac3f0aaee31a54f7d7befb11b2b47fdbc8fb0fad60afa1c6?s=96&d=mm&r=g\",\"caption\":\"ELLO TV\"},\"url\":\"https:\\\/\\\/ellotv.com.br\\\/site\\\/author\\\/elloagencia\\\/\"}]}<\/script>\n<!-- \/ Yoast SEO plugin. -->","yoast_head_json":{"title":"Marconi Santana amplia presen\u00e7a no Sert\u00e3o do S\u00e3o Francisco e volta a cumprir agenda em Lagoa Grande - Ello TV","description":"Marconi Santana amplia articula\u00e7\u00e3o pol\u00edtica no Sert\u00e3o do S\u00e3o Francisco e fortalece presen\u00e7a em Lagoa Grande com lideran\u00e7as locais.","robots":{"index":"index","follow":"follow","max-snippet":"max-snippet:-1","max-image-preview":"max-image-preview:large","max-video-preview":"max-video-preview:-1"},"canonical":"https:\/\/ellotv.com.br\/site\/2026\/06\/16\/marconi-santana-amplia-presenca-no-sertao-do-sao-francisco-e-volta-a-cumprir-agenda-em-lagoa-grande\/","og_locale":"pt_BR","og_type":"article","og_title":"Marconi Santana amplia presen\u00e7a no Sert\u00e3o do S\u00e3o Francisco e volta a cumprir agenda em Lagoa Grande - Ello TV","og_description":"Marconi Santana amplia articula\u00e7\u00e3o pol\u00edtica no Sert\u00e3o do S\u00e3o Francisco e fortalece presen\u00e7a em Lagoa Grande com lideran\u00e7as locais.","og_url":"https:\/\/ellotv.com.br\/site\/2026\/06\/16\/marconi-santana-amplia-presenca-no-sertao-do-sao-francisco-e-volta-a-cumprir-agenda-em-lagoa-grande\/","og_site_name":"Ello TV","article_published_time":"2026-06-16T11:31:38+00:00","og_image":[{"width":1024,"height":1280,"url":"https:\/\/ellotv.com.br\/site\/wp-content\/uploads\/2026\/06\/WhatsApp-Image-2026-06-15-at-13.28.40.jpeg","type":"image\/jpeg"}],"author":"ELLO TV","twitter_card":"summary_large_image","twitter_misc":{"Escrito por":"ELLO TV","Est. tempo de leitura":"1 minuto"},"schema":{"@context":"https:\/\/schema.org","@graph":[{"@type":"Article","@id":"https:\/\/ellotv.com.br\/site\/2026\/06\/16\/marconi-santana-amplia-presenca-no-sertao-do-sao-francisco-e-volta-a-cumprir-agenda-em-lagoa-grande\/#article","isPartOf":{"@id":"https:\/\/ellotv.com.br\/site\/2026\/06\/16\/marconi-santana-amplia-presenca-no-sertao-do-sao-francisco-e-volta-a-cumprir-agenda-em-lagoa-grande\/"},"author":{"name":"ELLO TV","@id":"https:\/\/ellotv.com.br\/site\/#\/schema\/person\/2dbe3abaee38dcc7332fc8205cd2b15d"},"headline":"Marconi Santana amplia presen\u00e7a no Sert\u00e3o do S\u00e3o Francisco e volta a cumprir agenda em Lagoa Grande","datePublished":"2026-06-16T11:31:38+00:00","mainEntityOfPage":{"@id":"https:\/\/ellotv.com.br\/site\/2026\/06\/16\/marconi-santana-amplia-presenca-no-sertao-do-sao-francisco-e-volta-a-cumprir-agenda-em-lagoa-grande\/"},"wordCount":278,"commentCount":0,"publisher":{"@id":"https:\/\/ellotv.com.br\/site\/#organization"},"image":{"@id":"https:\/\/ellotv.com.br\/site\/2026\/06\/16\/marconi-santana-amplia-presenca-no-sertao-do-sao-francisco-e-volta-a-cumprir-agenda-em-lagoa-grande\/#primaryimage"},"thumbnailUrl":"https:\/\/ellotv.com.br\/site\/wp-content\/uploads\/2026\/06\/WhatsApp-Image-2026-06-15-at-13.28.40.jpeg","articleSection":["Noticias","Regional"],"inLanguage":"pt-BR","potentialAction":[{"@type":"CommentAction","name":"Comment","target":["https:\/\/ellotv.com.br\/site\/2026\/06\/16\/marconi-santana-amplia-presenca-no-sertao-do-sao-francisco-e-volta-a-cumprir-agenda-em-lagoa-grande\/#respond"]}]},{"@type":"WebPage","@id":"https:\/\/ellotv.com.br\/site\/2026\/06\/16\/marconi-santana-amplia-presenca-no-sertao-do-sao-francisco-e-volta-a-cumprir-agenda-em-lagoa-grande\/","url":"https:\/\/ellotv.com.br\/site\/2026\/06\/16\/marconi-santana-amplia-presenca-no-sertao-do-sao-francisco-e-volta-a-cumprir-agenda-em-lagoa-grande\/","name":"Marconi Santana amplia presen\u00e7a no Sert\u00e3o do S\u00e3o Francisco e volta a cumprir agenda em Lagoa Grande - Ello TV","isPartOf":{"@id":"https:\/\/ellotv.com.br\/site\/#website"},"primaryImageOfPage":{"@id":"https:\/\/ellotv.com.br\/site\/2026\/06\/16\/marconi-santana-amplia-presenca-no-sertao-do-sao-francisco-e-volta-a-cumprir-agenda-em-lagoa-grande\/#primaryimage"},"image":{"@id":"https:\/\/ellotv.com.br\/site\/2026\/06\/16\/marconi-santana-amplia-presenca-no-sertao-do-sao-francisco-e-volta-a-cumprir-agenda-em-lagoa-grande\/#primaryimage"},"thumbnailUrl":"https:\/\/ellotv.com.br\/site\/wp-content\/uploads\/2026\/06\/WhatsApp-Image-2026-06-15-at-13.28.40.jpeg","datePublished":"2026-06-16T11:31:38+00:00","description":"Marconi Santana amplia articula\u00e7\u00e3o pol\u00edtica no Sert\u00e3o do S\u00e3o Francisco e fortalece presen\u00e7a em Lagoa Grande com lideran\u00e7as locais.","breadcrumb":{"@id":"https:\/\/ellotv.com.br\/site\/2026\/06\/16\/marconi-santana-amplia-presenca-no-sertao-do-sao-francisco-e-volta-a-cumprir-agenda-em-lagoa-grande\/#breadcrumb"},"inLanguage":"pt-BR","potentialAction":[{"@type":"ReadAction","target":["https:\/\/ellotv.com.br\/site\/2026\/06\/16\/marconi-santana-amplia-presenca-no-sertao-do-sao-francisco-e-volta-a-cumprir-agenda-em-lagoa-grande\/"]}]},{"@type":"ImageObject","inLanguage":"pt-BR","@id":"https:\/\/ellotv.com.br\/site\/2026\/06\/16\/marconi-santana-amplia-presenca-no-sertao-do-sao-francisco-e-volta-a-cumprir-agenda-em-lagoa-grande\/#primaryimage","url":"https:\/\/ellotv.com.br\/site\/wp-content\/uploads\/2026\/06\/WhatsApp-Image-2026-06-15-at-13.28.40.jpeg","contentUrl":"https:\/\/ellotv.com.br\/site\/wp-content\/uploads\/2026\/06\/WhatsApp-Image-2026-06-15-at-13.28.40.jpeg","width":1024,"height":1280},{"@type":"BreadcrumbList","@id":"https:\/\/ellotv.com.br\/site\/2026\/06\/16\/marconi-santana-amplia-presenca-no-sertao-do-sao-francisco-e-volta-a-cumprir-agenda-em-lagoa-grande\/#breadcrumb","itemListElement":[{"@type":"ListItem","position":1,"name":"In\u00edcio","item":"https:\/\/ellotv.com.br\/site\/"},{"@type":"ListItem","position":2,"name":"Marconi Santana amplia presen\u00e7a no Sert\u00e3o do S\u00e3o Francisco e volta a cumprir agenda em Lagoa Grande"}]},{"@type":"WebSite","@id":"https:\/\/ellotv.com.br\/site\/#website","url":"https:\/\/ellotv.com.br\/site\/","name":"ELLO TV","description":"","publisher":{"@id":"https:\/\/ellotv.com.br\/site\/#organization"},"potentialAction":[{"@type":"SearchAction","target":{"@type":"EntryPoint","urlTemplate":"https:\/\/ellotv.com.br\/site\/?s={search_term_string}"},"query-input":{"@type":"PropertyValueSpecification","valueRequired":true,"valueName":"search_term_string"}}],"inLanguage":"pt-BR"},{"@type":"Organization","@id":"https:\/\/ellotv.com.br\/site\/#organization","name":"ELLO TV","url":"https:\/\/ellotv.com.br\/site\/","logo":{"@type":"ImageObject","inLanguage":"pt-BR","@id":"https:\/\/ellotv.com.br\/site\/#\/schema\/logo\/image\/","url":"https:\/\/ellotv.com.br\/site\/wp-content\/uploads\/2025\/11\/ello-logo-2.fw_.png","contentUrl":"https:\/\/ellotv.com.br\/site\/wp-content\/uploads\/2025\/11\/ello-logo-2.fw_.png","width":400,"height":146,"caption":"ELLO TV"},"image":{"@id":"https:\/\/ellotv.com.br\/site\/#\/schema\/logo\/image\/"}},{"@type":"Person","@id":"https:\/\/ellotv.com.br\/site\/#\/schema\/person\/2dbe3abaee38dcc7332fc8205cd2b15d","name":"ELLO TV","image":{"@type":"ImageObject","inLanguage":"pt-BR","@id":"https:\/\/secure.gravatar.com\/avatar\/c38242b9da8ec217ac3f0aaee31a54f7d7befb11b2b47fdbc8fb0fad60afa1c6?s=96&d=mm&r=g","url":"https:\/\/secure.gravatar.com\/avatar\/c38242b9da8ec217ac3f0aaee31a54f7d7befb11b2b47fdbc8fb0fad60afa1c6?s=96&d=mm&r=g","contentUrl":"https:\/\/secure.gravatar.com\/avatar\/c38242b9da8ec217ac3f0aaee31a54f7d7befb11b2b47fdbc8fb0fad60afa1c6?s=96&d=mm&r=g","caption":"ELLO TV"},"url":"https:\/\/ellotv.com.br\/site\/author\/elloagencia\/"}]}},"featured_image_urls":{"full":["https:\/\/ellotv.com.br\/site\/wp-content\/uploads\/2026\/06\/WhatsApp-Image-2026-06-15-at-13.28.40.jpeg",1024,1280,false],"thumbnail":["https:\/\/ellotv.com.br\/site\/wp-content\/uploads\/2026\/06\/WhatsApp-Image-2026-06-15-at-13.28.40-150x150.jpeg",150,150,true],"medium":["https:\/\/ellotv.com.br\/site\/wp-content\/uploads\/2026\/06\/WhatsApp-Image-2026-06-15-at-13.28.40-240x300.jpeg",240,300,true],"medium_large":["https:\/\/ellotv.com.br\/site\/wp-content\/uploads\/2026\/06\/WhatsApp-Image-2026-06-15-at-13.28.40-768x960.jpeg",640,800,true],"large":["https:\/\/ellotv.com.br\/site\/wp-content\/uploads\/2026\/06\/WhatsApp-Image-2026-06-15-at-13.28.40-819x1024.jpeg",640,800,true],"1536x1536":["https:\/\/ellotv.com.br\/site\/wp-content\/uploads\/2026\/06\/WhatsApp-Image-2026-06-15-at-13.28.40.jpeg",1024,1280,false],"2048x2048":["https:\/\/ellotv.com.br\/site\/wp-content\/uploads\/2026\/06\/WhatsApp-Image-2026-06-15-at-13.28.40.jpeg",1024,1280,false],"darknews-slider-full":["https:\/\/ellotv.com.br\/site\/wp-content\/uploads\/2026\/06\/WhatsApp-Image-2026-06-15-at-13.28.40-1024x720.jpeg",1024,720,true],"darknews-featured":["https:\/\/ellotv.com.br\/site\/wp-content\/uploads\/2026\/06\/WhatsApp-Image-2026-06-15-at-13.28.40.jpeg",1024,1280,false],"darknews-medium":["https:\/\/ellotv.com.br\/site\/wp-content\/uploads\/2026\/06\/WhatsApp-Image-2026-06-15-at-13.28.40-720x530.jpeg",720,530,true],"darknews-medium-square":["https:\/\/ellotv.com.br\/site\/wp-content\/uploads\/2026\/06\/WhatsApp-Image-2026-06-15-at-13.28.40-350x350.jpeg",350,350,true]},"author_info":{"info":["ELLO TV"]},"category_info":"<a href=\"https:\/\/ellotv.com.br\/site\/category\/noticias\/\" rel=\"category tag\">Noticias<\/a> <a href=\"https:\/\/ellotv.com.br\/site\/category\/regional\/\" rel=\"category tag\">Regional<\/a>","tag_info":"Regional","comment_count":"0","_links":{"self":[{"href":"https:\/\/ellotv.com.br\/site\/wp-json\/wp\/v2\/posts\/6379","targetHints":{"allow":["GET"]}}],"collection":[{"href":"https:\/\/ellotv.com.br\/site\/wp-json\/wp\/v2\/posts"}],"about":[{"href":"https:\/\/ellotv.com.br\/site\/wp-json\/wp\/v2\/types\/post"}],"author":[{"embeddable":true,"href":"https:\/\/ellotv.com.br\/site\/wp-json\/wp\/v2\/users\/2"}],"replies":[{"embeddable":true,"href":"https:\/\/ellotv.com.br\/site\/wp-json\/wp\/v2\/comments?post=6379"}],"version-history":[{"count":1,"href":"https:\/\/ellotv.com.br\/site\/wp-json\/wp\/v2\/posts\/6379\/revisions"}],"predecessor-version":[{"id":6390,"href":"https:\/\/ellotv.com.br\/site\/wp-json\/wp\/v2\/posts\/6379\/revisions\/6390"}],"wp:featuredmedia":[{"embeddable":true,"href":"https:\/\/ellotv.com.br\/site\/wp-json\/wp\/v2\/media\/6380"}],"wp:attachment":[{"href":"https:\/\/ellotv.com.br\/site\/wp-json\/wp\/v2\/media?parent=6379"}],"wp:term":[{"taxonomy":"category","embeddable":true,"href":"https:\/\/ellotv.com.br\/site\/wp-json\/wp\/v2\/categories?post=6379"},{"taxonomy":"post_tag","embeddable":true,"href":"https:\/\/ellotv.com.br\/site\/wp-json\/wp\/v2\/tags?post=6379"}],"curies":[{"name":"wp","href":"https:\/\/api.w.org\/{rel}","templated":true}]}}