{"id":6399,"date":"2026-06-17T08:38:23","date_gmt":"2026-06-17T11:38:23","guid":{"rendered":"https:\/\/ellotv.com.br\/site\/?p=6399"},"modified":"2026-06-17T08:38:23","modified_gmt":"2026-06-17T11:38:23","slug":"pajeu-marconi-santana-atrai-novas-liderancas-em-afogados-e-amplia-raio-de-influencia-no-municipio","status":"publish","type":"post","link":"https:\/\/ellotv.com.br\/site\/2026\/06\/17\/pajeu-marconi-santana-atrai-novas-liderancas-em-afogados-e-amplia-raio-de-influencia-no-municipio\/","title":{"rendered":"PAJE\u00da: Marconi Santana atrai novas lideran\u00e7as em Afogados e amplia raio de influ\u00eancia no munic\u00edpio"},"content":{"rendered":"<p>O ex-prefeito de Flores e pr\u00e9-candidato a deputado estadual, Marconi Santana, registrou um novo avan\u00e7o em Afogados da Ingazeira, um dos principais col\u00e9gios eleitorais do Sert\u00e3o do Paje\u00fa.<\/p>\n<p><strong>Nova alian\u00e7a<\/strong><\/p>\n<p>Marconi formalizou parceria com o ex-vereador Toinho da Ponte, lideran\u00e7a tradicional e com forte inser\u00e7\u00e3o popular no munic\u00edpio.<\/p>\n<p><strong>Articula\u00e7\u00e3o pol\u00edtica<\/strong><\/p>\n<p>A chegada do novo aliado \u00e9 resultado de uma articula\u00e7\u00e3o conduzida pelo vereador Z\u00e9 Neg\u00e3o e por Edson Henrique, Gerente Regional de Articula\u00e7\u00e3o da Casa Civil, que atuam diretamente na consolida\u00e7\u00e3o do projeto pol\u00edtico na cidade e na regi\u00e3o.<\/p>\n<p><strong>Fortalecimento no Paje\u00fa<\/strong><\/p>\n<p>A uni\u00e3o de lideran\u00e7as refor\u00e7a a presen\u00e7a de Marconi em Afogados da Ingazeira e evidencia o crescimento de sua pr\u00e9-candidatura no Sert\u00e3o do Paje\u00fa, onde mant\u00e9m sua principal base pol\u00edtica.<\/p>\n<p><strong>Crescimento estadual<\/strong><\/p>\n<p>O movimento acompanha uma tend\u00eancia observada em diversas regi\u00f5es de Pernambuco, indicando a amplia\u00e7\u00e3o do alcance pol\u00edtico de Marconi Santana e sua consolida\u00e7\u00e3o como nome competitivo no cen\u00e1rio estadual.<\/p>\n","protected":false},"excerpt":{"rendered":"<p>O ex-prefeito de Flores e pr\u00e9-candidato a deputado estadual, Marconi Santana, registrou um novo avan\u00e7o em Afogados da<\/p>\n","protected":false},"author":2,"featured_media":6401,"comment_status":"open","ping_status":"open","sticky":false,"template":"","format":"standard","meta":{"footnotes":""},"categories":[12,9],"tags":[],"class_list":["post-6399","post","type-post","status-publish","format-standard","has-post-thumbnail","hentry","category-noticias","category-regional"],"yoast_head":"<!-- This site is optimized with the Yoast SEO plugin v28.3 - https:\/\/yoast.com\/product\/yoast-seo-wordpress\/ -->\n<title>PAJE\u00da: Marconi Santana atrai novas lideran\u00e7as em Afogados e amplia raio de influ\u00eancia no munic\u00edpio - Ello TV<\/title>\n<meta name=\"description\" content=\"Marconi Santana amplia base em Afogados da Ingazeira ao firmar alian\u00e7a com Toinho da Ponte e fortalecer articula\u00e7\u00e3o pol\u00edtica no Paje\u00fa.\" \/>\n<meta name=\"robots\" content=\"index, follow, max-snippet:-1, max-image-preview:large, max-video-preview:-1\" \/>\n<link rel=\"canonical\" href=\"https:\/\/ellotv.com.br\/site\/2026\/06\/17\/pajeu-marconi-santana-atrai-novas-liderancas-em-afogados-e-amplia-raio-de-influencia-no-municipio\/\" \/>\n<meta property=\"og:locale\" content=\"pt_BR\" \/>\n<meta property=\"og:type\" content=\"article\" \/>\n<meta property=\"og:title\" content=\"PAJE\u00da: Marconi Santana atrai novas lideran\u00e7as em Afogados e amplia raio de influ\u00eancia no munic\u00edpio - Ello TV\" \/>\n<meta property=\"og:description\" content=\"Marconi Santana amplia base em Afogados da Ingazeira ao firmar alian\u00e7a com Toinho da Ponte e fortalecer articula\u00e7\u00e3o pol\u00edtica no Paje\u00fa.\" \/>\n<meta property=\"og:url\" content=\"https:\/\/ellotv.com.br\/site\/2026\/06\/17\/pajeu-marconi-santana-atrai-novas-liderancas-em-afogados-e-amplia-raio-de-influencia-no-municipio\/\" \/>\n<meta property=\"og:site_name\" content=\"Ello TV\" \/>\n<meta property=\"article:published_time\" content=\"2026-06-17T11:38:23+00:00\" \/>\n<meta property=\"og:image\" content=\"https:\/\/ellotv.com.br\/site\/wp-content\/uploads\/2026\/06\/WhatsApp-Image-2026-06-16-at-14.22.52.jpeg\" \/>\n\t<meta property=\"og:image:width\" content=\"960\" \/>\n\t<meta property=\"og:image:height\" content=\"1280\" \/>\n\t<meta property=\"og:image:type\" content=\"image\/jpeg\" \/>\n<meta name=\"author\" content=\"ELLO TV\" \/>\n<meta name=\"twitter:card\" content=\"summary_large_image\" \/>\n<meta name=\"twitter:label1\" content=\"Escrito por\" \/>\n\t<meta name=\"twitter:data1\" content=\"ELLO TV\" \/>\n\t<meta name=\"twitter:label2\" content=\"Est. tempo de leitura\" \/>\n\t<meta name=\"twitter:data2\" content=\"1 minuto\" \/>\n<script type=\"application\/ld+json\" class=\"yoast-schema-graph\">{\"@context\":\"https:\\\/\\\/schema.org\",\"@graph\":[{\"@type\":\"Article\",\"@id\":\"https:\\\/\\\/ellotv.com.br\\\/site\\\/2026\\\/06\\\/17\\\/pajeu-marconi-santana-atrai-novas-liderancas-em-afogados-e-amplia-raio-de-influencia-no-municipio\\\/#article\",\"isPartOf\":{\"@id\":\"https:\\\/\\\/ellotv.com.br\\\/site\\\/2026\\\/06\\\/17\\\/pajeu-marconi-santana-atrai-novas-liderancas-em-afogados-e-amplia-raio-de-influencia-no-municipio\\\/\"},\"author\":{\"name\":\"ELLO TV\",\"@id\":\"https:\\\/\\\/ellotv.com.br\\\/site\\\/#\\\/schema\\\/person\\\/2dbe3abaee38dcc7332fc8205cd2b15d\"},\"headline\":\"PAJE\u00da: Marconi Santana atrai novas lideran\u00e7as em Afogados e amplia raio de influ\u00eancia no munic\u00edpio\",\"datePublished\":\"2026-06-17T11:38:23+00:00\",\"mainEntityOfPage\":{\"@id\":\"https:\\\/\\\/ellotv.com.br\\\/site\\\/2026\\\/06\\\/17\\\/pajeu-marconi-santana-atrai-novas-liderancas-em-afogados-e-amplia-raio-de-influencia-no-municipio\\\/\"},\"wordCount\":200,\"commentCount\":0,\"publisher\":{\"@id\":\"https:\\\/\\\/ellotv.com.br\\\/site\\\/#organization\"},\"image\":{\"@id\":\"https:\\\/\\\/ellotv.com.br\\\/site\\\/2026\\\/06\\\/17\\\/pajeu-marconi-santana-atrai-novas-liderancas-em-afogados-e-amplia-raio-de-influencia-no-municipio\\\/#primaryimage\"},\"thumbnailUrl\":\"https:\\\/\\\/ellotv.com.br\\\/site\\\/wp-content\\\/uploads\\\/2026\\\/06\\\/WhatsApp-Image-2026-06-16-at-14.22.52.jpeg\",\"articleSection\":[\"Noticias\",\"Regional\"],\"inLanguage\":\"pt-BR\",\"potentialAction\":[{\"@type\":\"CommentAction\",\"name\":\"Comment\",\"target\":[\"https:\\\/\\\/ellotv.com.br\\\/site\\\/2026\\\/06\\\/17\\\/pajeu-marconi-santana-atrai-novas-liderancas-em-afogados-e-amplia-raio-de-influencia-no-municipio\\\/#respond\"]}]},{\"@type\":\"WebPage\",\"@id\":\"https:\\\/\\\/ellotv.com.br\\\/site\\\/2026\\\/06\\\/17\\\/pajeu-marconi-santana-atrai-novas-liderancas-em-afogados-e-amplia-raio-de-influencia-no-municipio\\\/\",\"url\":\"https:\\\/\\\/ellotv.com.br\\\/site\\\/2026\\\/06\\\/17\\\/pajeu-marconi-santana-atrai-novas-liderancas-em-afogados-e-amplia-raio-de-influencia-no-municipio\\\/\",\"name\":\"PAJE\u00da: Marconi Santana atrai novas lideran\u00e7as em Afogados e amplia raio de influ\u00eancia no munic\u00edpio - Ello TV\",\"isPartOf\":{\"@id\":\"https:\\\/\\\/ellotv.com.br\\\/site\\\/#website\"},\"primaryImageOfPage\":{\"@id\":\"https:\\\/\\\/ellotv.com.br\\\/site\\\/2026\\\/06\\\/17\\\/pajeu-marconi-santana-atrai-novas-liderancas-em-afogados-e-amplia-raio-de-influencia-no-municipio\\\/#primaryimage\"},\"image\":{\"@id\":\"https:\\\/\\\/ellotv.com.br\\\/site\\\/2026\\\/06\\\/17\\\/pajeu-marconi-santana-atrai-novas-liderancas-em-afogados-e-amplia-raio-de-influencia-no-municipio\\\/#primaryimage\"},\"thumbnailUrl\":\"https:\\\/\\\/ellotv.com.br\\\/site\\\/wp-content\\\/uploads\\\/2026\\\/06\\\/WhatsApp-Image-2026-06-16-at-14.22.52.jpeg\",\"datePublished\":\"2026-06-17T11:38:23+00:00\",\"description\":\"Marconi Santana amplia base em Afogados da Ingazeira ao firmar alian\u00e7a com Toinho da Ponte e fortalecer articula\u00e7\u00e3o pol\u00edtica no Paje\u00fa.\",\"breadcrumb\":{\"@id\":\"https:\\\/\\\/ellotv.com.br\\\/site\\\/2026\\\/06\\\/17\\\/pajeu-marconi-santana-atrai-novas-liderancas-em-afogados-e-amplia-raio-de-influencia-no-municipio\\\/#breadcrumb\"},\"inLanguage\":\"pt-BR\",\"potentialAction\":[{\"@type\":\"ReadAction\",\"target\":[\"https:\\\/\\\/ellotv.com.br\\\/site\\\/2026\\\/06\\\/17\\\/pajeu-marconi-santana-atrai-novas-liderancas-em-afogados-e-amplia-raio-de-influencia-no-municipio\\\/\"]}]},{\"@type\":\"ImageObject\",\"inLanguage\":\"pt-BR\",\"@id\":\"https:\\\/\\\/ellotv.com.br\\\/site\\\/2026\\\/06\\\/17\\\/pajeu-marconi-santana-atrai-novas-liderancas-em-afogados-e-amplia-raio-de-influencia-no-municipio\\\/#primaryimage\",\"url\":\"https:\\\/\\\/ellotv.com.br\\\/site\\\/wp-content\\\/uploads\\\/2026\\\/06\\\/WhatsApp-Image-2026-06-16-at-14.22.52.jpeg\",\"contentUrl\":\"https:\\\/\\\/ellotv.com.br\\\/site\\\/wp-content\\\/uploads\\\/2026\\\/06\\\/WhatsApp-Image-2026-06-16-at-14.22.52.jpeg\",\"width\":960,\"height\":1280},{\"@type\":\"BreadcrumbList\",\"@id\":\"https:\\\/\\\/ellotv.com.br\\\/site\\\/2026\\\/06\\\/17\\\/pajeu-marconi-santana-atrai-novas-liderancas-em-afogados-e-amplia-raio-de-influencia-no-municipio\\\/#breadcrumb\",\"itemListElement\":[{\"@type\":\"ListItem\",\"position\":1,\"name\":\"In\u00edcio\",\"item\":\"https:\\\/\\\/ellotv.com.br\\\/site\\\/\"},{\"@type\":\"ListItem\",\"position\":2,\"name\":\"PAJE\u00da: Marconi Santana atrai novas lideran\u00e7as em Afogados e amplia raio de influ\u00eancia no munic\u00edpio\"}]},{\"@type\":\"WebSite\",\"@id\":\"https:\\\/\\\/ellotv.com.br\\\/site\\\/#website\",\"url\":\"https:\\\/\\\/ellotv.com.br\\\/site\\\/\",\"name\":\"ELLO TV\",\"description\":\"\",\"publisher\":{\"@id\":\"https:\\\/\\\/ellotv.com.br\\\/site\\\/#organization\"},\"potentialAction\":[{\"@type\":\"SearchAction\",\"target\":{\"@type\":\"EntryPoint\",\"urlTemplate\":\"https:\\\/\\\/ellotv.com.br\\\/site\\\/?s={search_term_string}\"},\"query-input\":{\"@type\":\"PropertyValueSpecification\",\"valueRequired\":true,\"valueName\":\"search_term_string\"}}],\"inLanguage\":\"pt-BR\"},{\"@type\":\"Organization\",\"@id\":\"https:\\\/\\\/ellotv.com.br\\\/site\\\/#organization\",\"name\":\"ELLO TV\",\"url\":\"https:\\\/\\\/ellotv.com.br\\\/site\\\/\",\"logo\":{\"@type\":\"ImageObject\",\"inLanguage\":\"pt-BR\",\"@id\":\"https:\\\/\\\/ellotv.com.br\\\/site\\\/#\\\/schema\\\/logo\\\/image\\\/\",\"url\":\"https:\\\/\\\/ellotv.com.br\\\/site\\\/wp-content\\\/uploads\\\/2025\\\/11\\\/ello-logo-2.fw_.png\",\"contentUrl\":\"https:\\\/\\\/ellotv.com.br\\\/site\\\/wp-content\\\/uploads\\\/2025\\\/11\\\/ello-logo-2.fw_.png\",\"width\":400,\"height\":146,\"caption\":\"ELLO TV\"},\"image\":{\"@id\":\"https:\\\/\\\/ellotv.com.br\\\/site\\\/#\\\/schema\\\/logo\\\/image\\\/\"}},{\"@type\":\"Person\",\"@id\":\"https:\\\/\\\/ellotv.com.br\\\/site\\\/#\\\/schema\\\/person\\\/2dbe3abaee38dcc7332fc8205cd2b15d\",\"name\":\"ELLO TV\",\"image\":{\"@type\":\"ImageObject\",\"inLanguage\":\"pt-BR\",\"@id\":\"https:\\\/\\\/secure.gravatar.com\\\/avatar\\\/c38242b9da8ec217ac3f0aaee31a54f7d7befb11b2b47fdbc8fb0fad60afa1c6?s=96&d=mm&r=g\",\"url\":\"https:\\\/\\\/secure.gravatar.com\\\/avatar\\\/c38242b9da8ec217ac3f0aaee31a54f7d7befb11b2b47fdbc8fb0fad60afa1c6?s=96&d=mm&r=g\",\"contentUrl\":\"https:\\\/\\\/secure.gravatar.com\\\/avatar\\\/c38242b9da8ec217ac3f0aaee31a54f7d7befb11b2b47fdbc8fb0fad60afa1c6?s=96&d=mm&r=g\",\"caption\":\"ELLO TV\"},\"url\":\"https:\\\/\\\/ellotv.com.br\\\/site\\\/author\\\/elloagencia\\\/\"}]}<\/script>\n<!-- \/ Yoast SEO plugin. -->","yoast_head_json":{"title":"PAJE\u00da: Marconi Santana atrai novas lideran\u00e7as em Afogados e amplia raio de influ\u00eancia no munic\u00edpio - Ello TV","description":"Marconi Santana amplia base em Afogados da Ingazeira ao firmar alian\u00e7a com Toinho da Ponte e fortalecer articula\u00e7\u00e3o pol\u00edtica no Paje\u00fa.","robots":{"index":"index","follow":"follow","max-snippet":"max-snippet:-1","max-image-preview":"max-image-preview:large","max-video-preview":"max-video-preview:-1"},"canonical":"https:\/\/ellotv.com.br\/site\/2026\/06\/17\/pajeu-marconi-santana-atrai-novas-liderancas-em-afogados-e-amplia-raio-de-influencia-no-municipio\/","og_locale":"pt_BR","og_type":"article","og_title":"PAJE\u00da: Marconi Santana atrai novas lideran\u00e7as em Afogados e amplia raio de influ\u00eancia no munic\u00edpio - Ello TV","og_description":"Marconi Santana amplia base em Afogados da Ingazeira ao firmar alian\u00e7a com Toinho da Ponte e fortalecer articula\u00e7\u00e3o pol\u00edtica no Paje\u00fa.","og_url":"https:\/\/ellotv.com.br\/site\/2026\/06\/17\/pajeu-marconi-santana-atrai-novas-liderancas-em-afogados-e-amplia-raio-de-influencia-no-municipio\/","og_site_name":"Ello TV","article_published_time":"2026-06-17T11:38:23+00:00","og_image":[{"width":960,"height":1280,"url":"https:\/\/ellotv.com.br\/site\/wp-content\/uploads\/2026\/06\/WhatsApp-Image-2026-06-16-at-14.22.52.jpeg","type":"image\/jpeg"}],"author":"ELLO TV","twitter_card":"summary_large_image","twitter_misc":{"Escrito por":"ELLO TV","Est. tempo de leitura":"1 minuto"},"schema":{"@context":"https:\/\/schema.org","@graph":[{"@type":"Article","@id":"https:\/\/ellotv.com.br\/site\/2026\/06\/17\/pajeu-marconi-santana-atrai-novas-liderancas-em-afogados-e-amplia-raio-de-influencia-no-municipio\/#article","isPartOf":{"@id":"https:\/\/ellotv.com.br\/site\/2026\/06\/17\/pajeu-marconi-santana-atrai-novas-liderancas-em-afogados-e-amplia-raio-de-influencia-no-municipio\/"},"author":{"name":"ELLO TV","@id":"https:\/\/ellotv.com.br\/site\/#\/schema\/person\/2dbe3abaee38dcc7332fc8205cd2b15d"},"headline":"PAJE\u00da: Marconi Santana atrai novas lideran\u00e7as em Afogados e amplia raio de influ\u00eancia no munic\u00edpio","datePublished":"2026-06-17T11:38:23+00:00","mainEntityOfPage":{"@id":"https:\/\/ellotv.com.br\/site\/2026\/06\/17\/pajeu-marconi-santana-atrai-novas-liderancas-em-afogados-e-amplia-raio-de-influencia-no-municipio\/"},"wordCount":200,"commentCount":0,"publisher":{"@id":"https:\/\/ellotv.com.br\/site\/#organization"},"image":{"@id":"https:\/\/ellotv.com.br\/site\/2026\/06\/17\/pajeu-marconi-santana-atrai-novas-liderancas-em-afogados-e-amplia-raio-de-influencia-no-municipio\/#primaryimage"},"thumbnailUrl":"https:\/\/ellotv.com.br\/site\/wp-content\/uploads\/2026\/06\/WhatsApp-Image-2026-06-16-at-14.22.52.jpeg","articleSection":["Noticias","Regional"],"inLanguage":"pt-BR","potentialAction":[{"@type":"CommentAction","name":"Comment","target":["https:\/\/ellotv.com.br\/site\/2026\/06\/17\/pajeu-marconi-santana-atrai-novas-liderancas-em-afogados-e-amplia-raio-de-influencia-no-municipio\/#respond"]}]},{"@type":"WebPage","@id":"https:\/\/ellotv.com.br\/site\/2026\/06\/17\/pajeu-marconi-santana-atrai-novas-liderancas-em-afogados-e-amplia-raio-de-influencia-no-municipio\/","url":"https:\/\/ellotv.com.br\/site\/2026\/06\/17\/pajeu-marconi-santana-atrai-novas-liderancas-em-afogados-e-amplia-raio-de-influencia-no-municipio\/","name":"PAJE\u00da: Marconi Santana atrai novas lideran\u00e7as em Afogados e amplia raio de influ\u00eancia no munic\u00edpio - Ello TV","isPartOf":{"@id":"https:\/\/ellotv.com.br\/site\/#website"},"primaryImageOfPage":{"@id":"https:\/\/ellotv.com.br\/site\/2026\/06\/17\/pajeu-marconi-santana-atrai-novas-liderancas-em-afogados-e-amplia-raio-de-influencia-no-municipio\/#primaryimage"},"image":{"@id":"https:\/\/ellotv.com.br\/site\/2026\/06\/17\/pajeu-marconi-santana-atrai-novas-liderancas-em-afogados-e-amplia-raio-de-influencia-no-municipio\/#primaryimage"},"thumbnailUrl":"https:\/\/ellotv.com.br\/site\/wp-content\/uploads\/2026\/06\/WhatsApp-Image-2026-06-16-at-14.22.52.jpeg","datePublished":"2026-06-17T11:38:23+00:00","description":"Marconi Santana amplia base em Afogados da Ingazeira ao firmar alian\u00e7a com Toinho da Ponte e fortalecer articula\u00e7\u00e3o pol\u00edtica no Paje\u00fa.","breadcrumb":{"@id":"https:\/\/ellotv.com.br\/site\/2026\/06\/17\/pajeu-marconi-santana-atrai-novas-liderancas-em-afogados-e-amplia-raio-de-influencia-no-municipio\/#breadcrumb"},"inLanguage":"pt-BR","potentialAction":[{"@type":"ReadAction","target":["https:\/\/ellotv.com.br\/site\/2026\/06\/17\/pajeu-marconi-santana-atrai-novas-liderancas-em-afogados-e-amplia-raio-de-influencia-no-municipio\/"]}]},{"@type":"ImageObject","inLanguage":"pt-BR","@id":"https:\/\/ellotv.com.br\/site\/2026\/06\/17\/pajeu-marconi-santana-atrai-novas-liderancas-em-afogados-e-amplia-raio-de-influencia-no-municipio\/#primaryimage","url":"https:\/\/ellotv.com.br\/site\/wp-content\/uploads\/2026\/06\/WhatsApp-Image-2026-06-16-at-14.22.52.jpeg","contentUrl":"https:\/\/ellotv.com.br\/site\/wp-content\/uploads\/2026\/06\/WhatsApp-Image-2026-06-16-at-14.22.52.jpeg","width":960,"height":1280},{"@type":"BreadcrumbList","@id":"https:\/\/ellotv.com.br\/site\/2026\/06\/17\/pajeu-marconi-santana-atrai-novas-liderancas-em-afogados-e-amplia-raio-de-influencia-no-municipio\/#breadcrumb","itemListElement":[{"@type":"ListItem","position":1,"name":"In\u00edcio","item":"https:\/\/ellotv.com.br\/site\/"},{"@type":"ListItem","position":2,"name":"PAJE\u00da: Marconi Santana atrai novas lideran\u00e7as em Afogados e amplia raio de influ\u00eancia no munic\u00edpio"}]},{"@type":"WebSite","@id":"https:\/\/ellotv.com.br\/site\/#website","url":"https:\/\/ellotv.com.br\/site\/","name":"ELLO TV","description":"","publisher":{"@id":"https:\/\/ellotv.com.br\/site\/#organization"},"potentialAction":[{"@type":"SearchAction","target":{"@type":"EntryPoint","urlTemplate":"https:\/\/ellotv.com.br\/site\/?s={search_term_string}"},"query-input":{"@type":"PropertyValueSpecification","valueRequired":true,"valueName":"search_term_string"}}],"inLanguage":"pt-BR"},{"@type":"Organization","@id":"https:\/\/ellotv.com.br\/site\/#organization","name":"ELLO TV","url":"https:\/\/ellotv.com.br\/site\/","logo":{"@type":"ImageObject","inLanguage":"pt-BR","@id":"https:\/\/ellotv.com.br\/site\/#\/schema\/logo\/image\/","url":"https:\/\/ellotv.com.br\/site\/wp-content\/uploads\/2025\/11\/ello-logo-2.fw_.png","contentUrl":"https:\/\/ellotv.com.br\/site\/wp-content\/uploads\/2025\/11\/ello-logo-2.fw_.png","width":400,"height":146,"caption":"ELLO TV"},"image":{"@id":"https:\/\/ellotv.com.br\/site\/#\/schema\/logo\/image\/"}},{"@type":"Person","@id":"https:\/\/ellotv.com.br\/site\/#\/schema\/person\/2dbe3abaee38dcc7332fc8205cd2b15d","name":"ELLO TV","image":{"@type":"ImageObject","inLanguage":"pt-BR","@id":"https:\/\/secure.gravatar.com\/avatar\/c38242b9da8ec217ac3f0aaee31a54f7d7befb11b2b47fdbc8fb0fad60afa1c6?s=96&d=mm&r=g","url":"https:\/\/secure.gravatar.com\/avatar\/c38242b9da8ec217ac3f0aaee31a54f7d7befb11b2b47fdbc8fb0fad60afa1c6?s=96&d=mm&r=g","contentUrl":"https:\/\/secure.gravatar.com\/avatar\/c38242b9da8ec217ac3f0aaee31a54f7d7befb11b2b47fdbc8fb0fad60afa1c6?s=96&d=mm&r=g","caption":"ELLO TV"},"url":"https:\/\/ellotv.com.br\/site\/author\/elloagencia\/"}]}},"featured_image_urls":{"full":["https:\/\/ellotv.com.br\/site\/wp-content\/uploads\/2026\/06\/WhatsApp-Image-2026-06-16-at-14.22.52.jpeg",960,1280,false],"thumbnail":["https:\/\/ellotv.com.br\/site\/wp-content\/uploads\/2026\/06\/WhatsApp-Image-2026-06-16-at-14.22.52-150x150.jpeg",150,150,true],"medium":["https:\/\/ellotv.com.br\/site\/wp-content\/uploads\/2026\/06\/WhatsApp-Image-2026-06-16-at-14.22.52-225x300.jpeg",225,300,true],"medium_large":["https:\/\/ellotv.com.br\/site\/wp-content\/uploads\/2026\/06\/WhatsApp-Image-2026-06-16-at-14.22.52-768x1024.jpeg",640,853,true],"large":["https:\/\/ellotv.com.br\/site\/wp-content\/uploads\/2026\/06\/WhatsApp-Image-2026-06-16-at-14.22.52-768x1024.jpeg",640,853,true],"1536x1536":["https:\/\/ellotv.com.br\/site\/wp-content\/uploads\/2026\/06\/WhatsApp-Image-2026-06-16-at-14.22.52.jpeg",960,1280,false],"2048x2048":["https:\/\/ellotv.com.br\/site\/wp-content\/uploads\/2026\/06\/WhatsApp-Image-2026-06-16-at-14.22.52.jpeg",960,1280,false],"darknews-slider-full":["https:\/\/ellotv.com.br\/site\/wp-content\/uploads\/2026\/06\/WhatsApp-Image-2026-06-16-at-14.22.52-960x720.jpeg",960,720,true],"darknews-featured":["https:\/\/ellotv.com.br\/site\/wp-content\/uploads\/2026\/06\/WhatsApp-Image-2026-06-16-at-14.22.52.jpeg",960,1280,false],"darknews-medium":["https:\/\/ellotv.com.br\/site\/wp-content\/uploads\/2026\/06\/WhatsApp-Image-2026-06-16-at-14.22.52-720x530.jpeg",720,530,true],"darknews-medium-square":["https:\/\/ellotv.com.br\/site\/wp-content\/uploads\/2026\/06\/WhatsApp-Image-2026-06-16-at-14.22.52-350x350.jpeg",350,350,true]},"author_info":{"info":["ELLO TV"]},"category_info":"<a href=\"https:\/\/ellotv.com.br\/site\/category\/noticias\/\" rel=\"category tag\">Noticias<\/a> <a href=\"https:\/\/ellotv.com.br\/site\/category\/regional\/\" rel=\"category tag\">Regional<\/a>","tag_info":"Regional","comment_count":"0","_links":{"self":[{"href":"https:\/\/ellotv.com.br\/site\/wp-json\/wp\/v2\/posts\/6399","targetHints":{"allow":["GET"]}}],"collection":[{"href":"https:\/\/ellotv.com.br\/site\/wp-json\/wp\/v2\/posts"}],"about":[{"href":"https:\/\/ellotv.com.br\/site\/wp-json\/wp\/v2\/types\/post"}],"author":[{"embeddable":true,"href":"https:\/\/ellotv.com.br\/site\/wp-json\/wp\/v2\/users\/2"}],"replies":[{"embeddable":true,"href":"https:\/\/ellotv.com.br\/site\/wp-json\/wp\/v2\/comments?post=6399"}],"version-history":[{"count":1,"href":"https:\/\/ellotv.com.br\/site\/wp-json\/wp\/v2\/posts\/6399\/revisions"}],"predecessor-version":[{"id":6400,"href":"https:\/\/ellotv.com.br\/site\/wp-json\/wp\/v2\/posts\/6399\/revisions\/6400"}],"wp:featuredmedia":[{"embeddable":true,"href":"https:\/\/ellotv.com.br\/site\/wp-json\/wp\/v2\/media\/6401"}],"wp:attachment":[{"href":"https:\/\/ellotv.com.br\/site\/wp-json\/wp\/v2\/media?parent=6399"}],"wp:term":[{"taxonomy":"category","embeddable":true,"href":"https:\/\/ellotv.com.br\/site\/wp-json\/wp\/v2\/categories?post=6399"},{"taxonomy":"post_tag","embeddable":true,"href":"https:\/\/ellotv.com.br\/site\/wp-json\/wp\/v2\/tags?post=6399"}],"curies":[{"name":"wp","href":"https:\/\/api.w.org\/{rel}","templated":true}]}}