{"id":6419,"date":"2026-06-22T08:34:28","date_gmt":"2026-06-22T11:34:28","guid":{"rendered":"https:\/\/ellotv.com.br\/site\/?p=6419"},"modified":"2026-06-22T08:34:28","modified_gmt":"2026-06-22T11:34:28","slug":"marconi-e-lembrado-e-citado-em-discurso-por-raquel-dueire-e-luciano-bonfim-em-ato-da-pe-350","status":"publish","type":"post","link":"https:\/\/ellotv.com.br\/site\/2026\/06\/22\/marconi-e-lembrado-e-citado-em-discurso-por-raquel-dueire-e-luciano-bonfim-em-ato-da-pe-350\/","title":{"rendered":"Marconi \u00e9 lembrado e citado em discurso por Raquel, Dueire e Luciano Bonfim em ato da PE-350"},"content":{"rendered":"<h3>Entrega da PE-350 em Triunfo re\u00fane lideran\u00e7as e fortalece presen\u00e7a de Marconi Santana<\/h3>\n<p>A entrega da requalifica\u00e7\u00e3o da PE-350, conhecida como Estrada do Brocot\u00f3, em Triunfo, movimentou o Sert\u00e3o do Paje\u00fa e reuniu lideran\u00e7as de diferentes regi\u00f5es em torno de uma obra aguardada pela popula\u00e7\u00e3o.<\/p>\n<p><strong>Obra importante para a regi\u00e3o<\/strong><\/p>\n<p>A rodovia \u00e9 considerada estrat\u00e9gica para a mobilidade e o desenvolvimento local, sendo uma demanda antiga dos moradores.<\/p>\n<p><strong>Destaque nos discursos<\/strong><\/p>\n<p>Durante o evento, o ex-prefeito de Flores e pr\u00e9-candidato a deputado estadual, Marconi Santana, teve seu nome citado por importantes lideran\u00e7as, entre elas a governadora Raquel Lyra, o prefeito de Triunfo, Luciano Bonfim, e o senador Fernando Dueire.<\/p>\n<p><strong>Sinaliza\u00e7\u00e3o pol\u00edtica<\/strong><\/p>\n<p>A fala do senador Fernando Dueire foi uma das mais emblem\u00e1ticas. Ao se dirigir a Marconi, afirmou: \u201ctenha certeza, n\u00f3s vamos trabalhar juntos, eu e T\u00falio como Senador e voc\u00ea como Deputado\u201d, refor\u00e7ando o espa\u00e7o que o ex-prefeito vem conquistando em articula\u00e7\u00f5es pol\u00edticas mais amplas.<\/p>\n<p><strong>Proximidade com o Governo<\/strong><\/p>\n<p>A presen\u00e7a de Marconi ao lado da governadora tamb\u00e9m chamou aten\u00e7\u00e3o, evidenciando uma rela\u00e7\u00e3o pr\u00f3xima em um momento em que o Governo do Estado intensifica entregas e investimentos no interior.<\/p>\n<p><strong>Prest\u00edgio e articula\u00e7\u00e3o<\/strong><\/p>\n<p>O evento contou ainda com a participa\u00e7\u00e3o de diversas lideran\u00e7as pol\u00edticas que apoiam Marconi, consolidando o ato n\u00e3o apenas como uma entrega de obra, mas tamb\u00e9m como um momento de fortalecimento pol\u00edtico.<\/p>\n<p><strong>Cen\u00e1rio em evid\u00eancia<\/strong><\/p>\n<p>Em Triunfo, a PE-350 foi o centro da agenda, mas os discursos e articula\u00e7\u00f5es mostraram que Marconi Santana tamb\u00e9m saiu do evento fortalecido, ampliando sua presen\u00e7a no cen\u00e1rio pol\u00edtico regional.<\/p>\n<p><img fetchpriority=\"high\" decoding=\"async\" class=\"aligncenter wp-image-6421 size-large\" src=\"https:\/\/ellotv.com.br\/site\/wp-content\/uploads\/2026\/06\/WhatsApp-Image-2026-06-19-at-18.03.14-3-768x1024.jpeg\" alt=\"\" width=\"640\" height=\"853\" srcset=\"https:\/\/ellotv.com.br\/site\/wp-content\/uploads\/2026\/06\/WhatsApp-Image-2026-06-19-at-18.03.14-3-768x1024.jpeg 768w, https:\/\/ellotv.com.br\/site\/wp-content\/uploads\/2026\/06\/WhatsApp-Image-2026-06-19-at-18.03.14-3-225x300.jpeg 225w, https:\/\/ellotv.com.br\/site\/wp-content\/uploads\/2026\/06\/WhatsApp-Image-2026-06-19-at-18.03.14-3.jpeg 960w\" sizes=\"(max-width: 640px) 100vw, 640px\" \/> <img decoding=\"async\" class=\"aligncenter wp-image-6422 size-large\" src=\"https:\/\/ellotv.com.br\/site\/wp-content\/uploads\/2026\/06\/WhatsApp-Image-2026-06-19-at-18.03.14-1-768x1024.jpeg\" alt=\"\" width=\"640\" height=\"853\" srcset=\"https:\/\/ellotv.com.br\/site\/wp-content\/uploads\/2026\/06\/WhatsApp-Image-2026-06-19-at-18.03.14-1-768x1024.jpeg 768w, https:\/\/ellotv.com.br\/site\/wp-content\/uploads\/2026\/06\/WhatsApp-Image-2026-06-19-at-18.03.14-1-225x300.jpeg 225w, https:\/\/ellotv.com.br\/site\/wp-content\/uploads\/2026\/06\/WhatsApp-Image-2026-06-19-at-18.03.14-1.jpeg 960w\" sizes=\"(max-width: 640px) 100vw, 640px\" \/> <img decoding=\"async\" class=\"aligncenter wp-image-6423 size-large\" src=\"https:\/\/ellotv.com.br\/site\/wp-content\/uploads\/2026\/06\/WhatsApp-Image-2026-06-19-at-18.03.14-768x1024.jpeg\" alt=\"\" width=\"640\" height=\"853\" srcset=\"https:\/\/ellotv.com.br\/site\/wp-content\/uploads\/2026\/06\/WhatsApp-Image-2026-06-19-at-18.03.14-768x1024.jpeg 768w, https:\/\/ellotv.com.br\/site\/wp-content\/uploads\/2026\/06\/WhatsApp-Image-2026-06-19-at-18.03.14-225x300.jpeg 225w, https:\/\/ellotv.com.br\/site\/wp-content\/uploads\/2026\/06\/WhatsApp-Image-2026-06-19-at-18.03.14-1152x1536.jpeg 1152w, https:\/\/ellotv.com.br\/site\/wp-content\/uploads\/2026\/06\/WhatsApp-Image-2026-06-19-at-18.03.14-1024x1365.jpeg 1024w, https:\/\/ellotv.com.br\/site\/wp-content\/uploads\/2026\/06\/WhatsApp-Image-2026-06-19-at-18.03.14.jpeg 1200w\" sizes=\"(max-width: 640px) 100vw, 640px\" \/> <img loading=\"lazy\" decoding=\"async\" class=\"aligncenter wp-image-6424 size-large\" src=\"https:\/\/ellotv.com.br\/site\/wp-content\/uploads\/2026\/06\/WhatsApp-Image-2026-06-19-at-18.03.13-2-768x1024.jpeg\" alt=\"\" width=\"640\" height=\"853\" srcset=\"https:\/\/ellotv.com.br\/site\/wp-content\/uploads\/2026\/06\/WhatsApp-Image-2026-06-19-at-18.03.13-2-768x1024.jpeg 768w, https:\/\/ellotv.com.br\/site\/wp-content\/uploads\/2026\/06\/WhatsApp-Image-2026-06-19-at-18.03.13-2-225x300.jpeg 225w, https:\/\/ellotv.com.br\/site\/wp-content\/uploads\/2026\/06\/WhatsApp-Image-2026-06-19-at-18.03.13-2.jpeg 960w\" sizes=\"(max-width: 640px) 100vw, 640px\" \/> <img loading=\"lazy\" decoding=\"async\" class=\"aligncenter wp-image-6425 size-large\" src=\"https:\/\/ellotv.com.br\/site\/wp-content\/uploads\/2026\/06\/WhatsApp-Image-2026-06-19-at-18.03.13-1-768x1024.jpeg\" alt=\"\" width=\"640\" height=\"853\" srcset=\"https:\/\/ellotv.com.br\/site\/wp-content\/uploads\/2026\/06\/WhatsApp-Image-2026-06-19-at-18.03.13-1-768x1024.jpeg 768w, https:\/\/ellotv.com.br\/site\/wp-content\/uploads\/2026\/06\/WhatsApp-Image-2026-06-19-at-18.03.13-1-225x300.jpeg 225w, https:\/\/ellotv.com.br\/site\/wp-content\/uploads\/2026\/06\/WhatsApp-Image-2026-06-19-at-18.03.13-1.jpeg 960w\" sizes=\"(max-width: 640px) 100vw, 640px\" \/><\/p>\n","protected":false},"excerpt":{"rendered":"<p>Entrega da PE-350 em Triunfo re\u00fane lideran\u00e7as e fortalece presen\u00e7a de Marconi Santana A entrega da requalifica\u00e7\u00e3o da<\/p>\n","protected":false},"author":2,"featured_media":6420,"comment_status":"open","ping_status":"open","sticky":false,"template":"","format":"standard","meta":{"footnotes":""},"categories":[12,9],"tags":[],"class_list":["post-6419","post","type-post","status-publish","format-standard","has-post-thumbnail","hentry","category-noticias","category-regional"],"yoast_head":"<!-- This site is optimized with the Yoast SEO plugin v28.3 - https:\/\/yoast.com\/product\/yoast-seo-wordpress\/ -->\n<title>Marconi \u00e9 lembrado e citado em discurso por Raquel, Dueire e Luciano Bonfim em ato da PE-350 - Ello TV<\/title>\n<meta name=\"description\" content=\"Entrega da PE-350 em Triunfo re\u00fane lideran\u00e7as e fortalece articula\u00e7\u00e3o pol\u00edtica de Marconi Santana no Sert\u00e3o do Paje\u00fa.\" \/>\n<meta name=\"robots\" content=\"index, follow, max-snippet:-1, max-image-preview:large, max-video-preview:-1\" \/>\n<link rel=\"canonical\" href=\"https:\/\/ellotv.com.br\/site\/2026\/06\/22\/marconi-e-lembrado-e-citado-em-discurso-por-raquel-dueire-e-luciano-bonfim-em-ato-da-pe-350\/\" \/>\n<meta property=\"og:locale\" content=\"pt_BR\" \/>\n<meta property=\"og:type\" content=\"article\" \/>\n<meta property=\"og:title\" content=\"Marconi \u00e9 lembrado e citado em discurso por Raquel, Dueire e Luciano Bonfim em ato da PE-350 - Ello TV\" \/>\n<meta property=\"og:description\" content=\"Entrega da PE-350 em Triunfo re\u00fane lideran\u00e7as e fortalece articula\u00e7\u00e3o pol\u00edtica de Marconi Santana no Sert\u00e3o do Paje\u00fa.\" \/>\n<meta property=\"og:url\" content=\"https:\/\/ellotv.com.br\/site\/2026\/06\/22\/marconi-e-lembrado-e-citado-em-discurso-por-raquel-dueire-e-luciano-bonfim-em-ato-da-pe-350\/\" \/>\n<meta property=\"og:site_name\" content=\"Ello TV\" \/>\n<meta property=\"article:published_time\" content=\"2026-06-22T11:34:28+00:00\" \/>\n<meta property=\"og:image\" content=\"https:\/\/ellotv.com.br\/site\/wp-content\/uploads\/2026\/06\/WhatsApp-Image-2026-06-19-at-18.03.13.jpeg\" \/>\n\t<meta property=\"og:image:width\" content=\"960\" \/>\n\t<meta property=\"og:image:height\" content=\"1280\" \/>\n\t<meta property=\"og:image:type\" content=\"image\/jpeg\" \/>\n<meta name=\"author\" content=\"ELLO TV\" \/>\n<meta name=\"twitter:card\" content=\"summary_large_image\" \/>\n<meta name=\"twitter:label1\" content=\"Escrito por\" \/>\n\t<meta name=\"twitter:data1\" content=\"ELLO TV\" \/>\n\t<meta name=\"twitter:label2\" content=\"Est. tempo de leitura\" \/>\n\t<meta name=\"twitter:data2\" content=\"1 minuto\" \/>\n<script type=\"application\/ld+json\" class=\"yoast-schema-graph\">{\"@context\":\"https:\\\/\\\/schema.org\",\"@graph\":[{\"@type\":\"Article\",\"@id\":\"https:\\\/\\\/ellotv.com.br\\\/site\\\/2026\\\/06\\\/22\\\/marconi-e-lembrado-e-citado-em-discurso-por-raquel-dueire-e-luciano-bonfim-em-ato-da-pe-350\\\/#article\",\"isPartOf\":{\"@id\":\"https:\\\/\\\/ellotv.com.br\\\/site\\\/2026\\\/06\\\/22\\\/marconi-e-lembrado-e-citado-em-discurso-por-raquel-dueire-e-luciano-bonfim-em-ato-da-pe-350\\\/\"},\"author\":{\"name\":\"ELLO TV\",\"@id\":\"https:\\\/\\\/ellotv.com.br\\\/site\\\/#\\\/schema\\\/person\\\/2dbe3abaee38dcc7332fc8205cd2b15d\"},\"headline\":\"Marconi \u00e9 lembrado e citado em discurso por Raquel, Dueire e Luciano Bonfim em ato da PE-350\",\"datePublished\":\"2026-06-22T11:34:28+00:00\",\"mainEntityOfPage\":{\"@id\":\"https:\\\/\\\/ellotv.com.br\\\/site\\\/2026\\\/06\\\/22\\\/marconi-e-lembrado-e-citado-em-discurso-por-raquel-dueire-e-luciano-bonfim-em-ato-da-pe-350\\\/\"},\"wordCount\":314,\"commentCount\":0,\"publisher\":{\"@id\":\"https:\\\/\\\/ellotv.com.br\\\/site\\\/#organization\"},\"image\":{\"@id\":\"https:\\\/\\\/ellotv.com.br\\\/site\\\/2026\\\/06\\\/22\\\/marconi-e-lembrado-e-citado-em-discurso-por-raquel-dueire-e-luciano-bonfim-em-ato-da-pe-350\\\/#primaryimage\"},\"thumbnailUrl\":\"https:\\\/\\\/ellotv.com.br\\\/site\\\/wp-content\\\/uploads\\\/2026\\\/06\\\/WhatsApp-Image-2026-06-19-at-18.03.13.jpeg\",\"articleSection\":[\"Noticias\",\"Regional\"],\"inLanguage\":\"pt-BR\",\"potentialAction\":[{\"@type\":\"CommentAction\",\"name\":\"Comment\",\"target\":[\"https:\\\/\\\/ellotv.com.br\\\/site\\\/2026\\\/06\\\/22\\\/marconi-e-lembrado-e-citado-em-discurso-por-raquel-dueire-e-luciano-bonfim-em-ato-da-pe-350\\\/#respond\"]}]},{\"@type\":\"WebPage\",\"@id\":\"https:\\\/\\\/ellotv.com.br\\\/site\\\/2026\\\/06\\\/22\\\/marconi-e-lembrado-e-citado-em-discurso-por-raquel-dueire-e-luciano-bonfim-em-ato-da-pe-350\\\/\",\"url\":\"https:\\\/\\\/ellotv.com.br\\\/site\\\/2026\\\/06\\\/22\\\/marconi-e-lembrado-e-citado-em-discurso-por-raquel-dueire-e-luciano-bonfim-em-ato-da-pe-350\\\/\",\"name\":\"Marconi \u00e9 lembrado e citado em discurso por Raquel, Dueire e Luciano Bonfim em ato da PE-350 - Ello TV\",\"isPartOf\":{\"@id\":\"https:\\\/\\\/ellotv.com.br\\\/site\\\/#website\"},\"primaryImageOfPage\":{\"@id\":\"https:\\\/\\\/ellotv.com.br\\\/site\\\/2026\\\/06\\\/22\\\/marconi-e-lembrado-e-citado-em-discurso-por-raquel-dueire-e-luciano-bonfim-em-ato-da-pe-350\\\/#primaryimage\"},\"image\":{\"@id\":\"https:\\\/\\\/ellotv.com.br\\\/site\\\/2026\\\/06\\\/22\\\/marconi-e-lembrado-e-citado-em-discurso-por-raquel-dueire-e-luciano-bonfim-em-ato-da-pe-350\\\/#primaryimage\"},\"thumbnailUrl\":\"https:\\\/\\\/ellotv.com.br\\\/site\\\/wp-content\\\/uploads\\\/2026\\\/06\\\/WhatsApp-Image-2026-06-19-at-18.03.13.jpeg\",\"datePublished\":\"2026-06-22T11:34:28+00:00\",\"description\":\"Entrega da PE-350 em Triunfo re\u00fane lideran\u00e7as e fortalece articula\u00e7\u00e3o pol\u00edtica de Marconi Santana no Sert\u00e3o do Paje\u00fa.\",\"breadcrumb\":{\"@id\":\"https:\\\/\\\/ellotv.com.br\\\/site\\\/2026\\\/06\\\/22\\\/marconi-e-lembrado-e-citado-em-discurso-por-raquel-dueire-e-luciano-bonfim-em-ato-da-pe-350\\\/#breadcrumb\"},\"inLanguage\":\"pt-BR\",\"potentialAction\":[{\"@type\":\"ReadAction\",\"target\":[\"https:\\\/\\\/ellotv.com.br\\\/site\\\/2026\\\/06\\\/22\\\/marconi-e-lembrado-e-citado-em-discurso-por-raquel-dueire-e-luciano-bonfim-em-ato-da-pe-350\\\/\"]}]},{\"@type\":\"ImageObject\",\"inLanguage\":\"pt-BR\",\"@id\":\"https:\\\/\\\/ellotv.com.br\\\/site\\\/2026\\\/06\\\/22\\\/marconi-e-lembrado-e-citado-em-discurso-por-raquel-dueire-e-luciano-bonfim-em-ato-da-pe-350\\\/#primaryimage\",\"url\":\"https:\\\/\\\/ellotv.com.br\\\/site\\\/wp-content\\\/uploads\\\/2026\\\/06\\\/WhatsApp-Image-2026-06-19-at-18.03.13.jpeg\",\"contentUrl\":\"https:\\\/\\\/ellotv.com.br\\\/site\\\/wp-content\\\/uploads\\\/2026\\\/06\\\/WhatsApp-Image-2026-06-19-at-18.03.13.jpeg\",\"width\":960,\"height\":1280},{\"@type\":\"BreadcrumbList\",\"@id\":\"https:\\\/\\\/ellotv.com.br\\\/site\\\/2026\\\/06\\\/22\\\/marconi-e-lembrado-e-citado-em-discurso-por-raquel-dueire-e-luciano-bonfim-em-ato-da-pe-350\\\/#breadcrumb\",\"itemListElement\":[{\"@type\":\"ListItem\",\"position\":1,\"name\":\"In\u00edcio\",\"item\":\"https:\\\/\\\/ellotv.com.br\\\/site\\\/\"},{\"@type\":\"ListItem\",\"position\":2,\"name\":\"Marconi \u00e9 lembrado e citado em discurso por Raquel, Dueire e Luciano Bonfim em ato da PE-350\"}]},{\"@type\":\"WebSite\",\"@id\":\"https:\\\/\\\/ellotv.com.br\\\/site\\\/#website\",\"url\":\"https:\\\/\\\/ellotv.com.br\\\/site\\\/\",\"name\":\"ELLO TV\",\"description\":\"\",\"publisher\":{\"@id\":\"https:\\\/\\\/ellotv.com.br\\\/site\\\/#organization\"},\"potentialAction\":[{\"@type\":\"SearchAction\",\"target\":{\"@type\":\"EntryPoint\",\"urlTemplate\":\"https:\\\/\\\/ellotv.com.br\\\/site\\\/?s={search_term_string}\"},\"query-input\":{\"@type\":\"PropertyValueSpecification\",\"valueRequired\":true,\"valueName\":\"search_term_string\"}}],\"inLanguage\":\"pt-BR\"},{\"@type\":\"Organization\",\"@id\":\"https:\\\/\\\/ellotv.com.br\\\/site\\\/#organization\",\"name\":\"ELLO TV\",\"url\":\"https:\\\/\\\/ellotv.com.br\\\/site\\\/\",\"logo\":{\"@type\":\"ImageObject\",\"inLanguage\":\"pt-BR\",\"@id\":\"https:\\\/\\\/ellotv.com.br\\\/site\\\/#\\\/schema\\\/logo\\\/image\\\/\",\"url\":\"https:\\\/\\\/ellotv.com.br\\\/site\\\/wp-content\\\/uploads\\\/2025\\\/11\\\/ello-logo-2.fw_.png\",\"contentUrl\":\"https:\\\/\\\/ellotv.com.br\\\/site\\\/wp-content\\\/uploads\\\/2025\\\/11\\\/ello-logo-2.fw_.png\",\"width\":400,\"height\":146,\"caption\":\"ELLO TV\"},\"image\":{\"@id\":\"https:\\\/\\\/ellotv.com.br\\\/site\\\/#\\\/schema\\\/logo\\\/image\\\/\"}},{\"@type\":\"Person\",\"@id\":\"https:\\\/\\\/ellotv.com.br\\\/site\\\/#\\\/schema\\\/person\\\/2dbe3abaee38dcc7332fc8205cd2b15d\",\"name\":\"ELLO TV\",\"image\":{\"@type\":\"ImageObject\",\"inLanguage\":\"pt-BR\",\"@id\":\"https:\\\/\\\/secure.gravatar.com\\\/avatar\\\/c38242b9da8ec217ac3f0aaee31a54f7d7befb11b2b47fdbc8fb0fad60afa1c6?s=96&d=mm&r=g\",\"url\":\"https:\\\/\\\/secure.gravatar.com\\\/avatar\\\/c38242b9da8ec217ac3f0aaee31a54f7d7befb11b2b47fdbc8fb0fad60afa1c6?s=96&d=mm&r=g\",\"contentUrl\":\"https:\\\/\\\/secure.gravatar.com\\\/avatar\\\/c38242b9da8ec217ac3f0aaee31a54f7d7befb11b2b47fdbc8fb0fad60afa1c6?s=96&d=mm&r=g\",\"caption\":\"ELLO TV\"},\"url\":\"https:\\\/\\\/ellotv.com.br\\\/site\\\/author\\\/elloagencia\\\/\"}]}<\/script>\n<!-- \/ Yoast SEO plugin. -->","yoast_head_json":{"title":"Marconi \u00e9 lembrado e citado em discurso por Raquel, Dueire e Luciano Bonfim em ato da PE-350 - Ello TV","description":"Entrega da PE-350 em Triunfo re\u00fane lideran\u00e7as e fortalece articula\u00e7\u00e3o pol\u00edtica de Marconi Santana no Sert\u00e3o do Paje\u00fa.","robots":{"index":"index","follow":"follow","max-snippet":"max-snippet:-1","max-image-preview":"max-image-preview:large","max-video-preview":"max-video-preview:-1"},"canonical":"https:\/\/ellotv.com.br\/site\/2026\/06\/22\/marconi-e-lembrado-e-citado-em-discurso-por-raquel-dueire-e-luciano-bonfim-em-ato-da-pe-350\/","og_locale":"pt_BR","og_type":"article","og_title":"Marconi \u00e9 lembrado e citado em discurso por Raquel, Dueire e Luciano Bonfim em ato da PE-350 - Ello TV","og_description":"Entrega da PE-350 em Triunfo re\u00fane lideran\u00e7as e fortalece articula\u00e7\u00e3o pol\u00edtica de Marconi Santana no Sert\u00e3o do Paje\u00fa.","og_url":"https:\/\/ellotv.com.br\/site\/2026\/06\/22\/marconi-e-lembrado-e-citado-em-discurso-por-raquel-dueire-e-luciano-bonfim-em-ato-da-pe-350\/","og_site_name":"Ello TV","article_published_time":"2026-06-22T11:34:28+00:00","og_image":[{"width":960,"height":1280,"url":"https:\/\/ellotv.com.br\/site\/wp-content\/uploads\/2026\/06\/WhatsApp-Image-2026-06-19-at-18.03.13.jpeg","type":"image\/jpeg"}],"author":"ELLO TV","twitter_card":"summary_large_image","twitter_misc":{"Escrito por":"ELLO TV","Est. tempo de leitura":"1 minuto"},"schema":{"@context":"https:\/\/schema.org","@graph":[{"@type":"Article","@id":"https:\/\/ellotv.com.br\/site\/2026\/06\/22\/marconi-e-lembrado-e-citado-em-discurso-por-raquel-dueire-e-luciano-bonfim-em-ato-da-pe-350\/#article","isPartOf":{"@id":"https:\/\/ellotv.com.br\/site\/2026\/06\/22\/marconi-e-lembrado-e-citado-em-discurso-por-raquel-dueire-e-luciano-bonfim-em-ato-da-pe-350\/"},"author":{"name":"ELLO TV","@id":"https:\/\/ellotv.com.br\/site\/#\/schema\/person\/2dbe3abaee38dcc7332fc8205cd2b15d"},"headline":"Marconi \u00e9 lembrado e citado em discurso por Raquel, Dueire e Luciano Bonfim em ato da PE-350","datePublished":"2026-06-22T11:34:28+00:00","mainEntityOfPage":{"@id":"https:\/\/ellotv.com.br\/site\/2026\/06\/22\/marconi-e-lembrado-e-citado-em-discurso-por-raquel-dueire-e-luciano-bonfim-em-ato-da-pe-350\/"},"wordCount":314,"commentCount":0,"publisher":{"@id":"https:\/\/ellotv.com.br\/site\/#organization"},"image":{"@id":"https:\/\/ellotv.com.br\/site\/2026\/06\/22\/marconi-e-lembrado-e-citado-em-discurso-por-raquel-dueire-e-luciano-bonfim-em-ato-da-pe-350\/#primaryimage"},"thumbnailUrl":"https:\/\/ellotv.com.br\/site\/wp-content\/uploads\/2026\/06\/WhatsApp-Image-2026-06-19-at-18.03.13.jpeg","articleSection":["Noticias","Regional"],"inLanguage":"pt-BR","potentialAction":[{"@type":"CommentAction","name":"Comment","target":["https:\/\/ellotv.com.br\/site\/2026\/06\/22\/marconi-e-lembrado-e-citado-em-discurso-por-raquel-dueire-e-luciano-bonfim-em-ato-da-pe-350\/#respond"]}]},{"@type":"WebPage","@id":"https:\/\/ellotv.com.br\/site\/2026\/06\/22\/marconi-e-lembrado-e-citado-em-discurso-por-raquel-dueire-e-luciano-bonfim-em-ato-da-pe-350\/","url":"https:\/\/ellotv.com.br\/site\/2026\/06\/22\/marconi-e-lembrado-e-citado-em-discurso-por-raquel-dueire-e-luciano-bonfim-em-ato-da-pe-350\/","name":"Marconi \u00e9 lembrado e citado em discurso por Raquel, Dueire e Luciano Bonfim em ato da PE-350 - Ello TV","isPartOf":{"@id":"https:\/\/ellotv.com.br\/site\/#website"},"primaryImageOfPage":{"@id":"https:\/\/ellotv.com.br\/site\/2026\/06\/22\/marconi-e-lembrado-e-citado-em-discurso-por-raquel-dueire-e-luciano-bonfim-em-ato-da-pe-350\/#primaryimage"},"image":{"@id":"https:\/\/ellotv.com.br\/site\/2026\/06\/22\/marconi-e-lembrado-e-citado-em-discurso-por-raquel-dueire-e-luciano-bonfim-em-ato-da-pe-350\/#primaryimage"},"thumbnailUrl":"https:\/\/ellotv.com.br\/site\/wp-content\/uploads\/2026\/06\/WhatsApp-Image-2026-06-19-at-18.03.13.jpeg","datePublished":"2026-06-22T11:34:28+00:00","description":"Entrega da PE-350 em Triunfo re\u00fane lideran\u00e7as e fortalece articula\u00e7\u00e3o pol\u00edtica de Marconi Santana no Sert\u00e3o do Paje\u00fa.","breadcrumb":{"@id":"https:\/\/ellotv.com.br\/site\/2026\/06\/22\/marconi-e-lembrado-e-citado-em-discurso-por-raquel-dueire-e-luciano-bonfim-em-ato-da-pe-350\/#breadcrumb"},"inLanguage":"pt-BR","potentialAction":[{"@type":"ReadAction","target":["https:\/\/ellotv.com.br\/site\/2026\/06\/22\/marconi-e-lembrado-e-citado-em-discurso-por-raquel-dueire-e-luciano-bonfim-em-ato-da-pe-350\/"]}]},{"@type":"ImageObject","inLanguage":"pt-BR","@id":"https:\/\/ellotv.com.br\/site\/2026\/06\/22\/marconi-e-lembrado-e-citado-em-discurso-por-raquel-dueire-e-luciano-bonfim-em-ato-da-pe-350\/#primaryimage","url":"https:\/\/ellotv.com.br\/site\/wp-content\/uploads\/2026\/06\/WhatsApp-Image-2026-06-19-at-18.03.13.jpeg","contentUrl":"https:\/\/ellotv.com.br\/site\/wp-content\/uploads\/2026\/06\/WhatsApp-Image-2026-06-19-at-18.03.13.jpeg","width":960,"height":1280},{"@type":"BreadcrumbList","@id":"https:\/\/ellotv.com.br\/site\/2026\/06\/22\/marconi-e-lembrado-e-citado-em-discurso-por-raquel-dueire-e-luciano-bonfim-em-ato-da-pe-350\/#breadcrumb","itemListElement":[{"@type":"ListItem","position":1,"name":"In\u00edcio","item":"https:\/\/ellotv.com.br\/site\/"},{"@type":"ListItem","position":2,"name":"Marconi \u00e9 lembrado e citado em discurso por Raquel, Dueire e Luciano Bonfim em ato da PE-350"}]},{"@type":"WebSite","@id":"https:\/\/ellotv.com.br\/site\/#website","url":"https:\/\/ellotv.com.br\/site\/","name":"ELLO TV","description":"","publisher":{"@id":"https:\/\/ellotv.com.br\/site\/#organization"},"potentialAction":[{"@type":"SearchAction","target":{"@type":"EntryPoint","urlTemplate":"https:\/\/ellotv.com.br\/site\/?s={search_term_string}"},"query-input":{"@type":"PropertyValueSpecification","valueRequired":true,"valueName":"search_term_string"}}],"inLanguage":"pt-BR"},{"@type":"Organization","@id":"https:\/\/ellotv.com.br\/site\/#organization","name":"ELLO TV","url":"https:\/\/ellotv.com.br\/site\/","logo":{"@type":"ImageObject","inLanguage":"pt-BR","@id":"https:\/\/ellotv.com.br\/site\/#\/schema\/logo\/image\/","url":"https:\/\/ellotv.com.br\/site\/wp-content\/uploads\/2025\/11\/ello-logo-2.fw_.png","contentUrl":"https:\/\/ellotv.com.br\/site\/wp-content\/uploads\/2025\/11\/ello-logo-2.fw_.png","width":400,"height":146,"caption":"ELLO TV"},"image":{"@id":"https:\/\/ellotv.com.br\/site\/#\/schema\/logo\/image\/"}},{"@type":"Person","@id":"https:\/\/ellotv.com.br\/site\/#\/schema\/person\/2dbe3abaee38dcc7332fc8205cd2b15d","name":"ELLO TV","image":{"@type":"ImageObject","inLanguage":"pt-BR","@id":"https:\/\/secure.gravatar.com\/avatar\/c38242b9da8ec217ac3f0aaee31a54f7d7befb11b2b47fdbc8fb0fad60afa1c6?s=96&d=mm&r=g","url":"https:\/\/secure.gravatar.com\/avatar\/c38242b9da8ec217ac3f0aaee31a54f7d7befb11b2b47fdbc8fb0fad60afa1c6?s=96&d=mm&r=g","contentUrl":"https:\/\/secure.gravatar.com\/avatar\/c38242b9da8ec217ac3f0aaee31a54f7d7befb11b2b47fdbc8fb0fad60afa1c6?s=96&d=mm&r=g","caption":"ELLO TV"},"url":"https:\/\/ellotv.com.br\/site\/author\/elloagencia\/"}]}},"featured_image_urls":{"full":["https:\/\/ellotv.com.br\/site\/wp-content\/uploads\/2026\/06\/WhatsApp-Image-2026-06-19-at-18.03.13.jpeg",960,1280,false],"thumbnail":["https:\/\/ellotv.com.br\/site\/wp-content\/uploads\/2026\/06\/WhatsApp-Image-2026-06-19-at-18.03.13-150x150.jpeg",150,150,true],"medium":["https:\/\/ellotv.com.br\/site\/wp-content\/uploads\/2026\/06\/WhatsApp-Image-2026-06-19-at-18.03.13-225x300.jpeg",225,300,true],"medium_large":["https:\/\/ellotv.com.br\/site\/wp-content\/uploads\/2026\/06\/WhatsApp-Image-2026-06-19-at-18.03.13-768x1024.jpeg",640,853,true],"large":["https:\/\/ellotv.com.br\/site\/wp-content\/uploads\/2026\/06\/WhatsApp-Image-2026-06-19-at-18.03.13-768x1024.jpeg",640,853,true],"1536x1536":["https:\/\/ellotv.com.br\/site\/wp-content\/uploads\/2026\/06\/WhatsApp-Image-2026-06-19-at-18.03.13.jpeg",960,1280,false],"2048x2048":["https:\/\/ellotv.com.br\/site\/wp-content\/uploads\/2026\/06\/WhatsApp-Image-2026-06-19-at-18.03.13.jpeg",960,1280,false],"darknews-slider-full":["https:\/\/ellotv.com.br\/site\/wp-content\/uploads\/2026\/06\/WhatsApp-Image-2026-06-19-at-18.03.13-960x720.jpeg",960,720,true],"darknews-featured":["https:\/\/ellotv.com.br\/site\/wp-content\/uploads\/2026\/06\/WhatsApp-Image-2026-06-19-at-18.03.13.jpeg",960,1280,false],"darknews-medium":["https:\/\/ellotv.com.br\/site\/wp-content\/uploads\/2026\/06\/WhatsApp-Image-2026-06-19-at-18.03.13-720x530.jpeg",720,530,true],"darknews-medium-square":["https:\/\/ellotv.com.br\/site\/wp-content\/uploads\/2026\/06\/WhatsApp-Image-2026-06-19-at-18.03.13-350x350.jpeg",350,350,true]},"author_info":{"info":["ELLO TV"]},"category_info":"<a href=\"https:\/\/ellotv.com.br\/site\/category\/noticias\/\" rel=\"category tag\">Noticias<\/a> <a href=\"https:\/\/ellotv.com.br\/site\/category\/regional\/\" rel=\"category tag\">Regional<\/a>","tag_info":"Regional","comment_count":"0","_links":{"self":[{"href":"https:\/\/ellotv.com.br\/site\/wp-json\/wp\/v2\/posts\/6419","targetHints":{"allow":["GET"]}}],"collection":[{"href":"https:\/\/ellotv.com.br\/site\/wp-json\/wp\/v2\/posts"}],"about":[{"href":"https:\/\/ellotv.com.br\/site\/wp-json\/wp\/v2\/types\/post"}],"author":[{"embeddable":true,"href":"https:\/\/ellotv.com.br\/site\/wp-json\/wp\/v2\/users\/2"}],"replies":[{"embeddable":true,"href":"https:\/\/ellotv.com.br\/site\/wp-json\/wp\/v2\/comments?post=6419"}],"version-history":[{"count":1,"href":"https:\/\/ellotv.com.br\/site\/wp-json\/wp\/v2\/posts\/6419\/revisions"}],"predecessor-version":[{"id":6426,"href":"https:\/\/ellotv.com.br\/site\/wp-json\/wp\/v2\/posts\/6419\/revisions\/6426"}],"wp:featuredmedia":[{"embeddable":true,"href":"https:\/\/ellotv.com.br\/site\/wp-json\/wp\/v2\/media\/6420"}],"wp:attachment":[{"href":"https:\/\/ellotv.com.br\/site\/wp-json\/wp\/v2\/media?parent=6419"}],"wp:term":[{"taxonomy":"category","embeddable":true,"href":"https:\/\/ellotv.com.br\/site\/wp-json\/wp\/v2\/categories?post=6419"},{"taxonomy":"post_tag","embeddable":true,"href":"https:\/\/ellotv.com.br\/site\/wp-json\/wp\/v2\/tags?post=6419"}],"curies":[{"name":"wp","href":"https:\/\/api.w.org\/{rel}","templated":true}]}}