{"id":6439,"date":"2026-06-25T09:46:56","date_gmt":"2026-06-25T12:46:56","guid":{"rendered":"https:\/\/ellotv.com.br\/site\/?p=6439"},"modified":"2026-06-25T09:46:56","modified_gmt":"2026-06-25T12:46:56","slug":"biu-doido-esta-de-volta-personagem-historico-de-sao-jose-do-egito-ganha-nova-fase","status":"publish","type":"post","link":"https:\/\/ellotv.com.br\/site\/2026\/06\/25\/biu-doido-esta-de-volta-personagem-historico-de-sao-jose-do-egito-ganha-nova-fase\/","title":{"rendered":"Biu Doido Est\u00e1 de Volta: Personagem Hist\u00f3rico de S\u00e3o Jos\u00e9 do Egito Ganha Nova Fase"},"content":{"rendered":"<p>Um dos personagens mais marcantes da cultura popular de S\u00e3o Jos\u00e9 do Egito est\u00e1 de volta. Biu Doido, figura conhecida por sua irrever\u00eancia, hist\u00f3rias e forte liga\u00e7\u00e3o com a identidade cultural do munic\u00edpio, retorna em uma nova etapa de produ\u00e7\u00f5es audiovisuais.<\/p>\n<p>O personagem \u00e9 revivido pelo ator Vih Ara\u00fajo, respons\u00e1vel por diversos trabalhos inspirados em Biu Doido, incluindo dois filmes que retratam sua trajet\u00f3ria. Um desses projetos ainda ter\u00e1 lan\u00e7amento oficial, ampliando o legado dessa personalidade t\u00e3o querida pelos egipcienses.<\/p>\n<p>Agora, em parceria com a ELLO TV, a proposta \u00e9 desenvolver novos conte\u00fados, resgatar hist\u00f3rias antigas e apresentar \u00e0s novas gera\u00e7\u00f5es a import\u00e2ncia cultural de Biu Doido para a mem\u00f3ria de S\u00e3o Jos\u00e9 do Egito.<\/p>\n<p>Mais do que entretenimento, o projeto tem como principal objetivo valorizar e preservar a cultura popular, mantendo viva a hist\u00f3ria de personagens que ajudaram a construir a identidade do munic\u00edpio. Com novas produ\u00e7\u00f5es a caminho, o p\u00fablico poder\u00e1 reviver momentos marcantes e conhecer ainda mais sobre uma das figuras mais emblem\u00e1ticas da cidade.<\/p>\n<p>Biu Doido est\u00e1 de volta. E com ele, retorna tamb\u00e9m uma importante parte da hist\u00f3ria e da cultura de S\u00e3o Jos\u00e9 do Egito.<\/p>\n","protected":false},"excerpt":{"rendered":"<p>Um dos personagens mais marcantes da cultura popular de S\u00e3o Jos\u00e9 do Egito est\u00e1 de volta. Biu Doido,<\/p>\n","protected":false},"author":2,"featured_media":6440,"comment_status":"open","ping_status":"open","sticky":false,"template":"","format":"standard","meta":{"footnotes":""},"categories":[1,12,9],"tags":[],"class_list":["post-6439","post","type-post","status-publish","format-standard","has-post-thumbnail","hentry","category-ello","category-noticias","category-regional"],"yoast_head":"<!-- This site is optimized with the Yoast SEO plugin v28.3 - https:\/\/yoast.com\/product\/yoast-seo-wordpress\/ -->\n<title>Biu Doido Est\u00e1 de Volta: Personagem Hist\u00f3rico de S\u00e3o Jos\u00e9 do Egito Ganha Nova Fase - Ello TV<\/title>\n<meta name=\"description\" content=\"Biu Doido retorna em nova fase audiovisual com produ\u00e7\u00f5es da ELLO TV, valorizando a cultura de S\u00e3o Jos\u00e9 do Egito.\" \/>\n<meta name=\"robots\" content=\"index, follow, max-snippet:-1, max-image-preview:large, max-video-preview:-1\" \/>\n<link rel=\"canonical\" href=\"https:\/\/ellotv.com.br\/site\/2026\/06\/25\/biu-doido-esta-de-volta-personagem-historico-de-sao-jose-do-egito-ganha-nova-fase\/\" \/>\n<meta property=\"og:locale\" content=\"pt_BR\" \/>\n<meta property=\"og:type\" content=\"article\" \/>\n<meta property=\"og:title\" content=\"Biu Doido Est\u00e1 de Volta: Personagem Hist\u00f3rico de S\u00e3o Jos\u00e9 do Egito Ganha Nova Fase - Ello TV\" \/>\n<meta property=\"og:description\" content=\"Biu Doido retorna em nova fase audiovisual com produ\u00e7\u00f5es da ELLO TV, valorizando a cultura de S\u00e3o Jos\u00e9 do Egito.\" \/>\n<meta property=\"og:url\" content=\"https:\/\/ellotv.com.br\/site\/2026\/06\/25\/biu-doido-esta-de-volta-personagem-historico-de-sao-jose-do-egito-ganha-nova-fase\/\" \/>\n<meta property=\"og:site_name\" content=\"Ello TV\" \/>\n<meta property=\"article:published_time\" content=\"2026-06-25T12:46:56+00:00\" \/>\n<meta property=\"og:image\" content=\"https:\/\/ellotv.com.br\/site\/wp-content\/uploads\/2026\/06\/WhatsApp-Image-2026-06-23-at-20.04.00.jpeg\" \/>\n\t<meta property=\"og:image:width\" content=\"1600\" \/>\n\t<meta property=\"og:image:height\" content=\"1066\" \/>\n\t<meta property=\"og:image:type\" content=\"image\/jpeg\" \/>\n<meta name=\"author\" content=\"ELLO TV\" \/>\n<meta name=\"twitter:card\" content=\"summary_large_image\" \/>\n<meta name=\"twitter:label1\" content=\"Escrito por\" \/>\n\t<meta name=\"twitter:data1\" content=\"ELLO TV\" \/>\n\t<meta name=\"twitter:label2\" content=\"Est. tempo de leitura\" \/>\n\t<meta name=\"twitter:data2\" content=\"1 minuto\" \/>\n<script type=\"application\/ld+json\" class=\"yoast-schema-graph\">{\"@context\":\"https:\\\/\\\/schema.org\",\"@graph\":[{\"@type\":\"Article\",\"@id\":\"https:\\\/\\\/ellotv.com.br\\\/site\\\/2026\\\/06\\\/25\\\/biu-doido-esta-de-volta-personagem-historico-de-sao-jose-do-egito-ganha-nova-fase\\\/#article\",\"isPartOf\":{\"@id\":\"https:\\\/\\\/ellotv.com.br\\\/site\\\/2026\\\/06\\\/25\\\/biu-doido-esta-de-volta-personagem-historico-de-sao-jose-do-egito-ganha-nova-fase\\\/\"},\"author\":{\"name\":\"ELLO TV\",\"@id\":\"https:\\\/\\\/ellotv.com.br\\\/site\\\/#\\\/schema\\\/person\\\/2dbe3abaee38dcc7332fc8205cd2b15d\"},\"headline\":\"Biu Doido Est\u00e1 de Volta: Personagem Hist\u00f3rico de S\u00e3o Jos\u00e9 do Egito Ganha Nova Fase\",\"datePublished\":\"2026-06-25T12:46:56+00:00\",\"mainEntityOfPage\":{\"@id\":\"https:\\\/\\\/ellotv.com.br\\\/site\\\/2026\\\/06\\\/25\\\/biu-doido-esta-de-volta-personagem-historico-de-sao-jose-do-egito-ganha-nova-fase\\\/\"},\"wordCount\":231,\"commentCount\":0,\"publisher\":{\"@id\":\"https:\\\/\\\/ellotv.com.br\\\/site\\\/#organization\"},\"image\":{\"@id\":\"https:\\\/\\\/ellotv.com.br\\\/site\\\/2026\\\/06\\\/25\\\/biu-doido-esta-de-volta-personagem-historico-de-sao-jose-do-egito-ganha-nova-fase\\\/#primaryimage\"},\"thumbnailUrl\":\"https:\\\/\\\/ellotv.com.br\\\/site\\\/wp-content\\\/uploads\\\/2026\\\/06\\\/WhatsApp-Image-2026-06-23-at-20.04.00.jpeg\",\"articleSection\":[\"Ello\",\"Noticias\",\"Regional\"],\"inLanguage\":\"pt-BR\",\"potentialAction\":[{\"@type\":\"CommentAction\",\"name\":\"Comment\",\"target\":[\"https:\\\/\\\/ellotv.com.br\\\/site\\\/2026\\\/06\\\/25\\\/biu-doido-esta-de-volta-personagem-historico-de-sao-jose-do-egito-ganha-nova-fase\\\/#respond\"]}]},{\"@type\":\"WebPage\",\"@id\":\"https:\\\/\\\/ellotv.com.br\\\/site\\\/2026\\\/06\\\/25\\\/biu-doido-esta-de-volta-personagem-historico-de-sao-jose-do-egito-ganha-nova-fase\\\/\",\"url\":\"https:\\\/\\\/ellotv.com.br\\\/site\\\/2026\\\/06\\\/25\\\/biu-doido-esta-de-volta-personagem-historico-de-sao-jose-do-egito-ganha-nova-fase\\\/\",\"name\":\"Biu Doido Est\u00e1 de Volta: Personagem Hist\u00f3rico de S\u00e3o Jos\u00e9 do Egito Ganha Nova Fase - Ello TV\",\"isPartOf\":{\"@id\":\"https:\\\/\\\/ellotv.com.br\\\/site\\\/#website\"},\"primaryImageOfPage\":{\"@id\":\"https:\\\/\\\/ellotv.com.br\\\/site\\\/2026\\\/06\\\/25\\\/biu-doido-esta-de-volta-personagem-historico-de-sao-jose-do-egito-ganha-nova-fase\\\/#primaryimage\"},\"image\":{\"@id\":\"https:\\\/\\\/ellotv.com.br\\\/site\\\/2026\\\/06\\\/25\\\/biu-doido-esta-de-volta-personagem-historico-de-sao-jose-do-egito-ganha-nova-fase\\\/#primaryimage\"},\"thumbnailUrl\":\"https:\\\/\\\/ellotv.com.br\\\/site\\\/wp-content\\\/uploads\\\/2026\\\/06\\\/WhatsApp-Image-2026-06-23-at-20.04.00.jpeg\",\"datePublished\":\"2026-06-25T12:46:56+00:00\",\"description\":\"Biu Doido retorna em nova fase audiovisual com produ\u00e7\u00f5es da ELLO TV, valorizando a cultura de S\u00e3o Jos\u00e9 do Egito.\",\"breadcrumb\":{\"@id\":\"https:\\\/\\\/ellotv.com.br\\\/site\\\/2026\\\/06\\\/25\\\/biu-doido-esta-de-volta-personagem-historico-de-sao-jose-do-egito-ganha-nova-fase\\\/#breadcrumb\"},\"inLanguage\":\"pt-BR\",\"potentialAction\":[{\"@type\":\"ReadAction\",\"target\":[\"https:\\\/\\\/ellotv.com.br\\\/site\\\/2026\\\/06\\\/25\\\/biu-doido-esta-de-volta-personagem-historico-de-sao-jose-do-egito-ganha-nova-fase\\\/\"]}]},{\"@type\":\"ImageObject\",\"inLanguage\":\"pt-BR\",\"@id\":\"https:\\\/\\\/ellotv.com.br\\\/site\\\/2026\\\/06\\\/25\\\/biu-doido-esta-de-volta-personagem-historico-de-sao-jose-do-egito-ganha-nova-fase\\\/#primaryimage\",\"url\":\"https:\\\/\\\/ellotv.com.br\\\/site\\\/wp-content\\\/uploads\\\/2026\\\/06\\\/WhatsApp-Image-2026-06-23-at-20.04.00.jpeg\",\"contentUrl\":\"https:\\\/\\\/ellotv.com.br\\\/site\\\/wp-content\\\/uploads\\\/2026\\\/06\\\/WhatsApp-Image-2026-06-23-at-20.04.00.jpeg\",\"width\":1600,\"height\":1066},{\"@type\":\"BreadcrumbList\",\"@id\":\"https:\\\/\\\/ellotv.com.br\\\/site\\\/2026\\\/06\\\/25\\\/biu-doido-esta-de-volta-personagem-historico-de-sao-jose-do-egito-ganha-nova-fase\\\/#breadcrumb\",\"itemListElement\":[{\"@type\":\"ListItem\",\"position\":1,\"name\":\"In\u00edcio\",\"item\":\"https:\\\/\\\/ellotv.com.br\\\/site\\\/\"},{\"@type\":\"ListItem\",\"position\":2,\"name\":\"Biu Doido Est\u00e1 de Volta: Personagem Hist\u00f3rico de S\u00e3o Jos\u00e9 do Egito Ganha Nova Fase\"}]},{\"@type\":\"WebSite\",\"@id\":\"https:\\\/\\\/ellotv.com.br\\\/site\\\/#website\",\"url\":\"https:\\\/\\\/ellotv.com.br\\\/site\\\/\",\"name\":\"ELLO TV\",\"description\":\"\",\"publisher\":{\"@id\":\"https:\\\/\\\/ellotv.com.br\\\/site\\\/#organization\"},\"potentialAction\":[{\"@type\":\"SearchAction\",\"target\":{\"@type\":\"EntryPoint\",\"urlTemplate\":\"https:\\\/\\\/ellotv.com.br\\\/site\\\/?s={search_term_string}\"},\"query-input\":{\"@type\":\"PropertyValueSpecification\",\"valueRequired\":true,\"valueName\":\"search_term_string\"}}],\"inLanguage\":\"pt-BR\"},{\"@type\":\"Organization\",\"@id\":\"https:\\\/\\\/ellotv.com.br\\\/site\\\/#organization\",\"name\":\"ELLO TV\",\"url\":\"https:\\\/\\\/ellotv.com.br\\\/site\\\/\",\"logo\":{\"@type\":\"ImageObject\",\"inLanguage\":\"pt-BR\",\"@id\":\"https:\\\/\\\/ellotv.com.br\\\/site\\\/#\\\/schema\\\/logo\\\/image\\\/\",\"url\":\"https:\\\/\\\/ellotv.com.br\\\/site\\\/wp-content\\\/uploads\\\/2025\\\/11\\\/ello-logo-2.fw_.png\",\"contentUrl\":\"https:\\\/\\\/ellotv.com.br\\\/site\\\/wp-content\\\/uploads\\\/2025\\\/11\\\/ello-logo-2.fw_.png\",\"width\":400,\"height\":146,\"caption\":\"ELLO TV\"},\"image\":{\"@id\":\"https:\\\/\\\/ellotv.com.br\\\/site\\\/#\\\/schema\\\/logo\\\/image\\\/\"}},{\"@type\":\"Person\",\"@id\":\"https:\\\/\\\/ellotv.com.br\\\/site\\\/#\\\/schema\\\/person\\\/2dbe3abaee38dcc7332fc8205cd2b15d\",\"name\":\"ELLO TV\",\"image\":{\"@type\":\"ImageObject\",\"inLanguage\":\"pt-BR\",\"@id\":\"https:\\\/\\\/secure.gravatar.com\\\/avatar\\\/c38242b9da8ec217ac3f0aaee31a54f7d7befb11b2b47fdbc8fb0fad60afa1c6?s=96&d=mm&r=g\",\"url\":\"https:\\\/\\\/secure.gravatar.com\\\/avatar\\\/c38242b9da8ec217ac3f0aaee31a54f7d7befb11b2b47fdbc8fb0fad60afa1c6?s=96&d=mm&r=g\",\"contentUrl\":\"https:\\\/\\\/secure.gravatar.com\\\/avatar\\\/c38242b9da8ec217ac3f0aaee31a54f7d7befb11b2b47fdbc8fb0fad60afa1c6?s=96&d=mm&r=g\",\"caption\":\"ELLO TV\"},\"url\":\"https:\\\/\\\/ellotv.com.br\\\/site\\\/author\\\/elloagencia\\\/\"}]}<\/script>\n<!-- \/ Yoast SEO plugin. -->","yoast_head_json":{"title":"Biu Doido Est\u00e1 de Volta: Personagem Hist\u00f3rico de S\u00e3o Jos\u00e9 do Egito Ganha Nova Fase - Ello TV","description":"Biu Doido retorna em nova fase audiovisual com produ\u00e7\u00f5es da ELLO TV, valorizando a cultura de S\u00e3o Jos\u00e9 do Egito.","robots":{"index":"index","follow":"follow","max-snippet":"max-snippet:-1","max-image-preview":"max-image-preview:large","max-video-preview":"max-video-preview:-1"},"canonical":"https:\/\/ellotv.com.br\/site\/2026\/06\/25\/biu-doido-esta-de-volta-personagem-historico-de-sao-jose-do-egito-ganha-nova-fase\/","og_locale":"pt_BR","og_type":"article","og_title":"Biu Doido Est\u00e1 de Volta: Personagem Hist\u00f3rico de S\u00e3o Jos\u00e9 do Egito Ganha Nova Fase - Ello TV","og_description":"Biu Doido retorna em nova fase audiovisual com produ\u00e7\u00f5es da ELLO TV, valorizando a cultura de S\u00e3o Jos\u00e9 do Egito.","og_url":"https:\/\/ellotv.com.br\/site\/2026\/06\/25\/biu-doido-esta-de-volta-personagem-historico-de-sao-jose-do-egito-ganha-nova-fase\/","og_site_name":"Ello TV","article_published_time":"2026-06-25T12:46:56+00:00","og_image":[{"width":1600,"height":1066,"url":"https:\/\/ellotv.com.br\/site\/wp-content\/uploads\/2026\/06\/WhatsApp-Image-2026-06-23-at-20.04.00.jpeg","type":"image\/jpeg"}],"author":"ELLO TV","twitter_card":"summary_large_image","twitter_misc":{"Escrito por":"ELLO TV","Est. tempo de leitura":"1 minuto"},"schema":{"@context":"https:\/\/schema.org","@graph":[{"@type":"Article","@id":"https:\/\/ellotv.com.br\/site\/2026\/06\/25\/biu-doido-esta-de-volta-personagem-historico-de-sao-jose-do-egito-ganha-nova-fase\/#article","isPartOf":{"@id":"https:\/\/ellotv.com.br\/site\/2026\/06\/25\/biu-doido-esta-de-volta-personagem-historico-de-sao-jose-do-egito-ganha-nova-fase\/"},"author":{"name":"ELLO TV","@id":"https:\/\/ellotv.com.br\/site\/#\/schema\/person\/2dbe3abaee38dcc7332fc8205cd2b15d"},"headline":"Biu Doido Est\u00e1 de Volta: Personagem Hist\u00f3rico de S\u00e3o Jos\u00e9 do Egito Ganha Nova Fase","datePublished":"2026-06-25T12:46:56+00:00","mainEntityOfPage":{"@id":"https:\/\/ellotv.com.br\/site\/2026\/06\/25\/biu-doido-esta-de-volta-personagem-historico-de-sao-jose-do-egito-ganha-nova-fase\/"},"wordCount":231,"commentCount":0,"publisher":{"@id":"https:\/\/ellotv.com.br\/site\/#organization"},"image":{"@id":"https:\/\/ellotv.com.br\/site\/2026\/06\/25\/biu-doido-esta-de-volta-personagem-historico-de-sao-jose-do-egito-ganha-nova-fase\/#primaryimage"},"thumbnailUrl":"https:\/\/ellotv.com.br\/site\/wp-content\/uploads\/2026\/06\/WhatsApp-Image-2026-06-23-at-20.04.00.jpeg","articleSection":["Ello","Noticias","Regional"],"inLanguage":"pt-BR","potentialAction":[{"@type":"CommentAction","name":"Comment","target":["https:\/\/ellotv.com.br\/site\/2026\/06\/25\/biu-doido-esta-de-volta-personagem-historico-de-sao-jose-do-egito-ganha-nova-fase\/#respond"]}]},{"@type":"WebPage","@id":"https:\/\/ellotv.com.br\/site\/2026\/06\/25\/biu-doido-esta-de-volta-personagem-historico-de-sao-jose-do-egito-ganha-nova-fase\/","url":"https:\/\/ellotv.com.br\/site\/2026\/06\/25\/biu-doido-esta-de-volta-personagem-historico-de-sao-jose-do-egito-ganha-nova-fase\/","name":"Biu Doido Est\u00e1 de Volta: Personagem Hist\u00f3rico de S\u00e3o Jos\u00e9 do Egito Ganha Nova Fase - Ello TV","isPartOf":{"@id":"https:\/\/ellotv.com.br\/site\/#website"},"primaryImageOfPage":{"@id":"https:\/\/ellotv.com.br\/site\/2026\/06\/25\/biu-doido-esta-de-volta-personagem-historico-de-sao-jose-do-egito-ganha-nova-fase\/#primaryimage"},"image":{"@id":"https:\/\/ellotv.com.br\/site\/2026\/06\/25\/biu-doido-esta-de-volta-personagem-historico-de-sao-jose-do-egito-ganha-nova-fase\/#primaryimage"},"thumbnailUrl":"https:\/\/ellotv.com.br\/site\/wp-content\/uploads\/2026\/06\/WhatsApp-Image-2026-06-23-at-20.04.00.jpeg","datePublished":"2026-06-25T12:46:56+00:00","description":"Biu Doido retorna em nova fase audiovisual com produ\u00e7\u00f5es da ELLO TV, valorizando a cultura de S\u00e3o Jos\u00e9 do Egito.","breadcrumb":{"@id":"https:\/\/ellotv.com.br\/site\/2026\/06\/25\/biu-doido-esta-de-volta-personagem-historico-de-sao-jose-do-egito-ganha-nova-fase\/#breadcrumb"},"inLanguage":"pt-BR","potentialAction":[{"@type":"ReadAction","target":["https:\/\/ellotv.com.br\/site\/2026\/06\/25\/biu-doido-esta-de-volta-personagem-historico-de-sao-jose-do-egito-ganha-nova-fase\/"]}]},{"@type":"ImageObject","inLanguage":"pt-BR","@id":"https:\/\/ellotv.com.br\/site\/2026\/06\/25\/biu-doido-esta-de-volta-personagem-historico-de-sao-jose-do-egito-ganha-nova-fase\/#primaryimage","url":"https:\/\/ellotv.com.br\/site\/wp-content\/uploads\/2026\/06\/WhatsApp-Image-2026-06-23-at-20.04.00.jpeg","contentUrl":"https:\/\/ellotv.com.br\/site\/wp-content\/uploads\/2026\/06\/WhatsApp-Image-2026-06-23-at-20.04.00.jpeg","width":1600,"height":1066},{"@type":"BreadcrumbList","@id":"https:\/\/ellotv.com.br\/site\/2026\/06\/25\/biu-doido-esta-de-volta-personagem-historico-de-sao-jose-do-egito-ganha-nova-fase\/#breadcrumb","itemListElement":[{"@type":"ListItem","position":1,"name":"In\u00edcio","item":"https:\/\/ellotv.com.br\/site\/"},{"@type":"ListItem","position":2,"name":"Biu Doido Est\u00e1 de Volta: Personagem Hist\u00f3rico de S\u00e3o Jos\u00e9 do Egito Ganha Nova Fase"}]},{"@type":"WebSite","@id":"https:\/\/ellotv.com.br\/site\/#website","url":"https:\/\/ellotv.com.br\/site\/","name":"ELLO TV","description":"","publisher":{"@id":"https:\/\/ellotv.com.br\/site\/#organization"},"potentialAction":[{"@type":"SearchAction","target":{"@type":"EntryPoint","urlTemplate":"https:\/\/ellotv.com.br\/site\/?s={search_term_string}"},"query-input":{"@type":"PropertyValueSpecification","valueRequired":true,"valueName":"search_term_string"}}],"inLanguage":"pt-BR"},{"@type":"Organization","@id":"https:\/\/ellotv.com.br\/site\/#organization","name":"ELLO TV","url":"https:\/\/ellotv.com.br\/site\/","logo":{"@type":"ImageObject","inLanguage":"pt-BR","@id":"https:\/\/ellotv.com.br\/site\/#\/schema\/logo\/image\/","url":"https:\/\/ellotv.com.br\/site\/wp-content\/uploads\/2025\/11\/ello-logo-2.fw_.png","contentUrl":"https:\/\/ellotv.com.br\/site\/wp-content\/uploads\/2025\/11\/ello-logo-2.fw_.png","width":400,"height":146,"caption":"ELLO TV"},"image":{"@id":"https:\/\/ellotv.com.br\/site\/#\/schema\/logo\/image\/"}},{"@type":"Person","@id":"https:\/\/ellotv.com.br\/site\/#\/schema\/person\/2dbe3abaee38dcc7332fc8205cd2b15d","name":"ELLO TV","image":{"@type":"ImageObject","inLanguage":"pt-BR","@id":"https:\/\/secure.gravatar.com\/avatar\/c38242b9da8ec217ac3f0aaee31a54f7d7befb11b2b47fdbc8fb0fad60afa1c6?s=96&d=mm&r=g","url":"https:\/\/secure.gravatar.com\/avatar\/c38242b9da8ec217ac3f0aaee31a54f7d7befb11b2b47fdbc8fb0fad60afa1c6?s=96&d=mm&r=g","contentUrl":"https:\/\/secure.gravatar.com\/avatar\/c38242b9da8ec217ac3f0aaee31a54f7d7befb11b2b47fdbc8fb0fad60afa1c6?s=96&d=mm&r=g","caption":"ELLO TV"},"url":"https:\/\/ellotv.com.br\/site\/author\/elloagencia\/"}]}},"featured_image_urls":{"full":["https:\/\/ellotv.com.br\/site\/wp-content\/uploads\/2026\/06\/WhatsApp-Image-2026-06-23-at-20.04.00.jpeg",1600,1066,false],"thumbnail":["https:\/\/ellotv.com.br\/site\/wp-content\/uploads\/2026\/06\/WhatsApp-Image-2026-06-23-at-20.04.00-150x150.jpeg",150,150,true],"medium":["https:\/\/ellotv.com.br\/site\/wp-content\/uploads\/2026\/06\/WhatsApp-Image-2026-06-23-at-20.04.00-300x200.jpeg",300,200,true],"medium_large":["https:\/\/ellotv.com.br\/site\/wp-content\/uploads\/2026\/06\/WhatsApp-Image-2026-06-23-at-20.04.00-768x512.jpeg",640,427,true],"large":["https:\/\/ellotv.com.br\/site\/wp-content\/uploads\/2026\/06\/WhatsApp-Image-2026-06-23-at-20.04.00-1024x682.jpeg",640,426,true],"1536x1536":["https:\/\/ellotv.com.br\/site\/wp-content\/uploads\/2026\/06\/WhatsApp-Image-2026-06-23-at-20.04.00-1536x1023.jpeg",1536,1023,true],"2048x2048":["https:\/\/ellotv.com.br\/site\/wp-content\/uploads\/2026\/06\/WhatsApp-Image-2026-06-23-at-20.04.00.jpeg",1600,1066,false],"darknews-slider-full":["https:\/\/ellotv.com.br\/site\/wp-content\/uploads\/2026\/06\/WhatsApp-Image-2026-06-23-at-20.04.00-1280x720.jpeg",1280,720,true],"darknews-featured":["https:\/\/ellotv.com.br\/site\/wp-content\/uploads\/2026\/06\/WhatsApp-Image-2026-06-23-at-20.04.00-1024x682.jpeg",1024,682,true],"darknews-medium":["https:\/\/ellotv.com.br\/site\/wp-content\/uploads\/2026\/06\/WhatsApp-Image-2026-06-23-at-20.04.00-720x530.jpeg",720,530,true],"darknews-medium-square":["https:\/\/ellotv.com.br\/site\/wp-content\/uploads\/2026\/06\/WhatsApp-Image-2026-06-23-at-20.04.00-350x350.jpeg",350,350,true]},"author_info":{"info":["ELLO TV"]},"category_info":"<a href=\"https:\/\/ellotv.com.br\/site\/category\/ello\/\" rel=\"category tag\">Ello<\/a> <a href=\"https:\/\/ellotv.com.br\/site\/category\/noticias\/\" rel=\"category tag\">Noticias<\/a> <a href=\"https:\/\/ellotv.com.br\/site\/category\/regional\/\" rel=\"category tag\">Regional<\/a>","tag_info":"Regional","comment_count":"0","_links":{"self":[{"href":"https:\/\/ellotv.com.br\/site\/wp-json\/wp\/v2\/posts\/6439","targetHints":{"allow":["GET"]}}],"collection":[{"href":"https:\/\/ellotv.com.br\/site\/wp-json\/wp\/v2\/posts"}],"about":[{"href":"https:\/\/ellotv.com.br\/site\/wp-json\/wp\/v2\/types\/post"}],"author":[{"embeddable":true,"href":"https:\/\/ellotv.com.br\/site\/wp-json\/wp\/v2\/users\/2"}],"replies":[{"embeddable":true,"href":"https:\/\/ellotv.com.br\/site\/wp-json\/wp\/v2\/comments?post=6439"}],"version-history":[{"count":1,"href":"https:\/\/ellotv.com.br\/site\/wp-json\/wp\/v2\/posts\/6439\/revisions"}],"predecessor-version":[{"id":6441,"href":"https:\/\/ellotv.com.br\/site\/wp-json\/wp\/v2\/posts\/6439\/revisions\/6441"}],"wp:featuredmedia":[{"embeddable":true,"href":"https:\/\/ellotv.com.br\/site\/wp-json\/wp\/v2\/media\/6440"}],"wp:attachment":[{"href":"https:\/\/ellotv.com.br\/site\/wp-json\/wp\/v2\/media?parent=6439"}],"wp:term":[{"taxonomy":"category","embeddable":true,"href":"https:\/\/ellotv.com.br\/site\/wp-json\/wp\/v2\/categories?post=6439"},{"taxonomy":"post_tag","embeddable":true,"href":"https:\/\/ellotv.com.br\/site\/wp-json\/wp\/v2\/tags?post=6439"}],"curies":[{"name":"wp","href":"https:\/\/api.w.org\/{rel}","templated":true}]}}