{"id":6456,"date":"2026-06-29T08:35:03","date_gmt":"2026-06-29T11:35:03","guid":{"rendered":"https:\/\/ellotv.com.br\/site\/?p=6456"},"modified":"2026-06-29T08:35:03","modified_gmt":"2026-06-29T11:35:03","slug":"amazan-tem-maos-eternizadas-na-calcada-da-fama-do-forro-em-caruaru","status":"publish","type":"post","link":"https:\/\/ellotv.com.br\/site\/2026\/06\/29\/amazan-tem-maos-eternizadas-na-calcada-da-fama-do-forro-em-caruaru\/","title":{"rendered":"Amazan tem m\u00e3os eternizadas na Cal\u00e7ada da Fama do Forr\u00f3, em Caruaru"},"content":{"rendered":"<p>As m\u00e3os que embalam gera\u00e7\u00f5es ao som da sanfona agora tamb\u00e9m fazem parte da hist\u00f3ria de Caruaru. O cantor, compositor e sanfoneiro Amazan teve suas m\u00e3os registradas na Cal\u00e7ada da Fama do Forr\u00f3, um dos maiores reconhecimentos dedicados a artistas da cultura nordestina.<\/p>\n<p><strong>Homenagem \u00e0 trajet\u00f3ria<\/strong><\/p>\n<p>A honraria celebra a contribui\u00e7\u00e3o de Amazan para o forr\u00f3 e para a m\u00fasica nordestina, reconhecendo uma carreira marcada por dedica\u00e7\u00e3o e amor \u00e0 cultura popular.<\/p>\n<p><strong>Reconhecimento em Caruaru<\/strong><\/p>\n<p>A homenagem ganha ainda mais significado por acontecer em Caruaru, cidade considerada um dos maiores s\u00edmbolos do forr\u00f3 no Brasil.<\/p>\n<p><strong>Emo\u00e7\u00e3o e gratid\u00e3o<\/strong><\/p>\n<p>Visivelmente emocionado, Amazan destacou que o registro representa n\u00e3o apenas suas m\u00e3os, mas toda a trajet\u00f3ria constru\u00edda ao longo dos anos, com estradas percorridas, palcos vividos e o carinho do p\u00fablico.<\/p>\n<p><strong>Agradecimento e compromisso<\/strong><\/p>\n<p>O artista agradeceu \u00e0 Prefeitura de Caruaru pelo reconhecimento e reafirmou seu compromisso de continuar levando o aut\u00eantico forr\u00f3 adiante.<\/p>\n<p><strong>Legado nordestino<\/strong><\/p>\n<p>Inspirado por Luiz Gonzaga, Amazan segue mantendo viva a tradi\u00e7\u00e3o da m\u00fasica nordestina, fortalecendo a cultura e influenciando novas gera\u00e7\u00f5es.<\/p>\n<p><img fetchpriority=\"high\" decoding=\"async\" class=\"aligncenter wp-image-6459 size-large\" src=\"https:\/\/ellotv.com.br\/site\/wp-content\/uploads\/2026\/06\/WhatsApp-Image-2026-06-27-at-11.13.35-2-826x1024.jpeg\" alt=\"\" width=\"640\" height=\"793\" srcset=\"https:\/\/ellotv.com.br\/site\/wp-content\/uploads\/2026\/06\/WhatsApp-Image-2026-06-27-at-11.13.35-2-826x1024.jpeg 826w, https:\/\/ellotv.com.br\/site\/wp-content\/uploads\/2026\/06\/WhatsApp-Image-2026-06-27-at-11.13.35-2-242x300.jpeg 242w, https:\/\/ellotv.com.br\/site\/wp-content\/uploads\/2026\/06\/WhatsApp-Image-2026-06-27-at-11.13.35-2-768x952.jpeg 768w, https:\/\/ellotv.com.br\/site\/wp-content\/uploads\/2026\/06\/WhatsApp-Image-2026-06-27-at-11.13.35-2-1239x1536.jpeg 1239w, https:\/\/ellotv.com.br\/site\/wp-content\/uploads\/2026\/06\/WhatsApp-Image-2026-06-27-at-11.13.35-2-1024x1269.jpeg 1024w, https:\/\/ellotv.com.br\/site\/wp-content\/uploads\/2026\/06\/WhatsApp-Image-2026-06-27-at-11.13.35-2.jpeg 1290w\" sizes=\"(max-width: 640px) 100vw, 640px\" \/><img decoding=\"async\" class=\"aligncenter wp-image-6458 size-large\" src=\"https:\/\/ellotv.com.br\/site\/wp-content\/uploads\/2026\/06\/WhatsApp-Image-2026-06-27-at-11.13.35-1-822x1024.jpeg\" alt=\"\" width=\"640\" height=\"797\" srcset=\"https:\/\/ellotv.com.br\/site\/wp-content\/uploads\/2026\/06\/WhatsApp-Image-2026-06-27-at-11.13.35-1-822x1024.jpeg 822w, https:\/\/ellotv.com.br\/site\/wp-content\/uploads\/2026\/06\/WhatsApp-Image-2026-06-27-at-11.13.35-1-241x300.jpeg 241w, https:\/\/ellotv.com.br\/site\/wp-content\/uploads\/2026\/06\/WhatsApp-Image-2026-06-27-at-11.13.35-1-768x957.jpeg 768w, https:\/\/ellotv.com.br\/site\/wp-content\/uploads\/2026\/06\/WhatsApp-Image-2026-06-27-at-11.13.35-1-1233x1536.jpeg 1233w, https:\/\/ellotv.com.br\/site\/wp-content\/uploads\/2026\/06\/WhatsApp-Image-2026-06-27-at-11.13.35-1-1024x1276.jpeg 1024w, https:\/\/ellotv.com.br\/site\/wp-content\/uploads\/2026\/06\/WhatsApp-Image-2026-06-27-at-11.13.35-1.jpeg 1284w\" sizes=\"(max-width: 640px) 100vw, 640px\" \/> <img decoding=\"async\" class=\"aligncenter wp-image-6460 size-large\" src=\"https:\/\/ellotv.com.br\/site\/wp-content\/uploads\/2026\/06\/WhatsApp-Image-2026-06-27-at-11.13.36-821x1024.jpeg\" alt=\"\" width=\"640\" height=\"798\" srcset=\"https:\/\/ellotv.com.br\/site\/wp-content\/uploads\/2026\/06\/WhatsApp-Image-2026-06-27-at-11.13.36-821x1024.jpeg 821w, https:\/\/ellotv.com.br\/site\/wp-content\/uploads\/2026\/06\/WhatsApp-Image-2026-06-27-at-11.13.36-240x300.jpeg 240w, https:\/\/ellotv.com.br\/site\/wp-content\/uploads\/2026\/06\/WhatsApp-Image-2026-06-27-at-11.13.36-768x958.jpeg 768w, https:\/\/ellotv.com.br\/site\/wp-content\/uploads\/2026\/06\/WhatsApp-Image-2026-06-27-at-11.13.36-1231x1536.jpeg 1231w, https:\/\/ellotv.com.br\/site\/wp-content\/uploads\/2026\/06\/WhatsApp-Image-2026-06-27-at-11.13.36-1024x1278.jpeg 1024w, https:\/\/ellotv.com.br\/site\/wp-content\/uploads\/2026\/06\/WhatsApp-Image-2026-06-27-at-11.13.36.jpeg 1279w\" sizes=\"(max-width: 640px) 100vw, 640px\" \/><\/p>\n","protected":false},"excerpt":{"rendered":"<p>As m\u00e3os que embalam gera\u00e7\u00f5es ao som da sanfona agora tamb\u00e9m fazem parte da hist\u00f3ria de Caruaru. O<\/p>\n","protected":false},"author":2,"featured_media":6457,"comment_status":"open","ping_status":"open","sticky":false,"template":"","format":"standard","meta":{"footnotes":""},"categories":[12,9],"tags":[],"class_list":["post-6456","post","type-post","status-publish","format-standard","has-post-thumbnail","hentry","category-noticias","category-regional"],"yoast_head":"<!-- This site is optimized with the Yoast SEO plugin v28.3 - https:\/\/yoast.com\/product\/yoast-seo-wordpress\/ -->\n<title>Amazan tem m\u00e3os eternizadas na Cal\u00e7ada da Fama do Forr\u00f3, em Caruaru - Ello TV<\/title>\n<meta name=\"description\" content=\"Amazan tem m\u00e3os eternizadas na Cal\u00e7ada da Fama do Forr\u00f3 em Caruaru, celebrando sua trajet\u00f3ria na m\u00fasica nordestina.\" \/>\n<meta name=\"robots\" content=\"index, follow, max-snippet:-1, max-image-preview:large, max-video-preview:-1\" \/>\n<link rel=\"canonical\" href=\"https:\/\/ellotv.com.br\/site\/2026\/06\/29\/amazan-tem-maos-eternizadas-na-calcada-da-fama-do-forro-em-caruaru\/\" \/>\n<meta property=\"og:locale\" content=\"pt_BR\" \/>\n<meta property=\"og:type\" content=\"article\" \/>\n<meta property=\"og:title\" content=\"Amazan tem m\u00e3os eternizadas na Cal\u00e7ada da Fama do Forr\u00f3, em Caruaru - Ello TV\" \/>\n<meta property=\"og:description\" content=\"Amazan tem m\u00e3os eternizadas na Cal\u00e7ada da Fama do Forr\u00f3 em Caruaru, celebrando sua trajet\u00f3ria na m\u00fasica nordestina.\" \/>\n<meta property=\"og:url\" content=\"https:\/\/ellotv.com.br\/site\/2026\/06\/29\/amazan-tem-maos-eternizadas-na-calcada-da-fama-do-forro-em-caruaru\/\" \/>\n<meta property=\"og:site_name\" content=\"Ello TV\" \/>\n<meta property=\"article:published_time\" content=\"2026-06-29T11:35:03+00:00\" \/>\n<meta property=\"og:image\" content=\"https:\/\/ellotv.com.br\/site\/wp-content\/uploads\/2026\/06\/WhatsApp-Image-2026-06-27-at-11.13.35.jpeg\" \/>\n\t<meta property=\"og:image:width\" content=\"1275\" \/>\n\t<meta property=\"og:image:height\" content=\"1595\" \/>\n\t<meta property=\"og:image:type\" content=\"image\/jpeg\" \/>\n<meta name=\"author\" content=\"ELLO TV\" \/>\n<meta name=\"twitter:card\" content=\"summary_large_image\" \/>\n<meta name=\"twitter:label1\" content=\"Escrito por\" \/>\n\t<meta name=\"twitter:data1\" content=\"ELLO TV\" \/>\n\t<meta name=\"twitter:label2\" content=\"Est. tempo de leitura\" \/>\n\t<meta name=\"twitter:data2\" content=\"1 minuto\" \/>\n<script type=\"application\/ld+json\" class=\"yoast-schema-graph\">{\"@context\":\"https:\\\/\\\/schema.org\",\"@graph\":[{\"@type\":\"Article\",\"@id\":\"https:\\\/\\\/ellotv.com.br\\\/site\\\/2026\\\/06\\\/29\\\/amazan-tem-maos-eternizadas-na-calcada-da-fama-do-forro-em-caruaru\\\/#article\",\"isPartOf\":{\"@id\":\"https:\\\/\\\/ellotv.com.br\\\/site\\\/2026\\\/06\\\/29\\\/amazan-tem-maos-eternizadas-na-calcada-da-fama-do-forro-em-caruaru\\\/\"},\"author\":{\"name\":\"ELLO TV\",\"@id\":\"https:\\\/\\\/ellotv.com.br\\\/site\\\/#\\\/schema\\\/person\\\/2dbe3abaee38dcc7332fc8205cd2b15d\"},\"headline\":\"Amazan tem m\u00e3os eternizadas na Cal\u00e7ada da Fama do Forr\u00f3, em Caruaru\",\"datePublished\":\"2026-06-29T11:35:03+00:00\",\"mainEntityOfPage\":{\"@id\":\"https:\\\/\\\/ellotv.com.br\\\/site\\\/2026\\\/06\\\/29\\\/amazan-tem-maos-eternizadas-na-calcada-da-fama-do-forro-em-caruaru\\\/\"},\"wordCount\":207,\"commentCount\":0,\"publisher\":{\"@id\":\"https:\\\/\\\/ellotv.com.br\\\/site\\\/#organization\"},\"image\":{\"@id\":\"https:\\\/\\\/ellotv.com.br\\\/site\\\/2026\\\/06\\\/29\\\/amazan-tem-maos-eternizadas-na-calcada-da-fama-do-forro-em-caruaru\\\/#primaryimage\"},\"thumbnailUrl\":\"https:\\\/\\\/ellotv.com.br\\\/site\\\/wp-content\\\/uploads\\\/2026\\\/06\\\/WhatsApp-Image-2026-06-27-at-11.13.35.jpeg\",\"articleSection\":[\"Noticias\",\"Regional\"],\"inLanguage\":\"pt-BR\",\"potentialAction\":[{\"@type\":\"CommentAction\",\"name\":\"Comment\",\"target\":[\"https:\\\/\\\/ellotv.com.br\\\/site\\\/2026\\\/06\\\/29\\\/amazan-tem-maos-eternizadas-na-calcada-da-fama-do-forro-em-caruaru\\\/#respond\"]}]},{\"@type\":\"WebPage\",\"@id\":\"https:\\\/\\\/ellotv.com.br\\\/site\\\/2026\\\/06\\\/29\\\/amazan-tem-maos-eternizadas-na-calcada-da-fama-do-forro-em-caruaru\\\/\",\"url\":\"https:\\\/\\\/ellotv.com.br\\\/site\\\/2026\\\/06\\\/29\\\/amazan-tem-maos-eternizadas-na-calcada-da-fama-do-forro-em-caruaru\\\/\",\"name\":\"Amazan tem m\u00e3os eternizadas na Cal\u00e7ada da Fama do Forr\u00f3, em Caruaru - Ello TV\",\"isPartOf\":{\"@id\":\"https:\\\/\\\/ellotv.com.br\\\/site\\\/#website\"},\"primaryImageOfPage\":{\"@id\":\"https:\\\/\\\/ellotv.com.br\\\/site\\\/2026\\\/06\\\/29\\\/amazan-tem-maos-eternizadas-na-calcada-da-fama-do-forro-em-caruaru\\\/#primaryimage\"},\"image\":{\"@id\":\"https:\\\/\\\/ellotv.com.br\\\/site\\\/2026\\\/06\\\/29\\\/amazan-tem-maos-eternizadas-na-calcada-da-fama-do-forro-em-caruaru\\\/#primaryimage\"},\"thumbnailUrl\":\"https:\\\/\\\/ellotv.com.br\\\/site\\\/wp-content\\\/uploads\\\/2026\\\/06\\\/WhatsApp-Image-2026-06-27-at-11.13.35.jpeg\",\"datePublished\":\"2026-06-29T11:35:03+00:00\",\"description\":\"Amazan tem m\u00e3os eternizadas na Cal\u00e7ada da Fama do Forr\u00f3 em Caruaru, celebrando sua trajet\u00f3ria na m\u00fasica nordestina.\",\"breadcrumb\":{\"@id\":\"https:\\\/\\\/ellotv.com.br\\\/site\\\/2026\\\/06\\\/29\\\/amazan-tem-maos-eternizadas-na-calcada-da-fama-do-forro-em-caruaru\\\/#breadcrumb\"},\"inLanguage\":\"pt-BR\",\"potentialAction\":[{\"@type\":\"ReadAction\",\"target\":[\"https:\\\/\\\/ellotv.com.br\\\/site\\\/2026\\\/06\\\/29\\\/amazan-tem-maos-eternizadas-na-calcada-da-fama-do-forro-em-caruaru\\\/\"]}]},{\"@type\":\"ImageObject\",\"inLanguage\":\"pt-BR\",\"@id\":\"https:\\\/\\\/ellotv.com.br\\\/site\\\/2026\\\/06\\\/29\\\/amazan-tem-maos-eternizadas-na-calcada-da-fama-do-forro-em-caruaru\\\/#primaryimage\",\"url\":\"https:\\\/\\\/ellotv.com.br\\\/site\\\/wp-content\\\/uploads\\\/2026\\\/06\\\/WhatsApp-Image-2026-06-27-at-11.13.35.jpeg\",\"contentUrl\":\"https:\\\/\\\/ellotv.com.br\\\/site\\\/wp-content\\\/uploads\\\/2026\\\/06\\\/WhatsApp-Image-2026-06-27-at-11.13.35.jpeg\",\"width\":1275,\"height\":1595},{\"@type\":\"BreadcrumbList\",\"@id\":\"https:\\\/\\\/ellotv.com.br\\\/site\\\/2026\\\/06\\\/29\\\/amazan-tem-maos-eternizadas-na-calcada-da-fama-do-forro-em-caruaru\\\/#breadcrumb\",\"itemListElement\":[{\"@type\":\"ListItem\",\"position\":1,\"name\":\"In\u00edcio\",\"item\":\"https:\\\/\\\/ellotv.com.br\\\/site\\\/\"},{\"@type\":\"ListItem\",\"position\":2,\"name\":\"Amazan tem m\u00e3os eternizadas na Cal\u00e7ada da Fama do Forr\u00f3, em Caruaru\"}]},{\"@type\":\"WebSite\",\"@id\":\"https:\\\/\\\/ellotv.com.br\\\/site\\\/#website\",\"url\":\"https:\\\/\\\/ellotv.com.br\\\/site\\\/\",\"name\":\"ELLO TV\",\"description\":\"\",\"publisher\":{\"@id\":\"https:\\\/\\\/ellotv.com.br\\\/site\\\/#organization\"},\"potentialAction\":[{\"@type\":\"SearchAction\",\"target\":{\"@type\":\"EntryPoint\",\"urlTemplate\":\"https:\\\/\\\/ellotv.com.br\\\/site\\\/?s={search_term_string}\"},\"query-input\":{\"@type\":\"PropertyValueSpecification\",\"valueRequired\":true,\"valueName\":\"search_term_string\"}}],\"inLanguage\":\"pt-BR\"},{\"@type\":\"Organization\",\"@id\":\"https:\\\/\\\/ellotv.com.br\\\/site\\\/#organization\",\"name\":\"ELLO TV\",\"url\":\"https:\\\/\\\/ellotv.com.br\\\/site\\\/\",\"logo\":{\"@type\":\"ImageObject\",\"inLanguage\":\"pt-BR\",\"@id\":\"https:\\\/\\\/ellotv.com.br\\\/site\\\/#\\\/schema\\\/logo\\\/image\\\/\",\"url\":\"https:\\\/\\\/ellotv.com.br\\\/site\\\/wp-content\\\/uploads\\\/2025\\\/11\\\/ello-logo-2.fw_.png\",\"contentUrl\":\"https:\\\/\\\/ellotv.com.br\\\/site\\\/wp-content\\\/uploads\\\/2025\\\/11\\\/ello-logo-2.fw_.png\",\"width\":400,\"height\":146,\"caption\":\"ELLO TV\"},\"image\":{\"@id\":\"https:\\\/\\\/ellotv.com.br\\\/site\\\/#\\\/schema\\\/logo\\\/image\\\/\"}},{\"@type\":\"Person\",\"@id\":\"https:\\\/\\\/ellotv.com.br\\\/site\\\/#\\\/schema\\\/person\\\/2dbe3abaee38dcc7332fc8205cd2b15d\",\"name\":\"ELLO TV\",\"image\":{\"@type\":\"ImageObject\",\"inLanguage\":\"pt-BR\",\"@id\":\"https:\\\/\\\/secure.gravatar.com\\\/avatar\\\/c38242b9da8ec217ac3f0aaee31a54f7d7befb11b2b47fdbc8fb0fad60afa1c6?s=96&d=mm&r=g\",\"url\":\"https:\\\/\\\/secure.gravatar.com\\\/avatar\\\/c38242b9da8ec217ac3f0aaee31a54f7d7befb11b2b47fdbc8fb0fad60afa1c6?s=96&d=mm&r=g\",\"contentUrl\":\"https:\\\/\\\/secure.gravatar.com\\\/avatar\\\/c38242b9da8ec217ac3f0aaee31a54f7d7befb11b2b47fdbc8fb0fad60afa1c6?s=96&d=mm&r=g\",\"caption\":\"ELLO TV\"},\"url\":\"https:\\\/\\\/ellotv.com.br\\\/site\\\/author\\\/elloagencia\\\/\"}]}<\/script>\n<!-- \/ Yoast SEO plugin. -->","yoast_head_json":{"title":"Amazan tem m\u00e3os eternizadas na Cal\u00e7ada da Fama do Forr\u00f3, em Caruaru - Ello TV","description":"Amazan tem m\u00e3os eternizadas na Cal\u00e7ada da Fama do Forr\u00f3 em Caruaru, celebrando sua trajet\u00f3ria na m\u00fasica nordestina.","robots":{"index":"index","follow":"follow","max-snippet":"max-snippet:-1","max-image-preview":"max-image-preview:large","max-video-preview":"max-video-preview:-1"},"canonical":"https:\/\/ellotv.com.br\/site\/2026\/06\/29\/amazan-tem-maos-eternizadas-na-calcada-da-fama-do-forro-em-caruaru\/","og_locale":"pt_BR","og_type":"article","og_title":"Amazan tem m\u00e3os eternizadas na Cal\u00e7ada da Fama do Forr\u00f3, em Caruaru - Ello TV","og_description":"Amazan tem m\u00e3os eternizadas na Cal\u00e7ada da Fama do Forr\u00f3 em Caruaru, celebrando sua trajet\u00f3ria na m\u00fasica nordestina.","og_url":"https:\/\/ellotv.com.br\/site\/2026\/06\/29\/amazan-tem-maos-eternizadas-na-calcada-da-fama-do-forro-em-caruaru\/","og_site_name":"Ello TV","article_published_time":"2026-06-29T11:35:03+00:00","og_image":[{"width":1275,"height":1595,"url":"https:\/\/ellotv.com.br\/site\/wp-content\/uploads\/2026\/06\/WhatsApp-Image-2026-06-27-at-11.13.35.jpeg","type":"image\/jpeg"}],"author":"ELLO TV","twitter_card":"summary_large_image","twitter_misc":{"Escrito por":"ELLO TV","Est. tempo de leitura":"1 minuto"},"schema":{"@context":"https:\/\/schema.org","@graph":[{"@type":"Article","@id":"https:\/\/ellotv.com.br\/site\/2026\/06\/29\/amazan-tem-maos-eternizadas-na-calcada-da-fama-do-forro-em-caruaru\/#article","isPartOf":{"@id":"https:\/\/ellotv.com.br\/site\/2026\/06\/29\/amazan-tem-maos-eternizadas-na-calcada-da-fama-do-forro-em-caruaru\/"},"author":{"name":"ELLO TV","@id":"https:\/\/ellotv.com.br\/site\/#\/schema\/person\/2dbe3abaee38dcc7332fc8205cd2b15d"},"headline":"Amazan tem m\u00e3os eternizadas na Cal\u00e7ada da Fama do Forr\u00f3, em Caruaru","datePublished":"2026-06-29T11:35:03+00:00","mainEntityOfPage":{"@id":"https:\/\/ellotv.com.br\/site\/2026\/06\/29\/amazan-tem-maos-eternizadas-na-calcada-da-fama-do-forro-em-caruaru\/"},"wordCount":207,"commentCount":0,"publisher":{"@id":"https:\/\/ellotv.com.br\/site\/#organization"},"image":{"@id":"https:\/\/ellotv.com.br\/site\/2026\/06\/29\/amazan-tem-maos-eternizadas-na-calcada-da-fama-do-forro-em-caruaru\/#primaryimage"},"thumbnailUrl":"https:\/\/ellotv.com.br\/site\/wp-content\/uploads\/2026\/06\/WhatsApp-Image-2026-06-27-at-11.13.35.jpeg","articleSection":["Noticias","Regional"],"inLanguage":"pt-BR","potentialAction":[{"@type":"CommentAction","name":"Comment","target":["https:\/\/ellotv.com.br\/site\/2026\/06\/29\/amazan-tem-maos-eternizadas-na-calcada-da-fama-do-forro-em-caruaru\/#respond"]}]},{"@type":"WebPage","@id":"https:\/\/ellotv.com.br\/site\/2026\/06\/29\/amazan-tem-maos-eternizadas-na-calcada-da-fama-do-forro-em-caruaru\/","url":"https:\/\/ellotv.com.br\/site\/2026\/06\/29\/amazan-tem-maos-eternizadas-na-calcada-da-fama-do-forro-em-caruaru\/","name":"Amazan tem m\u00e3os eternizadas na Cal\u00e7ada da Fama do Forr\u00f3, em Caruaru - Ello TV","isPartOf":{"@id":"https:\/\/ellotv.com.br\/site\/#website"},"primaryImageOfPage":{"@id":"https:\/\/ellotv.com.br\/site\/2026\/06\/29\/amazan-tem-maos-eternizadas-na-calcada-da-fama-do-forro-em-caruaru\/#primaryimage"},"image":{"@id":"https:\/\/ellotv.com.br\/site\/2026\/06\/29\/amazan-tem-maos-eternizadas-na-calcada-da-fama-do-forro-em-caruaru\/#primaryimage"},"thumbnailUrl":"https:\/\/ellotv.com.br\/site\/wp-content\/uploads\/2026\/06\/WhatsApp-Image-2026-06-27-at-11.13.35.jpeg","datePublished":"2026-06-29T11:35:03+00:00","description":"Amazan tem m\u00e3os eternizadas na Cal\u00e7ada da Fama do Forr\u00f3 em Caruaru, celebrando sua trajet\u00f3ria na m\u00fasica nordestina.","breadcrumb":{"@id":"https:\/\/ellotv.com.br\/site\/2026\/06\/29\/amazan-tem-maos-eternizadas-na-calcada-da-fama-do-forro-em-caruaru\/#breadcrumb"},"inLanguage":"pt-BR","potentialAction":[{"@type":"ReadAction","target":["https:\/\/ellotv.com.br\/site\/2026\/06\/29\/amazan-tem-maos-eternizadas-na-calcada-da-fama-do-forro-em-caruaru\/"]}]},{"@type":"ImageObject","inLanguage":"pt-BR","@id":"https:\/\/ellotv.com.br\/site\/2026\/06\/29\/amazan-tem-maos-eternizadas-na-calcada-da-fama-do-forro-em-caruaru\/#primaryimage","url":"https:\/\/ellotv.com.br\/site\/wp-content\/uploads\/2026\/06\/WhatsApp-Image-2026-06-27-at-11.13.35.jpeg","contentUrl":"https:\/\/ellotv.com.br\/site\/wp-content\/uploads\/2026\/06\/WhatsApp-Image-2026-06-27-at-11.13.35.jpeg","width":1275,"height":1595},{"@type":"BreadcrumbList","@id":"https:\/\/ellotv.com.br\/site\/2026\/06\/29\/amazan-tem-maos-eternizadas-na-calcada-da-fama-do-forro-em-caruaru\/#breadcrumb","itemListElement":[{"@type":"ListItem","position":1,"name":"In\u00edcio","item":"https:\/\/ellotv.com.br\/site\/"},{"@type":"ListItem","position":2,"name":"Amazan tem m\u00e3os eternizadas na Cal\u00e7ada da Fama do Forr\u00f3, em Caruaru"}]},{"@type":"WebSite","@id":"https:\/\/ellotv.com.br\/site\/#website","url":"https:\/\/ellotv.com.br\/site\/","name":"ELLO TV","description":"","publisher":{"@id":"https:\/\/ellotv.com.br\/site\/#organization"},"potentialAction":[{"@type":"SearchAction","target":{"@type":"EntryPoint","urlTemplate":"https:\/\/ellotv.com.br\/site\/?s={search_term_string}"},"query-input":{"@type":"PropertyValueSpecification","valueRequired":true,"valueName":"search_term_string"}}],"inLanguage":"pt-BR"},{"@type":"Organization","@id":"https:\/\/ellotv.com.br\/site\/#organization","name":"ELLO TV","url":"https:\/\/ellotv.com.br\/site\/","logo":{"@type":"ImageObject","inLanguage":"pt-BR","@id":"https:\/\/ellotv.com.br\/site\/#\/schema\/logo\/image\/","url":"https:\/\/ellotv.com.br\/site\/wp-content\/uploads\/2025\/11\/ello-logo-2.fw_.png","contentUrl":"https:\/\/ellotv.com.br\/site\/wp-content\/uploads\/2025\/11\/ello-logo-2.fw_.png","width":400,"height":146,"caption":"ELLO TV"},"image":{"@id":"https:\/\/ellotv.com.br\/site\/#\/schema\/logo\/image\/"}},{"@type":"Person","@id":"https:\/\/ellotv.com.br\/site\/#\/schema\/person\/2dbe3abaee38dcc7332fc8205cd2b15d","name":"ELLO TV","image":{"@type":"ImageObject","inLanguage":"pt-BR","@id":"https:\/\/secure.gravatar.com\/avatar\/c38242b9da8ec217ac3f0aaee31a54f7d7befb11b2b47fdbc8fb0fad60afa1c6?s=96&d=mm&r=g","url":"https:\/\/secure.gravatar.com\/avatar\/c38242b9da8ec217ac3f0aaee31a54f7d7befb11b2b47fdbc8fb0fad60afa1c6?s=96&d=mm&r=g","contentUrl":"https:\/\/secure.gravatar.com\/avatar\/c38242b9da8ec217ac3f0aaee31a54f7d7befb11b2b47fdbc8fb0fad60afa1c6?s=96&d=mm&r=g","caption":"ELLO TV"},"url":"https:\/\/ellotv.com.br\/site\/author\/elloagencia\/"}]}},"featured_image_urls":{"full":["https:\/\/ellotv.com.br\/site\/wp-content\/uploads\/2026\/06\/WhatsApp-Image-2026-06-27-at-11.13.35.jpeg",1275,1595,false],"thumbnail":["https:\/\/ellotv.com.br\/site\/wp-content\/uploads\/2026\/06\/WhatsApp-Image-2026-06-27-at-11.13.35-150x150.jpeg",150,150,true],"medium":["https:\/\/ellotv.com.br\/site\/wp-content\/uploads\/2026\/06\/WhatsApp-Image-2026-06-27-at-11.13.35-240x300.jpeg",240,300,true],"medium_large":["https:\/\/ellotv.com.br\/site\/wp-content\/uploads\/2026\/06\/WhatsApp-Image-2026-06-27-at-11.13.35-768x961.jpeg",640,801,true],"large":["https:\/\/ellotv.com.br\/site\/wp-content\/uploads\/2026\/06\/WhatsApp-Image-2026-06-27-at-11.13.35-819x1024.jpeg",640,800,true],"1536x1536":["https:\/\/ellotv.com.br\/site\/wp-content\/uploads\/2026\/06\/WhatsApp-Image-2026-06-27-at-11.13.35-1228x1536.jpeg",1228,1536,true],"2048x2048":["https:\/\/ellotv.com.br\/site\/wp-content\/uploads\/2026\/06\/WhatsApp-Image-2026-06-27-at-11.13.35.jpeg",1275,1595,false],"darknews-slider-full":["https:\/\/ellotv.com.br\/site\/wp-content\/uploads\/2026\/06\/WhatsApp-Image-2026-06-27-at-11.13.35-1275x720.jpeg",1275,720,true],"darknews-featured":["https:\/\/ellotv.com.br\/site\/wp-content\/uploads\/2026\/06\/WhatsApp-Image-2026-06-27-at-11.13.35-1024x1281.jpeg",1024,1281,true],"darknews-medium":["https:\/\/ellotv.com.br\/site\/wp-content\/uploads\/2026\/06\/WhatsApp-Image-2026-06-27-at-11.13.35-720x530.jpeg",720,530,true],"darknews-medium-square":["https:\/\/ellotv.com.br\/site\/wp-content\/uploads\/2026\/06\/WhatsApp-Image-2026-06-27-at-11.13.35-350x350.jpeg",350,350,true]},"author_info":{"info":["ELLO TV"]},"category_info":"<a href=\"https:\/\/ellotv.com.br\/site\/category\/noticias\/\" rel=\"category tag\">Noticias<\/a> <a href=\"https:\/\/ellotv.com.br\/site\/category\/regional\/\" rel=\"category tag\">Regional<\/a>","tag_info":"Regional","comment_count":"0","_links":{"self":[{"href":"https:\/\/ellotv.com.br\/site\/wp-json\/wp\/v2\/posts\/6456","targetHints":{"allow":["GET"]}}],"collection":[{"href":"https:\/\/ellotv.com.br\/site\/wp-json\/wp\/v2\/posts"}],"about":[{"href":"https:\/\/ellotv.com.br\/site\/wp-json\/wp\/v2\/types\/post"}],"author":[{"embeddable":true,"href":"https:\/\/ellotv.com.br\/site\/wp-json\/wp\/v2\/users\/2"}],"replies":[{"embeddable":true,"href":"https:\/\/ellotv.com.br\/site\/wp-json\/wp\/v2\/comments?post=6456"}],"version-history":[{"count":1,"href":"https:\/\/ellotv.com.br\/site\/wp-json\/wp\/v2\/posts\/6456\/revisions"}],"predecessor-version":[{"id":6461,"href":"https:\/\/ellotv.com.br\/site\/wp-json\/wp\/v2\/posts\/6456\/revisions\/6461"}],"wp:featuredmedia":[{"embeddable":true,"href":"https:\/\/ellotv.com.br\/site\/wp-json\/wp\/v2\/media\/6457"}],"wp:attachment":[{"href":"https:\/\/ellotv.com.br\/site\/wp-json\/wp\/v2\/media?parent=6456"}],"wp:term":[{"taxonomy":"category","embeddable":true,"href":"https:\/\/ellotv.com.br\/site\/wp-json\/wp\/v2\/categories?post=6456"},{"taxonomy":"post_tag","embeddable":true,"href":"https:\/\/ellotv.com.br\/site\/wp-json\/wp\/v2\/tags?post=6456"}],"curies":[{"name":"wp","href":"https:\/\/api.w.org\/{rel}","templated":true}]}}