{"id":6465,"date":"2026-06-29T08:44:40","date_gmt":"2026-06-29T11:44:40","guid":{"rendered":"https:\/\/ellotv.com.br\/site\/?p=6465"},"modified":"2026-06-29T08:44:40","modified_gmt":"2026-06-29T11:44:40","slug":"ouro-e-milhoes-apreendidos-na-guerra-do-iraque-ainda-intrigam-historiadores","status":"publish","type":"post","link":"https:\/\/ellotv.com.br\/site\/2026\/06\/29\/ouro-e-milhoes-apreendidos-na-guerra-do-iraque-ainda-intrigam-historiadores\/","title":{"rendered":"Ouro e milh\u00f5es apreendidos na Guerra do Iraque ainda intrigam historiadores"},"content":{"rendered":"<h3>Apreens\u00e3o de ouro e dinheiro na Guerra do Iraque ainda repercute ap\u00f3s duas d\u00e9cadas<\/h3>\n<p>Durante a invas\u00e3o do Iraque, em 2003, for\u00e7as militares dos Estados Unidos apreenderam grandes quantidades de ouro, dinheiro em esp\u00e9cie e outros bens ligados ao governo de Saddam Hussein.<\/p>\n<p><strong>Opera\u00e7\u00f5es durante o conflito<\/strong><\/p>\n<p>As apreens\u00f5es ocorreram em diferentes regi\u00f5es do pa\u00eds, em meio ao colapso do regime e ao in\u00edcio da ocupa\u00e7\u00e3o liderada pela coaliz\u00e3o internacional.<\/p>\n<p><strong>Valores milion\u00e1rios<\/strong><\/p>\n<p>Relatos da \u00e9poca indicam a descoberta de centenas de milh\u00f5es de d\u00f3lares em dinheiro, al\u00e9m de aproximadamente mil barras de ouro, embora os n\u00fameros variem conforme as fontes.<\/p>\n<p><strong>Destino dos recursos<\/strong><\/p>\n<p>Segundo autoridades, os bens foram confiscados para impedir seu uso pelo antigo regime e passaram a integrar a administra\u00e7\u00e3o estabelecida durante o processo de reconstru\u00e7\u00e3o do pa\u00eds.<\/p>\n<p><strong>Impacto hist\u00f3rico<\/strong><\/p>\n<p>Mais de duas d\u00e9cadas depois, o epis\u00f3dio segue sendo analisado por historiadores e pesquisadores como um dos momentos marcantes da Guerra do Iraque.<\/p>\n<p><strong>Reflexos globais<\/strong><\/p>\n<p>Al\u00e9m do impacto militar, as apreens\u00f5es simbolizam as transforma\u00e7\u00f5es pol\u00edticas e econ\u00f4micas provocadas pelo conflito, que influenciou o cen\u00e1rio internacional no s\u00e9culo XXI.<\/p>\n<p><img fetchpriority=\"high\" decoding=\"async\" class=\"aligncenter wp-image-6470 size-large\" src=\"https:\/\/ellotv.com.br\/site\/wp-content\/uploads\/2026\/06\/WhatsApp-Image-2026-06-27-at-12.53.05-1-778x1024.jpeg\" alt=\"\" width=\"640\" height=\"842\" srcset=\"https:\/\/ellotv.com.br\/site\/wp-content\/uploads\/2026\/06\/WhatsApp-Image-2026-06-27-at-12.53.05-1-778x1024.jpeg 778w, https:\/\/ellotv.com.br\/site\/wp-content\/uploads\/2026\/06\/WhatsApp-Image-2026-06-27-at-12.53.05-1-228x300.jpeg 228w, https:\/\/ellotv.com.br\/site\/wp-content\/uploads\/2026\/06\/WhatsApp-Image-2026-06-27-at-12.53.05-1-768x1011.jpeg 768w, https:\/\/ellotv.com.br\/site\/wp-content\/uploads\/2026\/06\/WhatsApp-Image-2026-06-27-at-12.53.05-1.jpeg 972w\" sizes=\"(max-width: 640px) 100vw, 640px\" \/> <img decoding=\"async\" class=\"aligncenter wp-image-6471 size-large\" src=\"https:\/\/ellotv.com.br\/site\/wp-content\/uploads\/2026\/06\/WhatsApp-Image-2026-06-27-at-12.53.08-2-754x1024.jpeg\" alt=\"\" width=\"640\" height=\"869\" srcset=\"https:\/\/ellotv.com.br\/site\/wp-content\/uploads\/2026\/06\/WhatsApp-Image-2026-06-27-at-12.53.08-2-754x1024.jpeg 754w, https:\/\/ellotv.com.br\/site\/wp-content\/uploads\/2026\/06\/WhatsApp-Image-2026-06-27-at-12.53.08-2-221x300.jpeg 221w, https:\/\/ellotv.com.br\/site\/wp-content\/uploads\/2026\/06\/WhatsApp-Image-2026-06-27-at-12.53.08-2-768x1044.jpeg 768w, https:\/\/ellotv.com.br\/site\/wp-content\/uploads\/2026\/06\/WhatsApp-Image-2026-06-27-at-12.53.08-2.jpeg 942w\" sizes=\"(max-width: 640px) 100vw, 640px\" \/> <img decoding=\"async\" class=\"aligncenter wp-image-6472 size-large\" src=\"https:\/\/ellotv.com.br\/site\/wp-content\/uploads\/2026\/06\/WhatsApp-Image-2026-06-27-at-12.53.09-1-766x1024.jpeg\" alt=\"\" width=\"640\" height=\"856\" srcset=\"https:\/\/ellotv.com.br\/site\/wp-content\/uploads\/2026\/06\/WhatsApp-Image-2026-06-27-at-12.53.09-1-766x1024.jpeg 766w, https:\/\/ellotv.com.br\/site\/wp-content\/uploads\/2026\/06\/WhatsApp-Image-2026-06-27-at-12.53.09-1-225x300.jpeg 225w, https:\/\/ellotv.com.br\/site\/wp-content\/uploads\/2026\/06\/WhatsApp-Image-2026-06-27-at-12.53.09-1-768x1026.jpeg 768w, https:\/\/ellotv.com.br\/site\/wp-content\/uploads\/2026\/06\/WhatsApp-Image-2026-06-27-at-12.53.09-1.jpeg 958w\" sizes=\"(max-width: 640px) 100vw, 640px\" \/><\/p>\n","protected":false},"excerpt":{"rendered":"<p>Apreens\u00e3o de ouro e dinheiro na Guerra do Iraque ainda repercute ap\u00f3s duas d\u00e9cadas Durante a invas\u00e3o do<\/p>\n","protected":false},"author":2,"featured_media":6467,"comment_status":"open","ping_status":"open","sticky":false,"template":"","format":"standard","meta":{"footnotes":""},"categories":[10,12],"tags":[],"class_list":["post-6465","post","type-post","status-publish","format-standard","has-post-thumbnail","hentry","category-mundo","category-noticias"],"yoast_head":"<!-- This site is optimized with the Yoast SEO plugin v28.3 - https:\/\/yoast.com\/product\/yoast-seo-wordpress\/ -->\n<title>Ouro e milh\u00f5es apreendidos na Guerra do Iraque ainda intrigam historiadores - Ello TV<\/title>\n<meta name=\"description\" content=\"Apreens\u00e3o de ouro e dinheiro na Guerra do Iraque, em 2003, segue como marco hist\u00f3rico e pol\u00edtico ap\u00f3s mais de 20 anos.\" \/>\n<meta name=\"robots\" content=\"index, follow, max-snippet:-1, max-image-preview:large, max-video-preview:-1\" \/>\n<link rel=\"canonical\" href=\"https:\/\/ellotv.com.br\/site\/2026\/06\/29\/ouro-e-milhoes-apreendidos-na-guerra-do-iraque-ainda-intrigam-historiadores\/\" \/>\n<meta property=\"og:locale\" content=\"pt_BR\" \/>\n<meta property=\"og:type\" content=\"article\" \/>\n<meta property=\"og:title\" content=\"Ouro e milh\u00f5es apreendidos na Guerra do Iraque ainda intrigam historiadores - Ello TV\" \/>\n<meta property=\"og:description\" content=\"Apreens\u00e3o de ouro e dinheiro na Guerra do Iraque, em 2003, segue como marco hist\u00f3rico e pol\u00edtico ap\u00f3s mais de 20 anos.\" \/>\n<meta property=\"og:url\" content=\"https:\/\/ellotv.com.br\/site\/2026\/06\/29\/ouro-e-milhoes-apreendidos-na-guerra-do-iraque-ainda-intrigam-historiadores\/\" \/>\n<meta property=\"og:site_name\" content=\"Ello TV\" \/>\n<meta property=\"article:published_time\" content=\"2026-06-29T11:44:40+00:00\" \/>\n<meta property=\"og:image\" content=\"https:\/\/ellotv.com.br\/site\/wp-content\/uploads\/2026\/06\/WhatsApp-Image-2026-06-27-at-12.53.08-1.jpeg\" \/>\n\t<meta property=\"og:image:width\" content=\"964\" \/>\n\t<meta property=\"og:image:height\" content=\"1280\" \/>\n\t<meta property=\"og:image:type\" content=\"image\/jpeg\" \/>\n<meta name=\"author\" content=\"ELLO TV\" \/>\n<meta name=\"twitter:card\" content=\"summary_large_image\" \/>\n<meta name=\"twitter:label1\" content=\"Escrito por\" \/>\n\t<meta name=\"twitter:data1\" content=\"ELLO TV\" \/>\n\t<meta name=\"twitter:label2\" content=\"Est. tempo de leitura\" \/>\n\t<meta name=\"twitter:data2\" content=\"1 minuto\" \/>\n<script type=\"application\/ld+json\" class=\"yoast-schema-graph\">{\"@context\":\"https:\\\/\\\/schema.org\",\"@graph\":[{\"@type\":\"Article\",\"@id\":\"https:\\\/\\\/ellotv.com.br\\\/site\\\/2026\\\/06\\\/29\\\/ouro-e-milhoes-apreendidos-na-guerra-do-iraque-ainda-intrigam-historiadores\\\/#article\",\"isPartOf\":{\"@id\":\"https:\\\/\\\/ellotv.com.br\\\/site\\\/2026\\\/06\\\/29\\\/ouro-e-milhoes-apreendidos-na-guerra-do-iraque-ainda-intrigam-historiadores\\\/\"},\"author\":{\"name\":\"ELLO TV\",\"@id\":\"https:\\\/\\\/ellotv.com.br\\\/site\\\/#\\\/schema\\\/person\\\/2dbe3abaee38dcc7332fc8205cd2b15d\"},\"headline\":\"Ouro e milh\u00f5es apreendidos na Guerra do Iraque ainda intrigam historiadores\",\"datePublished\":\"2026-06-29T11:44:40+00:00\",\"mainEntityOfPage\":{\"@id\":\"https:\\\/\\\/ellotv.com.br\\\/site\\\/2026\\\/06\\\/29\\\/ouro-e-milhoes-apreendidos-na-guerra-do-iraque-ainda-intrigam-historiadores\\\/\"},\"wordCount\":222,\"commentCount\":0,\"publisher\":{\"@id\":\"https:\\\/\\\/ellotv.com.br\\\/site\\\/#organization\"},\"image\":{\"@id\":\"https:\\\/\\\/ellotv.com.br\\\/site\\\/2026\\\/06\\\/29\\\/ouro-e-milhoes-apreendidos-na-guerra-do-iraque-ainda-intrigam-historiadores\\\/#primaryimage\"},\"thumbnailUrl\":\"https:\\\/\\\/ellotv.com.br\\\/site\\\/wp-content\\\/uploads\\\/2026\\\/06\\\/WhatsApp-Image-2026-06-27-at-12.53.08-1.jpeg\",\"articleSection\":[\"Mundo\",\"Noticias\"],\"inLanguage\":\"pt-BR\",\"potentialAction\":[{\"@type\":\"CommentAction\",\"name\":\"Comment\",\"target\":[\"https:\\\/\\\/ellotv.com.br\\\/site\\\/2026\\\/06\\\/29\\\/ouro-e-milhoes-apreendidos-na-guerra-do-iraque-ainda-intrigam-historiadores\\\/#respond\"]}]},{\"@type\":\"WebPage\",\"@id\":\"https:\\\/\\\/ellotv.com.br\\\/site\\\/2026\\\/06\\\/29\\\/ouro-e-milhoes-apreendidos-na-guerra-do-iraque-ainda-intrigam-historiadores\\\/\",\"url\":\"https:\\\/\\\/ellotv.com.br\\\/site\\\/2026\\\/06\\\/29\\\/ouro-e-milhoes-apreendidos-na-guerra-do-iraque-ainda-intrigam-historiadores\\\/\",\"name\":\"Ouro e milh\u00f5es apreendidos na Guerra do Iraque ainda intrigam historiadores - Ello TV\",\"isPartOf\":{\"@id\":\"https:\\\/\\\/ellotv.com.br\\\/site\\\/#website\"},\"primaryImageOfPage\":{\"@id\":\"https:\\\/\\\/ellotv.com.br\\\/site\\\/2026\\\/06\\\/29\\\/ouro-e-milhoes-apreendidos-na-guerra-do-iraque-ainda-intrigam-historiadores\\\/#primaryimage\"},\"image\":{\"@id\":\"https:\\\/\\\/ellotv.com.br\\\/site\\\/2026\\\/06\\\/29\\\/ouro-e-milhoes-apreendidos-na-guerra-do-iraque-ainda-intrigam-historiadores\\\/#primaryimage\"},\"thumbnailUrl\":\"https:\\\/\\\/ellotv.com.br\\\/site\\\/wp-content\\\/uploads\\\/2026\\\/06\\\/WhatsApp-Image-2026-06-27-at-12.53.08-1.jpeg\",\"datePublished\":\"2026-06-29T11:44:40+00:00\",\"description\":\"Apreens\u00e3o de ouro e dinheiro na Guerra do Iraque, em 2003, segue como marco hist\u00f3rico e pol\u00edtico ap\u00f3s mais de 20 anos.\",\"breadcrumb\":{\"@id\":\"https:\\\/\\\/ellotv.com.br\\\/site\\\/2026\\\/06\\\/29\\\/ouro-e-milhoes-apreendidos-na-guerra-do-iraque-ainda-intrigam-historiadores\\\/#breadcrumb\"},\"inLanguage\":\"pt-BR\",\"potentialAction\":[{\"@type\":\"ReadAction\",\"target\":[\"https:\\\/\\\/ellotv.com.br\\\/site\\\/2026\\\/06\\\/29\\\/ouro-e-milhoes-apreendidos-na-guerra-do-iraque-ainda-intrigam-historiadores\\\/\"]}]},{\"@type\":\"ImageObject\",\"inLanguage\":\"pt-BR\",\"@id\":\"https:\\\/\\\/ellotv.com.br\\\/site\\\/2026\\\/06\\\/29\\\/ouro-e-milhoes-apreendidos-na-guerra-do-iraque-ainda-intrigam-historiadores\\\/#primaryimage\",\"url\":\"https:\\\/\\\/ellotv.com.br\\\/site\\\/wp-content\\\/uploads\\\/2026\\\/06\\\/WhatsApp-Image-2026-06-27-at-12.53.08-1.jpeg\",\"contentUrl\":\"https:\\\/\\\/ellotv.com.br\\\/site\\\/wp-content\\\/uploads\\\/2026\\\/06\\\/WhatsApp-Image-2026-06-27-at-12.53.08-1.jpeg\",\"width\":964,\"height\":1280},{\"@type\":\"BreadcrumbList\",\"@id\":\"https:\\\/\\\/ellotv.com.br\\\/site\\\/2026\\\/06\\\/29\\\/ouro-e-milhoes-apreendidos-na-guerra-do-iraque-ainda-intrigam-historiadores\\\/#breadcrumb\",\"itemListElement\":[{\"@type\":\"ListItem\",\"position\":1,\"name\":\"In\u00edcio\",\"item\":\"https:\\\/\\\/ellotv.com.br\\\/site\\\/\"},{\"@type\":\"ListItem\",\"position\":2,\"name\":\"Ouro e milh\u00f5es apreendidos na Guerra do Iraque ainda intrigam historiadores\"}]},{\"@type\":\"WebSite\",\"@id\":\"https:\\\/\\\/ellotv.com.br\\\/site\\\/#website\",\"url\":\"https:\\\/\\\/ellotv.com.br\\\/site\\\/\",\"name\":\"ELLO TV\",\"description\":\"\",\"publisher\":{\"@id\":\"https:\\\/\\\/ellotv.com.br\\\/site\\\/#organization\"},\"potentialAction\":[{\"@type\":\"SearchAction\",\"target\":{\"@type\":\"EntryPoint\",\"urlTemplate\":\"https:\\\/\\\/ellotv.com.br\\\/site\\\/?s={search_term_string}\"},\"query-input\":{\"@type\":\"PropertyValueSpecification\",\"valueRequired\":true,\"valueName\":\"search_term_string\"}}],\"inLanguage\":\"pt-BR\"},{\"@type\":\"Organization\",\"@id\":\"https:\\\/\\\/ellotv.com.br\\\/site\\\/#organization\",\"name\":\"ELLO TV\",\"url\":\"https:\\\/\\\/ellotv.com.br\\\/site\\\/\",\"logo\":{\"@type\":\"ImageObject\",\"inLanguage\":\"pt-BR\",\"@id\":\"https:\\\/\\\/ellotv.com.br\\\/site\\\/#\\\/schema\\\/logo\\\/image\\\/\",\"url\":\"https:\\\/\\\/ellotv.com.br\\\/site\\\/wp-content\\\/uploads\\\/2025\\\/11\\\/ello-logo-2.fw_.png\",\"contentUrl\":\"https:\\\/\\\/ellotv.com.br\\\/site\\\/wp-content\\\/uploads\\\/2025\\\/11\\\/ello-logo-2.fw_.png\",\"width\":400,\"height\":146,\"caption\":\"ELLO TV\"},\"image\":{\"@id\":\"https:\\\/\\\/ellotv.com.br\\\/site\\\/#\\\/schema\\\/logo\\\/image\\\/\"}},{\"@type\":\"Person\",\"@id\":\"https:\\\/\\\/ellotv.com.br\\\/site\\\/#\\\/schema\\\/person\\\/2dbe3abaee38dcc7332fc8205cd2b15d\",\"name\":\"ELLO TV\",\"image\":{\"@type\":\"ImageObject\",\"inLanguage\":\"pt-BR\",\"@id\":\"https:\\\/\\\/secure.gravatar.com\\\/avatar\\\/c38242b9da8ec217ac3f0aaee31a54f7d7befb11b2b47fdbc8fb0fad60afa1c6?s=96&d=mm&r=g\",\"url\":\"https:\\\/\\\/secure.gravatar.com\\\/avatar\\\/c38242b9da8ec217ac3f0aaee31a54f7d7befb11b2b47fdbc8fb0fad60afa1c6?s=96&d=mm&r=g\",\"contentUrl\":\"https:\\\/\\\/secure.gravatar.com\\\/avatar\\\/c38242b9da8ec217ac3f0aaee31a54f7d7befb11b2b47fdbc8fb0fad60afa1c6?s=96&d=mm&r=g\",\"caption\":\"ELLO TV\"},\"url\":\"https:\\\/\\\/ellotv.com.br\\\/site\\\/author\\\/elloagencia\\\/\"}]}<\/script>\n<!-- \/ Yoast SEO plugin. -->","yoast_head_json":{"title":"Ouro e milh\u00f5es apreendidos na Guerra do Iraque ainda intrigam historiadores - Ello TV","description":"Apreens\u00e3o de ouro e dinheiro na Guerra do Iraque, em 2003, segue como marco hist\u00f3rico e pol\u00edtico ap\u00f3s mais de 20 anos.","robots":{"index":"index","follow":"follow","max-snippet":"max-snippet:-1","max-image-preview":"max-image-preview:large","max-video-preview":"max-video-preview:-1"},"canonical":"https:\/\/ellotv.com.br\/site\/2026\/06\/29\/ouro-e-milhoes-apreendidos-na-guerra-do-iraque-ainda-intrigam-historiadores\/","og_locale":"pt_BR","og_type":"article","og_title":"Ouro e milh\u00f5es apreendidos na Guerra do Iraque ainda intrigam historiadores - Ello TV","og_description":"Apreens\u00e3o de ouro e dinheiro na Guerra do Iraque, em 2003, segue como marco hist\u00f3rico e pol\u00edtico ap\u00f3s mais de 20 anos.","og_url":"https:\/\/ellotv.com.br\/site\/2026\/06\/29\/ouro-e-milhoes-apreendidos-na-guerra-do-iraque-ainda-intrigam-historiadores\/","og_site_name":"Ello TV","article_published_time":"2026-06-29T11:44:40+00:00","og_image":[{"width":964,"height":1280,"url":"https:\/\/ellotv.com.br\/site\/wp-content\/uploads\/2026\/06\/WhatsApp-Image-2026-06-27-at-12.53.08-1.jpeg","type":"image\/jpeg"}],"author":"ELLO TV","twitter_card":"summary_large_image","twitter_misc":{"Escrito por":"ELLO TV","Est. tempo de leitura":"1 minuto"},"schema":{"@context":"https:\/\/schema.org","@graph":[{"@type":"Article","@id":"https:\/\/ellotv.com.br\/site\/2026\/06\/29\/ouro-e-milhoes-apreendidos-na-guerra-do-iraque-ainda-intrigam-historiadores\/#article","isPartOf":{"@id":"https:\/\/ellotv.com.br\/site\/2026\/06\/29\/ouro-e-milhoes-apreendidos-na-guerra-do-iraque-ainda-intrigam-historiadores\/"},"author":{"name":"ELLO TV","@id":"https:\/\/ellotv.com.br\/site\/#\/schema\/person\/2dbe3abaee38dcc7332fc8205cd2b15d"},"headline":"Ouro e milh\u00f5es apreendidos na Guerra do Iraque ainda intrigam historiadores","datePublished":"2026-06-29T11:44:40+00:00","mainEntityOfPage":{"@id":"https:\/\/ellotv.com.br\/site\/2026\/06\/29\/ouro-e-milhoes-apreendidos-na-guerra-do-iraque-ainda-intrigam-historiadores\/"},"wordCount":222,"commentCount":0,"publisher":{"@id":"https:\/\/ellotv.com.br\/site\/#organization"},"image":{"@id":"https:\/\/ellotv.com.br\/site\/2026\/06\/29\/ouro-e-milhoes-apreendidos-na-guerra-do-iraque-ainda-intrigam-historiadores\/#primaryimage"},"thumbnailUrl":"https:\/\/ellotv.com.br\/site\/wp-content\/uploads\/2026\/06\/WhatsApp-Image-2026-06-27-at-12.53.08-1.jpeg","articleSection":["Mundo","Noticias"],"inLanguage":"pt-BR","potentialAction":[{"@type":"CommentAction","name":"Comment","target":["https:\/\/ellotv.com.br\/site\/2026\/06\/29\/ouro-e-milhoes-apreendidos-na-guerra-do-iraque-ainda-intrigam-historiadores\/#respond"]}]},{"@type":"WebPage","@id":"https:\/\/ellotv.com.br\/site\/2026\/06\/29\/ouro-e-milhoes-apreendidos-na-guerra-do-iraque-ainda-intrigam-historiadores\/","url":"https:\/\/ellotv.com.br\/site\/2026\/06\/29\/ouro-e-milhoes-apreendidos-na-guerra-do-iraque-ainda-intrigam-historiadores\/","name":"Ouro e milh\u00f5es apreendidos na Guerra do Iraque ainda intrigam historiadores - Ello TV","isPartOf":{"@id":"https:\/\/ellotv.com.br\/site\/#website"},"primaryImageOfPage":{"@id":"https:\/\/ellotv.com.br\/site\/2026\/06\/29\/ouro-e-milhoes-apreendidos-na-guerra-do-iraque-ainda-intrigam-historiadores\/#primaryimage"},"image":{"@id":"https:\/\/ellotv.com.br\/site\/2026\/06\/29\/ouro-e-milhoes-apreendidos-na-guerra-do-iraque-ainda-intrigam-historiadores\/#primaryimage"},"thumbnailUrl":"https:\/\/ellotv.com.br\/site\/wp-content\/uploads\/2026\/06\/WhatsApp-Image-2026-06-27-at-12.53.08-1.jpeg","datePublished":"2026-06-29T11:44:40+00:00","description":"Apreens\u00e3o de ouro e dinheiro na Guerra do Iraque, em 2003, segue como marco hist\u00f3rico e pol\u00edtico ap\u00f3s mais de 20 anos.","breadcrumb":{"@id":"https:\/\/ellotv.com.br\/site\/2026\/06\/29\/ouro-e-milhoes-apreendidos-na-guerra-do-iraque-ainda-intrigam-historiadores\/#breadcrumb"},"inLanguage":"pt-BR","potentialAction":[{"@type":"ReadAction","target":["https:\/\/ellotv.com.br\/site\/2026\/06\/29\/ouro-e-milhoes-apreendidos-na-guerra-do-iraque-ainda-intrigam-historiadores\/"]}]},{"@type":"ImageObject","inLanguage":"pt-BR","@id":"https:\/\/ellotv.com.br\/site\/2026\/06\/29\/ouro-e-milhoes-apreendidos-na-guerra-do-iraque-ainda-intrigam-historiadores\/#primaryimage","url":"https:\/\/ellotv.com.br\/site\/wp-content\/uploads\/2026\/06\/WhatsApp-Image-2026-06-27-at-12.53.08-1.jpeg","contentUrl":"https:\/\/ellotv.com.br\/site\/wp-content\/uploads\/2026\/06\/WhatsApp-Image-2026-06-27-at-12.53.08-1.jpeg","width":964,"height":1280},{"@type":"BreadcrumbList","@id":"https:\/\/ellotv.com.br\/site\/2026\/06\/29\/ouro-e-milhoes-apreendidos-na-guerra-do-iraque-ainda-intrigam-historiadores\/#breadcrumb","itemListElement":[{"@type":"ListItem","position":1,"name":"In\u00edcio","item":"https:\/\/ellotv.com.br\/site\/"},{"@type":"ListItem","position":2,"name":"Ouro e milh\u00f5es apreendidos na Guerra do Iraque ainda intrigam historiadores"}]},{"@type":"WebSite","@id":"https:\/\/ellotv.com.br\/site\/#website","url":"https:\/\/ellotv.com.br\/site\/","name":"ELLO TV","description":"","publisher":{"@id":"https:\/\/ellotv.com.br\/site\/#organization"},"potentialAction":[{"@type":"SearchAction","target":{"@type":"EntryPoint","urlTemplate":"https:\/\/ellotv.com.br\/site\/?s={search_term_string}"},"query-input":{"@type":"PropertyValueSpecification","valueRequired":true,"valueName":"search_term_string"}}],"inLanguage":"pt-BR"},{"@type":"Organization","@id":"https:\/\/ellotv.com.br\/site\/#organization","name":"ELLO TV","url":"https:\/\/ellotv.com.br\/site\/","logo":{"@type":"ImageObject","inLanguage":"pt-BR","@id":"https:\/\/ellotv.com.br\/site\/#\/schema\/logo\/image\/","url":"https:\/\/ellotv.com.br\/site\/wp-content\/uploads\/2025\/11\/ello-logo-2.fw_.png","contentUrl":"https:\/\/ellotv.com.br\/site\/wp-content\/uploads\/2025\/11\/ello-logo-2.fw_.png","width":400,"height":146,"caption":"ELLO TV"},"image":{"@id":"https:\/\/ellotv.com.br\/site\/#\/schema\/logo\/image\/"}},{"@type":"Person","@id":"https:\/\/ellotv.com.br\/site\/#\/schema\/person\/2dbe3abaee38dcc7332fc8205cd2b15d","name":"ELLO TV","image":{"@type":"ImageObject","inLanguage":"pt-BR","@id":"https:\/\/secure.gravatar.com\/avatar\/c38242b9da8ec217ac3f0aaee31a54f7d7befb11b2b47fdbc8fb0fad60afa1c6?s=96&d=mm&r=g","url":"https:\/\/secure.gravatar.com\/avatar\/c38242b9da8ec217ac3f0aaee31a54f7d7befb11b2b47fdbc8fb0fad60afa1c6?s=96&d=mm&r=g","contentUrl":"https:\/\/secure.gravatar.com\/avatar\/c38242b9da8ec217ac3f0aaee31a54f7d7befb11b2b47fdbc8fb0fad60afa1c6?s=96&d=mm&r=g","caption":"ELLO TV"},"url":"https:\/\/ellotv.com.br\/site\/author\/elloagencia\/"}]}},"featured_image_urls":{"full":["https:\/\/ellotv.com.br\/site\/wp-content\/uploads\/2026\/06\/WhatsApp-Image-2026-06-27-at-12.53.08-1.jpeg",964,1280,false],"thumbnail":["https:\/\/ellotv.com.br\/site\/wp-content\/uploads\/2026\/06\/WhatsApp-Image-2026-06-27-at-12.53.08-1-150x150.jpeg",150,150,true],"medium":["https:\/\/ellotv.com.br\/site\/wp-content\/uploads\/2026\/06\/WhatsApp-Image-2026-06-27-at-12.53.08-1-226x300.jpeg",226,300,true],"medium_large":["https:\/\/ellotv.com.br\/site\/wp-content\/uploads\/2026\/06\/WhatsApp-Image-2026-06-27-at-12.53.08-1-768x1020.jpeg",640,850,true],"large":["https:\/\/ellotv.com.br\/site\/wp-content\/uploads\/2026\/06\/WhatsApp-Image-2026-06-27-at-12.53.08-1-771x1024.jpeg",640,850,true],"1536x1536":["https:\/\/ellotv.com.br\/site\/wp-content\/uploads\/2026\/06\/WhatsApp-Image-2026-06-27-at-12.53.08-1.jpeg",964,1280,false],"2048x2048":["https:\/\/ellotv.com.br\/site\/wp-content\/uploads\/2026\/06\/WhatsApp-Image-2026-06-27-at-12.53.08-1.jpeg",964,1280,false],"darknews-slider-full":["https:\/\/ellotv.com.br\/site\/wp-content\/uploads\/2026\/06\/WhatsApp-Image-2026-06-27-at-12.53.08-1-964x720.jpeg",964,720,true],"darknews-featured":["https:\/\/ellotv.com.br\/site\/wp-content\/uploads\/2026\/06\/WhatsApp-Image-2026-06-27-at-12.53.08-1.jpeg",964,1280,false],"darknews-medium":["https:\/\/ellotv.com.br\/site\/wp-content\/uploads\/2026\/06\/WhatsApp-Image-2026-06-27-at-12.53.08-1-720x530.jpeg",720,530,true],"darknews-medium-square":["https:\/\/ellotv.com.br\/site\/wp-content\/uploads\/2026\/06\/WhatsApp-Image-2026-06-27-at-12.53.08-1-350x350.jpeg",350,350,true]},"author_info":{"info":["ELLO TV"]},"category_info":"<a href=\"https:\/\/ellotv.com.br\/site\/category\/mundo\/\" rel=\"category tag\">Mundo<\/a> <a href=\"https:\/\/ellotv.com.br\/site\/category\/noticias\/\" rel=\"category tag\">Noticias<\/a>","tag_info":"Noticias","comment_count":"0","_links":{"self":[{"href":"https:\/\/ellotv.com.br\/site\/wp-json\/wp\/v2\/posts\/6465","targetHints":{"allow":["GET"]}}],"collection":[{"href":"https:\/\/ellotv.com.br\/site\/wp-json\/wp\/v2\/posts"}],"about":[{"href":"https:\/\/ellotv.com.br\/site\/wp-json\/wp\/v2\/types\/post"}],"author":[{"embeddable":true,"href":"https:\/\/ellotv.com.br\/site\/wp-json\/wp\/v2\/users\/2"}],"replies":[{"embeddable":true,"href":"https:\/\/ellotv.com.br\/site\/wp-json\/wp\/v2\/comments?post=6465"}],"version-history":[{"count":1,"href":"https:\/\/ellotv.com.br\/site\/wp-json\/wp\/v2\/posts\/6465\/revisions"}],"predecessor-version":[{"id":6473,"href":"https:\/\/ellotv.com.br\/site\/wp-json\/wp\/v2\/posts\/6465\/revisions\/6473"}],"wp:featuredmedia":[{"embeddable":true,"href":"https:\/\/ellotv.com.br\/site\/wp-json\/wp\/v2\/media\/6467"}],"wp:attachment":[{"href":"https:\/\/ellotv.com.br\/site\/wp-json\/wp\/v2\/media?parent=6465"}],"wp:term":[{"taxonomy":"category","embeddable":true,"href":"https:\/\/ellotv.com.br\/site\/wp-json\/wp\/v2\/categories?post=6465"},{"taxonomy":"post_tag","embeddable":true,"href":"https:\/\/ellotv.com.br\/site\/wp-json\/wp\/v2\/tags?post=6465"}],"curies":[{"name":"wp","href":"https:\/\/api.w.org\/{rel}","templated":true}]}}