{"id":6484,"date":"2026-07-01T08:43:15","date_gmt":"2026-07-01T11:43:15","guid":{"rendered":"https:\/\/ellotv.com.br\/site\/?p=6484"},"modified":"2026-07-01T08:43:15","modified_gmt":"2026-07-01T11:43:15","slug":"ponto-de-fe-traz-reflexoes-sobre-proposito-e-vida-crista-no-episodio-24","status":"publish","type":"post","link":"https:\/\/ellotv.com.br\/site\/2026\/07\/01\/ponto-de-fe-traz-reflexoes-sobre-proposito-e-vida-crista-no-episodio-24\/","title":{"rendered":"Ponto de F\u00e9 traz reflex\u00f5es sobre prop\u00f3sito e vida crist\u00e3 no epis\u00f3dio 24"},"content":{"rendered":"<p>No epis\u00f3dio 24 do Ponto de F\u00e9, o apresentador <a href=\"https:\/\/www.instagram.com\/psicologodouglasalcantara?igsh=OHI5eXd1NGN4Y3Mx\">Douglas Alc\u00e2ntra<\/a> recebe <a href=\"https:\/\/www.instagram.com\/a4jefferson?igsh=bHEwN2pkb2c4NGY5\">Jefferson<\/a> para uma conversa profunda sobre f\u00e9, prop\u00f3sito e os desafios da caminhada crist\u00e3 no dia a dia.<\/p>\n<p><strong>Reflex\u00f5es edificantes<\/strong><\/p>\n<p>O bate-papo prop\u00f5e uma troca de experi\u00eancias e ensinamentos que fortalecem a esperan\u00e7a e incentivam uma vida pautada nos princ\u00edpios do Evangelho.<\/p>\n<p><strong>Crescimento espiritual<\/strong><\/p>\n<p>Durante o epis\u00f3dio, os participantes abordam quest\u00f5es pr\u00e1ticas da vida crist\u00e3, destacando a import\u00e2ncia da f\u00e9 nas decis\u00f5es e nos momentos de dificuldade.<\/p>\n<p><strong>Mensagem de inspira\u00e7\u00e3o<\/strong><\/p>\n<p>Com uma linguagem acess\u00edvel e acolhedora, o programa busca inspirar o p\u00fablico a cultivar valores espirituais e fortalecer sua jornada de f\u00e9.<\/p>\n<p><strong>Quando assistir<\/strong><\/p>\n<p>\ud83d\udd55 06 de julho, \u00e0s 18h<br \/>\n\ud83d\udcfa Assista na <a href=\"https:\/\/www.youtube.com\/@ELLOTVOF\">ELLO TV<\/a>!<\/p>\n","protected":false},"excerpt":{"rendered":"<p>No epis\u00f3dio 24 do Ponto de F\u00e9, o apresentador Douglas Alc\u00e2ntra recebe Jefferson para uma conversa profunda sobre<\/p>\n","protected":false},"author":2,"featured_media":6485,"comment_status":"open","ping_status":"open","sticky":false,"template":"","format":"standard","meta":{"footnotes":""},"categories":[1],"tags":[],"class_list":["post-6484","post","type-post","status-publish","format-standard","has-post-thumbnail","hentry","category-ello"],"yoast_head":"<!-- This site is optimized with the Yoast SEO plugin v28.3 - https:\/\/yoast.com\/product\/yoast-seo-wordpress\/ -->\n<title>Ponto de F\u00e9 traz reflex\u00f5es sobre prop\u00f3sito e vida crist\u00e3 no epis\u00f3dio 24 - Ello TV<\/title>\n<meta name=\"description\" content=\"Ponto de F\u00e9 apresenta epis\u00f3dio sobre f\u00e9, prop\u00f3sito e desafios da vida crist\u00e3 com reflex\u00f5es inspiradoras.\" \/>\n<meta name=\"robots\" content=\"index, follow, max-snippet:-1, max-image-preview:large, max-video-preview:-1\" \/>\n<link rel=\"canonical\" href=\"https:\/\/ellotv.com.br\/site\/2026\/07\/01\/ponto-de-fe-traz-reflexoes-sobre-proposito-e-vida-crista-no-episodio-24\/\" \/>\n<meta property=\"og:locale\" content=\"pt_BR\" \/>\n<meta property=\"og:type\" content=\"article\" \/>\n<meta property=\"og:title\" content=\"Ponto de F\u00e9 traz reflex\u00f5es sobre prop\u00f3sito e vida crist\u00e3 no epis\u00f3dio 24 - Ello TV\" \/>\n<meta property=\"og:description\" content=\"Ponto de F\u00e9 apresenta epis\u00f3dio sobre f\u00e9, prop\u00f3sito e desafios da vida crist\u00e3 com reflex\u00f5es inspiradoras.\" \/>\n<meta property=\"og:url\" content=\"https:\/\/ellotv.com.br\/site\/2026\/07\/01\/ponto-de-fe-traz-reflexoes-sobre-proposito-e-vida-crista-no-episodio-24\/\" \/>\n<meta property=\"og:site_name\" content=\"Ello TV\" \/>\n<meta property=\"article:published_time\" content=\"2026-07-01T11:43:15+00:00\" \/>\n<meta property=\"og:image\" content=\"https:\/\/ellotv.com.br\/site\/wp-content\/uploads\/2026\/07\/WhatsApp-Image-2026-06-30-at-18.52.39.jpeg\" \/>\n\t<meta property=\"og:image:width\" content=\"1080\" \/>\n\t<meta property=\"og:image:height\" content=\"1350\" \/>\n\t<meta property=\"og:image:type\" content=\"image\/jpeg\" \/>\n<meta name=\"author\" content=\"ELLO TV\" \/>\n<meta name=\"twitter:card\" content=\"summary_large_image\" \/>\n<meta name=\"twitter:label1\" content=\"Escrito por\" \/>\n\t<meta name=\"twitter:data1\" content=\"ELLO TV\" \/>\n\t<meta name=\"twitter:label2\" content=\"Est. tempo de leitura\" \/>\n\t<meta name=\"twitter:data2\" content=\"1 minuto\" \/>\n<script type=\"application\/ld+json\" class=\"yoast-schema-graph\">{\"@context\":\"https:\\\/\\\/schema.org\",\"@graph\":[{\"@type\":\"Article\",\"@id\":\"https:\\\/\\\/ellotv.com.br\\\/site\\\/2026\\\/07\\\/01\\\/ponto-de-fe-traz-reflexoes-sobre-proposito-e-vida-crista-no-episodio-24\\\/#article\",\"isPartOf\":{\"@id\":\"https:\\\/\\\/ellotv.com.br\\\/site\\\/2026\\\/07\\\/01\\\/ponto-de-fe-traz-reflexoes-sobre-proposito-e-vida-crista-no-episodio-24\\\/\"},\"author\":{\"name\":\"ELLO TV\",\"@id\":\"https:\\\/\\\/ellotv.com.br\\\/site\\\/#\\\/schema\\\/person\\\/2dbe3abaee38dcc7332fc8205cd2b15d\"},\"headline\":\"Ponto de F\u00e9 traz reflex\u00f5es sobre prop\u00f3sito e vida crist\u00e3 no epis\u00f3dio 24\",\"datePublished\":\"2026-07-01T11:43:15+00:00\",\"mainEntityOfPage\":{\"@id\":\"https:\\\/\\\/ellotv.com.br\\\/site\\\/2026\\\/07\\\/01\\\/ponto-de-fe-traz-reflexoes-sobre-proposito-e-vida-crista-no-episodio-24\\\/\"},\"wordCount\":144,\"commentCount\":0,\"publisher\":{\"@id\":\"https:\\\/\\\/ellotv.com.br\\\/site\\\/#organization\"},\"image\":{\"@id\":\"https:\\\/\\\/ellotv.com.br\\\/site\\\/2026\\\/07\\\/01\\\/ponto-de-fe-traz-reflexoes-sobre-proposito-e-vida-crista-no-episodio-24\\\/#primaryimage\"},\"thumbnailUrl\":\"https:\\\/\\\/ellotv.com.br\\\/site\\\/wp-content\\\/uploads\\\/2026\\\/07\\\/WhatsApp-Image-2026-06-30-at-18.52.39.jpeg\",\"articleSection\":[\"Ello\"],\"inLanguage\":\"pt-BR\",\"potentialAction\":[{\"@type\":\"CommentAction\",\"name\":\"Comment\",\"target\":[\"https:\\\/\\\/ellotv.com.br\\\/site\\\/2026\\\/07\\\/01\\\/ponto-de-fe-traz-reflexoes-sobre-proposito-e-vida-crista-no-episodio-24\\\/#respond\"]}]},{\"@type\":\"WebPage\",\"@id\":\"https:\\\/\\\/ellotv.com.br\\\/site\\\/2026\\\/07\\\/01\\\/ponto-de-fe-traz-reflexoes-sobre-proposito-e-vida-crista-no-episodio-24\\\/\",\"url\":\"https:\\\/\\\/ellotv.com.br\\\/site\\\/2026\\\/07\\\/01\\\/ponto-de-fe-traz-reflexoes-sobre-proposito-e-vida-crista-no-episodio-24\\\/\",\"name\":\"Ponto de F\u00e9 traz reflex\u00f5es sobre prop\u00f3sito e vida crist\u00e3 no epis\u00f3dio 24 - Ello TV\",\"isPartOf\":{\"@id\":\"https:\\\/\\\/ellotv.com.br\\\/site\\\/#website\"},\"primaryImageOfPage\":{\"@id\":\"https:\\\/\\\/ellotv.com.br\\\/site\\\/2026\\\/07\\\/01\\\/ponto-de-fe-traz-reflexoes-sobre-proposito-e-vida-crista-no-episodio-24\\\/#primaryimage\"},\"image\":{\"@id\":\"https:\\\/\\\/ellotv.com.br\\\/site\\\/2026\\\/07\\\/01\\\/ponto-de-fe-traz-reflexoes-sobre-proposito-e-vida-crista-no-episodio-24\\\/#primaryimage\"},\"thumbnailUrl\":\"https:\\\/\\\/ellotv.com.br\\\/site\\\/wp-content\\\/uploads\\\/2026\\\/07\\\/WhatsApp-Image-2026-06-30-at-18.52.39.jpeg\",\"datePublished\":\"2026-07-01T11:43:15+00:00\",\"description\":\"Ponto de F\u00e9 apresenta epis\u00f3dio sobre f\u00e9, prop\u00f3sito e desafios da vida crist\u00e3 com reflex\u00f5es inspiradoras.\",\"breadcrumb\":{\"@id\":\"https:\\\/\\\/ellotv.com.br\\\/site\\\/2026\\\/07\\\/01\\\/ponto-de-fe-traz-reflexoes-sobre-proposito-e-vida-crista-no-episodio-24\\\/#breadcrumb\"},\"inLanguage\":\"pt-BR\",\"potentialAction\":[{\"@type\":\"ReadAction\",\"target\":[\"https:\\\/\\\/ellotv.com.br\\\/site\\\/2026\\\/07\\\/01\\\/ponto-de-fe-traz-reflexoes-sobre-proposito-e-vida-crista-no-episodio-24\\\/\"]}]},{\"@type\":\"ImageObject\",\"inLanguage\":\"pt-BR\",\"@id\":\"https:\\\/\\\/ellotv.com.br\\\/site\\\/2026\\\/07\\\/01\\\/ponto-de-fe-traz-reflexoes-sobre-proposito-e-vida-crista-no-episodio-24\\\/#primaryimage\",\"url\":\"https:\\\/\\\/ellotv.com.br\\\/site\\\/wp-content\\\/uploads\\\/2026\\\/07\\\/WhatsApp-Image-2026-06-30-at-18.52.39.jpeg\",\"contentUrl\":\"https:\\\/\\\/ellotv.com.br\\\/site\\\/wp-content\\\/uploads\\\/2026\\\/07\\\/WhatsApp-Image-2026-06-30-at-18.52.39.jpeg\",\"width\":1080,\"height\":1350},{\"@type\":\"BreadcrumbList\",\"@id\":\"https:\\\/\\\/ellotv.com.br\\\/site\\\/2026\\\/07\\\/01\\\/ponto-de-fe-traz-reflexoes-sobre-proposito-e-vida-crista-no-episodio-24\\\/#breadcrumb\",\"itemListElement\":[{\"@type\":\"ListItem\",\"position\":1,\"name\":\"In\u00edcio\",\"item\":\"https:\\\/\\\/ellotv.com.br\\\/site\\\/\"},{\"@type\":\"ListItem\",\"position\":2,\"name\":\"Ponto de F\u00e9 traz reflex\u00f5es sobre prop\u00f3sito e vida crist\u00e3 no epis\u00f3dio 24\"}]},{\"@type\":\"WebSite\",\"@id\":\"https:\\\/\\\/ellotv.com.br\\\/site\\\/#website\",\"url\":\"https:\\\/\\\/ellotv.com.br\\\/site\\\/\",\"name\":\"ELLO TV\",\"description\":\"\",\"publisher\":{\"@id\":\"https:\\\/\\\/ellotv.com.br\\\/site\\\/#organization\"},\"potentialAction\":[{\"@type\":\"SearchAction\",\"target\":{\"@type\":\"EntryPoint\",\"urlTemplate\":\"https:\\\/\\\/ellotv.com.br\\\/site\\\/?s={search_term_string}\"},\"query-input\":{\"@type\":\"PropertyValueSpecification\",\"valueRequired\":true,\"valueName\":\"search_term_string\"}}],\"inLanguage\":\"pt-BR\"},{\"@type\":\"Organization\",\"@id\":\"https:\\\/\\\/ellotv.com.br\\\/site\\\/#organization\",\"name\":\"ELLO TV\",\"url\":\"https:\\\/\\\/ellotv.com.br\\\/site\\\/\",\"logo\":{\"@type\":\"ImageObject\",\"inLanguage\":\"pt-BR\",\"@id\":\"https:\\\/\\\/ellotv.com.br\\\/site\\\/#\\\/schema\\\/logo\\\/image\\\/\",\"url\":\"https:\\\/\\\/ellotv.com.br\\\/site\\\/wp-content\\\/uploads\\\/2025\\\/11\\\/ello-logo-2.fw_.png\",\"contentUrl\":\"https:\\\/\\\/ellotv.com.br\\\/site\\\/wp-content\\\/uploads\\\/2025\\\/11\\\/ello-logo-2.fw_.png\",\"width\":400,\"height\":146,\"caption\":\"ELLO TV\"},\"image\":{\"@id\":\"https:\\\/\\\/ellotv.com.br\\\/site\\\/#\\\/schema\\\/logo\\\/image\\\/\"}},{\"@type\":\"Person\",\"@id\":\"https:\\\/\\\/ellotv.com.br\\\/site\\\/#\\\/schema\\\/person\\\/2dbe3abaee38dcc7332fc8205cd2b15d\",\"name\":\"ELLO TV\",\"image\":{\"@type\":\"ImageObject\",\"inLanguage\":\"pt-BR\",\"@id\":\"https:\\\/\\\/secure.gravatar.com\\\/avatar\\\/c38242b9da8ec217ac3f0aaee31a54f7d7befb11b2b47fdbc8fb0fad60afa1c6?s=96&d=mm&r=g\",\"url\":\"https:\\\/\\\/secure.gravatar.com\\\/avatar\\\/c38242b9da8ec217ac3f0aaee31a54f7d7befb11b2b47fdbc8fb0fad60afa1c6?s=96&d=mm&r=g\",\"contentUrl\":\"https:\\\/\\\/secure.gravatar.com\\\/avatar\\\/c38242b9da8ec217ac3f0aaee31a54f7d7befb11b2b47fdbc8fb0fad60afa1c6?s=96&d=mm&r=g\",\"caption\":\"ELLO TV\"},\"url\":\"https:\\\/\\\/ellotv.com.br\\\/site\\\/author\\\/elloagencia\\\/\"}]}<\/script>\n<!-- \/ Yoast SEO plugin. -->","yoast_head_json":{"title":"Ponto de F\u00e9 traz reflex\u00f5es sobre prop\u00f3sito e vida crist\u00e3 no epis\u00f3dio 24 - Ello TV","description":"Ponto de F\u00e9 apresenta epis\u00f3dio sobre f\u00e9, prop\u00f3sito e desafios da vida crist\u00e3 com reflex\u00f5es inspiradoras.","robots":{"index":"index","follow":"follow","max-snippet":"max-snippet:-1","max-image-preview":"max-image-preview:large","max-video-preview":"max-video-preview:-1"},"canonical":"https:\/\/ellotv.com.br\/site\/2026\/07\/01\/ponto-de-fe-traz-reflexoes-sobre-proposito-e-vida-crista-no-episodio-24\/","og_locale":"pt_BR","og_type":"article","og_title":"Ponto de F\u00e9 traz reflex\u00f5es sobre prop\u00f3sito e vida crist\u00e3 no epis\u00f3dio 24 - Ello TV","og_description":"Ponto de F\u00e9 apresenta epis\u00f3dio sobre f\u00e9, prop\u00f3sito e desafios da vida crist\u00e3 com reflex\u00f5es inspiradoras.","og_url":"https:\/\/ellotv.com.br\/site\/2026\/07\/01\/ponto-de-fe-traz-reflexoes-sobre-proposito-e-vida-crista-no-episodio-24\/","og_site_name":"Ello TV","article_published_time":"2026-07-01T11:43:15+00:00","og_image":[{"width":1080,"height":1350,"url":"https:\/\/ellotv.com.br\/site\/wp-content\/uploads\/2026\/07\/WhatsApp-Image-2026-06-30-at-18.52.39.jpeg","type":"image\/jpeg"}],"author":"ELLO TV","twitter_card":"summary_large_image","twitter_misc":{"Escrito por":"ELLO TV","Est. tempo de leitura":"1 minuto"},"schema":{"@context":"https:\/\/schema.org","@graph":[{"@type":"Article","@id":"https:\/\/ellotv.com.br\/site\/2026\/07\/01\/ponto-de-fe-traz-reflexoes-sobre-proposito-e-vida-crista-no-episodio-24\/#article","isPartOf":{"@id":"https:\/\/ellotv.com.br\/site\/2026\/07\/01\/ponto-de-fe-traz-reflexoes-sobre-proposito-e-vida-crista-no-episodio-24\/"},"author":{"name":"ELLO TV","@id":"https:\/\/ellotv.com.br\/site\/#\/schema\/person\/2dbe3abaee38dcc7332fc8205cd2b15d"},"headline":"Ponto de F\u00e9 traz reflex\u00f5es sobre prop\u00f3sito e vida crist\u00e3 no epis\u00f3dio 24","datePublished":"2026-07-01T11:43:15+00:00","mainEntityOfPage":{"@id":"https:\/\/ellotv.com.br\/site\/2026\/07\/01\/ponto-de-fe-traz-reflexoes-sobre-proposito-e-vida-crista-no-episodio-24\/"},"wordCount":144,"commentCount":0,"publisher":{"@id":"https:\/\/ellotv.com.br\/site\/#organization"},"image":{"@id":"https:\/\/ellotv.com.br\/site\/2026\/07\/01\/ponto-de-fe-traz-reflexoes-sobre-proposito-e-vida-crista-no-episodio-24\/#primaryimage"},"thumbnailUrl":"https:\/\/ellotv.com.br\/site\/wp-content\/uploads\/2026\/07\/WhatsApp-Image-2026-06-30-at-18.52.39.jpeg","articleSection":["Ello"],"inLanguage":"pt-BR","potentialAction":[{"@type":"CommentAction","name":"Comment","target":["https:\/\/ellotv.com.br\/site\/2026\/07\/01\/ponto-de-fe-traz-reflexoes-sobre-proposito-e-vida-crista-no-episodio-24\/#respond"]}]},{"@type":"WebPage","@id":"https:\/\/ellotv.com.br\/site\/2026\/07\/01\/ponto-de-fe-traz-reflexoes-sobre-proposito-e-vida-crista-no-episodio-24\/","url":"https:\/\/ellotv.com.br\/site\/2026\/07\/01\/ponto-de-fe-traz-reflexoes-sobre-proposito-e-vida-crista-no-episodio-24\/","name":"Ponto de F\u00e9 traz reflex\u00f5es sobre prop\u00f3sito e vida crist\u00e3 no epis\u00f3dio 24 - Ello TV","isPartOf":{"@id":"https:\/\/ellotv.com.br\/site\/#website"},"primaryImageOfPage":{"@id":"https:\/\/ellotv.com.br\/site\/2026\/07\/01\/ponto-de-fe-traz-reflexoes-sobre-proposito-e-vida-crista-no-episodio-24\/#primaryimage"},"image":{"@id":"https:\/\/ellotv.com.br\/site\/2026\/07\/01\/ponto-de-fe-traz-reflexoes-sobre-proposito-e-vida-crista-no-episodio-24\/#primaryimage"},"thumbnailUrl":"https:\/\/ellotv.com.br\/site\/wp-content\/uploads\/2026\/07\/WhatsApp-Image-2026-06-30-at-18.52.39.jpeg","datePublished":"2026-07-01T11:43:15+00:00","description":"Ponto de F\u00e9 apresenta epis\u00f3dio sobre f\u00e9, prop\u00f3sito e desafios da vida crist\u00e3 com reflex\u00f5es inspiradoras.","breadcrumb":{"@id":"https:\/\/ellotv.com.br\/site\/2026\/07\/01\/ponto-de-fe-traz-reflexoes-sobre-proposito-e-vida-crista-no-episodio-24\/#breadcrumb"},"inLanguage":"pt-BR","potentialAction":[{"@type":"ReadAction","target":["https:\/\/ellotv.com.br\/site\/2026\/07\/01\/ponto-de-fe-traz-reflexoes-sobre-proposito-e-vida-crista-no-episodio-24\/"]}]},{"@type":"ImageObject","inLanguage":"pt-BR","@id":"https:\/\/ellotv.com.br\/site\/2026\/07\/01\/ponto-de-fe-traz-reflexoes-sobre-proposito-e-vida-crista-no-episodio-24\/#primaryimage","url":"https:\/\/ellotv.com.br\/site\/wp-content\/uploads\/2026\/07\/WhatsApp-Image-2026-06-30-at-18.52.39.jpeg","contentUrl":"https:\/\/ellotv.com.br\/site\/wp-content\/uploads\/2026\/07\/WhatsApp-Image-2026-06-30-at-18.52.39.jpeg","width":1080,"height":1350},{"@type":"BreadcrumbList","@id":"https:\/\/ellotv.com.br\/site\/2026\/07\/01\/ponto-de-fe-traz-reflexoes-sobre-proposito-e-vida-crista-no-episodio-24\/#breadcrumb","itemListElement":[{"@type":"ListItem","position":1,"name":"In\u00edcio","item":"https:\/\/ellotv.com.br\/site\/"},{"@type":"ListItem","position":2,"name":"Ponto de F\u00e9 traz reflex\u00f5es sobre prop\u00f3sito e vida crist\u00e3 no epis\u00f3dio 24"}]},{"@type":"WebSite","@id":"https:\/\/ellotv.com.br\/site\/#website","url":"https:\/\/ellotv.com.br\/site\/","name":"ELLO TV","description":"","publisher":{"@id":"https:\/\/ellotv.com.br\/site\/#organization"},"potentialAction":[{"@type":"SearchAction","target":{"@type":"EntryPoint","urlTemplate":"https:\/\/ellotv.com.br\/site\/?s={search_term_string}"},"query-input":{"@type":"PropertyValueSpecification","valueRequired":true,"valueName":"search_term_string"}}],"inLanguage":"pt-BR"},{"@type":"Organization","@id":"https:\/\/ellotv.com.br\/site\/#organization","name":"ELLO TV","url":"https:\/\/ellotv.com.br\/site\/","logo":{"@type":"ImageObject","inLanguage":"pt-BR","@id":"https:\/\/ellotv.com.br\/site\/#\/schema\/logo\/image\/","url":"https:\/\/ellotv.com.br\/site\/wp-content\/uploads\/2025\/11\/ello-logo-2.fw_.png","contentUrl":"https:\/\/ellotv.com.br\/site\/wp-content\/uploads\/2025\/11\/ello-logo-2.fw_.png","width":400,"height":146,"caption":"ELLO TV"},"image":{"@id":"https:\/\/ellotv.com.br\/site\/#\/schema\/logo\/image\/"}},{"@type":"Person","@id":"https:\/\/ellotv.com.br\/site\/#\/schema\/person\/2dbe3abaee38dcc7332fc8205cd2b15d","name":"ELLO TV","image":{"@type":"ImageObject","inLanguage":"pt-BR","@id":"https:\/\/secure.gravatar.com\/avatar\/c38242b9da8ec217ac3f0aaee31a54f7d7befb11b2b47fdbc8fb0fad60afa1c6?s=96&d=mm&r=g","url":"https:\/\/secure.gravatar.com\/avatar\/c38242b9da8ec217ac3f0aaee31a54f7d7befb11b2b47fdbc8fb0fad60afa1c6?s=96&d=mm&r=g","contentUrl":"https:\/\/secure.gravatar.com\/avatar\/c38242b9da8ec217ac3f0aaee31a54f7d7befb11b2b47fdbc8fb0fad60afa1c6?s=96&d=mm&r=g","caption":"ELLO TV"},"url":"https:\/\/ellotv.com.br\/site\/author\/elloagencia\/"}]}},"featured_image_urls":{"full":["https:\/\/ellotv.com.br\/site\/wp-content\/uploads\/2026\/07\/WhatsApp-Image-2026-06-30-at-18.52.39.jpeg",1080,1350,false],"thumbnail":["https:\/\/ellotv.com.br\/site\/wp-content\/uploads\/2026\/07\/WhatsApp-Image-2026-06-30-at-18.52.39-150x150.jpeg",150,150,true],"medium":["https:\/\/ellotv.com.br\/site\/wp-content\/uploads\/2026\/07\/WhatsApp-Image-2026-06-30-at-18.52.39-240x300.jpeg",240,300,true],"medium_large":["https:\/\/ellotv.com.br\/site\/wp-content\/uploads\/2026\/07\/WhatsApp-Image-2026-06-30-at-18.52.39-768x960.jpeg",640,800,true],"large":["https:\/\/ellotv.com.br\/site\/wp-content\/uploads\/2026\/07\/WhatsApp-Image-2026-06-30-at-18.52.39-819x1024.jpeg",640,800,true],"1536x1536":["https:\/\/ellotv.com.br\/site\/wp-content\/uploads\/2026\/07\/WhatsApp-Image-2026-06-30-at-18.52.39.jpeg",1080,1350,false],"2048x2048":["https:\/\/ellotv.com.br\/site\/wp-content\/uploads\/2026\/07\/WhatsApp-Image-2026-06-30-at-18.52.39.jpeg",1080,1350,false],"darknews-slider-full":["https:\/\/ellotv.com.br\/site\/wp-content\/uploads\/2026\/07\/WhatsApp-Image-2026-06-30-at-18.52.39-1080x720.jpeg",1080,720,true],"darknews-featured":["https:\/\/ellotv.com.br\/site\/wp-content\/uploads\/2026\/07\/WhatsApp-Image-2026-06-30-at-18.52.39-1024x1280.jpeg",1024,1280,true],"darknews-medium":["https:\/\/ellotv.com.br\/site\/wp-content\/uploads\/2026\/07\/WhatsApp-Image-2026-06-30-at-18.52.39-720x530.jpeg",720,530,true],"darknews-medium-square":["https:\/\/ellotv.com.br\/site\/wp-content\/uploads\/2026\/07\/WhatsApp-Image-2026-06-30-at-18.52.39-350x350.jpeg",350,350,true]},"author_info":{"info":["ELLO TV"]},"category_info":"<a href=\"https:\/\/ellotv.com.br\/site\/category\/ello\/\" rel=\"category tag\">Ello<\/a>","tag_info":"Ello","comment_count":"0","_links":{"self":[{"href":"https:\/\/ellotv.com.br\/site\/wp-json\/wp\/v2\/posts\/6484","targetHints":{"allow":["GET"]}}],"collection":[{"href":"https:\/\/ellotv.com.br\/site\/wp-json\/wp\/v2\/posts"}],"about":[{"href":"https:\/\/ellotv.com.br\/site\/wp-json\/wp\/v2\/types\/post"}],"author":[{"embeddable":true,"href":"https:\/\/ellotv.com.br\/site\/wp-json\/wp\/v2\/users\/2"}],"replies":[{"embeddable":true,"href":"https:\/\/ellotv.com.br\/site\/wp-json\/wp\/v2\/comments?post=6484"}],"version-history":[{"count":1,"href":"https:\/\/ellotv.com.br\/site\/wp-json\/wp\/v2\/posts\/6484\/revisions"}],"predecessor-version":[{"id":6486,"href":"https:\/\/ellotv.com.br\/site\/wp-json\/wp\/v2\/posts\/6484\/revisions\/6486"}],"wp:featuredmedia":[{"embeddable":true,"href":"https:\/\/ellotv.com.br\/site\/wp-json\/wp\/v2\/media\/6485"}],"wp:attachment":[{"href":"https:\/\/ellotv.com.br\/site\/wp-json\/wp\/v2\/media?parent=6484"}],"wp:term":[{"taxonomy":"category","embeddable":true,"href":"https:\/\/ellotv.com.br\/site\/wp-json\/wp\/v2\/categories?post=6484"},{"taxonomy":"post_tag","embeddable":true,"href":"https:\/\/ellotv.com.br\/site\/wp-json\/wp\/v2\/tags?post=6484"}],"curies":[{"name":"wp","href":"https:\/\/api.w.org\/{rel}","templated":true}]}}