{"id":6487,"date":"2026-07-01T11:25:13","date_gmt":"2026-07-01T14:25:13","guid":{"rendered":"https:\/\/ellotv.com.br\/site\/?p=6487"},"modified":"2026-07-01T11:25:13","modified_gmt":"2026-07-01T14:25:13","slug":"prefeitura-de-tuparetama-inicia-oficialmente-as-festividades-de-sao-pedro-nesta-quarta-feira","status":"publish","type":"post","link":"https:\/\/ellotv.com.br\/site\/2026\/07\/01\/prefeitura-de-tuparetama-inicia-oficialmente-as-festividades-de-sao-pedro-nesta-quarta-feira\/","title":{"rendered":"Prefeitura de Tuparetama inicia oficialmente as festividades de S\u00e3o Pedro nesta quarta-feira"},"content":{"rendered":"<p>Tem in\u00edcio nesta quarta-feira, 1\u00ba de julho, uma das festas mais tradicionais e aguardadas do Sert\u00e3o do Paje\u00fa: o S\u00e3o Pedro de Tuparetama. O evento segue at\u00e9 o s\u00e1bado (04), reunindo cultura, m\u00fasica e valoriza\u00e7\u00e3o das tradi\u00e7\u00f5es nordestinas.<\/p>\n<p><strong>Festa que movimenta a regi\u00e3o<\/strong><\/p>\n<p>Al\u00e9m de celebrar a cultura popular, o evento promete aquecer a economia local, atraindo visitantes e fortalecendo o com\u00e9rcio e o turismo no munic\u00edpio.<\/p>\n<p><strong>Grandes atra\u00e7\u00f5es musicais<\/strong><\/p>\n<p>A programa\u00e7\u00e3o conta com nomes de destaque como Seu Desejo, Mastruz com Leite, Alcymar Monteiro e Walkyria Santos, garantindo anima\u00e7\u00e3o para o p\u00fablico durante todos os dias de festa.<\/p>\n<p><strong>Cenografia e cultura<\/strong><\/p>\n<p>A cidade ganha um charme especial com a cenografia assinada por Edgley Freitas, que transforma o centro em um verdadeiro cen\u00e1rio junino. As apresenta\u00e7\u00f5es acontecem entre o Beco das Artes e o P\u00e1tio de Eventos.<\/p>\n<p><strong>Realiza\u00e7\u00e3o<\/strong><\/p>\n<p>O S\u00e3o Pedro de Tuparetama \u00e9 promovido pela Prefeitura Municipal, por meio da Secretaria de Cultura, Turismo e Esportes, com incentivo da EMPETUR e do Governo de Pernambuco.<\/p>\n<p><strong>Programa\u00e7\u00e3o completa<\/strong><\/p>\n<p><strong>\ud83d\udccd 1\u00ba de julho<\/strong><\/p>\n<ul>\n<li>Quadrilha Arrocha o N\u00f3<\/li>\n<li>Quadrilha Ilumina Eremcot<\/li>\n<li>Quadrilha das Escolas Municipais<\/li>\n<li>Cia de Dan\u00e7a Filhos do Sol de Iguaracy \u2013 <em>Espet\u00e1culo: Um Sonho de S\u00e3o Jo\u00e3o<\/em><\/li>\n<li>Grupo de Proje\u00e7\u00f5es Culturais de Teixeira \u2013 Sucur\u00eds da Serra<\/li>\n<\/ul>\n<p><strong>\ud83d\udccd 2 de julho<\/strong><\/p>\n<p><em>Beco das Artes:<\/em><\/p>\n<ul>\n<li>Adelmo Aguiar e Denilson Nunes<\/li>\n<li>Galego do Paje\u00fa<\/li>\n<\/ul>\n<p><em>P\u00e1tio de Eventos:<\/em><\/p>\n<ul>\n<li>Lena<\/li>\n<li>Jo\u00e3o M\u00e1rcio<\/li>\n<li>Ramon Farias<\/li>\n<li>ZD<\/li>\n<li>Seu Desejo<\/li>\n<\/ul>\n<p><strong>\ud83d\udccd 3 de julho<\/strong><\/p>\n<p><em>Beco das Artes:<\/em><\/p>\n<ul>\n<li>Jo\u00e3o M\u00e1rcio<\/li>\n<li>Lena<\/li>\n<li>Ramon Farias<\/li>\n<\/ul>\n<p><em>P\u00e1tio de Eventos:<\/em><\/p>\n<ul>\n<li>Adelmo Aguiar e Denilson Nunes<\/li>\n<li>Kaynan e Kaw\u00ea<\/li>\n<li>Renatinho do Acordeon<\/li>\n<li>Mastruz com Leite<\/li>\n<\/ul>\n<p><strong>\ud83d\udccd 4 de julho<\/strong><\/p>\n<p><em>Beco das Artes:<\/em><\/p>\n<ul>\n<li>Renatinho do Acordeon<\/li>\n<li>ZD<\/li>\n<li>Rafael Cantor<\/li>\n<\/ul>\n<p><em>P\u00e1tio de Eventos:<\/em><\/p>\n<ul>\n<li>Galego do Paje\u00fa<\/li>\n<li>Walkyria Santos<\/li>\n<li>Alcymar Monteiro<\/li>\n<\/ul>\n<p><strong>Tradi\u00e7\u00e3o que se renova<\/strong><\/p>\n<p>O S\u00e3o Pedro de Tuparetama reafirma sua import\u00e2ncia como uma das maiores express\u00f5es culturais da regi\u00e3o, mantendo viva a tradi\u00e7\u00e3o e reunindo gera\u00e7\u00f5es em torno da m\u00fasica, da dan\u00e7a e da cultura nordestina.<\/p>\n","protected":false},"excerpt":{"rendered":"<p>Tem in\u00edcio nesta quarta-feira, 1\u00ba de julho, uma das festas mais tradicionais e aguardadas do Sert\u00e3o do Paje\u00fa:<\/p>\n","protected":false},"author":2,"featured_media":6488,"comment_status":"open","ping_status":"open","sticky":false,"template":"","format":"standard","meta":{"footnotes":""},"categories":[12,9],"tags":[],"class_list":["post-6487","post","type-post","status-publish","format-standard","has-post-thumbnail","hentry","category-noticias","category-regional"],"yoast_head":"<!-- This site is optimized with the Yoast SEO plugin v28.3 - https:\/\/yoast.com\/product\/yoast-seo-wordpress\/ -->\n<title>Prefeitura de Tuparetama inicia oficialmente as festividades de S\u00e3o Pedro nesta quarta-feira - Ello TV<\/title>\n<meta name=\"description\" content=\"S\u00e3o Pedro de Tuparetama 2026 come\u00e7a com grandes atra\u00e7\u00f5es e programa\u00e7\u00e3o cultural no Sert\u00e3o do Paje\u00fa.\" \/>\n<meta name=\"robots\" content=\"index, follow, max-snippet:-1, max-image-preview:large, max-video-preview:-1\" \/>\n<link rel=\"canonical\" href=\"https:\/\/ellotv.com.br\/site\/2026\/07\/01\/prefeitura-de-tuparetama-inicia-oficialmente-as-festividades-de-sao-pedro-nesta-quarta-feira\/\" \/>\n<meta property=\"og:locale\" content=\"pt_BR\" \/>\n<meta property=\"og:type\" content=\"article\" \/>\n<meta property=\"og:title\" content=\"Prefeitura de Tuparetama inicia oficialmente as festividades de S\u00e3o Pedro nesta quarta-feira - Ello TV\" \/>\n<meta property=\"og:description\" content=\"S\u00e3o Pedro de Tuparetama 2026 come\u00e7a com grandes atra\u00e7\u00f5es e programa\u00e7\u00e3o cultural no Sert\u00e3o do Paje\u00fa.\" \/>\n<meta property=\"og:url\" content=\"https:\/\/ellotv.com.br\/site\/2026\/07\/01\/prefeitura-de-tuparetama-inicia-oficialmente-as-festividades-de-sao-pedro-nesta-quarta-feira\/\" \/>\n<meta property=\"og:site_name\" content=\"Ello TV\" \/>\n<meta property=\"article:published_time\" content=\"2026-07-01T14:25:13+00:00\" \/>\n<meta property=\"og:image\" content=\"https:\/\/ellotv.com.br\/site\/wp-content\/uploads\/2026\/07\/WhatsApp-Image-2026-07-01-at-10.55.17.jpeg\" \/>\n\t<meta property=\"og:image:width\" content=\"960\" \/>\n\t<meta property=\"og:image:height\" content=\"1280\" \/>\n\t<meta property=\"og:image:type\" content=\"image\/jpeg\" \/>\n<meta name=\"author\" content=\"ELLO TV\" \/>\n<meta name=\"twitter:card\" content=\"summary_large_image\" \/>\n<meta name=\"twitter:label1\" content=\"Escrito por\" \/>\n\t<meta name=\"twitter:data1\" content=\"ELLO TV\" \/>\n\t<meta name=\"twitter:label2\" content=\"Est. tempo de leitura\" \/>\n\t<meta name=\"twitter:data2\" content=\"2 minutos\" \/>\n<script type=\"application\/ld+json\" class=\"yoast-schema-graph\">{\"@context\":\"https:\\\/\\\/schema.org\",\"@graph\":[{\"@type\":\"Article\",\"@id\":\"https:\\\/\\\/ellotv.com.br\\\/site\\\/2026\\\/07\\\/01\\\/prefeitura-de-tuparetama-inicia-oficialmente-as-festividades-de-sao-pedro-nesta-quarta-feira\\\/#article\",\"isPartOf\":{\"@id\":\"https:\\\/\\\/ellotv.com.br\\\/site\\\/2026\\\/07\\\/01\\\/prefeitura-de-tuparetama-inicia-oficialmente-as-festividades-de-sao-pedro-nesta-quarta-feira\\\/\"},\"author\":{\"name\":\"ELLO TV\",\"@id\":\"https:\\\/\\\/ellotv.com.br\\\/site\\\/#\\\/schema\\\/person\\\/2dbe3abaee38dcc7332fc8205cd2b15d\"},\"headline\":\"Prefeitura de Tuparetama inicia oficialmente as festividades de S\u00e3o Pedro nesta quarta-feira\",\"datePublished\":\"2026-07-01T14:25:13+00:00\",\"mainEntityOfPage\":{\"@id\":\"https:\\\/\\\/ellotv.com.br\\\/site\\\/2026\\\/07\\\/01\\\/prefeitura-de-tuparetama-inicia-oficialmente-as-festividades-de-sao-pedro-nesta-quarta-feira\\\/\"},\"wordCount\":366,\"commentCount\":0,\"publisher\":{\"@id\":\"https:\\\/\\\/ellotv.com.br\\\/site\\\/#organization\"},\"image\":{\"@id\":\"https:\\\/\\\/ellotv.com.br\\\/site\\\/2026\\\/07\\\/01\\\/prefeitura-de-tuparetama-inicia-oficialmente-as-festividades-de-sao-pedro-nesta-quarta-feira\\\/#primaryimage\"},\"thumbnailUrl\":\"https:\\\/\\\/ellotv.com.br\\\/site\\\/wp-content\\\/uploads\\\/2026\\\/07\\\/WhatsApp-Image-2026-07-01-at-10.55.17.jpeg\",\"articleSection\":[\"Noticias\",\"Regional\"],\"inLanguage\":\"pt-BR\",\"potentialAction\":[{\"@type\":\"CommentAction\",\"name\":\"Comment\",\"target\":[\"https:\\\/\\\/ellotv.com.br\\\/site\\\/2026\\\/07\\\/01\\\/prefeitura-de-tuparetama-inicia-oficialmente-as-festividades-de-sao-pedro-nesta-quarta-feira\\\/#respond\"]}]},{\"@type\":\"WebPage\",\"@id\":\"https:\\\/\\\/ellotv.com.br\\\/site\\\/2026\\\/07\\\/01\\\/prefeitura-de-tuparetama-inicia-oficialmente-as-festividades-de-sao-pedro-nesta-quarta-feira\\\/\",\"url\":\"https:\\\/\\\/ellotv.com.br\\\/site\\\/2026\\\/07\\\/01\\\/prefeitura-de-tuparetama-inicia-oficialmente-as-festividades-de-sao-pedro-nesta-quarta-feira\\\/\",\"name\":\"Prefeitura de Tuparetama inicia oficialmente as festividades de S\u00e3o Pedro nesta quarta-feira - Ello TV\",\"isPartOf\":{\"@id\":\"https:\\\/\\\/ellotv.com.br\\\/site\\\/#website\"},\"primaryImageOfPage\":{\"@id\":\"https:\\\/\\\/ellotv.com.br\\\/site\\\/2026\\\/07\\\/01\\\/prefeitura-de-tuparetama-inicia-oficialmente-as-festividades-de-sao-pedro-nesta-quarta-feira\\\/#primaryimage\"},\"image\":{\"@id\":\"https:\\\/\\\/ellotv.com.br\\\/site\\\/2026\\\/07\\\/01\\\/prefeitura-de-tuparetama-inicia-oficialmente-as-festividades-de-sao-pedro-nesta-quarta-feira\\\/#primaryimage\"},\"thumbnailUrl\":\"https:\\\/\\\/ellotv.com.br\\\/site\\\/wp-content\\\/uploads\\\/2026\\\/07\\\/WhatsApp-Image-2026-07-01-at-10.55.17.jpeg\",\"datePublished\":\"2026-07-01T14:25:13+00:00\",\"description\":\"S\u00e3o Pedro de Tuparetama 2026 come\u00e7a com grandes atra\u00e7\u00f5es e programa\u00e7\u00e3o cultural no Sert\u00e3o do Paje\u00fa.\",\"breadcrumb\":{\"@id\":\"https:\\\/\\\/ellotv.com.br\\\/site\\\/2026\\\/07\\\/01\\\/prefeitura-de-tuparetama-inicia-oficialmente-as-festividades-de-sao-pedro-nesta-quarta-feira\\\/#breadcrumb\"},\"inLanguage\":\"pt-BR\",\"potentialAction\":[{\"@type\":\"ReadAction\",\"target\":[\"https:\\\/\\\/ellotv.com.br\\\/site\\\/2026\\\/07\\\/01\\\/prefeitura-de-tuparetama-inicia-oficialmente-as-festividades-de-sao-pedro-nesta-quarta-feira\\\/\"]}]},{\"@type\":\"ImageObject\",\"inLanguage\":\"pt-BR\",\"@id\":\"https:\\\/\\\/ellotv.com.br\\\/site\\\/2026\\\/07\\\/01\\\/prefeitura-de-tuparetama-inicia-oficialmente-as-festividades-de-sao-pedro-nesta-quarta-feira\\\/#primaryimage\",\"url\":\"https:\\\/\\\/ellotv.com.br\\\/site\\\/wp-content\\\/uploads\\\/2026\\\/07\\\/WhatsApp-Image-2026-07-01-at-10.55.17.jpeg\",\"contentUrl\":\"https:\\\/\\\/ellotv.com.br\\\/site\\\/wp-content\\\/uploads\\\/2026\\\/07\\\/WhatsApp-Image-2026-07-01-at-10.55.17.jpeg\",\"width\":960,\"height\":1280},{\"@type\":\"BreadcrumbList\",\"@id\":\"https:\\\/\\\/ellotv.com.br\\\/site\\\/2026\\\/07\\\/01\\\/prefeitura-de-tuparetama-inicia-oficialmente-as-festividades-de-sao-pedro-nesta-quarta-feira\\\/#breadcrumb\",\"itemListElement\":[{\"@type\":\"ListItem\",\"position\":1,\"name\":\"In\u00edcio\",\"item\":\"https:\\\/\\\/ellotv.com.br\\\/site\\\/\"},{\"@type\":\"ListItem\",\"position\":2,\"name\":\"Prefeitura de Tuparetama inicia oficialmente as festividades de S\u00e3o Pedro nesta quarta-feira\"}]},{\"@type\":\"WebSite\",\"@id\":\"https:\\\/\\\/ellotv.com.br\\\/site\\\/#website\",\"url\":\"https:\\\/\\\/ellotv.com.br\\\/site\\\/\",\"name\":\"ELLO TV\",\"description\":\"\",\"publisher\":{\"@id\":\"https:\\\/\\\/ellotv.com.br\\\/site\\\/#organization\"},\"potentialAction\":[{\"@type\":\"SearchAction\",\"target\":{\"@type\":\"EntryPoint\",\"urlTemplate\":\"https:\\\/\\\/ellotv.com.br\\\/site\\\/?s={search_term_string}\"},\"query-input\":{\"@type\":\"PropertyValueSpecification\",\"valueRequired\":true,\"valueName\":\"search_term_string\"}}],\"inLanguage\":\"pt-BR\"},{\"@type\":\"Organization\",\"@id\":\"https:\\\/\\\/ellotv.com.br\\\/site\\\/#organization\",\"name\":\"ELLO TV\",\"url\":\"https:\\\/\\\/ellotv.com.br\\\/site\\\/\",\"logo\":{\"@type\":\"ImageObject\",\"inLanguage\":\"pt-BR\",\"@id\":\"https:\\\/\\\/ellotv.com.br\\\/site\\\/#\\\/schema\\\/logo\\\/image\\\/\",\"url\":\"https:\\\/\\\/ellotv.com.br\\\/site\\\/wp-content\\\/uploads\\\/2025\\\/11\\\/ello-logo-2.fw_.png\",\"contentUrl\":\"https:\\\/\\\/ellotv.com.br\\\/site\\\/wp-content\\\/uploads\\\/2025\\\/11\\\/ello-logo-2.fw_.png\",\"width\":400,\"height\":146,\"caption\":\"ELLO TV\"},\"image\":{\"@id\":\"https:\\\/\\\/ellotv.com.br\\\/site\\\/#\\\/schema\\\/logo\\\/image\\\/\"}},{\"@type\":\"Person\",\"@id\":\"https:\\\/\\\/ellotv.com.br\\\/site\\\/#\\\/schema\\\/person\\\/2dbe3abaee38dcc7332fc8205cd2b15d\",\"name\":\"ELLO TV\",\"image\":{\"@type\":\"ImageObject\",\"inLanguage\":\"pt-BR\",\"@id\":\"https:\\\/\\\/secure.gravatar.com\\\/avatar\\\/c38242b9da8ec217ac3f0aaee31a54f7d7befb11b2b47fdbc8fb0fad60afa1c6?s=96&d=mm&r=g\",\"url\":\"https:\\\/\\\/secure.gravatar.com\\\/avatar\\\/c38242b9da8ec217ac3f0aaee31a54f7d7befb11b2b47fdbc8fb0fad60afa1c6?s=96&d=mm&r=g\",\"contentUrl\":\"https:\\\/\\\/secure.gravatar.com\\\/avatar\\\/c38242b9da8ec217ac3f0aaee31a54f7d7befb11b2b47fdbc8fb0fad60afa1c6?s=96&d=mm&r=g\",\"caption\":\"ELLO TV\"},\"url\":\"https:\\\/\\\/ellotv.com.br\\\/site\\\/author\\\/elloagencia\\\/\"}]}<\/script>\n<!-- \/ Yoast SEO plugin. -->","yoast_head_json":{"title":"Prefeitura de Tuparetama inicia oficialmente as festividades de S\u00e3o Pedro nesta quarta-feira - Ello TV","description":"S\u00e3o Pedro de Tuparetama 2026 come\u00e7a com grandes atra\u00e7\u00f5es e programa\u00e7\u00e3o cultural no Sert\u00e3o do Paje\u00fa.","robots":{"index":"index","follow":"follow","max-snippet":"max-snippet:-1","max-image-preview":"max-image-preview:large","max-video-preview":"max-video-preview:-1"},"canonical":"https:\/\/ellotv.com.br\/site\/2026\/07\/01\/prefeitura-de-tuparetama-inicia-oficialmente-as-festividades-de-sao-pedro-nesta-quarta-feira\/","og_locale":"pt_BR","og_type":"article","og_title":"Prefeitura de Tuparetama inicia oficialmente as festividades de S\u00e3o Pedro nesta quarta-feira - Ello TV","og_description":"S\u00e3o Pedro de Tuparetama 2026 come\u00e7a com grandes atra\u00e7\u00f5es e programa\u00e7\u00e3o cultural no Sert\u00e3o do Paje\u00fa.","og_url":"https:\/\/ellotv.com.br\/site\/2026\/07\/01\/prefeitura-de-tuparetama-inicia-oficialmente-as-festividades-de-sao-pedro-nesta-quarta-feira\/","og_site_name":"Ello TV","article_published_time":"2026-07-01T14:25:13+00:00","og_image":[{"width":960,"height":1280,"url":"https:\/\/ellotv.com.br\/site\/wp-content\/uploads\/2026\/07\/WhatsApp-Image-2026-07-01-at-10.55.17.jpeg","type":"image\/jpeg"}],"author":"ELLO TV","twitter_card":"summary_large_image","twitter_misc":{"Escrito por":"ELLO TV","Est. tempo de leitura":"2 minutos"},"schema":{"@context":"https:\/\/schema.org","@graph":[{"@type":"Article","@id":"https:\/\/ellotv.com.br\/site\/2026\/07\/01\/prefeitura-de-tuparetama-inicia-oficialmente-as-festividades-de-sao-pedro-nesta-quarta-feira\/#article","isPartOf":{"@id":"https:\/\/ellotv.com.br\/site\/2026\/07\/01\/prefeitura-de-tuparetama-inicia-oficialmente-as-festividades-de-sao-pedro-nesta-quarta-feira\/"},"author":{"name":"ELLO TV","@id":"https:\/\/ellotv.com.br\/site\/#\/schema\/person\/2dbe3abaee38dcc7332fc8205cd2b15d"},"headline":"Prefeitura de Tuparetama inicia oficialmente as festividades de S\u00e3o Pedro nesta quarta-feira","datePublished":"2026-07-01T14:25:13+00:00","mainEntityOfPage":{"@id":"https:\/\/ellotv.com.br\/site\/2026\/07\/01\/prefeitura-de-tuparetama-inicia-oficialmente-as-festividades-de-sao-pedro-nesta-quarta-feira\/"},"wordCount":366,"commentCount":0,"publisher":{"@id":"https:\/\/ellotv.com.br\/site\/#organization"},"image":{"@id":"https:\/\/ellotv.com.br\/site\/2026\/07\/01\/prefeitura-de-tuparetama-inicia-oficialmente-as-festividades-de-sao-pedro-nesta-quarta-feira\/#primaryimage"},"thumbnailUrl":"https:\/\/ellotv.com.br\/site\/wp-content\/uploads\/2026\/07\/WhatsApp-Image-2026-07-01-at-10.55.17.jpeg","articleSection":["Noticias","Regional"],"inLanguage":"pt-BR","potentialAction":[{"@type":"CommentAction","name":"Comment","target":["https:\/\/ellotv.com.br\/site\/2026\/07\/01\/prefeitura-de-tuparetama-inicia-oficialmente-as-festividades-de-sao-pedro-nesta-quarta-feira\/#respond"]}]},{"@type":"WebPage","@id":"https:\/\/ellotv.com.br\/site\/2026\/07\/01\/prefeitura-de-tuparetama-inicia-oficialmente-as-festividades-de-sao-pedro-nesta-quarta-feira\/","url":"https:\/\/ellotv.com.br\/site\/2026\/07\/01\/prefeitura-de-tuparetama-inicia-oficialmente-as-festividades-de-sao-pedro-nesta-quarta-feira\/","name":"Prefeitura de Tuparetama inicia oficialmente as festividades de S\u00e3o Pedro nesta quarta-feira - Ello TV","isPartOf":{"@id":"https:\/\/ellotv.com.br\/site\/#website"},"primaryImageOfPage":{"@id":"https:\/\/ellotv.com.br\/site\/2026\/07\/01\/prefeitura-de-tuparetama-inicia-oficialmente-as-festividades-de-sao-pedro-nesta-quarta-feira\/#primaryimage"},"image":{"@id":"https:\/\/ellotv.com.br\/site\/2026\/07\/01\/prefeitura-de-tuparetama-inicia-oficialmente-as-festividades-de-sao-pedro-nesta-quarta-feira\/#primaryimage"},"thumbnailUrl":"https:\/\/ellotv.com.br\/site\/wp-content\/uploads\/2026\/07\/WhatsApp-Image-2026-07-01-at-10.55.17.jpeg","datePublished":"2026-07-01T14:25:13+00:00","description":"S\u00e3o Pedro de Tuparetama 2026 come\u00e7a com grandes atra\u00e7\u00f5es e programa\u00e7\u00e3o cultural no Sert\u00e3o do Paje\u00fa.","breadcrumb":{"@id":"https:\/\/ellotv.com.br\/site\/2026\/07\/01\/prefeitura-de-tuparetama-inicia-oficialmente-as-festividades-de-sao-pedro-nesta-quarta-feira\/#breadcrumb"},"inLanguage":"pt-BR","potentialAction":[{"@type":"ReadAction","target":["https:\/\/ellotv.com.br\/site\/2026\/07\/01\/prefeitura-de-tuparetama-inicia-oficialmente-as-festividades-de-sao-pedro-nesta-quarta-feira\/"]}]},{"@type":"ImageObject","inLanguage":"pt-BR","@id":"https:\/\/ellotv.com.br\/site\/2026\/07\/01\/prefeitura-de-tuparetama-inicia-oficialmente-as-festividades-de-sao-pedro-nesta-quarta-feira\/#primaryimage","url":"https:\/\/ellotv.com.br\/site\/wp-content\/uploads\/2026\/07\/WhatsApp-Image-2026-07-01-at-10.55.17.jpeg","contentUrl":"https:\/\/ellotv.com.br\/site\/wp-content\/uploads\/2026\/07\/WhatsApp-Image-2026-07-01-at-10.55.17.jpeg","width":960,"height":1280},{"@type":"BreadcrumbList","@id":"https:\/\/ellotv.com.br\/site\/2026\/07\/01\/prefeitura-de-tuparetama-inicia-oficialmente-as-festividades-de-sao-pedro-nesta-quarta-feira\/#breadcrumb","itemListElement":[{"@type":"ListItem","position":1,"name":"In\u00edcio","item":"https:\/\/ellotv.com.br\/site\/"},{"@type":"ListItem","position":2,"name":"Prefeitura de Tuparetama inicia oficialmente as festividades de S\u00e3o Pedro nesta quarta-feira"}]},{"@type":"WebSite","@id":"https:\/\/ellotv.com.br\/site\/#website","url":"https:\/\/ellotv.com.br\/site\/","name":"ELLO TV","description":"","publisher":{"@id":"https:\/\/ellotv.com.br\/site\/#organization"},"potentialAction":[{"@type":"SearchAction","target":{"@type":"EntryPoint","urlTemplate":"https:\/\/ellotv.com.br\/site\/?s={search_term_string}"},"query-input":{"@type":"PropertyValueSpecification","valueRequired":true,"valueName":"search_term_string"}}],"inLanguage":"pt-BR"},{"@type":"Organization","@id":"https:\/\/ellotv.com.br\/site\/#organization","name":"ELLO TV","url":"https:\/\/ellotv.com.br\/site\/","logo":{"@type":"ImageObject","inLanguage":"pt-BR","@id":"https:\/\/ellotv.com.br\/site\/#\/schema\/logo\/image\/","url":"https:\/\/ellotv.com.br\/site\/wp-content\/uploads\/2025\/11\/ello-logo-2.fw_.png","contentUrl":"https:\/\/ellotv.com.br\/site\/wp-content\/uploads\/2025\/11\/ello-logo-2.fw_.png","width":400,"height":146,"caption":"ELLO TV"},"image":{"@id":"https:\/\/ellotv.com.br\/site\/#\/schema\/logo\/image\/"}},{"@type":"Person","@id":"https:\/\/ellotv.com.br\/site\/#\/schema\/person\/2dbe3abaee38dcc7332fc8205cd2b15d","name":"ELLO TV","image":{"@type":"ImageObject","inLanguage":"pt-BR","@id":"https:\/\/secure.gravatar.com\/avatar\/c38242b9da8ec217ac3f0aaee31a54f7d7befb11b2b47fdbc8fb0fad60afa1c6?s=96&d=mm&r=g","url":"https:\/\/secure.gravatar.com\/avatar\/c38242b9da8ec217ac3f0aaee31a54f7d7befb11b2b47fdbc8fb0fad60afa1c6?s=96&d=mm&r=g","contentUrl":"https:\/\/secure.gravatar.com\/avatar\/c38242b9da8ec217ac3f0aaee31a54f7d7befb11b2b47fdbc8fb0fad60afa1c6?s=96&d=mm&r=g","caption":"ELLO TV"},"url":"https:\/\/ellotv.com.br\/site\/author\/elloagencia\/"}]}},"featured_image_urls":{"full":["https:\/\/ellotv.com.br\/site\/wp-content\/uploads\/2026\/07\/WhatsApp-Image-2026-07-01-at-10.55.17.jpeg",960,1280,false],"thumbnail":["https:\/\/ellotv.com.br\/site\/wp-content\/uploads\/2026\/07\/WhatsApp-Image-2026-07-01-at-10.55.17-150x150.jpeg",150,150,true],"medium":["https:\/\/ellotv.com.br\/site\/wp-content\/uploads\/2026\/07\/WhatsApp-Image-2026-07-01-at-10.55.17-225x300.jpeg",225,300,true],"medium_large":["https:\/\/ellotv.com.br\/site\/wp-content\/uploads\/2026\/07\/WhatsApp-Image-2026-07-01-at-10.55.17-768x1024.jpeg",640,853,true],"large":["https:\/\/ellotv.com.br\/site\/wp-content\/uploads\/2026\/07\/WhatsApp-Image-2026-07-01-at-10.55.17-768x1024.jpeg",640,853,true],"1536x1536":["https:\/\/ellotv.com.br\/site\/wp-content\/uploads\/2026\/07\/WhatsApp-Image-2026-07-01-at-10.55.17.jpeg",960,1280,false],"2048x2048":["https:\/\/ellotv.com.br\/site\/wp-content\/uploads\/2026\/07\/WhatsApp-Image-2026-07-01-at-10.55.17.jpeg",960,1280,false],"darknews-slider-full":["https:\/\/ellotv.com.br\/site\/wp-content\/uploads\/2026\/07\/WhatsApp-Image-2026-07-01-at-10.55.17-960x720.jpeg",960,720,true],"darknews-featured":["https:\/\/ellotv.com.br\/site\/wp-content\/uploads\/2026\/07\/WhatsApp-Image-2026-07-01-at-10.55.17.jpeg",960,1280,false],"darknews-medium":["https:\/\/ellotv.com.br\/site\/wp-content\/uploads\/2026\/07\/WhatsApp-Image-2026-07-01-at-10.55.17-720x530.jpeg",720,530,true],"darknews-medium-square":["https:\/\/ellotv.com.br\/site\/wp-content\/uploads\/2026\/07\/WhatsApp-Image-2026-07-01-at-10.55.17-350x350.jpeg",350,350,true]},"author_info":{"info":["ELLO TV"]},"category_info":"<a href=\"https:\/\/ellotv.com.br\/site\/category\/noticias\/\" rel=\"category tag\">Noticias<\/a> <a href=\"https:\/\/ellotv.com.br\/site\/category\/regional\/\" rel=\"category tag\">Regional<\/a>","tag_info":"Regional","comment_count":"0","_links":{"self":[{"href":"https:\/\/ellotv.com.br\/site\/wp-json\/wp\/v2\/posts\/6487","targetHints":{"allow":["GET"]}}],"collection":[{"href":"https:\/\/ellotv.com.br\/site\/wp-json\/wp\/v2\/posts"}],"about":[{"href":"https:\/\/ellotv.com.br\/site\/wp-json\/wp\/v2\/types\/post"}],"author":[{"embeddable":true,"href":"https:\/\/ellotv.com.br\/site\/wp-json\/wp\/v2\/users\/2"}],"replies":[{"embeddable":true,"href":"https:\/\/ellotv.com.br\/site\/wp-json\/wp\/v2\/comments?post=6487"}],"version-history":[{"count":1,"href":"https:\/\/ellotv.com.br\/site\/wp-json\/wp\/v2\/posts\/6487\/revisions"}],"predecessor-version":[{"id":6489,"href":"https:\/\/ellotv.com.br\/site\/wp-json\/wp\/v2\/posts\/6487\/revisions\/6489"}],"wp:featuredmedia":[{"embeddable":true,"href":"https:\/\/ellotv.com.br\/site\/wp-json\/wp\/v2\/media\/6488"}],"wp:attachment":[{"href":"https:\/\/ellotv.com.br\/site\/wp-json\/wp\/v2\/media?parent=6487"}],"wp:term":[{"taxonomy":"category","embeddable":true,"href":"https:\/\/ellotv.com.br\/site\/wp-json\/wp\/v2\/categories?post=6487"},{"taxonomy":"post_tag","embeddable":true,"href":"https:\/\/ellotv.com.br\/site\/wp-json\/wp\/v2\/tags?post=6487"}],"curies":[{"name":"wp","href":"https:\/\/api.w.org\/{rel}","templated":true}]}}