{"id":6536,"date":"2026-07-09T11:26:40","date_gmt":"2026-07-09T14:26:40","guid":{"rendered":"https:\/\/ellotv.com.br\/site\/?p=6536"},"modified":"2026-07-09T11:26:40","modified_gmt":"2026-07-09T14:26:40","slug":"sebrae-fortalece-pequenos-negocios-da-economia-criativa-na-26a-fenearte","status":"publish","type":"post","link":"https:\/\/ellotv.com.br\/site\/2026\/07\/09\/sebrae-fortalece-pequenos-negocios-da-economia-criativa-na-26a-fenearte\/","title":{"rendered":"Sebrae fortalece pequenos neg\u00f3cios da economia criativa na 26\u00aa Fenearte"},"content":{"rendered":"<p>O Sebrae Pernambuco est\u00e1 promovendo o Espa\u00e7o Sebrae de Economia Criativa durante a 26\u00aa Fenearte, realizada de 8 a 19 de julho, no Centro de Conven\u00e7\u00f5es de Pernambuco, em Olinda.<\/p>\n<p><strong>Valoriza\u00e7\u00e3o da cultura<\/strong><\/p>\n<p>O estande re\u00fane 68 pequenos empreendedores dos segmentos de artesanato, moda autoral e gastronomia regional, destacando a riqueza cultural pernambucana.<\/p>\n<p><strong>Gera\u00e7\u00e3o de neg\u00f3cios<\/strong><\/p>\n<p>A iniciativa incentiva a cria\u00e7\u00e3o de oportunidades, promovendo conex\u00f5es entre artes\u00e3os, produtores e compradores de diversas regi\u00f5es do pa\u00eds.<\/p>\n<p><strong>Fortalecimento do mercado<\/strong><\/p>\n<p>Al\u00e9m de ampliar a visibilidade dos participantes, o espa\u00e7o contribui para aumentar a competitividade dos pequenos neg\u00f3cios e o acesso a novos mercados.<\/p>\n<p><strong>Resultados expressivos<\/strong><\/p>\n<p>Na edi\u00e7\u00e3o anterior, os expositores do Espa\u00e7o Sebrae movimentaram mais de R$ 1,6 milh\u00e3o em vendas, evidenciando o potencial econ\u00f4mico da feira.<\/p>\n<p><strong>Vitrine internacional<\/strong><\/p>\n<p>A Fenearte \u00e9 reconhecida como uma das maiores feiras de artesanato da Am\u00e9rica Latina, consolidando-se como importante plataforma de promo\u00e7\u00e3o cultural e comercial.<\/p>\n<p><img fetchpriority=\"high\" decoding=\"async\" class=\"aligncenter wp-image-6538 size-full\" src=\"https:\/\/ellotv.com.br\/site\/wp-content\/uploads\/2026\/07\/WhatsApp-Image-2026-07-08-at-18.36.06-1-1.jpeg\" alt=\"\" width=\"1600\" height=\"900\" srcset=\"https:\/\/ellotv.com.br\/site\/wp-content\/uploads\/2026\/07\/WhatsApp-Image-2026-07-08-at-18.36.06-1-1.jpeg 1600w, https:\/\/ellotv.com.br\/site\/wp-content\/uploads\/2026\/07\/WhatsApp-Image-2026-07-08-at-18.36.06-1-1-300x169.jpeg 300w, https:\/\/ellotv.com.br\/site\/wp-content\/uploads\/2026\/07\/WhatsApp-Image-2026-07-08-at-18.36.06-1-1-1024x576.jpeg 1024w, https:\/\/ellotv.com.br\/site\/wp-content\/uploads\/2026\/07\/WhatsApp-Image-2026-07-08-at-18.36.06-1-1-768x432.jpeg 768w, https:\/\/ellotv.com.br\/site\/wp-content\/uploads\/2026\/07\/WhatsApp-Image-2026-07-08-at-18.36.06-1-1-1536x864.jpeg 1536w, https:\/\/ellotv.com.br\/site\/wp-content\/uploads\/2026\/07\/WhatsApp-Image-2026-07-08-at-18.36.06-1-1-1280x720.jpeg 1280w\" sizes=\"(max-width: 1600px) 100vw, 1600px\" \/> <img decoding=\"async\" class=\"aligncenter wp-image-6539 size-full\" src=\"https:\/\/ellotv.com.br\/site\/wp-content\/uploads\/2026\/07\/WhatsApp-Image-2026-07-08-at-18.36.06-2.jpeg\" alt=\"\" width=\"1600\" height=\"900\" srcset=\"https:\/\/ellotv.com.br\/site\/wp-content\/uploads\/2026\/07\/WhatsApp-Image-2026-07-08-at-18.36.06-2.jpeg 1600w, https:\/\/ellotv.com.br\/site\/wp-content\/uploads\/2026\/07\/WhatsApp-Image-2026-07-08-at-18.36.06-2-300x169.jpeg 300w, https:\/\/ellotv.com.br\/site\/wp-content\/uploads\/2026\/07\/WhatsApp-Image-2026-07-08-at-18.36.06-2-1024x576.jpeg 1024w, https:\/\/ellotv.com.br\/site\/wp-content\/uploads\/2026\/07\/WhatsApp-Image-2026-07-08-at-18.36.06-2-768x432.jpeg 768w, https:\/\/ellotv.com.br\/site\/wp-content\/uploads\/2026\/07\/WhatsApp-Image-2026-07-08-at-18.36.06-2-1536x864.jpeg 1536w, https:\/\/ellotv.com.br\/site\/wp-content\/uploads\/2026\/07\/WhatsApp-Image-2026-07-08-at-18.36.06-2-1280x720.jpeg 1280w\" sizes=\"(max-width: 1600px) 100vw, 1600px\" \/><\/p>\n","protected":false},"excerpt":{"rendered":"<p>O Sebrae Pernambuco est\u00e1 promovendo o Espa\u00e7o Sebrae de Economia Criativa durante a 26\u00aa Fenearte, realizada de 8<\/p>\n","protected":false},"author":2,"featured_media":6537,"comment_status":"open","ping_status":"open","sticky":false,"template":"","format":"standard","meta":{"footnotes":""},"categories":[12,9],"tags":[],"class_list":["post-6536","post","type-post","status-publish","format-standard","has-post-thumbnail","hentry","category-noticias","category-regional"],"yoast_head":"<!-- This site is optimized with the Yoast SEO plugin v28.3 - https:\/\/yoast.com\/product\/yoast-seo-wordpress\/ -->\n<title>Sebrae fortalece pequenos neg\u00f3cios da economia criativa na 26\u00aa Fenearte - Ello TV<\/title>\n<meta name=\"description\" content=\"Sebrae Pernambuco impulsiona economia criativa com estande na Fenearte, reunindo 68 empreendedores em Olinda.\" \/>\n<meta name=\"robots\" content=\"index, follow, max-snippet:-1, max-image-preview:large, max-video-preview:-1\" \/>\n<link rel=\"canonical\" href=\"https:\/\/ellotv.com.br\/site\/2026\/07\/09\/sebrae-fortalece-pequenos-negocios-da-economia-criativa-na-26a-fenearte\/\" \/>\n<meta property=\"og:locale\" content=\"pt_BR\" \/>\n<meta property=\"og:type\" content=\"article\" \/>\n<meta property=\"og:title\" content=\"Sebrae fortalece pequenos neg\u00f3cios da economia criativa na 26\u00aa Fenearte - Ello TV\" \/>\n<meta property=\"og:description\" content=\"Sebrae Pernambuco impulsiona economia criativa com estande na Fenearte, reunindo 68 empreendedores em Olinda.\" \/>\n<meta property=\"og:url\" content=\"https:\/\/ellotv.com.br\/site\/2026\/07\/09\/sebrae-fortalece-pequenos-negocios-da-economia-criativa-na-26a-fenearte\/\" \/>\n<meta property=\"og:site_name\" content=\"Ello TV\" \/>\n<meta property=\"article:published_time\" content=\"2026-07-09T14:26:40+00:00\" \/>\n<meta property=\"og:image\" content=\"https:\/\/ellotv.com.br\/site\/wp-content\/uploads\/2026\/07\/WhatsApp-Image-2026-07-08-at-18.36.06-1.jpeg\" \/>\n\t<meta property=\"og:image:width\" content=\"1600\" \/>\n\t<meta property=\"og:image:height\" content=\"900\" \/>\n\t<meta property=\"og:image:type\" content=\"image\/jpeg\" \/>\n<meta name=\"author\" content=\"ELLO TV\" \/>\n<meta name=\"twitter:card\" content=\"summary_large_image\" \/>\n<meta name=\"twitter:label1\" content=\"Escrito por\" \/>\n\t<meta name=\"twitter:data1\" content=\"ELLO TV\" \/>\n\t<meta name=\"twitter:label2\" content=\"Est. tempo de leitura\" \/>\n\t<meta name=\"twitter:data2\" content=\"1 minuto\" \/>\n<script type=\"application\/ld+json\" class=\"yoast-schema-graph\">{\"@context\":\"https:\\\/\\\/schema.org\",\"@graph\":[{\"@type\":\"Article\",\"@id\":\"https:\\\/\\\/ellotv.com.br\\\/site\\\/2026\\\/07\\\/09\\\/sebrae-fortalece-pequenos-negocios-da-economia-criativa-na-26a-fenearte\\\/#article\",\"isPartOf\":{\"@id\":\"https:\\\/\\\/ellotv.com.br\\\/site\\\/2026\\\/07\\\/09\\\/sebrae-fortalece-pequenos-negocios-da-economia-criativa-na-26a-fenearte\\\/\"},\"author\":{\"name\":\"ELLO TV\",\"@id\":\"https:\\\/\\\/ellotv.com.br\\\/site\\\/#\\\/schema\\\/person\\\/2dbe3abaee38dcc7332fc8205cd2b15d\"},\"headline\":\"Sebrae fortalece pequenos neg\u00f3cios da economia criativa na 26\u00aa Fenearte\",\"datePublished\":\"2026-07-09T14:26:40+00:00\",\"mainEntityOfPage\":{\"@id\":\"https:\\\/\\\/ellotv.com.br\\\/site\\\/2026\\\/07\\\/09\\\/sebrae-fortalece-pequenos-negocios-da-economia-criativa-na-26a-fenearte\\\/\"},\"wordCount\":174,\"commentCount\":0,\"publisher\":{\"@id\":\"https:\\\/\\\/ellotv.com.br\\\/site\\\/#organization\"},\"image\":{\"@id\":\"https:\\\/\\\/ellotv.com.br\\\/site\\\/2026\\\/07\\\/09\\\/sebrae-fortalece-pequenos-negocios-da-economia-criativa-na-26a-fenearte\\\/#primaryimage\"},\"thumbnailUrl\":\"https:\\\/\\\/ellotv.com.br\\\/site\\\/wp-content\\\/uploads\\\/2026\\\/07\\\/WhatsApp-Image-2026-07-08-at-18.36.06-1.jpeg\",\"articleSection\":[\"Noticias\",\"Regional\"],\"inLanguage\":\"pt-BR\",\"potentialAction\":[{\"@type\":\"CommentAction\",\"name\":\"Comment\",\"target\":[\"https:\\\/\\\/ellotv.com.br\\\/site\\\/2026\\\/07\\\/09\\\/sebrae-fortalece-pequenos-negocios-da-economia-criativa-na-26a-fenearte\\\/#respond\"]}]},{\"@type\":\"WebPage\",\"@id\":\"https:\\\/\\\/ellotv.com.br\\\/site\\\/2026\\\/07\\\/09\\\/sebrae-fortalece-pequenos-negocios-da-economia-criativa-na-26a-fenearte\\\/\",\"url\":\"https:\\\/\\\/ellotv.com.br\\\/site\\\/2026\\\/07\\\/09\\\/sebrae-fortalece-pequenos-negocios-da-economia-criativa-na-26a-fenearte\\\/\",\"name\":\"Sebrae fortalece pequenos neg\u00f3cios da economia criativa na 26\u00aa Fenearte - Ello TV\",\"isPartOf\":{\"@id\":\"https:\\\/\\\/ellotv.com.br\\\/site\\\/#website\"},\"primaryImageOfPage\":{\"@id\":\"https:\\\/\\\/ellotv.com.br\\\/site\\\/2026\\\/07\\\/09\\\/sebrae-fortalece-pequenos-negocios-da-economia-criativa-na-26a-fenearte\\\/#primaryimage\"},\"image\":{\"@id\":\"https:\\\/\\\/ellotv.com.br\\\/site\\\/2026\\\/07\\\/09\\\/sebrae-fortalece-pequenos-negocios-da-economia-criativa-na-26a-fenearte\\\/#primaryimage\"},\"thumbnailUrl\":\"https:\\\/\\\/ellotv.com.br\\\/site\\\/wp-content\\\/uploads\\\/2026\\\/07\\\/WhatsApp-Image-2026-07-08-at-18.36.06-1.jpeg\",\"datePublished\":\"2026-07-09T14:26:40+00:00\",\"description\":\"Sebrae Pernambuco impulsiona economia criativa com estande na Fenearte, reunindo 68 empreendedores em Olinda.\",\"breadcrumb\":{\"@id\":\"https:\\\/\\\/ellotv.com.br\\\/site\\\/2026\\\/07\\\/09\\\/sebrae-fortalece-pequenos-negocios-da-economia-criativa-na-26a-fenearte\\\/#breadcrumb\"},\"inLanguage\":\"pt-BR\",\"potentialAction\":[{\"@type\":\"ReadAction\",\"target\":[\"https:\\\/\\\/ellotv.com.br\\\/site\\\/2026\\\/07\\\/09\\\/sebrae-fortalece-pequenos-negocios-da-economia-criativa-na-26a-fenearte\\\/\"]}]},{\"@type\":\"ImageObject\",\"inLanguage\":\"pt-BR\",\"@id\":\"https:\\\/\\\/ellotv.com.br\\\/site\\\/2026\\\/07\\\/09\\\/sebrae-fortalece-pequenos-negocios-da-economia-criativa-na-26a-fenearte\\\/#primaryimage\",\"url\":\"https:\\\/\\\/ellotv.com.br\\\/site\\\/wp-content\\\/uploads\\\/2026\\\/07\\\/WhatsApp-Image-2026-07-08-at-18.36.06-1.jpeg\",\"contentUrl\":\"https:\\\/\\\/ellotv.com.br\\\/site\\\/wp-content\\\/uploads\\\/2026\\\/07\\\/WhatsApp-Image-2026-07-08-at-18.36.06-1.jpeg\",\"width\":1600,\"height\":900},{\"@type\":\"BreadcrumbList\",\"@id\":\"https:\\\/\\\/ellotv.com.br\\\/site\\\/2026\\\/07\\\/09\\\/sebrae-fortalece-pequenos-negocios-da-economia-criativa-na-26a-fenearte\\\/#breadcrumb\",\"itemListElement\":[{\"@type\":\"ListItem\",\"position\":1,\"name\":\"In\u00edcio\",\"item\":\"https:\\\/\\\/ellotv.com.br\\\/site\\\/\"},{\"@type\":\"ListItem\",\"position\":2,\"name\":\"Sebrae fortalece pequenos neg\u00f3cios da economia criativa na 26\u00aa Fenearte\"}]},{\"@type\":\"WebSite\",\"@id\":\"https:\\\/\\\/ellotv.com.br\\\/site\\\/#website\",\"url\":\"https:\\\/\\\/ellotv.com.br\\\/site\\\/\",\"name\":\"ELLO TV\",\"description\":\"\",\"publisher\":{\"@id\":\"https:\\\/\\\/ellotv.com.br\\\/site\\\/#organization\"},\"potentialAction\":[{\"@type\":\"SearchAction\",\"target\":{\"@type\":\"EntryPoint\",\"urlTemplate\":\"https:\\\/\\\/ellotv.com.br\\\/site\\\/?s={search_term_string}\"},\"query-input\":{\"@type\":\"PropertyValueSpecification\",\"valueRequired\":true,\"valueName\":\"search_term_string\"}}],\"inLanguage\":\"pt-BR\"},{\"@type\":\"Organization\",\"@id\":\"https:\\\/\\\/ellotv.com.br\\\/site\\\/#organization\",\"name\":\"ELLO TV\",\"url\":\"https:\\\/\\\/ellotv.com.br\\\/site\\\/\",\"logo\":{\"@type\":\"ImageObject\",\"inLanguage\":\"pt-BR\",\"@id\":\"https:\\\/\\\/ellotv.com.br\\\/site\\\/#\\\/schema\\\/logo\\\/image\\\/\",\"url\":\"https:\\\/\\\/ellotv.com.br\\\/site\\\/wp-content\\\/uploads\\\/2025\\\/11\\\/ello-logo-2.fw_.png\",\"contentUrl\":\"https:\\\/\\\/ellotv.com.br\\\/site\\\/wp-content\\\/uploads\\\/2025\\\/11\\\/ello-logo-2.fw_.png\",\"width\":400,\"height\":146,\"caption\":\"ELLO TV\"},\"image\":{\"@id\":\"https:\\\/\\\/ellotv.com.br\\\/site\\\/#\\\/schema\\\/logo\\\/image\\\/\"}},{\"@type\":\"Person\",\"@id\":\"https:\\\/\\\/ellotv.com.br\\\/site\\\/#\\\/schema\\\/person\\\/2dbe3abaee38dcc7332fc8205cd2b15d\",\"name\":\"ELLO TV\",\"image\":{\"@type\":\"ImageObject\",\"inLanguage\":\"pt-BR\",\"@id\":\"https:\\\/\\\/secure.gravatar.com\\\/avatar\\\/c38242b9da8ec217ac3f0aaee31a54f7d7befb11b2b47fdbc8fb0fad60afa1c6?s=96&d=mm&r=g\",\"url\":\"https:\\\/\\\/secure.gravatar.com\\\/avatar\\\/c38242b9da8ec217ac3f0aaee31a54f7d7befb11b2b47fdbc8fb0fad60afa1c6?s=96&d=mm&r=g\",\"contentUrl\":\"https:\\\/\\\/secure.gravatar.com\\\/avatar\\\/c38242b9da8ec217ac3f0aaee31a54f7d7befb11b2b47fdbc8fb0fad60afa1c6?s=96&d=mm&r=g\",\"caption\":\"ELLO TV\"},\"url\":\"https:\\\/\\\/ellotv.com.br\\\/site\\\/author\\\/elloagencia\\\/\"}]}<\/script>\n<!-- \/ Yoast SEO plugin. -->","yoast_head_json":{"title":"Sebrae fortalece pequenos neg\u00f3cios da economia criativa na 26\u00aa Fenearte - Ello TV","description":"Sebrae Pernambuco impulsiona economia criativa com estande na Fenearte, reunindo 68 empreendedores em Olinda.","robots":{"index":"index","follow":"follow","max-snippet":"max-snippet:-1","max-image-preview":"max-image-preview:large","max-video-preview":"max-video-preview:-1"},"canonical":"https:\/\/ellotv.com.br\/site\/2026\/07\/09\/sebrae-fortalece-pequenos-negocios-da-economia-criativa-na-26a-fenearte\/","og_locale":"pt_BR","og_type":"article","og_title":"Sebrae fortalece pequenos neg\u00f3cios da economia criativa na 26\u00aa Fenearte - Ello TV","og_description":"Sebrae Pernambuco impulsiona economia criativa com estande na Fenearte, reunindo 68 empreendedores em Olinda.","og_url":"https:\/\/ellotv.com.br\/site\/2026\/07\/09\/sebrae-fortalece-pequenos-negocios-da-economia-criativa-na-26a-fenearte\/","og_site_name":"Ello TV","article_published_time":"2026-07-09T14:26:40+00:00","og_image":[{"width":1600,"height":900,"url":"https:\/\/ellotv.com.br\/site\/wp-content\/uploads\/2026\/07\/WhatsApp-Image-2026-07-08-at-18.36.06-1.jpeg","type":"image\/jpeg"}],"author":"ELLO TV","twitter_card":"summary_large_image","twitter_misc":{"Escrito por":"ELLO TV","Est. tempo de leitura":"1 minuto"},"schema":{"@context":"https:\/\/schema.org","@graph":[{"@type":"Article","@id":"https:\/\/ellotv.com.br\/site\/2026\/07\/09\/sebrae-fortalece-pequenos-negocios-da-economia-criativa-na-26a-fenearte\/#article","isPartOf":{"@id":"https:\/\/ellotv.com.br\/site\/2026\/07\/09\/sebrae-fortalece-pequenos-negocios-da-economia-criativa-na-26a-fenearte\/"},"author":{"name":"ELLO TV","@id":"https:\/\/ellotv.com.br\/site\/#\/schema\/person\/2dbe3abaee38dcc7332fc8205cd2b15d"},"headline":"Sebrae fortalece pequenos neg\u00f3cios da economia criativa na 26\u00aa Fenearte","datePublished":"2026-07-09T14:26:40+00:00","mainEntityOfPage":{"@id":"https:\/\/ellotv.com.br\/site\/2026\/07\/09\/sebrae-fortalece-pequenos-negocios-da-economia-criativa-na-26a-fenearte\/"},"wordCount":174,"commentCount":0,"publisher":{"@id":"https:\/\/ellotv.com.br\/site\/#organization"},"image":{"@id":"https:\/\/ellotv.com.br\/site\/2026\/07\/09\/sebrae-fortalece-pequenos-negocios-da-economia-criativa-na-26a-fenearte\/#primaryimage"},"thumbnailUrl":"https:\/\/ellotv.com.br\/site\/wp-content\/uploads\/2026\/07\/WhatsApp-Image-2026-07-08-at-18.36.06-1.jpeg","articleSection":["Noticias","Regional"],"inLanguage":"pt-BR","potentialAction":[{"@type":"CommentAction","name":"Comment","target":["https:\/\/ellotv.com.br\/site\/2026\/07\/09\/sebrae-fortalece-pequenos-negocios-da-economia-criativa-na-26a-fenearte\/#respond"]}]},{"@type":"WebPage","@id":"https:\/\/ellotv.com.br\/site\/2026\/07\/09\/sebrae-fortalece-pequenos-negocios-da-economia-criativa-na-26a-fenearte\/","url":"https:\/\/ellotv.com.br\/site\/2026\/07\/09\/sebrae-fortalece-pequenos-negocios-da-economia-criativa-na-26a-fenearte\/","name":"Sebrae fortalece pequenos neg\u00f3cios da economia criativa na 26\u00aa Fenearte - Ello TV","isPartOf":{"@id":"https:\/\/ellotv.com.br\/site\/#website"},"primaryImageOfPage":{"@id":"https:\/\/ellotv.com.br\/site\/2026\/07\/09\/sebrae-fortalece-pequenos-negocios-da-economia-criativa-na-26a-fenearte\/#primaryimage"},"image":{"@id":"https:\/\/ellotv.com.br\/site\/2026\/07\/09\/sebrae-fortalece-pequenos-negocios-da-economia-criativa-na-26a-fenearte\/#primaryimage"},"thumbnailUrl":"https:\/\/ellotv.com.br\/site\/wp-content\/uploads\/2026\/07\/WhatsApp-Image-2026-07-08-at-18.36.06-1.jpeg","datePublished":"2026-07-09T14:26:40+00:00","description":"Sebrae Pernambuco impulsiona economia criativa com estande na Fenearte, reunindo 68 empreendedores em Olinda.","breadcrumb":{"@id":"https:\/\/ellotv.com.br\/site\/2026\/07\/09\/sebrae-fortalece-pequenos-negocios-da-economia-criativa-na-26a-fenearte\/#breadcrumb"},"inLanguage":"pt-BR","potentialAction":[{"@type":"ReadAction","target":["https:\/\/ellotv.com.br\/site\/2026\/07\/09\/sebrae-fortalece-pequenos-negocios-da-economia-criativa-na-26a-fenearte\/"]}]},{"@type":"ImageObject","inLanguage":"pt-BR","@id":"https:\/\/ellotv.com.br\/site\/2026\/07\/09\/sebrae-fortalece-pequenos-negocios-da-economia-criativa-na-26a-fenearte\/#primaryimage","url":"https:\/\/ellotv.com.br\/site\/wp-content\/uploads\/2026\/07\/WhatsApp-Image-2026-07-08-at-18.36.06-1.jpeg","contentUrl":"https:\/\/ellotv.com.br\/site\/wp-content\/uploads\/2026\/07\/WhatsApp-Image-2026-07-08-at-18.36.06-1.jpeg","width":1600,"height":900},{"@type":"BreadcrumbList","@id":"https:\/\/ellotv.com.br\/site\/2026\/07\/09\/sebrae-fortalece-pequenos-negocios-da-economia-criativa-na-26a-fenearte\/#breadcrumb","itemListElement":[{"@type":"ListItem","position":1,"name":"In\u00edcio","item":"https:\/\/ellotv.com.br\/site\/"},{"@type":"ListItem","position":2,"name":"Sebrae fortalece pequenos neg\u00f3cios da economia criativa na 26\u00aa Fenearte"}]},{"@type":"WebSite","@id":"https:\/\/ellotv.com.br\/site\/#website","url":"https:\/\/ellotv.com.br\/site\/","name":"ELLO TV","description":"","publisher":{"@id":"https:\/\/ellotv.com.br\/site\/#organization"},"potentialAction":[{"@type":"SearchAction","target":{"@type":"EntryPoint","urlTemplate":"https:\/\/ellotv.com.br\/site\/?s={search_term_string}"},"query-input":{"@type":"PropertyValueSpecification","valueRequired":true,"valueName":"search_term_string"}}],"inLanguage":"pt-BR"},{"@type":"Organization","@id":"https:\/\/ellotv.com.br\/site\/#organization","name":"ELLO TV","url":"https:\/\/ellotv.com.br\/site\/","logo":{"@type":"ImageObject","inLanguage":"pt-BR","@id":"https:\/\/ellotv.com.br\/site\/#\/schema\/logo\/image\/","url":"https:\/\/ellotv.com.br\/site\/wp-content\/uploads\/2025\/11\/ello-logo-2.fw_.png","contentUrl":"https:\/\/ellotv.com.br\/site\/wp-content\/uploads\/2025\/11\/ello-logo-2.fw_.png","width":400,"height":146,"caption":"ELLO TV"},"image":{"@id":"https:\/\/ellotv.com.br\/site\/#\/schema\/logo\/image\/"}},{"@type":"Person","@id":"https:\/\/ellotv.com.br\/site\/#\/schema\/person\/2dbe3abaee38dcc7332fc8205cd2b15d","name":"ELLO TV","image":{"@type":"ImageObject","inLanguage":"pt-BR","@id":"https:\/\/secure.gravatar.com\/avatar\/c38242b9da8ec217ac3f0aaee31a54f7d7befb11b2b47fdbc8fb0fad60afa1c6?s=96&d=mm&r=g","url":"https:\/\/secure.gravatar.com\/avatar\/c38242b9da8ec217ac3f0aaee31a54f7d7befb11b2b47fdbc8fb0fad60afa1c6?s=96&d=mm&r=g","contentUrl":"https:\/\/secure.gravatar.com\/avatar\/c38242b9da8ec217ac3f0aaee31a54f7d7befb11b2b47fdbc8fb0fad60afa1c6?s=96&d=mm&r=g","caption":"ELLO TV"},"url":"https:\/\/ellotv.com.br\/site\/author\/elloagencia\/"}]}},"featured_image_urls":{"full":["https:\/\/ellotv.com.br\/site\/wp-content\/uploads\/2026\/07\/WhatsApp-Image-2026-07-08-at-18.36.06-1.jpeg",1600,900,false],"thumbnail":["https:\/\/ellotv.com.br\/site\/wp-content\/uploads\/2026\/07\/WhatsApp-Image-2026-07-08-at-18.36.06-1-150x150.jpeg",150,150,true],"medium":["https:\/\/ellotv.com.br\/site\/wp-content\/uploads\/2026\/07\/WhatsApp-Image-2026-07-08-at-18.36.06-1-300x169.jpeg",300,169,true],"medium_large":["https:\/\/ellotv.com.br\/site\/wp-content\/uploads\/2026\/07\/WhatsApp-Image-2026-07-08-at-18.36.06-1-768x432.jpeg",640,360,true],"large":["https:\/\/ellotv.com.br\/site\/wp-content\/uploads\/2026\/07\/WhatsApp-Image-2026-07-08-at-18.36.06-1-1024x576.jpeg",640,360,true],"1536x1536":["https:\/\/ellotv.com.br\/site\/wp-content\/uploads\/2026\/07\/WhatsApp-Image-2026-07-08-at-18.36.06-1-1536x864.jpeg",1536,864,true],"2048x2048":["https:\/\/ellotv.com.br\/site\/wp-content\/uploads\/2026\/07\/WhatsApp-Image-2026-07-08-at-18.36.06-1.jpeg",1600,900,false],"darknews-slider-full":["https:\/\/ellotv.com.br\/site\/wp-content\/uploads\/2026\/07\/WhatsApp-Image-2026-07-08-at-18.36.06-1-1280x720.jpeg",1280,720,true],"darknews-featured":["https:\/\/ellotv.com.br\/site\/wp-content\/uploads\/2026\/07\/WhatsApp-Image-2026-07-08-at-18.36.06-1-1024x576.jpeg",1024,576,true],"darknews-medium":["https:\/\/ellotv.com.br\/site\/wp-content\/uploads\/2026\/07\/WhatsApp-Image-2026-07-08-at-18.36.06-1-720x530.jpeg",720,530,true],"darknews-medium-square":["https:\/\/ellotv.com.br\/site\/wp-content\/uploads\/2026\/07\/WhatsApp-Image-2026-07-08-at-18.36.06-1-350x350.jpeg",350,350,true]},"author_info":{"info":["ELLO TV"]},"category_info":"<a href=\"https:\/\/ellotv.com.br\/site\/category\/noticias\/\" rel=\"category tag\">Noticias<\/a> <a href=\"https:\/\/ellotv.com.br\/site\/category\/regional\/\" rel=\"category tag\">Regional<\/a>","tag_info":"Regional","comment_count":"0","_links":{"self":[{"href":"https:\/\/ellotv.com.br\/site\/wp-json\/wp\/v2\/posts\/6536","targetHints":{"allow":["GET"]}}],"collection":[{"href":"https:\/\/ellotv.com.br\/site\/wp-json\/wp\/v2\/posts"}],"about":[{"href":"https:\/\/ellotv.com.br\/site\/wp-json\/wp\/v2\/types\/post"}],"author":[{"embeddable":true,"href":"https:\/\/ellotv.com.br\/site\/wp-json\/wp\/v2\/users\/2"}],"replies":[{"embeddable":true,"href":"https:\/\/ellotv.com.br\/site\/wp-json\/wp\/v2\/comments?post=6536"}],"version-history":[{"count":1,"href":"https:\/\/ellotv.com.br\/site\/wp-json\/wp\/v2\/posts\/6536\/revisions"}],"predecessor-version":[{"id":6540,"href":"https:\/\/ellotv.com.br\/site\/wp-json\/wp\/v2\/posts\/6536\/revisions\/6540"}],"wp:featuredmedia":[{"embeddable":true,"href":"https:\/\/ellotv.com.br\/site\/wp-json\/wp\/v2\/media\/6537"}],"wp:attachment":[{"href":"https:\/\/ellotv.com.br\/site\/wp-json\/wp\/v2\/media?parent=6536"}],"wp:term":[{"taxonomy":"category","embeddable":true,"href":"https:\/\/ellotv.com.br\/site\/wp-json\/wp\/v2\/categories?post=6536"},{"taxonomy":"post_tag","embeddable":true,"href":"https:\/\/ellotv.com.br\/site\/wp-json\/wp\/v2\/tags?post=6536"}],"curies":[{"name":"wp","href":"https:\/\/api.w.org\/{rel}","templated":true}]}}