{"id":6541,"date":"2026-07-09T17:06:32","date_gmt":"2026-07-09T20:06:32","guid":{"rendered":"https:\/\/ellotv.com.br\/site\/?p=6541"},"modified":"2026-07-09T17:06:32","modified_gmt":"2026-07-09T20:06:32","slug":"flores-sediara-o-1o-festival-ouro-negro-do-pajeu-em-homenagem-a-moacir-santos","status":"publish","type":"post","link":"https:\/\/ellotv.com.br\/site\/2026\/07\/09\/flores-sediara-o-1o-festival-ouro-negro-do-pajeu-em-homenagem-a-moacir-santos\/","title":{"rendered":"Flores sediar\u00e1 o 1\u00ba Festival Ouro Negro do Paje\u00fa em homenagem a Moacir Santos"},"content":{"rendered":"<p>A cidade de Flores, no Sert\u00e3o do Paje\u00fa, receber\u00e1 no dia 25 de julho o 1\u00ba Festival Ouro Negro do Paje\u00fa \u2013 Festi\u2019Ouro, evento gratuito que promete celebrar a cultura e a m\u00fasica nordestina.<\/p>\n<p><strong>Homenagem a um mestre<\/strong><\/p>\n<p>O festival marca o centen\u00e1rio do maestro Moacir Santos, um dos maiores nomes da m\u00fasica brasileira, reconhecido internacionalmente por levar a cultura e a ancestralidade nordestina aos grandes palcos do mundo.<\/p>\n<p><strong>Cultura e identidade<\/strong><\/p>\n<p>A proposta do Festi\u2019Ouro \u00e9 valorizar a identidade cultural do Paje\u00fa, reunindo m\u00fasica, tradi\u00e7\u00e3o e manifesta\u00e7\u00f5es art\u00edsticas em uma programa\u00e7\u00e3o especial.<\/p>\n<p><strong>Programa\u00e7\u00e3o em breve<\/strong><\/p>\n<p>A grade completa do evento ser\u00e1 divulgada nos pr\u00f3ximos dias, com atra\u00e7\u00f5es que prometem movimentar a cidade e atrair p\u00fablico de toda a regi\u00e3o.<\/p>\n<p><strong>Realiza\u00e7\u00e3o e apoio<\/strong><\/p>\n<p>O festival \u00e9 uma realiza\u00e7\u00e3o da Prefeitura de Flores, por meio da Secretaria de Turismo e Eventos, com apoio da Rede \u00e9Paje\u00fa.<\/p>\n<p><strong>Cobertura especial<\/strong><\/p>\n<p>A ELLO TV far\u00e1 a cobertura completa do Festi\u2019Ouro, com entrevistas, reportagens e transmiss\u00f5es especiais, levando todos os detalhes ao p\u00fablico.<\/p>\n<p><strong>Celebra\u00e7\u00e3o da cultura pernambucana<\/strong><\/p>\n<p>O evento se consolida como um novo espa\u00e7o de valoriza\u00e7\u00e3o da m\u00fasica e da hist\u00f3ria cultural do Sert\u00e3o do Paje\u00fa.<\/p>\n","protected":false},"excerpt":{"rendered":"<p>A cidade de Flores, no Sert\u00e3o do Paje\u00fa, receber\u00e1 no dia 25 de julho o 1\u00ba Festival Ouro<\/p>\n","protected":false},"author":2,"featured_media":6542,"comment_status":"open","ping_status":"open","sticky":false,"template":"","format":"standard","meta":{"footnotes":""},"categories":[12,9],"tags":[],"class_list":["post-6541","post","type-post","status-publish","format-standard","has-post-thumbnail","hentry","category-noticias","category-regional"],"yoast_head":"<!-- This site is optimized with the Yoast SEO plugin v28.3 - https:\/\/yoast.com\/product\/yoast-seo-wordpress\/ -->\n<title>Flores sediar\u00e1 o 1\u00ba Festival Ouro Negro do Paje\u00fa em homenagem a Moacir Santos - Ello TV<\/title>\n<meta name=\"description\" content=\"Flores realiza o 1\u00ba Festi\u2019Ouro em homenagem a Moacir Santos, celebrando cultura e m\u00fasica no Sert\u00e3o do Paje\u00fa.\" \/>\n<meta name=\"robots\" content=\"index, follow, max-snippet:-1, max-image-preview:large, max-video-preview:-1\" \/>\n<link rel=\"canonical\" href=\"https:\/\/ellotv.com.br\/site\/2026\/07\/09\/flores-sediara-o-1o-festival-ouro-negro-do-pajeu-em-homenagem-a-moacir-santos\/\" \/>\n<meta property=\"og:locale\" content=\"pt_BR\" \/>\n<meta property=\"og:type\" content=\"article\" \/>\n<meta property=\"og:title\" content=\"Flores sediar\u00e1 o 1\u00ba Festival Ouro Negro do Paje\u00fa em homenagem a Moacir Santos - Ello TV\" \/>\n<meta property=\"og:description\" content=\"Flores realiza o 1\u00ba Festi\u2019Ouro em homenagem a Moacir Santos, celebrando cultura e m\u00fasica no Sert\u00e3o do Paje\u00fa.\" \/>\n<meta property=\"og:url\" content=\"https:\/\/ellotv.com.br\/site\/2026\/07\/09\/flores-sediara-o-1o-festival-ouro-negro-do-pajeu-em-homenagem-a-moacir-santos\/\" \/>\n<meta property=\"og:site_name\" content=\"Ello TV\" \/>\n<meta property=\"article:published_time\" content=\"2026-07-09T20:06:32+00:00\" \/>\n<meta property=\"og:image\" content=\"https:\/\/ellotv.com.br\/site\/wp-content\/uploads\/2026\/07\/WhatsApp-Image-2026-07-09-at-16.27.58.jpeg\" \/>\n\t<meta property=\"og:image:width\" content=\"1280\" \/>\n\t<meta property=\"og:image:height\" content=\"1600\" \/>\n\t<meta property=\"og:image:type\" content=\"image\/jpeg\" \/>\n<meta name=\"author\" content=\"ELLO TV\" \/>\n<meta name=\"twitter:card\" content=\"summary_large_image\" \/>\n<meta name=\"twitter:label1\" content=\"Escrito por\" \/>\n\t<meta name=\"twitter:data1\" content=\"ELLO TV\" \/>\n\t<meta name=\"twitter:label2\" content=\"Est. tempo de leitura\" \/>\n\t<meta name=\"twitter:data2\" content=\"1 minuto\" \/>\n<script type=\"application\/ld+json\" class=\"yoast-schema-graph\">{\"@context\":\"https:\\\/\\\/schema.org\",\"@graph\":[{\"@type\":\"Article\",\"@id\":\"https:\\\/\\\/ellotv.com.br\\\/site\\\/2026\\\/07\\\/09\\\/flores-sediara-o-1o-festival-ouro-negro-do-pajeu-em-homenagem-a-moacir-santos\\\/#article\",\"isPartOf\":{\"@id\":\"https:\\\/\\\/ellotv.com.br\\\/site\\\/2026\\\/07\\\/09\\\/flores-sediara-o-1o-festival-ouro-negro-do-pajeu-em-homenagem-a-moacir-santos\\\/\"},\"author\":{\"name\":\"ELLO TV\",\"@id\":\"https:\\\/\\\/ellotv.com.br\\\/site\\\/#\\\/schema\\\/person\\\/2dbe3abaee38dcc7332fc8205cd2b15d\"},\"headline\":\"Flores sediar\u00e1 o 1\u00ba Festival Ouro Negro do Paje\u00fa em homenagem a Moacir Santos\",\"datePublished\":\"2026-07-09T20:06:32+00:00\",\"mainEntityOfPage\":{\"@id\":\"https:\\\/\\\/ellotv.com.br\\\/site\\\/2026\\\/07\\\/09\\\/flores-sediara-o-1o-festival-ouro-negro-do-pajeu-em-homenagem-a-moacir-santos\\\/\"},\"wordCount\":227,\"commentCount\":0,\"publisher\":{\"@id\":\"https:\\\/\\\/ellotv.com.br\\\/site\\\/#organization\"},\"image\":{\"@id\":\"https:\\\/\\\/ellotv.com.br\\\/site\\\/2026\\\/07\\\/09\\\/flores-sediara-o-1o-festival-ouro-negro-do-pajeu-em-homenagem-a-moacir-santos\\\/#primaryimage\"},\"thumbnailUrl\":\"https:\\\/\\\/ellotv.com.br\\\/site\\\/wp-content\\\/uploads\\\/2026\\\/07\\\/WhatsApp-Image-2026-07-09-at-16.27.58.jpeg\",\"articleSection\":[\"Noticias\",\"Regional\"],\"inLanguage\":\"pt-BR\",\"potentialAction\":[{\"@type\":\"CommentAction\",\"name\":\"Comment\",\"target\":[\"https:\\\/\\\/ellotv.com.br\\\/site\\\/2026\\\/07\\\/09\\\/flores-sediara-o-1o-festival-ouro-negro-do-pajeu-em-homenagem-a-moacir-santos\\\/#respond\"]}]},{\"@type\":\"WebPage\",\"@id\":\"https:\\\/\\\/ellotv.com.br\\\/site\\\/2026\\\/07\\\/09\\\/flores-sediara-o-1o-festival-ouro-negro-do-pajeu-em-homenagem-a-moacir-santos\\\/\",\"url\":\"https:\\\/\\\/ellotv.com.br\\\/site\\\/2026\\\/07\\\/09\\\/flores-sediara-o-1o-festival-ouro-negro-do-pajeu-em-homenagem-a-moacir-santos\\\/\",\"name\":\"Flores sediar\u00e1 o 1\u00ba Festival Ouro Negro do Paje\u00fa em homenagem a Moacir Santos - Ello TV\",\"isPartOf\":{\"@id\":\"https:\\\/\\\/ellotv.com.br\\\/site\\\/#website\"},\"primaryImageOfPage\":{\"@id\":\"https:\\\/\\\/ellotv.com.br\\\/site\\\/2026\\\/07\\\/09\\\/flores-sediara-o-1o-festival-ouro-negro-do-pajeu-em-homenagem-a-moacir-santos\\\/#primaryimage\"},\"image\":{\"@id\":\"https:\\\/\\\/ellotv.com.br\\\/site\\\/2026\\\/07\\\/09\\\/flores-sediara-o-1o-festival-ouro-negro-do-pajeu-em-homenagem-a-moacir-santos\\\/#primaryimage\"},\"thumbnailUrl\":\"https:\\\/\\\/ellotv.com.br\\\/site\\\/wp-content\\\/uploads\\\/2026\\\/07\\\/WhatsApp-Image-2026-07-09-at-16.27.58.jpeg\",\"datePublished\":\"2026-07-09T20:06:32+00:00\",\"description\":\"Flores realiza o 1\u00ba Festi\u2019Ouro em homenagem a Moacir Santos, celebrando cultura e m\u00fasica no Sert\u00e3o do Paje\u00fa.\",\"breadcrumb\":{\"@id\":\"https:\\\/\\\/ellotv.com.br\\\/site\\\/2026\\\/07\\\/09\\\/flores-sediara-o-1o-festival-ouro-negro-do-pajeu-em-homenagem-a-moacir-santos\\\/#breadcrumb\"},\"inLanguage\":\"pt-BR\",\"potentialAction\":[{\"@type\":\"ReadAction\",\"target\":[\"https:\\\/\\\/ellotv.com.br\\\/site\\\/2026\\\/07\\\/09\\\/flores-sediara-o-1o-festival-ouro-negro-do-pajeu-em-homenagem-a-moacir-santos\\\/\"]}]},{\"@type\":\"ImageObject\",\"inLanguage\":\"pt-BR\",\"@id\":\"https:\\\/\\\/ellotv.com.br\\\/site\\\/2026\\\/07\\\/09\\\/flores-sediara-o-1o-festival-ouro-negro-do-pajeu-em-homenagem-a-moacir-santos\\\/#primaryimage\",\"url\":\"https:\\\/\\\/ellotv.com.br\\\/site\\\/wp-content\\\/uploads\\\/2026\\\/07\\\/WhatsApp-Image-2026-07-09-at-16.27.58.jpeg\",\"contentUrl\":\"https:\\\/\\\/ellotv.com.br\\\/site\\\/wp-content\\\/uploads\\\/2026\\\/07\\\/WhatsApp-Image-2026-07-09-at-16.27.58.jpeg\",\"width\":1280,\"height\":1600},{\"@type\":\"BreadcrumbList\",\"@id\":\"https:\\\/\\\/ellotv.com.br\\\/site\\\/2026\\\/07\\\/09\\\/flores-sediara-o-1o-festival-ouro-negro-do-pajeu-em-homenagem-a-moacir-santos\\\/#breadcrumb\",\"itemListElement\":[{\"@type\":\"ListItem\",\"position\":1,\"name\":\"In\u00edcio\",\"item\":\"https:\\\/\\\/ellotv.com.br\\\/site\\\/\"},{\"@type\":\"ListItem\",\"position\":2,\"name\":\"Flores sediar\u00e1 o 1\u00ba Festival Ouro Negro do Paje\u00fa em homenagem a Moacir Santos\"}]},{\"@type\":\"WebSite\",\"@id\":\"https:\\\/\\\/ellotv.com.br\\\/site\\\/#website\",\"url\":\"https:\\\/\\\/ellotv.com.br\\\/site\\\/\",\"name\":\"ELLO TV\",\"description\":\"\",\"publisher\":{\"@id\":\"https:\\\/\\\/ellotv.com.br\\\/site\\\/#organization\"},\"potentialAction\":[{\"@type\":\"SearchAction\",\"target\":{\"@type\":\"EntryPoint\",\"urlTemplate\":\"https:\\\/\\\/ellotv.com.br\\\/site\\\/?s={search_term_string}\"},\"query-input\":{\"@type\":\"PropertyValueSpecification\",\"valueRequired\":true,\"valueName\":\"search_term_string\"}}],\"inLanguage\":\"pt-BR\"},{\"@type\":\"Organization\",\"@id\":\"https:\\\/\\\/ellotv.com.br\\\/site\\\/#organization\",\"name\":\"ELLO TV\",\"url\":\"https:\\\/\\\/ellotv.com.br\\\/site\\\/\",\"logo\":{\"@type\":\"ImageObject\",\"inLanguage\":\"pt-BR\",\"@id\":\"https:\\\/\\\/ellotv.com.br\\\/site\\\/#\\\/schema\\\/logo\\\/image\\\/\",\"url\":\"https:\\\/\\\/ellotv.com.br\\\/site\\\/wp-content\\\/uploads\\\/2025\\\/11\\\/ello-logo-2.fw_.png\",\"contentUrl\":\"https:\\\/\\\/ellotv.com.br\\\/site\\\/wp-content\\\/uploads\\\/2025\\\/11\\\/ello-logo-2.fw_.png\",\"width\":400,\"height\":146,\"caption\":\"ELLO TV\"},\"image\":{\"@id\":\"https:\\\/\\\/ellotv.com.br\\\/site\\\/#\\\/schema\\\/logo\\\/image\\\/\"}},{\"@type\":\"Person\",\"@id\":\"https:\\\/\\\/ellotv.com.br\\\/site\\\/#\\\/schema\\\/person\\\/2dbe3abaee38dcc7332fc8205cd2b15d\",\"name\":\"ELLO TV\",\"image\":{\"@type\":\"ImageObject\",\"inLanguage\":\"pt-BR\",\"@id\":\"https:\\\/\\\/secure.gravatar.com\\\/avatar\\\/c38242b9da8ec217ac3f0aaee31a54f7d7befb11b2b47fdbc8fb0fad60afa1c6?s=96&d=mm&r=g\",\"url\":\"https:\\\/\\\/secure.gravatar.com\\\/avatar\\\/c38242b9da8ec217ac3f0aaee31a54f7d7befb11b2b47fdbc8fb0fad60afa1c6?s=96&d=mm&r=g\",\"contentUrl\":\"https:\\\/\\\/secure.gravatar.com\\\/avatar\\\/c38242b9da8ec217ac3f0aaee31a54f7d7befb11b2b47fdbc8fb0fad60afa1c6?s=96&d=mm&r=g\",\"caption\":\"ELLO TV\"},\"url\":\"https:\\\/\\\/ellotv.com.br\\\/site\\\/author\\\/elloagencia\\\/\"}]}<\/script>\n<!-- \/ Yoast SEO plugin. -->","yoast_head_json":{"title":"Flores sediar\u00e1 o 1\u00ba Festival Ouro Negro do Paje\u00fa em homenagem a Moacir Santos - Ello TV","description":"Flores realiza o 1\u00ba Festi\u2019Ouro em homenagem a Moacir Santos, celebrando cultura e m\u00fasica no Sert\u00e3o do Paje\u00fa.","robots":{"index":"index","follow":"follow","max-snippet":"max-snippet:-1","max-image-preview":"max-image-preview:large","max-video-preview":"max-video-preview:-1"},"canonical":"https:\/\/ellotv.com.br\/site\/2026\/07\/09\/flores-sediara-o-1o-festival-ouro-negro-do-pajeu-em-homenagem-a-moacir-santos\/","og_locale":"pt_BR","og_type":"article","og_title":"Flores sediar\u00e1 o 1\u00ba Festival Ouro Negro do Paje\u00fa em homenagem a Moacir Santos - Ello TV","og_description":"Flores realiza o 1\u00ba Festi\u2019Ouro em homenagem a Moacir Santos, celebrando cultura e m\u00fasica no Sert\u00e3o do Paje\u00fa.","og_url":"https:\/\/ellotv.com.br\/site\/2026\/07\/09\/flores-sediara-o-1o-festival-ouro-negro-do-pajeu-em-homenagem-a-moacir-santos\/","og_site_name":"Ello TV","article_published_time":"2026-07-09T20:06:32+00:00","og_image":[{"width":1280,"height":1600,"url":"https:\/\/ellotv.com.br\/site\/wp-content\/uploads\/2026\/07\/WhatsApp-Image-2026-07-09-at-16.27.58.jpeg","type":"image\/jpeg"}],"author":"ELLO TV","twitter_card":"summary_large_image","twitter_misc":{"Escrito por":"ELLO TV","Est. tempo de leitura":"1 minuto"},"schema":{"@context":"https:\/\/schema.org","@graph":[{"@type":"Article","@id":"https:\/\/ellotv.com.br\/site\/2026\/07\/09\/flores-sediara-o-1o-festival-ouro-negro-do-pajeu-em-homenagem-a-moacir-santos\/#article","isPartOf":{"@id":"https:\/\/ellotv.com.br\/site\/2026\/07\/09\/flores-sediara-o-1o-festival-ouro-negro-do-pajeu-em-homenagem-a-moacir-santos\/"},"author":{"name":"ELLO TV","@id":"https:\/\/ellotv.com.br\/site\/#\/schema\/person\/2dbe3abaee38dcc7332fc8205cd2b15d"},"headline":"Flores sediar\u00e1 o 1\u00ba Festival Ouro Negro do Paje\u00fa em homenagem a Moacir Santos","datePublished":"2026-07-09T20:06:32+00:00","mainEntityOfPage":{"@id":"https:\/\/ellotv.com.br\/site\/2026\/07\/09\/flores-sediara-o-1o-festival-ouro-negro-do-pajeu-em-homenagem-a-moacir-santos\/"},"wordCount":227,"commentCount":0,"publisher":{"@id":"https:\/\/ellotv.com.br\/site\/#organization"},"image":{"@id":"https:\/\/ellotv.com.br\/site\/2026\/07\/09\/flores-sediara-o-1o-festival-ouro-negro-do-pajeu-em-homenagem-a-moacir-santos\/#primaryimage"},"thumbnailUrl":"https:\/\/ellotv.com.br\/site\/wp-content\/uploads\/2026\/07\/WhatsApp-Image-2026-07-09-at-16.27.58.jpeg","articleSection":["Noticias","Regional"],"inLanguage":"pt-BR","potentialAction":[{"@type":"CommentAction","name":"Comment","target":["https:\/\/ellotv.com.br\/site\/2026\/07\/09\/flores-sediara-o-1o-festival-ouro-negro-do-pajeu-em-homenagem-a-moacir-santos\/#respond"]}]},{"@type":"WebPage","@id":"https:\/\/ellotv.com.br\/site\/2026\/07\/09\/flores-sediara-o-1o-festival-ouro-negro-do-pajeu-em-homenagem-a-moacir-santos\/","url":"https:\/\/ellotv.com.br\/site\/2026\/07\/09\/flores-sediara-o-1o-festival-ouro-negro-do-pajeu-em-homenagem-a-moacir-santos\/","name":"Flores sediar\u00e1 o 1\u00ba Festival Ouro Negro do Paje\u00fa em homenagem a Moacir Santos - Ello TV","isPartOf":{"@id":"https:\/\/ellotv.com.br\/site\/#website"},"primaryImageOfPage":{"@id":"https:\/\/ellotv.com.br\/site\/2026\/07\/09\/flores-sediara-o-1o-festival-ouro-negro-do-pajeu-em-homenagem-a-moacir-santos\/#primaryimage"},"image":{"@id":"https:\/\/ellotv.com.br\/site\/2026\/07\/09\/flores-sediara-o-1o-festival-ouro-negro-do-pajeu-em-homenagem-a-moacir-santos\/#primaryimage"},"thumbnailUrl":"https:\/\/ellotv.com.br\/site\/wp-content\/uploads\/2026\/07\/WhatsApp-Image-2026-07-09-at-16.27.58.jpeg","datePublished":"2026-07-09T20:06:32+00:00","description":"Flores realiza o 1\u00ba Festi\u2019Ouro em homenagem a Moacir Santos, celebrando cultura e m\u00fasica no Sert\u00e3o do Paje\u00fa.","breadcrumb":{"@id":"https:\/\/ellotv.com.br\/site\/2026\/07\/09\/flores-sediara-o-1o-festival-ouro-negro-do-pajeu-em-homenagem-a-moacir-santos\/#breadcrumb"},"inLanguage":"pt-BR","potentialAction":[{"@type":"ReadAction","target":["https:\/\/ellotv.com.br\/site\/2026\/07\/09\/flores-sediara-o-1o-festival-ouro-negro-do-pajeu-em-homenagem-a-moacir-santos\/"]}]},{"@type":"ImageObject","inLanguage":"pt-BR","@id":"https:\/\/ellotv.com.br\/site\/2026\/07\/09\/flores-sediara-o-1o-festival-ouro-negro-do-pajeu-em-homenagem-a-moacir-santos\/#primaryimage","url":"https:\/\/ellotv.com.br\/site\/wp-content\/uploads\/2026\/07\/WhatsApp-Image-2026-07-09-at-16.27.58.jpeg","contentUrl":"https:\/\/ellotv.com.br\/site\/wp-content\/uploads\/2026\/07\/WhatsApp-Image-2026-07-09-at-16.27.58.jpeg","width":1280,"height":1600},{"@type":"BreadcrumbList","@id":"https:\/\/ellotv.com.br\/site\/2026\/07\/09\/flores-sediara-o-1o-festival-ouro-negro-do-pajeu-em-homenagem-a-moacir-santos\/#breadcrumb","itemListElement":[{"@type":"ListItem","position":1,"name":"In\u00edcio","item":"https:\/\/ellotv.com.br\/site\/"},{"@type":"ListItem","position":2,"name":"Flores sediar\u00e1 o 1\u00ba Festival Ouro Negro do Paje\u00fa em homenagem a Moacir Santos"}]},{"@type":"WebSite","@id":"https:\/\/ellotv.com.br\/site\/#website","url":"https:\/\/ellotv.com.br\/site\/","name":"ELLO TV","description":"","publisher":{"@id":"https:\/\/ellotv.com.br\/site\/#organization"},"potentialAction":[{"@type":"SearchAction","target":{"@type":"EntryPoint","urlTemplate":"https:\/\/ellotv.com.br\/site\/?s={search_term_string}"},"query-input":{"@type":"PropertyValueSpecification","valueRequired":true,"valueName":"search_term_string"}}],"inLanguage":"pt-BR"},{"@type":"Organization","@id":"https:\/\/ellotv.com.br\/site\/#organization","name":"ELLO TV","url":"https:\/\/ellotv.com.br\/site\/","logo":{"@type":"ImageObject","inLanguage":"pt-BR","@id":"https:\/\/ellotv.com.br\/site\/#\/schema\/logo\/image\/","url":"https:\/\/ellotv.com.br\/site\/wp-content\/uploads\/2025\/11\/ello-logo-2.fw_.png","contentUrl":"https:\/\/ellotv.com.br\/site\/wp-content\/uploads\/2025\/11\/ello-logo-2.fw_.png","width":400,"height":146,"caption":"ELLO TV"},"image":{"@id":"https:\/\/ellotv.com.br\/site\/#\/schema\/logo\/image\/"}},{"@type":"Person","@id":"https:\/\/ellotv.com.br\/site\/#\/schema\/person\/2dbe3abaee38dcc7332fc8205cd2b15d","name":"ELLO TV","image":{"@type":"ImageObject","inLanguage":"pt-BR","@id":"https:\/\/secure.gravatar.com\/avatar\/c38242b9da8ec217ac3f0aaee31a54f7d7befb11b2b47fdbc8fb0fad60afa1c6?s=96&d=mm&r=g","url":"https:\/\/secure.gravatar.com\/avatar\/c38242b9da8ec217ac3f0aaee31a54f7d7befb11b2b47fdbc8fb0fad60afa1c6?s=96&d=mm&r=g","contentUrl":"https:\/\/secure.gravatar.com\/avatar\/c38242b9da8ec217ac3f0aaee31a54f7d7befb11b2b47fdbc8fb0fad60afa1c6?s=96&d=mm&r=g","caption":"ELLO TV"},"url":"https:\/\/ellotv.com.br\/site\/author\/elloagencia\/"}]}},"featured_image_urls":{"full":["https:\/\/ellotv.com.br\/site\/wp-content\/uploads\/2026\/07\/WhatsApp-Image-2026-07-09-at-16.27.58.jpeg",1280,1600,false],"thumbnail":["https:\/\/ellotv.com.br\/site\/wp-content\/uploads\/2026\/07\/WhatsApp-Image-2026-07-09-at-16.27.58-150x150.jpeg",150,150,true],"medium":["https:\/\/ellotv.com.br\/site\/wp-content\/uploads\/2026\/07\/WhatsApp-Image-2026-07-09-at-16.27.58-240x300.jpeg",240,300,true],"medium_large":["https:\/\/ellotv.com.br\/site\/wp-content\/uploads\/2026\/07\/WhatsApp-Image-2026-07-09-at-16.27.58-768x960.jpeg",640,800,true],"large":["https:\/\/ellotv.com.br\/site\/wp-content\/uploads\/2026\/07\/WhatsApp-Image-2026-07-09-at-16.27.58-819x1024.jpeg",640,800,true],"1536x1536":["https:\/\/ellotv.com.br\/site\/wp-content\/uploads\/2026\/07\/WhatsApp-Image-2026-07-09-at-16.27.58-1229x1536.jpeg",1229,1536,true],"2048x2048":["https:\/\/ellotv.com.br\/site\/wp-content\/uploads\/2026\/07\/WhatsApp-Image-2026-07-09-at-16.27.58.jpeg",1280,1600,false],"darknews-slider-full":["https:\/\/ellotv.com.br\/site\/wp-content\/uploads\/2026\/07\/WhatsApp-Image-2026-07-09-at-16.27.58-1280x720.jpeg",1280,720,true],"darknews-featured":["https:\/\/ellotv.com.br\/site\/wp-content\/uploads\/2026\/07\/WhatsApp-Image-2026-07-09-at-16.27.58-1024x1280.jpeg",1024,1280,true],"darknews-medium":["https:\/\/ellotv.com.br\/site\/wp-content\/uploads\/2026\/07\/WhatsApp-Image-2026-07-09-at-16.27.58-720x530.jpeg",720,530,true],"darknews-medium-square":["https:\/\/ellotv.com.br\/site\/wp-content\/uploads\/2026\/07\/WhatsApp-Image-2026-07-09-at-16.27.58-350x350.jpeg",350,350,true]},"author_info":{"info":["ELLO TV"]},"category_info":"<a href=\"https:\/\/ellotv.com.br\/site\/category\/noticias\/\" rel=\"category tag\">Noticias<\/a> <a href=\"https:\/\/ellotv.com.br\/site\/category\/regional\/\" rel=\"category tag\">Regional<\/a>","tag_info":"Regional","comment_count":"0","_links":{"self":[{"href":"https:\/\/ellotv.com.br\/site\/wp-json\/wp\/v2\/posts\/6541","targetHints":{"allow":["GET"]}}],"collection":[{"href":"https:\/\/ellotv.com.br\/site\/wp-json\/wp\/v2\/posts"}],"about":[{"href":"https:\/\/ellotv.com.br\/site\/wp-json\/wp\/v2\/types\/post"}],"author":[{"embeddable":true,"href":"https:\/\/ellotv.com.br\/site\/wp-json\/wp\/v2\/users\/2"}],"replies":[{"embeddable":true,"href":"https:\/\/ellotv.com.br\/site\/wp-json\/wp\/v2\/comments?post=6541"}],"version-history":[{"count":1,"href":"https:\/\/ellotv.com.br\/site\/wp-json\/wp\/v2\/posts\/6541\/revisions"}],"predecessor-version":[{"id":6543,"href":"https:\/\/ellotv.com.br\/site\/wp-json\/wp\/v2\/posts\/6541\/revisions\/6543"}],"wp:featuredmedia":[{"embeddable":true,"href":"https:\/\/ellotv.com.br\/site\/wp-json\/wp\/v2\/media\/6542"}],"wp:attachment":[{"href":"https:\/\/ellotv.com.br\/site\/wp-json\/wp\/v2\/media?parent=6541"}],"wp:term":[{"taxonomy":"category","embeddable":true,"href":"https:\/\/ellotv.com.br\/site\/wp-json\/wp\/v2\/categories?post=6541"},{"taxonomy":"post_tag","embeddable":true,"href":"https:\/\/ellotv.com.br\/site\/wp-json\/wp\/v2\/tags?post=6541"}],"curies":[{"name":"wp","href":"https:\/\/api.w.org\/{rel}","templated":true}]}}