{"id":6544,"date":"2026-07-09T17:09:17","date_gmt":"2026-07-09T20:09:17","guid":{"rendered":"https:\/\/ellotv.com.br\/site\/?p=6544"},"modified":"2026-07-09T17:09:17","modified_gmt":"2026-07-09T20:09:17","slug":"quadro-na-estrada-chega-a-tuparetama-com-historia-e-identidade-sertaneja","status":"publish","type":"post","link":"https:\/\/ellotv.com.br\/site\/2026\/07\/09\/quadro-na-estrada-chega-a-tuparetama-com-historia-e-identidade-sertaneja\/","title":{"rendered":"Quadro Na Estrada chega a Tuparetama com hist\u00f3ria e identidade sertaneja"},"content":{"rendered":"<p>O quadro Na Estrada desembarca em Tuparetama para um encontro especial com Jo\u00e3o Caboclo, destacando hist\u00f3rias, cultura e personagens que mant\u00eam viva a identidade do Sert\u00e3o.<\/p>\n<p><strong>Valoriza\u00e7\u00e3o das ra\u00edzes<\/strong><\/p>\n<p>O epis\u00f3dio celebra as tradi\u00e7\u00f5es nordestinas por meio de uma conversa que resgata mem\u00f3rias e evidencia a import\u00e2ncia das viv\u00eancias locais.<\/p>\n<p><strong>Hist\u00f3rias que inspiram<\/strong><\/p>\n<p>Jo\u00e3o Caboclo compartilha experi\u00eancias e saberes que ajudam a construir e preservar a cultura do Paje\u00fa.<\/p>\n<p><strong>Mem\u00f3ria e cultura<\/strong><\/p>\n<p>A proposta do quadro \u00e9 fortalecer a riqueza cultural da regi\u00e3o, dando voz a quem faz parte dessa hist\u00f3ria e mant\u00e9m viva a ess\u00eancia sertaneja.<\/p>\n<p><strong>Quando assistir<\/strong><\/p>\n<p>\ud83d\udd56 10 de julho, \u00e0s 19h<br \/>\n\ud83d\udcfa Assista na ELLO TV!<\/p>\n<p><strong>Apoio<\/strong><\/p>\n<p><a href=\"https:\/\/www.instagram.com\/prontomaislab?igsh=bDh5dGJwY3c3OWY5\">Pronto Mais Lab<\/a><br \/>\nPronto Mais Clinic<br \/>\n<a href=\"https:\/\/www.instagram.com\/prontomaisfarma?igsh=MTN5ejczNXZpNmo4cA==\">Pronto Mais Farma<\/a><br \/>\n<a href=\"https:\/\/www.instagram.com\/prontomaiscard?igsh=MWJ4bjB1dHhkb2JrOA==\">Pronto Mais Card<\/a><br \/>\nPronto Mais Med<\/p>\n<p><strong>Cultura em movimento<\/strong><\/p>\n<p>O Na Estrada segue levando ao p\u00fablico encontros que conectam pessoas, hist\u00f3rias e tradi\u00e7\u00f5es do Sert\u00e3o.<\/p>\n","protected":false},"excerpt":{"rendered":"<p>O quadro Na Estrada desembarca em Tuparetama para um encontro especial com Jo\u00e3o Caboclo, destacando hist\u00f3rias, cultura e<\/p>\n","protected":false},"author":2,"featured_media":6545,"comment_status":"open","ping_status":"open","sticky":false,"template":"","format":"standard","meta":{"footnotes":""},"categories":[1],"tags":[],"class_list":["post-6544","post","type-post","status-publish","format-standard","has-post-thumbnail","hentry","category-ello"],"yoast_head":"<!-- This site is optimized with the Yoast SEO plugin v28.3 - https:\/\/yoast.com\/product\/yoast-seo-wordpress\/ -->\n<title>Quadro Na Estrada chega a Tuparetama com hist\u00f3ria e identidade sertaneja - Ello TV<\/title>\n<meta name=\"description\" content=\"Na Estrada visita Tuparetama e destaca cultura e hist\u00f3rias do Sert\u00e3o com Jo\u00e3o Caboclo.\" \/>\n<meta name=\"robots\" content=\"index, follow, max-snippet:-1, max-image-preview:large, max-video-preview:-1\" \/>\n<link rel=\"canonical\" href=\"https:\/\/ellotv.com.br\/site\/2026\/07\/09\/quadro-na-estrada-chega-a-tuparetama-com-historia-e-identidade-sertaneja\/\" \/>\n<meta property=\"og:locale\" content=\"pt_BR\" \/>\n<meta property=\"og:type\" content=\"article\" \/>\n<meta property=\"og:title\" content=\"Quadro Na Estrada chega a Tuparetama com hist\u00f3ria e identidade sertaneja - Ello TV\" \/>\n<meta property=\"og:description\" content=\"Na Estrada visita Tuparetama e destaca cultura e hist\u00f3rias do Sert\u00e3o com Jo\u00e3o Caboclo.\" \/>\n<meta property=\"og:url\" content=\"https:\/\/ellotv.com.br\/site\/2026\/07\/09\/quadro-na-estrada-chega-a-tuparetama-com-historia-e-identidade-sertaneja\/\" \/>\n<meta property=\"og:site_name\" content=\"Ello TV\" \/>\n<meta property=\"article:published_time\" content=\"2026-07-09T20:09:17+00:00\" \/>\n<meta property=\"og:image\" content=\"https:\/\/ellotv.com.br\/site\/wp-content\/uploads\/2026\/07\/WhatsApp-Image-2026-07-09-at-17.00.35.jpeg\" \/>\n\t<meta property=\"og:image:width\" content=\"1280\" \/>\n\t<meta property=\"og:image:height\" content=\"1600\" \/>\n\t<meta property=\"og:image:type\" content=\"image\/jpeg\" \/>\n<meta name=\"author\" content=\"ELLO TV\" \/>\n<meta name=\"twitter:card\" content=\"summary_large_image\" \/>\n<meta name=\"twitter:label1\" content=\"Escrito por\" \/>\n\t<meta name=\"twitter:data1\" content=\"ELLO TV\" \/>\n\t<meta name=\"twitter:label2\" content=\"Est. tempo de leitura\" \/>\n\t<meta name=\"twitter:data2\" content=\"1 minuto\" \/>\n<script type=\"application\/ld+json\" class=\"yoast-schema-graph\">{\"@context\":\"https:\\\/\\\/schema.org\",\"@graph\":[{\"@type\":\"Article\",\"@id\":\"https:\\\/\\\/ellotv.com.br\\\/site\\\/2026\\\/07\\\/09\\\/quadro-na-estrada-chega-a-tuparetama-com-historia-e-identidade-sertaneja\\\/#article\",\"isPartOf\":{\"@id\":\"https:\\\/\\\/ellotv.com.br\\\/site\\\/2026\\\/07\\\/09\\\/quadro-na-estrada-chega-a-tuparetama-com-historia-e-identidade-sertaneja\\\/\"},\"author\":{\"name\":\"ELLO TV\",\"@id\":\"https:\\\/\\\/ellotv.com.br\\\/site\\\/#\\\/schema\\\/person\\\/2dbe3abaee38dcc7332fc8205cd2b15d\"},\"headline\":\"Quadro Na Estrada chega a Tuparetama com hist\u00f3ria e identidade sertaneja\",\"datePublished\":\"2026-07-09T20:09:17+00:00\",\"mainEntityOfPage\":{\"@id\":\"https:\\\/\\\/ellotv.com.br\\\/site\\\/2026\\\/07\\\/09\\\/quadro-na-estrada-chega-a-tuparetama-com-historia-e-identidade-sertaneja\\\/\"},\"wordCount\":176,\"commentCount\":0,\"publisher\":{\"@id\":\"https:\\\/\\\/ellotv.com.br\\\/site\\\/#organization\"},\"image\":{\"@id\":\"https:\\\/\\\/ellotv.com.br\\\/site\\\/2026\\\/07\\\/09\\\/quadro-na-estrada-chega-a-tuparetama-com-historia-e-identidade-sertaneja\\\/#primaryimage\"},\"thumbnailUrl\":\"https:\\\/\\\/ellotv.com.br\\\/site\\\/wp-content\\\/uploads\\\/2026\\\/07\\\/WhatsApp-Image-2026-07-09-at-17.00.35.jpeg\",\"articleSection\":[\"Ello\"],\"inLanguage\":\"pt-BR\",\"potentialAction\":[{\"@type\":\"CommentAction\",\"name\":\"Comment\",\"target\":[\"https:\\\/\\\/ellotv.com.br\\\/site\\\/2026\\\/07\\\/09\\\/quadro-na-estrada-chega-a-tuparetama-com-historia-e-identidade-sertaneja\\\/#respond\"]}]},{\"@type\":\"WebPage\",\"@id\":\"https:\\\/\\\/ellotv.com.br\\\/site\\\/2026\\\/07\\\/09\\\/quadro-na-estrada-chega-a-tuparetama-com-historia-e-identidade-sertaneja\\\/\",\"url\":\"https:\\\/\\\/ellotv.com.br\\\/site\\\/2026\\\/07\\\/09\\\/quadro-na-estrada-chega-a-tuparetama-com-historia-e-identidade-sertaneja\\\/\",\"name\":\"Quadro Na Estrada chega a Tuparetama com hist\u00f3ria e identidade sertaneja - Ello TV\",\"isPartOf\":{\"@id\":\"https:\\\/\\\/ellotv.com.br\\\/site\\\/#website\"},\"primaryImageOfPage\":{\"@id\":\"https:\\\/\\\/ellotv.com.br\\\/site\\\/2026\\\/07\\\/09\\\/quadro-na-estrada-chega-a-tuparetama-com-historia-e-identidade-sertaneja\\\/#primaryimage\"},\"image\":{\"@id\":\"https:\\\/\\\/ellotv.com.br\\\/site\\\/2026\\\/07\\\/09\\\/quadro-na-estrada-chega-a-tuparetama-com-historia-e-identidade-sertaneja\\\/#primaryimage\"},\"thumbnailUrl\":\"https:\\\/\\\/ellotv.com.br\\\/site\\\/wp-content\\\/uploads\\\/2026\\\/07\\\/WhatsApp-Image-2026-07-09-at-17.00.35.jpeg\",\"datePublished\":\"2026-07-09T20:09:17+00:00\",\"description\":\"Na Estrada visita Tuparetama e destaca cultura e hist\u00f3rias do Sert\u00e3o com Jo\u00e3o Caboclo.\",\"breadcrumb\":{\"@id\":\"https:\\\/\\\/ellotv.com.br\\\/site\\\/2026\\\/07\\\/09\\\/quadro-na-estrada-chega-a-tuparetama-com-historia-e-identidade-sertaneja\\\/#breadcrumb\"},\"inLanguage\":\"pt-BR\",\"potentialAction\":[{\"@type\":\"ReadAction\",\"target\":[\"https:\\\/\\\/ellotv.com.br\\\/site\\\/2026\\\/07\\\/09\\\/quadro-na-estrada-chega-a-tuparetama-com-historia-e-identidade-sertaneja\\\/\"]}]},{\"@type\":\"ImageObject\",\"inLanguage\":\"pt-BR\",\"@id\":\"https:\\\/\\\/ellotv.com.br\\\/site\\\/2026\\\/07\\\/09\\\/quadro-na-estrada-chega-a-tuparetama-com-historia-e-identidade-sertaneja\\\/#primaryimage\",\"url\":\"https:\\\/\\\/ellotv.com.br\\\/site\\\/wp-content\\\/uploads\\\/2026\\\/07\\\/WhatsApp-Image-2026-07-09-at-17.00.35.jpeg\",\"contentUrl\":\"https:\\\/\\\/ellotv.com.br\\\/site\\\/wp-content\\\/uploads\\\/2026\\\/07\\\/WhatsApp-Image-2026-07-09-at-17.00.35.jpeg\",\"width\":1280,\"height\":1600},{\"@type\":\"BreadcrumbList\",\"@id\":\"https:\\\/\\\/ellotv.com.br\\\/site\\\/2026\\\/07\\\/09\\\/quadro-na-estrada-chega-a-tuparetama-com-historia-e-identidade-sertaneja\\\/#breadcrumb\",\"itemListElement\":[{\"@type\":\"ListItem\",\"position\":1,\"name\":\"In\u00edcio\",\"item\":\"https:\\\/\\\/ellotv.com.br\\\/site\\\/\"},{\"@type\":\"ListItem\",\"position\":2,\"name\":\"Quadro Na Estrada chega a Tuparetama com hist\u00f3ria e identidade sertaneja\"}]},{\"@type\":\"WebSite\",\"@id\":\"https:\\\/\\\/ellotv.com.br\\\/site\\\/#website\",\"url\":\"https:\\\/\\\/ellotv.com.br\\\/site\\\/\",\"name\":\"ELLO TV\",\"description\":\"\",\"publisher\":{\"@id\":\"https:\\\/\\\/ellotv.com.br\\\/site\\\/#organization\"},\"potentialAction\":[{\"@type\":\"SearchAction\",\"target\":{\"@type\":\"EntryPoint\",\"urlTemplate\":\"https:\\\/\\\/ellotv.com.br\\\/site\\\/?s={search_term_string}\"},\"query-input\":{\"@type\":\"PropertyValueSpecification\",\"valueRequired\":true,\"valueName\":\"search_term_string\"}}],\"inLanguage\":\"pt-BR\"},{\"@type\":\"Organization\",\"@id\":\"https:\\\/\\\/ellotv.com.br\\\/site\\\/#organization\",\"name\":\"ELLO TV\",\"url\":\"https:\\\/\\\/ellotv.com.br\\\/site\\\/\",\"logo\":{\"@type\":\"ImageObject\",\"inLanguage\":\"pt-BR\",\"@id\":\"https:\\\/\\\/ellotv.com.br\\\/site\\\/#\\\/schema\\\/logo\\\/image\\\/\",\"url\":\"https:\\\/\\\/ellotv.com.br\\\/site\\\/wp-content\\\/uploads\\\/2025\\\/11\\\/ello-logo-2.fw_.png\",\"contentUrl\":\"https:\\\/\\\/ellotv.com.br\\\/site\\\/wp-content\\\/uploads\\\/2025\\\/11\\\/ello-logo-2.fw_.png\",\"width\":400,\"height\":146,\"caption\":\"ELLO TV\"},\"image\":{\"@id\":\"https:\\\/\\\/ellotv.com.br\\\/site\\\/#\\\/schema\\\/logo\\\/image\\\/\"}},{\"@type\":\"Person\",\"@id\":\"https:\\\/\\\/ellotv.com.br\\\/site\\\/#\\\/schema\\\/person\\\/2dbe3abaee38dcc7332fc8205cd2b15d\",\"name\":\"ELLO TV\",\"image\":{\"@type\":\"ImageObject\",\"inLanguage\":\"pt-BR\",\"@id\":\"https:\\\/\\\/secure.gravatar.com\\\/avatar\\\/c38242b9da8ec217ac3f0aaee31a54f7d7befb11b2b47fdbc8fb0fad60afa1c6?s=96&d=mm&r=g\",\"url\":\"https:\\\/\\\/secure.gravatar.com\\\/avatar\\\/c38242b9da8ec217ac3f0aaee31a54f7d7befb11b2b47fdbc8fb0fad60afa1c6?s=96&d=mm&r=g\",\"contentUrl\":\"https:\\\/\\\/secure.gravatar.com\\\/avatar\\\/c38242b9da8ec217ac3f0aaee31a54f7d7befb11b2b47fdbc8fb0fad60afa1c6?s=96&d=mm&r=g\",\"caption\":\"ELLO TV\"},\"url\":\"https:\\\/\\\/ellotv.com.br\\\/site\\\/author\\\/elloagencia\\\/\"}]}<\/script>\n<!-- \/ Yoast SEO plugin. -->","yoast_head_json":{"title":"Quadro Na Estrada chega a Tuparetama com hist\u00f3ria e identidade sertaneja - Ello TV","description":"Na Estrada visita Tuparetama e destaca cultura e hist\u00f3rias do Sert\u00e3o com Jo\u00e3o Caboclo.","robots":{"index":"index","follow":"follow","max-snippet":"max-snippet:-1","max-image-preview":"max-image-preview:large","max-video-preview":"max-video-preview:-1"},"canonical":"https:\/\/ellotv.com.br\/site\/2026\/07\/09\/quadro-na-estrada-chega-a-tuparetama-com-historia-e-identidade-sertaneja\/","og_locale":"pt_BR","og_type":"article","og_title":"Quadro Na Estrada chega a Tuparetama com hist\u00f3ria e identidade sertaneja - Ello TV","og_description":"Na Estrada visita Tuparetama e destaca cultura e hist\u00f3rias do Sert\u00e3o com Jo\u00e3o Caboclo.","og_url":"https:\/\/ellotv.com.br\/site\/2026\/07\/09\/quadro-na-estrada-chega-a-tuparetama-com-historia-e-identidade-sertaneja\/","og_site_name":"Ello TV","article_published_time":"2026-07-09T20:09:17+00:00","og_image":[{"width":1280,"height":1600,"url":"https:\/\/ellotv.com.br\/site\/wp-content\/uploads\/2026\/07\/WhatsApp-Image-2026-07-09-at-17.00.35.jpeg","type":"image\/jpeg"}],"author":"ELLO TV","twitter_card":"summary_large_image","twitter_misc":{"Escrito por":"ELLO TV","Est. tempo de leitura":"1 minuto"},"schema":{"@context":"https:\/\/schema.org","@graph":[{"@type":"Article","@id":"https:\/\/ellotv.com.br\/site\/2026\/07\/09\/quadro-na-estrada-chega-a-tuparetama-com-historia-e-identidade-sertaneja\/#article","isPartOf":{"@id":"https:\/\/ellotv.com.br\/site\/2026\/07\/09\/quadro-na-estrada-chega-a-tuparetama-com-historia-e-identidade-sertaneja\/"},"author":{"name":"ELLO TV","@id":"https:\/\/ellotv.com.br\/site\/#\/schema\/person\/2dbe3abaee38dcc7332fc8205cd2b15d"},"headline":"Quadro Na Estrada chega a Tuparetama com hist\u00f3ria e identidade sertaneja","datePublished":"2026-07-09T20:09:17+00:00","mainEntityOfPage":{"@id":"https:\/\/ellotv.com.br\/site\/2026\/07\/09\/quadro-na-estrada-chega-a-tuparetama-com-historia-e-identidade-sertaneja\/"},"wordCount":176,"commentCount":0,"publisher":{"@id":"https:\/\/ellotv.com.br\/site\/#organization"},"image":{"@id":"https:\/\/ellotv.com.br\/site\/2026\/07\/09\/quadro-na-estrada-chega-a-tuparetama-com-historia-e-identidade-sertaneja\/#primaryimage"},"thumbnailUrl":"https:\/\/ellotv.com.br\/site\/wp-content\/uploads\/2026\/07\/WhatsApp-Image-2026-07-09-at-17.00.35.jpeg","articleSection":["Ello"],"inLanguage":"pt-BR","potentialAction":[{"@type":"CommentAction","name":"Comment","target":["https:\/\/ellotv.com.br\/site\/2026\/07\/09\/quadro-na-estrada-chega-a-tuparetama-com-historia-e-identidade-sertaneja\/#respond"]}]},{"@type":"WebPage","@id":"https:\/\/ellotv.com.br\/site\/2026\/07\/09\/quadro-na-estrada-chega-a-tuparetama-com-historia-e-identidade-sertaneja\/","url":"https:\/\/ellotv.com.br\/site\/2026\/07\/09\/quadro-na-estrada-chega-a-tuparetama-com-historia-e-identidade-sertaneja\/","name":"Quadro Na Estrada chega a Tuparetama com hist\u00f3ria e identidade sertaneja - Ello TV","isPartOf":{"@id":"https:\/\/ellotv.com.br\/site\/#website"},"primaryImageOfPage":{"@id":"https:\/\/ellotv.com.br\/site\/2026\/07\/09\/quadro-na-estrada-chega-a-tuparetama-com-historia-e-identidade-sertaneja\/#primaryimage"},"image":{"@id":"https:\/\/ellotv.com.br\/site\/2026\/07\/09\/quadro-na-estrada-chega-a-tuparetama-com-historia-e-identidade-sertaneja\/#primaryimage"},"thumbnailUrl":"https:\/\/ellotv.com.br\/site\/wp-content\/uploads\/2026\/07\/WhatsApp-Image-2026-07-09-at-17.00.35.jpeg","datePublished":"2026-07-09T20:09:17+00:00","description":"Na Estrada visita Tuparetama e destaca cultura e hist\u00f3rias do Sert\u00e3o com Jo\u00e3o Caboclo.","breadcrumb":{"@id":"https:\/\/ellotv.com.br\/site\/2026\/07\/09\/quadro-na-estrada-chega-a-tuparetama-com-historia-e-identidade-sertaneja\/#breadcrumb"},"inLanguage":"pt-BR","potentialAction":[{"@type":"ReadAction","target":["https:\/\/ellotv.com.br\/site\/2026\/07\/09\/quadro-na-estrada-chega-a-tuparetama-com-historia-e-identidade-sertaneja\/"]}]},{"@type":"ImageObject","inLanguage":"pt-BR","@id":"https:\/\/ellotv.com.br\/site\/2026\/07\/09\/quadro-na-estrada-chega-a-tuparetama-com-historia-e-identidade-sertaneja\/#primaryimage","url":"https:\/\/ellotv.com.br\/site\/wp-content\/uploads\/2026\/07\/WhatsApp-Image-2026-07-09-at-17.00.35.jpeg","contentUrl":"https:\/\/ellotv.com.br\/site\/wp-content\/uploads\/2026\/07\/WhatsApp-Image-2026-07-09-at-17.00.35.jpeg","width":1280,"height":1600},{"@type":"BreadcrumbList","@id":"https:\/\/ellotv.com.br\/site\/2026\/07\/09\/quadro-na-estrada-chega-a-tuparetama-com-historia-e-identidade-sertaneja\/#breadcrumb","itemListElement":[{"@type":"ListItem","position":1,"name":"In\u00edcio","item":"https:\/\/ellotv.com.br\/site\/"},{"@type":"ListItem","position":2,"name":"Quadro Na Estrada chega a Tuparetama com hist\u00f3ria e identidade sertaneja"}]},{"@type":"WebSite","@id":"https:\/\/ellotv.com.br\/site\/#website","url":"https:\/\/ellotv.com.br\/site\/","name":"ELLO TV","description":"","publisher":{"@id":"https:\/\/ellotv.com.br\/site\/#organization"},"potentialAction":[{"@type":"SearchAction","target":{"@type":"EntryPoint","urlTemplate":"https:\/\/ellotv.com.br\/site\/?s={search_term_string}"},"query-input":{"@type":"PropertyValueSpecification","valueRequired":true,"valueName":"search_term_string"}}],"inLanguage":"pt-BR"},{"@type":"Organization","@id":"https:\/\/ellotv.com.br\/site\/#organization","name":"ELLO TV","url":"https:\/\/ellotv.com.br\/site\/","logo":{"@type":"ImageObject","inLanguage":"pt-BR","@id":"https:\/\/ellotv.com.br\/site\/#\/schema\/logo\/image\/","url":"https:\/\/ellotv.com.br\/site\/wp-content\/uploads\/2025\/11\/ello-logo-2.fw_.png","contentUrl":"https:\/\/ellotv.com.br\/site\/wp-content\/uploads\/2025\/11\/ello-logo-2.fw_.png","width":400,"height":146,"caption":"ELLO TV"},"image":{"@id":"https:\/\/ellotv.com.br\/site\/#\/schema\/logo\/image\/"}},{"@type":"Person","@id":"https:\/\/ellotv.com.br\/site\/#\/schema\/person\/2dbe3abaee38dcc7332fc8205cd2b15d","name":"ELLO TV","image":{"@type":"ImageObject","inLanguage":"pt-BR","@id":"https:\/\/secure.gravatar.com\/avatar\/c38242b9da8ec217ac3f0aaee31a54f7d7befb11b2b47fdbc8fb0fad60afa1c6?s=96&d=mm&r=g","url":"https:\/\/secure.gravatar.com\/avatar\/c38242b9da8ec217ac3f0aaee31a54f7d7befb11b2b47fdbc8fb0fad60afa1c6?s=96&d=mm&r=g","contentUrl":"https:\/\/secure.gravatar.com\/avatar\/c38242b9da8ec217ac3f0aaee31a54f7d7befb11b2b47fdbc8fb0fad60afa1c6?s=96&d=mm&r=g","caption":"ELLO TV"},"url":"https:\/\/ellotv.com.br\/site\/author\/elloagencia\/"}]}},"featured_image_urls":{"full":["https:\/\/ellotv.com.br\/site\/wp-content\/uploads\/2026\/07\/WhatsApp-Image-2026-07-09-at-17.00.35.jpeg",1280,1600,false],"thumbnail":["https:\/\/ellotv.com.br\/site\/wp-content\/uploads\/2026\/07\/WhatsApp-Image-2026-07-09-at-17.00.35-150x150.jpeg",150,150,true],"medium":["https:\/\/ellotv.com.br\/site\/wp-content\/uploads\/2026\/07\/WhatsApp-Image-2026-07-09-at-17.00.35-240x300.jpeg",240,300,true],"medium_large":["https:\/\/ellotv.com.br\/site\/wp-content\/uploads\/2026\/07\/WhatsApp-Image-2026-07-09-at-17.00.35-768x960.jpeg",640,800,true],"large":["https:\/\/ellotv.com.br\/site\/wp-content\/uploads\/2026\/07\/WhatsApp-Image-2026-07-09-at-17.00.35-819x1024.jpeg",640,800,true],"1536x1536":["https:\/\/ellotv.com.br\/site\/wp-content\/uploads\/2026\/07\/WhatsApp-Image-2026-07-09-at-17.00.35-1229x1536.jpeg",1229,1536,true],"2048x2048":["https:\/\/ellotv.com.br\/site\/wp-content\/uploads\/2026\/07\/WhatsApp-Image-2026-07-09-at-17.00.35.jpeg",1280,1600,false],"darknews-slider-full":["https:\/\/ellotv.com.br\/site\/wp-content\/uploads\/2026\/07\/WhatsApp-Image-2026-07-09-at-17.00.35-1280x720.jpeg",1280,720,true],"darknews-featured":["https:\/\/ellotv.com.br\/site\/wp-content\/uploads\/2026\/07\/WhatsApp-Image-2026-07-09-at-17.00.35-1024x1280.jpeg",1024,1280,true],"darknews-medium":["https:\/\/ellotv.com.br\/site\/wp-content\/uploads\/2026\/07\/WhatsApp-Image-2026-07-09-at-17.00.35-720x530.jpeg",720,530,true],"darknews-medium-square":["https:\/\/ellotv.com.br\/site\/wp-content\/uploads\/2026\/07\/WhatsApp-Image-2026-07-09-at-17.00.35-350x350.jpeg",350,350,true]},"author_info":{"info":["ELLO TV"]},"category_info":"<a href=\"https:\/\/ellotv.com.br\/site\/category\/ello\/\" rel=\"category tag\">Ello<\/a>","tag_info":"Ello","comment_count":"0","_links":{"self":[{"href":"https:\/\/ellotv.com.br\/site\/wp-json\/wp\/v2\/posts\/6544","targetHints":{"allow":["GET"]}}],"collection":[{"href":"https:\/\/ellotv.com.br\/site\/wp-json\/wp\/v2\/posts"}],"about":[{"href":"https:\/\/ellotv.com.br\/site\/wp-json\/wp\/v2\/types\/post"}],"author":[{"embeddable":true,"href":"https:\/\/ellotv.com.br\/site\/wp-json\/wp\/v2\/users\/2"}],"replies":[{"embeddable":true,"href":"https:\/\/ellotv.com.br\/site\/wp-json\/wp\/v2\/comments?post=6544"}],"version-history":[{"count":1,"href":"https:\/\/ellotv.com.br\/site\/wp-json\/wp\/v2\/posts\/6544\/revisions"}],"predecessor-version":[{"id":6546,"href":"https:\/\/ellotv.com.br\/site\/wp-json\/wp\/v2\/posts\/6544\/revisions\/6546"}],"wp:featuredmedia":[{"embeddable":true,"href":"https:\/\/ellotv.com.br\/site\/wp-json\/wp\/v2\/media\/6545"}],"wp:attachment":[{"href":"https:\/\/ellotv.com.br\/site\/wp-json\/wp\/v2\/media?parent=6544"}],"wp:term":[{"taxonomy":"category","embeddable":true,"href":"https:\/\/ellotv.com.br\/site\/wp-json\/wp\/v2\/categories?post=6544"},{"taxonomy":"post_tag","embeddable":true,"href":"https:\/\/ellotv.com.br\/site\/wp-json\/wp\/v2\/tags?post=6544"}],"curies":[{"name":"wp","href":"https:\/\/api.w.org\/{rel}","templated":true}]}}