{"id":6547,"date":"2026-07-13T08:22:24","date_gmt":"2026-07-13T11:22:24","guid":{"rendered":"https:\/\/ellotv.com.br\/site\/?p=6547"},"modified":"2026-07-13T08:22:24","modified_gmt":"2026-07-13T11:22:24","slug":"parana-pesquisas-aponta-raquel-lyra-a-frente-de-joao-campos-na-disputa-pelo-governo-de-pernambuco","status":"publish","type":"post","link":"https:\/\/ellotv.com.br\/site\/2026\/07\/13\/parana-pesquisas-aponta-raquel-lyra-a-frente-de-joao-campos-na-disputa-pelo-governo-de-pernambuco\/","title":{"rendered":"Paran\u00e1 Pesquisas aponta Raquel Lyra \u00e0 frente de Jo\u00e3o Campos na disputa pelo Governo de Pernambuco"},"content":{"rendered":"<p>A mais recente pesquisa do Instituto Paran\u00e1 Pesquisas, divulgada nesta sexta-feira (10), indica a governadora Raquel Lyra (PSD) na lideran\u00e7a da corrida pelo Governo de Pernambuco.<\/p>\n<p><strong>Cen\u00e1rio estimulado<\/strong><\/p>\n<p>De acordo com o levantamento, Raquel Lyra aparece com 46,8% das inten\u00e7\u00f5es de voto, enquanto o prefeito do Recife, Jo\u00e3o Campos (PSB), registra 42,5%. O ex-vereador Ivan Moraes soma 1,3%.<\/p>\n<p><strong>Compara\u00e7\u00e3o com levantamento anterior<\/strong><\/p>\n<p>Em rela\u00e7\u00e3o \u00e0 pesquisa realizada em dezembro de 2025, Raquel Lyra apresentou crescimento nas inten\u00e7\u00f5es de voto. J\u00e1 Jo\u00e3o Campos registrou queda no mesmo per\u00edodo, indicando mudan\u00e7a no cen\u00e1rio da disputa estadual.<\/p>\n<p><strong>Cen\u00e1rio espont\u00e2neo<\/strong><\/p>\n<p>Na pesquisa espont\u00e2nea, a governadora tamb\u00e9m lidera, com 31,2% das cita\u00e7\u00f5es, contra 23,7% de Jo\u00e3o Campos.<\/p>\n<p><strong>Metodologia<\/strong><\/p>\n<p>O levantamento foi realizado com 1.500 eleitores em todas as regi\u00f5es de Pernambuco e est\u00e1 registrado no Tribunal Regional Eleitoral sob o n\u00famero PE-00478\/2026.<\/p>\n<p><strong>Panorama da disputa<\/strong><\/p>\n<p>Os n\u00fameros refor\u00e7am o cen\u00e1rio competitivo da elei\u00e7\u00e3o estadual, com os principais nomes mantendo presen\u00e7a significativa nas inten\u00e7\u00f5es de voto.<\/p>\n","protected":false},"excerpt":{"rendered":"<p>A mais recente pesquisa do Instituto Paran\u00e1 Pesquisas, divulgada nesta sexta-feira (10), indica a governadora Raquel Lyra (PSD)<\/p>\n","protected":false},"author":2,"featured_media":6548,"comment_status":"open","ping_status":"open","sticky":false,"template":"","format":"standard","meta":{"footnotes":""},"categories":[12,9],"tags":[],"class_list":["post-6547","post","type-post","status-publish","format-standard","has-post-thumbnail","hentry","category-noticias","category-regional"],"yoast_head":"<!-- This site is optimized with the Yoast SEO plugin v28.3 - https:\/\/yoast.com\/product\/yoast-seo-wordpress\/ -->\n<title>Paran\u00e1 Pesquisas aponta Raquel Lyra \u00e0 frente de Jo\u00e3o Campos na disputa pelo Governo de Pernambuco - Ello TV<\/title>\n<meta name=\"description\" content=\"Pesquisa aponta Raquel Lyra na lideran\u00e7a pelo Governo de Pernambuco, com 46,8% das inten\u00e7\u00f5es de voto.\" \/>\n<meta name=\"robots\" content=\"index, follow, max-snippet:-1, max-image-preview:large, max-video-preview:-1\" \/>\n<link rel=\"canonical\" href=\"https:\/\/ellotv.com.br\/site\/2026\/07\/13\/parana-pesquisas-aponta-raquel-lyra-a-frente-de-joao-campos-na-disputa-pelo-governo-de-pernambuco\/\" \/>\n<meta property=\"og:locale\" content=\"pt_BR\" \/>\n<meta property=\"og:type\" content=\"article\" \/>\n<meta property=\"og:title\" content=\"Paran\u00e1 Pesquisas aponta Raquel Lyra \u00e0 frente de Jo\u00e3o Campos na disputa pelo Governo de Pernambuco - Ello TV\" \/>\n<meta property=\"og:description\" content=\"Pesquisa aponta Raquel Lyra na lideran\u00e7a pelo Governo de Pernambuco, com 46,8% das inten\u00e7\u00f5es de voto.\" \/>\n<meta property=\"og:url\" content=\"https:\/\/ellotv.com.br\/site\/2026\/07\/13\/parana-pesquisas-aponta-raquel-lyra-a-frente-de-joao-campos-na-disputa-pelo-governo-de-pernambuco\/\" \/>\n<meta property=\"og:site_name\" content=\"Ello TV\" \/>\n<meta property=\"article:published_time\" content=\"2026-07-13T11:22:24+00:00\" \/>\n<meta property=\"og:image\" content=\"https:\/\/ellotv.com.br\/site\/wp-content\/uploads\/2026\/07\/WhatsApp-Image-2026-07-10-at-11.58.49.jpeg\" \/>\n\t<meta property=\"og:image:width\" content=\"1198\" \/>\n\t<meta property=\"og:image:height\" content=\"1600\" \/>\n\t<meta property=\"og:image:type\" content=\"image\/jpeg\" \/>\n<meta name=\"author\" content=\"ELLO TV\" \/>\n<meta name=\"twitter:card\" content=\"summary_large_image\" \/>\n<meta name=\"twitter:label1\" content=\"Escrito por\" \/>\n\t<meta name=\"twitter:data1\" content=\"ELLO TV\" \/>\n\t<meta name=\"twitter:label2\" content=\"Est. tempo de leitura\" \/>\n\t<meta name=\"twitter:data2\" content=\"1 minuto\" \/>\n<script type=\"application\/ld+json\" class=\"yoast-schema-graph\">{\"@context\":\"https:\\\/\\\/schema.org\",\"@graph\":[{\"@type\":\"Article\",\"@id\":\"https:\\\/\\\/ellotv.com.br\\\/site\\\/2026\\\/07\\\/13\\\/parana-pesquisas-aponta-raquel-lyra-a-frente-de-joao-campos-na-disputa-pelo-governo-de-pernambuco\\\/#article\",\"isPartOf\":{\"@id\":\"https:\\\/\\\/ellotv.com.br\\\/site\\\/2026\\\/07\\\/13\\\/parana-pesquisas-aponta-raquel-lyra-a-frente-de-joao-campos-na-disputa-pelo-governo-de-pernambuco\\\/\"},\"author\":{\"name\":\"ELLO TV\",\"@id\":\"https:\\\/\\\/ellotv.com.br\\\/site\\\/#\\\/schema\\\/person\\\/2dbe3abaee38dcc7332fc8205cd2b15d\"},\"headline\":\"Paran\u00e1 Pesquisas aponta Raquel Lyra \u00e0 frente de Jo\u00e3o Campos na disputa pelo Governo de Pernambuco\",\"datePublished\":\"2026-07-13T11:22:24+00:00\",\"mainEntityOfPage\":{\"@id\":\"https:\\\/\\\/ellotv.com.br\\\/site\\\/2026\\\/07\\\/13\\\/parana-pesquisas-aponta-raquel-lyra-a-frente-de-joao-campos-na-disputa-pelo-governo-de-pernambuco\\\/\"},\"wordCount\":192,\"commentCount\":0,\"publisher\":{\"@id\":\"https:\\\/\\\/ellotv.com.br\\\/site\\\/#organization\"},\"image\":{\"@id\":\"https:\\\/\\\/ellotv.com.br\\\/site\\\/2026\\\/07\\\/13\\\/parana-pesquisas-aponta-raquel-lyra-a-frente-de-joao-campos-na-disputa-pelo-governo-de-pernambuco\\\/#primaryimage\"},\"thumbnailUrl\":\"https:\\\/\\\/ellotv.com.br\\\/site\\\/wp-content\\\/uploads\\\/2026\\\/07\\\/WhatsApp-Image-2026-07-10-at-11.58.49.jpeg\",\"articleSection\":[\"Noticias\",\"Regional\"],\"inLanguage\":\"pt-BR\",\"potentialAction\":[{\"@type\":\"CommentAction\",\"name\":\"Comment\",\"target\":[\"https:\\\/\\\/ellotv.com.br\\\/site\\\/2026\\\/07\\\/13\\\/parana-pesquisas-aponta-raquel-lyra-a-frente-de-joao-campos-na-disputa-pelo-governo-de-pernambuco\\\/#respond\"]}]},{\"@type\":\"WebPage\",\"@id\":\"https:\\\/\\\/ellotv.com.br\\\/site\\\/2026\\\/07\\\/13\\\/parana-pesquisas-aponta-raquel-lyra-a-frente-de-joao-campos-na-disputa-pelo-governo-de-pernambuco\\\/\",\"url\":\"https:\\\/\\\/ellotv.com.br\\\/site\\\/2026\\\/07\\\/13\\\/parana-pesquisas-aponta-raquel-lyra-a-frente-de-joao-campos-na-disputa-pelo-governo-de-pernambuco\\\/\",\"name\":\"Paran\u00e1 Pesquisas aponta Raquel Lyra \u00e0 frente de Jo\u00e3o Campos na disputa pelo Governo de Pernambuco - Ello TV\",\"isPartOf\":{\"@id\":\"https:\\\/\\\/ellotv.com.br\\\/site\\\/#website\"},\"primaryImageOfPage\":{\"@id\":\"https:\\\/\\\/ellotv.com.br\\\/site\\\/2026\\\/07\\\/13\\\/parana-pesquisas-aponta-raquel-lyra-a-frente-de-joao-campos-na-disputa-pelo-governo-de-pernambuco\\\/#primaryimage\"},\"image\":{\"@id\":\"https:\\\/\\\/ellotv.com.br\\\/site\\\/2026\\\/07\\\/13\\\/parana-pesquisas-aponta-raquel-lyra-a-frente-de-joao-campos-na-disputa-pelo-governo-de-pernambuco\\\/#primaryimage\"},\"thumbnailUrl\":\"https:\\\/\\\/ellotv.com.br\\\/site\\\/wp-content\\\/uploads\\\/2026\\\/07\\\/WhatsApp-Image-2026-07-10-at-11.58.49.jpeg\",\"datePublished\":\"2026-07-13T11:22:24+00:00\",\"description\":\"Pesquisa aponta Raquel Lyra na lideran\u00e7a pelo Governo de Pernambuco, com 46,8% das inten\u00e7\u00f5es de voto.\",\"breadcrumb\":{\"@id\":\"https:\\\/\\\/ellotv.com.br\\\/site\\\/2026\\\/07\\\/13\\\/parana-pesquisas-aponta-raquel-lyra-a-frente-de-joao-campos-na-disputa-pelo-governo-de-pernambuco\\\/#breadcrumb\"},\"inLanguage\":\"pt-BR\",\"potentialAction\":[{\"@type\":\"ReadAction\",\"target\":[\"https:\\\/\\\/ellotv.com.br\\\/site\\\/2026\\\/07\\\/13\\\/parana-pesquisas-aponta-raquel-lyra-a-frente-de-joao-campos-na-disputa-pelo-governo-de-pernambuco\\\/\"]}]},{\"@type\":\"ImageObject\",\"inLanguage\":\"pt-BR\",\"@id\":\"https:\\\/\\\/ellotv.com.br\\\/site\\\/2026\\\/07\\\/13\\\/parana-pesquisas-aponta-raquel-lyra-a-frente-de-joao-campos-na-disputa-pelo-governo-de-pernambuco\\\/#primaryimage\",\"url\":\"https:\\\/\\\/ellotv.com.br\\\/site\\\/wp-content\\\/uploads\\\/2026\\\/07\\\/WhatsApp-Image-2026-07-10-at-11.58.49.jpeg\",\"contentUrl\":\"https:\\\/\\\/ellotv.com.br\\\/site\\\/wp-content\\\/uploads\\\/2026\\\/07\\\/WhatsApp-Image-2026-07-10-at-11.58.49.jpeg\",\"width\":1198,\"height\":1600},{\"@type\":\"BreadcrumbList\",\"@id\":\"https:\\\/\\\/ellotv.com.br\\\/site\\\/2026\\\/07\\\/13\\\/parana-pesquisas-aponta-raquel-lyra-a-frente-de-joao-campos-na-disputa-pelo-governo-de-pernambuco\\\/#breadcrumb\",\"itemListElement\":[{\"@type\":\"ListItem\",\"position\":1,\"name\":\"In\u00edcio\",\"item\":\"https:\\\/\\\/ellotv.com.br\\\/site\\\/\"},{\"@type\":\"ListItem\",\"position\":2,\"name\":\"Paran\u00e1 Pesquisas aponta Raquel Lyra \u00e0 frente de Jo\u00e3o Campos na disputa pelo Governo de Pernambuco\"}]},{\"@type\":\"WebSite\",\"@id\":\"https:\\\/\\\/ellotv.com.br\\\/site\\\/#website\",\"url\":\"https:\\\/\\\/ellotv.com.br\\\/site\\\/\",\"name\":\"ELLO TV\",\"description\":\"\",\"publisher\":{\"@id\":\"https:\\\/\\\/ellotv.com.br\\\/site\\\/#organization\"},\"potentialAction\":[{\"@type\":\"SearchAction\",\"target\":{\"@type\":\"EntryPoint\",\"urlTemplate\":\"https:\\\/\\\/ellotv.com.br\\\/site\\\/?s={search_term_string}\"},\"query-input\":{\"@type\":\"PropertyValueSpecification\",\"valueRequired\":true,\"valueName\":\"search_term_string\"}}],\"inLanguage\":\"pt-BR\"},{\"@type\":\"Organization\",\"@id\":\"https:\\\/\\\/ellotv.com.br\\\/site\\\/#organization\",\"name\":\"ELLO TV\",\"url\":\"https:\\\/\\\/ellotv.com.br\\\/site\\\/\",\"logo\":{\"@type\":\"ImageObject\",\"inLanguage\":\"pt-BR\",\"@id\":\"https:\\\/\\\/ellotv.com.br\\\/site\\\/#\\\/schema\\\/logo\\\/image\\\/\",\"url\":\"https:\\\/\\\/ellotv.com.br\\\/site\\\/wp-content\\\/uploads\\\/2025\\\/11\\\/ello-logo-2.fw_.png\",\"contentUrl\":\"https:\\\/\\\/ellotv.com.br\\\/site\\\/wp-content\\\/uploads\\\/2025\\\/11\\\/ello-logo-2.fw_.png\",\"width\":400,\"height\":146,\"caption\":\"ELLO TV\"},\"image\":{\"@id\":\"https:\\\/\\\/ellotv.com.br\\\/site\\\/#\\\/schema\\\/logo\\\/image\\\/\"}},{\"@type\":\"Person\",\"@id\":\"https:\\\/\\\/ellotv.com.br\\\/site\\\/#\\\/schema\\\/person\\\/2dbe3abaee38dcc7332fc8205cd2b15d\",\"name\":\"ELLO TV\",\"image\":{\"@type\":\"ImageObject\",\"inLanguage\":\"pt-BR\",\"@id\":\"https:\\\/\\\/secure.gravatar.com\\\/avatar\\\/c38242b9da8ec217ac3f0aaee31a54f7d7befb11b2b47fdbc8fb0fad60afa1c6?s=96&d=mm&r=g\",\"url\":\"https:\\\/\\\/secure.gravatar.com\\\/avatar\\\/c38242b9da8ec217ac3f0aaee31a54f7d7befb11b2b47fdbc8fb0fad60afa1c6?s=96&d=mm&r=g\",\"contentUrl\":\"https:\\\/\\\/secure.gravatar.com\\\/avatar\\\/c38242b9da8ec217ac3f0aaee31a54f7d7befb11b2b47fdbc8fb0fad60afa1c6?s=96&d=mm&r=g\",\"caption\":\"ELLO TV\"},\"url\":\"https:\\\/\\\/ellotv.com.br\\\/site\\\/author\\\/elloagencia\\\/\"}]}<\/script>\n<!-- \/ Yoast SEO plugin. -->","yoast_head_json":{"title":"Paran\u00e1 Pesquisas aponta Raquel Lyra \u00e0 frente de Jo\u00e3o Campos na disputa pelo Governo de Pernambuco - Ello TV","description":"Pesquisa aponta Raquel Lyra na lideran\u00e7a pelo Governo de Pernambuco, com 46,8% das inten\u00e7\u00f5es de voto.","robots":{"index":"index","follow":"follow","max-snippet":"max-snippet:-1","max-image-preview":"max-image-preview:large","max-video-preview":"max-video-preview:-1"},"canonical":"https:\/\/ellotv.com.br\/site\/2026\/07\/13\/parana-pesquisas-aponta-raquel-lyra-a-frente-de-joao-campos-na-disputa-pelo-governo-de-pernambuco\/","og_locale":"pt_BR","og_type":"article","og_title":"Paran\u00e1 Pesquisas aponta Raquel Lyra \u00e0 frente de Jo\u00e3o Campos na disputa pelo Governo de Pernambuco - Ello TV","og_description":"Pesquisa aponta Raquel Lyra na lideran\u00e7a pelo Governo de Pernambuco, com 46,8% das inten\u00e7\u00f5es de voto.","og_url":"https:\/\/ellotv.com.br\/site\/2026\/07\/13\/parana-pesquisas-aponta-raquel-lyra-a-frente-de-joao-campos-na-disputa-pelo-governo-de-pernambuco\/","og_site_name":"Ello TV","article_published_time":"2026-07-13T11:22:24+00:00","og_image":[{"width":1198,"height":1600,"url":"https:\/\/ellotv.com.br\/site\/wp-content\/uploads\/2026\/07\/WhatsApp-Image-2026-07-10-at-11.58.49.jpeg","type":"image\/jpeg"}],"author":"ELLO TV","twitter_card":"summary_large_image","twitter_misc":{"Escrito por":"ELLO TV","Est. tempo de leitura":"1 minuto"},"schema":{"@context":"https:\/\/schema.org","@graph":[{"@type":"Article","@id":"https:\/\/ellotv.com.br\/site\/2026\/07\/13\/parana-pesquisas-aponta-raquel-lyra-a-frente-de-joao-campos-na-disputa-pelo-governo-de-pernambuco\/#article","isPartOf":{"@id":"https:\/\/ellotv.com.br\/site\/2026\/07\/13\/parana-pesquisas-aponta-raquel-lyra-a-frente-de-joao-campos-na-disputa-pelo-governo-de-pernambuco\/"},"author":{"name":"ELLO TV","@id":"https:\/\/ellotv.com.br\/site\/#\/schema\/person\/2dbe3abaee38dcc7332fc8205cd2b15d"},"headline":"Paran\u00e1 Pesquisas aponta Raquel Lyra \u00e0 frente de Jo\u00e3o Campos na disputa pelo Governo de Pernambuco","datePublished":"2026-07-13T11:22:24+00:00","mainEntityOfPage":{"@id":"https:\/\/ellotv.com.br\/site\/2026\/07\/13\/parana-pesquisas-aponta-raquel-lyra-a-frente-de-joao-campos-na-disputa-pelo-governo-de-pernambuco\/"},"wordCount":192,"commentCount":0,"publisher":{"@id":"https:\/\/ellotv.com.br\/site\/#organization"},"image":{"@id":"https:\/\/ellotv.com.br\/site\/2026\/07\/13\/parana-pesquisas-aponta-raquel-lyra-a-frente-de-joao-campos-na-disputa-pelo-governo-de-pernambuco\/#primaryimage"},"thumbnailUrl":"https:\/\/ellotv.com.br\/site\/wp-content\/uploads\/2026\/07\/WhatsApp-Image-2026-07-10-at-11.58.49.jpeg","articleSection":["Noticias","Regional"],"inLanguage":"pt-BR","potentialAction":[{"@type":"CommentAction","name":"Comment","target":["https:\/\/ellotv.com.br\/site\/2026\/07\/13\/parana-pesquisas-aponta-raquel-lyra-a-frente-de-joao-campos-na-disputa-pelo-governo-de-pernambuco\/#respond"]}]},{"@type":"WebPage","@id":"https:\/\/ellotv.com.br\/site\/2026\/07\/13\/parana-pesquisas-aponta-raquel-lyra-a-frente-de-joao-campos-na-disputa-pelo-governo-de-pernambuco\/","url":"https:\/\/ellotv.com.br\/site\/2026\/07\/13\/parana-pesquisas-aponta-raquel-lyra-a-frente-de-joao-campos-na-disputa-pelo-governo-de-pernambuco\/","name":"Paran\u00e1 Pesquisas aponta Raquel Lyra \u00e0 frente de Jo\u00e3o Campos na disputa pelo Governo de Pernambuco - Ello TV","isPartOf":{"@id":"https:\/\/ellotv.com.br\/site\/#website"},"primaryImageOfPage":{"@id":"https:\/\/ellotv.com.br\/site\/2026\/07\/13\/parana-pesquisas-aponta-raquel-lyra-a-frente-de-joao-campos-na-disputa-pelo-governo-de-pernambuco\/#primaryimage"},"image":{"@id":"https:\/\/ellotv.com.br\/site\/2026\/07\/13\/parana-pesquisas-aponta-raquel-lyra-a-frente-de-joao-campos-na-disputa-pelo-governo-de-pernambuco\/#primaryimage"},"thumbnailUrl":"https:\/\/ellotv.com.br\/site\/wp-content\/uploads\/2026\/07\/WhatsApp-Image-2026-07-10-at-11.58.49.jpeg","datePublished":"2026-07-13T11:22:24+00:00","description":"Pesquisa aponta Raquel Lyra na lideran\u00e7a pelo Governo de Pernambuco, com 46,8% das inten\u00e7\u00f5es de voto.","breadcrumb":{"@id":"https:\/\/ellotv.com.br\/site\/2026\/07\/13\/parana-pesquisas-aponta-raquel-lyra-a-frente-de-joao-campos-na-disputa-pelo-governo-de-pernambuco\/#breadcrumb"},"inLanguage":"pt-BR","potentialAction":[{"@type":"ReadAction","target":["https:\/\/ellotv.com.br\/site\/2026\/07\/13\/parana-pesquisas-aponta-raquel-lyra-a-frente-de-joao-campos-na-disputa-pelo-governo-de-pernambuco\/"]}]},{"@type":"ImageObject","inLanguage":"pt-BR","@id":"https:\/\/ellotv.com.br\/site\/2026\/07\/13\/parana-pesquisas-aponta-raquel-lyra-a-frente-de-joao-campos-na-disputa-pelo-governo-de-pernambuco\/#primaryimage","url":"https:\/\/ellotv.com.br\/site\/wp-content\/uploads\/2026\/07\/WhatsApp-Image-2026-07-10-at-11.58.49.jpeg","contentUrl":"https:\/\/ellotv.com.br\/site\/wp-content\/uploads\/2026\/07\/WhatsApp-Image-2026-07-10-at-11.58.49.jpeg","width":1198,"height":1600},{"@type":"BreadcrumbList","@id":"https:\/\/ellotv.com.br\/site\/2026\/07\/13\/parana-pesquisas-aponta-raquel-lyra-a-frente-de-joao-campos-na-disputa-pelo-governo-de-pernambuco\/#breadcrumb","itemListElement":[{"@type":"ListItem","position":1,"name":"In\u00edcio","item":"https:\/\/ellotv.com.br\/site\/"},{"@type":"ListItem","position":2,"name":"Paran\u00e1 Pesquisas aponta Raquel Lyra \u00e0 frente de Jo\u00e3o Campos na disputa pelo Governo de Pernambuco"}]},{"@type":"WebSite","@id":"https:\/\/ellotv.com.br\/site\/#website","url":"https:\/\/ellotv.com.br\/site\/","name":"ELLO TV","description":"","publisher":{"@id":"https:\/\/ellotv.com.br\/site\/#organization"},"potentialAction":[{"@type":"SearchAction","target":{"@type":"EntryPoint","urlTemplate":"https:\/\/ellotv.com.br\/site\/?s={search_term_string}"},"query-input":{"@type":"PropertyValueSpecification","valueRequired":true,"valueName":"search_term_string"}}],"inLanguage":"pt-BR"},{"@type":"Organization","@id":"https:\/\/ellotv.com.br\/site\/#organization","name":"ELLO TV","url":"https:\/\/ellotv.com.br\/site\/","logo":{"@type":"ImageObject","inLanguage":"pt-BR","@id":"https:\/\/ellotv.com.br\/site\/#\/schema\/logo\/image\/","url":"https:\/\/ellotv.com.br\/site\/wp-content\/uploads\/2025\/11\/ello-logo-2.fw_.png","contentUrl":"https:\/\/ellotv.com.br\/site\/wp-content\/uploads\/2025\/11\/ello-logo-2.fw_.png","width":400,"height":146,"caption":"ELLO TV"},"image":{"@id":"https:\/\/ellotv.com.br\/site\/#\/schema\/logo\/image\/"}},{"@type":"Person","@id":"https:\/\/ellotv.com.br\/site\/#\/schema\/person\/2dbe3abaee38dcc7332fc8205cd2b15d","name":"ELLO TV","image":{"@type":"ImageObject","inLanguage":"pt-BR","@id":"https:\/\/secure.gravatar.com\/avatar\/c38242b9da8ec217ac3f0aaee31a54f7d7befb11b2b47fdbc8fb0fad60afa1c6?s=96&d=mm&r=g","url":"https:\/\/secure.gravatar.com\/avatar\/c38242b9da8ec217ac3f0aaee31a54f7d7befb11b2b47fdbc8fb0fad60afa1c6?s=96&d=mm&r=g","contentUrl":"https:\/\/secure.gravatar.com\/avatar\/c38242b9da8ec217ac3f0aaee31a54f7d7befb11b2b47fdbc8fb0fad60afa1c6?s=96&d=mm&r=g","caption":"ELLO TV"},"url":"https:\/\/ellotv.com.br\/site\/author\/elloagencia\/"}]}},"featured_image_urls":{"full":["https:\/\/ellotv.com.br\/site\/wp-content\/uploads\/2026\/07\/WhatsApp-Image-2026-07-10-at-11.58.49.jpeg",1198,1600,false],"thumbnail":["https:\/\/ellotv.com.br\/site\/wp-content\/uploads\/2026\/07\/WhatsApp-Image-2026-07-10-at-11.58.49-150x150.jpeg",150,150,true],"medium":["https:\/\/ellotv.com.br\/site\/wp-content\/uploads\/2026\/07\/WhatsApp-Image-2026-07-10-at-11.58.49-225x300.jpeg",225,300,true],"medium_large":["https:\/\/ellotv.com.br\/site\/wp-content\/uploads\/2026\/07\/WhatsApp-Image-2026-07-10-at-11.58.49-768x1026.jpeg",640,855,true],"large":["https:\/\/ellotv.com.br\/site\/wp-content\/uploads\/2026\/07\/WhatsApp-Image-2026-07-10-at-11.58.49-767x1024.jpeg",640,854,true],"1536x1536":["https:\/\/ellotv.com.br\/site\/wp-content\/uploads\/2026\/07\/WhatsApp-Image-2026-07-10-at-11.58.49-1150x1536.jpeg",1150,1536,true],"2048x2048":["https:\/\/ellotv.com.br\/site\/wp-content\/uploads\/2026\/07\/WhatsApp-Image-2026-07-10-at-11.58.49.jpeg",1198,1600,false],"darknews-slider-full":["https:\/\/ellotv.com.br\/site\/wp-content\/uploads\/2026\/07\/WhatsApp-Image-2026-07-10-at-11.58.49-1198x720.jpeg",1198,720,true],"darknews-featured":["https:\/\/ellotv.com.br\/site\/wp-content\/uploads\/2026\/07\/WhatsApp-Image-2026-07-10-at-11.58.49-1024x1368.jpeg",1024,1368,true],"darknews-medium":["https:\/\/ellotv.com.br\/site\/wp-content\/uploads\/2026\/07\/WhatsApp-Image-2026-07-10-at-11.58.49-720x530.jpeg",720,530,true],"darknews-medium-square":["https:\/\/ellotv.com.br\/site\/wp-content\/uploads\/2026\/07\/WhatsApp-Image-2026-07-10-at-11.58.49-350x350.jpeg",350,350,true]},"author_info":{"info":["ELLO TV"]},"category_info":"<a href=\"https:\/\/ellotv.com.br\/site\/category\/noticias\/\" rel=\"category tag\">Noticias<\/a> <a href=\"https:\/\/ellotv.com.br\/site\/category\/regional\/\" rel=\"category tag\">Regional<\/a>","tag_info":"Regional","comment_count":"0","_links":{"self":[{"href":"https:\/\/ellotv.com.br\/site\/wp-json\/wp\/v2\/posts\/6547","targetHints":{"allow":["GET"]}}],"collection":[{"href":"https:\/\/ellotv.com.br\/site\/wp-json\/wp\/v2\/posts"}],"about":[{"href":"https:\/\/ellotv.com.br\/site\/wp-json\/wp\/v2\/types\/post"}],"author":[{"embeddable":true,"href":"https:\/\/ellotv.com.br\/site\/wp-json\/wp\/v2\/users\/2"}],"replies":[{"embeddable":true,"href":"https:\/\/ellotv.com.br\/site\/wp-json\/wp\/v2\/comments?post=6547"}],"version-history":[{"count":1,"href":"https:\/\/ellotv.com.br\/site\/wp-json\/wp\/v2\/posts\/6547\/revisions"}],"predecessor-version":[{"id":6549,"href":"https:\/\/ellotv.com.br\/site\/wp-json\/wp\/v2\/posts\/6547\/revisions\/6549"}],"wp:featuredmedia":[{"embeddable":true,"href":"https:\/\/ellotv.com.br\/site\/wp-json\/wp\/v2\/media\/6548"}],"wp:attachment":[{"href":"https:\/\/ellotv.com.br\/site\/wp-json\/wp\/v2\/media?parent=6547"}],"wp:term":[{"taxonomy":"category","embeddable":true,"href":"https:\/\/ellotv.com.br\/site\/wp-json\/wp\/v2\/categories?post=6547"},{"taxonomy":"post_tag","embeddable":true,"href":"https:\/\/ellotv.com.br\/site\/wp-json\/wp\/v2\/tags?post=6547"}],"curies":[{"name":"wp","href":"https:\/\/api.w.org\/{rel}","templated":true}]}}