{"id":6553,"date":"2026-07-13T08:27:54","date_gmt":"2026-07-13T11:27:54","guid":{"rendered":"https:\/\/ellotv.com.br\/site\/?p=6553"},"modified":"2026-07-13T08:27:54","modified_gmt":"2026-07-13T11:27:54","slug":"ayrton-senna-e-oficialmente-reconhecido-como-heroi-da-patria","status":"publish","type":"post","link":"https:\/\/ellotv.com.br\/site\/2026\/07\/13\/ayrton-senna-e-oficialmente-reconhecido-como-heroi-da-patria\/","title":{"rendered":"Ayrton Senna \u00e9 oficialmente reconhecido como Her\u00f3i da P\u00e1tria"},"content":{"rendered":"<p>O eterno tricampe\u00e3o mundial de F\u00f3rmula 1, Ayrton Senna, foi oficialmente reconhecido como Her\u00f3i da P\u00e1tria. A homenagem foi formalizada por meio da Lei 15.447\/2026.<\/p>\n<p><strong>Reconhecimento nacional<\/strong><\/p>\n<p>A legisla\u00e7\u00e3o determina a inscri\u00e7\u00e3o do nome do ex-piloto no Livro de Her\u00f3is e Hero\u00ednas da P\u00e1tria, preservado no Pante\u00e3o da P\u00e1tria, na Pra\u00e7a dos Tr\u00eas Poderes, em Bras\u00edlia.<\/p>\n<p><strong>T\u00edtulo hist\u00f3rico<\/strong><\/p>\n<p>Criado em 1992, o t\u00edtulo \u00e9 concedido a personalidades que tiveram papel marcante na constru\u00e7\u00e3o e na defesa do Brasil, destacando figuras de grande relev\u00e2ncia nacional.<\/p>\n<p><strong>\u00cdcone do automobilismo<\/strong><\/p>\n<p>Ayrton Senna conquistou tr\u00eas campeonatos mundiais de F\u00f3rmula 1 (1988, 1990 e 1991), al\u00e9m de 41 vit\u00f3rias em Grandes Pr\u00eamios, consolidando-se como um dos maiores nomes do esporte mundial.<\/p>\n<p><strong>Legado que transcende o esporte<\/strong><\/p>\n<p>Mais do que conquistas nas pistas, Senna se tornou s\u00edmbolo de dedica\u00e7\u00e3o, supera\u00e7\u00e3o e inspira\u00e7\u00e3o para gera\u00e7\u00f5es de brasileiros.<\/p>\n<p><strong>Outras homenagens<\/strong><\/p>\n<p>Em 2023, o piloto tamb\u00e9m recebeu o t\u00edtulo de Patrono do Esporte Brasileiro, refor\u00e7ando ainda mais seu legado dentro e fora das pistas.<\/p>\n<p><strong>Mem\u00f3ria eternizada<\/strong><\/p>\n<p>O reconhecimento como Her\u00f3i da P\u00e1tria reafirma a import\u00e2ncia de Ayrton Senna na hist\u00f3ria do Brasil e mant\u00e9m viva a sua contribui\u00e7\u00e3o para o esporte e para a identidade nacional.<\/p>\n","protected":false},"excerpt":{"rendered":"<p>O eterno tricampe\u00e3o mundial de F\u00f3rmula 1, Ayrton Senna, foi oficialmente reconhecido como Her\u00f3i da P\u00e1tria. A homenagem<\/p>\n","protected":false},"author":2,"featured_media":6554,"comment_status":"open","ping_status":"open","sticky":false,"template":"","format":"standard","meta":{"footnotes":""},"categories":[8,12],"tags":[],"class_list":["post-6553","post","type-post","status-publish","format-standard","has-post-thumbnail","hentry","category-brasil","category-noticias"],"yoast_head":"<!-- This site is optimized with the Yoast SEO plugin v28.3 - https:\/\/yoast.com\/product\/yoast-seo-wordpress\/ -->\n<title>Ayrton Senna \u00e9 oficialmente reconhecido como Her\u00f3i da P\u00e1tria - Ello TV<\/title>\n<meta name=\"description\" content=\"Ayrton Senna \u00e9 reconhecido como Her\u00f3i da P\u00e1tria e tem nome inscrito no Pante\u00e3o da P\u00e1tria em Bras\u00edlia.\" \/>\n<meta name=\"robots\" content=\"index, follow, max-snippet:-1, max-image-preview:large, max-video-preview:-1\" \/>\n<link rel=\"canonical\" href=\"https:\/\/ellotv.com.br\/site\/2026\/07\/13\/ayrton-senna-e-oficialmente-reconhecido-como-heroi-da-patria\/\" \/>\n<meta property=\"og:locale\" content=\"pt_BR\" \/>\n<meta property=\"og:type\" content=\"article\" \/>\n<meta property=\"og:title\" content=\"Ayrton Senna \u00e9 oficialmente reconhecido como Her\u00f3i da P\u00e1tria - Ello TV\" \/>\n<meta property=\"og:description\" content=\"Ayrton Senna \u00e9 reconhecido como Her\u00f3i da P\u00e1tria e tem nome inscrito no Pante\u00e3o da P\u00e1tria em Bras\u00edlia.\" \/>\n<meta property=\"og:url\" content=\"https:\/\/ellotv.com.br\/site\/2026\/07\/13\/ayrton-senna-e-oficialmente-reconhecido-como-heroi-da-patria\/\" \/>\n<meta property=\"og:site_name\" content=\"Ello TV\" \/>\n<meta property=\"article:published_time\" content=\"2026-07-13T11:27:54+00:00\" \/>\n<meta property=\"og:image\" content=\"https:\/\/ellotv.com.br\/site\/wp-content\/uploads\/2026\/07\/WhatsApp-Image-2026-07-12-at-11.31.02.jpeg\" \/>\n\t<meta property=\"og:image:width\" content=\"900\" \/>\n\t<meta property=\"og:image:height\" content=\"1600\" \/>\n\t<meta property=\"og:image:type\" content=\"image\/jpeg\" \/>\n<meta name=\"author\" content=\"ELLO TV\" \/>\n<meta name=\"twitter:card\" content=\"summary_large_image\" \/>\n<meta name=\"twitter:label1\" content=\"Escrito por\" \/>\n\t<meta name=\"twitter:data1\" content=\"ELLO TV\" \/>\n\t<meta name=\"twitter:label2\" content=\"Est. tempo de leitura\" \/>\n\t<meta name=\"twitter:data2\" content=\"1 minuto\" \/>\n<script type=\"application\/ld+json\" class=\"yoast-schema-graph\">{\"@context\":\"https:\\\/\\\/schema.org\",\"@graph\":[{\"@type\":\"Article\",\"@id\":\"https:\\\/\\\/ellotv.com.br\\\/site\\\/2026\\\/07\\\/13\\\/ayrton-senna-e-oficialmente-reconhecido-como-heroi-da-patria\\\/#article\",\"isPartOf\":{\"@id\":\"https:\\\/\\\/ellotv.com.br\\\/site\\\/2026\\\/07\\\/13\\\/ayrton-senna-e-oficialmente-reconhecido-como-heroi-da-patria\\\/\"},\"author\":{\"name\":\"ELLO TV\",\"@id\":\"https:\\\/\\\/ellotv.com.br\\\/site\\\/#\\\/schema\\\/person\\\/2dbe3abaee38dcc7332fc8205cd2b15d\"},\"headline\":\"Ayrton Senna \u00e9 oficialmente reconhecido como Her\u00f3i da P\u00e1tria\",\"datePublished\":\"2026-07-13T11:27:54+00:00\",\"mainEntityOfPage\":{\"@id\":\"https:\\\/\\\/ellotv.com.br\\\/site\\\/2026\\\/07\\\/13\\\/ayrton-senna-e-oficialmente-reconhecido-como-heroi-da-patria\\\/\"},\"wordCount\":236,\"commentCount\":0,\"publisher\":{\"@id\":\"https:\\\/\\\/ellotv.com.br\\\/site\\\/#organization\"},\"image\":{\"@id\":\"https:\\\/\\\/ellotv.com.br\\\/site\\\/2026\\\/07\\\/13\\\/ayrton-senna-e-oficialmente-reconhecido-como-heroi-da-patria\\\/#primaryimage\"},\"thumbnailUrl\":\"https:\\\/\\\/ellotv.com.br\\\/site\\\/wp-content\\\/uploads\\\/2026\\\/07\\\/WhatsApp-Image-2026-07-12-at-11.31.02.jpeg\",\"articleSection\":[\"Brasil\",\"Noticias\"],\"inLanguage\":\"pt-BR\",\"potentialAction\":[{\"@type\":\"CommentAction\",\"name\":\"Comment\",\"target\":[\"https:\\\/\\\/ellotv.com.br\\\/site\\\/2026\\\/07\\\/13\\\/ayrton-senna-e-oficialmente-reconhecido-como-heroi-da-patria\\\/#respond\"]}]},{\"@type\":\"WebPage\",\"@id\":\"https:\\\/\\\/ellotv.com.br\\\/site\\\/2026\\\/07\\\/13\\\/ayrton-senna-e-oficialmente-reconhecido-como-heroi-da-patria\\\/\",\"url\":\"https:\\\/\\\/ellotv.com.br\\\/site\\\/2026\\\/07\\\/13\\\/ayrton-senna-e-oficialmente-reconhecido-como-heroi-da-patria\\\/\",\"name\":\"Ayrton Senna \u00e9 oficialmente reconhecido como Her\u00f3i da P\u00e1tria - Ello TV\",\"isPartOf\":{\"@id\":\"https:\\\/\\\/ellotv.com.br\\\/site\\\/#website\"},\"primaryImageOfPage\":{\"@id\":\"https:\\\/\\\/ellotv.com.br\\\/site\\\/2026\\\/07\\\/13\\\/ayrton-senna-e-oficialmente-reconhecido-como-heroi-da-patria\\\/#primaryimage\"},\"image\":{\"@id\":\"https:\\\/\\\/ellotv.com.br\\\/site\\\/2026\\\/07\\\/13\\\/ayrton-senna-e-oficialmente-reconhecido-como-heroi-da-patria\\\/#primaryimage\"},\"thumbnailUrl\":\"https:\\\/\\\/ellotv.com.br\\\/site\\\/wp-content\\\/uploads\\\/2026\\\/07\\\/WhatsApp-Image-2026-07-12-at-11.31.02.jpeg\",\"datePublished\":\"2026-07-13T11:27:54+00:00\",\"description\":\"Ayrton Senna \u00e9 reconhecido como Her\u00f3i da P\u00e1tria e tem nome inscrito no Pante\u00e3o da P\u00e1tria em Bras\u00edlia.\",\"breadcrumb\":{\"@id\":\"https:\\\/\\\/ellotv.com.br\\\/site\\\/2026\\\/07\\\/13\\\/ayrton-senna-e-oficialmente-reconhecido-como-heroi-da-patria\\\/#breadcrumb\"},\"inLanguage\":\"pt-BR\",\"potentialAction\":[{\"@type\":\"ReadAction\",\"target\":[\"https:\\\/\\\/ellotv.com.br\\\/site\\\/2026\\\/07\\\/13\\\/ayrton-senna-e-oficialmente-reconhecido-como-heroi-da-patria\\\/\"]}]},{\"@type\":\"ImageObject\",\"inLanguage\":\"pt-BR\",\"@id\":\"https:\\\/\\\/ellotv.com.br\\\/site\\\/2026\\\/07\\\/13\\\/ayrton-senna-e-oficialmente-reconhecido-como-heroi-da-patria\\\/#primaryimage\",\"url\":\"https:\\\/\\\/ellotv.com.br\\\/site\\\/wp-content\\\/uploads\\\/2026\\\/07\\\/WhatsApp-Image-2026-07-12-at-11.31.02.jpeg\",\"contentUrl\":\"https:\\\/\\\/ellotv.com.br\\\/site\\\/wp-content\\\/uploads\\\/2026\\\/07\\\/WhatsApp-Image-2026-07-12-at-11.31.02.jpeg\",\"width\":900,\"height\":1600},{\"@type\":\"BreadcrumbList\",\"@id\":\"https:\\\/\\\/ellotv.com.br\\\/site\\\/2026\\\/07\\\/13\\\/ayrton-senna-e-oficialmente-reconhecido-como-heroi-da-patria\\\/#breadcrumb\",\"itemListElement\":[{\"@type\":\"ListItem\",\"position\":1,\"name\":\"In\u00edcio\",\"item\":\"https:\\\/\\\/ellotv.com.br\\\/site\\\/\"},{\"@type\":\"ListItem\",\"position\":2,\"name\":\"Ayrton Senna \u00e9 oficialmente reconhecido como Her\u00f3i da P\u00e1tria\"}]},{\"@type\":\"WebSite\",\"@id\":\"https:\\\/\\\/ellotv.com.br\\\/site\\\/#website\",\"url\":\"https:\\\/\\\/ellotv.com.br\\\/site\\\/\",\"name\":\"ELLO TV\",\"description\":\"\",\"publisher\":{\"@id\":\"https:\\\/\\\/ellotv.com.br\\\/site\\\/#organization\"},\"potentialAction\":[{\"@type\":\"SearchAction\",\"target\":{\"@type\":\"EntryPoint\",\"urlTemplate\":\"https:\\\/\\\/ellotv.com.br\\\/site\\\/?s={search_term_string}\"},\"query-input\":{\"@type\":\"PropertyValueSpecification\",\"valueRequired\":true,\"valueName\":\"search_term_string\"}}],\"inLanguage\":\"pt-BR\"},{\"@type\":\"Organization\",\"@id\":\"https:\\\/\\\/ellotv.com.br\\\/site\\\/#organization\",\"name\":\"ELLO TV\",\"url\":\"https:\\\/\\\/ellotv.com.br\\\/site\\\/\",\"logo\":{\"@type\":\"ImageObject\",\"inLanguage\":\"pt-BR\",\"@id\":\"https:\\\/\\\/ellotv.com.br\\\/site\\\/#\\\/schema\\\/logo\\\/image\\\/\",\"url\":\"https:\\\/\\\/ellotv.com.br\\\/site\\\/wp-content\\\/uploads\\\/2025\\\/11\\\/ello-logo-2.fw_.png\",\"contentUrl\":\"https:\\\/\\\/ellotv.com.br\\\/site\\\/wp-content\\\/uploads\\\/2025\\\/11\\\/ello-logo-2.fw_.png\",\"width\":400,\"height\":146,\"caption\":\"ELLO TV\"},\"image\":{\"@id\":\"https:\\\/\\\/ellotv.com.br\\\/site\\\/#\\\/schema\\\/logo\\\/image\\\/\"}},{\"@type\":\"Person\",\"@id\":\"https:\\\/\\\/ellotv.com.br\\\/site\\\/#\\\/schema\\\/person\\\/2dbe3abaee38dcc7332fc8205cd2b15d\",\"name\":\"ELLO TV\",\"image\":{\"@type\":\"ImageObject\",\"inLanguage\":\"pt-BR\",\"@id\":\"https:\\\/\\\/secure.gravatar.com\\\/avatar\\\/c38242b9da8ec217ac3f0aaee31a54f7d7befb11b2b47fdbc8fb0fad60afa1c6?s=96&d=mm&r=g\",\"url\":\"https:\\\/\\\/secure.gravatar.com\\\/avatar\\\/c38242b9da8ec217ac3f0aaee31a54f7d7befb11b2b47fdbc8fb0fad60afa1c6?s=96&d=mm&r=g\",\"contentUrl\":\"https:\\\/\\\/secure.gravatar.com\\\/avatar\\\/c38242b9da8ec217ac3f0aaee31a54f7d7befb11b2b47fdbc8fb0fad60afa1c6?s=96&d=mm&r=g\",\"caption\":\"ELLO TV\"},\"url\":\"https:\\\/\\\/ellotv.com.br\\\/site\\\/author\\\/elloagencia\\\/\"}]}<\/script>\n<!-- \/ Yoast SEO plugin. -->","yoast_head_json":{"title":"Ayrton Senna \u00e9 oficialmente reconhecido como Her\u00f3i da P\u00e1tria - Ello TV","description":"Ayrton Senna \u00e9 reconhecido como Her\u00f3i da P\u00e1tria e tem nome inscrito no Pante\u00e3o da P\u00e1tria em Bras\u00edlia.","robots":{"index":"index","follow":"follow","max-snippet":"max-snippet:-1","max-image-preview":"max-image-preview:large","max-video-preview":"max-video-preview:-1"},"canonical":"https:\/\/ellotv.com.br\/site\/2026\/07\/13\/ayrton-senna-e-oficialmente-reconhecido-como-heroi-da-patria\/","og_locale":"pt_BR","og_type":"article","og_title":"Ayrton Senna \u00e9 oficialmente reconhecido como Her\u00f3i da P\u00e1tria - Ello TV","og_description":"Ayrton Senna \u00e9 reconhecido como Her\u00f3i da P\u00e1tria e tem nome inscrito no Pante\u00e3o da P\u00e1tria em Bras\u00edlia.","og_url":"https:\/\/ellotv.com.br\/site\/2026\/07\/13\/ayrton-senna-e-oficialmente-reconhecido-como-heroi-da-patria\/","og_site_name":"Ello TV","article_published_time":"2026-07-13T11:27:54+00:00","og_image":[{"width":900,"height":1600,"url":"https:\/\/ellotv.com.br\/site\/wp-content\/uploads\/2026\/07\/WhatsApp-Image-2026-07-12-at-11.31.02.jpeg","type":"image\/jpeg"}],"author":"ELLO TV","twitter_card":"summary_large_image","twitter_misc":{"Escrito por":"ELLO TV","Est. tempo de leitura":"1 minuto"},"schema":{"@context":"https:\/\/schema.org","@graph":[{"@type":"Article","@id":"https:\/\/ellotv.com.br\/site\/2026\/07\/13\/ayrton-senna-e-oficialmente-reconhecido-como-heroi-da-patria\/#article","isPartOf":{"@id":"https:\/\/ellotv.com.br\/site\/2026\/07\/13\/ayrton-senna-e-oficialmente-reconhecido-como-heroi-da-patria\/"},"author":{"name":"ELLO TV","@id":"https:\/\/ellotv.com.br\/site\/#\/schema\/person\/2dbe3abaee38dcc7332fc8205cd2b15d"},"headline":"Ayrton Senna \u00e9 oficialmente reconhecido como Her\u00f3i da P\u00e1tria","datePublished":"2026-07-13T11:27:54+00:00","mainEntityOfPage":{"@id":"https:\/\/ellotv.com.br\/site\/2026\/07\/13\/ayrton-senna-e-oficialmente-reconhecido-como-heroi-da-patria\/"},"wordCount":236,"commentCount":0,"publisher":{"@id":"https:\/\/ellotv.com.br\/site\/#organization"},"image":{"@id":"https:\/\/ellotv.com.br\/site\/2026\/07\/13\/ayrton-senna-e-oficialmente-reconhecido-como-heroi-da-patria\/#primaryimage"},"thumbnailUrl":"https:\/\/ellotv.com.br\/site\/wp-content\/uploads\/2026\/07\/WhatsApp-Image-2026-07-12-at-11.31.02.jpeg","articleSection":["Brasil","Noticias"],"inLanguage":"pt-BR","potentialAction":[{"@type":"CommentAction","name":"Comment","target":["https:\/\/ellotv.com.br\/site\/2026\/07\/13\/ayrton-senna-e-oficialmente-reconhecido-como-heroi-da-patria\/#respond"]}]},{"@type":"WebPage","@id":"https:\/\/ellotv.com.br\/site\/2026\/07\/13\/ayrton-senna-e-oficialmente-reconhecido-como-heroi-da-patria\/","url":"https:\/\/ellotv.com.br\/site\/2026\/07\/13\/ayrton-senna-e-oficialmente-reconhecido-como-heroi-da-patria\/","name":"Ayrton Senna \u00e9 oficialmente reconhecido como Her\u00f3i da P\u00e1tria - Ello TV","isPartOf":{"@id":"https:\/\/ellotv.com.br\/site\/#website"},"primaryImageOfPage":{"@id":"https:\/\/ellotv.com.br\/site\/2026\/07\/13\/ayrton-senna-e-oficialmente-reconhecido-como-heroi-da-patria\/#primaryimage"},"image":{"@id":"https:\/\/ellotv.com.br\/site\/2026\/07\/13\/ayrton-senna-e-oficialmente-reconhecido-como-heroi-da-patria\/#primaryimage"},"thumbnailUrl":"https:\/\/ellotv.com.br\/site\/wp-content\/uploads\/2026\/07\/WhatsApp-Image-2026-07-12-at-11.31.02.jpeg","datePublished":"2026-07-13T11:27:54+00:00","description":"Ayrton Senna \u00e9 reconhecido como Her\u00f3i da P\u00e1tria e tem nome inscrito no Pante\u00e3o da P\u00e1tria em Bras\u00edlia.","breadcrumb":{"@id":"https:\/\/ellotv.com.br\/site\/2026\/07\/13\/ayrton-senna-e-oficialmente-reconhecido-como-heroi-da-patria\/#breadcrumb"},"inLanguage":"pt-BR","potentialAction":[{"@type":"ReadAction","target":["https:\/\/ellotv.com.br\/site\/2026\/07\/13\/ayrton-senna-e-oficialmente-reconhecido-como-heroi-da-patria\/"]}]},{"@type":"ImageObject","inLanguage":"pt-BR","@id":"https:\/\/ellotv.com.br\/site\/2026\/07\/13\/ayrton-senna-e-oficialmente-reconhecido-como-heroi-da-patria\/#primaryimage","url":"https:\/\/ellotv.com.br\/site\/wp-content\/uploads\/2026\/07\/WhatsApp-Image-2026-07-12-at-11.31.02.jpeg","contentUrl":"https:\/\/ellotv.com.br\/site\/wp-content\/uploads\/2026\/07\/WhatsApp-Image-2026-07-12-at-11.31.02.jpeg","width":900,"height":1600},{"@type":"BreadcrumbList","@id":"https:\/\/ellotv.com.br\/site\/2026\/07\/13\/ayrton-senna-e-oficialmente-reconhecido-como-heroi-da-patria\/#breadcrumb","itemListElement":[{"@type":"ListItem","position":1,"name":"In\u00edcio","item":"https:\/\/ellotv.com.br\/site\/"},{"@type":"ListItem","position":2,"name":"Ayrton Senna \u00e9 oficialmente reconhecido como Her\u00f3i da P\u00e1tria"}]},{"@type":"WebSite","@id":"https:\/\/ellotv.com.br\/site\/#website","url":"https:\/\/ellotv.com.br\/site\/","name":"ELLO TV","description":"","publisher":{"@id":"https:\/\/ellotv.com.br\/site\/#organization"},"potentialAction":[{"@type":"SearchAction","target":{"@type":"EntryPoint","urlTemplate":"https:\/\/ellotv.com.br\/site\/?s={search_term_string}"},"query-input":{"@type":"PropertyValueSpecification","valueRequired":true,"valueName":"search_term_string"}}],"inLanguage":"pt-BR"},{"@type":"Organization","@id":"https:\/\/ellotv.com.br\/site\/#organization","name":"ELLO TV","url":"https:\/\/ellotv.com.br\/site\/","logo":{"@type":"ImageObject","inLanguage":"pt-BR","@id":"https:\/\/ellotv.com.br\/site\/#\/schema\/logo\/image\/","url":"https:\/\/ellotv.com.br\/site\/wp-content\/uploads\/2025\/11\/ello-logo-2.fw_.png","contentUrl":"https:\/\/ellotv.com.br\/site\/wp-content\/uploads\/2025\/11\/ello-logo-2.fw_.png","width":400,"height":146,"caption":"ELLO TV"},"image":{"@id":"https:\/\/ellotv.com.br\/site\/#\/schema\/logo\/image\/"}},{"@type":"Person","@id":"https:\/\/ellotv.com.br\/site\/#\/schema\/person\/2dbe3abaee38dcc7332fc8205cd2b15d","name":"ELLO TV","image":{"@type":"ImageObject","inLanguage":"pt-BR","@id":"https:\/\/secure.gravatar.com\/avatar\/c38242b9da8ec217ac3f0aaee31a54f7d7befb11b2b47fdbc8fb0fad60afa1c6?s=96&d=mm&r=g","url":"https:\/\/secure.gravatar.com\/avatar\/c38242b9da8ec217ac3f0aaee31a54f7d7befb11b2b47fdbc8fb0fad60afa1c6?s=96&d=mm&r=g","contentUrl":"https:\/\/secure.gravatar.com\/avatar\/c38242b9da8ec217ac3f0aaee31a54f7d7befb11b2b47fdbc8fb0fad60afa1c6?s=96&d=mm&r=g","caption":"ELLO TV"},"url":"https:\/\/ellotv.com.br\/site\/author\/elloagencia\/"}]}},"featured_image_urls":{"full":["https:\/\/ellotv.com.br\/site\/wp-content\/uploads\/2026\/07\/WhatsApp-Image-2026-07-12-at-11.31.02.jpeg",900,1600,false],"thumbnail":["https:\/\/ellotv.com.br\/site\/wp-content\/uploads\/2026\/07\/WhatsApp-Image-2026-07-12-at-11.31.02-150x150.jpeg",150,150,true],"medium":["https:\/\/ellotv.com.br\/site\/wp-content\/uploads\/2026\/07\/WhatsApp-Image-2026-07-12-at-11.31.02-169x300.jpeg",169,300,true],"medium_large":["https:\/\/ellotv.com.br\/site\/wp-content\/uploads\/2026\/07\/WhatsApp-Image-2026-07-12-at-11.31.02-768x1365.jpeg",640,1138,true],"large":["https:\/\/ellotv.com.br\/site\/wp-content\/uploads\/2026\/07\/WhatsApp-Image-2026-07-12-at-11.31.02-576x1024.jpeg",576,1024,true],"1536x1536":["https:\/\/ellotv.com.br\/site\/wp-content\/uploads\/2026\/07\/WhatsApp-Image-2026-07-12-at-11.31.02-864x1536.jpeg",864,1536,true],"2048x2048":["https:\/\/ellotv.com.br\/site\/wp-content\/uploads\/2026\/07\/WhatsApp-Image-2026-07-12-at-11.31.02.jpeg",900,1600,false],"darknews-slider-full":["https:\/\/ellotv.com.br\/site\/wp-content\/uploads\/2026\/07\/WhatsApp-Image-2026-07-12-at-11.31.02-900x720.jpeg",900,720,true],"darknews-featured":["https:\/\/ellotv.com.br\/site\/wp-content\/uploads\/2026\/07\/WhatsApp-Image-2026-07-12-at-11.31.02.jpeg",900,1600,false],"darknews-medium":["https:\/\/ellotv.com.br\/site\/wp-content\/uploads\/2026\/07\/WhatsApp-Image-2026-07-12-at-11.31.02-720x530.jpeg",720,530,true],"darknews-medium-square":["https:\/\/ellotv.com.br\/site\/wp-content\/uploads\/2026\/07\/WhatsApp-Image-2026-07-12-at-11.31.02-350x350.jpeg",350,350,true]},"author_info":{"info":["ELLO TV"]},"category_info":"<a href=\"https:\/\/ellotv.com.br\/site\/category\/brasil\/\" rel=\"category tag\">Brasil<\/a> <a href=\"https:\/\/ellotv.com.br\/site\/category\/noticias\/\" rel=\"category tag\">Noticias<\/a>","tag_info":"Noticias","comment_count":"0","_links":{"self":[{"href":"https:\/\/ellotv.com.br\/site\/wp-json\/wp\/v2\/posts\/6553","targetHints":{"allow":["GET"]}}],"collection":[{"href":"https:\/\/ellotv.com.br\/site\/wp-json\/wp\/v2\/posts"}],"about":[{"href":"https:\/\/ellotv.com.br\/site\/wp-json\/wp\/v2\/types\/post"}],"author":[{"embeddable":true,"href":"https:\/\/ellotv.com.br\/site\/wp-json\/wp\/v2\/users\/2"}],"replies":[{"embeddable":true,"href":"https:\/\/ellotv.com.br\/site\/wp-json\/wp\/v2\/comments?post=6553"}],"version-history":[{"count":1,"href":"https:\/\/ellotv.com.br\/site\/wp-json\/wp\/v2\/posts\/6553\/revisions"}],"predecessor-version":[{"id":6555,"href":"https:\/\/ellotv.com.br\/site\/wp-json\/wp\/v2\/posts\/6553\/revisions\/6555"}],"wp:featuredmedia":[{"embeddable":true,"href":"https:\/\/ellotv.com.br\/site\/wp-json\/wp\/v2\/media\/6554"}],"wp:attachment":[{"href":"https:\/\/ellotv.com.br\/site\/wp-json\/wp\/v2\/media?parent=6553"}],"wp:term":[{"taxonomy":"category","embeddable":true,"href":"https:\/\/ellotv.com.br\/site\/wp-json\/wp\/v2\/categories?post=6553"},{"taxonomy":"post_tag","embeddable":true,"href":"https:\/\/ellotv.com.br\/site\/wp-json\/wp\/v2\/tags?post=6553"}],"curies":[{"name":"wp","href":"https:\/\/api.w.org\/{rel}","templated":true}]}}