{"id":6565,"date":"2026-07-14T17:14:07","date_gmt":"2026-07-14T20:14:07","guid":{"rendered":"https:\/\/ellotv.com.br\/site\/?p=6565"},"modified":"2026-07-14T17:14:07","modified_gmt":"2026-07-14T20:14:07","slug":"pesquisa-aponta-empate-tecnico-na-disputa-pelo-governo-de-pernambuco-em-2026","status":"publish","type":"post","link":"https:\/\/ellotv.com.br\/site\/2026\/07\/14\/pesquisa-aponta-empate-tecnico-na-disputa-pelo-governo-de-pernambuco-em-2026\/","title":{"rendered":"Pesquisa aponta empate t\u00e9cnico na disputa pelo Governo de Pernambuco em 2026"},"content":{"rendered":"<p>Uma nova pesquisa do Instituto Conecta, divulgada nesta ter\u00e7a-feira (14), revela um cen\u00e1rio de equil\u00edbrio na corrida pelo Governo de Pernambuco em 2026.<\/p>\n<p><strong>Cen\u00e1rio estimulado<\/strong><\/p>\n<p>No levantamento, em que os nomes dos pr\u00e9-candidatos s\u00e3o apresentados sem associa\u00e7\u00e3o a apoios pol\u00edticos, a governadora Raquel Lyra (PSD) aparece com 42,4% das inten\u00e7\u00f5es de voto, enquanto Jo\u00e3o Campos (PSB) registra 40,4%, configurando empate t\u00e9cnico dentro da margem de erro de 2,14 pontos percentuais. Renan Hallais soma 0,7% e Ivan Moraes, 0,4%.<\/p>\n<p><strong>Influ\u00eancia dos apoios pol\u00edticos<\/strong><\/p>\n<p>A pesquisa tamb\u00e9m analisou cen\u00e1rios com associa\u00e7\u00e3o a lideran\u00e7as nacionais. Quando Jo\u00e3o Campos \u00e9 vinculado ao presidente Lula, ele alcan\u00e7a 45,1% das inten\u00e7\u00f5es de voto, contra 35,8% de Raquel Lyra associada a Ronaldo Caiado.<\/p>\n<p><strong>Mudan\u00e7as no cen\u00e1rio<\/strong><\/p>\n<p>Em outro recorte, com Raquel ligada a Fl\u00e1vio Bolsonaro, Jo\u00e3o Campos amplia a vantagem, chegando a 47,5%, enquanto a governadora registra 34,1%, evidenciando o impacto dos apoios pol\u00edticos na percep\u00e7\u00e3o do eleitorado.<\/p>\n<p><strong>Metodologia<\/strong><\/p>\n<p>O levantamento foi realizado entre os dias 8 e 11 de julho, com 2.100 entrevistas em 53 munic\u00edpios pernambucanos. O n\u00edvel de confian\u00e7a \u00e9 de 95%, com registro na Justi\u00e7a Eleitoral sob o n\u00famero PE-04263\/2026.<\/p>\n<p><strong>Disputa acirrada<\/strong><\/p>\n<p>Os dados refor\u00e7am um cen\u00e1rio competitivo na elei\u00e7\u00e3o estadual, com varia\u00e7\u00f5es significativas conforme o contexto pol\u00edtico apresentado ao eleitor.<\/p>\n","protected":false},"excerpt":{"rendered":"<p>Uma nova pesquisa do Instituto Conecta, divulgada nesta ter\u00e7a-feira (14), revela um cen\u00e1rio de equil\u00edbrio na corrida pelo<\/p>\n","protected":false},"author":2,"featured_media":6566,"comment_status":"open","ping_status":"open","sticky":false,"template":"","format":"standard","meta":{"footnotes":""},"categories":[12,9],"tags":[],"class_list":["post-6565","post","type-post","status-publish","format-standard","has-post-thumbnail","hentry","category-noticias","category-regional"],"yoast_head":"<!-- This site is optimized with the Yoast SEO plugin v28.3 - https:\/\/yoast.com\/product\/yoast-seo-wordpress\/ -->\n<title>Pesquisa aponta empate t\u00e9cnico na disputa pelo Governo de Pernambuco em 2026 - Ello TV<\/title>\n<meta name=\"description\" content=\"Pesquisa do Instituto Conecta aponta empate t\u00e9cnico entre Raquel Lyra e Jo\u00e3o Campos na disputa pelo Governo de Pernambuco em 2026.\" \/>\n<meta name=\"robots\" content=\"index, follow, max-snippet:-1, max-image-preview:large, max-video-preview:-1\" \/>\n<link rel=\"canonical\" href=\"https:\/\/ellotv.com.br\/site\/2026\/07\/14\/pesquisa-aponta-empate-tecnico-na-disputa-pelo-governo-de-pernambuco-em-2026\/\" \/>\n<meta property=\"og:locale\" content=\"pt_BR\" \/>\n<meta property=\"og:type\" content=\"article\" \/>\n<meta property=\"og:title\" content=\"Pesquisa aponta empate t\u00e9cnico na disputa pelo Governo de Pernambuco em 2026 - Ello TV\" \/>\n<meta property=\"og:description\" content=\"Pesquisa do Instituto Conecta aponta empate t\u00e9cnico entre Raquel Lyra e Jo\u00e3o Campos na disputa pelo Governo de Pernambuco em 2026.\" \/>\n<meta property=\"og:url\" content=\"https:\/\/ellotv.com.br\/site\/2026\/07\/14\/pesquisa-aponta-empate-tecnico-na-disputa-pelo-governo-de-pernambuco-em-2026\/\" \/>\n<meta property=\"og:site_name\" content=\"Ello TV\" \/>\n<meta property=\"article:published_time\" content=\"2026-07-14T20:14:07+00:00\" \/>\n<meta property=\"og:image\" content=\"https:\/\/ellotv.com.br\/site\/wp-content\/uploads\/2026\/07\/WhatsApp-Image-2026-07-14-at-14.48.48.jpeg\" \/>\n\t<meta property=\"og:image:width\" content=\"1198\" \/>\n\t<meta property=\"og:image:height\" content=\"1600\" \/>\n\t<meta property=\"og:image:type\" content=\"image\/jpeg\" \/>\n<meta name=\"author\" content=\"ELLO TV\" \/>\n<meta name=\"twitter:card\" content=\"summary_large_image\" \/>\n<meta name=\"twitter:label1\" content=\"Escrito por\" \/>\n\t<meta name=\"twitter:data1\" content=\"ELLO TV\" \/>\n\t<meta name=\"twitter:label2\" content=\"Est. tempo de leitura\" \/>\n\t<meta name=\"twitter:data2\" content=\"1 minuto\" \/>\n<script type=\"application\/ld+json\" class=\"yoast-schema-graph\">{\"@context\":\"https:\\\/\\\/schema.org\",\"@graph\":[{\"@type\":\"Article\",\"@id\":\"https:\\\/\\\/ellotv.com.br\\\/site\\\/2026\\\/07\\\/14\\\/pesquisa-aponta-empate-tecnico-na-disputa-pelo-governo-de-pernambuco-em-2026\\\/#article\",\"isPartOf\":{\"@id\":\"https:\\\/\\\/ellotv.com.br\\\/site\\\/2026\\\/07\\\/14\\\/pesquisa-aponta-empate-tecnico-na-disputa-pelo-governo-de-pernambuco-em-2026\\\/\"},\"author\":{\"name\":\"ELLO TV\",\"@id\":\"https:\\\/\\\/ellotv.com.br\\\/site\\\/#\\\/schema\\\/person\\\/2dbe3abaee38dcc7332fc8205cd2b15d\"},\"headline\":\"Pesquisa aponta empate t\u00e9cnico na disputa pelo Governo de Pernambuco em 2026\",\"datePublished\":\"2026-07-14T20:14:07+00:00\",\"mainEntityOfPage\":{\"@id\":\"https:\\\/\\\/ellotv.com.br\\\/site\\\/2026\\\/07\\\/14\\\/pesquisa-aponta-empate-tecnico-na-disputa-pelo-governo-de-pernambuco-em-2026\\\/\"},\"wordCount\":238,\"commentCount\":0,\"publisher\":{\"@id\":\"https:\\\/\\\/ellotv.com.br\\\/site\\\/#organization\"},\"image\":{\"@id\":\"https:\\\/\\\/ellotv.com.br\\\/site\\\/2026\\\/07\\\/14\\\/pesquisa-aponta-empate-tecnico-na-disputa-pelo-governo-de-pernambuco-em-2026\\\/#primaryimage\"},\"thumbnailUrl\":\"https:\\\/\\\/ellotv.com.br\\\/site\\\/wp-content\\\/uploads\\\/2026\\\/07\\\/WhatsApp-Image-2026-07-14-at-14.48.48.jpeg\",\"articleSection\":[\"Noticias\",\"Regional\"],\"inLanguage\":\"pt-BR\",\"potentialAction\":[{\"@type\":\"CommentAction\",\"name\":\"Comment\",\"target\":[\"https:\\\/\\\/ellotv.com.br\\\/site\\\/2026\\\/07\\\/14\\\/pesquisa-aponta-empate-tecnico-na-disputa-pelo-governo-de-pernambuco-em-2026\\\/#respond\"]}]},{\"@type\":\"WebPage\",\"@id\":\"https:\\\/\\\/ellotv.com.br\\\/site\\\/2026\\\/07\\\/14\\\/pesquisa-aponta-empate-tecnico-na-disputa-pelo-governo-de-pernambuco-em-2026\\\/\",\"url\":\"https:\\\/\\\/ellotv.com.br\\\/site\\\/2026\\\/07\\\/14\\\/pesquisa-aponta-empate-tecnico-na-disputa-pelo-governo-de-pernambuco-em-2026\\\/\",\"name\":\"Pesquisa aponta empate t\u00e9cnico na disputa pelo Governo de Pernambuco em 2026 - Ello TV\",\"isPartOf\":{\"@id\":\"https:\\\/\\\/ellotv.com.br\\\/site\\\/#website\"},\"primaryImageOfPage\":{\"@id\":\"https:\\\/\\\/ellotv.com.br\\\/site\\\/2026\\\/07\\\/14\\\/pesquisa-aponta-empate-tecnico-na-disputa-pelo-governo-de-pernambuco-em-2026\\\/#primaryimage\"},\"image\":{\"@id\":\"https:\\\/\\\/ellotv.com.br\\\/site\\\/2026\\\/07\\\/14\\\/pesquisa-aponta-empate-tecnico-na-disputa-pelo-governo-de-pernambuco-em-2026\\\/#primaryimage\"},\"thumbnailUrl\":\"https:\\\/\\\/ellotv.com.br\\\/site\\\/wp-content\\\/uploads\\\/2026\\\/07\\\/WhatsApp-Image-2026-07-14-at-14.48.48.jpeg\",\"datePublished\":\"2026-07-14T20:14:07+00:00\",\"description\":\"Pesquisa do Instituto Conecta aponta empate t\u00e9cnico entre Raquel Lyra e Jo\u00e3o Campos na disputa pelo Governo de Pernambuco em 2026.\",\"breadcrumb\":{\"@id\":\"https:\\\/\\\/ellotv.com.br\\\/site\\\/2026\\\/07\\\/14\\\/pesquisa-aponta-empate-tecnico-na-disputa-pelo-governo-de-pernambuco-em-2026\\\/#breadcrumb\"},\"inLanguage\":\"pt-BR\",\"potentialAction\":[{\"@type\":\"ReadAction\",\"target\":[\"https:\\\/\\\/ellotv.com.br\\\/site\\\/2026\\\/07\\\/14\\\/pesquisa-aponta-empate-tecnico-na-disputa-pelo-governo-de-pernambuco-em-2026\\\/\"]}]},{\"@type\":\"ImageObject\",\"inLanguage\":\"pt-BR\",\"@id\":\"https:\\\/\\\/ellotv.com.br\\\/site\\\/2026\\\/07\\\/14\\\/pesquisa-aponta-empate-tecnico-na-disputa-pelo-governo-de-pernambuco-em-2026\\\/#primaryimage\",\"url\":\"https:\\\/\\\/ellotv.com.br\\\/site\\\/wp-content\\\/uploads\\\/2026\\\/07\\\/WhatsApp-Image-2026-07-14-at-14.48.48.jpeg\",\"contentUrl\":\"https:\\\/\\\/ellotv.com.br\\\/site\\\/wp-content\\\/uploads\\\/2026\\\/07\\\/WhatsApp-Image-2026-07-14-at-14.48.48.jpeg\",\"width\":1198,\"height\":1600},{\"@type\":\"BreadcrumbList\",\"@id\":\"https:\\\/\\\/ellotv.com.br\\\/site\\\/2026\\\/07\\\/14\\\/pesquisa-aponta-empate-tecnico-na-disputa-pelo-governo-de-pernambuco-em-2026\\\/#breadcrumb\",\"itemListElement\":[{\"@type\":\"ListItem\",\"position\":1,\"name\":\"In\u00edcio\",\"item\":\"https:\\\/\\\/ellotv.com.br\\\/site\\\/\"},{\"@type\":\"ListItem\",\"position\":2,\"name\":\"Pesquisa aponta empate t\u00e9cnico na disputa pelo Governo de Pernambuco em 2026\"}]},{\"@type\":\"WebSite\",\"@id\":\"https:\\\/\\\/ellotv.com.br\\\/site\\\/#website\",\"url\":\"https:\\\/\\\/ellotv.com.br\\\/site\\\/\",\"name\":\"ELLO TV\",\"description\":\"\",\"publisher\":{\"@id\":\"https:\\\/\\\/ellotv.com.br\\\/site\\\/#organization\"},\"potentialAction\":[{\"@type\":\"SearchAction\",\"target\":{\"@type\":\"EntryPoint\",\"urlTemplate\":\"https:\\\/\\\/ellotv.com.br\\\/site\\\/?s={search_term_string}\"},\"query-input\":{\"@type\":\"PropertyValueSpecification\",\"valueRequired\":true,\"valueName\":\"search_term_string\"}}],\"inLanguage\":\"pt-BR\"},{\"@type\":\"Organization\",\"@id\":\"https:\\\/\\\/ellotv.com.br\\\/site\\\/#organization\",\"name\":\"ELLO TV\",\"url\":\"https:\\\/\\\/ellotv.com.br\\\/site\\\/\",\"logo\":{\"@type\":\"ImageObject\",\"inLanguage\":\"pt-BR\",\"@id\":\"https:\\\/\\\/ellotv.com.br\\\/site\\\/#\\\/schema\\\/logo\\\/image\\\/\",\"url\":\"https:\\\/\\\/ellotv.com.br\\\/site\\\/wp-content\\\/uploads\\\/2025\\\/11\\\/ello-logo-2.fw_.png\",\"contentUrl\":\"https:\\\/\\\/ellotv.com.br\\\/site\\\/wp-content\\\/uploads\\\/2025\\\/11\\\/ello-logo-2.fw_.png\",\"width\":400,\"height\":146,\"caption\":\"ELLO TV\"},\"image\":{\"@id\":\"https:\\\/\\\/ellotv.com.br\\\/site\\\/#\\\/schema\\\/logo\\\/image\\\/\"}},{\"@type\":\"Person\",\"@id\":\"https:\\\/\\\/ellotv.com.br\\\/site\\\/#\\\/schema\\\/person\\\/2dbe3abaee38dcc7332fc8205cd2b15d\",\"name\":\"ELLO TV\",\"image\":{\"@type\":\"ImageObject\",\"inLanguage\":\"pt-BR\",\"@id\":\"https:\\\/\\\/secure.gravatar.com\\\/avatar\\\/c38242b9da8ec217ac3f0aaee31a54f7d7befb11b2b47fdbc8fb0fad60afa1c6?s=96&d=mm&r=g\",\"url\":\"https:\\\/\\\/secure.gravatar.com\\\/avatar\\\/c38242b9da8ec217ac3f0aaee31a54f7d7befb11b2b47fdbc8fb0fad60afa1c6?s=96&d=mm&r=g\",\"contentUrl\":\"https:\\\/\\\/secure.gravatar.com\\\/avatar\\\/c38242b9da8ec217ac3f0aaee31a54f7d7befb11b2b47fdbc8fb0fad60afa1c6?s=96&d=mm&r=g\",\"caption\":\"ELLO TV\"},\"url\":\"https:\\\/\\\/ellotv.com.br\\\/site\\\/author\\\/elloagencia\\\/\"}]}<\/script>\n<!-- \/ Yoast SEO plugin. -->","yoast_head_json":{"title":"Pesquisa aponta empate t\u00e9cnico na disputa pelo Governo de Pernambuco em 2026 - Ello TV","description":"Pesquisa do Instituto Conecta aponta empate t\u00e9cnico entre Raquel Lyra e Jo\u00e3o Campos na disputa pelo Governo de Pernambuco em 2026.","robots":{"index":"index","follow":"follow","max-snippet":"max-snippet:-1","max-image-preview":"max-image-preview:large","max-video-preview":"max-video-preview:-1"},"canonical":"https:\/\/ellotv.com.br\/site\/2026\/07\/14\/pesquisa-aponta-empate-tecnico-na-disputa-pelo-governo-de-pernambuco-em-2026\/","og_locale":"pt_BR","og_type":"article","og_title":"Pesquisa aponta empate t\u00e9cnico na disputa pelo Governo de Pernambuco em 2026 - Ello TV","og_description":"Pesquisa do Instituto Conecta aponta empate t\u00e9cnico entre Raquel Lyra e Jo\u00e3o Campos na disputa pelo Governo de Pernambuco em 2026.","og_url":"https:\/\/ellotv.com.br\/site\/2026\/07\/14\/pesquisa-aponta-empate-tecnico-na-disputa-pelo-governo-de-pernambuco-em-2026\/","og_site_name":"Ello TV","article_published_time":"2026-07-14T20:14:07+00:00","og_image":[{"width":1198,"height":1600,"url":"https:\/\/ellotv.com.br\/site\/wp-content\/uploads\/2026\/07\/WhatsApp-Image-2026-07-14-at-14.48.48.jpeg","type":"image\/jpeg"}],"author":"ELLO TV","twitter_card":"summary_large_image","twitter_misc":{"Escrito por":"ELLO TV","Est. tempo de leitura":"1 minuto"},"schema":{"@context":"https:\/\/schema.org","@graph":[{"@type":"Article","@id":"https:\/\/ellotv.com.br\/site\/2026\/07\/14\/pesquisa-aponta-empate-tecnico-na-disputa-pelo-governo-de-pernambuco-em-2026\/#article","isPartOf":{"@id":"https:\/\/ellotv.com.br\/site\/2026\/07\/14\/pesquisa-aponta-empate-tecnico-na-disputa-pelo-governo-de-pernambuco-em-2026\/"},"author":{"name":"ELLO TV","@id":"https:\/\/ellotv.com.br\/site\/#\/schema\/person\/2dbe3abaee38dcc7332fc8205cd2b15d"},"headline":"Pesquisa aponta empate t\u00e9cnico na disputa pelo Governo de Pernambuco em 2026","datePublished":"2026-07-14T20:14:07+00:00","mainEntityOfPage":{"@id":"https:\/\/ellotv.com.br\/site\/2026\/07\/14\/pesquisa-aponta-empate-tecnico-na-disputa-pelo-governo-de-pernambuco-em-2026\/"},"wordCount":238,"commentCount":0,"publisher":{"@id":"https:\/\/ellotv.com.br\/site\/#organization"},"image":{"@id":"https:\/\/ellotv.com.br\/site\/2026\/07\/14\/pesquisa-aponta-empate-tecnico-na-disputa-pelo-governo-de-pernambuco-em-2026\/#primaryimage"},"thumbnailUrl":"https:\/\/ellotv.com.br\/site\/wp-content\/uploads\/2026\/07\/WhatsApp-Image-2026-07-14-at-14.48.48.jpeg","articleSection":["Noticias","Regional"],"inLanguage":"pt-BR","potentialAction":[{"@type":"CommentAction","name":"Comment","target":["https:\/\/ellotv.com.br\/site\/2026\/07\/14\/pesquisa-aponta-empate-tecnico-na-disputa-pelo-governo-de-pernambuco-em-2026\/#respond"]}]},{"@type":"WebPage","@id":"https:\/\/ellotv.com.br\/site\/2026\/07\/14\/pesquisa-aponta-empate-tecnico-na-disputa-pelo-governo-de-pernambuco-em-2026\/","url":"https:\/\/ellotv.com.br\/site\/2026\/07\/14\/pesquisa-aponta-empate-tecnico-na-disputa-pelo-governo-de-pernambuco-em-2026\/","name":"Pesquisa aponta empate t\u00e9cnico na disputa pelo Governo de Pernambuco em 2026 - Ello TV","isPartOf":{"@id":"https:\/\/ellotv.com.br\/site\/#website"},"primaryImageOfPage":{"@id":"https:\/\/ellotv.com.br\/site\/2026\/07\/14\/pesquisa-aponta-empate-tecnico-na-disputa-pelo-governo-de-pernambuco-em-2026\/#primaryimage"},"image":{"@id":"https:\/\/ellotv.com.br\/site\/2026\/07\/14\/pesquisa-aponta-empate-tecnico-na-disputa-pelo-governo-de-pernambuco-em-2026\/#primaryimage"},"thumbnailUrl":"https:\/\/ellotv.com.br\/site\/wp-content\/uploads\/2026\/07\/WhatsApp-Image-2026-07-14-at-14.48.48.jpeg","datePublished":"2026-07-14T20:14:07+00:00","description":"Pesquisa do Instituto Conecta aponta empate t\u00e9cnico entre Raquel Lyra e Jo\u00e3o Campos na disputa pelo Governo de Pernambuco em 2026.","breadcrumb":{"@id":"https:\/\/ellotv.com.br\/site\/2026\/07\/14\/pesquisa-aponta-empate-tecnico-na-disputa-pelo-governo-de-pernambuco-em-2026\/#breadcrumb"},"inLanguage":"pt-BR","potentialAction":[{"@type":"ReadAction","target":["https:\/\/ellotv.com.br\/site\/2026\/07\/14\/pesquisa-aponta-empate-tecnico-na-disputa-pelo-governo-de-pernambuco-em-2026\/"]}]},{"@type":"ImageObject","inLanguage":"pt-BR","@id":"https:\/\/ellotv.com.br\/site\/2026\/07\/14\/pesquisa-aponta-empate-tecnico-na-disputa-pelo-governo-de-pernambuco-em-2026\/#primaryimage","url":"https:\/\/ellotv.com.br\/site\/wp-content\/uploads\/2026\/07\/WhatsApp-Image-2026-07-14-at-14.48.48.jpeg","contentUrl":"https:\/\/ellotv.com.br\/site\/wp-content\/uploads\/2026\/07\/WhatsApp-Image-2026-07-14-at-14.48.48.jpeg","width":1198,"height":1600},{"@type":"BreadcrumbList","@id":"https:\/\/ellotv.com.br\/site\/2026\/07\/14\/pesquisa-aponta-empate-tecnico-na-disputa-pelo-governo-de-pernambuco-em-2026\/#breadcrumb","itemListElement":[{"@type":"ListItem","position":1,"name":"In\u00edcio","item":"https:\/\/ellotv.com.br\/site\/"},{"@type":"ListItem","position":2,"name":"Pesquisa aponta empate t\u00e9cnico na disputa pelo Governo de Pernambuco em 2026"}]},{"@type":"WebSite","@id":"https:\/\/ellotv.com.br\/site\/#website","url":"https:\/\/ellotv.com.br\/site\/","name":"ELLO TV","description":"","publisher":{"@id":"https:\/\/ellotv.com.br\/site\/#organization"},"potentialAction":[{"@type":"SearchAction","target":{"@type":"EntryPoint","urlTemplate":"https:\/\/ellotv.com.br\/site\/?s={search_term_string}"},"query-input":{"@type":"PropertyValueSpecification","valueRequired":true,"valueName":"search_term_string"}}],"inLanguage":"pt-BR"},{"@type":"Organization","@id":"https:\/\/ellotv.com.br\/site\/#organization","name":"ELLO TV","url":"https:\/\/ellotv.com.br\/site\/","logo":{"@type":"ImageObject","inLanguage":"pt-BR","@id":"https:\/\/ellotv.com.br\/site\/#\/schema\/logo\/image\/","url":"https:\/\/ellotv.com.br\/site\/wp-content\/uploads\/2025\/11\/ello-logo-2.fw_.png","contentUrl":"https:\/\/ellotv.com.br\/site\/wp-content\/uploads\/2025\/11\/ello-logo-2.fw_.png","width":400,"height":146,"caption":"ELLO TV"},"image":{"@id":"https:\/\/ellotv.com.br\/site\/#\/schema\/logo\/image\/"}},{"@type":"Person","@id":"https:\/\/ellotv.com.br\/site\/#\/schema\/person\/2dbe3abaee38dcc7332fc8205cd2b15d","name":"ELLO TV","image":{"@type":"ImageObject","inLanguage":"pt-BR","@id":"https:\/\/secure.gravatar.com\/avatar\/c38242b9da8ec217ac3f0aaee31a54f7d7befb11b2b47fdbc8fb0fad60afa1c6?s=96&d=mm&r=g","url":"https:\/\/secure.gravatar.com\/avatar\/c38242b9da8ec217ac3f0aaee31a54f7d7befb11b2b47fdbc8fb0fad60afa1c6?s=96&d=mm&r=g","contentUrl":"https:\/\/secure.gravatar.com\/avatar\/c38242b9da8ec217ac3f0aaee31a54f7d7befb11b2b47fdbc8fb0fad60afa1c6?s=96&d=mm&r=g","caption":"ELLO TV"},"url":"https:\/\/ellotv.com.br\/site\/author\/elloagencia\/"}]}},"featured_image_urls":{"full":["https:\/\/ellotv.com.br\/site\/wp-content\/uploads\/2026\/07\/WhatsApp-Image-2026-07-14-at-14.48.48.jpeg",1198,1600,false],"thumbnail":["https:\/\/ellotv.com.br\/site\/wp-content\/uploads\/2026\/07\/WhatsApp-Image-2026-07-14-at-14.48.48-150x150.jpeg",150,150,true],"medium":["https:\/\/ellotv.com.br\/site\/wp-content\/uploads\/2026\/07\/WhatsApp-Image-2026-07-14-at-14.48.48-225x300.jpeg",225,300,true],"medium_large":["https:\/\/ellotv.com.br\/site\/wp-content\/uploads\/2026\/07\/WhatsApp-Image-2026-07-14-at-14.48.48-768x1026.jpeg",640,855,true],"large":["https:\/\/ellotv.com.br\/site\/wp-content\/uploads\/2026\/07\/WhatsApp-Image-2026-07-14-at-14.48.48-767x1024.jpeg",640,854,true],"1536x1536":["https:\/\/ellotv.com.br\/site\/wp-content\/uploads\/2026\/07\/WhatsApp-Image-2026-07-14-at-14.48.48-1150x1536.jpeg",1150,1536,true],"2048x2048":["https:\/\/ellotv.com.br\/site\/wp-content\/uploads\/2026\/07\/WhatsApp-Image-2026-07-14-at-14.48.48.jpeg",1198,1600,false],"darknews-slider-full":["https:\/\/ellotv.com.br\/site\/wp-content\/uploads\/2026\/07\/WhatsApp-Image-2026-07-14-at-14.48.48-1198x720.jpeg",1198,720,true],"darknews-featured":["https:\/\/ellotv.com.br\/site\/wp-content\/uploads\/2026\/07\/WhatsApp-Image-2026-07-14-at-14.48.48-1024x1368.jpeg",1024,1368,true],"darknews-medium":["https:\/\/ellotv.com.br\/site\/wp-content\/uploads\/2026\/07\/WhatsApp-Image-2026-07-14-at-14.48.48-720x530.jpeg",720,530,true],"darknews-medium-square":["https:\/\/ellotv.com.br\/site\/wp-content\/uploads\/2026\/07\/WhatsApp-Image-2026-07-14-at-14.48.48-350x350.jpeg",350,350,true]},"author_info":{"info":["ELLO TV"]},"category_info":"<a href=\"https:\/\/ellotv.com.br\/site\/category\/noticias\/\" rel=\"category tag\">Noticias<\/a> <a href=\"https:\/\/ellotv.com.br\/site\/category\/regional\/\" rel=\"category tag\">Regional<\/a>","tag_info":"Regional","comment_count":"0","_links":{"self":[{"href":"https:\/\/ellotv.com.br\/site\/wp-json\/wp\/v2\/posts\/6565","targetHints":{"allow":["GET"]}}],"collection":[{"href":"https:\/\/ellotv.com.br\/site\/wp-json\/wp\/v2\/posts"}],"about":[{"href":"https:\/\/ellotv.com.br\/site\/wp-json\/wp\/v2\/types\/post"}],"author":[{"embeddable":true,"href":"https:\/\/ellotv.com.br\/site\/wp-json\/wp\/v2\/users\/2"}],"replies":[{"embeddable":true,"href":"https:\/\/ellotv.com.br\/site\/wp-json\/wp\/v2\/comments?post=6565"}],"version-history":[{"count":1,"href":"https:\/\/ellotv.com.br\/site\/wp-json\/wp\/v2\/posts\/6565\/revisions"}],"predecessor-version":[{"id":6567,"href":"https:\/\/ellotv.com.br\/site\/wp-json\/wp\/v2\/posts\/6565\/revisions\/6567"}],"wp:featuredmedia":[{"embeddable":true,"href":"https:\/\/ellotv.com.br\/site\/wp-json\/wp\/v2\/media\/6566"}],"wp:attachment":[{"href":"https:\/\/ellotv.com.br\/site\/wp-json\/wp\/v2\/media?parent=6565"}],"wp:term":[{"taxonomy":"category","embeddable":true,"href":"https:\/\/ellotv.com.br\/site\/wp-json\/wp\/v2\/categories?post=6565"},{"taxonomy":"post_tag","embeddable":true,"href":"https:\/\/ellotv.com.br\/site\/wp-json\/wp\/v2\/tags?post=6565"}],"curies":[{"name":"wp","href":"https:\/\/api.w.org\/{rel}","templated":true}]}}