{"id":6568,"date":"2026-07-15T11:13:03","date_gmt":"2026-07-15T14:13:03","guid":{"rendered":"https:\/\/ellotv.com.br\/site\/?p=6568"},"modified":"2026-07-15T11:13:03","modified_gmt":"2026-07-15T14:13:03","slug":"niltinho-de-jatiuca-declara-apoio-a-marconi-santana","status":"publish","type":"post","link":"https:\/\/ellotv.com.br\/site\/2026\/07\/15\/niltinho-de-jatiuca-declara-apoio-a-marconi-santana\/","title":{"rendered":"Niltinho de Jati\u00faca declara apoio a Marconi Santana"},"content":{"rendered":"<p>O ex-prefeito de Flores e pr\u00e9-candidato a deputado estadual, Marconi Santana, recebeu o apoio de mais uma lideran\u00e7a do Sert\u00e3o do Paje\u00fa. Niltinho de Jati\u00faca, com atua\u00e7\u00e3o no distrito de Jati\u00faca, em Santa Cruz da Baixa Verde, confirmou ades\u00e3o ao projeto pol\u00edtico.<\/p>\n<p><strong>Fortalecimento de alian\u00e7as<\/strong><\/p>\n<p>O encontro entre as lideran\u00e7as refor\u00e7a o movimento de aproxima\u00e7\u00e3o de Marconi com representantes municipais e distritais em diversas regi\u00f5es de Pernambuco.<\/p>\n<p><strong>Presen\u00e7a no munic\u00edpio<\/strong><\/p>\n<p>A chegada de Niltinho amplia a base de apoios em Santa Cruz da Baixa Verde, somando ao grupo uma lideran\u00e7a com forte v\u00ednculo com a comunidade local.<\/p>\n<p><strong>Articula\u00e7\u00e3o para 2026<\/strong><\/p>\n<p>A ades\u00e3o ocorre em um momento de intensifica\u00e7\u00e3o das articula\u00e7\u00f5es pol\u00edticas visando as elei\u00e7\u00f5es de 2026, per\u00edodo em que o pr\u00e9-candidato tem ampliado sua agenda de encontros.<\/p>\n<p><strong>Expans\u00e3o pol\u00edtica<\/strong><\/p>\n<p>Marconi Santana segue consolidando uma constru\u00e7\u00e3o pol\u00edtica que ultrapassa os limites de Flores, avan\u00e7ando por diferentes territ\u00f3rios do estado.<\/p>\n<p><strong>Caminhada em crescimento<\/strong><\/p>\n<p>Com o novo apoio, o pr\u00e9-candidato refor\u00e7a sua presen\u00e7a no Sert\u00e3o do Paje\u00fa e amplia sua rede de lideran\u00e7as aliadas.<\/p>\n","protected":false},"excerpt":{"rendered":"<p>O ex-prefeito de Flores e pr\u00e9-candidato a deputado estadual, Marconi Santana, recebeu o apoio de mais uma lideran\u00e7a<\/p>\n","protected":false},"author":2,"featured_media":6569,"comment_status":"open","ping_status":"open","sticky":false,"template":"","format":"standard","meta":{"footnotes":""},"categories":[12,9],"tags":[],"class_list":["post-6568","post","type-post","status-publish","format-standard","has-post-thumbnail","hentry","category-noticias","category-regional"],"yoast_head":"<!-- This site is optimized with the Yoast SEO plugin v28.3 - https:\/\/yoast.com\/product\/yoast-seo-wordpress\/ -->\n<title>Niltinho de Jati\u00faca declara apoio a Marconi Santana - Ello TV<\/title>\n<meta name=\"description\" content=\"Marconi Santana recebe apoio de Niltinho de Jati\u00faca e amplia base pol\u00edtica em Santa Cruz da Baixa Verde.\" \/>\n<meta name=\"robots\" content=\"index, follow, max-snippet:-1, max-image-preview:large, max-video-preview:-1\" \/>\n<link rel=\"canonical\" href=\"https:\/\/ellotv.com.br\/site\/2026\/07\/15\/niltinho-de-jatiuca-declara-apoio-a-marconi-santana\/\" \/>\n<meta property=\"og:locale\" content=\"pt_BR\" \/>\n<meta property=\"og:type\" content=\"article\" \/>\n<meta property=\"og:title\" content=\"Niltinho de Jati\u00faca declara apoio a Marconi Santana - Ello TV\" \/>\n<meta property=\"og:description\" content=\"Marconi Santana recebe apoio de Niltinho de Jati\u00faca e amplia base pol\u00edtica em Santa Cruz da Baixa Verde.\" \/>\n<meta property=\"og:url\" content=\"https:\/\/ellotv.com.br\/site\/2026\/07\/15\/niltinho-de-jatiuca-declara-apoio-a-marconi-santana\/\" \/>\n<meta property=\"og:site_name\" content=\"Ello TV\" \/>\n<meta property=\"article:published_time\" content=\"2026-07-15T14:13:03+00:00\" \/>\n<meta property=\"og:image\" content=\"https:\/\/ellotv.com.br\/site\/wp-content\/uploads\/2026\/07\/WhatsApp-Image-2026-07-14-at-20.42.05.jpeg\" \/>\n\t<meta property=\"og:image:width\" content=\"960\" \/>\n\t<meta property=\"og:image:height\" content=\"1280\" \/>\n\t<meta property=\"og:image:type\" content=\"image\/jpeg\" \/>\n<meta name=\"author\" content=\"ELLO TV\" \/>\n<meta name=\"twitter:card\" content=\"summary_large_image\" \/>\n<meta name=\"twitter:label1\" content=\"Escrito por\" \/>\n\t<meta name=\"twitter:data1\" content=\"ELLO TV\" \/>\n\t<meta name=\"twitter:label2\" content=\"Est. tempo de leitura\" \/>\n\t<meta name=\"twitter:data2\" content=\"1 minuto\" \/>\n<script type=\"application\/ld+json\" class=\"yoast-schema-graph\">{\"@context\":\"https:\\\/\\\/schema.org\",\"@graph\":[{\"@type\":\"Article\",\"@id\":\"https:\\\/\\\/ellotv.com.br\\\/site\\\/2026\\\/07\\\/15\\\/niltinho-de-jatiuca-declara-apoio-a-marconi-santana\\\/#article\",\"isPartOf\":{\"@id\":\"https:\\\/\\\/ellotv.com.br\\\/site\\\/2026\\\/07\\\/15\\\/niltinho-de-jatiuca-declara-apoio-a-marconi-santana\\\/\"},\"author\":{\"name\":\"ELLO TV\",\"@id\":\"https:\\\/\\\/ellotv.com.br\\\/site\\\/#\\\/schema\\\/person\\\/2dbe3abaee38dcc7332fc8205cd2b15d\"},\"headline\":\"Niltinho de Jati\u00faca declara apoio a Marconi Santana\",\"datePublished\":\"2026-07-15T14:13:03+00:00\",\"mainEntityOfPage\":{\"@id\":\"https:\\\/\\\/ellotv.com.br\\\/site\\\/2026\\\/07\\\/15\\\/niltinho-de-jatiuca-declara-apoio-a-marconi-santana\\\/\"},\"wordCount\":214,\"commentCount\":0,\"publisher\":{\"@id\":\"https:\\\/\\\/ellotv.com.br\\\/site\\\/#organization\"},\"image\":{\"@id\":\"https:\\\/\\\/ellotv.com.br\\\/site\\\/2026\\\/07\\\/15\\\/niltinho-de-jatiuca-declara-apoio-a-marconi-santana\\\/#primaryimage\"},\"thumbnailUrl\":\"https:\\\/\\\/ellotv.com.br\\\/site\\\/wp-content\\\/uploads\\\/2026\\\/07\\\/WhatsApp-Image-2026-07-14-at-20.42.05.jpeg\",\"articleSection\":[\"Noticias\",\"Regional\"],\"inLanguage\":\"pt-BR\",\"potentialAction\":[{\"@type\":\"CommentAction\",\"name\":\"Comment\",\"target\":[\"https:\\\/\\\/ellotv.com.br\\\/site\\\/2026\\\/07\\\/15\\\/niltinho-de-jatiuca-declara-apoio-a-marconi-santana\\\/#respond\"]}]},{\"@type\":\"WebPage\",\"@id\":\"https:\\\/\\\/ellotv.com.br\\\/site\\\/2026\\\/07\\\/15\\\/niltinho-de-jatiuca-declara-apoio-a-marconi-santana\\\/\",\"url\":\"https:\\\/\\\/ellotv.com.br\\\/site\\\/2026\\\/07\\\/15\\\/niltinho-de-jatiuca-declara-apoio-a-marconi-santana\\\/\",\"name\":\"Niltinho de Jati\u00faca declara apoio a Marconi Santana - Ello TV\",\"isPartOf\":{\"@id\":\"https:\\\/\\\/ellotv.com.br\\\/site\\\/#website\"},\"primaryImageOfPage\":{\"@id\":\"https:\\\/\\\/ellotv.com.br\\\/site\\\/2026\\\/07\\\/15\\\/niltinho-de-jatiuca-declara-apoio-a-marconi-santana\\\/#primaryimage\"},\"image\":{\"@id\":\"https:\\\/\\\/ellotv.com.br\\\/site\\\/2026\\\/07\\\/15\\\/niltinho-de-jatiuca-declara-apoio-a-marconi-santana\\\/#primaryimage\"},\"thumbnailUrl\":\"https:\\\/\\\/ellotv.com.br\\\/site\\\/wp-content\\\/uploads\\\/2026\\\/07\\\/WhatsApp-Image-2026-07-14-at-20.42.05.jpeg\",\"datePublished\":\"2026-07-15T14:13:03+00:00\",\"description\":\"Marconi Santana recebe apoio de Niltinho de Jati\u00faca e amplia base pol\u00edtica em Santa Cruz da Baixa Verde.\",\"breadcrumb\":{\"@id\":\"https:\\\/\\\/ellotv.com.br\\\/site\\\/2026\\\/07\\\/15\\\/niltinho-de-jatiuca-declara-apoio-a-marconi-santana\\\/#breadcrumb\"},\"inLanguage\":\"pt-BR\",\"potentialAction\":[{\"@type\":\"ReadAction\",\"target\":[\"https:\\\/\\\/ellotv.com.br\\\/site\\\/2026\\\/07\\\/15\\\/niltinho-de-jatiuca-declara-apoio-a-marconi-santana\\\/\"]}]},{\"@type\":\"ImageObject\",\"inLanguage\":\"pt-BR\",\"@id\":\"https:\\\/\\\/ellotv.com.br\\\/site\\\/2026\\\/07\\\/15\\\/niltinho-de-jatiuca-declara-apoio-a-marconi-santana\\\/#primaryimage\",\"url\":\"https:\\\/\\\/ellotv.com.br\\\/site\\\/wp-content\\\/uploads\\\/2026\\\/07\\\/WhatsApp-Image-2026-07-14-at-20.42.05.jpeg\",\"contentUrl\":\"https:\\\/\\\/ellotv.com.br\\\/site\\\/wp-content\\\/uploads\\\/2026\\\/07\\\/WhatsApp-Image-2026-07-14-at-20.42.05.jpeg\",\"width\":960,\"height\":1280},{\"@type\":\"BreadcrumbList\",\"@id\":\"https:\\\/\\\/ellotv.com.br\\\/site\\\/2026\\\/07\\\/15\\\/niltinho-de-jatiuca-declara-apoio-a-marconi-santana\\\/#breadcrumb\",\"itemListElement\":[{\"@type\":\"ListItem\",\"position\":1,\"name\":\"In\u00edcio\",\"item\":\"https:\\\/\\\/ellotv.com.br\\\/site\\\/\"},{\"@type\":\"ListItem\",\"position\":2,\"name\":\"Niltinho de Jati\u00faca declara apoio a Marconi Santana\"}]},{\"@type\":\"WebSite\",\"@id\":\"https:\\\/\\\/ellotv.com.br\\\/site\\\/#website\",\"url\":\"https:\\\/\\\/ellotv.com.br\\\/site\\\/\",\"name\":\"ELLO TV\",\"description\":\"\",\"publisher\":{\"@id\":\"https:\\\/\\\/ellotv.com.br\\\/site\\\/#organization\"},\"potentialAction\":[{\"@type\":\"SearchAction\",\"target\":{\"@type\":\"EntryPoint\",\"urlTemplate\":\"https:\\\/\\\/ellotv.com.br\\\/site\\\/?s={search_term_string}\"},\"query-input\":{\"@type\":\"PropertyValueSpecification\",\"valueRequired\":true,\"valueName\":\"search_term_string\"}}],\"inLanguage\":\"pt-BR\"},{\"@type\":\"Organization\",\"@id\":\"https:\\\/\\\/ellotv.com.br\\\/site\\\/#organization\",\"name\":\"ELLO TV\",\"url\":\"https:\\\/\\\/ellotv.com.br\\\/site\\\/\",\"logo\":{\"@type\":\"ImageObject\",\"inLanguage\":\"pt-BR\",\"@id\":\"https:\\\/\\\/ellotv.com.br\\\/site\\\/#\\\/schema\\\/logo\\\/image\\\/\",\"url\":\"https:\\\/\\\/ellotv.com.br\\\/site\\\/wp-content\\\/uploads\\\/2025\\\/11\\\/ello-logo-2.fw_.png\",\"contentUrl\":\"https:\\\/\\\/ellotv.com.br\\\/site\\\/wp-content\\\/uploads\\\/2025\\\/11\\\/ello-logo-2.fw_.png\",\"width\":400,\"height\":146,\"caption\":\"ELLO TV\"},\"image\":{\"@id\":\"https:\\\/\\\/ellotv.com.br\\\/site\\\/#\\\/schema\\\/logo\\\/image\\\/\"}},{\"@type\":\"Person\",\"@id\":\"https:\\\/\\\/ellotv.com.br\\\/site\\\/#\\\/schema\\\/person\\\/2dbe3abaee38dcc7332fc8205cd2b15d\",\"name\":\"ELLO TV\",\"image\":{\"@type\":\"ImageObject\",\"inLanguage\":\"pt-BR\",\"@id\":\"https:\\\/\\\/secure.gravatar.com\\\/avatar\\\/c38242b9da8ec217ac3f0aaee31a54f7d7befb11b2b47fdbc8fb0fad60afa1c6?s=96&d=mm&r=g\",\"url\":\"https:\\\/\\\/secure.gravatar.com\\\/avatar\\\/c38242b9da8ec217ac3f0aaee31a54f7d7befb11b2b47fdbc8fb0fad60afa1c6?s=96&d=mm&r=g\",\"contentUrl\":\"https:\\\/\\\/secure.gravatar.com\\\/avatar\\\/c38242b9da8ec217ac3f0aaee31a54f7d7befb11b2b47fdbc8fb0fad60afa1c6?s=96&d=mm&r=g\",\"caption\":\"ELLO TV\"},\"url\":\"https:\\\/\\\/ellotv.com.br\\\/site\\\/author\\\/elloagencia\\\/\"}]}<\/script>\n<!-- \/ Yoast SEO plugin. -->","yoast_head_json":{"title":"Niltinho de Jati\u00faca declara apoio a Marconi Santana - Ello TV","description":"Marconi Santana recebe apoio de Niltinho de Jati\u00faca e amplia base pol\u00edtica em Santa Cruz da Baixa Verde.","robots":{"index":"index","follow":"follow","max-snippet":"max-snippet:-1","max-image-preview":"max-image-preview:large","max-video-preview":"max-video-preview:-1"},"canonical":"https:\/\/ellotv.com.br\/site\/2026\/07\/15\/niltinho-de-jatiuca-declara-apoio-a-marconi-santana\/","og_locale":"pt_BR","og_type":"article","og_title":"Niltinho de Jati\u00faca declara apoio a Marconi Santana - Ello TV","og_description":"Marconi Santana recebe apoio de Niltinho de Jati\u00faca e amplia base pol\u00edtica em Santa Cruz da Baixa Verde.","og_url":"https:\/\/ellotv.com.br\/site\/2026\/07\/15\/niltinho-de-jatiuca-declara-apoio-a-marconi-santana\/","og_site_name":"Ello TV","article_published_time":"2026-07-15T14:13:03+00:00","og_image":[{"width":960,"height":1280,"url":"https:\/\/ellotv.com.br\/site\/wp-content\/uploads\/2026\/07\/WhatsApp-Image-2026-07-14-at-20.42.05.jpeg","type":"image\/jpeg"}],"author":"ELLO TV","twitter_card":"summary_large_image","twitter_misc":{"Escrito por":"ELLO TV","Est. tempo de leitura":"1 minuto"},"schema":{"@context":"https:\/\/schema.org","@graph":[{"@type":"Article","@id":"https:\/\/ellotv.com.br\/site\/2026\/07\/15\/niltinho-de-jatiuca-declara-apoio-a-marconi-santana\/#article","isPartOf":{"@id":"https:\/\/ellotv.com.br\/site\/2026\/07\/15\/niltinho-de-jatiuca-declara-apoio-a-marconi-santana\/"},"author":{"name":"ELLO TV","@id":"https:\/\/ellotv.com.br\/site\/#\/schema\/person\/2dbe3abaee38dcc7332fc8205cd2b15d"},"headline":"Niltinho de Jati\u00faca declara apoio a Marconi Santana","datePublished":"2026-07-15T14:13:03+00:00","mainEntityOfPage":{"@id":"https:\/\/ellotv.com.br\/site\/2026\/07\/15\/niltinho-de-jatiuca-declara-apoio-a-marconi-santana\/"},"wordCount":214,"commentCount":0,"publisher":{"@id":"https:\/\/ellotv.com.br\/site\/#organization"},"image":{"@id":"https:\/\/ellotv.com.br\/site\/2026\/07\/15\/niltinho-de-jatiuca-declara-apoio-a-marconi-santana\/#primaryimage"},"thumbnailUrl":"https:\/\/ellotv.com.br\/site\/wp-content\/uploads\/2026\/07\/WhatsApp-Image-2026-07-14-at-20.42.05.jpeg","articleSection":["Noticias","Regional"],"inLanguage":"pt-BR","potentialAction":[{"@type":"CommentAction","name":"Comment","target":["https:\/\/ellotv.com.br\/site\/2026\/07\/15\/niltinho-de-jatiuca-declara-apoio-a-marconi-santana\/#respond"]}]},{"@type":"WebPage","@id":"https:\/\/ellotv.com.br\/site\/2026\/07\/15\/niltinho-de-jatiuca-declara-apoio-a-marconi-santana\/","url":"https:\/\/ellotv.com.br\/site\/2026\/07\/15\/niltinho-de-jatiuca-declara-apoio-a-marconi-santana\/","name":"Niltinho de Jati\u00faca declara apoio a Marconi Santana - Ello TV","isPartOf":{"@id":"https:\/\/ellotv.com.br\/site\/#website"},"primaryImageOfPage":{"@id":"https:\/\/ellotv.com.br\/site\/2026\/07\/15\/niltinho-de-jatiuca-declara-apoio-a-marconi-santana\/#primaryimage"},"image":{"@id":"https:\/\/ellotv.com.br\/site\/2026\/07\/15\/niltinho-de-jatiuca-declara-apoio-a-marconi-santana\/#primaryimage"},"thumbnailUrl":"https:\/\/ellotv.com.br\/site\/wp-content\/uploads\/2026\/07\/WhatsApp-Image-2026-07-14-at-20.42.05.jpeg","datePublished":"2026-07-15T14:13:03+00:00","description":"Marconi Santana recebe apoio de Niltinho de Jati\u00faca e amplia base pol\u00edtica em Santa Cruz da Baixa Verde.","breadcrumb":{"@id":"https:\/\/ellotv.com.br\/site\/2026\/07\/15\/niltinho-de-jatiuca-declara-apoio-a-marconi-santana\/#breadcrumb"},"inLanguage":"pt-BR","potentialAction":[{"@type":"ReadAction","target":["https:\/\/ellotv.com.br\/site\/2026\/07\/15\/niltinho-de-jatiuca-declara-apoio-a-marconi-santana\/"]}]},{"@type":"ImageObject","inLanguage":"pt-BR","@id":"https:\/\/ellotv.com.br\/site\/2026\/07\/15\/niltinho-de-jatiuca-declara-apoio-a-marconi-santana\/#primaryimage","url":"https:\/\/ellotv.com.br\/site\/wp-content\/uploads\/2026\/07\/WhatsApp-Image-2026-07-14-at-20.42.05.jpeg","contentUrl":"https:\/\/ellotv.com.br\/site\/wp-content\/uploads\/2026\/07\/WhatsApp-Image-2026-07-14-at-20.42.05.jpeg","width":960,"height":1280},{"@type":"BreadcrumbList","@id":"https:\/\/ellotv.com.br\/site\/2026\/07\/15\/niltinho-de-jatiuca-declara-apoio-a-marconi-santana\/#breadcrumb","itemListElement":[{"@type":"ListItem","position":1,"name":"In\u00edcio","item":"https:\/\/ellotv.com.br\/site\/"},{"@type":"ListItem","position":2,"name":"Niltinho de Jati\u00faca declara apoio a Marconi Santana"}]},{"@type":"WebSite","@id":"https:\/\/ellotv.com.br\/site\/#website","url":"https:\/\/ellotv.com.br\/site\/","name":"ELLO TV","description":"","publisher":{"@id":"https:\/\/ellotv.com.br\/site\/#organization"},"potentialAction":[{"@type":"SearchAction","target":{"@type":"EntryPoint","urlTemplate":"https:\/\/ellotv.com.br\/site\/?s={search_term_string}"},"query-input":{"@type":"PropertyValueSpecification","valueRequired":true,"valueName":"search_term_string"}}],"inLanguage":"pt-BR"},{"@type":"Organization","@id":"https:\/\/ellotv.com.br\/site\/#organization","name":"ELLO TV","url":"https:\/\/ellotv.com.br\/site\/","logo":{"@type":"ImageObject","inLanguage":"pt-BR","@id":"https:\/\/ellotv.com.br\/site\/#\/schema\/logo\/image\/","url":"https:\/\/ellotv.com.br\/site\/wp-content\/uploads\/2025\/11\/ello-logo-2.fw_.png","contentUrl":"https:\/\/ellotv.com.br\/site\/wp-content\/uploads\/2025\/11\/ello-logo-2.fw_.png","width":400,"height":146,"caption":"ELLO TV"},"image":{"@id":"https:\/\/ellotv.com.br\/site\/#\/schema\/logo\/image\/"}},{"@type":"Person","@id":"https:\/\/ellotv.com.br\/site\/#\/schema\/person\/2dbe3abaee38dcc7332fc8205cd2b15d","name":"ELLO TV","image":{"@type":"ImageObject","inLanguage":"pt-BR","@id":"https:\/\/secure.gravatar.com\/avatar\/c38242b9da8ec217ac3f0aaee31a54f7d7befb11b2b47fdbc8fb0fad60afa1c6?s=96&d=mm&r=g","url":"https:\/\/secure.gravatar.com\/avatar\/c38242b9da8ec217ac3f0aaee31a54f7d7befb11b2b47fdbc8fb0fad60afa1c6?s=96&d=mm&r=g","contentUrl":"https:\/\/secure.gravatar.com\/avatar\/c38242b9da8ec217ac3f0aaee31a54f7d7befb11b2b47fdbc8fb0fad60afa1c6?s=96&d=mm&r=g","caption":"ELLO TV"},"url":"https:\/\/ellotv.com.br\/site\/author\/elloagencia\/"}]}},"featured_image_urls":{"full":["https:\/\/ellotv.com.br\/site\/wp-content\/uploads\/2026\/07\/WhatsApp-Image-2026-07-14-at-20.42.05.jpeg",960,1280,false],"thumbnail":["https:\/\/ellotv.com.br\/site\/wp-content\/uploads\/2026\/07\/WhatsApp-Image-2026-07-14-at-20.42.05-150x150.jpeg",150,150,true],"medium":["https:\/\/ellotv.com.br\/site\/wp-content\/uploads\/2026\/07\/WhatsApp-Image-2026-07-14-at-20.42.05-225x300.jpeg",225,300,true],"medium_large":["https:\/\/ellotv.com.br\/site\/wp-content\/uploads\/2026\/07\/WhatsApp-Image-2026-07-14-at-20.42.05-768x1024.jpeg",640,853,true],"large":["https:\/\/ellotv.com.br\/site\/wp-content\/uploads\/2026\/07\/WhatsApp-Image-2026-07-14-at-20.42.05-768x1024.jpeg",640,853,true],"1536x1536":["https:\/\/ellotv.com.br\/site\/wp-content\/uploads\/2026\/07\/WhatsApp-Image-2026-07-14-at-20.42.05.jpeg",960,1280,false],"2048x2048":["https:\/\/ellotv.com.br\/site\/wp-content\/uploads\/2026\/07\/WhatsApp-Image-2026-07-14-at-20.42.05.jpeg",960,1280,false],"darknews-slider-full":["https:\/\/ellotv.com.br\/site\/wp-content\/uploads\/2026\/07\/WhatsApp-Image-2026-07-14-at-20.42.05-960x720.jpeg",960,720,true],"darknews-featured":["https:\/\/ellotv.com.br\/site\/wp-content\/uploads\/2026\/07\/WhatsApp-Image-2026-07-14-at-20.42.05.jpeg",960,1280,false],"darknews-medium":["https:\/\/ellotv.com.br\/site\/wp-content\/uploads\/2026\/07\/WhatsApp-Image-2026-07-14-at-20.42.05-720x530.jpeg",720,530,true],"darknews-medium-square":["https:\/\/ellotv.com.br\/site\/wp-content\/uploads\/2026\/07\/WhatsApp-Image-2026-07-14-at-20.42.05-350x350.jpeg",350,350,true]},"author_info":{"info":["ELLO TV"]},"category_info":"<a href=\"https:\/\/ellotv.com.br\/site\/category\/noticias\/\" rel=\"category tag\">Noticias<\/a> <a href=\"https:\/\/ellotv.com.br\/site\/category\/regional\/\" rel=\"category tag\">Regional<\/a>","tag_info":"Regional","comment_count":"0","_links":{"self":[{"href":"https:\/\/ellotv.com.br\/site\/wp-json\/wp\/v2\/posts\/6568","targetHints":{"allow":["GET"]}}],"collection":[{"href":"https:\/\/ellotv.com.br\/site\/wp-json\/wp\/v2\/posts"}],"about":[{"href":"https:\/\/ellotv.com.br\/site\/wp-json\/wp\/v2\/types\/post"}],"author":[{"embeddable":true,"href":"https:\/\/ellotv.com.br\/site\/wp-json\/wp\/v2\/users\/2"}],"replies":[{"embeddable":true,"href":"https:\/\/ellotv.com.br\/site\/wp-json\/wp\/v2\/comments?post=6568"}],"version-history":[{"count":1,"href":"https:\/\/ellotv.com.br\/site\/wp-json\/wp\/v2\/posts\/6568\/revisions"}],"predecessor-version":[{"id":6570,"href":"https:\/\/ellotv.com.br\/site\/wp-json\/wp\/v2\/posts\/6568\/revisions\/6570"}],"wp:featuredmedia":[{"embeddable":true,"href":"https:\/\/ellotv.com.br\/site\/wp-json\/wp\/v2\/media\/6569"}],"wp:attachment":[{"href":"https:\/\/ellotv.com.br\/site\/wp-json\/wp\/v2\/media?parent=6568"}],"wp:term":[{"taxonomy":"category","embeddable":true,"href":"https:\/\/ellotv.com.br\/site\/wp-json\/wp\/v2\/categories?post=6568"},{"taxonomy":"post_tag","embeddable":true,"href":"https:\/\/ellotv.com.br\/site\/wp-json\/wp\/v2\/tags?post=6568"}],"curies":[{"name":"wp","href":"https:\/\/api.w.org\/{rel}","templated":true}]}}