{"id":6571,"date":"2026-07-15T11:14:22","date_gmt":"2026-07-15T14:14:22","guid":{"rendered":"https:\/\/ellotv.com.br\/site\/?p=6571"},"modified":"2026-07-15T11:14:22","modified_gmt":"2026-07-15T14:14:22","slug":"raquel-lyra-mantem-vantagem-sobre-joao-campos-e-conquista-indecisos-em-pernambuco","status":"publish","type":"post","link":"https:\/\/ellotv.com.br\/site\/2026\/07\/15\/raquel-lyra-mantem-vantagem-sobre-joao-campos-e-conquista-indecisos-em-pernambuco\/","title":{"rendered":"Raquel Lyra mant\u00e9m vantagem sobre Jo\u00e3o Campos e conquista indecisos em Pernambuco"},"content":{"rendered":"<p>A disputa pelo Governo de Pernambuco continua em ritmo intenso, com a governadora Raquel Lyra mantendo vantagem num\u00e9rica sobre Jo\u00e3o Campos nas pesquisas mais recentes.<\/p>\n<p><strong>Cen\u00e1rio competitivo<\/strong><\/p>\n<p>Os levantamentos indicam um cen\u00e1rio equilibrado, com varia\u00e7\u00f5es dentro da margem de erro em alguns recortes, mantendo a disputa aberta para 2026.<\/p>\n<p><strong>Movimento do eleitorado<\/strong><\/p>\n<p>Parte dos eleitores ainda indecisos tem demonstrado maior ades\u00e3o ao nome da governadora nos \u00faltimos meses, influenciando o desempenho nas pesquisas.<\/p>\n<p><strong>Impacto da gest\u00e3o<\/strong><\/p>\n<p>Analistas apontam que o ritmo de entregas e investimentos do Governo do Estado pode estar relacionado a esse movimento, com a\u00e7\u00f5es em \u00e1reas como infraestrutura, sa\u00fade, educa\u00e7\u00e3o e mobilidade.<\/p>\n<p><strong>Presen\u00e7a regional<\/strong><\/p>\n<p>As iniciativas t\u00eam ampliado a presen\u00e7a da gest\u00e3o estadual tanto no interior quanto na Regi\u00e3o Metropolitana, fortalecendo a percep\u00e7\u00e3o junto a diferentes segmentos da popula\u00e7\u00e3o.<\/p>\n<p><strong>Caminho para 2026<\/strong><\/p>\n<p>Mesmo com a vantagem num\u00e9rica, o cen\u00e1rio segue competitivo, com tend\u00eancia de consolida\u00e7\u00e3o de apoios e redu\u00e7\u00e3o do n\u00famero de indecisos ao longo do processo eleitoral.<\/p>\n","protected":false},"excerpt":{"rendered":"<p>A disputa pelo Governo de Pernambuco continua em ritmo intenso, com a governadora Raquel Lyra mantendo vantagem num\u00e9rica<\/p>\n","protected":false},"author":2,"featured_media":6572,"comment_status":"open","ping_status":"open","sticky":false,"template":"","format":"standard","meta":{"footnotes":""},"categories":[12,9],"tags":[],"class_list":["post-6571","post","type-post","status-publish","format-standard","has-post-thumbnail","hentry","category-noticias","category-regional"],"yoast_head":"<!-- This site is optimized with the Yoast SEO plugin v28.3 - https:\/\/yoast.com\/product\/yoast-seo-wordpress\/ -->\n<title>Raquel Lyra mant\u00e9m vantagem sobre Jo\u00e3o Campos e conquista indecisos em Pernambuco - Ello TV<\/title>\n<meta name=\"description\" content=\"Pesquisas indicam vantagem num\u00e9rica de Raquel Lyra em disputa acirrada pelo Governo de Pernambuco em 2026.\" \/>\n<meta name=\"robots\" content=\"index, follow, max-snippet:-1, max-image-preview:large, max-video-preview:-1\" \/>\n<link rel=\"canonical\" href=\"https:\/\/ellotv.com.br\/site\/2026\/07\/15\/raquel-lyra-mantem-vantagem-sobre-joao-campos-e-conquista-indecisos-em-pernambuco\/\" \/>\n<meta property=\"og:locale\" content=\"pt_BR\" \/>\n<meta property=\"og:type\" content=\"article\" \/>\n<meta property=\"og:title\" content=\"Raquel Lyra mant\u00e9m vantagem sobre Jo\u00e3o Campos e conquista indecisos em Pernambuco - Ello TV\" \/>\n<meta property=\"og:description\" content=\"Pesquisas indicam vantagem num\u00e9rica de Raquel Lyra em disputa acirrada pelo Governo de Pernambuco em 2026.\" \/>\n<meta property=\"og:url\" content=\"https:\/\/ellotv.com.br\/site\/2026\/07\/15\/raquel-lyra-mantem-vantagem-sobre-joao-campos-e-conquista-indecisos-em-pernambuco\/\" \/>\n<meta property=\"og:site_name\" content=\"Ello TV\" \/>\n<meta property=\"article:published_time\" content=\"2026-07-15T14:14:22+00:00\" \/>\n<meta property=\"og:image\" content=\"https:\/\/ellotv.com.br\/site\/wp-content\/uploads\/2026\/07\/WhatsApp-Image-2026-07-15-at-08.33.59.jpeg\" \/>\n\t<meta property=\"og:image:width\" content=\"1200\" \/>\n\t<meta property=\"og:image:height\" content=\"1600\" \/>\n\t<meta property=\"og:image:type\" content=\"image\/jpeg\" \/>\n<meta name=\"author\" content=\"ELLO TV\" \/>\n<meta name=\"twitter:card\" content=\"summary_large_image\" \/>\n<meta name=\"twitter:label1\" content=\"Escrito por\" \/>\n\t<meta name=\"twitter:data1\" content=\"ELLO TV\" \/>\n\t<meta name=\"twitter:label2\" content=\"Est. tempo de leitura\" \/>\n\t<meta name=\"twitter:data2\" content=\"1 minuto\" \/>\n<script type=\"application\/ld+json\" class=\"yoast-schema-graph\">{\"@context\":\"https:\\\/\\\/schema.org\",\"@graph\":[{\"@type\":\"Article\",\"@id\":\"https:\\\/\\\/ellotv.com.br\\\/site\\\/2026\\\/07\\\/15\\\/raquel-lyra-mantem-vantagem-sobre-joao-campos-e-conquista-indecisos-em-pernambuco\\\/#article\",\"isPartOf\":{\"@id\":\"https:\\\/\\\/ellotv.com.br\\\/site\\\/2026\\\/07\\\/15\\\/raquel-lyra-mantem-vantagem-sobre-joao-campos-e-conquista-indecisos-em-pernambuco\\\/\"},\"author\":{\"name\":\"ELLO TV\",\"@id\":\"https:\\\/\\\/ellotv.com.br\\\/site\\\/#\\\/schema\\\/person\\\/2dbe3abaee38dcc7332fc8205cd2b15d\"},\"headline\":\"Raquel Lyra mant\u00e9m vantagem sobre Jo\u00e3o Campos e conquista indecisos em Pernambuco\",\"datePublished\":\"2026-07-15T14:14:22+00:00\",\"mainEntityOfPage\":{\"@id\":\"https:\\\/\\\/ellotv.com.br\\\/site\\\/2026\\\/07\\\/15\\\/raquel-lyra-mantem-vantagem-sobre-joao-campos-e-conquista-indecisos-em-pernambuco\\\/\"},\"wordCount\":196,\"commentCount\":0,\"publisher\":{\"@id\":\"https:\\\/\\\/ellotv.com.br\\\/site\\\/#organization\"},\"image\":{\"@id\":\"https:\\\/\\\/ellotv.com.br\\\/site\\\/2026\\\/07\\\/15\\\/raquel-lyra-mantem-vantagem-sobre-joao-campos-e-conquista-indecisos-em-pernambuco\\\/#primaryimage\"},\"thumbnailUrl\":\"https:\\\/\\\/ellotv.com.br\\\/site\\\/wp-content\\\/uploads\\\/2026\\\/07\\\/WhatsApp-Image-2026-07-15-at-08.33.59.jpeg\",\"articleSection\":[\"Noticias\",\"Regional\"],\"inLanguage\":\"pt-BR\",\"potentialAction\":[{\"@type\":\"CommentAction\",\"name\":\"Comment\",\"target\":[\"https:\\\/\\\/ellotv.com.br\\\/site\\\/2026\\\/07\\\/15\\\/raquel-lyra-mantem-vantagem-sobre-joao-campos-e-conquista-indecisos-em-pernambuco\\\/#respond\"]}]},{\"@type\":\"WebPage\",\"@id\":\"https:\\\/\\\/ellotv.com.br\\\/site\\\/2026\\\/07\\\/15\\\/raquel-lyra-mantem-vantagem-sobre-joao-campos-e-conquista-indecisos-em-pernambuco\\\/\",\"url\":\"https:\\\/\\\/ellotv.com.br\\\/site\\\/2026\\\/07\\\/15\\\/raquel-lyra-mantem-vantagem-sobre-joao-campos-e-conquista-indecisos-em-pernambuco\\\/\",\"name\":\"Raquel Lyra mant\u00e9m vantagem sobre Jo\u00e3o Campos e conquista indecisos em Pernambuco - Ello TV\",\"isPartOf\":{\"@id\":\"https:\\\/\\\/ellotv.com.br\\\/site\\\/#website\"},\"primaryImageOfPage\":{\"@id\":\"https:\\\/\\\/ellotv.com.br\\\/site\\\/2026\\\/07\\\/15\\\/raquel-lyra-mantem-vantagem-sobre-joao-campos-e-conquista-indecisos-em-pernambuco\\\/#primaryimage\"},\"image\":{\"@id\":\"https:\\\/\\\/ellotv.com.br\\\/site\\\/2026\\\/07\\\/15\\\/raquel-lyra-mantem-vantagem-sobre-joao-campos-e-conquista-indecisos-em-pernambuco\\\/#primaryimage\"},\"thumbnailUrl\":\"https:\\\/\\\/ellotv.com.br\\\/site\\\/wp-content\\\/uploads\\\/2026\\\/07\\\/WhatsApp-Image-2026-07-15-at-08.33.59.jpeg\",\"datePublished\":\"2026-07-15T14:14:22+00:00\",\"description\":\"Pesquisas indicam vantagem num\u00e9rica de Raquel Lyra em disputa acirrada pelo Governo de Pernambuco em 2026.\",\"breadcrumb\":{\"@id\":\"https:\\\/\\\/ellotv.com.br\\\/site\\\/2026\\\/07\\\/15\\\/raquel-lyra-mantem-vantagem-sobre-joao-campos-e-conquista-indecisos-em-pernambuco\\\/#breadcrumb\"},\"inLanguage\":\"pt-BR\",\"potentialAction\":[{\"@type\":\"ReadAction\",\"target\":[\"https:\\\/\\\/ellotv.com.br\\\/site\\\/2026\\\/07\\\/15\\\/raquel-lyra-mantem-vantagem-sobre-joao-campos-e-conquista-indecisos-em-pernambuco\\\/\"]}]},{\"@type\":\"ImageObject\",\"inLanguage\":\"pt-BR\",\"@id\":\"https:\\\/\\\/ellotv.com.br\\\/site\\\/2026\\\/07\\\/15\\\/raquel-lyra-mantem-vantagem-sobre-joao-campos-e-conquista-indecisos-em-pernambuco\\\/#primaryimage\",\"url\":\"https:\\\/\\\/ellotv.com.br\\\/site\\\/wp-content\\\/uploads\\\/2026\\\/07\\\/WhatsApp-Image-2026-07-15-at-08.33.59.jpeg\",\"contentUrl\":\"https:\\\/\\\/ellotv.com.br\\\/site\\\/wp-content\\\/uploads\\\/2026\\\/07\\\/WhatsApp-Image-2026-07-15-at-08.33.59.jpeg\",\"width\":1200,\"height\":1600},{\"@type\":\"BreadcrumbList\",\"@id\":\"https:\\\/\\\/ellotv.com.br\\\/site\\\/2026\\\/07\\\/15\\\/raquel-lyra-mantem-vantagem-sobre-joao-campos-e-conquista-indecisos-em-pernambuco\\\/#breadcrumb\",\"itemListElement\":[{\"@type\":\"ListItem\",\"position\":1,\"name\":\"In\u00edcio\",\"item\":\"https:\\\/\\\/ellotv.com.br\\\/site\\\/\"},{\"@type\":\"ListItem\",\"position\":2,\"name\":\"Raquel Lyra mant\u00e9m vantagem sobre Jo\u00e3o Campos e conquista indecisos em Pernambuco\"}]},{\"@type\":\"WebSite\",\"@id\":\"https:\\\/\\\/ellotv.com.br\\\/site\\\/#website\",\"url\":\"https:\\\/\\\/ellotv.com.br\\\/site\\\/\",\"name\":\"ELLO TV\",\"description\":\"\",\"publisher\":{\"@id\":\"https:\\\/\\\/ellotv.com.br\\\/site\\\/#organization\"},\"potentialAction\":[{\"@type\":\"SearchAction\",\"target\":{\"@type\":\"EntryPoint\",\"urlTemplate\":\"https:\\\/\\\/ellotv.com.br\\\/site\\\/?s={search_term_string}\"},\"query-input\":{\"@type\":\"PropertyValueSpecification\",\"valueRequired\":true,\"valueName\":\"search_term_string\"}}],\"inLanguage\":\"pt-BR\"},{\"@type\":\"Organization\",\"@id\":\"https:\\\/\\\/ellotv.com.br\\\/site\\\/#organization\",\"name\":\"ELLO TV\",\"url\":\"https:\\\/\\\/ellotv.com.br\\\/site\\\/\",\"logo\":{\"@type\":\"ImageObject\",\"inLanguage\":\"pt-BR\",\"@id\":\"https:\\\/\\\/ellotv.com.br\\\/site\\\/#\\\/schema\\\/logo\\\/image\\\/\",\"url\":\"https:\\\/\\\/ellotv.com.br\\\/site\\\/wp-content\\\/uploads\\\/2025\\\/11\\\/ello-logo-2.fw_.png\",\"contentUrl\":\"https:\\\/\\\/ellotv.com.br\\\/site\\\/wp-content\\\/uploads\\\/2025\\\/11\\\/ello-logo-2.fw_.png\",\"width\":400,\"height\":146,\"caption\":\"ELLO TV\"},\"image\":{\"@id\":\"https:\\\/\\\/ellotv.com.br\\\/site\\\/#\\\/schema\\\/logo\\\/image\\\/\"}},{\"@type\":\"Person\",\"@id\":\"https:\\\/\\\/ellotv.com.br\\\/site\\\/#\\\/schema\\\/person\\\/2dbe3abaee38dcc7332fc8205cd2b15d\",\"name\":\"ELLO TV\",\"image\":{\"@type\":\"ImageObject\",\"inLanguage\":\"pt-BR\",\"@id\":\"https:\\\/\\\/secure.gravatar.com\\\/avatar\\\/c38242b9da8ec217ac3f0aaee31a54f7d7befb11b2b47fdbc8fb0fad60afa1c6?s=96&d=mm&r=g\",\"url\":\"https:\\\/\\\/secure.gravatar.com\\\/avatar\\\/c38242b9da8ec217ac3f0aaee31a54f7d7befb11b2b47fdbc8fb0fad60afa1c6?s=96&d=mm&r=g\",\"contentUrl\":\"https:\\\/\\\/secure.gravatar.com\\\/avatar\\\/c38242b9da8ec217ac3f0aaee31a54f7d7befb11b2b47fdbc8fb0fad60afa1c6?s=96&d=mm&r=g\",\"caption\":\"ELLO TV\"},\"url\":\"https:\\\/\\\/ellotv.com.br\\\/site\\\/author\\\/elloagencia\\\/\"}]}<\/script>\n<!-- \/ Yoast SEO plugin. -->","yoast_head_json":{"title":"Raquel Lyra mant\u00e9m vantagem sobre Jo\u00e3o Campos e conquista indecisos em Pernambuco - Ello TV","description":"Pesquisas indicam vantagem num\u00e9rica de Raquel Lyra em disputa acirrada pelo Governo de Pernambuco em 2026.","robots":{"index":"index","follow":"follow","max-snippet":"max-snippet:-1","max-image-preview":"max-image-preview:large","max-video-preview":"max-video-preview:-1"},"canonical":"https:\/\/ellotv.com.br\/site\/2026\/07\/15\/raquel-lyra-mantem-vantagem-sobre-joao-campos-e-conquista-indecisos-em-pernambuco\/","og_locale":"pt_BR","og_type":"article","og_title":"Raquel Lyra mant\u00e9m vantagem sobre Jo\u00e3o Campos e conquista indecisos em Pernambuco - Ello TV","og_description":"Pesquisas indicam vantagem num\u00e9rica de Raquel Lyra em disputa acirrada pelo Governo de Pernambuco em 2026.","og_url":"https:\/\/ellotv.com.br\/site\/2026\/07\/15\/raquel-lyra-mantem-vantagem-sobre-joao-campos-e-conquista-indecisos-em-pernambuco\/","og_site_name":"Ello TV","article_published_time":"2026-07-15T14:14:22+00:00","og_image":[{"width":1200,"height":1600,"url":"https:\/\/ellotv.com.br\/site\/wp-content\/uploads\/2026\/07\/WhatsApp-Image-2026-07-15-at-08.33.59.jpeg","type":"image\/jpeg"}],"author":"ELLO TV","twitter_card":"summary_large_image","twitter_misc":{"Escrito por":"ELLO TV","Est. tempo de leitura":"1 minuto"},"schema":{"@context":"https:\/\/schema.org","@graph":[{"@type":"Article","@id":"https:\/\/ellotv.com.br\/site\/2026\/07\/15\/raquel-lyra-mantem-vantagem-sobre-joao-campos-e-conquista-indecisos-em-pernambuco\/#article","isPartOf":{"@id":"https:\/\/ellotv.com.br\/site\/2026\/07\/15\/raquel-lyra-mantem-vantagem-sobre-joao-campos-e-conquista-indecisos-em-pernambuco\/"},"author":{"name":"ELLO TV","@id":"https:\/\/ellotv.com.br\/site\/#\/schema\/person\/2dbe3abaee38dcc7332fc8205cd2b15d"},"headline":"Raquel Lyra mant\u00e9m vantagem sobre Jo\u00e3o Campos e conquista indecisos em Pernambuco","datePublished":"2026-07-15T14:14:22+00:00","mainEntityOfPage":{"@id":"https:\/\/ellotv.com.br\/site\/2026\/07\/15\/raquel-lyra-mantem-vantagem-sobre-joao-campos-e-conquista-indecisos-em-pernambuco\/"},"wordCount":196,"commentCount":0,"publisher":{"@id":"https:\/\/ellotv.com.br\/site\/#organization"},"image":{"@id":"https:\/\/ellotv.com.br\/site\/2026\/07\/15\/raquel-lyra-mantem-vantagem-sobre-joao-campos-e-conquista-indecisos-em-pernambuco\/#primaryimage"},"thumbnailUrl":"https:\/\/ellotv.com.br\/site\/wp-content\/uploads\/2026\/07\/WhatsApp-Image-2026-07-15-at-08.33.59.jpeg","articleSection":["Noticias","Regional"],"inLanguage":"pt-BR","potentialAction":[{"@type":"CommentAction","name":"Comment","target":["https:\/\/ellotv.com.br\/site\/2026\/07\/15\/raquel-lyra-mantem-vantagem-sobre-joao-campos-e-conquista-indecisos-em-pernambuco\/#respond"]}]},{"@type":"WebPage","@id":"https:\/\/ellotv.com.br\/site\/2026\/07\/15\/raquel-lyra-mantem-vantagem-sobre-joao-campos-e-conquista-indecisos-em-pernambuco\/","url":"https:\/\/ellotv.com.br\/site\/2026\/07\/15\/raquel-lyra-mantem-vantagem-sobre-joao-campos-e-conquista-indecisos-em-pernambuco\/","name":"Raquel Lyra mant\u00e9m vantagem sobre Jo\u00e3o Campos e conquista indecisos em Pernambuco - Ello TV","isPartOf":{"@id":"https:\/\/ellotv.com.br\/site\/#website"},"primaryImageOfPage":{"@id":"https:\/\/ellotv.com.br\/site\/2026\/07\/15\/raquel-lyra-mantem-vantagem-sobre-joao-campos-e-conquista-indecisos-em-pernambuco\/#primaryimage"},"image":{"@id":"https:\/\/ellotv.com.br\/site\/2026\/07\/15\/raquel-lyra-mantem-vantagem-sobre-joao-campos-e-conquista-indecisos-em-pernambuco\/#primaryimage"},"thumbnailUrl":"https:\/\/ellotv.com.br\/site\/wp-content\/uploads\/2026\/07\/WhatsApp-Image-2026-07-15-at-08.33.59.jpeg","datePublished":"2026-07-15T14:14:22+00:00","description":"Pesquisas indicam vantagem num\u00e9rica de Raquel Lyra em disputa acirrada pelo Governo de Pernambuco em 2026.","breadcrumb":{"@id":"https:\/\/ellotv.com.br\/site\/2026\/07\/15\/raquel-lyra-mantem-vantagem-sobre-joao-campos-e-conquista-indecisos-em-pernambuco\/#breadcrumb"},"inLanguage":"pt-BR","potentialAction":[{"@type":"ReadAction","target":["https:\/\/ellotv.com.br\/site\/2026\/07\/15\/raquel-lyra-mantem-vantagem-sobre-joao-campos-e-conquista-indecisos-em-pernambuco\/"]}]},{"@type":"ImageObject","inLanguage":"pt-BR","@id":"https:\/\/ellotv.com.br\/site\/2026\/07\/15\/raquel-lyra-mantem-vantagem-sobre-joao-campos-e-conquista-indecisos-em-pernambuco\/#primaryimage","url":"https:\/\/ellotv.com.br\/site\/wp-content\/uploads\/2026\/07\/WhatsApp-Image-2026-07-15-at-08.33.59.jpeg","contentUrl":"https:\/\/ellotv.com.br\/site\/wp-content\/uploads\/2026\/07\/WhatsApp-Image-2026-07-15-at-08.33.59.jpeg","width":1200,"height":1600},{"@type":"BreadcrumbList","@id":"https:\/\/ellotv.com.br\/site\/2026\/07\/15\/raquel-lyra-mantem-vantagem-sobre-joao-campos-e-conquista-indecisos-em-pernambuco\/#breadcrumb","itemListElement":[{"@type":"ListItem","position":1,"name":"In\u00edcio","item":"https:\/\/ellotv.com.br\/site\/"},{"@type":"ListItem","position":2,"name":"Raquel Lyra mant\u00e9m vantagem sobre Jo\u00e3o Campos e conquista indecisos em Pernambuco"}]},{"@type":"WebSite","@id":"https:\/\/ellotv.com.br\/site\/#website","url":"https:\/\/ellotv.com.br\/site\/","name":"ELLO TV","description":"","publisher":{"@id":"https:\/\/ellotv.com.br\/site\/#organization"},"potentialAction":[{"@type":"SearchAction","target":{"@type":"EntryPoint","urlTemplate":"https:\/\/ellotv.com.br\/site\/?s={search_term_string}"},"query-input":{"@type":"PropertyValueSpecification","valueRequired":true,"valueName":"search_term_string"}}],"inLanguage":"pt-BR"},{"@type":"Organization","@id":"https:\/\/ellotv.com.br\/site\/#organization","name":"ELLO TV","url":"https:\/\/ellotv.com.br\/site\/","logo":{"@type":"ImageObject","inLanguage":"pt-BR","@id":"https:\/\/ellotv.com.br\/site\/#\/schema\/logo\/image\/","url":"https:\/\/ellotv.com.br\/site\/wp-content\/uploads\/2025\/11\/ello-logo-2.fw_.png","contentUrl":"https:\/\/ellotv.com.br\/site\/wp-content\/uploads\/2025\/11\/ello-logo-2.fw_.png","width":400,"height":146,"caption":"ELLO TV"},"image":{"@id":"https:\/\/ellotv.com.br\/site\/#\/schema\/logo\/image\/"}},{"@type":"Person","@id":"https:\/\/ellotv.com.br\/site\/#\/schema\/person\/2dbe3abaee38dcc7332fc8205cd2b15d","name":"ELLO TV","image":{"@type":"ImageObject","inLanguage":"pt-BR","@id":"https:\/\/secure.gravatar.com\/avatar\/c38242b9da8ec217ac3f0aaee31a54f7d7befb11b2b47fdbc8fb0fad60afa1c6?s=96&d=mm&r=g","url":"https:\/\/secure.gravatar.com\/avatar\/c38242b9da8ec217ac3f0aaee31a54f7d7befb11b2b47fdbc8fb0fad60afa1c6?s=96&d=mm&r=g","contentUrl":"https:\/\/secure.gravatar.com\/avatar\/c38242b9da8ec217ac3f0aaee31a54f7d7befb11b2b47fdbc8fb0fad60afa1c6?s=96&d=mm&r=g","caption":"ELLO TV"},"url":"https:\/\/ellotv.com.br\/site\/author\/elloagencia\/"}]}},"featured_image_urls":{"full":["https:\/\/ellotv.com.br\/site\/wp-content\/uploads\/2026\/07\/WhatsApp-Image-2026-07-15-at-08.33.59.jpeg",1200,1600,false],"thumbnail":["https:\/\/ellotv.com.br\/site\/wp-content\/uploads\/2026\/07\/WhatsApp-Image-2026-07-15-at-08.33.59-150x150.jpeg",150,150,true],"medium":["https:\/\/ellotv.com.br\/site\/wp-content\/uploads\/2026\/07\/WhatsApp-Image-2026-07-15-at-08.33.59-225x300.jpeg",225,300,true],"medium_large":["https:\/\/ellotv.com.br\/site\/wp-content\/uploads\/2026\/07\/WhatsApp-Image-2026-07-15-at-08.33.59-768x1024.jpeg",640,853,true],"large":["https:\/\/ellotv.com.br\/site\/wp-content\/uploads\/2026\/07\/WhatsApp-Image-2026-07-15-at-08.33.59-768x1024.jpeg",640,853,true],"1536x1536":["https:\/\/ellotv.com.br\/site\/wp-content\/uploads\/2026\/07\/WhatsApp-Image-2026-07-15-at-08.33.59-1152x1536.jpeg",1152,1536,true],"2048x2048":["https:\/\/ellotv.com.br\/site\/wp-content\/uploads\/2026\/07\/WhatsApp-Image-2026-07-15-at-08.33.59.jpeg",1200,1600,false],"darknews-slider-full":["https:\/\/ellotv.com.br\/site\/wp-content\/uploads\/2026\/07\/WhatsApp-Image-2026-07-15-at-08.33.59-1200x720.jpeg",1200,720,true],"darknews-featured":["https:\/\/ellotv.com.br\/site\/wp-content\/uploads\/2026\/07\/WhatsApp-Image-2026-07-15-at-08.33.59-1024x1365.jpeg",1024,1365,true],"darknews-medium":["https:\/\/ellotv.com.br\/site\/wp-content\/uploads\/2026\/07\/WhatsApp-Image-2026-07-15-at-08.33.59-720x530.jpeg",720,530,true],"darknews-medium-square":["https:\/\/ellotv.com.br\/site\/wp-content\/uploads\/2026\/07\/WhatsApp-Image-2026-07-15-at-08.33.59-350x350.jpeg",350,350,true]},"author_info":{"info":["ELLO TV"]},"category_info":"<a href=\"https:\/\/ellotv.com.br\/site\/category\/noticias\/\" rel=\"category tag\">Noticias<\/a> <a href=\"https:\/\/ellotv.com.br\/site\/category\/regional\/\" rel=\"category tag\">Regional<\/a>","tag_info":"Regional","comment_count":"0","_links":{"self":[{"href":"https:\/\/ellotv.com.br\/site\/wp-json\/wp\/v2\/posts\/6571","targetHints":{"allow":["GET"]}}],"collection":[{"href":"https:\/\/ellotv.com.br\/site\/wp-json\/wp\/v2\/posts"}],"about":[{"href":"https:\/\/ellotv.com.br\/site\/wp-json\/wp\/v2\/types\/post"}],"author":[{"embeddable":true,"href":"https:\/\/ellotv.com.br\/site\/wp-json\/wp\/v2\/users\/2"}],"replies":[{"embeddable":true,"href":"https:\/\/ellotv.com.br\/site\/wp-json\/wp\/v2\/comments?post=6571"}],"version-history":[{"count":1,"href":"https:\/\/ellotv.com.br\/site\/wp-json\/wp\/v2\/posts\/6571\/revisions"}],"predecessor-version":[{"id":6573,"href":"https:\/\/ellotv.com.br\/site\/wp-json\/wp\/v2\/posts\/6571\/revisions\/6573"}],"wp:featuredmedia":[{"embeddable":true,"href":"https:\/\/ellotv.com.br\/site\/wp-json\/wp\/v2\/media\/6572"}],"wp:attachment":[{"href":"https:\/\/ellotv.com.br\/site\/wp-json\/wp\/v2\/media?parent=6571"}],"wp:term":[{"taxonomy":"category","embeddable":true,"href":"https:\/\/ellotv.com.br\/site\/wp-json\/wp\/v2\/categories?post=6571"},{"taxonomy":"post_tag","embeddable":true,"href":"https:\/\/ellotv.com.br\/site\/wp-json\/wp\/v2\/tags?post=6571"}],"curies":[{"name":"wp","href":"https:\/\/api.w.org\/{rel}","templated":true}]}}