{"id":6583,"date":"2026-07-20T09:04:45","date_gmt":"2026-07-20T12:04:45","guid":{"rendered":"https:\/\/ellotv.com.br\/site\/?p=6583"},"modified":"2026-07-20T09:04:45","modified_gmt":"2026-07-20T12:04:45","slug":"marconi-santana-reforca-alianca-com-helio-tadeu-e-reune-dezenas-de-pessoas-em-encontro-em-serra-talhada","status":"publish","type":"post","link":"https:\/\/ellotv.com.br\/site\/2026\/07\/20\/marconi-santana-reforca-alianca-com-helio-tadeu-e-reune-dezenas-de-pessoas-em-encontro-em-serra-talhada\/","title":{"rendered":"MARCONI SANTANA REFOR\u00c7A ALIAN\u00c7A COM H\u00c9LIO TADEU E RE\u00daNE DEZENAS DE PESSOAS EM ENCONTRO EM SERRA TALHADA"},"content":{"rendered":"<p class=\"isSelectedEnd\">A manh\u00e3 desta sexta-feira (17) foi marcada por uma forte demonstra\u00e7\u00e3o de apoio ao ex-prefeito de Flores e pr\u00e9-candidato a deputado estadual, Marconi Santana, durante agenda no Sert\u00e3o do Paje\u00fa.<\/p>\n<p class=\"isSelectedEnd\"><strong>Mobiliza\u00e7\u00e3o expressiva<\/strong><\/p>\n<p class=\"isSelectedEnd\">O encontro, realizado no Centro do Grupo Esp\u00edrita C\u00edcero, reuniu dezenas de pessoas e superou as expectativas iniciais, evidenciando o poder de mobiliza\u00e7\u00e3o do grupo.<\/p>\n<p class=\"isSelectedEnd\"><strong>Apoio consolidado<\/strong><\/p>\n<p class=\"isSelectedEnd\">O evento foi promovido por H\u00e9lio Tadeu, diretor-presidente da institui\u00e7\u00e3o e aliado pol\u00edtico, refor\u00e7ando publicamente o alinhamento com a caminhada de Marconi.<\/p>\n<p class=\"isSelectedEnd\"><strong>Participa\u00e7\u00e3o popular<\/strong><\/p>\n<p class=\"isSelectedEnd\">Frequentadores do centro e moradores da regi\u00e3o compareceram em grande n\u00famero, lotando o espa\u00e7o e destacando o engajamento espont\u00e2neo da comunidade.<\/p>\n<p class=\"isSelectedEnd\"><strong>Fortalecimento regional<\/strong><\/p>\n<p class=\"isSelectedEnd\">A reuni\u00e3o reafirma a solidez da base pol\u00edtica no Sert\u00e3o do Paje\u00fa, ampliando a sustenta\u00e7\u00e3o do projeto que avan\u00e7a por diferentes regi\u00f5es de Pernambuco.<\/p>\n<p class=\"isSelectedEnd\"><strong>Agenda em expans\u00e3o<\/strong><\/p>\n<p class=\"isSelectedEnd\">Acompanhado de sua esposa, Lucila Santana, Marconi segue intensificando encontros e articula\u00e7\u00f5es, consolidando apoios para os pr\u00f3ximos desafios pol\u00edticos.<\/p>\n<p class=\"isSelectedEnd\"><strong>Clima de uni\u00e3o<\/strong><\/p>\n<p class=\"isSelectedEnd\">O evento foi marcado por entusiasmo e integra\u00e7\u00e3o, com agradecimentos \u00e0 acolhida e refor\u00e7o do compromisso com o futuro do munic\u00edpio e do estado.<\/p>\n<p><img fetchpriority=\"high\" decoding=\"async\" class=\"aligncenter wp-image-6585 size-large\" src=\"https:\/\/ellotv.com.br\/site\/wp-content\/uploads\/2026\/07\/WhatsApp-Image-2026-07-17-at-12.48.50-1-768x1024.jpeg\" alt=\"\" width=\"640\" height=\"853\" srcset=\"https:\/\/ellotv.com.br\/site\/wp-content\/uploads\/2026\/07\/WhatsApp-Image-2026-07-17-at-12.48.50-1-768x1024.jpeg 768w, https:\/\/ellotv.com.br\/site\/wp-content\/uploads\/2026\/07\/WhatsApp-Image-2026-07-17-at-12.48.50-1-225x300.jpeg 225w, https:\/\/ellotv.com.br\/site\/wp-content\/uploads\/2026\/07\/WhatsApp-Image-2026-07-17-at-12.48.50-1.jpeg 960w\" sizes=\"(max-width: 640px) 100vw, 640px\" \/> <img decoding=\"async\" class=\"aligncenter wp-image-6586 size-large\" src=\"https:\/\/ellotv.com.br\/site\/wp-content\/uploads\/2026\/07\/WhatsApp-Image-2026-07-17-at-12.48.50-819x1024.jpeg\" alt=\"\" width=\"640\" height=\"800\" srcset=\"https:\/\/ellotv.com.br\/site\/wp-content\/uploads\/2026\/07\/WhatsApp-Image-2026-07-17-at-12.48.50-819x1024.jpeg 819w, https:\/\/ellotv.com.br\/site\/wp-content\/uploads\/2026\/07\/WhatsApp-Image-2026-07-17-at-12.48.50-240x300.jpeg 240w, https:\/\/ellotv.com.br\/site\/wp-content\/uploads\/2026\/07\/WhatsApp-Image-2026-07-17-at-12.48.50-768x960.jpeg 768w, https:\/\/ellotv.com.br\/site\/wp-content\/uploads\/2026\/07\/WhatsApp-Image-2026-07-17-at-12.48.50.jpeg 1024w\" sizes=\"(max-width: 640px) 100vw, 640px\" \/> <img decoding=\"async\" class=\"aligncenter wp-image-6587 size-large\" src=\"https:\/\/ellotv.com.br\/site\/wp-content\/uploads\/2026\/07\/WhatsApp-Image-2026-07-17-at-12.48.51-2-819x1024.jpeg\" alt=\"\" width=\"640\" height=\"800\" srcset=\"https:\/\/ellotv.com.br\/site\/wp-content\/uploads\/2026\/07\/WhatsApp-Image-2026-07-17-at-12.48.51-2-819x1024.jpeg 819w, https:\/\/ellotv.com.br\/site\/wp-content\/uploads\/2026\/07\/WhatsApp-Image-2026-07-17-at-12.48.51-2-240x300.jpeg 240w, https:\/\/ellotv.com.br\/site\/wp-content\/uploads\/2026\/07\/WhatsApp-Image-2026-07-17-at-12.48.51-2-768x960.jpeg 768w, https:\/\/ellotv.com.br\/site\/wp-content\/uploads\/2026\/07\/WhatsApp-Image-2026-07-17-at-12.48.51-2.jpeg 1024w\" sizes=\"(max-width: 640px) 100vw, 640px\" \/> <img loading=\"lazy\" decoding=\"async\" class=\"aligncenter wp-image-6588 size-large\" src=\"https:\/\/ellotv.com.br\/site\/wp-content\/uploads\/2026\/07\/WhatsApp-Image-2026-07-17-at-12.48.51-3-768x1024.jpeg\" alt=\"\" width=\"640\" height=\"853\" srcset=\"https:\/\/ellotv.com.br\/site\/wp-content\/uploads\/2026\/07\/WhatsApp-Image-2026-07-17-at-12.48.51-3-768x1024.jpeg 768w, https:\/\/ellotv.com.br\/site\/wp-content\/uploads\/2026\/07\/WhatsApp-Image-2026-07-17-at-12.48.51-3-225x300.jpeg 225w, https:\/\/ellotv.com.br\/site\/wp-content\/uploads\/2026\/07\/WhatsApp-Image-2026-07-17-at-12.48.51-3.jpeg 960w\" sizes=\"(max-width: 640px) 100vw, 640px\" \/> <img loading=\"lazy\" decoding=\"async\" class=\"aligncenter wp-image-6589 size-large\" src=\"https:\/\/ellotv.com.br\/site\/wp-content\/uploads\/2026\/07\/WhatsApp-Image-2026-07-17-at-12.48.51-768x1024.jpeg\" alt=\"\" width=\"640\" height=\"853\" srcset=\"https:\/\/ellotv.com.br\/site\/wp-content\/uploads\/2026\/07\/WhatsApp-Image-2026-07-17-at-12.48.51-768x1024.jpeg 768w, https:\/\/ellotv.com.br\/site\/wp-content\/uploads\/2026\/07\/WhatsApp-Image-2026-07-17-at-12.48.51-225x300.jpeg 225w, https:\/\/ellotv.com.br\/site\/wp-content\/uploads\/2026\/07\/WhatsApp-Image-2026-07-17-at-12.48.51.jpeg 960w\" sizes=\"(max-width: 640px) 100vw, 640px\" \/><\/p>\n","protected":false},"excerpt":{"rendered":"<p>A manh\u00e3 desta sexta-feira (17) foi marcada por uma forte demonstra\u00e7\u00e3o de apoio ao ex-prefeito de Flores e<\/p>\n","protected":false},"author":2,"featured_media":6584,"comment_status":"open","ping_status":"open","sticky":false,"template":"","format":"standard","meta":{"footnotes":""},"categories":[12,9],"tags":[],"class_list":["post-6583","post","type-post","status-publish","format-standard","has-post-thumbnail","hentry","category-noticias","category-regional"],"yoast_head":"<!-- This site is optimized with the Yoast SEO plugin v28.3 - https:\/\/yoast.com\/product\/yoast-seo-wordpress\/ -->\n<title>MARCONI SANTANA REFOR\u00c7A ALIAN\u00c7A COM H\u00c9LIO TADEU E RE\u00daNE DEZENAS DE PESSOAS EM ENCONTRO EM SERRA TALHADA - Ello TV<\/title>\n<meta name=\"description\" content=\"Encontro no Sert\u00e3o do Paje\u00fa re\u00fane apoiadores e refor\u00e7a base pol\u00edtica de Marconi Santana em Pernambuco.\" \/>\n<meta name=\"robots\" content=\"index, follow, max-snippet:-1, max-image-preview:large, max-video-preview:-1\" \/>\n<link rel=\"canonical\" href=\"https:\/\/ellotv.com.br\/site\/2026\/07\/20\/marconi-santana-reforca-alianca-com-helio-tadeu-e-reune-dezenas-de-pessoas-em-encontro-em-serra-talhada\/\" \/>\n<meta property=\"og:locale\" content=\"pt_BR\" \/>\n<meta property=\"og:type\" content=\"article\" \/>\n<meta property=\"og:title\" content=\"MARCONI SANTANA REFOR\u00c7A ALIAN\u00c7A COM H\u00c9LIO TADEU E RE\u00daNE DEZENAS DE PESSOAS EM ENCONTRO EM SERRA TALHADA - Ello TV\" \/>\n<meta property=\"og:description\" content=\"Encontro no Sert\u00e3o do Paje\u00fa re\u00fane apoiadores e refor\u00e7a base pol\u00edtica de Marconi Santana em Pernambuco.\" \/>\n<meta property=\"og:url\" content=\"https:\/\/ellotv.com.br\/site\/2026\/07\/20\/marconi-santana-reforca-alianca-com-helio-tadeu-e-reune-dezenas-de-pessoas-em-encontro-em-serra-talhada\/\" \/>\n<meta property=\"og:site_name\" content=\"Ello TV\" \/>\n<meta property=\"article:published_time\" content=\"2026-07-20T12:04:45+00:00\" \/>\n<meta property=\"og:image\" content=\"https:\/\/ellotv.com.br\/site\/wp-content\/uploads\/2026\/07\/WhatsApp-Image-2026-07-17-at-12.48.51-1.jpeg\" \/>\n\t<meta property=\"og:image:width\" content=\"960\" \/>\n\t<meta property=\"og:image:height\" content=\"1280\" \/>\n\t<meta property=\"og:image:type\" content=\"image\/jpeg\" \/>\n<meta name=\"author\" content=\"ELLO TV\" \/>\n<meta name=\"twitter:card\" content=\"summary_large_image\" \/>\n<meta name=\"twitter:label1\" content=\"Escrito por\" \/>\n\t<meta name=\"twitter:data1\" content=\"ELLO TV\" \/>\n\t<meta name=\"twitter:label2\" content=\"Est. tempo de leitura\" \/>\n\t<meta name=\"twitter:data2\" content=\"1 minuto\" \/>\n<script type=\"application\/ld+json\" class=\"yoast-schema-graph\">{\"@context\":\"https:\\\/\\\/schema.org\",\"@graph\":[{\"@type\":\"Article\",\"@id\":\"https:\\\/\\\/ellotv.com.br\\\/site\\\/2026\\\/07\\\/20\\\/marconi-santana-reforca-alianca-com-helio-tadeu-e-reune-dezenas-de-pessoas-em-encontro-em-serra-talhada\\\/#article\",\"isPartOf\":{\"@id\":\"https:\\\/\\\/ellotv.com.br\\\/site\\\/2026\\\/07\\\/20\\\/marconi-santana-reforca-alianca-com-helio-tadeu-e-reune-dezenas-de-pessoas-em-encontro-em-serra-talhada\\\/\"},\"author\":{\"name\":\"ELLO TV\",\"@id\":\"https:\\\/\\\/ellotv.com.br\\\/site\\\/#\\\/schema\\\/person\\\/2dbe3abaee38dcc7332fc8205cd2b15d\"},\"headline\":\"MARCONI SANTANA REFOR\u00c7A ALIAN\u00c7A COM H\u00c9LIO TADEU E RE\u00daNE DEZENAS DE PESSOAS EM ENCONTRO EM SERRA TALHADA\",\"datePublished\":\"2026-07-20T12:04:45+00:00\",\"mainEntityOfPage\":{\"@id\":\"https:\\\/\\\/ellotv.com.br\\\/site\\\/2026\\\/07\\\/20\\\/marconi-santana-reforca-alianca-com-helio-tadeu-e-reune-dezenas-de-pessoas-em-encontro-em-serra-talhada\\\/\"},\"wordCount\":228,\"commentCount\":0,\"publisher\":{\"@id\":\"https:\\\/\\\/ellotv.com.br\\\/site\\\/#organization\"},\"image\":{\"@id\":\"https:\\\/\\\/ellotv.com.br\\\/site\\\/2026\\\/07\\\/20\\\/marconi-santana-reforca-alianca-com-helio-tadeu-e-reune-dezenas-de-pessoas-em-encontro-em-serra-talhada\\\/#primaryimage\"},\"thumbnailUrl\":\"https:\\\/\\\/ellotv.com.br\\\/site\\\/wp-content\\\/uploads\\\/2026\\\/07\\\/WhatsApp-Image-2026-07-17-at-12.48.51-1.jpeg\",\"articleSection\":[\"Noticias\",\"Regional\"],\"inLanguage\":\"pt-BR\",\"potentialAction\":[{\"@type\":\"CommentAction\",\"name\":\"Comment\",\"target\":[\"https:\\\/\\\/ellotv.com.br\\\/site\\\/2026\\\/07\\\/20\\\/marconi-santana-reforca-alianca-com-helio-tadeu-e-reune-dezenas-de-pessoas-em-encontro-em-serra-talhada\\\/#respond\"]}]},{\"@type\":\"WebPage\",\"@id\":\"https:\\\/\\\/ellotv.com.br\\\/site\\\/2026\\\/07\\\/20\\\/marconi-santana-reforca-alianca-com-helio-tadeu-e-reune-dezenas-de-pessoas-em-encontro-em-serra-talhada\\\/\",\"url\":\"https:\\\/\\\/ellotv.com.br\\\/site\\\/2026\\\/07\\\/20\\\/marconi-santana-reforca-alianca-com-helio-tadeu-e-reune-dezenas-de-pessoas-em-encontro-em-serra-talhada\\\/\",\"name\":\"MARCONI SANTANA REFOR\u00c7A ALIAN\u00c7A COM H\u00c9LIO TADEU E RE\u00daNE DEZENAS DE PESSOAS EM ENCONTRO EM SERRA TALHADA - Ello TV\",\"isPartOf\":{\"@id\":\"https:\\\/\\\/ellotv.com.br\\\/site\\\/#website\"},\"primaryImageOfPage\":{\"@id\":\"https:\\\/\\\/ellotv.com.br\\\/site\\\/2026\\\/07\\\/20\\\/marconi-santana-reforca-alianca-com-helio-tadeu-e-reune-dezenas-de-pessoas-em-encontro-em-serra-talhada\\\/#primaryimage\"},\"image\":{\"@id\":\"https:\\\/\\\/ellotv.com.br\\\/site\\\/2026\\\/07\\\/20\\\/marconi-santana-reforca-alianca-com-helio-tadeu-e-reune-dezenas-de-pessoas-em-encontro-em-serra-talhada\\\/#primaryimage\"},\"thumbnailUrl\":\"https:\\\/\\\/ellotv.com.br\\\/site\\\/wp-content\\\/uploads\\\/2026\\\/07\\\/WhatsApp-Image-2026-07-17-at-12.48.51-1.jpeg\",\"datePublished\":\"2026-07-20T12:04:45+00:00\",\"description\":\"Encontro no Sert\u00e3o do Paje\u00fa re\u00fane apoiadores e refor\u00e7a base pol\u00edtica de Marconi Santana em Pernambuco.\",\"breadcrumb\":{\"@id\":\"https:\\\/\\\/ellotv.com.br\\\/site\\\/2026\\\/07\\\/20\\\/marconi-santana-reforca-alianca-com-helio-tadeu-e-reune-dezenas-de-pessoas-em-encontro-em-serra-talhada\\\/#breadcrumb\"},\"inLanguage\":\"pt-BR\",\"potentialAction\":[{\"@type\":\"ReadAction\",\"target\":[\"https:\\\/\\\/ellotv.com.br\\\/site\\\/2026\\\/07\\\/20\\\/marconi-santana-reforca-alianca-com-helio-tadeu-e-reune-dezenas-de-pessoas-em-encontro-em-serra-talhada\\\/\"]}]},{\"@type\":\"ImageObject\",\"inLanguage\":\"pt-BR\",\"@id\":\"https:\\\/\\\/ellotv.com.br\\\/site\\\/2026\\\/07\\\/20\\\/marconi-santana-reforca-alianca-com-helio-tadeu-e-reune-dezenas-de-pessoas-em-encontro-em-serra-talhada\\\/#primaryimage\",\"url\":\"https:\\\/\\\/ellotv.com.br\\\/site\\\/wp-content\\\/uploads\\\/2026\\\/07\\\/WhatsApp-Image-2026-07-17-at-12.48.51-1.jpeg\",\"contentUrl\":\"https:\\\/\\\/ellotv.com.br\\\/site\\\/wp-content\\\/uploads\\\/2026\\\/07\\\/WhatsApp-Image-2026-07-17-at-12.48.51-1.jpeg\",\"width\":960,\"height\":1280},{\"@type\":\"BreadcrumbList\",\"@id\":\"https:\\\/\\\/ellotv.com.br\\\/site\\\/2026\\\/07\\\/20\\\/marconi-santana-reforca-alianca-com-helio-tadeu-e-reune-dezenas-de-pessoas-em-encontro-em-serra-talhada\\\/#breadcrumb\",\"itemListElement\":[{\"@type\":\"ListItem\",\"position\":1,\"name\":\"In\u00edcio\",\"item\":\"https:\\\/\\\/ellotv.com.br\\\/site\\\/\"},{\"@type\":\"ListItem\",\"position\":2,\"name\":\"MARCONI SANTANA REFOR\u00c7A ALIAN\u00c7A COM H\u00c9LIO TADEU E RE\u00daNE DEZENAS DE PESSOAS EM ENCONTRO EM SERRA TALHADA\"}]},{\"@type\":\"WebSite\",\"@id\":\"https:\\\/\\\/ellotv.com.br\\\/site\\\/#website\",\"url\":\"https:\\\/\\\/ellotv.com.br\\\/site\\\/\",\"name\":\"ELLO TV\",\"description\":\"\",\"publisher\":{\"@id\":\"https:\\\/\\\/ellotv.com.br\\\/site\\\/#organization\"},\"potentialAction\":[{\"@type\":\"SearchAction\",\"target\":{\"@type\":\"EntryPoint\",\"urlTemplate\":\"https:\\\/\\\/ellotv.com.br\\\/site\\\/?s={search_term_string}\"},\"query-input\":{\"@type\":\"PropertyValueSpecification\",\"valueRequired\":true,\"valueName\":\"search_term_string\"}}],\"inLanguage\":\"pt-BR\"},{\"@type\":\"Organization\",\"@id\":\"https:\\\/\\\/ellotv.com.br\\\/site\\\/#organization\",\"name\":\"ELLO TV\",\"url\":\"https:\\\/\\\/ellotv.com.br\\\/site\\\/\",\"logo\":{\"@type\":\"ImageObject\",\"inLanguage\":\"pt-BR\",\"@id\":\"https:\\\/\\\/ellotv.com.br\\\/site\\\/#\\\/schema\\\/logo\\\/image\\\/\",\"url\":\"https:\\\/\\\/ellotv.com.br\\\/site\\\/wp-content\\\/uploads\\\/2025\\\/11\\\/ello-logo-2.fw_.png\",\"contentUrl\":\"https:\\\/\\\/ellotv.com.br\\\/site\\\/wp-content\\\/uploads\\\/2025\\\/11\\\/ello-logo-2.fw_.png\",\"width\":400,\"height\":146,\"caption\":\"ELLO TV\"},\"image\":{\"@id\":\"https:\\\/\\\/ellotv.com.br\\\/site\\\/#\\\/schema\\\/logo\\\/image\\\/\"}},{\"@type\":\"Person\",\"@id\":\"https:\\\/\\\/ellotv.com.br\\\/site\\\/#\\\/schema\\\/person\\\/2dbe3abaee38dcc7332fc8205cd2b15d\",\"name\":\"ELLO TV\",\"image\":{\"@type\":\"ImageObject\",\"inLanguage\":\"pt-BR\",\"@id\":\"https:\\\/\\\/secure.gravatar.com\\\/avatar\\\/c38242b9da8ec217ac3f0aaee31a54f7d7befb11b2b47fdbc8fb0fad60afa1c6?s=96&d=mm&r=g\",\"url\":\"https:\\\/\\\/secure.gravatar.com\\\/avatar\\\/c38242b9da8ec217ac3f0aaee31a54f7d7befb11b2b47fdbc8fb0fad60afa1c6?s=96&d=mm&r=g\",\"contentUrl\":\"https:\\\/\\\/secure.gravatar.com\\\/avatar\\\/c38242b9da8ec217ac3f0aaee31a54f7d7befb11b2b47fdbc8fb0fad60afa1c6?s=96&d=mm&r=g\",\"caption\":\"ELLO TV\"},\"url\":\"https:\\\/\\\/ellotv.com.br\\\/site\\\/author\\\/elloagencia\\\/\"}]}<\/script>\n<!-- \/ Yoast SEO plugin. -->","yoast_head_json":{"title":"MARCONI SANTANA REFOR\u00c7A ALIAN\u00c7A COM H\u00c9LIO TADEU E RE\u00daNE DEZENAS DE PESSOAS EM ENCONTRO EM SERRA TALHADA - Ello TV","description":"Encontro no Sert\u00e3o do Paje\u00fa re\u00fane apoiadores e refor\u00e7a base pol\u00edtica de Marconi Santana em Pernambuco.","robots":{"index":"index","follow":"follow","max-snippet":"max-snippet:-1","max-image-preview":"max-image-preview:large","max-video-preview":"max-video-preview:-1"},"canonical":"https:\/\/ellotv.com.br\/site\/2026\/07\/20\/marconi-santana-reforca-alianca-com-helio-tadeu-e-reune-dezenas-de-pessoas-em-encontro-em-serra-talhada\/","og_locale":"pt_BR","og_type":"article","og_title":"MARCONI SANTANA REFOR\u00c7A ALIAN\u00c7A COM H\u00c9LIO TADEU E RE\u00daNE DEZENAS DE PESSOAS EM ENCONTRO EM SERRA TALHADA - Ello TV","og_description":"Encontro no Sert\u00e3o do Paje\u00fa re\u00fane apoiadores e refor\u00e7a base pol\u00edtica de Marconi Santana em Pernambuco.","og_url":"https:\/\/ellotv.com.br\/site\/2026\/07\/20\/marconi-santana-reforca-alianca-com-helio-tadeu-e-reune-dezenas-de-pessoas-em-encontro-em-serra-talhada\/","og_site_name":"Ello TV","article_published_time":"2026-07-20T12:04:45+00:00","og_image":[{"width":960,"height":1280,"url":"https:\/\/ellotv.com.br\/site\/wp-content\/uploads\/2026\/07\/WhatsApp-Image-2026-07-17-at-12.48.51-1.jpeg","type":"image\/jpeg"}],"author":"ELLO TV","twitter_card":"summary_large_image","twitter_misc":{"Escrito por":"ELLO TV","Est. tempo de leitura":"1 minuto"},"schema":{"@context":"https:\/\/schema.org","@graph":[{"@type":"Article","@id":"https:\/\/ellotv.com.br\/site\/2026\/07\/20\/marconi-santana-reforca-alianca-com-helio-tadeu-e-reune-dezenas-de-pessoas-em-encontro-em-serra-talhada\/#article","isPartOf":{"@id":"https:\/\/ellotv.com.br\/site\/2026\/07\/20\/marconi-santana-reforca-alianca-com-helio-tadeu-e-reune-dezenas-de-pessoas-em-encontro-em-serra-talhada\/"},"author":{"name":"ELLO TV","@id":"https:\/\/ellotv.com.br\/site\/#\/schema\/person\/2dbe3abaee38dcc7332fc8205cd2b15d"},"headline":"MARCONI SANTANA REFOR\u00c7A ALIAN\u00c7A COM H\u00c9LIO TADEU E RE\u00daNE DEZENAS DE PESSOAS EM ENCONTRO EM SERRA TALHADA","datePublished":"2026-07-20T12:04:45+00:00","mainEntityOfPage":{"@id":"https:\/\/ellotv.com.br\/site\/2026\/07\/20\/marconi-santana-reforca-alianca-com-helio-tadeu-e-reune-dezenas-de-pessoas-em-encontro-em-serra-talhada\/"},"wordCount":228,"commentCount":0,"publisher":{"@id":"https:\/\/ellotv.com.br\/site\/#organization"},"image":{"@id":"https:\/\/ellotv.com.br\/site\/2026\/07\/20\/marconi-santana-reforca-alianca-com-helio-tadeu-e-reune-dezenas-de-pessoas-em-encontro-em-serra-talhada\/#primaryimage"},"thumbnailUrl":"https:\/\/ellotv.com.br\/site\/wp-content\/uploads\/2026\/07\/WhatsApp-Image-2026-07-17-at-12.48.51-1.jpeg","articleSection":["Noticias","Regional"],"inLanguage":"pt-BR","potentialAction":[{"@type":"CommentAction","name":"Comment","target":["https:\/\/ellotv.com.br\/site\/2026\/07\/20\/marconi-santana-reforca-alianca-com-helio-tadeu-e-reune-dezenas-de-pessoas-em-encontro-em-serra-talhada\/#respond"]}]},{"@type":"WebPage","@id":"https:\/\/ellotv.com.br\/site\/2026\/07\/20\/marconi-santana-reforca-alianca-com-helio-tadeu-e-reune-dezenas-de-pessoas-em-encontro-em-serra-talhada\/","url":"https:\/\/ellotv.com.br\/site\/2026\/07\/20\/marconi-santana-reforca-alianca-com-helio-tadeu-e-reune-dezenas-de-pessoas-em-encontro-em-serra-talhada\/","name":"MARCONI SANTANA REFOR\u00c7A ALIAN\u00c7A COM H\u00c9LIO TADEU E RE\u00daNE DEZENAS DE PESSOAS EM ENCONTRO EM SERRA TALHADA - Ello TV","isPartOf":{"@id":"https:\/\/ellotv.com.br\/site\/#website"},"primaryImageOfPage":{"@id":"https:\/\/ellotv.com.br\/site\/2026\/07\/20\/marconi-santana-reforca-alianca-com-helio-tadeu-e-reune-dezenas-de-pessoas-em-encontro-em-serra-talhada\/#primaryimage"},"image":{"@id":"https:\/\/ellotv.com.br\/site\/2026\/07\/20\/marconi-santana-reforca-alianca-com-helio-tadeu-e-reune-dezenas-de-pessoas-em-encontro-em-serra-talhada\/#primaryimage"},"thumbnailUrl":"https:\/\/ellotv.com.br\/site\/wp-content\/uploads\/2026\/07\/WhatsApp-Image-2026-07-17-at-12.48.51-1.jpeg","datePublished":"2026-07-20T12:04:45+00:00","description":"Encontro no Sert\u00e3o do Paje\u00fa re\u00fane apoiadores e refor\u00e7a base pol\u00edtica de Marconi Santana em Pernambuco.","breadcrumb":{"@id":"https:\/\/ellotv.com.br\/site\/2026\/07\/20\/marconi-santana-reforca-alianca-com-helio-tadeu-e-reune-dezenas-de-pessoas-em-encontro-em-serra-talhada\/#breadcrumb"},"inLanguage":"pt-BR","potentialAction":[{"@type":"ReadAction","target":["https:\/\/ellotv.com.br\/site\/2026\/07\/20\/marconi-santana-reforca-alianca-com-helio-tadeu-e-reune-dezenas-de-pessoas-em-encontro-em-serra-talhada\/"]}]},{"@type":"ImageObject","inLanguage":"pt-BR","@id":"https:\/\/ellotv.com.br\/site\/2026\/07\/20\/marconi-santana-reforca-alianca-com-helio-tadeu-e-reune-dezenas-de-pessoas-em-encontro-em-serra-talhada\/#primaryimage","url":"https:\/\/ellotv.com.br\/site\/wp-content\/uploads\/2026\/07\/WhatsApp-Image-2026-07-17-at-12.48.51-1.jpeg","contentUrl":"https:\/\/ellotv.com.br\/site\/wp-content\/uploads\/2026\/07\/WhatsApp-Image-2026-07-17-at-12.48.51-1.jpeg","width":960,"height":1280},{"@type":"BreadcrumbList","@id":"https:\/\/ellotv.com.br\/site\/2026\/07\/20\/marconi-santana-reforca-alianca-com-helio-tadeu-e-reune-dezenas-de-pessoas-em-encontro-em-serra-talhada\/#breadcrumb","itemListElement":[{"@type":"ListItem","position":1,"name":"In\u00edcio","item":"https:\/\/ellotv.com.br\/site\/"},{"@type":"ListItem","position":2,"name":"MARCONI SANTANA REFOR\u00c7A ALIAN\u00c7A COM H\u00c9LIO TADEU E RE\u00daNE DEZENAS DE PESSOAS EM ENCONTRO EM SERRA TALHADA"}]},{"@type":"WebSite","@id":"https:\/\/ellotv.com.br\/site\/#website","url":"https:\/\/ellotv.com.br\/site\/","name":"ELLO TV","description":"","publisher":{"@id":"https:\/\/ellotv.com.br\/site\/#organization"},"potentialAction":[{"@type":"SearchAction","target":{"@type":"EntryPoint","urlTemplate":"https:\/\/ellotv.com.br\/site\/?s={search_term_string}"},"query-input":{"@type":"PropertyValueSpecification","valueRequired":true,"valueName":"search_term_string"}}],"inLanguage":"pt-BR"},{"@type":"Organization","@id":"https:\/\/ellotv.com.br\/site\/#organization","name":"ELLO TV","url":"https:\/\/ellotv.com.br\/site\/","logo":{"@type":"ImageObject","inLanguage":"pt-BR","@id":"https:\/\/ellotv.com.br\/site\/#\/schema\/logo\/image\/","url":"https:\/\/ellotv.com.br\/site\/wp-content\/uploads\/2025\/11\/ello-logo-2.fw_.png","contentUrl":"https:\/\/ellotv.com.br\/site\/wp-content\/uploads\/2025\/11\/ello-logo-2.fw_.png","width":400,"height":146,"caption":"ELLO TV"},"image":{"@id":"https:\/\/ellotv.com.br\/site\/#\/schema\/logo\/image\/"}},{"@type":"Person","@id":"https:\/\/ellotv.com.br\/site\/#\/schema\/person\/2dbe3abaee38dcc7332fc8205cd2b15d","name":"ELLO TV","image":{"@type":"ImageObject","inLanguage":"pt-BR","@id":"https:\/\/secure.gravatar.com\/avatar\/c38242b9da8ec217ac3f0aaee31a54f7d7befb11b2b47fdbc8fb0fad60afa1c6?s=96&d=mm&r=g","url":"https:\/\/secure.gravatar.com\/avatar\/c38242b9da8ec217ac3f0aaee31a54f7d7befb11b2b47fdbc8fb0fad60afa1c6?s=96&d=mm&r=g","contentUrl":"https:\/\/secure.gravatar.com\/avatar\/c38242b9da8ec217ac3f0aaee31a54f7d7befb11b2b47fdbc8fb0fad60afa1c6?s=96&d=mm&r=g","caption":"ELLO TV"},"url":"https:\/\/ellotv.com.br\/site\/author\/elloagencia\/"}]}},"featured_image_urls":{"full":["https:\/\/ellotv.com.br\/site\/wp-content\/uploads\/2026\/07\/WhatsApp-Image-2026-07-17-at-12.48.51-1.jpeg",960,1280,false],"thumbnail":["https:\/\/ellotv.com.br\/site\/wp-content\/uploads\/2026\/07\/WhatsApp-Image-2026-07-17-at-12.48.51-1-150x150.jpeg",150,150,true],"medium":["https:\/\/ellotv.com.br\/site\/wp-content\/uploads\/2026\/07\/WhatsApp-Image-2026-07-17-at-12.48.51-1-225x300.jpeg",225,300,true],"medium_large":["https:\/\/ellotv.com.br\/site\/wp-content\/uploads\/2026\/07\/WhatsApp-Image-2026-07-17-at-12.48.51-1-768x1024.jpeg",640,853,true],"large":["https:\/\/ellotv.com.br\/site\/wp-content\/uploads\/2026\/07\/WhatsApp-Image-2026-07-17-at-12.48.51-1-768x1024.jpeg",640,853,true],"1536x1536":["https:\/\/ellotv.com.br\/site\/wp-content\/uploads\/2026\/07\/WhatsApp-Image-2026-07-17-at-12.48.51-1.jpeg",960,1280,false],"2048x2048":["https:\/\/ellotv.com.br\/site\/wp-content\/uploads\/2026\/07\/WhatsApp-Image-2026-07-17-at-12.48.51-1.jpeg",960,1280,false],"darknews-slider-full":["https:\/\/ellotv.com.br\/site\/wp-content\/uploads\/2026\/07\/WhatsApp-Image-2026-07-17-at-12.48.51-1-960x720.jpeg",960,720,true],"darknews-featured":["https:\/\/ellotv.com.br\/site\/wp-content\/uploads\/2026\/07\/WhatsApp-Image-2026-07-17-at-12.48.51-1.jpeg",960,1280,false],"darknews-medium":["https:\/\/ellotv.com.br\/site\/wp-content\/uploads\/2026\/07\/WhatsApp-Image-2026-07-17-at-12.48.51-1-720x530.jpeg",720,530,true],"darknews-medium-square":["https:\/\/ellotv.com.br\/site\/wp-content\/uploads\/2026\/07\/WhatsApp-Image-2026-07-17-at-12.48.51-1-350x350.jpeg",350,350,true]},"author_info":{"info":["ELLO TV"]},"category_info":"<a href=\"https:\/\/ellotv.com.br\/site\/category\/noticias\/\" rel=\"category tag\">Noticias<\/a> <a href=\"https:\/\/ellotv.com.br\/site\/category\/regional\/\" rel=\"category tag\">Regional<\/a>","tag_info":"Regional","comment_count":"0","_links":{"self":[{"href":"https:\/\/ellotv.com.br\/site\/wp-json\/wp\/v2\/posts\/6583","targetHints":{"allow":["GET"]}}],"collection":[{"href":"https:\/\/ellotv.com.br\/site\/wp-json\/wp\/v2\/posts"}],"about":[{"href":"https:\/\/ellotv.com.br\/site\/wp-json\/wp\/v2\/types\/post"}],"author":[{"embeddable":true,"href":"https:\/\/ellotv.com.br\/site\/wp-json\/wp\/v2\/users\/2"}],"replies":[{"embeddable":true,"href":"https:\/\/ellotv.com.br\/site\/wp-json\/wp\/v2\/comments?post=6583"}],"version-history":[{"count":1,"href":"https:\/\/ellotv.com.br\/site\/wp-json\/wp\/v2\/posts\/6583\/revisions"}],"predecessor-version":[{"id":6590,"href":"https:\/\/ellotv.com.br\/site\/wp-json\/wp\/v2\/posts\/6583\/revisions\/6590"}],"wp:featuredmedia":[{"embeddable":true,"href":"https:\/\/ellotv.com.br\/site\/wp-json\/wp\/v2\/media\/6584"}],"wp:attachment":[{"href":"https:\/\/ellotv.com.br\/site\/wp-json\/wp\/v2\/media?parent=6583"}],"wp:term":[{"taxonomy":"category","embeddable":true,"href":"https:\/\/ellotv.com.br\/site\/wp-json\/wp\/v2\/categories?post=6583"},{"taxonomy":"post_tag","embeddable":true,"href":"https:\/\/ellotv.com.br\/site\/wp-json\/wp\/v2\/tags?post=6583"}],"curies":[{"name":"wp","href":"https:\/\/api.w.org\/{rel}","templated":true}]}}