{"id":6619,"date":"2026-07-27T08:28:23","date_gmt":"2026-07-27T11:28:23","guid":{"rendered":"https:\/\/ellotv.com.br\/site\/?p=6619"},"modified":"2026-07-27T08:28:23","modified_gmt":"2026-07-27T11:28:23","slug":"diga-la-poeta-valoriza-cultura-nordestina-com-erim-aboiador-no-episodio-103","status":"publish","type":"post","link":"https:\/\/ellotv.com.br\/site\/2026\/07\/27\/diga-la-poeta-valoriza-cultura-nordestina-com-erim-aboiador-no-episodio-103\/","title":{"rendered":"Diga L\u00e1 Poeta valoriza cultura nordestina com Erim Aboiador no epis\u00f3dio 103"},"content":{"rendered":"<p class=\"isSelectedEnd\">A cultura popular nordestina ser\u00e1 o grande destaque do epis\u00f3dio 103 do Diga L\u00e1 Poeta, que recebe Erim Aboiador para apresentar seu novo projeto, \u201cErim e Can\u00e7\u00f5es\u201d.<\/p>\n<p class=\"isSelectedEnd\"><strong>Tradi\u00e7\u00e3o e identidade<\/strong><\/p>\n<p class=\"isSelectedEnd\">Em um bate-papo conduzido por Ruann Poeta, o artista compartilha sua trajet\u00f3ria e refor\u00e7a a import\u00e2ncia de preservar as tradi\u00e7\u00f5es sertanejas por meio da m\u00fasica, da poesia e da arte de aboiar.<\/p>\n<p class=\"isSelectedEnd\"><strong>Ra\u00edzes do Nordeste<\/strong><\/p>\n<p class=\"isSelectedEnd\">O programa promove um encontro marcado pela valoriza\u00e7\u00e3o das express\u00f5es culturais, reunindo hist\u00f3rias, costumes e a riqueza da identidade do povo sertanejo.<\/p>\n<p class=\"isSelectedEnd\"><strong>Projeto em destaque<\/strong><\/p>\n<p class=\"isSelectedEnd\">\u201cErim e Can\u00e7\u00f5es\u201d surge como uma iniciativa que fortalece a cultura regional e mant\u00e9m viva a ess\u00eancia do Sert\u00e3o atrav\u00e9s da arte.<\/p>\n<p class=\"isSelectedEnd\"><strong>Cultura que conecta<\/strong><\/p>\n<p class=\"isSelectedEnd\">O epis\u00f3dio evidencia o papel da arte popular como instrumento de preserva\u00e7\u00e3o e conex\u00e3o entre gera\u00e7\u00f5es.<\/p>\n<p class=\"isSelectedEnd\"><strong>Quando assistir<\/strong><\/p>\n<p class=\"isSelectedEnd\">\ud83d\uddd3\ufe0f Quinta-feira (24)<br \/>\n\ud83d\udd56 \u00c0s 19h<br \/>\n\ud83d\udcfa Na <a href=\"https:\/\/www.youtube.com\/@ELLOTVOF\">ELLO TV<\/a><\/p>\n<p class=\"isSelectedEnd\"><strong>Apoio<\/strong><\/p>\n<p class=\"isSelectedEnd\">Pronto Mais Lab \u2022 Pronto Mais \u2022 Pronto Mais Farma \u2022 Pronto Mais Card<\/p>\n<p class=\"isSelectedEnd\"><strong>Valoriza\u00e7\u00e3o cultural<\/strong><\/p>\n<p class=\"isSelectedEnd\">O Diga L\u00e1 Poeta segue dando voz aos artistas que mant\u00eam viva a tradi\u00e7\u00e3o nordestina.<\/p>\n","protected":false},"excerpt":{"rendered":"<p>A cultura popular nordestina ser\u00e1 o grande destaque do epis\u00f3dio 103 do Diga L\u00e1 Poeta, que recebe Erim<\/p>\n","protected":false},"author":2,"featured_media":6620,"comment_status":"open","ping_status":"open","sticky":false,"template":"","format":"standard","meta":{"footnotes":""},"categories":[1],"tags":[],"class_list":["post-6619","post","type-post","status-publish","format-standard","has-post-thumbnail","hentry","category-ello"],"yoast_head":"<!-- This site is optimized with the Yoast SEO plugin v28.3 - https:\/\/yoast.com\/product\/yoast-seo-wordpress\/ -->\n<title>Diga L\u00e1 Poeta valoriza cultura nordestina com Erim Aboiador no epis\u00f3dio 103 - Ello TV<\/title>\n<meta name=\"description\" content=\"Diga L\u00e1 Poeta recebe Erim Aboiador e destaca a cultura sertaneja no epis\u00f3dio 103.\" \/>\n<meta name=\"robots\" content=\"index, follow, max-snippet:-1, max-image-preview:large, max-video-preview:-1\" \/>\n<link rel=\"canonical\" href=\"https:\/\/ellotv.com.br\/site\/2026\/07\/27\/diga-la-poeta-valoriza-cultura-nordestina-com-erim-aboiador-no-episodio-103\/\" \/>\n<meta property=\"og:locale\" content=\"pt_BR\" \/>\n<meta property=\"og:type\" content=\"article\" \/>\n<meta property=\"og:title\" content=\"Diga L\u00e1 Poeta valoriza cultura nordestina com Erim Aboiador no epis\u00f3dio 103 - Ello TV\" \/>\n<meta property=\"og:description\" content=\"Diga L\u00e1 Poeta recebe Erim Aboiador e destaca a cultura sertaneja no epis\u00f3dio 103.\" \/>\n<meta property=\"og:url\" content=\"https:\/\/ellotv.com.br\/site\/2026\/07\/27\/diga-la-poeta-valoriza-cultura-nordestina-com-erim-aboiador-no-episodio-103\/\" \/>\n<meta property=\"og:site_name\" content=\"Ello TV\" \/>\n<meta property=\"article:published_time\" content=\"2026-07-27T11:28:23+00:00\" \/>\n<meta property=\"og:image\" content=\"https:\/\/ellotv.com.br\/site\/wp-content\/uploads\/2026\/07\/WhatsApp-Image-2026-07-24-at-20.58.58.jpeg\" \/>\n\t<meta property=\"og:image:width\" content=\"900\" \/>\n\t<meta property=\"og:image:height\" content=\"1600\" \/>\n\t<meta property=\"og:image:type\" content=\"image\/jpeg\" \/>\n<meta name=\"author\" content=\"ELLO TV\" \/>\n<meta name=\"twitter:card\" content=\"summary_large_image\" \/>\n<meta name=\"twitter:label1\" content=\"Escrito por\" \/>\n\t<meta name=\"twitter:data1\" content=\"ELLO TV\" \/>\n\t<meta name=\"twitter:label2\" content=\"Est. tempo de leitura\" \/>\n\t<meta name=\"twitter:data2\" content=\"1 minuto\" \/>\n<script type=\"application\/ld+json\" class=\"yoast-schema-graph\">{\"@context\":\"https:\\\/\\\/schema.org\",\"@graph\":[{\"@type\":\"Article\",\"@id\":\"https:\\\/\\\/ellotv.com.br\\\/site\\\/2026\\\/07\\\/27\\\/diga-la-poeta-valoriza-cultura-nordestina-com-erim-aboiador-no-episodio-103\\\/#article\",\"isPartOf\":{\"@id\":\"https:\\\/\\\/ellotv.com.br\\\/site\\\/2026\\\/07\\\/27\\\/diga-la-poeta-valoriza-cultura-nordestina-com-erim-aboiador-no-episodio-103\\\/\"},\"author\":{\"name\":\"ELLO TV\",\"@id\":\"https:\\\/\\\/ellotv.com.br\\\/site\\\/#\\\/schema\\\/person\\\/2dbe3abaee38dcc7332fc8205cd2b15d\"},\"headline\":\"Diga L\u00e1 Poeta valoriza cultura nordestina com Erim Aboiador no epis\u00f3dio 103\",\"datePublished\":\"2026-07-27T11:28:23+00:00\",\"mainEntityOfPage\":{\"@id\":\"https:\\\/\\\/ellotv.com.br\\\/site\\\/2026\\\/07\\\/27\\\/diga-la-poeta-valoriza-cultura-nordestina-com-erim-aboiador-no-episodio-103\\\/\"},\"wordCount\":203,\"commentCount\":0,\"publisher\":{\"@id\":\"https:\\\/\\\/ellotv.com.br\\\/site\\\/#organization\"},\"image\":{\"@id\":\"https:\\\/\\\/ellotv.com.br\\\/site\\\/2026\\\/07\\\/27\\\/diga-la-poeta-valoriza-cultura-nordestina-com-erim-aboiador-no-episodio-103\\\/#primaryimage\"},\"thumbnailUrl\":\"https:\\\/\\\/ellotv.com.br\\\/site\\\/wp-content\\\/uploads\\\/2026\\\/07\\\/WhatsApp-Image-2026-07-24-at-20.58.58.jpeg\",\"articleSection\":[\"Ello\"],\"inLanguage\":\"pt-BR\",\"potentialAction\":[{\"@type\":\"CommentAction\",\"name\":\"Comment\",\"target\":[\"https:\\\/\\\/ellotv.com.br\\\/site\\\/2026\\\/07\\\/27\\\/diga-la-poeta-valoriza-cultura-nordestina-com-erim-aboiador-no-episodio-103\\\/#respond\"]}]},{\"@type\":\"WebPage\",\"@id\":\"https:\\\/\\\/ellotv.com.br\\\/site\\\/2026\\\/07\\\/27\\\/diga-la-poeta-valoriza-cultura-nordestina-com-erim-aboiador-no-episodio-103\\\/\",\"url\":\"https:\\\/\\\/ellotv.com.br\\\/site\\\/2026\\\/07\\\/27\\\/diga-la-poeta-valoriza-cultura-nordestina-com-erim-aboiador-no-episodio-103\\\/\",\"name\":\"Diga L\u00e1 Poeta valoriza cultura nordestina com Erim Aboiador no epis\u00f3dio 103 - Ello TV\",\"isPartOf\":{\"@id\":\"https:\\\/\\\/ellotv.com.br\\\/site\\\/#website\"},\"primaryImageOfPage\":{\"@id\":\"https:\\\/\\\/ellotv.com.br\\\/site\\\/2026\\\/07\\\/27\\\/diga-la-poeta-valoriza-cultura-nordestina-com-erim-aboiador-no-episodio-103\\\/#primaryimage\"},\"image\":{\"@id\":\"https:\\\/\\\/ellotv.com.br\\\/site\\\/2026\\\/07\\\/27\\\/diga-la-poeta-valoriza-cultura-nordestina-com-erim-aboiador-no-episodio-103\\\/#primaryimage\"},\"thumbnailUrl\":\"https:\\\/\\\/ellotv.com.br\\\/site\\\/wp-content\\\/uploads\\\/2026\\\/07\\\/WhatsApp-Image-2026-07-24-at-20.58.58.jpeg\",\"datePublished\":\"2026-07-27T11:28:23+00:00\",\"description\":\"Diga L\u00e1 Poeta recebe Erim Aboiador e destaca a cultura sertaneja no epis\u00f3dio 103.\",\"breadcrumb\":{\"@id\":\"https:\\\/\\\/ellotv.com.br\\\/site\\\/2026\\\/07\\\/27\\\/diga-la-poeta-valoriza-cultura-nordestina-com-erim-aboiador-no-episodio-103\\\/#breadcrumb\"},\"inLanguage\":\"pt-BR\",\"potentialAction\":[{\"@type\":\"ReadAction\",\"target\":[\"https:\\\/\\\/ellotv.com.br\\\/site\\\/2026\\\/07\\\/27\\\/diga-la-poeta-valoriza-cultura-nordestina-com-erim-aboiador-no-episodio-103\\\/\"]}]},{\"@type\":\"ImageObject\",\"inLanguage\":\"pt-BR\",\"@id\":\"https:\\\/\\\/ellotv.com.br\\\/site\\\/2026\\\/07\\\/27\\\/diga-la-poeta-valoriza-cultura-nordestina-com-erim-aboiador-no-episodio-103\\\/#primaryimage\",\"url\":\"https:\\\/\\\/ellotv.com.br\\\/site\\\/wp-content\\\/uploads\\\/2026\\\/07\\\/WhatsApp-Image-2026-07-24-at-20.58.58.jpeg\",\"contentUrl\":\"https:\\\/\\\/ellotv.com.br\\\/site\\\/wp-content\\\/uploads\\\/2026\\\/07\\\/WhatsApp-Image-2026-07-24-at-20.58.58.jpeg\",\"width\":900,\"height\":1600},{\"@type\":\"BreadcrumbList\",\"@id\":\"https:\\\/\\\/ellotv.com.br\\\/site\\\/2026\\\/07\\\/27\\\/diga-la-poeta-valoriza-cultura-nordestina-com-erim-aboiador-no-episodio-103\\\/#breadcrumb\",\"itemListElement\":[{\"@type\":\"ListItem\",\"position\":1,\"name\":\"In\u00edcio\",\"item\":\"https:\\\/\\\/ellotv.com.br\\\/site\\\/\"},{\"@type\":\"ListItem\",\"position\":2,\"name\":\"Diga L\u00e1 Poeta valoriza cultura nordestina com Erim Aboiador no epis\u00f3dio 103\"}]},{\"@type\":\"WebSite\",\"@id\":\"https:\\\/\\\/ellotv.com.br\\\/site\\\/#website\",\"url\":\"https:\\\/\\\/ellotv.com.br\\\/site\\\/\",\"name\":\"ELLO TV\",\"description\":\"\",\"publisher\":{\"@id\":\"https:\\\/\\\/ellotv.com.br\\\/site\\\/#organization\"},\"potentialAction\":[{\"@type\":\"SearchAction\",\"target\":{\"@type\":\"EntryPoint\",\"urlTemplate\":\"https:\\\/\\\/ellotv.com.br\\\/site\\\/?s={search_term_string}\"},\"query-input\":{\"@type\":\"PropertyValueSpecification\",\"valueRequired\":true,\"valueName\":\"search_term_string\"}}],\"inLanguage\":\"pt-BR\"},{\"@type\":\"Organization\",\"@id\":\"https:\\\/\\\/ellotv.com.br\\\/site\\\/#organization\",\"name\":\"ELLO TV\",\"url\":\"https:\\\/\\\/ellotv.com.br\\\/site\\\/\",\"logo\":{\"@type\":\"ImageObject\",\"inLanguage\":\"pt-BR\",\"@id\":\"https:\\\/\\\/ellotv.com.br\\\/site\\\/#\\\/schema\\\/logo\\\/image\\\/\",\"url\":\"https:\\\/\\\/ellotv.com.br\\\/site\\\/wp-content\\\/uploads\\\/2025\\\/11\\\/ello-logo-2.fw_.png\",\"contentUrl\":\"https:\\\/\\\/ellotv.com.br\\\/site\\\/wp-content\\\/uploads\\\/2025\\\/11\\\/ello-logo-2.fw_.png\",\"width\":400,\"height\":146,\"caption\":\"ELLO TV\"},\"image\":{\"@id\":\"https:\\\/\\\/ellotv.com.br\\\/site\\\/#\\\/schema\\\/logo\\\/image\\\/\"}},{\"@type\":\"Person\",\"@id\":\"https:\\\/\\\/ellotv.com.br\\\/site\\\/#\\\/schema\\\/person\\\/2dbe3abaee38dcc7332fc8205cd2b15d\",\"name\":\"ELLO TV\",\"image\":{\"@type\":\"ImageObject\",\"inLanguage\":\"pt-BR\",\"@id\":\"https:\\\/\\\/secure.gravatar.com\\\/avatar\\\/c38242b9da8ec217ac3f0aaee31a54f7d7befb11b2b47fdbc8fb0fad60afa1c6?s=96&d=mm&r=g\",\"url\":\"https:\\\/\\\/secure.gravatar.com\\\/avatar\\\/c38242b9da8ec217ac3f0aaee31a54f7d7befb11b2b47fdbc8fb0fad60afa1c6?s=96&d=mm&r=g\",\"contentUrl\":\"https:\\\/\\\/secure.gravatar.com\\\/avatar\\\/c38242b9da8ec217ac3f0aaee31a54f7d7befb11b2b47fdbc8fb0fad60afa1c6?s=96&d=mm&r=g\",\"caption\":\"ELLO TV\"},\"url\":\"https:\\\/\\\/ellotv.com.br\\\/site\\\/author\\\/elloagencia\\\/\"}]}<\/script>\n<!-- \/ Yoast SEO plugin. -->","yoast_head_json":{"title":"Diga L\u00e1 Poeta valoriza cultura nordestina com Erim Aboiador no epis\u00f3dio 103 - Ello TV","description":"Diga L\u00e1 Poeta recebe Erim Aboiador e destaca a cultura sertaneja no epis\u00f3dio 103.","robots":{"index":"index","follow":"follow","max-snippet":"max-snippet:-1","max-image-preview":"max-image-preview:large","max-video-preview":"max-video-preview:-1"},"canonical":"https:\/\/ellotv.com.br\/site\/2026\/07\/27\/diga-la-poeta-valoriza-cultura-nordestina-com-erim-aboiador-no-episodio-103\/","og_locale":"pt_BR","og_type":"article","og_title":"Diga L\u00e1 Poeta valoriza cultura nordestina com Erim Aboiador no epis\u00f3dio 103 - Ello TV","og_description":"Diga L\u00e1 Poeta recebe Erim Aboiador e destaca a cultura sertaneja no epis\u00f3dio 103.","og_url":"https:\/\/ellotv.com.br\/site\/2026\/07\/27\/diga-la-poeta-valoriza-cultura-nordestina-com-erim-aboiador-no-episodio-103\/","og_site_name":"Ello TV","article_published_time":"2026-07-27T11:28:23+00:00","og_image":[{"width":900,"height":1600,"url":"https:\/\/ellotv.com.br\/site\/wp-content\/uploads\/2026\/07\/WhatsApp-Image-2026-07-24-at-20.58.58.jpeg","type":"image\/jpeg"}],"author":"ELLO TV","twitter_card":"summary_large_image","twitter_misc":{"Escrito por":"ELLO TV","Est. tempo de leitura":"1 minuto"},"schema":{"@context":"https:\/\/schema.org","@graph":[{"@type":"Article","@id":"https:\/\/ellotv.com.br\/site\/2026\/07\/27\/diga-la-poeta-valoriza-cultura-nordestina-com-erim-aboiador-no-episodio-103\/#article","isPartOf":{"@id":"https:\/\/ellotv.com.br\/site\/2026\/07\/27\/diga-la-poeta-valoriza-cultura-nordestina-com-erim-aboiador-no-episodio-103\/"},"author":{"name":"ELLO TV","@id":"https:\/\/ellotv.com.br\/site\/#\/schema\/person\/2dbe3abaee38dcc7332fc8205cd2b15d"},"headline":"Diga L\u00e1 Poeta valoriza cultura nordestina com Erim Aboiador no epis\u00f3dio 103","datePublished":"2026-07-27T11:28:23+00:00","mainEntityOfPage":{"@id":"https:\/\/ellotv.com.br\/site\/2026\/07\/27\/diga-la-poeta-valoriza-cultura-nordestina-com-erim-aboiador-no-episodio-103\/"},"wordCount":203,"commentCount":0,"publisher":{"@id":"https:\/\/ellotv.com.br\/site\/#organization"},"image":{"@id":"https:\/\/ellotv.com.br\/site\/2026\/07\/27\/diga-la-poeta-valoriza-cultura-nordestina-com-erim-aboiador-no-episodio-103\/#primaryimage"},"thumbnailUrl":"https:\/\/ellotv.com.br\/site\/wp-content\/uploads\/2026\/07\/WhatsApp-Image-2026-07-24-at-20.58.58.jpeg","articleSection":["Ello"],"inLanguage":"pt-BR","potentialAction":[{"@type":"CommentAction","name":"Comment","target":["https:\/\/ellotv.com.br\/site\/2026\/07\/27\/diga-la-poeta-valoriza-cultura-nordestina-com-erim-aboiador-no-episodio-103\/#respond"]}]},{"@type":"WebPage","@id":"https:\/\/ellotv.com.br\/site\/2026\/07\/27\/diga-la-poeta-valoriza-cultura-nordestina-com-erim-aboiador-no-episodio-103\/","url":"https:\/\/ellotv.com.br\/site\/2026\/07\/27\/diga-la-poeta-valoriza-cultura-nordestina-com-erim-aboiador-no-episodio-103\/","name":"Diga L\u00e1 Poeta valoriza cultura nordestina com Erim Aboiador no epis\u00f3dio 103 - Ello TV","isPartOf":{"@id":"https:\/\/ellotv.com.br\/site\/#website"},"primaryImageOfPage":{"@id":"https:\/\/ellotv.com.br\/site\/2026\/07\/27\/diga-la-poeta-valoriza-cultura-nordestina-com-erim-aboiador-no-episodio-103\/#primaryimage"},"image":{"@id":"https:\/\/ellotv.com.br\/site\/2026\/07\/27\/diga-la-poeta-valoriza-cultura-nordestina-com-erim-aboiador-no-episodio-103\/#primaryimage"},"thumbnailUrl":"https:\/\/ellotv.com.br\/site\/wp-content\/uploads\/2026\/07\/WhatsApp-Image-2026-07-24-at-20.58.58.jpeg","datePublished":"2026-07-27T11:28:23+00:00","description":"Diga L\u00e1 Poeta recebe Erim Aboiador e destaca a cultura sertaneja no epis\u00f3dio 103.","breadcrumb":{"@id":"https:\/\/ellotv.com.br\/site\/2026\/07\/27\/diga-la-poeta-valoriza-cultura-nordestina-com-erim-aboiador-no-episodio-103\/#breadcrumb"},"inLanguage":"pt-BR","potentialAction":[{"@type":"ReadAction","target":["https:\/\/ellotv.com.br\/site\/2026\/07\/27\/diga-la-poeta-valoriza-cultura-nordestina-com-erim-aboiador-no-episodio-103\/"]}]},{"@type":"ImageObject","inLanguage":"pt-BR","@id":"https:\/\/ellotv.com.br\/site\/2026\/07\/27\/diga-la-poeta-valoriza-cultura-nordestina-com-erim-aboiador-no-episodio-103\/#primaryimage","url":"https:\/\/ellotv.com.br\/site\/wp-content\/uploads\/2026\/07\/WhatsApp-Image-2026-07-24-at-20.58.58.jpeg","contentUrl":"https:\/\/ellotv.com.br\/site\/wp-content\/uploads\/2026\/07\/WhatsApp-Image-2026-07-24-at-20.58.58.jpeg","width":900,"height":1600},{"@type":"BreadcrumbList","@id":"https:\/\/ellotv.com.br\/site\/2026\/07\/27\/diga-la-poeta-valoriza-cultura-nordestina-com-erim-aboiador-no-episodio-103\/#breadcrumb","itemListElement":[{"@type":"ListItem","position":1,"name":"In\u00edcio","item":"https:\/\/ellotv.com.br\/site\/"},{"@type":"ListItem","position":2,"name":"Diga L\u00e1 Poeta valoriza cultura nordestina com Erim Aboiador no epis\u00f3dio 103"}]},{"@type":"WebSite","@id":"https:\/\/ellotv.com.br\/site\/#website","url":"https:\/\/ellotv.com.br\/site\/","name":"ELLO TV","description":"","publisher":{"@id":"https:\/\/ellotv.com.br\/site\/#organization"},"potentialAction":[{"@type":"SearchAction","target":{"@type":"EntryPoint","urlTemplate":"https:\/\/ellotv.com.br\/site\/?s={search_term_string}"},"query-input":{"@type":"PropertyValueSpecification","valueRequired":true,"valueName":"search_term_string"}}],"inLanguage":"pt-BR"},{"@type":"Organization","@id":"https:\/\/ellotv.com.br\/site\/#organization","name":"ELLO TV","url":"https:\/\/ellotv.com.br\/site\/","logo":{"@type":"ImageObject","inLanguage":"pt-BR","@id":"https:\/\/ellotv.com.br\/site\/#\/schema\/logo\/image\/","url":"https:\/\/ellotv.com.br\/site\/wp-content\/uploads\/2025\/11\/ello-logo-2.fw_.png","contentUrl":"https:\/\/ellotv.com.br\/site\/wp-content\/uploads\/2025\/11\/ello-logo-2.fw_.png","width":400,"height":146,"caption":"ELLO TV"},"image":{"@id":"https:\/\/ellotv.com.br\/site\/#\/schema\/logo\/image\/"}},{"@type":"Person","@id":"https:\/\/ellotv.com.br\/site\/#\/schema\/person\/2dbe3abaee38dcc7332fc8205cd2b15d","name":"ELLO TV","image":{"@type":"ImageObject","inLanguage":"pt-BR","@id":"https:\/\/secure.gravatar.com\/avatar\/c38242b9da8ec217ac3f0aaee31a54f7d7befb11b2b47fdbc8fb0fad60afa1c6?s=96&d=mm&r=g","url":"https:\/\/secure.gravatar.com\/avatar\/c38242b9da8ec217ac3f0aaee31a54f7d7befb11b2b47fdbc8fb0fad60afa1c6?s=96&d=mm&r=g","contentUrl":"https:\/\/secure.gravatar.com\/avatar\/c38242b9da8ec217ac3f0aaee31a54f7d7befb11b2b47fdbc8fb0fad60afa1c6?s=96&d=mm&r=g","caption":"ELLO TV"},"url":"https:\/\/ellotv.com.br\/site\/author\/elloagencia\/"}]}},"featured_image_urls":{"full":["https:\/\/ellotv.com.br\/site\/wp-content\/uploads\/2026\/07\/WhatsApp-Image-2026-07-24-at-20.58.58.jpeg",900,1600,false],"thumbnail":["https:\/\/ellotv.com.br\/site\/wp-content\/uploads\/2026\/07\/WhatsApp-Image-2026-07-24-at-20.58.58-150x150.jpeg",150,150,true],"medium":["https:\/\/ellotv.com.br\/site\/wp-content\/uploads\/2026\/07\/WhatsApp-Image-2026-07-24-at-20.58.58-169x300.jpeg",169,300,true],"medium_large":["https:\/\/ellotv.com.br\/site\/wp-content\/uploads\/2026\/07\/WhatsApp-Image-2026-07-24-at-20.58.58-768x1365.jpeg",640,1138,true],"large":["https:\/\/ellotv.com.br\/site\/wp-content\/uploads\/2026\/07\/WhatsApp-Image-2026-07-24-at-20.58.58-576x1024.jpeg",576,1024,true],"1536x1536":["https:\/\/ellotv.com.br\/site\/wp-content\/uploads\/2026\/07\/WhatsApp-Image-2026-07-24-at-20.58.58-864x1536.jpeg",864,1536,true],"2048x2048":["https:\/\/ellotv.com.br\/site\/wp-content\/uploads\/2026\/07\/WhatsApp-Image-2026-07-24-at-20.58.58.jpeg",900,1600,false],"darknews-slider-full":["https:\/\/ellotv.com.br\/site\/wp-content\/uploads\/2026\/07\/WhatsApp-Image-2026-07-24-at-20.58.58-900x720.jpeg",900,720,true],"darknews-featured":["https:\/\/ellotv.com.br\/site\/wp-content\/uploads\/2026\/07\/WhatsApp-Image-2026-07-24-at-20.58.58.jpeg",900,1600,false],"darknews-medium":["https:\/\/ellotv.com.br\/site\/wp-content\/uploads\/2026\/07\/WhatsApp-Image-2026-07-24-at-20.58.58-720x530.jpeg",720,530,true],"darknews-medium-square":["https:\/\/ellotv.com.br\/site\/wp-content\/uploads\/2026\/07\/WhatsApp-Image-2026-07-24-at-20.58.58-350x350.jpeg",350,350,true]},"author_info":{"info":["ELLO TV"]},"category_info":"<a href=\"https:\/\/ellotv.com.br\/site\/category\/ello\/\" rel=\"category tag\">Ello<\/a>","tag_info":"Ello","comment_count":"0","_links":{"self":[{"href":"https:\/\/ellotv.com.br\/site\/wp-json\/wp\/v2\/posts\/6619","targetHints":{"allow":["GET"]}}],"collection":[{"href":"https:\/\/ellotv.com.br\/site\/wp-json\/wp\/v2\/posts"}],"about":[{"href":"https:\/\/ellotv.com.br\/site\/wp-json\/wp\/v2\/types\/post"}],"author":[{"embeddable":true,"href":"https:\/\/ellotv.com.br\/site\/wp-json\/wp\/v2\/users\/2"}],"replies":[{"embeddable":true,"href":"https:\/\/ellotv.com.br\/site\/wp-json\/wp\/v2\/comments?post=6619"}],"version-history":[{"count":1,"href":"https:\/\/ellotv.com.br\/site\/wp-json\/wp\/v2\/posts\/6619\/revisions"}],"predecessor-version":[{"id":6621,"href":"https:\/\/ellotv.com.br\/site\/wp-json\/wp\/v2\/posts\/6619\/revisions\/6621"}],"wp:featuredmedia":[{"embeddable":true,"href":"https:\/\/ellotv.com.br\/site\/wp-json\/wp\/v2\/media\/6620"}],"wp:attachment":[{"href":"https:\/\/ellotv.com.br\/site\/wp-json\/wp\/v2\/media?parent=6619"}],"wp:term":[{"taxonomy":"category","embeddable":true,"href":"https:\/\/ellotv.com.br\/site\/wp-json\/wp\/v2\/categories?post=6619"},{"taxonomy":"post_tag","embeddable":true,"href":"https:\/\/ellotv.com.br\/site\/wp-json\/wp\/v2\/tags?post=6619"}],"curies":[{"name":"wp","href":"https:\/\/api.w.org\/{rel}","templated":true}]}}