{"id":6630,"date":"2026-07-29T09:18:26","date_gmt":"2026-07-29T12:18:26","guid":{"rendered":"https:\/\/ellotv.com.br\/site\/?p=6630"},"modified":"2026-07-29T09:18:26","modified_gmt":"2026-07-29T12:18:26","slug":"lula-lidera-cenario-presidencial-em-pernambuco-com-55-aponta-quaest","status":"publish","type":"post","link":"https:\/\/ellotv.com.br\/site\/2026\/07\/29\/lula-lidera-cenario-presidencial-em-pernambuco-com-55-aponta-quaest\/","title":{"rendered":"Lula lidera cen\u00e1rio presidencial em Pernambuco com 55%, aponta Quaest"},"content":{"rendered":"<p>A pesquisa Genial\/Quaest divulgada nesta ter\u00e7a-feira (28) indica que o presidente Luiz In\u00e1cio Lula da Silva mant\u00e9m ampla vantagem na corrida pela reelei\u00e7\u00e3o em Pernambuco.<\/p>\n<p><strong>Cen\u00e1rio eleitoral<\/strong><\/p>\n<p>No levantamento estimulado para a Presid\u00eancia da Rep\u00fablica, Lula aparece com 55% das inten\u00e7\u00f5es de voto entre os eleitores pernambucanos.<\/p>\n<p><strong>For\u00e7a regional<\/strong><\/p>\n<p>Os n\u00fameros refor\u00e7am a presen\u00e7a consolidada do presidente no estado, considerado um de seus principais redutos eleitorais.<\/p>\n<p><strong>Aprova\u00e7\u00e3o em alta<\/strong><\/p>\n<p>Al\u00e9m da inten\u00e7\u00e3o de voto, o levantamento tamb\u00e9m aponta \u00edndices elevados de aprova\u00e7\u00e3o do governo entre os entrevistados.<\/p>\n<p><strong>Dados da pesquisa<\/strong><\/p>\n<p>O estudo foi realizado entre os dias 22 e 26 de julho, com 900 eleitores. A margem de erro \u00e9 de tr\u00eas pontos percentuais, para mais ou para menos, com n\u00edvel de confian\u00e7a de 95%.<\/p>\n<p><strong>Cen\u00e1rio em an\u00e1lise<\/strong><\/p>\n<p>Os dados contribuem para a compreens\u00e3o do atual momento pol\u00edtico no estado e o comportamento do eleitorado pernambucano.<\/p>\n<p><strong>Panorama pol\u00edtico<\/strong><\/p>\n<p>A pesquisa refor\u00e7a tend\u00eancias e amplia o debate sobre o cen\u00e1rio eleitoral rumo \u00e0s pr\u00f3ximas elei\u00e7\u00f5es.<\/p>\n","protected":false},"excerpt":{"rendered":"<p>A pesquisa Genial\/Quaest divulgada nesta ter\u00e7a-feira (28) indica que o presidente Luiz In\u00e1cio Lula da Silva mant\u00e9m ampla<\/p>\n","protected":false},"author":2,"featured_media":6631,"comment_status":"open","ping_status":"open","sticky":false,"template":"","format":"standard","meta":{"footnotes":""},"categories":[8,12],"tags":[],"class_list":["post-6630","post","type-post","status-publish","format-standard","has-post-thumbnail","hentry","category-brasil","category-noticias"],"yoast_head":"<!-- This site is optimized with the Yoast SEO plugin v28.3 - https:\/\/yoast.com\/product\/yoast-seo-wordpress\/ -->\n<title>Lula lidera cen\u00e1rio presidencial em Pernambuco com 55%, aponta Quaest - Ello TV<\/title>\n<meta name=\"description\" content=\"Pesquisa Genial\/Quaest mostra Lula com 55% das inten\u00e7\u00f5es de voto em Pernambuco e vantagem na disputa presidencial.\" \/>\n<meta name=\"robots\" content=\"index, follow, max-snippet:-1, max-image-preview:large, max-video-preview:-1\" \/>\n<link rel=\"canonical\" href=\"https:\/\/ellotv.com.br\/site\/2026\/07\/29\/lula-lidera-cenario-presidencial-em-pernambuco-com-55-aponta-quaest\/\" \/>\n<meta property=\"og:locale\" content=\"pt_BR\" \/>\n<meta property=\"og:type\" content=\"article\" \/>\n<meta property=\"og:title\" content=\"Lula lidera cen\u00e1rio presidencial em Pernambuco com 55%, aponta Quaest - Ello TV\" \/>\n<meta property=\"og:description\" content=\"Pesquisa Genial\/Quaest mostra Lula com 55% das inten\u00e7\u00f5es de voto em Pernambuco e vantagem na disputa presidencial.\" \/>\n<meta property=\"og:url\" content=\"https:\/\/ellotv.com.br\/site\/2026\/07\/29\/lula-lidera-cenario-presidencial-em-pernambuco-com-55-aponta-quaest\/\" \/>\n<meta property=\"og:site_name\" content=\"Ello TV\" \/>\n<meta property=\"article:published_time\" content=\"2026-07-29T12:18:26+00:00\" \/>\n<meta property=\"og:image\" content=\"https:\/\/ellotv.com.br\/site\/wp-content\/uploads\/2026\/07\/WhatsApp-Image-2026-07-28-at-16.23.38.jpeg\" \/>\n\t<meta property=\"og:image:width\" content=\"538\" \/>\n\t<meta property=\"og:image:height\" content=\"611\" \/>\n\t<meta property=\"og:image:type\" content=\"image\/jpeg\" \/>\n<meta name=\"author\" content=\"ELLO TV\" \/>\n<meta name=\"twitter:card\" content=\"summary_large_image\" \/>\n<meta name=\"twitter:label1\" content=\"Escrito por\" \/>\n\t<meta name=\"twitter:data1\" content=\"ELLO TV\" \/>\n\t<meta name=\"twitter:label2\" content=\"Est. tempo de leitura\" \/>\n\t<meta name=\"twitter:data2\" content=\"1 minuto\" \/>\n<script type=\"application\/ld+json\" class=\"yoast-schema-graph\">{\"@context\":\"https:\\\/\\\/schema.org\",\"@graph\":[{\"@type\":\"Article\",\"@id\":\"https:\\\/\\\/ellotv.com.br\\\/site\\\/2026\\\/07\\\/29\\\/lula-lidera-cenario-presidencial-em-pernambuco-com-55-aponta-quaest\\\/#article\",\"isPartOf\":{\"@id\":\"https:\\\/\\\/ellotv.com.br\\\/site\\\/2026\\\/07\\\/29\\\/lula-lidera-cenario-presidencial-em-pernambuco-com-55-aponta-quaest\\\/\"},\"author\":{\"name\":\"ELLO TV\",\"@id\":\"https:\\\/\\\/ellotv.com.br\\\/site\\\/#\\\/schema\\\/person\\\/2dbe3abaee38dcc7332fc8205cd2b15d\"},\"headline\":\"Lula lidera cen\u00e1rio presidencial em Pernambuco com 55%, aponta Quaest\",\"datePublished\":\"2026-07-29T12:18:26+00:00\",\"mainEntityOfPage\":{\"@id\":\"https:\\\/\\\/ellotv.com.br\\\/site\\\/2026\\\/07\\\/29\\\/lula-lidera-cenario-presidencial-em-pernambuco-com-55-aponta-quaest\\\/\"},\"wordCount\":198,\"commentCount\":0,\"publisher\":{\"@id\":\"https:\\\/\\\/ellotv.com.br\\\/site\\\/#organization\"},\"image\":{\"@id\":\"https:\\\/\\\/ellotv.com.br\\\/site\\\/2026\\\/07\\\/29\\\/lula-lidera-cenario-presidencial-em-pernambuco-com-55-aponta-quaest\\\/#primaryimage\"},\"thumbnailUrl\":\"https:\\\/\\\/ellotv.com.br\\\/site\\\/wp-content\\\/uploads\\\/2026\\\/07\\\/WhatsApp-Image-2026-07-28-at-16.23.38.jpeg\",\"articleSection\":[\"Brasil\",\"Noticias\"],\"inLanguage\":\"pt-BR\",\"potentialAction\":[{\"@type\":\"CommentAction\",\"name\":\"Comment\",\"target\":[\"https:\\\/\\\/ellotv.com.br\\\/site\\\/2026\\\/07\\\/29\\\/lula-lidera-cenario-presidencial-em-pernambuco-com-55-aponta-quaest\\\/#respond\"]}]},{\"@type\":\"WebPage\",\"@id\":\"https:\\\/\\\/ellotv.com.br\\\/site\\\/2026\\\/07\\\/29\\\/lula-lidera-cenario-presidencial-em-pernambuco-com-55-aponta-quaest\\\/\",\"url\":\"https:\\\/\\\/ellotv.com.br\\\/site\\\/2026\\\/07\\\/29\\\/lula-lidera-cenario-presidencial-em-pernambuco-com-55-aponta-quaest\\\/\",\"name\":\"Lula lidera cen\u00e1rio presidencial em Pernambuco com 55%, aponta Quaest - Ello TV\",\"isPartOf\":{\"@id\":\"https:\\\/\\\/ellotv.com.br\\\/site\\\/#website\"},\"primaryImageOfPage\":{\"@id\":\"https:\\\/\\\/ellotv.com.br\\\/site\\\/2026\\\/07\\\/29\\\/lula-lidera-cenario-presidencial-em-pernambuco-com-55-aponta-quaest\\\/#primaryimage\"},\"image\":{\"@id\":\"https:\\\/\\\/ellotv.com.br\\\/site\\\/2026\\\/07\\\/29\\\/lula-lidera-cenario-presidencial-em-pernambuco-com-55-aponta-quaest\\\/#primaryimage\"},\"thumbnailUrl\":\"https:\\\/\\\/ellotv.com.br\\\/site\\\/wp-content\\\/uploads\\\/2026\\\/07\\\/WhatsApp-Image-2026-07-28-at-16.23.38.jpeg\",\"datePublished\":\"2026-07-29T12:18:26+00:00\",\"description\":\"Pesquisa Genial\\\/Quaest mostra Lula com 55% das inten\u00e7\u00f5es de voto em Pernambuco e vantagem na disputa presidencial.\",\"breadcrumb\":{\"@id\":\"https:\\\/\\\/ellotv.com.br\\\/site\\\/2026\\\/07\\\/29\\\/lula-lidera-cenario-presidencial-em-pernambuco-com-55-aponta-quaest\\\/#breadcrumb\"},\"inLanguage\":\"pt-BR\",\"potentialAction\":[{\"@type\":\"ReadAction\",\"target\":[\"https:\\\/\\\/ellotv.com.br\\\/site\\\/2026\\\/07\\\/29\\\/lula-lidera-cenario-presidencial-em-pernambuco-com-55-aponta-quaest\\\/\"]}]},{\"@type\":\"ImageObject\",\"inLanguage\":\"pt-BR\",\"@id\":\"https:\\\/\\\/ellotv.com.br\\\/site\\\/2026\\\/07\\\/29\\\/lula-lidera-cenario-presidencial-em-pernambuco-com-55-aponta-quaest\\\/#primaryimage\",\"url\":\"https:\\\/\\\/ellotv.com.br\\\/site\\\/wp-content\\\/uploads\\\/2026\\\/07\\\/WhatsApp-Image-2026-07-28-at-16.23.38.jpeg\",\"contentUrl\":\"https:\\\/\\\/ellotv.com.br\\\/site\\\/wp-content\\\/uploads\\\/2026\\\/07\\\/WhatsApp-Image-2026-07-28-at-16.23.38.jpeg\",\"width\":538,\"height\":611},{\"@type\":\"BreadcrumbList\",\"@id\":\"https:\\\/\\\/ellotv.com.br\\\/site\\\/2026\\\/07\\\/29\\\/lula-lidera-cenario-presidencial-em-pernambuco-com-55-aponta-quaest\\\/#breadcrumb\",\"itemListElement\":[{\"@type\":\"ListItem\",\"position\":1,\"name\":\"In\u00edcio\",\"item\":\"https:\\\/\\\/ellotv.com.br\\\/site\\\/\"},{\"@type\":\"ListItem\",\"position\":2,\"name\":\"Lula lidera cen\u00e1rio presidencial em Pernambuco com 55%, aponta Quaest\"}]},{\"@type\":\"WebSite\",\"@id\":\"https:\\\/\\\/ellotv.com.br\\\/site\\\/#website\",\"url\":\"https:\\\/\\\/ellotv.com.br\\\/site\\\/\",\"name\":\"ELLO TV\",\"description\":\"\",\"publisher\":{\"@id\":\"https:\\\/\\\/ellotv.com.br\\\/site\\\/#organization\"},\"potentialAction\":[{\"@type\":\"SearchAction\",\"target\":{\"@type\":\"EntryPoint\",\"urlTemplate\":\"https:\\\/\\\/ellotv.com.br\\\/site\\\/?s={search_term_string}\"},\"query-input\":{\"@type\":\"PropertyValueSpecification\",\"valueRequired\":true,\"valueName\":\"search_term_string\"}}],\"inLanguage\":\"pt-BR\"},{\"@type\":\"Organization\",\"@id\":\"https:\\\/\\\/ellotv.com.br\\\/site\\\/#organization\",\"name\":\"ELLO TV\",\"url\":\"https:\\\/\\\/ellotv.com.br\\\/site\\\/\",\"logo\":{\"@type\":\"ImageObject\",\"inLanguage\":\"pt-BR\",\"@id\":\"https:\\\/\\\/ellotv.com.br\\\/site\\\/#\\\/schema\\\/logo\\\/image\\\/\",\"url\":\"https:\\\/\\\/ellotv.com.br\\\/site\\\/wp-content\\\/uploads\\\/2025\\\/11\\\/ello-logo-2.fw_.png\",\"contentUrl\":\"https:\\\/\\\/ellotv.com.br\\\/site\\\/wp-content\\\/uploads\\\/2025\\\/11\\\/ello-logo-2.fw_.png\",\"width\":400,\"height\":146,\"caption\":\"ELLO TV\"},\"image\":{\"@id\":\"https:\\\/\\\/ellotv.com.br\\\/site\\\/#\\\/schema\\\/logo\\\/image\\\/\"}},{\"@type\":\"Person\",\"@id\":\"https:\\\/\\\/ellotv.com.br\\\/site\\\/#\\\/schema\\\/person\\\/2dbe3abaee38dcc7332fc8205cd2b15d\",\"name\":\"ELLO TV\",\"image\":{\"@type\":\"ImageObject\",\"inLanguage\":\"pt-BR\",\"@id\":\"https:\\\/\\\/secure.gravatar.com\\\/avatar\\\/c38242b9da8ec217ac3f0aaee31a54f7d7befb11b2b47fdbc8fb0fad60afa1c6?s=96&d=mm&r=g\",\"url\":\"https:\\\/\\\/secure.gravatar.com\\\/avatar\\\/c38242b9da8ec217ac3f0aaee31a54f7d7befb11b2b47fdbc8fb0fad60afa1c6?s=96&d=mm&r=g\",\"contentUrl\":\"https:\\\/\\\/secure.gravatar.com\\\/avatar\\\/c38242b9da8ec217ac3f0aaee31a54f7d7befb11b2b47fdbc8fb0fad60afa1c6?s=96&d=mm&r=g\",\"caption\":\"ELLO TV\"},\"url\":\"https:\\\/\\\/ellotv.com.br\\\/site\\\/author\\\/elloagencia\\\/\"}]}<\/script>\n<!-- \/ Yoast SEO plugin. -->","yoast_head_json":{"title":"Lula lidera cen\u00e1rio presidencial em Pernambuco com 55%, aponta Quaest - Ello TV","description":"Pesquisa Genial\/Quaest mostra Lula com 55% das inten\u00e7\u00f5es de voto em Pernambuco e vantagem na disputa presidencial.","robots":{"index":"index","follow":"follow","max-snippet":"max-snippet:-1","max-image-preview":"max-image-preview:large","max-video-preview":"max-video-preview:-1"},"canonical":"https:\/\/ellotv.com.br\/site\/2026\/07\/29\/lula-lidera-cenario-presidencial-em-pernambuco-com-55-aponta-quaest\/","og_locale":"pt_BR","og_type":"article","og_title":"Lula lidera cen\u00e1rio presidencial em Pernambuco com 55%, aponta Quaest - Ello TV","og_description":"Pesquisa Genial\/Quaest mostra Lula com 55% das inten\u00e7\u00f5es de voto em Pernambuco e vantagem na disputa presidencial.","og_url":"https:\/\/ellotv.com.br\/site\/2026\/07\/29\/lula-lidera-cenario-presidencial-em-pernambuco-com-55-aponta-quaest\/","og_site_name":"Ello TV","article_published_time":"2026-07-29T12:18:26+00:00","og_image":[{"width":538,"height":611,"url":"https:\/\/ellotv.com.br\/site\/wp-content\/uploads\/2026\/07\/WhatsApp-Image-2026-07-28-at-16.23.38.jpeg","type":"image\/jpeg"}],"author":"ELLO TV","twitter_card":"summary_large_image","twitter_misc":{"Escrito por":"ELLO TV","Est. tempo de leitura":"1 minuto"},"schema":{"@context":"https:\/\/schema.org","@graph":[{"@type":"Article","@id":"https:\/\/ellotv.com.br\/site\/2026\/07\/29\/lula-lidera-cenario-presidencial-em-pernambuco-com-55-aponta-quaest\/#article","isPartOf":{"@id":"https:\/\/ellotv.com.br\/site\/2026\/07\/29\/lula-lidera-cenario-presidencial-em-pernambuco-com-55-aponta-quaest\/"},"author":{"name":"ELLO TV","@id":"https:\/\/ellotv.com.br\/site\/#\/schema\/person\/2dbe3abaee38dcc7332fc8205cd2b15d"},"headline":"Lula lidera cen\u00e1rio presidencial em Pernambuco com 55%, aponta Quaest","datePublished":"2026-07-29T12:18:26+00:00","mainEntityOfPage":{"@id":"https:\/\/ellotv.com.br\/site\/2026\/07\/29\/lula-lidera-cenario-presidencial-em-pernambuco-com-55-aponta-quaest\/"},"wordCount":198,"commentCount":0,"publisher":{"@id":"https:\/\/ellotv.com.br\/site\/#organization"},"image":{"@id":"https:\/\/ellotv.com.br\/site\/2026\/07\/29\/lula-lidera-cenario-presidencial-em-pernambuco-com-55-aponta-quaest\/#primaryimage"},"thumbnailUrl":"https:\/\/ellotv.com.br\/site\/wp-content\/uploads\/2026\/07\/WhatsApp-Image-2026-07-28-at-16.23.38.jpeg","articleSection":["Brasil","Noticias"],"inLanguage":"pt-BR","potentialAction":[{"@type":"CommentAction","name":"Comment","target":["https:\/\/ellotv.com.br\/site\/2026\/07\/29\/lula-lidera-cenario-presidencial-em-pernambuco-com-55-aponta-quaest\/#respond"]}]},{"@type":"WebPage","@id":"https:\/\/ellotv.com.br\/site\/2026\/07\/29\/lula-lidera-cenario-presidencial-em-pernambuco-com-55-aponta-quaest\/","url":"https:\/\/ellotv.com.br\/site\/2026\/07\/29\/lula-lidera-cenario-presidencial-em-pernambuco-com-55-aponta-quaest\/","name":"Lula lidera cen\u00e1rio presidencial em Pernambuco com 55%, aponta Quaest - Ello TV","isPartOf":{"@id":"https:\/\/ellotv.com.br\/site\/#website"},"primaryImageOfPage":{"@id":"https:\/\/ellotv.com.br\/site\/2026\/07\/29\/lula-lidera-cenario-presidencial-em-pernambuco-com-55-aponta-quaest\/#primaryimage"},"image":{"@id":"https:\/\/ellotv.com.br\/site\/2026\/07\/29\/lula-lidera-cenario-presidencial-em-pernambuco-com-55-aponta-quaest\/#primaryimage"},"thumbnailUrl":"https:\/\/ellotv.com.br\/site\/wp-content\/uploads\/2026\/07\/WhatsApp-Image-2026-07-28-at-16.23.38.jpeg","datePublished":"2026-07-29T12:18:26+00:00","description":"Pesquisa Genial\/Quaest mostra Lula com 55% das inten\u00e7\u00f5es de voto em Pernambuco e vantagem na disputa presidencial.","breadcrumb":{"@id":"https:\/\/ellotv.com.br\/site\/2026\/07\/29\/lula-lidera-cenario-presidencial-em-pernambuco-com-55-aponta-quaest\/#breadcrumb"},"inLanguage":"pt-BR","potentialAction":[{"@type":"ReadAction","target":["https:\/\/ellotv.com.br\/site\/2026\/07\/29\/lula-lidera-cenario-presidencial-em-pernambuco-com-55-aponta-quaest\/"]}]},{"@type":"ImageObject","inLanguage":"pt-BR","@id":"https:\/\/ellotv.com.br\/site\/2026\/07\/29\/lula-lidera-cenario-presidencial-em-pernambuco-com-55-aponta-quaest\/#primaryimage","url":"https:\/\/ellotv.com.br\/site\/wp-content\/uploads\/2026\/07\/WhatsApp-Image-2026-07-28-at-16.23.38.jpeg","contentUrl":"https:\/\/ellotv.com.br\/site\/wp-content\/uploads\/2026\/07\/WhatsApp-Image-2026-07-28-at-16.23.38.jpeg","width":538,"height":611},{"@type":"BreadcrumbList","@id":"https:\/\/ellotv.com.br\/site\/2026\/07\/29\/lula-lidera-cenario-presidencial-em-pernambuco-com-55-aponta-quaest\/#breadcrumb","itemListElement":[{"@type":"ListItem","position":1,"name":"In\u00edcio","item":"https:\/\/ellotv.com.br\/site\/"},{"@type":"ListItem","position":2,"name":"Lula lidera cen\u00e1rio presidencial em Pernambuco com 55%, aponta Quaest"}]},{"@type":"WebSite","@id":"https:\/\/ellotv.com.br\/site\/#website","url":"https:\/\/ellotv.com.br\/site\/","name":"ELLO TV","description":"","publisher":{"@id":"https:\/\/ellotv.com.br\/site\/#organization"},"potentialAction":[{"@type":"SearchAction","target":{"@type":"EntryPoint","urlTemplate":"https:\/\/ellotv.com.br\/site\/?s={search_term_string}"},"query-input":{"@type":"PropertyValueSpecification","valueRequired":true,"valueName":"search_term_string"}}],"inLanguage":"pt-BR"},{"@type":"Organization","@id":"https:\/\/ellotv.com.br\/site\/#organization","name":"ELLO TV","url":"https:\/\/ellotv.com.br\/site\/","logo":{"@type":"ImageObject","inLanguage":"pt-BR","@id":"https:\/\/ellotv.com.br\/site\/#\/schema\/logo\/image\/","url":"https:\/\/ellotv.com.br\/site\/wp-content\/uploads\/2025\/11\/ello-logo-2.fw_.png","contentUrl":"https:\/\/ellotv.com.br\/site\/wp-content\/uploads\/2025\/11\/ello-logo-2.fw_.png","width":400,"height":146,"caption":"ELLO TV"},"image":{"@id":"https:\/\/ellotv.com.br\/site\/#\/schema\/logo\/image\/"}},{"@type":"Person","@id":"https:\/\/ellotv.com.br\/site\/#\/schema\/person\/2dbe3abaee38dcc7332fc8205cd2b15d","name":"ELLO TV","image":{"@type":"ImageObject","inLanguage":"pt-BR","@id":"https:\/\/secure.gravatar.com\/avatar\/c38242b9da8ec217ac3f0aaee31a54f7d7befb11b2b47fdbc8fb0fad60afa1c6?s=96&d=mm&r=g","url":"https:\/\/secure.gravatar.com\/avatar\/c38242b9da8ec217ac3f0aaee31a54f7d7befb11b2b47fdbc8fb0fad60afa1c6?s=96&d=mm&r=g","contentUrl":"https:\/\/secure.gravatar.com\/avatar\/c38242b9da8ec217ac3f0aaee31a54f7d7befb11b2b47fdbc8fb0fad60afa1c6?s=96&d=mm&r=g","caption":"ELLO TV"},"url":"https:\/\/ellotv.com.br\/site\/author\/elloagencia\/"}]}},"featured_image_urls":{"full":["https:\/\/ellotv.com.br\/site\/wp-content\/uploads\/2026\/07\/WhatsApp-Image-2026-07-28-at-16.23.38.jpeg",538,611,false],"thumbnail":["https:\/\/ellotv.com.br\/site\/wp-content\/uploads\/2026\/07\/WhatsApp-Image-2026-07-28-at-16.23.38-150x150.jpeg",150,150,true],"medium":["https:\/\/ellotv.com.br\/site\/wp-content\/uploads\/2026\/07\/WhatsApp-Image-2026-07-28-at-16.23.38-264x300.jpeg",264,300,true],"medium_large":["https:\/\/ellotv.com.br\/site\/wp-content\/uploads\/2026\/07\/WhatsApp-Image-2026-07-28-at-16.23.38.jpeg",538,611,false],"large":["https:\/\/ellotv.com.br\/site\/wp-content\/uploads\/2026\/07\/WhatsApp-Image-2026-07-28-at-16.23.38.jpeg",538,611,false],"1536x1536":["https:\/\/ellotv.com.br\/site\/wp-content\/uploads\/2026\/07\/WhatsApp-Image-2026-07-28-at-16.23.38.jpeg",538,611,false],"2048x2048":["https:\/\/ellotv.com.br\/site\/wp-content\/uploads\/2026\/07\/WhatsApp-Image-2026-07-28-at-16.23.38.jpeg",538,611,false],"darknews-slider-full":["https:\/\/ellotv.com.br\/site\/wp-content\/uploads\/2026\/07\/WhatsApp-Image-2026-07-28-at-16.23.38.jpeg",538,611,false],"darknews-featured":["https:\/\/ellotv.com.br\/site\/wp-content\/uploads\/2026\/07\/WhatsApp-Image-2026-07-28-at-16.23.38.jpeg",538,611,false],"darknews-medium":["https:\/\/ellotv.com.br\/site\/wp-content\/uploads\/2026\/07\/WhatsApp-Image-2026-07-28-at-16.23.38-538x530.jpeg",538,530,true],"darknews-medium-square":["https:\/\/ellotv.com.br\/site\/wp-content\/uploads\/2026\/07\/WhatsApp-Image-2026-07-28-at-16.23.38-350x350.jpeg",350,350,true]},"author_info":{"info":["ELLO TV"]},"category_info":"<a href=\"https:\/\/ellotv.com.br\/site\/category\/brasil\/\" rel=\"category tag\">Brasil<\/a> <a href=\"https:\/\/ellotv.com.br\/site\/category\/noticias\/\" rel=\"category tag\">Noticias<\/a>","tag_info":"Noticias","comment_count":"0","_links":{"self":[{"href":"https:\/\/ellotv.com.br\/site\/wp-json\/wp\/v2\/posts\/6630","targetHints":{"allow":["GET"]}}],"collection":[{"href":"https:\/\/ellotv.com.br\/site\/wp-json\/wp\/v2\/posts"}],"about":[{"href":"https:\/\/ellotv.com.br\/site\/wp-json\/wp\/v2\/types\/post"}],"author":[{"embeddable":true,"href":"https:\/\/ellotv.com.br\/site\/wp-json\/wp\/v2\/users\/2"}],"replies":[{"embeddable":true,"href":"https:\/\/ellotv.com.br\/site\/wp-json\/wp\/v2\/comments?post=6630"}],"version-history":[{"count":1,"href":"https:\/\/ellotv.com.br\/site\/wp-json\/wp\/v2\/posts\/6630\/revisions"}],"predecessor-version":[{"id":6632,"href":"https:\/\/ellotv.com.br\/site\/wp-json\/wp\/v2\/posts\/6630\/revisions\/6632"}],"wp:featuredmedia":[{"embeddable":true,"href":"https:\/\/ellotv.com.br\/site\/wp-json\/wp\/v2\/media\/6631"}],"wp:attachment":[{"href":"https:\/\/ellotv.com.br\/site\/wp-json\/wp\/v2\/media?parent=6630"}],"wp:term":[{"taxonomy":"category","embeddable":true,"href":"https:\/\/ellotv.com.br\/site\/wp-json\/wp\/v2\/categories?post=6630"},{"taxonomy":"post_tag","embeddable":true,"href":"https:\/\/ellotv.com.br\/site\/wp-json\/wp\/v2\/tags?post=6630"}],"curies":[{"name":"wp","href":"https:\/\/api.w.org\/{rel}","templated":true}]}}